{"id":139274,"date":"2023-06-01T15:02:45","date_gmt":"2023-06-01T15:02:45","guid":{"rendered":"https:\/\/all-car-news.com\/toyota-yaris-hybrid-130-neue-variante-mit-mehr-leistung\/"},"modified":"2023-06-01T15:02:45","modified_gmt":"2023-06-01T15:02:45","slug":"toyota-yaris-hybrid-130-neue-variante-mit-mehr-leistung","status":"publish","type":"post","link":"https:\/\/all-car-news.com\/de\/toyota-yaris-hybrid-130-neue-variante-mit-mehr-leistung\/","title":{"rendered":"Toyota Yaris Hybrid 130: neue Variante mit mehr Leistung"},"content":{"rendered":"<p>Man k\u00f6nnte argumentieren, dass ein Auto nach vier Jahren Lebensdauer ein Facelifting verdient, aber Toyota ist offenbar mit dem Aussehen des Yaris zufrieden. In der Tat nehmen die Japaner keine gr\u00f6\u00dferen \u00e4u\u00dferen Ver\u00e4nderungen vor. Dennoch hat es sich Toyota nicht gerade leicht gemacht, denn neben dem Hybrid 130 verf\u00fcgt der aktualisierte Yaris \u00fcber ein digitales Kombiinstrument, einen neuen Infotainment-Bildschirm mit Toyota Smart Connect und verbesserte Fahrerassistenzsysteme. Wir f\u00fchren Sie Schritt f\u00fcr Schritt durch die verschiedenen Neuerungen.<\/p>\n<h2>Toyota Yaris Hybrid 130: Gleiches Rezept, mehr Leistung<\/h2>\n<p>Beginnen wir mit dem neuen Antriebsstrang: dem Hybrid 130. Diese neue Version wird neben dem bestehenden Hybridantrieb des Yaris mit der Bezeichnung <a href=\"https:\/\/autorai.nl\/autotest-toyota-yaris-2020-leuker-dan-voorheen\/\" target=\"_blank\" rel=\"noreferrer noopener\">Hybrid 115<\/a> angeboten. Der Hybrid 130 hat, Sie ahnen es schon, 130 PS. Damit ist er von der Leistung her ein halber <a href=\"https:\/\/autorai.nl\/update-voor-toyota-gr-yaris-nabij-meer-power\/\">GR Yaris<\/a>. Das Drehmoment stieg ebenfalls auf 185 Nm. Die h\u00f6here Leistung ist auf einen gr\u00f6\u00dferen und leistungsf\u00e4higeren Elektromotor-Generator und eine \u00fcberarbeitete Software der Power Control Unit (PCU) zur\u00fcckzuf\u00fchren. Mit der gesteigerten Leistung ist der Toyota Yaris Hybrid 130 viel schneller als zuvor. Der Sprint von 0-100 km\/h wird in 9,2 Sekunden erreicht, eine halbe Sekunde schneller als beim Hybrid 115. Auch der Zwischensprint von 80 auf 120 km\/h ist mit 7,5 Sekunden eine halbe Sekunde schneller.<\/p>\n<figure class=\"wp-block-image size-content\"><img decoding=\"async\" loading=\"lazy\" width=\"1140\" height=\"713\" src=\"https:\/\/autorai.nl\/wp-content\/uploads\/2023\/06\/MC24_YAR_GRS_02_PR-scaled-1-1140x713.jpg\" alt=\"\" class=\"wp-image-159952\"><\/figure>\n<h2>Verbesserte Fahrassistenzsysteme<\/h2>\n<p>Neben dem leistungsstarken Hybrid 130 profitieren auch die anderen Versionen der Yaris-Baureihe von den Innovationen. Deshalb hat Toyota sein Paket von Fahrerassistenzsystemen, Toyota T-Mate, genauer unter die Lupe genommen. So sorgen beispielsweise eine neue Kamera und ein Radar f\u00fcr eine verbesserte Funktion des Pre-Collision Systems. Die Unterst\u00fctzung bei der Kollisionsvermeidung an Kreuzungen hat dank der neuen Kamera und des Radars auch einen gr\u00f6\u00dferen Aktionsradius. Das System erkennt den herannahenden Verkehr \u00fcber zwei Fahrspuren hinweg und kann Radfahrer und von der Seite einfahrende Fahrzeuge an einer Kreuzung erkennen.<\/p>\n<h2>Multimedia: digitale Instrumentierung und intelligente Konnektivit\u00e4t<\/h2>\n<p>Mit der Modellpflege des Yaris schafft Toyota das teilweise analoge Kombiinstrument ab. Stattdessen verf\u00fcgt der Yaris jetzt \u00fcber ein vollst\u00e4ndig anpassbares digitales Kombiinstrument. Je nach Ausstattungsvariante hat es eine Gr\u00f6\u00dfe von 7 oder 12,3 Zoll. Auch der Multimedia-Bildschirm wurde vergr\u00f6\u00dfert: Der zentrale Touchscreen misst nun 9 oder 10,5 Zoll. Cloud-basierte Navigation ist Standard, wenn Sie sich f\u00fcr das 10,5-Zoll-Display entscheiden.  <\/p>\n<p>F\u00fcr den \u00fcberarbeiteten Yaris ist auch ein digitaler Schl\u00fcssel erh\u00e4ltlich. Es ist mit der MyT-App verkn\u00fcpft und erm\u00f6glicht bis zu f\u00fcnf Nutzern den Zugriff auf das Fahrzeug \u00fcber ihr Smartphone. Sie m\u00fcssen ihr Smartphone nicht mehr aus der Tasche nehmen, um das Auto zu ver- und entriegeln oder zu starten. Damit funktioniert der digitale Schl\u00fcssel auf die gleiche Weise wie Keyless Entry &amp; Start mit dem normalen Z\u00fcndschl\u00fcssel. Au\u00dferdem erweitert Toyota die Funktionalit\u00e4t der App f\u00fcr den Yaris. So k\u00f6nnen Sie beispielsweise das Auto aus der Ferne ver- und entriegeln, das Licht aktivieren und die Klimaanlage steuern.<\/p>\n<figure class=\"wp-block-image size-content\"><img decoding=\"async\" loading=\"lazy\" width=\"1140\" height=\"575\" src=\"https:\/\/autorai.nl\/wp-content\/uploads\/2023\/06\/MC24_YAR_GRS_03_PR-scaled-1-1140x575.jpg\" alt=\"\" class=\"wp-image-159953\"><\/figure>\n<h2>Yaris Premiere Edition: Sondermodell zur Einf\u00fchrung<\/h2>\n<p>Der \u00fcberarbeitete Yaris wird im Fr\u00fchjahr 2024 auf den Markt kommen. Er ist daher in einer neuen Spitzenversion erh\u00e4ltlich: der Premiere Edition. Diese Version ist an der zweifarbigen Lackierung in Neptunblau mit kontrastierendem schwarzen Dach und schwarzen Fensters\u00e4ulen zu erkennen. Das blaue Thema kehrt im Innenraum dank spezieller N\u00e4hte und Zierleisten wieder. Die neuen 17-Zoll-Felgen, schwarz poliert, vervollst\u00e4ndigen den Look. \u00dcbrigens: Toyota bietet die Premiere Edition auch in den Farben Platinum Pearl White oder Shimmering Silver Metallic an.<\/p>\n<p>Auch andere Versionen des Yaris profitieren von \u00e4u\u00dferen Ver\u00e4nderungen. Toyota hat die Palette um neue Leichtmetallr\u00e4der erweitert und die Sitzbez\u00fcge mit einem neuen Muster versehen. Nach dem Aygo X und dem Corolla wird die Farbe Juniper Blue Metallic nun auch f\u00fcr den Yaris erh\u00e4ltlich sein.<\/p>\n<div class=\"galery shuffle galery-0\">\n<figure>\n\t\t\t\t\t<span style=\"cursor: pointer\" data-src=\"https:\/\/autorai.nl\/wp-content\/uploads\/2023\/06\/MC24_YAR_PREM_01_PR-scaled-1-1600x1200.jpg\" data-fancybox=\"galery-0\" title=\"\"><br \/>\n\t\t\t\t\t\t\t<img decoding=\"async\" width=\"640\" height=\"480\" src=\"https:\/\/autorai.nl\/wp-content\/uploads\/2023\/06\/MC24_YAR_PREM_01_PR-scaled-1-640x480.jpg\" class=\"attachment-medium size-medium\" alt=\"\" loading=\"lazy\"><i class=\"fa fa-search-plus\" aria-hidden=\"true\"><\/i><br \/>\n\t\t\t\t\t\t<\/span><br \/>\n\t\t\t\t\t<\/figure>\n<figure>\n\t\t\t\t\t<span style=\"cursor: pointer\" data-src=\"https:\/\/autorai.nl\/wp-content\/uploads\/2023\/06\/MC24_YAR_PREM_03_PR-scaled-1-1600x1200.jpg\" data-fancybox=\"galery-0\" title=\"\"><br \/>\n\t\t\t\t\t\t\t<img decoding=\"async\" width=\"360\" height=\"270\" src=\"https:\/\/autorai.nl\/wp-content\/uploads\/2023\/06\/MC24_YAR_PREM_03_PR-scaled-1-360x270.jpg\" class=\"attachment-small size-small\" alt=\"\" loading=\"lazy\"><i class=\"fa fa-search-plus\" aria-hidden=\"true\"><\/i><br \/>\n\t\t\t\t\t\t<\/span><br \/>\n\t\t\t\t\t<\/figure>\n<figure>\n\t\t\t\t\t<span style=\"cursor: pointer\" data-src=\"https:\/\/autorai.nl\/wp-content\/uploads\/2023\/06\/MC24_YAR_GRS_03_PR-scaled-1-1600x808.jpg\" data-fancybox=\"galery-0\" title=\"\"><br \/>\n\t\t\t\t\t\t\t<img decoding=\"async\" width=\"360\" height=\"270\" src=\"https:\/\/autorai.nl\/wp-content\/uploads\/2023\/06\/MC24_YAR_GRS_03_PR-scaled-1-360x270.jpg\" class=\"attachment-small size-small\" alt=\"\" loading=\"lazy\"><i class=\"fa fa-search-plus\" aria-hidden=\"true\"><\/i><br \/>\n\t\t\t\t\t\t<\/span><br \/>\n\t\t\t\t\t<\/figure>\n<div class=\"clear\"><\/div>\n<\/div>\n","protected":false},"excerpt":{"rendered":"Man k\u00f6nnte argumentieren, dass ein Auto nach vier Jahren Lebensdauer ein Facelifting verdient, aber Toyota ist offenbar mit dem Aussehen&hellip;","protected":false},"author":0,"featured_media":136171,"comment_status":"","ping_status":"open","sticky":false,"template":"","format":"standard","meta":{"footnotes":""},"categories":[125],"tags":[],"class_list":["post-139274","post","type-post","status-publish","format-standard","has-post-thumbnail","hentry","category-auto-nachrichten"],"acf":[],"yoast_head":"<!-- This site is optimized with the Yoast SEO plugin v21.2 - https:\/\/yoast.com\/wordpress\/plugins\/seo\/ -->\n<title>Toyota Yaris Hybrid 130: neue Variante mit mehr Leistung - All cars news<\/title>\n<meta name=\"robots\" content=\"index, follow, max-snippet:-1, max-image-preview:large, max-video-preview:-1\" \/>\n<link rel=\"canonical\" href=\"https:\/\/all-car-news.com\/de\/toyota-yaris-hybrid-130-neue-variante-mit-mehr-leistung\/\" \/>\n<meta property=\"og:locale\" content=\"de_DE\" \/>\n<meta property=\"og:type\" content=\"article\" \/>\n<meta property=\"og:title\" content=\"Toyota Yaris Hybrid 130: neue Variante mit mehr Leistung - All cars news\" \/>\n<meta property=\"og:description\" content=\"Man k\u00f6nnte argumentieren, dass ein Auto nach vier Jahren Lebensdauer ein Facelifting verdient, aber Toyota ist offenbar mit dem Aussehen des Yaris zufrieden. In der Tat nehmen die Japaner keine gr\u00f6\u00dferen \u00e4u\u00dferen Ver\u00e4nderungen vor. Dennoch hat es sich Toyota nicht gerade leicht gemacht, denn neben dem Hybrid 130 ist auch der aktualisierte [...]\" \/>\n<meta property=\"og:url\" content=\"https:\/\/all-car-news.com\/de\/toyota-yaris-hybrid-130-neue-variante-mit-mehr-leistung\/\" \/>\n<meta property=\"og:site_name\" content=\"All cars news\" \/>\n<meta property=\"article:published_time\" content=\"2023-06-01T15:02:45+00:00\" \/>\n<meta property=\"og:image\" content=\"https:\/\/autorai.nl\/wp-content\/uploads\/2023\/06\/MC24_YAR_GRS_02_PR-scaled-1-1140x713.jpg\" \/>\n<meta name=\"twitter:card\" content=\"summary_large_image\" \/>\n<meta name=\"twitter:label1\" content=\"Gesch\u00e4tzte Lesezeit\" \/>\n\t<meta name=\"twitter:data1\" content=\"3\u00a0Minuten\" \/>\n<script type=\"application\/ld+json\" class=\"yoast-schema-graph\">{\"@context\":\"https:\/\/schema.org\",\"@graph\":[{\"@type\":\"Article\",\"@id\":\"https:\/\/all-car-news.com\/de\/toyota-yaris-hybrid-130-neue-variante-mit-mehr-leistung\/#article\",\"isPartOf\":{\"@id\":\"https:\/\/all-car-news.com\/de\/toyota-yaris-hybrid-130-neue-variante-mit-mehr-leistung\/\"},\"author\":{\"name\":\"\",\"@id\":\"\"},\"headline\":\"Toyota Yaris Hybrid 130: neue Variante mit mehr Leistung\",\"datePublished\":\"2023-06-01T15:02:45+00:00\",\"dateModified\":\"2023-06-01T15:02:45+00:00\",\"mainEntityOfPage\":{\"@id\":\"https:\/\/all-car-news.com\/de\/toyota-yaris-hybrid-130-neue-variante-mit-mehr-leistung\/\"},\"wordCount\":624,\"publisher\":{\"@id\":\"https:\/\/all-car-news.com\/de\/#organization\"},\"articleSection\":[\"Auto Nachrichten\"],\"inLanguage\":\"de\"},{\"@type\":\"WebPage\",\"@id\":\"https:\/\/all-car-news.com\/de\/toyota-yaris-hybrid-130-neue-variante-mit-mehr-leistung\/\",\"url\":\"https:\/\/all-car-news.com\/de\/toyota-yaris-hybrid-130-neue-variante-mit-mehr-leistung\/\",\"name\":\"Toyota Yaris Hybrid 130: neue Variante mit mehr Leistung - All cars news\",\"isPartOf\":{\"@id\":\"https:\/\/all-car-news.com\/de\/#website\"},\"datePublished\":\"2023-06-01T15:02:45+00:00\",\"dateModified\":\"2023-06-01T15:02:45+00:00\",\"breadcrumb\":{\"@id\":\"https:\/\/all-car-news.com\/de\/toyota-yaris-hybrid-130-neue-variante-mit-mehr-leistung\/#breadcrumb\"},\"inLanguage\":\"de\",\"potentialAction\":[{\"@type\":\"ReadAction\",\"target\":[\"https:\/\/all-car-news.com\/de\/toyota-yaris-hybrid-130-neue-variante-mit-mehr-leistung\/\"]}]},{\"@type\":\"BreadcrumbList\",\"@id\":\"https:\/\/all-car-news.com\/de\/toyota-yaris-hybrid-130-neue-variante-mit-mehr-leistung\/#breadcrumb\",\"itemListElement\":[{\"@type\":\"ListItem\",\"position\":1,\"name\":\"Home\",\"item\":\"https:\/\/all-car-news.com\/de\/\"},{\"@type\":\"ListItem\",\"position\":2,\"name\":\"Toyota Yaris Hybrid 130: neue Variante mit mehr Leistung\"}]},{\"@type\":\"WebSite\",\"@id\":\"https:\/\/all-car-news.com\/de\/#website\",\"url\":\"https:\/\/all-car-news.com\/de\/\",\"name\":\"All cars news\",\"description\":\"\",\"publisher\":{\"@id\":\"https:\/\/all-car-news.com\/de\/#organization\"},\"potentialAction\":[{\"@type\":\"SearchAction\",\"target\":{\"@type\":\"EntryPoint\",\"urlTemplate\":\"https:\/\/all-car-news.com\/de\/?s={search_term_string}\"},\"query-input\":\"required name=search_term_string\"}],\"inLanguage\":\"de\"},{\"@type\":\"Organization\",\"@id\":\"https:\/\/all-car-news.com\/de\/#organization\",\"name\":\"All cars news\",\"url\":\"https:\/\/all-car-news.com\/de\/\",\"logo\":{\"@type\":\"ImageObject\",\"inLanguage\":\"de\",\"@id\":\"https:\/\/all-car-news.com\/de\/#\/schema\/logo\/image\/\",\"url\":\"https:\/\/all-car-news.com\/wp-content\/uploads\/2022\/02\/CMYK-AllCarNews_LANDSCAPE_300px-1.png\",\"contentUrl\":\"https:\/\/all-car-news.com\/wp-content\/uploads\/2022\/02\/CMYK-AllCarNews_LANDSCAPE_300px-1.png\",\"width\":300,\"height\":100,\"caption\":\"All cars news\"},\"image\":{\"@id\":\"https:\/\/all-car-news.com\/de\/#\/schema\/logo\/image\/\"}}]}<\/script>\n<!-- \/ Yoast SEO plugin. -->","yoast_head_json":{"title":"Toyota Yaris Hybrid 130: neue Variante mit mehr Leistung - All cars news","robots":{"index":"index","follow":"follow","max-snippet":"max-snippet:-1","max-image-preview":"max-image-preview:large","max-video-preview":"max-video-preview:-1"},"canonical":"https:\/\/all-car-news.com\/de\/toyota-yaris-hybrid-130-neue-variante-mit-mehr-leistung\/","og_locale":"de_DE","og_type":"article","og_title":"Toyota Yaris Hybrid 130: neue Variante mit mehr Leistung - All cars news","og_description":"Man k\u00f6nnte argumentieren, dass ein Auto nach vier Jahren Lebensdauer ein Facelifting verdient, aber Toyota ist offenbar mit dem Aussehen des Yaris zufrieden. In der Tat nehmen die Japaner keine gr\u00f6\u00dferen \u00e4u\u00dferen Ver\u00e4nderungen vor. Dennoch hat es sich Toyota nicht gerade leicht gemacht, denn neben dem Hybrid 130 ist auch der aktualisierte [...]","og_url":"https:\/\/all-car-news.com\/de\/toyota-yaris-hybrid-130-neue-variante-mit-mehr-leistung\/","og_site_name":"All cars news","article_published_time":"2023-06-01T15:02:45+00:00","og_image":[{"url":"https:\/\/autorai.nl\/wp-content\/uploads\/2023\/06\/MC24_YAR_GRS_02_PR-scaled-1-1140x713.jpg"}],"twitter_card":"summary_large_image","twitter_misc":{"Gesch\u00e4tzte Lesezeit":"3\u00a0Minuten"},"schema":{"@context":"https:\/\/schema.org","@graph":[{"@type":"Article","@id":"https:\/\/all-car-news.com\/de\/toyota-yaris-hybrid-130-neue-variante-mit-mehr-leistung\/#article","isPartOf":{"@id":"https:\/\/all-car-news.com\/de\/toyota-yaris-hybrid-130-neue-variante-mit-mehr-leistung\/"},"author":{"name":"","@id":""},"headline":"Toyota Yaris Hybrid 130: neue Variante mit mehr Leistung","datePublished":"2023-06-01T15:02:45+00:00","dateModified":"2023-06-01T15:02:45+00:00","mainEntityOfPage":{"@id":"https:\/\/all-car-news.com\/de\/toyota-yaris-hybrid-130-neue-variante-mit-mehr-leistung\/"},"wordCount":624,"publisher":{"@id":"https:\/\/all-car-news.com\/de\/#organization"},"articleSection":["Auto Nachrichten"],"inLanguage":"de"},{"@type":"WebPage","@id":"https:\/\/all-car-news.com\/de\/toyota-yaris-hybrid-130-neue-variante-mit-mehr-leistung\/","url":"https:\/\/all-car-news.com\/de\/toyota-yaris-hybrid-130-neue-variante-mit-mehr-leistung\/","name":"Toyota Yaris Hybrid 130: neue Variante mit mehr Leistung - All cars news","isPartOf":{"@id":"https:\/\/all-car-news.com\/de\/#website"},"datePublished":"2023-06-01T15:02:45+00:00","dateModified":"2023-06-01T15:02:45+00:00","breadcrumb":{"@id":"https:\/\/all-car-news.com\/de\/toyota-yaris-hybrid-130-neue-variante-mit-mehr-leistung\/#breadcrumb"},"inLanguage":"de","potentialAction":[{"@type":"ReadAction","target":["https:\/\/all-car-news.com\/de\/toyota-yaris-hybrid-130-neue-variante-mit-mehr-leistung\/"]}]},{"@type":"BreadcrumbList","@id":"https:\/\/all-car-news.com\/de\/toyota-yaris-hybrid-130-neue-variante-mit-mehr-leistung\/#breadcrumb","itemListElement":[{"@type":"ListItem","position":1,"name":"Home","item":"https:\/\/all-car-news.com\/de\/"},{"@type":"ListItem","position":2,"name":"Toyota Yaris Hybrid 130: neue Variante mit mehr Leistung"}]},{"@type":"WebSite","@id":"https:\/\/all-car-news.com\/de\/#website","url":"https:\/\/all-car-news.com\/de\/","name":"All cars news","description":"","publisher":{"@id":"https:\/\/all-car-news.com\/de\/#organization"},"potentialAction":[{"@type":"SearchAction","target":{"@type":"EntryPoint","urlTemplate":"https:\/\/all-car-news.com\/de\/?s={search_term_string}"},"query-input":"required name=search_term_string"}],"inLanguage":"de"},{"@type":"Organization","@id":"https:\/\/all-car-news.com\/de\/#organization","name":"All cars news","url":"https:\/\/all-car-news.com\/de\/","logo":{"@type":"ImageObject","inLanguage":"de","@id":"https:\/\/all-car-news.com\/de\/#\/schema\/logo\/image\/","url":"https:\/\/all-car-news.com\/wp-content\/uploads\/2022\/02\/CMYK-AllCarNews_LANDSCAPE_300px-1.png","contentUrl":"https:\/\/all-car-news.com\/wp-content\/uploads\/2022\/02\/CMYK-AllCarNews_LANDSCAPE_300px-1.png","width":300,"height":100,"caption":"All cars news"},"image":{"@id":"https:\/\/all-car-news.com\/de\/#\/schema\/logo\/image\/"}}]}},"_links":{"self":[{"href":"https:\/\/all-car-news.com\/de\/wp-json\/wp\/v2\/posts\/139274","targetHints":{"allow":["GET"]}}],"collection":[{"href":"https:\/\/all-car-news.com\/de\/wp-json\/wp\/v2\/posts"}],"about":[{"href":"https:\/\/all-car-news.com\/de\/wp-json\/wp\/v2\/types\/post"}],"replies":[{"embeddable":true,"href":"https:\/\/all-car-news.com\/de\/wp-json\/wp\/v2\/comments?post=139274"}],"version-history":[{"count":0,"href":"https:\/\/all-car-news.com\/de\/wp-json\/wp\/v2\/posts\/139274\/revisions"}],"wp:featuredmedia":[{"embeddable":true,"href":"https:\/\/all-car-news.com\/de\/wp-json\/wp\/v2\/media\/136171"}],"wp:attachment":[{"href":"https:\/\/all-car-news.com\/de\/wp-json\/wp\/v2\/media?parent=139274"}],"wp:term":[{"taxonomy":"category","embeddable":true,"href":"https:\/\/all-car-news.com\/de\/wp-json\/wp\/v2\/categories?post=139274"},{"taxonomy":"post_tag","embeddable":true,"href":"https:\/\/all-car-news.com\/de\/wp-json\/wp\/v2\/tags?post=139274"}],"curies":[{"name":"wp","href":"https:\/\/api.w.org\/{rel}","templated":true}]}}