{"id":139233,"date":"2023-09-22T15:45:00","date_gmt":"2023-09-22T15:45:00","guid":{"rendered":"https:\/\/all-car-news.com\/gesichtet-ein-saab-9-4x\/"},"modified":"2023-09-22T15:45:00","modified_gmt":"2023-09-22T15:45:00","slug":"gesichtet-ein-saab-9-4x","status":"publish","type":"post","link":"https:\/\/all-car-news.com\/de\/gesichtet-ein-saab-9-4x\/","title":{"rendered":"Gesichtet: ein Saab 9-4X"},"content":{"rendered":"<p>In den letzten Jahren seines turbulenten Bestehens wartete <a href=\"https:\/\/autorai.nl\/?s=Saab\" target=\"_blank\" rel=\"noreferrer noopener\">Saab<\/a> unter der F\u00fchrung von General Motors mit einer Reihe neuer Modelle auf, um die Marke wieder flott zu machen. Dabei konzentrierte sich die Marke haupts\u00e4chlich auf den US-Markt. Europa musste sich eine Zeit lang mit den bestehenden Modellen 9-3 und 9-5 begn\u00fcgen. In Nordamerika pr\u00e4sentierte die Marke f\u00fcr das Modelljahr 2005 sowohl den Saab 9-2X als auch den Saab 9-7X.<\/p>\n<p>Bei beiden handelte es sich lediglich um Nachbauten bestehender Modelle, n\u00e4mlich des Subaru Impreza Wagon und des Buick Rainier bzw. Oldsmobile Bravada und verwandter Modelle. In der Tat hat Saab kaum sein Bestes getan, um es zu einem wirklich eigenen Modell zu machen. Der Plan ging nicht auf, und beide Modelle wurden schon nach wenigen Jahren nicht mehr produziert.<\/p>\n<div class=\"galery galery-0\">\n<div class=\"clear\"><\/div>\n<\/div>\n<h2><strong>Zweiter Versuch: Saab 9-5 und Saab 9-4X<\/strong><\/h2>\n<p>Ein weiterer Versuch folgte f\u00fcr das Modelljahr 2010 mit dem v\u00f6llig neuen Saab 9-5. Auch dieses Modell war allerdings f\u00fcr Europa gedacht. Der Wagen basierte erneut auf einer bestehenden Plattform von General Motors (die unter anderem f\u00fcr den Cadillac XTS, den Chevrolet Impala und den Opel Insignia verwendet wurde), erhielt aber dieses Mal ein wirklich unverwechselbares Design. In der Wahrnehmung war es wieder ein echter Saab, und das Modell wurde enthusiastisch aufgenommen.<\/p>\n<p>Weniger bekannt ist, dass Saab f\u00fcr das Modelljahr 2011 ein weiteres Modell herausgebracht hat: den Saab 9-4X. Dieses Modell war haupts\u00e4chlich f\u00fcr die USA bestimmt, wurde aber auch in Europa angeboten. Der 9-4X war ein relativ kompakter Gel\u00e4ndewagen, der seine technische Basis mit dem Cadillac SRX teilte. Vom Design her war der 9-4X wie der 9-5 ein echtes Saab-Modell, obwohl Markenpuristen immer noch Schwierigkeiten damit hatten, dass Saab einen SUV herstellte. Der 9-4X hat jedoch nichts mit Schweden zu tun; er ist der einzige Saab, der in Mexiko produziert wird.<\/p>\n<figure class=\"wp-block-image size-content\"><img decoding=\"async\" loading=\"lazy\" width=\"1140\" height=\"641\" src=\"https:\/\/autorai.nl\/wp-content\/uploads\/2023\/09\/Saab-9-5-Saab-9-4X-1140x641.jpg\" alt=\"\" class=\"wp-image-166936\"><\/figure>\n<h2><strong>Saab 9-4X Spezifikationen<\/strong><\/h2>\n<p>Der Saab 9-4X war mit zwei V6-Benzinmotoren erh\u00e4ltlich: einem 3,0-Liter-Motor mit 198 kW (269 PS) und 302 Nm und einem 2,8-Liter-Turbomotor, der trotz seines kleineren Hubraums 224 kW (304 PS) und 400 Nm leistete. Das &#8222;Basismodell&#8220; beschleunigte in 9,0 Sekunden auf 100 km\/h und erreichte eine H\u00f6chstgeschwindigkeit von 210 km\/h. Der st\u00e4rkere Turbomotor brachte den Saab in 8,3 Sekunden auf 100 km\/h und weiter bis zu 230 km\/h.<\/p>\n<p>Das Getriebe war immer ein Sechsgang-Automatikgetriebe, das je nach Ausf\u00fchrung die Vorderr\u00e4der oder alle vier R\u00e4der antrieb. Es gab Pl\u00e4ne, den Saab 9-4X in Europa auch mit einem Dieselmotor anzubieten, aber es kam nie so weit.<\/p>\n<div class=\"galery shuffle galery-1\">\n<figure>\n\t\t\t\t\t<span style=\"cursor: pointer\" data-src=\"https:\/\/autorai.nl\/wp-content\/uploads\/2023\/09\/Saab-9-4X-1.jpg\" data-fancybox=\"galery-1\" title=\"\"><br \/>\n\t\t\t\t\t\t\t<img decoding=\"async\" width=\"640\" height=\"480\" src=\"https:\/\/autorai.nl\/wp-content\/uploads\/2023\/09\/Saab-9-4X-1-640x480.jpg\" class=\"attachment-medium size-medium\" alt=\"\" loading=\"lazy\"><i class=\"fa fa-search-plus\" aria-hidden=\"true\"><\/i><br \/>\n\t\t\t\t\t\t<\/span><br \/>\n\t\t\t\t\t<\/figure>\n<figure>\n\t\t\t\t\t<span style=\"cursor: pointer\" data-src=\"https:\/\/autorai.nl\/wp-content\/uploads\/2023\/09\/Saab-9-4X-4.jpg\" data-fancybox=\"galery-1\" title=\"\"><br \/>\n\t\t\t\t\t\t\t<img decoding=\"async\" width=\"360\" height=\"270\" src=\"https:\/\/autorai.nl\/wp-content\/uploads\/2023\/09\/Saab-9-4X-4-360x270.jpg\" class=\"attachment-small size-small\" alt=\"\" loading=\"lazy\"><i class=\"fa fa-search-plus\" aria-hidden=\"true\"><\/i><br \/>\n\t\t\t\t\t\t<\/span><br \/>\n\t\t\t\t\t<\/figure>\n<figure>\n\t\t\t\t\t<span style=\"cursor: pointer\" data-src=\"https:\/\/autorai.nl\/wp-content\/uploads\/2023\/09\/Saab-9-4X-6.jpg\" data-fancybox=\"galery-1\" title=\"\"><br \/>\n\t\t\t\t\t\t\t<img decoding=\"async\" width=\"360\" height=\"270\" src=\"https:\/\/autorai.nl\/wp-content\/uploads\/2023\/09\/Saab-9-4X-6-360x270.jpg\" class=\"attachment-small size-small\" alt=\"\" loading=\"lazy\"><i class=\"fa fa-search-plus\" aria-hidden=\"true\"><\/i><br \/>\n\t\t\t\t\t\t<\/span><br \/>\n\t\t\t\t\t<\/figure>\n<div class=\"clear\"><\/div>\n<\/div>\n<h2><strong>Saab 9-4X Produktionszahlen<\/strong><\/h2>\n<p>Wie der 9-5 wurde auch der Saab 9-4X von der US-Presse gut aufgenommen, aber wir wissen jetzt, dass die Modelloffensive erfolglos war. Ende 2011 war es f\u00fcr Saab vorbei, und das Modelljahr 2012 war das letzte f\u00fcr den Saab 9-5 und den 9-4X.<\/p>\n<p>Vom Saab 9-5 wurden schlie\u00dflich 11.280 Einheiten produziert. Der Saab 9-4X, der somit k\u00fcrzer in der Produktion war, kam auf 673 Einheiten. Je nach Quelle bel\u00e4uft sich die Zahl auf 803 bis 814, wenn man die Vorserienexemplare (Testexemplare) mitz\u00e4hlt.<\/p>\n<div class=\"galery shuffle galery-2\">\n<figure>\n\t\t\t\t\t<span style=\"cursor: pointer\" data-src=\"https:\/\/autorai.nl\/wp-content\/uploads\/2023\/09\/Saab-9-4X-3.jpg\" data-fancybox=\"galery-2\" title=\"\"><br \/>\n\t\t\t\t\t\t\t<img decoding=\"async\" width=\"640\" height=\"480\" src=\"https:\/\/autorai.nl\/wp-content\/uploads\/2023\/09\/Saab-9-4X-3-640x480.jpg\" class=\"attachment-medium size-medium\" alt=\"\" loading=\"lazy\"><i class=\"fa fa-search-plus\" aria-hidden=\"true\"><\/i><br \/>\n\t\t\t\t\t\t<\/span><br \/>\n\t\t\t\t\t<\/figure>\n<figure>\n\t\t\t\t\t<span style=\"cursor: pointer\" data-src=\"https:\/\/autorai.nl\/wp-content\/uploads\/2023\/09\/Saab-9-4X-2.jpg\" data-fancybox=\"galery-2\" title=\"\"><br \/>\n\t\t\t\t\t\t\t<img decoding=\"async\" width=\"360\" height=\"270\" src=\"https:\/\/autorai.nl\/wp-content\/uploads\/2023\/09\/Saab-9-4X-2-360x270.jpg\" class=\"attachment-small size-small\" alt=\"\" loading=\"lazy\"><i class=\"fa fa-search-plus\" aria-hidden=\"true\"><\/i><br \/>\n\t\t\t\t\t\t<\/span><br \/>\n\t\t\t\t\t<\/figure>\n<figure>\n\t\t\t\t\t<span style=\"cursor: pointer\" data-src=\"https:\/\/autorai.nl\/wp-content\/uploads\/2023\/09\/Saab-9-4X-5.jpg\" data-fancybox=\"galery-2\" title=\"\"><br \/>\n\t\t\t\t\t\t\t<img decoding=\"async\" width=\"360\" height=\"270\" src=\"https:\/\/autorai.nl\/wp-content\/uploads\/2023\/09\/Saab-9-4X-5-360x270.jpg\" class=\"attachment-small size-small\" alt=\"\" loading=\"lazy\"><i class=\"fa fa-search-plus\" aria-hidden=\"true\"><\/i><br \/>\n\t\t\t\t\t\t<\/span><br \/>\n\t\t\t\t\t<\/figure>\n<div class=\"clear\"><\/div>\n<\/div>\n<h2><strong>Das gefleckte Exemplar<\/strong><\/h2>\n<p>Die Chancen, einen Saab 9-4X im Stra\u00dfenverkehr zu sehen, sind also sehr gering, vor allem hier in Europa. Doch man fuhr einfach so an unserer Redaktion in Bodegraven vorbei. Die Spot-Fotos sind von etwas geringerer Qualit\u00e4t, als Sie es von uns gewohnt sind, aber wir wollten dieses besondere St\u00fcck Saab-Geschichte trotzdem zeigen. Bei dem gesichteten Exemplar handelt es sich offenbar um einen Saab 9-4X aus dem Jahr 2011, der seit 2016 in den Niederlanden steht.<\/p>\n<p>Bei einem Blick in das RDW-Zulassungsregister f\u00e4llt auf, dass immer noch nicht weniger als 28 Saab 9-4X&#8216; mit niederl\u00e4ndischen Kennzeichen unterwegs sind. Alle Exemplare wurden importiert und sind bis auf eines aus dem Jahr 2011. Diese wurde erst 2012 registriert. Mit Ausnahme eines weiteren Exemplars, das als &#8222;braun&#8220; bezeichnet wird, sind alle niederl\u00e4ndischen 9-4X wei\u00df, schwarz oder grau, und zwar in einer ziemlich gleichm\u00e4\u00dfigen Verteilung.<\/p>\n<div class=\"galery shuffle galery-3\">\n<figure>\n\t\t\t\t\t<span style=\"cursor: pointer\" data-src=\"https:\/\/autorai.nl\/wp-content\/uploads\/2023\/09\/AutoRAI-Gespot-Saab-9-4X-1-1600x1200.jpg\" data-fancybox=\"galery-3\" title=\"\"><br \/>\n\t\t\t\t\t\t\t<img decoding=\"async\" width=\"640\" height=\"480\" src=\"https:\/\/autorai.nl\/wp-content\/uploads\/2023\/09\/AutoRAI-Gespot-Saab-9-4X-1-640x480.jpg\" class=\"attachment-medium size-medium\" alt=\"\" loading=\"lazy\"><i class=\"fa fa-search-plus\" aria-hidden=\"true\"><\/i><br \/>\n\t\t\t\t\t\t<\/span><br \/>\n\t\t\t\t\t<\/figure>\n<figure>\n\t\t\t\t\t<span style=\"cursor: pointer\" data-src=\"https:\/\/autorai.nl\/wp-content\/uploads\/2023\/09\/AutoRAI-Gespot-Saab-9-4X-2-1600x1200.jpg\" data-fancybox=\"galery-3\" title=\"\"><br \/>\n\t\t\t\t\t\t\t<img decoding=\"async\" width=\"360\" height=\"270\" src=\"https:\/\/autorai.nl\/wp-content\/uploads\/2023\/09\/AutoRAI-Gespot-Saab-9-4X-2-360x270.jpg\" class=\"attachment-small size-small\" alt=\"\" loading=\"lazy\"><i class=\"fa fa-search-plus\" aria-hidden=\"true\"><\/i><br \/>\n\t\t\t\t\t\t<\/span><br \/>\n\t\t\t\t\t<\/figure>\n<figure>\n\t\t\t\t\t<span style=\"cursor: pointer\" data-src=\"https:\/\/autorai.nl\/wp-content\/uploads\/2023\/09\/AutoRAI-Gespot-Saab-9-4X-3-1600x1200.jpg\" data-fancybox=\"galery-3\" title=\"\"><br \/>\n\t\t\t\t\t\t\t<img decoding=\"async\" width=\"360\" height=\"270\" src=\"https:\/\/autorai.nl\/wp-content\/uploads\/2023\/09\/AutoRAI-Gespot-Saab-9-4X-3-360x270.jpg\" class=\"attachment-small size-small\" alt=\"\" loading=\"lazy\"><i class=\"fa fa-search-plus\" aria-hidden=\"true\"><\/i><br \/>\n\t\t\t\t\t\t<\/span><br \/>\n\t\t\t\t\t<\/figure>\n<div class=\"clear\"><\/div>\n<\/div>\n","protected":false},"excerpt":{"rendered":"In den letzten Jahren seines turbulenten Bestehens wartete Saab unter der F\u00fchrung von General Motors mit einer Reihe neuer Modelle&hellip;","protected":false},"author":0,"featured_media":139226,"comment_status":"","ping_status":"open","sticky":false,"template":"","format":"standard","meta":{"footnotes":""},"categories":[125,174],"tags":[],"class_list":["post-139233","post","type-post","status-publish","format-standard","has-post-thumbnail","hentry","category-auto-nachrichten","category-spas"],"acf":[],"yoast_head":"<!-- This site is optimized with the Yoast SEO plugin v21.2 - https:\/\/yoast.com\/wordpress\/plugins\/seo\/ -->\n<title>Gesichtet: ein Saab 9-4X - All cars news<\/title>\n<meta name=\"robots\" content=\"index, follow, max-snippet:-1, max-image-preview:large, max-video-preview:-1\" \/>\n<link rel=\"canonical\" href=\"https:\/\/all-car-news.com\/de\/gesichtet-ein-saab-9-4x\/\" \/>\n<meta property=\"og:locale\" content=\"de_DE\" \/>\n<meta property=\"og:type\" content=\"article\" \/>\n<meta property=\"og:title\" content=\"Gesichtet: ein Saab 9-4X - All cars news\" \/>\n<meta property=\"og:description\" content=\"In den letzten Jahren seines turbulenten Bestehens wartete Saab unter der F\u00fchrung von General Motors mit einer Reihe neuer Modelle auf, um die Marke wieder flott zu machen. Dabei konzentrierte sich die Marke haupts\u00e4chlich auf den US-Markt. Europa musste sich eine Zeit lang mit den bestehenden Modellen 9-3 und 9-5 begn\u00fcgen. In Nordamerika pr\u00e4sentierte die Marke f\u00fcr [...]\" \/>\n<meta property=\"og:url\" content=\"https:\/\/all-car-news.com\/de\/gesichtet-ein-saab-9-4x\/\" \/>\n<meta property=\"og:site_name\" content=\"All cars news\" \/>\n<meta property=\"article:published_time\" content=\"2023-09-22T15:45:00+00:00\" \/>\n<meta property=\"og:image\" content=\"https:\/\/autorai.nl\/wp-content\/uploads\/2023\/09\/Saab-9-5-Saab-9-4X-1140x641.jpg\" \/>\n<meta name=\"twitter:card\" content=\"summary_large_image\" \/>\n<meta name=\"twitter:label1\" content=\"Gesch\u00e4tzte Lesezeit\" \/>\n\t<meta name=\"twitter:data1\" content=\"3\u00a0Minuten\" \/>\n<script type=\"application\/ld+json\" class=\"yoast-schema-graph\">{\"@context\":\"https:\/\/schema.org\",\"@graph\":[{\"@type\":\"Article\",\"@id\":\"https:\/\/all-car-news.com\/de\/gesichtet-ein-saab-9-4x\/#article\",\"isPartOf\":{\"@id\":\"https:\/\/all-car-news.com\/de\/gesichtet-ein-saab-9-4x\/\"},\"author\":{\"name\":\"\",\"@id\":\"\"},\"headline\":\"Gesichtet: ein Saab 9-4X\",\"datePublished\":\"2023-09-22T15:45:00+00:00\",\"dateModified\":\"2023-09-22T15:45:00+00:00\",\"mainEntityOfPage\":{\"@id\":\"https:\/\/all-car-news.com\/de\/gesichtet-ein-saab-9-4x\/\"},\"wordCount\":668,\"publisher\":{\"@id\":\"https:\/\/all-car-news.com\/de\/#organization\"},\"articleSection\":[\"Auto Nachrichten\",\"Spa\u00df\"],\"inLanguage\":\"de\"},{\"@type\":\"WebPage\",\"@id\":\"https:\/\/all-car-news.com\/de\/gesichtet-ein-saab-9-4x\/\",\"url\":\"https:\/\/all-car-news.com\/de\/gesichtet-ein-saab-9-4x\/\",\"name\":\"Gesichtet: ein Saab 9-4X - All cars news\",\"isPartOf\":{\"@id\":\"https:\/\/all-car-news.com\/de\/#website\"},\"datePublished\":\"2023-09-22T15:45:00+00:00\",\"dateModified\":\"2023-09-22T15:45:00+00:00\",\"breadcrumb\":{\"@id\":\"https:\/\/all-car-news.com\/de\/gesichtet-ein-saab-9-4x\/#breadcrumb\"},\"inLanguage\":\"de\",\"potentialAction\":[{\"@type\":\"ReadAction\",\"target\":[\"https:\/\/all-car-news.com\/de\/gesichtet-ein-saab-9-4x\/\"]}]},{\"@type\":\"BreadcrumbList\",\"@id\":\"https:\/\/all-car-news.com\/de\/gesichtet-ein-saab-9-4x\/#breadcrumb\",\"itemListElement\":[{\"@type\":\"ListItem\",\"position\":1,\"name\":\"Home\",\"item\":\"https:\/\/all-car-news.com\/de\/\"},{\"@type\":\"ListItem\",\"position\":2,\"name\":\"Gesichtet: ein Saab 9-4X\"}]},{\"@type\":\"WebSite\",\"@id\":\"https:\/\/all-car-news.com\/de\/#website\",\"url\":\"https:\/\/all-car-news.com\/de\/\",\"name\":\"All cars news\",\"description\":\"\",\"publisher\":{\"@id\":\"https:\/\/all-car-news.com\/de\/#organization\"},\"potentialAction\":[{\"@type\":\"SearchAction\",\"target\":{\"@type\":\"EntryPoint\",\"urlTemplate\":\"https:\/\/all-car-news.com\/de\/?s={search_term_string}\"},\"query-input\":\"required name=search_term_string\"}],\"inLanguage\":\"de\"},{\"@type\":\"Organization\",\"@id\":\"https:\/\/all-car-news.com\/de\/#organization\",\"name\":\"All cars news\",\"url\":\"https:\/\/all-car-news.com\/de\/\",\"logo\":{\"@type\":\"ImageObject\",\"inLanguage\":\"de\",\"@id\":\"https:\/\/all-car-news.com\/de\/#\/schema\/logo\/image\/\",\"url\":\"https:\/\/all-car-news.com\/wp-content\/uploads\/2022\/02\/CMYK-AllCarNews_LANDSCAPE_300px-1.png\",\"contentUrl\":\"https:\/\/all-car-news.com\/wp-content\/uploads\/2022\/02\/CMYK-AllCarNews_LANDSCAPE_300px-1.png\",\"width\":300,\"height\":100,\"caption\":\"All cars news\"},\"image\":{\"@id\":\"https:\/\/all-car-news.com\/de\/#\/schema\/logo\/image\/\"}}]}<\/script>\n<!-- \/ Yoast SEO plugin. -->","yoast_head_json":{"title":"Gesichtet: ein Saab 9-4X - All cars news","robots":{"index":"index","follow":"follow","max-snippet":"max-snippet:-1","max-image-preview":"max-image-preview:large","max-video-preview":"max-video-preview:-1"},"canonical":"https:\/\/all-car-news.com\/de\/gesichtet-ein-saab-9-4x\/","og_locale":"de_DE","og_type":"article","og_title":"Gesichtet: ein Saab 9-4X - All cars news","og_description":"In den letzten Jahren seines turbulenten Bestehens wartete Saab unter der F\u00fchrung von General Motors mit einer Reihe neuer Modelle auf, um die Marke wieder flott zu machen. Dabei konzentrierte sich die Marke haupts\u00e4chlich auf den US-Markt. Europa musste sich eine Zeit lang mit den bestehenden Modellen 9-3 und 9-5 begn\u00fcgen. In Nordamerika pr\u00e4sentierte die Marke f\u00fcr [...]","og_url":"https:\/\/all-car-news.com\/de\/gesichtet-ein-saab-9-4x\/","og_site_name":"All cars news","article_published_time":"2023-09-22T15:45:00+00:00","og_image":[{"url":"https:\/\/autorai.nl\/wp-content\/uploads\/2023\/09\/Saab-9-5-Saab-9-4X-1140x641.jpg"}],"twitter_card":"summary_large_image","twitter_misc":{"Gesch\u00e4tzte Lesezeit":"3\u00a0Minuten"},"schema":{"@context":"https:\/\/schema.org","@graph":[{"@type":"Article","@id":"https:\/\/all-car-news.com\/de\/gesichtet-ein-saab-9-4x\/#article","isPartOf":{"@id":"https:\/\/all-car-news.com\/de\/gesichtet-ein-saab-9-4x\/"},"author":{"name":"","@id":""},"headline":"Gesichtet: ein Saab 9-4X","datePublished":"2023-09-22T15:45:00+00:00","dateModified":"2023-09-22T15:45:00+00:00","mainEntityOfPage":{"@id":"https:\/\/all-car-news.com\/de\/gesichtet-ein-saab-9-4x\/"},"wordCount":668,"publisher":{"@id":"https:\/\/all-car-news.com\/de\/#organization"},"articleSection":["Auto Nachrichten","Spa\u00df"],"inLanguage":"de"},{"@type":"WebPage","@id":"https:\/\/all-car-news.com\/de\/gesichtet-ein-saab-9-4x\/","url":"https:\/\/all-car-news.com\/de\/gesichtet-ein-saab-9-4x\/","name":"Gesichtet: ein Saab 9-4X - All cars news","isPartOf":{"@id":"https:\/\/all-car-news.com\/de\/#website"},"datePublished":"2023-09-22T15:45:00+00:00","dateModified":"2023-09-22T15:45:00+00:00","breadcrumb":{"@id":"https:\/\/all-car-news.com\/de\/gesichtet-ein-saab-9-4x\/#breadcrumb"},"inLanguage":"de","potentialAction":[{"@type":"ReadAction","target":["https:\/\/all-car-news.com\/de\/gesichtet-ein-saab-9-4x\/"]}]},{"@type":"BreadcrumbList","@id":"https:\/\/all-car-news.com\/de\/gesichtet-ein-saab-9-4x\/#breadcrumb","itemListElement":[{"@type":"ListItem","position":1,"name":"Home","item":"https:\/\/all-car-news.com\/de\/"},{"@type":"ListItem","position":2,"name":"Gesichtet: ein Saab 9-4X"}]},{"@type":"WebSite","@id":"https:\/\/all-car-news.com\/de\/#website","url":"https:\/\/all-car-news.com\/de\/","name":"All cars news","description":"","publisher":{"@id":"https:\/\/all-car-news.com\/de\/#organization"},"potentialAction":[{"@type":"SearchAction","target":{"@type":"EntryPoint","urlTemplate":"https:\/\/all-car-news.com\/de\/?s={search_term_string}"},"query-input":"required name=search_term_string"}],"inLanguage":"de"},{"@type":"Organization","@id":"https:\/\/all-car-news.com\/de\/#organization","name":"All cars news","url":"https:\/\/all-car-news.com\/de\/","logo":{"@type":"ImageObject","inLanguage":"de","@id":"https:\/\/all-car-news.com\/de\/#\/schema\/logo\/image\/","url":"https:\/\/all-car-news.com\/wp-content\/uploads\/2022\/02\/CMYK-AllCarNews_LANDSCAPE_300px-1.png","contentUrl":"https:\/\/all-car-news.com\/wp-content\/uploads\/2022\/02\/CMYK-AllCarNews_LANDSCAPE_300px-1.png","width":300,"height":100,"caption":"All cars news"},"image":{"@id":"https:\/\/all-car-news.com\/de\/#\/schema\/logo\/image\/"}}]}},"_links":{"self":[{"href":"https:\/\/all-car-news.com\/de\/wp-json\/wp\/v2\/posts\/139233","targetHints":{"allow":["GET"]}}],"collection":[{"href":"https:\/\/all-car-news.com\/de\/wp-json\/wp\/v2\/posts"}],"about":[{"href":"https:\/\/all-car-news.com\/de\/wp-json\/wp\/v2\/types\/post"}],"replies":[{"embeddable":true,"href":"https:\/\/all-car-news.com\/de\/wp-json\/wp\/v2\/comments?post=139233"}],"version-history":[{"count":0,"href":"https:\/\/all-car-news.com\/de\/wp-json\/wp\/v2\/posts\/139233\/revisions"}],"wp:featuredmedia":[{"embeddable":true,"href":"https:\/\/all-car-news.com\/de\/wp-json\/wp\/v2\/media\/139226"}],"wp:attachment":[{"href":"https:\/\/all-car-news.com\/de\/wp-json\/wp\/v2\/media?parent=139233"}],"wp:term":[{"taxonomy":"category","embeddable":true,"href":"https:\/\/all-car-news.com\/de\/wp-json\/wp\/v2\/categories?post=139233"},{"taxonomy":"post_tag","embeddable":true,"href":"https:\/\/all-car-news.com\/de\/wp-json\/wp\/v2\/tags?post=139233"}],"curies":[{"name":"wp","href":"https:\/\/api.w.org\/{rel}","templated":true}]}}