{"id":139131,"date":"2023-09-20T10:10:40","date_gmt":"2023-09-20T10:10:40","guid":{"rendered":"https:\/\/all-car-news.com\/mini-kuendigt-preise-fuer-neuen-cooper-se-und-countryman-c-an\/"},"modified":"2023-09-20T10:10:40","modified_gmt":"2023-09-20T10:10:40","slug":"mini-kuendigt-preise-fuer-neuen-cooper-se-und-countryman-c-an","status":"publish","type":"post","link":"https:\/\/all-car-news.com\/de\/mini-kuendigt-preise-fuer-neuen-cooper-se-und-countryman-c-an\/","title":{"rendered":"Mini k\u00fcndigt Preise f\u00fcr neuen Cooper SE und Countryman C an"},"content":{"rendered":"<h1>Neue Mini<\/h1>\n<p>Mini ist dabei, die f\u00fcnfte und neueste Generation des MINI Cooper 3-T\u00fcrers in Produktion zu bringen. Mini geht mit zwei vollelektrischen Versionen an den Start: dem MINI Cooper E und dem MINI Cooper SE. Zu einem sp\u00e4teren Zeitpunkt wird es auch Benzinversionen und eine f\u00fcnft\u00fcrige Karosserie geben. Sogar \u00fcber ein neues MINI Cabrio wird nachgedacht. Der Startpreis des Mini Cooper SE ist nun bekannt: 38.990 Euro. Damit ist er etwa 300 \u20ac teurer als der aktuelle elektrische Mini. Doch w\u00e4hrend der aktuelle Mini Electric mit einer vollen Batterieladung nur 235 Kilometer weit kommt, sind es bei der neuen Elektroversion 402 Kilometer. Ein solides Upgrade also. Die Produktion des neuen MINI Cooper SE wird ab November 2023 im Werk in China und ab 2026 im MINI Werk in Oxford beginnen.<\/p>\n<figure class=\"wp-block-image size-content\"><img decoding=\"async\" loading=\"lazy\" width=\"1140\" height=\"760\" src=\"https:\/\/autorai.nl\/wp-content\/uploads\/2023\/09\/mini-productie-fabriek-oxford-2023-foto1-1140x760.jpg\" alt=\"MINI in Oxford\" class=\"wp-image-166577\"><\/figure>\n<h2><strong>Mini Countryman C<\/strong><\/h2>\n<p>Der Preis f\u00fcr den neuen Countryman liegt bei 45.990 Euro. Der neue MINI Countryman ist h\u00f6her und l\u00e4nger als sein Vorg\u00e4nger. Die H\u00f6he ist um sechs Zentimeter und die L\u00e4nge um 13 Zentimeter gewachsen. Der neue MINI Countryman ist jetzt 4.433 mm lang, 1.843 mm breit und 1.656 mm hoch. Die Produktion des neuen MINI Countryman C wird ab November 2023 im BMW Group Werk Leipzig beginnen.  <\/p>\n<figure class=\"wp-block-image size-content\"><img decoding=\"async\" loading=\"lazy\" width=\"1140\" height=\"760\" src=\"https:\/\/autorai.nl\/wp-content\/uploads\/2023\/09\/mini-countryman-2024-foto34-1140x760.jpg\" alt=\"\" class=\"wp-image-165669\"><\/figure>\n<\/p>\n<figure class=\"wp-block-embed is-type-video is-provider-youtube wp-block-embed-youtube wp-embed-aspect-16-9 wp-has-aspect-ratio\">\n<div class=\"wp-block-embed__wrapper\">\n<\/div>\n<\/figure>\n","protected":false},"excerpt":{"rendered":"New Mini Mini ist dabei, die f\u00fcnfte und neueste Generation des MINI Cooper 3-T\u00fcrers in Produktion zu bringen. Mini geht&hellip;","protected":false},"author":0,"featured_media":139126,"comment_status":"","ping_status":"open","sticky":false,"template":"","format":"standard","meta":{"footnotes":""},"categories":[125],"tags":[],"class_list":["post-139131","post","type-post","status-publish","format-standard","has-post-thumbnail","hentry","category-auto-nachrichten"],"acf":[],"yoast_head":"<!-- This site is optimized with the Yoast SEO plugin v21.2 - https:\/\/yoast.com\/wordpress\/plugins\/seo\/ -->\n<title>Mini k\u00fcndigt Preise f\u00fcr neuen Cooper SE und Countryman C an - All cars news<\/title>\n<meta name=\"robots\" content=\"index, follow, max-snippet:-1, max-image-preview:large, max-video-preview:-1\" \/>\n<link rel=\"canonical\" href=\"https:\/\/all-car-news.com\/de\/mini-kuendigt-preise-fuer-neuen-cooper-se-und-countryman-c-an\/\" \/>\n<meta property=\"og:locale\" content=\"de_DE\" \/>\n<meta property=\"og:type\" content=\"article\" \/>\n<meta property=\"og:title\" content=\"Mini k\u00fcndigt Preise f\u00fcr neuen Cooper SE und Countryman C an - All cars news\" \/>\n<meta property=\"og:description\" content=\"New Mini Mini ist dabei, die f\u00fcnfte und neueste Generation des MINI Cooper 3-T\u00fcrers in Produktion zu bringen. Mini geht mit zwei rein elektrischen Versionen an den Start: dem MINI Cooper E und dem MINI Cooper SE. Zu einem sp\u00e4teren Zeitpunkt wird es auch Benzinversionen und eine f\u00fcnft\u00fcrige Karosserie geben. Sogar \u00fcber ein neues MINI Cabrio wird nachgedacht. \u2020\" \/>\n<meta property=\"og:url\" content=\"https:\/\/all-car-news.com\/de\/mini-kuendigt-preise-fuer-neuen-cooper-se-und-countryman-c-an\/\" \/>\n<meta property=\"og:site_name\" content=\"All cars news\" \/>\n<meta property=\"article:published_time\" content=\"2023-09-20T10:10:40+00:00\" \/>\n<meta property=\"og:image\" content=\"https:\/\/autorai.nl\/wp-content\/uploads\/2023\/09\/mini-productie-fabriek-oxford-2023-foto1-1140x760.jpg\" \/>\n<meta name=\"twitter:card\" content=\"summary_large_image\" \/>\n<meta name=\"twitter:label1\" content=\"Gesch\u00e4tzte Lesezeit\" \/>\n\t<meta name=\"twitter:data1\" content=\"1\u00a0Minute\" \/>\n<script type=\"application\/ld+json\" class=\"yoast-schema-graph\">{\"@context\":\"https:\/\/schema.org\",\"@graph\":[{\"@type\":\"Article\",\"@id\":\"https:\/\/all-car-news.com\/de\/mini-kuendigt-preise-fuer-neuen-cooper-se-und-countryman-c-an\/#article\",\"isPartOf\":{\"@id\":\"https:\/\/all-car-news.com\/de\/mini-kuendigt-preise-fuer-neuen-cooper-se-und-countryman-c-an\/\"},\"author\":{\"name\":\"\",\"@id\":\"\"},\"headline\":\"Mini k\u00fcndigt Preise f\u00fcr neuen Cooper SE und Countryman C an\",\"datePublished\":\"2023-09-20T10:10:40+00:00\",\"dateModified\":\"2023-09-20T10:10:40+00:00\",\"mainEntityOfPage\":{\"@id\":\"https:\/\/all-car-news.com\/de\/mini-kuendigt-preise-fuer-neuen-cooper-se-und-countryman-c-an\/\"},\"wordCount\":213,\"publisher\":{\"@id\":\"https:\/\/all-car-news.com\/de\/#organization\"},\"articleSection\":[\"Auto Nachrichten\"],\"inLanguage\":\"de\"},{\"@type\":\"WebPage\",\"@id\":\"https:\/\/all-car-news.com\/de\/mini-kuendigt-preise-fuer-neuen-cooper-se-und-countryman-c-an\/\",\"url\":\"https:\/\/all-car-news.com\/de\/mini-kuendigt-preise-fuer-neuen-cooper-se-und-countryman-c-an\/\",\"name\":\"Mini k\u00fcndigt Preise f\u00fcr neuen Cooper SE und Countryman C an - All cars news\",\"isPartOf\":{\"@id\":\"https:\/\/all-car-news.com\/de\/#website\"},\"datePublished\":\"2023-09-20T10:10:40+00:00\",\"dateModified\":\"2023-09-20T10:10:40+00:00\",\"breadcrumb\":{\"@id\":\"https:\/\/all-car-news.com\/de\/mini-kuendigt-preise-fuer-neuen-cooper-se-und-countryman-c-an\/#breadcrumb\"},\"inLanguage\":\"de\",\"potentialAction\":[{\"@type\":\"ReadAction\",\"target\":[\"https:\/\/all-car-news.com\/de\/mini-kuendigt-preise-fuer-neuen-cooper-se-und-countryman-c-an\/\"]}]},{\"@type\":\"BreadcrumbList\",\"@id\":\"https:\/\/all-car-news.com\/de\/mini-kuendigt-preise-fuer-neuen-cooper-se-und-countryman-c-an\/#breadcrumb\",\"itemListElement\":[{\"@type\":\"ListItem\",\"position\":1,\"name\":\"Home\",\"item\":\"https:\/\/all-car-news.com\/de\/\"},{\"@type\":\"ListItem\",\"position\":2,\"name\":\"Mini k\u00fcndigt Preise f\u00fcr neuen Cooper SE und Countryman C an\"}]},{\"@type\":\"WebSite\",\"@id\":\"https:\/\/all-car-news.com\/de\/#website\",\"url\":\"https:\/\/all-car-news.com\/de\/\",\"name\":\"All cars news\",\"description\":\"\",\"publisher\":{\"@id\":\"https:\/\/all-car-news.com\/de\/#organization\"},\"potentialAction\":[{\"@type\":\"SearchAction\",\"target\":{\"@type\":\"EntryPoint\",\"urlTemplate\":\"https:\/\/all-car-news.com\/de\/?s={search_term_string}\"},\"query-input\":\"required name=search_term_string\"}],\"inLanguage\":\"de\"},{\"@type\":\"Organization\",\"@id\":\"https:\/\/all-car-news.com\/de\/#organization\",\"name\":\"All cars news\",\"url\":\"https:\/\/all-car-news.com\/de\/\",\"logo\":{\"@type\":\"ImageObject\",\"inLanguage\":\"de\",\"@id\":\"https:\/\/all-car-news.com\/de\/#\/schema\/logo\/image\/\",\"url\":\"https:\/\/all-car-news.com\/wp-content\/uploads\/2022\/02\/CMYK-AllCarNews_LANDSCAPE_300px-1.png\",\"contentUrl\":\"https:\/\/all-car-news.com\/wp-content\/uploads\/2022\/02\/CMYK-AllCarNews_LANDSCAPE_300px-1.png\",\"width\":300,\"height\":100,\"caption\":\"All cars news\"},\"image\":{\"@id\":\"https:\/\/all-car-news.com\/de\/#\/schema\/logo\/image\/\"}}]}<\/script>\n<!-- \/ Yoast SEO plugin. -->","yoast_head_json":{"title":"Mini k\u00fcndigt Preise f\u00fcr neuen Cooper SE und Countryman C an - All cars news","robots":{"index":"index","follow":"follow","max-snippet":"max-snippet:-1","max-image-preview":"max-image-preview:large","max-video-preview":"max-video-preview:-1"},"canonical":"https:\/\/all-car-news.com\/de\/mini-kuendigt-preise-fuer-neuen-cooper-se-und-countryman-c-an\/","og_locale":"de_DE","og_type":"article","og_title":"Mini k\u00fcndigt Preise f\u00fcr neuen Cooper SE und Countryman C an - All cars news","og_description":"New Mini Mini ist dabei, die f\u00fcnfte und neueste Generation des MINI Cooper 3-T\u00fcrers in Produktion zu bringen. Mini geht mit zwei rein elektrischen Versionen an den Start: dem MINI Cooper E und dem MINI Cooper SE. Zu einem sp\u00e4teren Zeitpunkt wird es auch Benzinversionen und eine f\u00fcnft\u00fcrige Karosserie geben. Sogar \u00fcber ein neues MINI Cabrio wird nachgedacht. \u2020","og_url":"https:\/\/all-car-news.com\/de\/mini-kuendigt-preise-fuer-neuen-cooper-se-und-countryman-c-an\/","og_site_name":"All cars news","article_published_time":"2023-09-20T10:10:40+00:00","og_image":[{"url":"https:\/\/autorai.nl\/wp-content\/uploads\/2023\/09\/mini-productie-fabriek-oxford-2023-foto1-1140x760.jpg"}],"twitter_card":"summary_large_image","twitter_misc":{"Gesch\u00e4tzte Lesezeit":"1\u00a0Minute"},"schema":{"@context":"https:\/\/schema.org","@graph":[{"@type":"Article","@id":"https:\/\/all-car-news.com\/de\/mini-kuendigt-preise-fuer-neuen-cooper-se-und-countryman-c-an\/#article","isPartOf":{"@id":"https:\/\/all-car-news.com\/de\/mini-kuendigt-preise-fuer-neuen-cooper-se-und-countryman-c-an\/"},"author":{"name":"","@id":""},"headline":"Mini k\u00fcndigt Preise f\u00fcr neuen Cooper SE und Countryman C an","datePublished":"2023-09-20T10:10:40+00:00","dateModified":"2023-09-20T10:10:40+00:00","mainEntityOfPage":{"@id":"https:\/\/all-car-news.com\/de\/mini-kuendigt-preise-fuer-neuen-cooper-se-und-countryman-c-an\/"},"wordCount":213,"publisher":{"@id":"https:\/\/all-car-news.com\/de\/#organization"},"articleSection":["Auto Nachrichten"],"inLanguage":"de"},{"@type":"WebPage","@id":"https:\/\/all-car-news.com\/de\/mini-kuendigt-preise-fuer-neuen-cooper-se-und-countryman-c-an\/","url":"https:\/\/all-car-news.com\/de\/mini-kuendigt-preise-fuer-neuen-cooper-se-und-countryman-c-an\/","name":"Mini k\u00fcndigt Preise f\u00fcr neuen Cooper SE und Countryman C an - All cars news","isPartOf":{"@id":"https:\/\/all-car-news.com\/de\/#website"},"datePublished":"2023-09-20T10:10:40+00:00","dateModified":"2023-09-20T10:10:40+00:00","breadcrumb":{"@id":"https:\/\/all-car-news.com\/de\/mini-kuendigt-preise-fuer-neuen-cooper-se-und-countryman-c-an\/#breadcrumb"},"inLanguage":"de","potentialAction":[{"@type":"ReadAction","target":["https:\/\/all-car-news.com\/de\/mini-kuendigt-preise-fuer-neuen-cooper-se-und-countryman-c-an\/"]}]},{"@type":"BreadcrumbList","@id":"https:\/\/all-car-news.com\/de\/mini-kuendigt-preise-fuer-neuen-cooper-se-und-countryman-c-an\/#breadcrumb","itemListElement":[{"@type":"ListItem","position":1,"name":"Home","item":"https:\/\/all-car-news.com\/de\/"},{"@type":"ListItem","position":2,"name":"Mini k\u00fcndigt Preise f\u00fcr neuen Cooper SE und Countryman C an"}]},{"@type":"WebSite","@id":"https:\/\/all-car-news.com\/de\/#website","url":"https:\/\/all-car-news.com\/de\/","name":"All cars news","description":"","publisher":{"@id":"https:\/\/all-car-news.com\/de\/#organization"},"potentialAction":[{"@type":"SearchAction","target":{"@type":"EntryPoint","urlTemplate":"https:\/\/all-car-news.com\/de\/?s={search_term_string}"},"query-input":"required name=search_term_string"}],"inLanguage":"de"},{"@type":"Organization","@id":"https:\/\/all-car-news.com\/de\/#organization","name":"All cars news","url":"https:\/\/all-car-news.com\/de\/","logo":{"@type":"ImageObject","inLanguage":"de","@id":"https:\/\/all-car-news.com\/de\/#\/schema\/logo\/image\/","url":"https:\/\/all-car-news.com\/wp-content\/uploads\/2022\/02\/CMYK-AllCarNews_LANDSCAPE_300px-1.png","contentUrl":"https:\/\/all-car-news.com\/wp-content\/uploads\/2022\/02\/CMYK-AllCarNews_LANDSCAPE_300px-1.png","width":300,"height":100,"caption":"All cars news"},"image":{"@id":"https:\/\/all-car-news.com\/de\/#\/schema\/logo\/image\/"}}]}},"_links":{"self":[{"href":"https:\/\/all-car-news.com\/de\/wp-json\/wp\/v2\/posts\/139131","targetHints":{"allow":["GET"]}}],"collection":[{"href":"https:\/\/all-car-news.com\/de\/wp-json\/wp\/v2\/posts"}],"about":[{"href":"https:\/\/all-car-news.com\/de\/wp-json\/wp\/v2\/types\/post"}],"replies":[{"embeddable":true,"href":"https:\/\/all-car-news.com\/de\/wp-json\/wp\/v2\/comments?post=139131"}],"version-history":[{"count":0,"href":"https:\/\/all-car-news.com\/de\/wp-json\/wp\/v2\/posts\/139131\/revisions"}],"wp:featuredmedia":[{"embeddable":true,"href":"https:\/\/all-car-news.com\/de\/wp-json\/wp\/v2\/media\/139126"}],"wp:attachment":[{"href":"https:\/\/all-car-news.com\/de\/wp-json\/wp\/v2\/media?parent=139131"}],"wp:term":[{"taxonomy":"category","embeddable":true,"href":"https:\/\/all-car-news.com\/de\/wp-json\/wp\/v2\/categories?post=139131"},{"taxonomy":"post_tag","embeddable":true,"href":"https:\/\/all-car-news.com\/de\/wp-json\/wp\/v2\/tags?post=139131"}],"curies":[{"name":"wp","href":"https:\/\/api.w.org\/{rel}","templated":true}]}}