{"id":139073,"date":"2023-09-14T17:30:59","date_gmt":"2023-09-14T17:30:59","guid":{"rendered":"https:\/\/all-car-news.com\/einstiegsklasse-so-viel-kostet-der-bmw-ix1-edrive20\/"},"modified":"2023-09-14T17:30:59","modified_gmt":"2023-09-14T17:30:59","slug":"einstiegsklasse-so-viel-kostet-der-bmw-ix1-edrive20","status":"publish","type":"post","link":"https:\/\/all-car-news.com\/de\/einstiegsklasse-so-viel-kostet-der-bmw-ix1-edrive20\/","title":{"rendered":"Einstiegsklasse: So viel kostet der BMW iX1 eDrive20"},"content":{"rendered":"<h2>BMW iX1 eDrive20<\/h2>\n<p>Nachdem wir Ihnen bereits die Preise der <a href=\"https:\/\/autorai.nl\/bmw-5-serie-sedan-plug-in-hybride-prijzen\/\">beiden neuen PHEV-Varianten<\/a> der neuen 5er-Serie nennen konnten, k\u00f6nnen wir Ihnen nun auch sagen, was die Basisversion des iX1 kostet: mindestens 48.316 Euro.&nbsp;Bislang war der iX1 nur als allradgetriebener xDrive30&nbsp;erh\u00e4ltlich, nun kommt der frontgetriebene xDrive20 hinzu. Die zweite vollelektrische Modellvariante des X1 wird von einem Elektromotor mit einer maximalen Leistung von 150 kW\/204 PS (mit tempor\u00e4rem Boost) angetrieben und hat eine Reichweite von 430 bis 475 Kilometern.<\/p>\n<figure class=\"wp-block-image size-content\"><img decoding=\"async\" loading=\"lazy\" width=\"1140\" height=\"855\" src=\"https:\/\/autorai.nl\/wp-content\/uploads\/2023\/09\/P90520688_highRes_the-all-new-bmw-ix1--1140x855.jpg\" alt=\"\" class=\"wp-image-166035\"><\/figure>\n<h2>Weitere Spezifikationen<\/h2>\n<p>Der kompakte SUV beschleunigt in 8,6 Sekunden von null auf 100 km\/h. Die H\u00f6chstgeschwindigkeit ist elektronisch auf 170 km\/h begrenzt. Die Batterie hat einen nutzbaren Energieinhalt von 64,7 kWh. Normales AC-Laden ist mit bis zu 11 kW m\u00f6glich. Dadurch ist der Akku innerhalb von 6,5 Stunden vollst\u00e4ndig aufgeladen. Dreiphasiges AC-Laden mit einer Leistung von bis zu 22 kW ist optional erh\u00e4ltlich. Eine vollst\u00e4ndige Aufladung dauert dann 3,45 Stunden. Mit einem Schnellladeger\u00e4t kann das Auto bis zu 130 kW leisten. Der Ladevorgang von 10 auf 80 Prozent dauert dann 29 Minuten.  <\/p>\n<figure class=\"wp-block-image size-content\"><img decoding=\"async\" loading=\"lazy\" width=\"1140\" height=\"855\" src=\"https:\/\/autorai.nl\/wp-content\/uploads\/2023\/09\/P90520694_highRes_the-all-new-bmw-ix1--1140x855.jpg\" alt=\"\" class=\"wp-image-166036\"><\/figure>\n<h2>Serienm\u00e4\u00dfige Ausstattung<\/h2>\n<p>Der neue BMW iX1 eDrive20 ist serienm\u00e4\u00dfig mit dem Navigationssystem BMW Maps, einer Zwei-Zonen-Klimaautomatik, verschiedenen Fahrassistenzsystemen und dem Parkassistenten inklusive R\u00fcckfahrkamera ausgestattet. Das neue BMW iDrive mit &#8222;QuickSelect&#8220; und das neue BMW Operating System 9 geh\u00f6ren ebenfalls zur Serienausstattung. Der neue BMW iX1 eDrive20 wird ab dem Produktionsstart im November 2023 erh\u00e4ltlich sein.  <\/p>\n<figure class=\"wp-block-embed is-type-video is-provider-youtube wp-block-embed-youtube wp-embed-aspect-16-9 wp-has-aspect-ratio\">\n<div class=\"wp-block-embed__wrapper\">\n<\/div>\n<\/figure>\n","protected":false},"excerpt":{"rendered":"BMW iX1 eDrive20 Nachdem wir Ihnen bereits die Preise der beiden neuen PHEV-Varianten des neuen 5ers nennen konnten, k\u00f6nnen wir&hellip;","protected":false},"author":0,"featured_media":138719,"comment_status":"","ping_status":"open","sticky":false,"template":"","format":"standard","meta":{"footnotes":""},"categories":[125],"tags":[],"class_list":["post-139073","post","type-post","status-publish","format-standard","has-post-thumbnail","hentry","category-auto-nachrichten"],"acf":[],"yoast_head":"<!-- This site is optimized with the Yoast SEO plugin v21.2 - https:\/\/yoast.com\/wordpress\/plugins\/seo\/ -->\n<title>Einstiegsklasse: So viel kostet der BMW iX1 eDrive20 - All cars news<\/title>\n<meta name=\"robots\" content=\"index, follow, max-snippet:-1, max-image-preview:large, max-video-preview:-1\" \/>\n<link rel=\"canonical\" href=\"https:\/\/all-car-news.com\/de\/einstiegsklasse-so-viel-kostet-der-bmw-ix1-edrive20\/\" \/>\n<meta property=\"og:locale\" content=\"de_DE\" \/>\n<meta property=\"og:type\" content=\"article\" \/>\n<meta property=\"og:title\" content=\"Einstiegsklasse: So viel kostet der BMW iX1 eDrive20 - All cars news\" \/>\n<meta property=\"og:description\" content=\"BMW iX1 eDrive20 Nachdem wir Ihnen bereits die Preise der beiden neuen PHEV-Varianten des neuen 5ers nennen konnten, k\u00f6nnen wir Ihnen nun auch sagen, was die Basisversion des iX1 kostet: mindestens 48.316 Euro.&nbsp;Bislang war der iX1 nur als allradgetriebener xDrive30&nbsp;erh\u00e4ltlich, nun kommt der frontgetriebene xDrive20 hinzu. Die zweite [...]\" \/>\n<meta property=\"og:url\" content=\"https:\/\/all-car-news.com\/de\/einstiegsklasse-so-viel-kostet-der-bmw-ix1-edrive20\/\" \/>\n<meta property=\"og:site_name\" content=\"All cars news\" \/>\n<meta property=\"article:published_time\" content=\"2023-09-14T17:30:59+00:00\" \/>\n<meta property=\"og:image\" content=\"https:\/\/autorai.nl\/wp-content\/uploads\/2023\/09\/P90520688_highRes_the-all-new-bmw-ix1--1140x855.jpg\" \/>\n<meta name=\"twitter:card\" content=\"summary_large_image\" \/>\n<meta name=\"twitter:label1\" content=\"Gesch\u00e4tzte Lesezeit\" \/>\n\t<meta name=\"twitter:data1\" content=\"1\u00a0Minute\" \/>\n<script type=\"application\/ld+json\" class=\"yoast-schema-graph\">{\"@context\":\"https:\/\/schema.org\",\"@graph\":[{\"@type\":\"Article\",\"@id\":\"https:\/\/all-car-news.com\/de\/einstiegsklasse-so-viel-kostet-der-bmw-ix1-edrive20\/#article\",\"isPartOf\":{\"@id\":\"https:\/\/all-car-news.com\/de\/einstiegsklasse-so-viel-kostet-der-bmw-ix1-edrive20\/\"},\"author\":{\"name\":\"\",\"@id\":\"\"},\"headline\":\"Einstiegsklasse: So viel kostet der BMW iX1 eDrive20\",\"datePublished\":\"2023-09-14T17:30:59+00:00\",\"dateModified\":\"2023-09-14T17:30:59+00:00\",\"mainEntityOfPage\":{\"@id\":\"https:\/\/all-car-news.com\/de\/einstiegsklasse-so-viel-kostet-der-bmw-ix1-edrive20\/\"},\"wordCount\":234,\"publisher\":{\"@id\":\"https:\/\/all-car-news.com\/de\/#organization\"},\"articleSection\":[\"Auto Nachrichten\"],\"inLanguage\":\"de\"},{\"@type\":\"WebPage\",\"@id\":\"https:\/\/all-car-news.com\/de\/einstiegsklasse-so-viel-kostet-der-bmw-ix1-edrive20\/\",\"url\":\"https:\/\/all-car-news.com\/de\/einstiegsklasse-so-viel-kostet-der-bmw-ix1-edrive20\/\",\"name\":\"Einstiegsklasse: So viel kostet der BMW iX1 eDrive20 - All cars news\",\"isPartOf\":{\"@id\":\"https:\/\/all-car-news.com\/de\/#website\"},\"datePublished\":\"2023-09-14T17:30:59+00:00\",\"dateModified\":\"2023-09-14T17:30:59+00:00\",\"breadcrumb\":{\"@id\":\"https:\/\/all-car-news.com\/de\/einstiegsklasse-so-viel-kostet-der-bmw-ix1-edrive20\/#breadcrumb\"},\"inLanguage\":\"de\",\"potentialAction\":[{\"@type\":\"ReadAction\",\"target\":[\"https:\/\/all-car-news.com\/de\/einstiegsklasse-so-viel-kostet-der-bmw-ix1-edrive20\/\"]}]},{\"@type\":\"BreadcrumbList\",\"@id\":\"https:\/\/all-car-news.com\/de\/einstiegsklasse-so-viel-kostet-der-bmw-ix1-edrive20\/#breadcrumb\",\"itemListElement\":[{\"@type\":\"ListItem\",\"position\":1,\"name\":\"Home\",\"item\":\"https:\/\/all-car-news.com\/de\/\"},{\"@type\":\"ListItem\",\"position\":2,\"name\":\"Einstiegsklasse: So viel kostet der BMW iX1 eDrive20\"}]},{\"@type\":\"WebSite\",\"@id\":\"https:\/\/all-car-news.com\/de\/#website\",\"url\":\"https:\/\/all-car-news.com\/de\/\",\"name\":\"All cars news\",\"description\":\"\",\"publisher\":{\"@id\":\"https:\/\/all-car-news.com\/de\/#organization\"},\"potentialAction\":[{\"@type\":\"SearchAction\",\"target\":{\"@type\":\"EntryPoint\",\"urlTemplate\":\"https:\/\/all-car-news.com\/de\/?s={search_term_string}\"},\"query-input\":\"required name=search_term_string\"}],\"inLanguage\":\"de\"},{\"@type\":\"Organization\",\"@id\":\"https:\/\/all-car-news.com\/de\/#organization\",\"name\":\"All cars news\",\"url\":\"https:\/\/all-car-news.com\/de\/\",\"logo\":{\"@type\":\"ImageObject\",\"inLanguage\":\"de\",\"@id\":\"https:\/\/all-car-news.com\/de\/#\/schema\/logo\/image\/\",\"url\":\"https:\/\/all-car-news.com\/wp-content\/uploads\/2022\/02\/CMYK-AllCarNews_LANDSCAPE_300px-1.png\",\"contentUrl\":\"https:\/\/all-car-news.com\/wp-content\/uploads\/2022\/02\/CMYK-AllCarNews_LANDSCAPE_300px-1.png\",\"width\":300,\"height\":100,\"caption\":\"All cars news\"},\"image\":{\"@id\":\"https:\/\/all-car-news.com\/de\/#\/schema\/logo\/image\/\"}}]}<\/script>\n<!-- \/ Yoast SEO plugin. -->","yoast_head_json":{"title":"Einstiegsklasse: So viel kostet der BMW iX1 eDrive20 - All cars news","robots":{"index":"index","follow":"follow","max-snippet":"max-snippet:-1","max-image-preview":"max-image-preview:large","max-video-preview":"max-video-preview:-1"},"canonical":"https:\/\/all-car-news.com\/de\/einstiegsklasse-so-viel-kostet-der-bmw-ix1-edrive20\/","og_locale":"de_DE","og_type":"article","og_title":"Einstiegsklasse: So viel kostet der BMW iX1 eDrive20 - All cars news","og_description":"BMW iX1 eDrive20 Nachdem wir Ihnen bereits die Preise der beiden neuen PHEV-Varianten des neuen 5ers nennen konnten, k\u00f6nnen wir Ihnen nun auch sagen, was die Basisversion des iX1 kostet: mindestens 48.316 Euro.&nbsp;Bislang war der iX1 nur als allradgetriebener xDrive30&nbsp;erh\u00e4ltlich, nun kommt der frontgetriebene xDrive20 hinzu. Die zweite [...]","og_url":"https:\/\/all-car-news.com\/de\/einstiegsklasse-so-viel-kostet-der-bmw-ix1-edrive20\/","og_site_name":"All cars news","article_published_time":"2023-09-14T17:30:59+00:00","og_image":[{"url":"https:\/\/autorai.nl\/wp-content\/uploads\/2023\/09\/P90520688_highRes_the-all-new-bmw-ix1--1140x855.jpg"}],"twitter_card":"summary_large_image","twitter_misc":{"Gesch\u00e4tzte Lesezeit":"1\u00a0Minute"},"schema":{"@context":"https:\/\/schema.org","@graph":[{"@type":"Article","@id":"https:\/\/all-car-news.com\/de\/einstiegsklasse-so-viel-kostet-der-bmw-ix1-edrive20\/#article","isPartOf":{"@id":"https:\/\/all-car-news.com\/de\/einstiegsklasse-so-viel-kostet-der-bmw-ix1-edrive20\/"},"author":{"name":"","@id":""},"headline":"Einstiegsklasse: So viel kostet der BMW iX1 eDrive20","datePublished":"2023-09-14T17:30:59+00:00","dateModified":"2023-09-14T17:30:59+00:00","mainEntityOfPage":{"@id":"https:\/\/all-car-news.com\/de\/einstiegsklasse-so-viel-kostet-der-bmw-ix1-edrive20\/"},"wordCount":234,"publisher":{"@id":"https:\/\/all-car-news.com\/de\/#organization"},"articleSection":["Auto Nachrichten"],"inLanguage":"de"},{"@type":"WebPage","@id":"https:\/\/all-car-news.com\/de\/einstiegsklasse-so-viel-kostet-der-bmw-ix1-edrive20\/","url":"https:\/\/all-car-news.com\/de\/einstiegsklasse-so-viel-kostet-der-bmw-ix1-edrive20\/","name":"Einstiegsklasse: So viel kostet der BMW iX1 eDrive20 - All cars news","isPartOf":{"@id":"https:\/\/all-car-news.com\/de\/#website"},"datePublished":"2023-09-14T17:30:59+00:00","dateModified":"2023-09-14T17:30:59+00:00","breadcrumb":{"@id":"https:\/\/all-car-news.com\/de\/einstiegsklasse-so-viel-kostet-der-bmw-ix1-edrive20\/#breadcrumb"},"inLanguage":"de","potentialAction":[{"@type":"ReadAction","target":["https:\/\/all-car-news.com\/de\/einstiegsklasse-so-viel-kostet-der-bmw-ix1-edrive20\/"]}]},{"@type":"BreadcrumbList","@id":"https:\/\/all-car-news.com\/de\/einstiegsklasse-so-viel-kostet-der-bmw-ix1-edrive20\/#breadcrumb","itemListElement":[{"@type":"ListItem","position":1,"name":"Home","item":"https:\/\/all-car-news.com\/de\/"},{"@type":"ListItem","position":2,"name":"Einstiegsklasse: So viel kostet der BMW iX1 eDrive20"}]},{"@type":"WebSite","@id":"https:\/\/all-car-news.com\/de\/#website","url":"https:\/\/all-car-news.com\/de\/","name":"All cars news","description":"","publisher":{"@id":"https:\/\/all-car-news.com\/de\/#organization"},"potentialAction":[{"@type":"SearchAction","target":{"@type":"EntryPoint","urlTemplate":"https:\/\/all-car-news.com\/de\/?s={search_term_string}"},"query-input":"required name=search_term_string"}],"inLanguage":"de"},{"@type":"Organization","@id":"https:\/\/all-car-news.com\/de\/#organization","name":"All cars news","url":"https:\/\/all-car-news.com\/de\/","logo":{"@type":"ImageObject","inLanguage":"de","@id":"https:\/\/all-car-news.com\/de\/#\/schema\/logo\/image\/","url":"https:\/\/all-car-news.com\/wp-content\/uploads\/2022\/02\/CMYK-AllCarNews_LANDSCAPE_300px-1.png","contentUrl":"https:\/\/all-car-news.com\/wp-content\/uploads\/2022\/02\/CMYK-AllCarNews_LANDSCAPE_300px-1.png","width":300,"height":100,"caption":"All cars news"},"image":{"@id":"https:\/\/all-car-news.com\/de\/#\/schema\/logo\/image\/"}}]}},"_links":{"self":[{"href":"https:\/\/all-car-news.com\/de\/wp-json\/wp\/v2\/posts\/139073","targetHints":{"allow":["GET"]}}],"collection":[{"href":"https:\/\/all-car-news.com\/de\/wp-json\/wp\/v2\/posts"}],"about":[{"href":"https:\/\/all-car-news.com\/de\/wp-json\/wp\/v2\/types\/post"}],"replies":[{"embeddable":true,"href":"https:\/\/all-car-news.com\/de\/wp-json\/wp\/v2\/comments?post=139073"}],"version-history":[{"count":0,"href":"https:\/\/all-car-news.com\/de\/wp-json\/wp\/v2\/posts\/139073\/revisions"}],"wp:featuredmedia":[{"embeddable":true,"href":"https:\/\/all-car-news.com\/de\/wp-json\/wp\/v2\/media\/138719"}],"wp:attachment":[{"href":"https:\/\/all-car-news.com\/de\/wp-json\/wp\/v2\/media?parent=139073"}],"wp:term":[{"taxonomy":"category","embeddable":true,"href":"https:\/\/all-car-news.com\/de\/wp-json\/wp\/v2\/categories?post=139073"},{"taxonomy":"post_tag","embeddable":true,"href":"https:\/\/all-car-news.com\/de\/wp-json\/wp\/v2\/tags?post=139073"}],"curies":[{"name":"wp","href":"https:\/\/api.w.org\/{rel}","templated":true}]}}