{"id":139068,"date":"2023-09-15T10:13:20","date_gmt":"2023-09-15T10:13:20","guid":{"rendered":"https:\/\/all-car-news.com\/mullen-five-was-hat-dieser-elektro-suv-zu-bieten\/"},"modified":"2023-09-15T10:13:20","modified_gmt":"2023-09-15T10:13:20","slug":"mullen-five-was-hat-dieser-elektro-suv-zu-bieten","status":"publish","type":"post","link":"https:\/\/all-car-news.com\/de\/mullen-five-was-hat-dieser-elektro-suv-zu-bieten\/","title":{"rendered":"Mullen FIVE: Was hat dieser Elektro-SUV zu bieten?"},"content":{"rendered":"<h2>Inspiriert von Kalifornien<\/h2>\n<p>Mullen Automotive ist in S\u00fcdkalifornien ans\u00e4ssig. Mit dem Campus, dem One und dem Three stellt das Unternehmen bereits elektrische Lieferwagen her. David Michery ist der CEO des Unternehmens. &#8222;Unser Designteam hat sich bei der Gestaltung des FIVE auf zwei inspirierende kalifornische Themen konzentriert: California Landscape und California Urban.&#8220;<\/p>\n<h2>Technische Daten Mullen FIVE<\/h2>\n<p>Der Preis f\u00fcr den Mullen FIVE beginnt bei 55.000 Dollar. Es wird in den Farben wei\u00df, rot, blau, grau, schwarz und sandfarben erh\u00e4ltlich sein. Der Hersteller gibt auch bereits technische Informationen heraus. So verf\u00fcgt das Modell \u00fcber eine 95 kWh-Batterie. Daraus ergibt sich eine Reichweite von 325 Meilen bzw. 520 Kilometern (umgerechnet). Die Zeit von 0-96 betr\u00e4gt 3,2 Sekunden und die H\u00f6chstgeschwindigkeit 250 km\/h. Der Ladevorgang von 0 auf 80 Prozent dauert 21 Minuten. Dar\u00fcber hinaus kann das Auto teilautonom fahren.<\/p>\n<h2>Innenausstattung mit BMW Komponenten<\/h2>\n<p>Bemerkenswerterweise besteht der Innenraum des FIVE aus verschiedenen BMW Komponenten, wie die folgenden Bilder zeigen, die von David Michery zur Verf\u00fcgung gestellt wurden. Unter anderem stammen das Lenkrad und das Infotainment aus den Regalen von BMW. Mullen hat sich f\u00fcr Karbonverkleidungen am Lenkrad entschieden. Es ist m\u00f6glich, dass es sich noch um einen Prototyp handelt. Ob das Serienmodell auch Innenraumkomponenten von BMW erhalten wird, ist noch nicht bekannt. Auf der Website von Mullen finden sich weitere Innenraumfotos ohne BMW-Einfl\u00fcsse.<\/p>\n<figure class=\"wp-block-image size-content\"><img decoding=\"async\" loading=\"lazy\" width=\"1140\" height=\"631\" src=\"https:\/\/autorai.nl\/wp-content\/uploads\/2023\/09\/mullen-five-interieur-1140x631.png\" alt=\"Mullen FIVE\" class=\"wp-image-166696\"><\/figure>\n<h2>Beginn der Produktion<\/h2>\n<p>Die Produktion des Mullen FIVE wird Ende 2025 anlaufen, die Auslieferung an die Kunden ist f\u00fcr Mitte 2026 geplant. Mullen macht den Anfang mit der RS-Version, gefolgt von den Mullen FIVE Basis- und Touring-Modellen. Die Produktion des Modells findet in Mishawaka statt. Bei Bedarf kann das Unternehmen das Auto zu Ihnen nach Hause liefern.<\/p>\n<blockquote class=\"twitter-tweet\">\n<p lang=\"en\" dir=\"ltr\">Mehr braucht man nicht zu sagen<a href=\"https:\/\/twitter.com\/hashtag\/AmericanMadeV?src=hash&amp;ref_src=twsrc%5Etfw\">!\ud83d\ude0a#AmericanMadeV<\/a> <a href=\"https:\/\/t.co\/WAUAwrh86Z\">pic.twitter.com\/WAUAwrh86Z<\/a><\/p>\n<p>&#8211; David Michery (@DavidMichery) <a href=\"https:\/\/twitter.com\/DavidMichery\/status\/1701961886617534761?ref_src=twsrc%5Etfw\">September 13, 2023<\/a><\/p>\n<\/blockquote>\n<\/p>\n<figure class=\"wp-block-embed is-type-video is-provider-youtube wp-block-embed-youtube wp-embed-aspect-16-9 wp-has-aspect-ratio\">\n<div class=\"wp-block-embed__wrapper\">\n<\/div>\n<\/figure>\n","protected":false},"excerpt":{"rendered":"Inspiriert von Kalifornien Mullen Automotive ist in S\u00fcdkalifornien ans\u00e4ssig. Mit dem Campus, dem One und dem Three stellt das Unternehmen&hellip;","protected":false},"author":0,"featured_media":139046,"comment_status":"","ping_status":"open","sticky":false,"template":"","format":"standard","meta":{"footnotes":""},"categories":[125],"tags":[],"class_list":["post-139068","post","type-post","status-publish","format-standard","has-post-thumbnail","hentry","category-auto-nachrichten"],"acf":[],"yoast_head":"<!-- This site is optimized with the Yoast SEO plugin v21.2 - https:\/\/yoast.com\/wordpress\/plugins\/seo\/ -->\n<title>Mullen FIVE: Was hat dieser Elektro-SUV zu bieten? - All cars news<\/title>\n<meta name=\"robots\" content=\"index, follow, max-snippet:-1, max-image-preview:large, max-video-preview:-1\" \/>\n<link rel=\"canonical\" href=\"https:\/\/all-car-news.com\/de\/mullen-five-was-hat-dieser-elektro-suv-zu-bieten\/\" \/>\n<meta property=\"og:locale\" content=\"de_DE\" \/>\n<meta property=\"og:type\" content=\"article\" \/>\n<meta property=\"og:title\" content=\"Mullen FIVE: Was hat dieser Elektro-SUV zu bieten? - All cars news\" \/>\n<meta property=\"og:description\" content=\"Inspiriert von Kalifornien Mullen Automotive ist in S\u00fcdkalifornien ans\u00e4ssig. Mit dem Campus, dem One und dem Three stellt das Unternehmen bereits elektrische Lieferwagen her. David Michery ist der CEO des Unternehmens. &quot;Unser Designteam konzentrierte sich bei der Gestaltung der FIVE auf zwei inspirierende kalifornische Themen: California Landscape und California [...]\" \/>\n<meta property=\"og:url\" content=\"https:\/\/all-car-news.com\/de\/mullen-five-was-hat-dieser-elektro-suv-zu-bieten\/\" \/>\n<meta property=\"og:site_name\" content=\"All cars news\" \/>\n<meta property=\"article:published_time\" content=\"2023-09-15T10:13:20+00:00\" \/>\n<meta property=\"og:image\" content=\"https:\/\/autorai.nl\/wp-content\/uploads\/2023\/09\/mullen-five-interieur-1140x631.png\" \/>\n<meta name=\"twitter:card\" content=\"summary_large_image\" \/>\n<meta name=\"twitter:label1\" content=\"Gesch\u00e4tzte Lesezeit\" \/>\n\t<meta name=\"twitter:data1\" content=\"1\u00a0Minute\" \/>\n<script type=\"application\/ld+json\" class=\"yoast-schema-graph\">{\"@context\":\"https:\/\/schema.org\",\"@graph\":[{\"@type\":\"Article\",\"@id\":\"https:\/\/all-car-news.com\/de\/mullen-five-was-hat-dieser-elektro-suv-zu-bieten\/#article\",\"isPartOf\":{\"@id\":\"https:\/\/all-car-news.com\/de\/mullen-five-was-hat-dieser-elektro-suv-zu-bieten\/\"},\"author\":{\"name\":\"\",\"@id\":\"\"},\"headline\":\"Mullen FIVE: Was hat dieser Elektro-SUV zu bieten?\",\"datePublished\":\"2023-09-15T10:13:20+00:00\",\"dateModified\":\"2023-09-15T10:13:20+00:00\",\"mainEntityOfPage\":{\"@id\":\"https:\/\/all-car-news.com\/de\/mullen-five-was-hat-dieser-elektro-suv-zu-bieten\/\"},\"wordCount\":304,\"publisher\":{\"@id\":\"https:\/\/all-car-news.com\/de\/#organization\"},\"articleSection\":[\"Auto Nachrichten\"],\"inLanguage\":\"de\"},{\"@type\":\"WebPage\",\"@id\":\"https:\/\/all-car-news.com\/de\/mullen-five-was-hat-dieser-elektro-suv-zu-bieten\/\",\"url\":\"https:\/\/all-car-news.com\/de\/mullen-five-was-hat-dieser-elektro-suv-zu-bieten\/\",\"name\":\"Mullen FIVE: Was hat dieser Elektro-SUV zu bieten? - All cars news\",\"isPartOf\":{\"@id\":\"https:\/\/all-car-news.com\/de\/#website\"},\"datePublished\":\"2023-09-15T10:13:20+00:00\",\"dateModified\":\"2023-09-15T10:13:20+00:00\",\"breadcrumb\":{\"@id\":\"https:\/\/all-car-news.com\/de\/mullen-five-was-hat-dieser-elektro-suv-zu-bieten\/#breadcrumb\"},\"inLanguage\":\"de\",\"potentialAction\":[{\"@type\":\"ReadAction\",\"target\":[\"https:\/\/all-car-news.com\/de\/mullen-five-was-hat-dieser-elektro-suv-zu-bieten\/\"]}]},{\"@type\":\"BreadcrumbList\",\"@id\":\"https:\/\/all-car-news.com\/de\/mullen-five-was-hat-dieser-elektro-suv-zu-bieten\/#breadcrumb\",\"itemListElement\":[{\"@type\":\"ListItem\",\"position\":1,\"name\":\"Home\",\"item\":\"https:\/\/all-car-news.com\/de\/\"},{\"@type\":\"ListItem\",\"position\":2,\"name\":\"Mullen FIVE: Was hat dieser Elektro-SUV zu bieten?\"}]},{\"@type\":\"WebSite\",\"@id\":\"https:\/\/all-car-news.com\/de\/#website\",\"url\":\"https:\/\/all-car-news.com\/de\/\",\"name\":\"All cars news\",\"description\":\"\",\"publisher\":{\"@id\":\"https:\/\/all-car-news.com\/de\/#organization\"},\"potentialAction\":[{\"@type\":\"SearchAction\",\"target\":{\"@type\":\"EntryPoint\",\"urlTemplate\":\"https:\/\/all-car-news.com\/de\/?s={search_term_string}\"},\"query-input\":\"required name=search_term_string\"}],\"inLanguage\":\"de\"},{\"@type\":\"Organization\",\"@id\":\"https:\/\/all-car-news.com\/de\/#organization\",\"name\":\"All cars news\",\"url\":\"https:\/\/all-car-news.com\/de\/\",\"logo\":{\"@type\":\"ImageObject\",\"inLanguage\":\"de\",\"@id\":\"https:\/\/all-car-news.com\/de\/#\/schema\/logo\/image\/\",\"url\":\"https:\/\/all-car-news.com\/wp-content\/uploads\/2022\/02\/CMYK-AllCarNews_LANDSCAPE_300px-1.png\",\"contentUrl\":\"https:\/\/all-car-news.com\/wp-content\/uploads\/2022\/02\/CMYK-AllCarNews_LANDSCAPE_300px-1.png\",\"width\":300,\"height\":100,\"caption\":\"All cars news\"},\"image\":{\"@id\":\"https:\/\/all-car-news.com\/de\/#\/schema\/logo\/image\/\"}}]}<\/script>\n<!-- \/ Yoast SEO plugin. -->","yoast_head_json":{"title":"Mullen FIVE: Was hat dieser Elektro-SUV zu bieten? - All cars news","robots":{"index":"index","follow":"follow","max-snippet":"max-snippet:-1","max-image-preview":"max-image-preview:large","max-video-preview":"max-video-preview:-1"},"canonical":"https:\/\/all-car-news.com\/de\/mullen-five-was-hat-dieser-elektro-suv-zu-bieten\/","og_locale":"de_DE","og_type":"article","og_title":"Mullen FIVE: Was hat dieser Elektro-SUV zu bieten? - All cars news","og_description":"Inspiriert von Kalifornien Mullen Automotive ist in S\u00fcdkalifornien ans\u00e4ssig. Mit dem Campus, dem One und dem Three stellt das Unternehmen bereits elektrische Lieferwagen her. David Michery ist der CEO des Unternehmens. \"Unser Designteam konzentrierte sich bei der Gestaltung der FIVE auf zwei inspirierende kalifornische Themen: California Landscape und California [...]","og_url":"https:\/\/all-car-news.com\/de\/mullen-five-was-hat-dieser-elektro-suv-zu-bieten\/","og_site_name":"All cars news","article_published_time":"2023-09-15T10:13:20+00:00","og_image":[{"url":"https:\/\/autorai.nl\/wp-content\/uploads\/2023\/09\/mullen-five-interieur-1140x631.png"}],"twitter_card":"summary_large_image","twitter_misc":{"Gesch\u00e4tzte Lesezeit":"1\u00a0Minute"},"schema":{"@context":"https:\/\/schema.org","@graph":[{"@type":"Article","@id":"https:\/\/all-car-news.com\/de\/mullen-five-was-hat-dieser-elektro-suv-zu-bieten\/#article","isPartOf":{"@id":"https:\/\/all-car-news.com\/de\/mullen-five-was-hat-dieser-elektro-suv-zu-bieten\/"},"author":{"name":"","@id":""},"headline":"Mullen FIVE: Was hat dieser Elektro-SUV zu bieten?","datePublished":"2023-09-15T10:13:20+00:00","dateModified":"2023-09-15T10:13:20+00:00","mainEntityOfPage":{"@id":"https:\/\/all-car-news.com\/de\/mullen-five-was-hat-dieser-elektro-suv-zu-bieten\/"},"wordCount":304,"publisher":{"@id":"https:\/\/all-car-news.com\/de\/#organization"},"articleSection":["Auto Nachrichten"],"inLanguage":"de"},{"@type":"WebPage","@id":"https:\/\/all-car-news.com\/de\/mullen-five-was-hat-dieser-elektro-suv-zu-bieten\/","url":"https:\/\/all-car-news.com\/de\/mullen-five-was-hat-dieser-elektro-suv-zu-bieten\/","name":"Mullen FIVE: Was hat dieser Elektro-SUV zu bieten? - All cars news","isPartOf":{"@id":"https:\/\/all-car-news.com\/de\/#website"},"datePublished":"2023-09-15T10:13:20+00:00","dateModified":"2023-09-15T10:13:20+00:00","breadcrumb":{"@id":"https:\/\/all-car-news.com\/de\/mullen-five-was-hat-dieser-elektro-suv-zu-bieten\/#breadcrumb"},"inLanguage":"de","potentialAction":[{"@type":"ReadAction","target":["https:\/\/all-car-news.com\/de\/mullen-five-was-hat-dieser-elektro-suv-zu-bieten\/"]}]},{"@type":"BreadcrumbList","@id":"https:\/\/all-car-news.com\/de\/mullen-five-was-hat-dieser-elektro-suv-zu-bieten\/#breadcrumb","itemListElement":[{"@type":"ListItem","position":1,"name":"Home","item":"https:\/\/all-car-news.com\/de\/"},{"@type":"ListItem","position":2,"name":"Mullen FIVE: Was hat dieser Elektro-SUV zu bieten?"}]},{"@type":"WebSite","@id":"https:\/\/all-car-news.com\/de\/#website","url":"https:\/\/all-car-news.com\/de\/","name":"All cars news","description":"","publisher":{"@id":"https:\/\/all-car-news.com\/de\/#organization"},"potentialAction":[{"@type":"SearchAction","target":{"@type":"EntryPoint","urlTemplate":"https:\/\/all-car-news.com\/de\/?s={search_term_string}"},"query-input":"required name=search_term_string"}],"inLanguage":"de"},{"@type":"Organization","@id":"https:\/\/all-car-news.com\/de\/#organization","name":"All cars news","url":"https:\/\/all-car-news.com\/de\/","logo":{"@type":"ImageObject","inLanguage":"de","@id":"https:\/\/all-car-news.com\/de\/#\/schema\/logo\/image\/","url":"https:\/\/all-car-news.com\/wp-content\/uploads\/2022\/02\/CMYK-AllCarNews_LANDSCAPE_300px-1.png","contentUrl":"https:\/\/all-car-news.com\/wp-content\/uploads\/2022\/02\/CMYK-AllCarNews_LANDSCAPE_300px-1.png","width":300,"height":100,"caption":"All cars news"},"image":{"@id":"https:\/\/all-car-news.com\/de\/#\/schema\/logo\/image\/"}}]}},"_links":{"self":[{"href":"https:\/\/all-car-news.com\/de\/wp-json\/wp\/v2\/posts\/139068","targetHints":{"allow":["GET"]}}],"collection":[{"href":"https:\/\/all-car-news.com\/de\/wp-json\/wp\/v2\/posts"}],"about":[{"href":"https:\/\/all-car-news.com\/de\/wp-json\/wp\/v2\/types\/post"}],"replies":[{"embeddable":true,"href":"https:\/\/all-car-news.com\/de\/wp-json\/wp\/v2\/comments?post=139068"}],"version-history":[{"count":0,"href":"https:\/\/all-car-news.com\/de\/wp-json\/wp\/v2\/posts\/139068\/revisions"}],"wp:featuredmedia":[{"embeddable":true,"href":"https:\/\/all-car-news.com\/de\/wp-json\/wp\/v2\/media\/139046"}],"wp:attachment":[{"href":"https:\/\/all-car-news.com\/de\/wp-json\/wp\/v2\/media?parent=139068"}],"wp:term":[{"taxonomy":"category","embeddable":true,"href":"https:\/\/all-car-news.com\/de\/wp-json\/wp\/v2\/categories?post=139068"},{"taxonomy":"post_tag","embeddable":true,"href":"https:\/\/all-car-news.com\/de\/wp-json\/wp\/v2\/tags?post=139068"}],"curies":[{"name":"wp","href":"https:\/\/api.w.org\/{rel}","templated":true}]}}