{"id":138929,"date":"2023-09-10T08:54:00","date_gmt":"2023-09-10T08:54:00","guid":{"rendered":"https:\/\/all-car-news.com\/niederlaendischer-staat-wird-miteigentuemer-des-netzbetreibers-stedin\/"},"modified":"2023-09-10T08:54:00","modified_gmt":"2023-09-10T08:54:00","slug":"niederlaendischer-staat-wird-miteigentuemer-des-netzbetreibers-stedin","status":"publish","type":"post","link":"https:\/\/all-car-news.com\/de\/niederlaendischer-staat-wird-miteigentuemer-des-netzbetreibers-stedin\/","title":{"rendered":"Niederl\u00e4ndischer Staat wird Miteigent\u00fcmer des Netzbetreibers Stedin"},"content":{"rendered":"<h2>Millionen von Verbindungen<\/h2>\n<p>Stedin ist f\u00fcr die Strom- und Gasversorgung von mehr als 2 Millionen Haushalten und Industriekunden zust\u00e4ndig. Stedin erm\u00f6glicht es Ihnen also auch, Ihr Elektroauto zu Hause aufzuladen. Die Netzgesellschaft Stedin ist f\u00fcr das Netz im gr\u00f6\u00dften Teil von S\u00fcdholland sowie in den Provinzen Utrecht und Zeeland zust\u00e4ndig. Dieses Netz umfasst rund 2,3 Millionen Anschl\u00fcsse f\u00fcr Privat- und Gesch\u00e4ftskunden.<\/p>\n<h2>Energiewende erfordert zukunftssicheres Netz<\/h2>\n<p>Stedin investiert stark in das Stromnetz, um die Qualit\u00e4t und ausreichende Kapazit\u00e4t f\u00fcr die zuk\u00fcnftige Nachhaltigkeit und Expansion zu gew\u00e4hrleisten. Das Unternehmen hat bis 2022 mehr als 700 Millionen Euro in sein Netz investiert, und bis 2030 werden weitere Investitionen in H\u00f6he von mindestens 8 Milliarden Euro erwartet. Um auch in den kommenden Jahren weiter investieren zu k\u00f6nnen, haben Stedin und seine Aktion\u00e4re den Staat aufgefordert, einen Kapitalbedarf von 500 Millionen Euro zu decken. Die Regierung beabsichtigt, diesem Antrag stattzugeben und hat im vergangenen Jahr in der Haushaltsmitteilung 2023 entsprechende Mittel bereitgestellt.<\/p>\n<h2>Umstellung von fossiler Energie auf erneuerbaren Strom<\/h2>\n<p>Klima- und Energieministerin Jetten: &#8222;Entscheidend ist, dass der Ausbau der Stromnetze z\u00fcgig weitergeht. Wir brauchen viel mehr Platz f\u00fcr alle Haushalte und Unternehmen, die in den n\u00e4chsten Jahren ihren eigenen Strom produzieren oder von fossiler Energie auf erneuerbaren Strom umsteigen wollen. Netzbetreiber, Regierung und Unternehmen arbeiten mit aller Kraft an L\u00f6sungen f\u00fcr das Vollstromnetz. Ich freue mich, dass der Bund nun auch finanziell helfen kann.&#8220;<\/p>\n<p>Finanzminister Kaag: &#8222;Mit der Energiewende stehen wir vor einer gro\u00dfen Aufgabe. Der Zugang zum Energienetz ist essentiell und das Energienetz muss robust und zukunftssicher sein. Die Regierung tr\u00e4gt mit dieser Kapitalspritze gerne dazu bei, das \u00f6ffentliche Interesse an der Energieversorgung zu sichern.&#8220;<\/p>\n<h2>Aktienbesitz<\/h2>\n<p>Mit der Einzahlung von 500 Millionen Euro Kapital wird der Staat zu einem Anteil von 11,9 Prozent an Stedin beteiligt. Damit wird die regionale Netzgesellschaft zu einem staatlichen Unternehmen. An dem Unternehmen sind derzeit 42 Gemeinden aus dem Versorgungsgebiet beteiligt, in dem Stedin zum regionalen Netzbetreiber ernannt worden ist. \u00d6ffentliches Aktieneigentum ist eine der S\u00e4ulen, die das \u00f6ffentliche Interesse an einer effizienten und gut funktionierenden Netzgesellschaft sicherstellen.<\/p>\n","protected":false},"excerpt":{"rendered":"Millionen von Anschl\u00fcssen Stedin ist f\u00fcr den Transport von Strom und Gas zu mehr als 2 Millionen Haushalten und Industriekunden&hellip;","protected":false},"author":0,"featured_media":138918,"comment_status":"","ping_status":"open","sticky":false,"template":"","format":"standard","meta":{"footnotes":""},"categories":[125],"tags":[],"class_list":["post-138929","post","type-post","status-publish","format-standard","has-post-thumbnail","hentry","category-auto-nachrichten"],"acf":[],"yoast_head":"<!-- This site is optimized with the Yoast SEO plugin v21.2 - https:\/\/yoast.com\/wordpress\/plugins\/seo\/ -->\n<title>Niederl\u00e4ndischer Staat wird Miteigent\u00fcmer des Netzbetreibers Stedin - All cars news<\/title>\n<meta name=\"robots\" content=\"index, follow, max-snippet:-1, max-image-preview:large, max-video-preview:-1\" \/>\n<link rel=\"canonical\" href=\"https:\/\/all-car-news.com\/de\/niederlaendischer-staat-wird-miteigentuemer-des-netzbetreibers-stedin\/\" \/>\n<meta property=\"og:locale\" content=\"de_DE\" \/>\n<meta property=\"og:type\" content=\"article\" \/>\n<meta property=\"og:title\" content=\"Niederl\u00e4ndischer Staat wird Miteigent\u00fcmer des Netzbetreibers Stedin - All cars news\" \/>\n<meta property=\"og:description\" content=\"Millionen von Anschl\u00fcssen Stedin ist f\u00fcr den Transport von Strom und Gas zu mehr als 2 Millionen Haushalten und Industriekunden verantwortlich. Stedin erm\u00f6glicht es Ihnen also auch, Ihr Elektroauto zu Hause aufzuladen. Die Netzgesellschaft Stedin ist f\u00fcr das Netz im gr\u00f6\u00dften Teil von S\u00fcdholland sowie in den Provinzen Utrecht und Zeeland zust\u00e4ndig. Dieses Netzwerk [...]\" \/>\n<meta property=\"og:url\" content=\"https:\/\/all-car-news.com\/de\/niederlaendischer-staat-wird-miteigentuemer-des-netzbetreibers-stedin\/\" \/>\n<meta property=\"og:site_name\" content=\"All cars news\" \/>\n<meta property=\"article:published_time\" content=\"2023-09-10T08:54:00+00:00\" \/>\n<meta name=\"twitter:card\" content=\"summary_large_image\" \/>\n<meta name=\"twitter:label1\" content=\"Gesch\u00e4tzte Lesezeit\" \/>\n\t<meta name=\"twitter:data1\" content=\"2\u00a0Minuten\" \/>\n<script type=\"application\/ld+json\" class=\"yoast-schema-graph\">{\"@context\":\"https:\/\/schema.org\",\"@graph\":[{\"@type\":\"Article\",\"@id\":\"https:\/\/all-car-news.com\/de\/niederlaendischer-staat-wird-miteigentuemer-des-netzbetreibers-stedin\/#article\",\"isPartOf\":{\"@id\":\"https:\/\/all-car-news.com\/de\/niederlaendischer-staat-wird-miteigentuemer-des-netzbetreibers-stedin\/\"},\"author\":{\"name\":\"\",\"@id\":\"\"},\"headline\":\"Niederl\u00e4ndischer Staat wird Miteigent\u00fcmer des Netzbetreibers Stedin\",\"datePublished\":\"2023-09-10T08:54:00+00:00\",\"dateModified\":\"2023-09-10T08:54:00+00:00\",\"mainEntityOfPage\":{\"@id\":\"https:\/\/all-car-news.com\/de\/niederlaendischer-staat-wird-miteigentuemer-des-netzbetreibers-stedin\/\"},\"wordCount\":363,\"publisher\":{\"@id\":\"https:\/\/all-car-news.com\/de\/#organization\"},\"articleSection\":[\"Auto Nachrichten\"],\"inLanguage\":\"de\"},{\"@type\":\"WebPage\",\"@id\":\"https:\/\/all-car-news.com\/de\/niederlaendischer-staat-wird-miteigentuemer-des-netzbetreibers-stedin\/\",\"url\":\"https:\/\/all-car-news.com\/de\/niederlaendischer-staat-wird-miteigentuemer-des-netzbetreibers-stedin\/\",\"name\":\"Niederl\u00e4ndischer Staat wird Miteigent\u00fcmer des Netzbetreibers Stedin - All cars news\",\"isPartOf\":{\"@id\":\"https:\/\/all-car-news.com\/de\/#website\"},\"datePublished\":\"2023-09-10T08:54:00+00:00\",\"dateModified\":\"2023-09-10T08:54:00+00:00\",\"breadcrumb\":{\"@id\":\"https:\/\/all-car-news.com\/de\/niederlaendischer-staat-wird-miteigentuemer-des-netzbetreibers-stedin\/#breadcrumb\"},\"inLanguage\":\"de\",\"potentialAction\":[{\"@type\":\"ReadAction\",\"target\":[\"https:\/\/all-car-news.com\/de\/niederlaendischer-staat-wird-miteigentuemer-des-netzbetreibers-stedin\/\"]}]},{\"@type\":\"BreadcrumbList\",\"@id\":\"https:\/\/all-car-news.com\/de\/niederlaendischer-staat-wird-miteigentuemer-des-netzbetreibers-stedin\/#breadcrumb\",\"itemListElement\":[{\"@type\":\"ListItem\",\"position\":1,\"name\":\"Home\",\"item\":\"https:\/\/all-car-news.com\/de\/\"},{\"@type\":\"ListItem\",\"position\":2,\"name\":\"Niederl\u00e4ndischer Staat wird Miteigent\u00fcmer des Netzbetreibers Stedin\"}]},{\"@type\":\"WebSite\",\"@id\":\"https:\/\/all-car-news.com\/de\/#website\",\"url\":\"https:\/\/all-car-news.com\/de\/\",\"name\":\"All cars news\",\"description\":\"\",\"publisher\":{\"@id\":\"https:\/\/all-car-news.com\/de\/#organization\"},\"potentialAction\":[{\"@type\":\"SearchAction\",\"target\":{\"@type\":\"EntryPoint\",\"urlTemplate\":\"https:\/\/all-car-news.com\/de\/?s={search_term_string}\"},\"query-input\":\"required name=search_term_string\"}],\"inLanguage\":\"de\"},{\"@type\":\"Organization\",\"@id\":\"https:\/\/all-car-news.com\/de\/#organization\",\"name\":\"All cars news\",\"url\":\"https:\/\/all-car-news.com\/de\/\",\"logo\":{\"@type\":\"ImageObject\",\"inLanguage\":\"de\",\"@id\":\"https:\/\/all-car-news.com\/de\/#\/schema\/logo\/image\/\",\"url\":\"https:\/\/all-car-news.com\/wp-content\/uploads\/2022\/02\/CMYK-AllCarNews_LANDSCAPE_300px-1.png\",\"contentUrl\":\"https:\/\/all-car-news.com\/wp-content\/uploads\/2022\/02\/CMYK-AllCarNews_LANDSCAPE_300px-1.png\",\"width\":300,\"height\":100,\"caption\":\"All cars news\"},\"image\":{\"@id\":\"https:\/\/all-car-news.com\/de\/#\/schema\/logo\/image\/\"}}]}<\/script>\n<!-- \/ Yoast SEO plugin. -->","yoast_head_json":{"title":"Niederl\u00e4ndischer Staat wird Miteigent\u00fcmer des Netzbetreibers Stedin - All cars news","robots":{"index":"index","follow":"follow","max-snippet":"max-snippet:-1","max-image-preview":"max-image-preview:large","max-video-preview":"max-video-preview:-1"},"canonical":"https:\/\/all-car-news.com\/de\/niederlaendischer-staat-wird-miteigentuemer-des-netzbetreibers-stedin\/","og_locale":"de_DE","og_type":"article","og_title":"Niederl\u00e4ndischer Staat wird Miteigent\u00fcmer des Netzbetreibers Stedin - All cars news","og_description":"Millionen von Anschl\u00fcssen Stedin ist f\u00fcr den Transport von Strom und Gas zu mehr als 2 Millionen Haushalten und Industriekunden verantwortlich. Stedin erm\u00f6glicht es Ihnen also auch, Ihr Elektroauto zu Hause aufzuladen. Die Netzgesellschaft Stedin ist f\u00fcr das Netz im gr\u00f6\u00dften Teil von S\u00fcdholland sowie in den Provinzen Utrecht und Zeeland zust\u00e4ndig. Dieses Netzwerk [...]","og_url":"https:\/\/all-car-news.com\/de\/niederlaendischer-staat-wird-miteigentuemer-des-netzbetreibers-stedin\/","og_site_name":"All cars news","article_published_time":"2023-09-10T08:54:00+00:00","twitter_card":"summary_large_image","twitter_misc":{"Gesch\u00e4tzte Lesezeit":"2\u00a0Minuten"},"schema":{"@context":"https:\/\/schema.org","@graph":[{"@type":"Article","@id":"https:\/\/all-car-news.com\/de\/niederlaendischer-staat-wird-miteigentuemer-des-netzbetreibers-stedin\/#article","isPartOf":{"@id":"https:\/\/all-car-news.com\/de\/niederlaendischer-staat-wird-miteigentuemer-des-netzbetreibers-stedin\/"},"author":{"name":"","@id":""},"headline":"Niederl\u00e4ndischer Staat wird Miteigent\u00fcmer des Netzbetreibers Stedin","datePublished":"2023-09-10T08:54:00+00:00","dateModified":"2023-09-10T08:54:00+00:00","mainEntityOfPage":{"@id":"https:\/\/all-car-news.com\/de\/niederlaendischer-staat-wird-miteigentuemer-des-netzbetreibers-stedin\/"},"wordCount":363,"publisher":{"@id":"https:\/\/all-car-news.com\/de\/#organization"},"articleSection":["Auto Nachrichten"],"inLanguage":"de"},{"@type":"WebPage","@id":"https:\/\/all-car-news.com\/de\/niederlaendischer-staat-wird-miteigentuemer-des-netzbetreibers-stedin\/","url":"https:\/\/all-car-news.com\/de\/niederlaendischer-staat-wird-miteigentuemer-des-netzbetreibers-stedin\/","name":"Niederl\u00e4ndischer Staat wird Miteigent\u00fcmer des Netzbetreibers Stedin - All cars news","isPartOf":{"@id":"https:\/\/all-car-news.com\/de\/#website"},"datePublished":"2023-09-10T08:54:00+00:00","dateModified":"2023-09-10T08:54:00+00:00","breadcrumb":{"@id":"https:\/\/all-car-news.com\/de\/niederlaendischer-staat-wird-miteigentuemer-des-netzbetreibers-stedin\/#breadcrumb"},"inLanguage":"de","potentialAction":[{"@type":"ReadAction","target":["https:\/\/all-car-news.com\/de\/niederlaendischer-staat-wird-miteigentuemer-des-netzbetreibers-stedin\/"]}]},{"@type":"BreadcrumbList","@id":"https:\/\/all-car-news.com\/de\/niederlaendischer-staat-wird-miteigentuemer-des-netzbetreibers-stedin\/#breadcrumb","itemListElement":[{"@type":"ListItem","position":1,"name":"Home","item":"https:\/\/all-car-news.com\/de\/"},{"@type":"ListItem","position":2,"name":"Niederl\u00e4ndischer Staat wird Miteigent\u00fcmer des Netzbetreibers Stedin"}]},{"@type":"WebSite","@id":"https:\/\/all-car-news.com\/de\/#website","url":"https:\/\/all-car-news.com\/de\/","name":"All cars news","description":"","publisher":{"@id":"https:\/\/all-car-news.com\/de\/#organization"},"potentialAction":[{"@type":"SearchAction","target":{"@type":"EntryPoint","urlTemplate":"https:\/\/all-car-news.com\/de\/?s={search_term_string}"},"query-input":"required name=search_term_string"}],"inLanguage":"de"},{"@type":"Organization","@id":"https:\/\/all-car-news.com\/de\/#organization","name":"All cars news","url":"https:\/\/all-car-news.com\/de\/","logo":{"@type":"ImageObject","inLanguage":"de","@id":"https:\/\/all-car-news.com\/de\/#\/schema\/logo\/image\/","url":"https:\/\/all-car-news.com\/wp-content\/uploads\/2022\/02\/CMYK-AllCarNews_LANDSCAPE_300px-1.png","contentUrl":"https:\/\/all-car-news.com\/wp-content\/uploads\/2022\/02\/CMYK-AllCarNews_LANDSCAPE_300px-1.png","width":300,"height":100,"caption":"All cars news"},"image":{"@id":"https:\/\/all-car-news.com\/de\/#\/schema\/logo\/image\/"}}]}},"_links":{"self":[{"href":"https:\/\/all-car-news.com\/de\/wp-json\/wp\/v2\/posts\/138929","targetHints":{"allow":["GET"]}}],"collection":[{"href":"https:\/\/all-car-news.com\/de\/wp-json\/wp\/v2\/posts"}],"about":[{"href":"https:\/\/all-car-news.com\/de\/wp-json\/wp\/v2\/types\/post"}],"replies":[{"embeddable":true,"href":"https:\/\/all-car-news.com\/de\/wp-json\/wp\/v2\/comments?post=138929"}],"version-history":[{"count":0,"href":"https:\/\/all-car-news.com\/de\/wp-json\/wp\/v2\/posts\/138929\/revisions"}],"wp:featuredmedia":[{"embeddable":true,"href":"https:\/\/all-car-news.com\/de\/wp-json\/wp\/v2\/media\/138918"}],"wp:attachment":[{"href":"https:\/\/all-car-news.com\/de\/wp-json\/wp\/v2\/media?parent=138929"}],"wp:term":[{"taxonomy":"category","embeddable":true,"href":"https:\/\/all-car-news.com\/de\/wp-json\/wp\/v2\/categories?post=138929"},{"taxonomy":"post_tag","embeddable":true,"href":"https:\/\/all-car-news.com\/de\/wp-json\/wp\/v2\/tags?post=138929"}],"curies":[{"name":"wp","href":"https:\/\/api.w.org\/{rel}","templated":true}]}}