{"id":138924,"date":"2023-09-11T08:18:23","date_gmt":"2023-09-11T08:18:23","guid":{"rendered":"https:\/\/all-car-news.com\/kia-sportage-dark-edition-feiert-das-30-jaehrige-bestehen-des-sportage\/"},"modified":"2023-09-11T08:18:23","modified_gmt":"2023-09-11T08:18:23","slug":"kia-sportage-dark-edition-feiert-das-30-jaehrige-bestehen-des-sportage","status":"publish","type":"post","link":"https:\/\/all-car-news.com\/de\/kia-sportage-dark-edition-feiert-das-30-jaehrige-bestehen-des-sportage\/","title":{"rendered":"Kia Sportage Dark Edition feiert das 30-j\u00e4hrige Bestehen des Sportage"},"content":{"rendered":"<h2>Kia Sportage Dark Edition<\/h2>\n<p>Der spezielle Kia Sportage Dark Edition zeichnet sich durch eine Reihe von exklusiven Designmerkmalen aus, darunter die hochgl\u00e4nzend schwarzen Konturlinien um die Seitenfenster und den Spoiler. Au\u00dferdem verf\u00fcgt das Modell \u00fcber neue dunkle Chromzierleisten an Front, Heck und Seiten. Das Sondermodell rollt auf hochglanzschwarz lackierten Leichtmetallr\u00e4dern.&nbsp;Zu den weiteren auff\u00e4lligen Merkmalen geh\u00f6ren Privacy Glass und dunkel verchromte Schutzbleche.<\/p>\n<p>Exklusiv f\u00fcr die Dark Edition wird die brandneue Farbe Wolfsgrau eingef\u00fchrt. Weitere verf\u00fcgbare Farben sind Deluxe White, Casa White, Pearl Black, Penta Metal und Experience Green.<\/p>\n<h2>Innere<\/h2>\n<p>Der Jubilee Sportage zeichnet sich im Innenraum durch eine Polsterung aus Wildleder und Kunstleder aus. Die sehr luxuri\u00f6se Serienausstattung umfasst unter anderem elektrisch bet\u00e4tigte Vordersitze, Sitz- und Lenkradheizung sowie zus\u00e4tzliche Ambientebeleuchtung. Die Dark Edition ist mit einem speziellen Innenraumpaket in Midnight Green ausgestattet.<\/p>\n<figure class=\"wp-block-image size-content\"><img decoding=\"async\" loading=\"lazy\" width=\"1140\" height=\"641\" src=\"https:\/\/autorai.nl\/wp-content\/uploads\/2023\/09\/kia-sportage-dark-edition-2023-foto4-1140x641.jpg\" alt=\"Kia Sportage Dark Edition\" class=\"wp-image-166455\"><\/figure>\n<h2>Dark Edition in den Niederlanden noch in diesem Jahr<\/h2>\n<p>Die ersten Exemplare der speziellen Kia Sportage Dark Edition werden noch in diesem Jahr in den Niederlanden eintreffen. Preise folgen in K\u00fcrze.<\/p>\n<h2>30 Jahre Kia Sportage<\/h2>\n<p>Der Kia Sportage wurde in 30 Jahren und \u00fcber f\u00fcnf Generationen hinweg weltweit mehr als 7 Millionen Mal verkauft. Die erste Generation erschien im Jahr 1993. Seit 2015 ist der Kia Sportage das meistverkaufte Modell der Marke.  <\/p>\n<p>&#8222;In den vergangenen 30 Jahren ist die Erfolgsformel dieses SUV immer dieselbe geblieben&#8220;, sagt Alexandre Papapetropoulos, Director Product &amp; Pricing bei Kia Europe. &#8222;Zur Feier des Jubil\u00e4ums dieser Kia-Ikone bringen wir eine Sonderedition auf den Markt, die zwar auf 30 Jahre Sportage zur\u00fcckblickt, aber mit ihrem elektrifizierten Antrieb vor allem in die Zukunft blickt.&#8220;  <\/p>\n<div class=\"galery shuffle galery-0\">\n<figure>\n\t\t\t\t\t<span style=\"cursor: pointer\" data-src=\"https:\/\/autorai.nl\/wp-content\/uploads\/2023\/09\/kia-sportage-dark-edition-2023-foto3-1600x900.jpg\" data-fancybox=\"galery-0\" title=\"\"><br \/>\n\t\t\t\t\t\t\t<img decoding=\"async\" width=\"640\" height=\"480\" src=\"https:\/\/autorai.nl\/wp-content\/uploads\/2023\/09\/kia-sportage-dark-edition-2023-foto3-640x480.jpg\" class=\"attachment-medium size-medium\" alt=\"\" loading=\"lazy\"><i class=\"fa fa-search-plus\" aria-hidden=\"true\"><\/i><br \/>\n\t\t\t\t\t\t<\/span><br \/>\n\t\t\t\t\t<\/figure>\n<figure>\n\t\t\t\t\t<span style=\"cursor: pointer\" data-src=\"https:\/\/autorai.nl\/wp-content\/uploads\/2023\/09\/kia-sportage-dark-edition-2023-foto7-1600x900.jpg\" data-fancybox=\"galery-0\" title=\"\"><br \/>\n\t\t\t\t\t\t\t<img decoding=\"async\" width=\"360\" height=\"270\" src=\"https:\/\/autorai.nl\/wp-content\/uploads\/2023\/09\/kia-sportage-dark-edition-2023-foto7-360x270.jpg\" class=\"attachment-small size-small\" alt=\"\" loading=\"lazy\"><i class=\"fa fa-search-plus\" aria-hidden=\"true\"><\/i><br \/>\n\t\t\t\t\t\t<\/span><br \/>\n\t\t\t\t\t<\/figure>\n<figure>\n\t\t\t\t\t<span style=\"cursor: pointer\" data-src=\"https:\/\/autorai.nl\/wp-content\/uploads\/2023\/09\/kia-sportage-dark-edition-2023-foto6-1600x900.jpg\" data-fancybox=\"galery-0\" title=\"\"><br \/>\n\t\t\t\t\t\t\t<img decoding=\"async\" width=\"360\" height=\"270\" src=\"https:\/\/autorai.nl\/wp-content\/uploads\/2023\/09\/kia-sportage-dark-edition-2023-foto6-360x270.jpg\" class=\"attachment-small size-small\" alt=\"Kia Sportage Dark Edition\" loading=\"lazy\"><i class=\"fa fa-search-plus\" aria-hidden=\"true\"><\/i><br \/>\n\t\t\t\t\t\t<\/span><br \/>\n\t\t\t\t\t<\/figure>\n<figure>\n\t\t\t\t\t<span style=\"cursor: pointer\" data-src=\"https:\/\/autorai.nl\/wp-content\/uploads\/2023\/09\/kia-sportage-dark-edition-2023-foto2-1600x900.jpg\" data-fancybox=\"galery-0\" title=\"\"><br \/>\n\t\t\t\t\t\t\t<img decoding=\"async\" width=\"640\" height=\"480\" src=\"https:\/\/autorai.nl\/wp-content\/uploads\/2023\/09\/kia-sportage-dark-edition-2023-foto2-640x480.jpg\" class=\"attachment-medium size-medium\" alt=\"\" loading=\"lazy\"><i class=\"fa fa-search-plus\" aria-hidden=\"true\"><\/i><br \/>\n\t\t\t\t\t\t<\/span><br \/>\n\t\t\t\t\t<\/figure>\n<figure>\n\t\t\t\t\t<span style=\"cursor: pointer\" data-src=\"https:\/\/autorai.nl\/wp-content\/uploads\/2023\/09\/kia-sportage-dark-edition-2023-foto5-1600x900.jpg\" data-fancybox=\"galery-0\" title=\"\"><br \/>\n\t\t\t\t\t\t\t<img decoding=\"async\" width=\"360\" height=\"270\" src=\"https:\/\/autorai.nl\/wp-content\/uploads\/2023\/09\/kia-sportage-dark-edition-2023-foto5-360x270.jpg\" class=\"attachment-small size-small\" alt=\"\" loading=\"lazy\"><i class=\"fa fa-search-plus\" aria-hidden=\"true\"><\/i><br \/>\n\t\t\t\t\t\t<\/span><br \/>\n\t\t\t\t\t<\/figure>\n<figure>\n\t\t\t\t\t<span style=\"cursor: pointer\" data-src=\"https:\/\/autorai.nl\/wp-content\/uploads\/2023\/09\/kia-sportage-dark-edition-2023-foto4-1600x900.jpg\" data-fancybox=\"galery-0\" title=\"\"><br \/>\n\t\t\t\t\t\t\t<img decoding=\"async\" width=\"360\" height=\"270\" src=\"https:\/\/autorai.nl\/wp-content\/uploads\/2023\/09\/kia-sportage-dark-edition-2023-foto4-360x270.jpg\" class=\"attachment-small size-small\" alt=\"Kia Sportage Dark Edition\" loading=\"lazy\"><i class=\"fa fa-search-plus\" aria-hidden=\"true\"><\/i><br \/>\n\t\t\t\t\t\t<\/span><br \/>\n\t\t\t\t\t<\/figure>\n<div class=\"clear\"><\/div>\n<\/div>\n<h2>F\u00fcnf Generationen des Kia Sportage<\/h2>\n<p>Diese erste Generation wird von vielen als Pionier in einem v\u00f6llig neuen Segment angesehen. Die zweite Generation (ab 2004) machte gro\u00dfe Fortschritte in Bezug auf Qualit\u00e4t und Sicherheit. Sie basierte daher auf einer v\u00f6llig neuen Plattform. Von dieser zweiten Generation verkaufte Kia mehr als doppelt so viele Einheiten wie von seinem Vorg\u00e4nger. Die dritte Generation (2010) legte die Messlatte im Segment noch einmal h\u00f6her und fiel vor allem durch das komplett neue Design und den Tiger Nose-K\u00fchlergrill auf.<\/p>\n<p>Die vierte Generation des Sportage (2015) brachte ein ganzes Arsenal an neuen Komfort- und Sicherheitsmerkmalen mit sich, darunter eine Reihe von Fahrerassistenzsystemen. Seit der Einf\u00fchrung dieser Generation ist der Sportage der meistverkaufte Kia innerhalb der breiten Produktpalette. Die f\u00fcnfte, aktuelle Generation des Sportage (2021) ist mit verschiedenen elektrifizierten Antrieben erh\u00e4ltlich, von Mild-Hybrid \u00fcber Hybrid bis hin zu Plug-in-Hybrid.<\/p>\n<figure class=\"wp-block-image size-content\"><img decoding=\"async\" loading=\"lazy\" width=\"1140\" height=\"641\" src=\"https:\/\/autorai.nl\/wp-content\/uploads\/2023\/09\/kia-sportage-dark-edition-2023-foto1-1140x641.jpg\" alt=\"F\u00fcnf Generationen des Kia Sportage\" class=\"wp-image-166452\"><\/figure>\n","protected":false},"excerpt":{"rendered":"Kia Sportage Dark Edition Der spezielle Kia Sportage Dark Edition zeichnet sich durch eine Reihe von exklusiven Designmerkmalen aus, darunter&hellip;","protected":false},"author":0,"featured_media":138906,"comment_status":"","ping_status":"open","sticky":false,"template":"","format":"standard","meta":{"footnotes":""},"categories":[125],"tags":[],"class_list":["post-138924","post","type-post","status-publish","format-standard","has-post-thumbnail","hentry","category-auto-nachrichten"],"acf":[],"yoast_head":"<!-- This site is optimized with the Yoast SEO plugin v21.2 - https:\/\/yoast.com\/wordpress\/plugins\/seo\/ -->\n<title>Kia Sportage Dark Edition feiert das 30-j\u00e4hrige Bestehen des Sportage - All cars news<\/title>\n<meta name=\"robots\" content=\"index, follow, max-snippet:-1, max-image-preview:large, max-video-preview:-1\" \/>\n<link rel=\"canonical\" href=\"https:\/\/all-car-news.com\/de\/kia-sportage-dark-edition-feiert-das-30-jaehrige-bestehen-des-sportage\/\" \/>\n<meta property=\"og:locale\" content=\"de_DE\" \/>\n<meta property=\"og:type\" content=\"article\" \/>\n<meta property=\"og:title\" content=\"Kia Sportage Dark Edition feiert das 30-j\u00e4hrige Bestehen des Sportage - All cars news\" \/>\n<meta property=\"og:description\" content=\"Kia Sportage Dark Edition Der spezielle Kia Sportage Dark Edition zeichnet sich durch eine Reihe von exklusiven Designmerkmalen aus, darunter die hochgl\u00e4nzend schwarzen Konturlinien um die Seitenfenster und den Spoiler. Au\u00dferdem verf\u00fcgt das Modell \u00fcber neue dunkle Chromzierleisten an Front, Heck und Seiten. Das Sondermodell rollt auf hochgl\u00e4nzend schwarz lackierten Leichtmetallr\u00e4dern.&nbsp;Weitere bemerkenswerte [...]\" \/>\n<meta property=\"og:url\" content=\"https:\/\/all-car-news.com\/de\/kia-sportage-dark-edition-feiert-das-30-jaehrige-bestehen-des-sportage\/\" \/>\n<meta property=\"og:site_name\" content=\"All cars news\" \/>\n<meta property=\"article:published_time\" content=\"2023-09-11T08:18:23+00:00\" \/>\n<meta property=\"og:image\" content=\"https:\/\/autorai.nl\/wp-content\/uploads\/2023\/09\/kia-sportage-dark-edition-2023-foto4-1140x641.jpg\" \/>\n<meta name=\"twitter:card\" content=\"summary_large_image\" \/>\n<meta name=\"twitter:label1\" content=\"Gesch\u00e4tzte Lesezeit\" \/>\n\t<meta name=\"twitter:data1\" content=\"2\u00a0Minuten\" \/>\n<script type=\"application\/ld+json\" class=\"yoast-schema-graph\">{\"@context\":\"https:\/\/schema.org\",\"@graph\":[{\"@type\":\"Article\",\"@id\":\"https:\/\/all-car-news.com\/de\/kia-sportage-dark-edition-feiert-das-30-jaehrige-bestehen-des-sportage\/#article\",\"isPartOf\":{\"@id\":\"https:\/\/all-car-news.com\/de\/kia-sportage-dark-edition-feiert-das-30-jaehrige-bestehen-des-sportage\/\"},\"author\":{\"name\":\"\",\"@id\":\"\"},\"headline\":\"Kia Sportage Dark Edition feiert das 30-j\u00e4hrige Bestehen des Sportage\",\"datePublished\":\"2023-09-11T08:18:23+00:00\",\"dateModified\":\"2023-09-11T08:18:23+00:00\",\"mainEntityOfPage\":{\"@id\":\"https:\/\/all-car-news.com\/de\/kia-sportage-dark-edition-feiert-das-30-jaehrige-bestehen-des-sportage\/\"},\"wordCount\":427,\"publisher\":{\"@id\":\"https:\/\/all-car-news.com\/de\/#organization\"},\"articleSection\":[\"Auto Nachrichten\"],\"inLanguage\":\"de\"},{\"@type\":\"WebPage\",\"@id\":\"https:\/\/all-car-news.com\/de\/kia-sportage-dark-edition-feiert-das-30-jaehrige-bestehen-des-sportage\/\",\"url\":\"https:\/\/all-car-news.com\/de\/kia-sportage-dark-edition-feiert-das-30-jaehrige-bestehen-des-sportage\/\",\"name\":\"Kia Sportage Dark Edition feiert das 30-j\u00e4hrige Bestehen des Sportage - All cars news\",\"isPartOf\":{\"@id\":\"https:\/\/all-car-news.com\/de\/#website\"},\"datePublished\":\"2023-09-11T08:18:23+00:00\",\"dateModified\":\"2023-09-11T08:18:23+00:00\",\"breadcrumb\":{\"@id\":\"https:\/\/all-car-news.com\/de\/kia-sportage-dark-edition-feiert-das-30-jaehrige-bestehen-des-sportage\/#breadcrumb\"},\"inLanguage\":\"de\",\"potentialAction\":[{\"@type\":\"ReadAction\",\"target\":[\"https:\/\/all-car-news.com\/de\/kia-sportage-dark-edition-feiert-das-30-jaehrige-bestehen-des-sportage\/\"]}]},{\"@type\":\"BreadcrumbList\",\"@id\":\"https:\/\/all-car-news.com\/de\/kia-sportage-dark-edition-feiert-das-30-jaehrige-bestehen-des-sportage\/#breadcrumb\",\"itemListElement\":[{\"@type\":\"ListItem\",\"position\":1,\"name\":\"Home\",\"item\":\"https:\/\/all-car-news.com\/de\/\"},{\"@type\":\"ListItem\",\"position\":2,\"name\":\"Kia Sportage Dark Edition feiert das 30-j\u00e4hrige Bestehen des Sportage\"}]},{\"@type\":\"WebSite\",\"@id\":\"https:\/\/all-car-news.com\/de\/#website\",\"url\":\"https:\/\/all-car-news.com\/de\/\",\"name\":\"All cars news\",\"description\":\"\",\"publisher\":{\"@id\":\"https:\/\/all-car-news.com\/de\/#organization\"},\"potentialAction\":[{\"@type\":\"SearchAction\",\"target\":{\"@type\":\"EntryPoint\",\"urlTemplate\":\"https:\/\/all-car-news.com\/de\/?s={search_term_string}\"},\"query-input\":\"required name=search_term_string\"}],\"inLanguage\":\"de\"},{\"@type\":\"Organization\",\"@id\":\"https:\/\/all-car-news.com\/de\/#organization\",\"name\":\"All cars news\",\"url\":\"https:\/\/all-car-news.com\/de\/\",\"logo\":{\"@type\":\"ImageObject\",\"inLanguage\":\"de\",\"@id\":\"https:\/\/all-car-news.com\/de\/#\/schema\/logo\/image\/\",\"url\":\"https:\/\/all-car-news.com\/wp-content\/uploads\/2022\/02\/CMYK-AllCarNews_LANDSCAPE_300px-1.png\",\"contentUrl\":\"https:\/\/all-car-news.com\/wp-content\/uploads\/2022\/02\/CMYK-AllCarNews_LANDSCAPE_300px-1.png\",\"width\":300,\"height\":100,\"caption\":\"All cars news\"},\"image\":{\"@id\":\"https:\/\/all-car-news.com\/de\/#\/schema\/logo\/image\/\"}}]}<\/script>\n<!-- \/ Yoast SEO plugin. -->","yoast_head_json":{"title":"Kia Sportage Dark Edition feiert das 30-j\u00e4hrige Bestehen des Sportage - All cars news","robots":{"index":"index","follow":"follow","max-snippet":"max-snippet:-1","max-image-preview":"max-image-preview:large","max-video-preview":"max-video-preview:-1"},"canonical":"https:\/\/all-car-news.com\/de\/kia-sportage-dark-edition-feiert-das-30-jaehrige-bestehen-des-sportage\/","og_locale":"de_DE","og_type":"article","og_title":"Kia Sportage Dark Edition feiert das 30-j\u00e4hrige Bestehen des Sportage - All cars news","og_description":"Kia Sportage Dark Edition Der spezielle Kia Sportage Dark Edition zeichnet sich durch eine Reihe von exklusiven Designmerkmalen aus, darunter die hochgl\u00e4nzend schwarzen Konturlinien um die Seitenfenster und den Spoiler. Au\u00dferdem verf\u00fcgt das Modell \u00fcber neue dunkle Chromzierleisten an Front, Heck und Seiten. Das Sondermodell rollt auf hochgl\u00e4nzend schwarz lackierten Leichtmetallr\u00e4dern.&nbsp;Weitere bemerkenswerte [...]","og_url":"https:\/\/all-car-news.com\/de\/kia-sportage-dark-edition-feiert-das-30-jaehrige-bestehen-des-sportage\/","og_site_name":"All cars news","article_published_time":"2023-09-11T08:18:23+00:00","og_image":[{"url":"https:\/\/autorai.nl\/wp-content\/uploads\/2023\/09\/kia-sportage-dark-edition-2023-foto4-1140x641.jpg"}],"twitter_card":"summary_large_image","twitter_misc":{"Gesch\u00e4tzte Lesezeit":"2\u00a0Minuten"},"schema":{"@context":"https:\/\/schema.org","@graph":[{"@type":"Article","@id":"https:\/\/all-car-news.com\/de\/kia-sportage-dark-edition-feiert-das-30-jaehrige-bestehen-des-sportage\/#article","isPartOf":{"@id":"https:\/\/all-car-news.com\/de\/kia-sportage-dark-edition-feiert-das-30-jaehrige-bestehen-des-sportage\/"},"author":{"name":"","@id":""},"headline":"Kia Sportage Dark Edition feiert das 30-j\u00e4hrige Bestehen des Sportage","datePublished":"2023-09-11T08:18:23+00:00","dateModified":"2023-09-11T08:18:23+00:00","mainEntityOfPage":{"@id":"https:\/\/all-car-news.com\/de\/kia-sportage-dark-edition-feiert-das-30-jaehrige-bestehen-des-sportage\/"},"wordCount":427,"publisher":{"@id":"https:\/\/all-car-news.com\/de\/#organization"},"articleSection":["Auto Nachrichten"],"inLanguage":"de"},{"@type":"WebPage","@id":"https:\/\/all-car-news.com\/de\/kia-sportage-dark-edition-feiert-das-30-jaehrige-bestehen-des-sportage\/","url":"https:\/\/all-car-news.com\/de\/kia-sportage-dark-edition-feiert-das-30-jaehrige-bestehen-des-sportage\/","name":"Kia Sportage Dark Edition feiert das 30-j\u00e4hrige Bestehen des Sportage - All cars news","isPartOf":{"@id":"https:\/\/all-car-news.com\/de\/#website"},"datePublished":"2023-09-11T08:18:23+00:00","dateModified":"2023-09-11T08:18:23+00:00","breadcrumb":{"@id":"https:\/\/all-car-news.com\/de\/kia-sportage-dark-edition-feiert-das-30-jaehrige-bestehen-des-sportage\/#breadcrumb"},"inLanguage":"de","potentialAction":[{"@type":"ReadAction","target":["https:\/\/all-car-news.com\/de\/kia-sportage-dark-edition-feiert-das-30-jaehrige-bestehen-des-sportage\/"]}]},{"@type":"BreadcrumbList","@id":"https:\/\/all-car-news.com\/de\/kia-sportage-dark-edition-feiert-das-30-jaehrige-bestehen-des-sportage\/#breadcrumb","itemListElement":[{"@type":"ListItem","position":1,"name":"Home","item":"https:\/\/all-car-news.com\/de\/"},{"@type":"ListItem","position":2,"name":"Kia Sportage Dark Edition feiert das 30-j\u00e4hrige Bestehen des Sportage"}]},{"@type":"WebSite","@id":"https:\/\/all-car-news.com\/de\/#website","url":"https:\/\/all-car-news.com\/de\/","name":"All cars news","description":"","publisher":{"@id":"https:\/\/all-car-news.com\/de\/#organization"},"potentialAction":[{"@type":"SearchAction","target":{"@type":"EntryPoint","urlTemplate":"https:\/\/all-car-news.com\/de\/?s={search_term_string}"},"query-input":"required name=search_term_string"}],"inLanguage":"de"},{"@type":"Organization","@id":"https:\/\/all-car-news.com\/de\/#organization","name":"All cars news","url":"https:\/\/all-car-news.com\/de\/","logo":{"@type":"ImageObject","inLanguage":"de","@id":"https:\/\/all-car-news.com\/de\/#\/schema\/logo\/image\/","url":"https:\/\/all-car-news.com\/wp-content\/uploads\/2022\/02\/CMYK-AllCarNews_LANDSCAPE_300px-1.png","contentUrl":"https:\/\/all-car-news.com\/wp-content\/uploads\/2022\/02\/CMYK-AllCarNews_LANDSCAPE_300px-1.png","width":300,"height":100,"caption":"All cars news"},"image":{"@id":"https:\/\/all-car-news.com\/de\/#\/schema\/logo\/image\/"}}]}},"_links":{"self":[{"href":"https:\/\/all-car-news.com\/de\/wp-json\/wp\/v2\/posts\/138924","targetHints":{"allow":["GET"]}}],"collection":[{"href":"https:\/\/all-car-news.com\/de\/wp-json\/wp\/v2\/posts"}],"about":[{"href":"https:\/\/all-car-news.com\/de\/wp-json\/wp\/v2\/types\/post"}],"replies":[{"embeddable":true,"href":"https:\/\/all-car-news.com\/de\/wp-json\/wp\/v2\/comments?post=138924"}],"version-history":[{"count":0,"href":"https:\/\/all-car-news.com\/de\/wp-json\/wp\/v2\/posts\/138924\/revisions"}],"wp:featuredmedia":[{"embeddable":true,"href":"https:\/\/all-car-news.com\/de\/wp-json\/wp\/v2\/media\/138906"}],"wp:attachment":[{"href":"https:\/\/all-car-news.com\/de\/wp-json\/wp\/v2\/media?parent=138924"}],"wp:term":[{"taxonomy":"category","embeddable":true,"href":"https:\/\/all-car-news.com\/de\/wp-json\/wp\/v2\/categories?post=138924"},{"taxonomy":"post_tag","embeddable":true,"href":"https:\/\/all-car-news.com\/de\/wp-json\/wp\/v2\/tags?post=138924"}],"curies":[{"name":"wp","href":"https:\/\/api.w.org\/{rel}","templated":true}]}}