{"id":138791,"date":"2023-09-06T09:02:24","date_gmt":"2023-09-06T09:02:24","guid":{"rendered":"https:\/\/all-car-news.com\/10-highlights-der-iaa-muenchen-2023\/"},"modified":"2023-09-06T09:02:24","modified_gmt":"2023-09-06T09:02:24","slug":"10-highlights-der-iaa-muenchen-2023","status":"publish","type":"post","link":"https:\/\/all-car-news.com\/de\/10-highlights-der-iaa-muenchen-2023\/","title":{"rendered":"10 Highlights der IAA M\u00fcnchen 2023"},"content":{"rendered":"<h2>1 &#8211; BMW Vision Neue Klasse<\/h2>\n<p>Bis 2025 wird diese <a href=\"https:\/\/autorai.nl\/bmw-vision-neue-klasse-2023\/\">BMW Vision Neue Klasse<\/a> Realit\u00e4t sein. Vermutlich wird sich die Serienversion kaum von dem auf der IAA M\u00fcnchen 2023 gezeigten Concept Car unterscheiden. Mit dem Modell setzt BMW neue Ma\u00dfst\u00e4be in Sachen elektrisches Fahren, Nachhaltigkeit und Konnektivit\u00e4t.<\/p>\n<figure class=\"wp-block-image size-full\"><img decoding=\"async\" loading=\"lazy\" width=\"1024\" height=\"768\" src=\"https:\/\/autorai.nl\/wp-content\/uploads\/2023\/09\/bmw-vision-neue-klasse-2023-iaa-munchen.jpg\" alt=\"BMW Vision Neue Klasse auf der IAA M\u00fcnchen 2023\" class=\"wp-image-166092\"><\/figure>\n<h2>2 &#8211; MG Cyberster<\/h2>\n<p>Der MG Cyberster kann als die moderne Reinkarnation des kultigen MG B angesehen werden. Der neue MG hat zwar nichts mit dem MG von einst zu tun, aber es ist sch\u00f6n, dass der chinesische Besitzer die Geschichte der Morris Garages&#8220; sch\u00e4tzt. Der <a href=\"https:\/\/autorai.nl\/mg-cyberster-dit-is-de-productieversie-inclusief-vleugeldeuren\/\">MG Cyberster<\/a> ist ein vollelektrischer Roadster. Einzigartig sind die Fl\u00fcgelt\u00fcren.<\/p>\n<figure class=\"wp-block-image size-full\"><img decoding=\"async\" loading=\"lazy\" width=\"1024\" height=\"768\" src=\"https:\/\/autorai.nl\/wp-content\/uploads\/2023\/09\/mg-cyberster-iaa-munchen.jpg\" alt=\"MG Cyberster auf der IAA M\u00fcnchen 2023\" class=\"wp-image-166091\"><\/figure>\n<h2>3 &#8211; Volkswagen ID GTI Konzept<\/h2>\n<p>Der GTI ist bei Volkswagen keineswegs tot. Eine Zeit lang sah es so aus, aber dieser <a href=\"https:\/\/autorai.nl\/volkswagen-id-gti-concept-productie\/\">Volkswagen ID GTI Concept<\/a> beweist, dass es Volkswagen mit dem GTI-Label in naher Zukunft ernst meint. Der Startschuss ist bereits gefallen, der Countdown kann also beginnen. Die GTI-Ausstattung kommt auf Basis des Volkswagen ID.2all im Jahr 2025. Die schnellere GTI-Version wird vermutlich erst einige Jahre sp\u00e4ter kommen.<\/p>\n<figure class=\"wp-block-image size-full\"><img decoding=\"async\" loading=\"lazy\" width=\"1024\" height=\"768\" src=\"https:\/\/autorai.nl\/wp-content\/uploads\/2023\/09\/volkswagen-id-gti-concept-iaa-munchen.jpg\" alt=\"Volkswagen ID GTI Concept auf der IAA M\u00fcnchen 2023\" class=\"wp-image-166090\"><\/figure>\n<h2>4 &#8211; Renault Scenic E-Tech Elektrisch<\/h2>\n<p>Eine der wichtigsten Neuheiten auf der IAA in M\u00fcnchen ist der neue <a href=\"https:\/\/autorai.nl\/renault-scenic-e-tech-electric-2023\/\">Renault Scenic E-Tech Electric<\/a>. Nat\u00fcrlich vollelektrisch und in jeder Hinsicht ein vielversprechender Newcomer, bei dem auch die Nachhaltigkeit eine wichtige Rolle beim Design gespielt hat. Es wird zwei Batterievarianten geben, wobei die Topversion 620 Kilometer mit einer vollen Ladung schafft.<\/p>\n<figure class=\"wp-block-image size-full\"><img decoding=\"async\" loading=\"lazy\" width=\"1024\" height=\"768\" src=\"https:\/\/autorai.nl\/wp-content\/uploads\/2023\/09\/renault-scenic-e-tech-electric.jpg\" alt=\"Renault Scenic E-Tech Electric auf der IAA M\u00fcnchen 2023\" class=\"wp-image-166089\"><\/figure>\n<h2>5 &#8211; Opel Experimentelles Konzept<\/h2>\n<p>Es wird einen neuen Opel Manta geben, nat\u00fcrlich vollelektrisch. Laut Opel-internen Quellen wird der neue Manta diesem <a href=\"https:\/\/autorai.nl\/opel-experimental-2023-opel-manta\/\">Opel Experimental Concept<\/a> sehr \u00e4hnlich sein. Rechnen Sie also mit einem Crossover-Coup\u00e9. Dieser Opel Experimental zeigt im Grunde, was Opel in der Zukunft vorhat.<\/p>\n<figure class=\"wp-block-image size-content\"><img decoding=\"async\" loading=\"lazy\" width=\"1140\" height=\"855\" src=\"https:\/\/autorai.nl\/wp-content\/uploads\/2023\/09\/opel-experimental-concept-1140x855.jpg\" alt=\"Opel Experimental Concept auf der IAA M\u00fcnchen 2023\" class=\"wp-image-166088\"><\/figure>\n<h2><strong>6 &#8211; Mercedes-Benz Konzept CLA-Klasse<\/strong><\/h2>\n<p>Schnelles Aufladen bis zu einer Reichweite von 400 km in nur 15 Minuten, bis zu 750 km Reichweite und die v\u00f6llig neue elektrische Mercedes-Benz Modulare Architektur (MMA) Plattform als Basis. Kurzum, dieses <a href=\"https:\/\/autorai.nl\/mercedes-benz-concept-cla-class-in-een-oogopslag\/\">Mercedes-Benz Concept CLA Class<\/a> ist vielversprechend. Der Countdown kann beginnen.<\/p>\n<figure class=\"wp-block-image size-content\"><img decoding=\"async\" loading=\"lazy\" width=\"1140\" height=\"760\" src=\"https:\/\/autorai.nl\/wp-content\/uploads\/2023\/09\/Mercedes-Benz-Concept-CLA-Class-2023-foto-17-1140x760.jpg\" alt=\"Mercedes-Benz Konzept CLA-Klasse\" class=\"wp-image-165841\"><\/figure>\n<h2>7 &#8211; MINI Cooper E und MINI Cooper SE<\/h2>\n<p>Der MINI 3-T\u00fcrer der f\u00fcnften Generation ist Realit\u00e4t. MINI geht mit zwei Elektroversionen an den Start: dem <a href=\"https:\/\/autorai.nl\/mini-cooper-se-electric-2024-sneak-preview\/\">MINI Cooper E und dem MINI Cooper SE<\/a>. Sie werden auf einer speziellen BEV-Plattform gebaut, aber MINI arbeitet im Hintergrund auch an regul\u00e4ren Benzinversionen. Auch ein f\u00fcnft\u00fcriges MINI Flie\u00dfheck ist geplant, ebenso wie ein MINI Cabrio.<\/p>\n<figure class=\"wp-block-image size-content\"><img decoding=\"async\" loading=\"lazy\" width=\"1140\" height=\"760\" src=\"https:\/\/autorai.nl\/wp-content\/uploads\/2023\/09\/mini-3-deurs-alle-generaties-foto6-1140x760.jpg\" alt=\"\" class=\"wp-image-165712\"><\/figure>\n<h2>8 &#8211; Smart #3<\/h2>\n<p>Der <a href=\"https:\/\/autorai.nl\/smart-3-line-up-europa\/\">Smart #3<\/a> wird seine Europapremiere auf der IAA M\u00fcnchen 2023 haben. Es ist das erste vollelektrische SUV-Coup\u00e9 von Smart. Er wird Anfang 2024 in die Niederlande kommen. Es gibt sogar eine BRABUS-Version auf der Speisekarte.<\/p>\n<figure class=\"wp-block-image size-content\"><img decoding=\"async\" loading=\"lazy\" width=\"1140\" height=\"641\" src=\"https:\/\/autorai.nl\/wp-content\/uploads\/2023\/09\/hashtag3_ProPlus_Meta-Black_Infinite-Black_05-1140x641.jpg\" alt=\"Smart #3 Pro+\" class=\"wp-image-165816\"><\/figure>\n<h2>9 &#8211; MINI Countryman SE<\/h2>\n<p>Gibt es weitere Neuigkeiten von MINI? Ja, denn in M\u00fcnchen pr\u00e4sentierte MINI auch die neue Generation des MINI Countryman. Auch die vollelektrische Variante deb\u00fctiert hier. Er ist gr\u00f6\u00dfer, bietet mehr Komfort und macht auch gro\u00dfe Fortschritte in Bezug auf die Nachhaltigkeit der Konnektivit\u00e4t. Es gibt ihn in den Varianten MINI Countryman E und <a href=\"https:\/\/autorai.nl\/mini-countryman-elektrisch-details\/\">MINI Countryman SE ALL4<\/a>.<\/p>\n<figure class=\"wp-block-image size-content\"><img decoding=\"async\" loading=\"lazy\" width=\"1140\" height=\"760\" src=\"https:\/\/autorai.nl\/wp-content\/uploads\/2023\/09\/mini-countryman-2024-foto35-1140x760.jpg\" alt=\"MINI Countryman SE\" class=\"wp-image-165670\"><\/figure>\n<h2>10 &#8211; Mercedes-Benz E-Klasse All-Terrain<\/h2>\n<p>Seit 2017 bietet Mercedes-Benz das E-Klasse T-Modell als All-Terrain an. Eine h\u00f6herbeinige Variante der neuen Generation der E-Klasse ist ebenfalls in Planung. Die neue <a href=\"https:\/\/autorai.nl\/mercedes-benz-e-klasse-all-terrain-2023\/\">Mercedes-Benz E-Klasse All-Terrain<\/a> sieht schick aus. Es gibt ihn in drei Varianten: als E 220 d 4MATIC, E 450 4MATIC und als E 300 the 4MATIC. Letzterer ist ein Plug-in-Hybrid.<\/p>\n<figure class=\"wp-block-image size-content\"><img decoding=\"async\" loading=\"lazy\" width=\"1140\" height=\"761\" src=\"https:\/\/autorai.nl\/wp-content\/uploads\/2023\/09\/Mercedes-Benz-E-Klasse-All-Terrain-2023-foto-8-1140x761.jpg\" alt=\"Die neue Mercedes-Benz E-Klasse All-Terrain\" class=\"wp-image-165895\"><\/figure>\n","protected":false},"excerpt":{"rendered":"1 - BMW Vision Neue Klasse Bis 2025 wird diese BMW Vision Neue Klasse Realit\u00e4t sein. Vermutlich wird sich die&hellip;","protected":false},"author":0,"featured_media":138749,"comment_status":"","ping_status":"open","sticky":false,"template":"","format":"standard","meta":{"footnotes":""},"categories":[125],"tags":[],"class_list":["post-138791","post","type-post","status-publish","format-standard","has-post-thumbnail","hentry","category-auto-nachrichten"],"acf":[],"yoast_head":"<!-- This site is optimized with the Yoast SEO plugin v21.2 - https:\/\/yoast.com\/wordpress\/plugins\/seo\/ -->\n<title>10 Highlights der IAA M\u00fcnchen 2023 - All cars news<\/title>\n<meta name=\"robots\" content=\"index, follow, max-snippet:-1, max-image-preview:large, max-video-preview:-1\" \/>\n<link rel=\"canonical\" href=\"https:\/\/all-car-news.com\/de\/10-highlights-der-iaa-muenchen-2023\/\" \/>\n<meta property=\"og:locale\" content=\"de_DE\" \/>\n<meta property=\"og:type\" content=\"article\" \/>\n<meta property=\"og:title\" content=\"10 Highlights der IAA M\u00fcnchen 2023 - All cars news\" \/>\n<meta property=\"og:description\" content=\"1 - BMW Vision Neue Klasse Bis 2025 wird diese BMW Vision Neue Klasse Realit\u00e4t sein. Vermutlich wird sich die Serienversion kaum von dem auf der IAA M\u00fcnchen 2023 gezeigten Concept Car unterscheiden. Mit dem Modell setzt BMW neue Ma\u00dfst\u00e4be in Sachen elektrisches Fahren, Nachhaltigkeit und Konnektivit\u00e4t. 2 - MG Cyberster Der MG Cyberster kann gesehen werden [...]\" \/>\n<meta property=\"og:url\" content=\"https:\/\/all-car-news.com\/de\/10-highlights-der-iaa-muenchen-2023\/\" \/>\n<meta property=\"og:site_name\" content=\"All cars news\" \/>\n<meta property=\"article:published_time\" content=\"2023-09-06T09:02:24+00:00\" \/>\n<meta property=\"og:image\" content=\"https:\/\/autorai.nl\/wp-content\/uploads\/2023\/09\/bmw-vision-neue-klasse-2023-iaa-munchen.jpg\" \/>\n<meta name=\"twitter:card\" content=\"summary_large_image\" \/>\n<meta name=\"twitter:label1\" content=\"Gesch\u00e4tzte Lesezeit\" \/>\n\t<meta name=\"twitter:data1\" content=\"3\u00a0Minuten\" \/>\n<script type=\"application\/ld+json\" class=\"yoast-schema-graph\">{\"@context\":\"https:\/\/schema.org\",\"@graph\":[{\"@type\":\"Article\",\"@id\":\"https:\/\/all-car-news.com\/de\/10-highlights-der-iaa-muenchen-2023\/#article\",\"isPartOf\":{\"@id\":\"https:\/\/all-car-news.com\/de\/10-highlights-der-iaa-muenchen-2023\/\"},\"author\":{\"name\":\"\",\"@id\":\"\"},\"headline\":\"10 Highlights der IAA M\u00fcnchen 2023\",\"datePublished\":\"2023-09-06T09:02:24+00:00\",\"dateModified\":\"2023-09-06T09:02:24+00:00\",\"mainEntityOfPage\":{\"@id\":\"https:\/\/all-car-news.com\/de\/10-highlights-der-iaa-muenchen-2023\/\"},\"wordCount\":556,\"publisher\":{\"@id\":\"https:\/\/all-car-news.com\/de\/#organization\"},\"articleSection\":[\"Auto Nachrichten\"],\"inLanguage\":\"de\"},{\"@type\":\"WebPage\",\"@id\":\"https:\/\/all-car-news.com\/de\/10-highlights-der-iaa-muenchen-2023\/\",\"url\":\"https:\/\/all-car-news.com\/de\/10-highlights-der-iaa-muenchen-2023\/\",\"name\":\"10 Highlights der IAA M\u00fcnchen 2023 - All cars news\",\"isPartOf\":{\"@id\":\"https:\/\/all-car-news.com\/de\/#website\"},\"datePublished\":\"2023-09-06T09:02:24+00:00\",\"dateModified\":\"2023-09-06T09:02:24+00:00\",\"breadcrumb\":{\"@id\":\"https:\/\/all-car-news.com\/de\/10-highlights-der-iaa-muenchen-2023\/#breadcrumb\"},\"inLanguage\":\"de\",\"potentialAction\":[{\"@type\":\"ReadAction\",\"target\":[\"https:\/\/all-car-news.com\/de\/10-highlights-der-iaa-muenchen-2023\/\"]}]},{\"@type\":\"BreadcrumbList\",\"@id\":\"https:\/\/all-car-news.com\/de\/10-highlights-der-iaa-muenchen-2023\/#breadcrumb\",\"itemListElement\":[{\"@type\":\"ListItem\",\"position\":1,\"name\":\"Home\",\"item\":\"https:\/\/all-car-news.com\/de\/\"},{\"@type\":\"ListItem\",\"position\":2,\"name\":\"10 Highlights der IAA M\u00fcnchen 2023\"}]},{\"@type\":\"WebSite\",\"@id\":\"https:\/\/all-car-news.com\/de\/#website\",\"url\":\"https:\/\/all-car-news.com\/de\/\",\"name\":\"All cars news\",\"description\":\"\",\"publisher\":{\"@id\":\"https:\/\/all-car-news.com\/de\/#organization\"},\"potentialAction\":[{\"@type\":\"SearchAction\",\"target\":{\"@type\":\"EntryPoint\",\"urlTemplate\":\"https:\/\/all-car-news.com\/de\/?s={search_term_string}\"},\"query-input\":\"required name=search_term_string\"}],\"inLanguage\":\"de\"},{\"@type\":\"Organization\",\"@id\":\"https:\/\/all-car-news.com\/de\/#organization\",\"name\":\"All cars news\",\"url\":\"https:\/\/all-car-news.com\/de\/\",\"logo\":{\"@type\":\"ImageObject\",\"inLanguage\":\"de\",\"@id\":\"https:\/\/all-car-news.com\/de\/#\/schema\/logo\/image\/\",\"url\":\"https:\/\/all-car-news.com\/wp-content\/uploads\/2022\/02\/CMYK-AllCarNews_LANDSCAPE_300px-1.png\",\"contentUrl\":\"https:\/\/all-car-news.com\/wp-content\/uploads\/2022\/02\/CMYK-AllCarNews_LANDSCAPE_300px-1.png\",\"width\":300,\"height\":100,\"caption\":\"All cars news\"},\"image\":{\"@id\":\"https:\/\/all-car-news.com\/de\/#\/schema\/logo\/image\/\"}}]}<\/script>\n<!-- \/ Yoast SEO plugin. -->","yoast_head_json":{"title":"10 Highlights der IAA M\u00fcnchen 2023 - All cars news","robots":{"index":"index","follow":"follow","max-snippet":"max-snippet:-1","max-image-preview":"max-image-preview:large","max-video-preview":"max-video-preview:-1"},"canonical":"https:\/\/all-car-news.com\/de\/10-highlights-der-iaa-muenchen-2023\/","og_locale":"de_DE","og_type":"article","og_title":"10 Highlights der IAA M\u00fcnchen 2023 - All cars news","og_description":"1 - BMW Vision Neue Klasse Bis 2025 wird diese BMW Vision Neue Klasse Realit\u00e4t sein. Vermutlich wird sich die Serienversion kaum von dem auf der IAA M\u00fcnchen 2023 gezeigten Concept Car unterscheiden. Mit dem Modell setzt BMW neue Ma\u00dfst\u00e4be in Sachen elektrisches Fahren, Nachhaltigkeit und Konnektivit\u00e4t. 2 - MG Cyberster Der MG Cyberster kann gesehen werden [...]","og_url":"https:\/\/all-car-news.com\/de\/10-highlights-der-iaa-muenchen-2023\/","og_site_name":"All cars news","article_published_time":"2023-09-06T09:02:24+00:00","og_image":[{"url":"https:\/\/autorai.nl\/wp-content\/uploads\/2023\/09\/bmw-vision-neue-klasse-2023-iaa-munchen.jpg"}],"twitter_card":"summary_large_image","twitter_misc":{"Gesch\u00e4tzte Lesezeit":"3\u00a0Minuten"},"schema":{"@context":"https:\/\/schema.org","@graph":[{"@type":"Article","@id":"https:\/\/all-car-news.com\/de\/10-highlights-der-iaa-muenchen-2023\/#article","isPartOf":{"@id":"https:\/\/all-car-news.com\/de\/10-highlights-der-iaa-muenchen-2023\/"},"author":{"name":"","@id":""},"headline":"10 Highlights der IAA M\u00fcnchen 2023","datePublished":"2023-09-06T09:02:24+00:00","dateModified":"2023-09-06T09:02:24+00:00","mainEntityOfPage":{"@id":"https:\/\/all-car-news.com\/de\/10-highlights-der-iaa-muenchen-2023\/"},"wordCount":556,"publisher":{"@id":"https:\/\/all-car-news.com\/de\/#organization"},"articleSection":["Auto Nachrichten"],"inLanguage":"de"},{"@type":"WebPage","@id":"https:\/\/all-car-news.com\/de\/10-highlights-der-iaa-muenchen-2023\/","url":"https:\/\/all-car-news.com\/de\/10-highlights-der-iaa-muenchen-2023\/","name":"10 Highlights der IAA M\u00fcnchen 2023 - All cars news","isPartOf":{"@id":"https:\/\/all-car-news.com\/de\/#website"},"datePublished":"2023-09-06T09:02:24+00:00","dateModified":"2023-09-06T09:02:24+00:00","breadcrumb":{"@id":"https:\/\/all-car-news.com\/de\/10-highlights-der-iaa-muenchen-2023\/#breadcrumb"},"inLanguage":"de","potentialAction":[{"@type":"ReadAction","target":["https:\/\/all-car-news.com\/de\/10-highlights-der-iaa-muenchen-2023\/"]}]},{"@type":"BreadcrumbList","@id":"https:\/\/all-car-news.com\/de\/10-highlights-der-iaa-muenchen-2023\/#breadcrumb","itemListElement":[{"@type":"ListItem","position":1,"name":"Home","item":"https:\/\/all-car-news.com\/de\/"},{"@type":"ListItem","position":2,"name":"10 Highlights der IAA M\u00fcnchen 2023"}]},{"@type":"WebSite","@id":"https:\/\/all-car-news.com\/de\/#website","url":"https:\/\/all-car-news.com\/de\/","name":"All cars news","description":"","publisher":{"@id":"https:\/\/all-car-news.com\/de\/#organization"},"potentialAction":[{"@type":"SearchAction","target":{"@type":"EntryPoint","urlTemplate":"https:\/\/all-car-news.com\/de\/?s={search_term_string}"},"query-input":"required name=search_term_string"}],"inLanguage":"de"},{"@type":"Organization","@id":"https:\/\/all-car-news.com\/de\/#organization","name":"All cars news","url":"https:\/\/all-car-news.com\/de\/","logo":{"@type":"ImageObject","inLanguage":"de","@id":"https:\/\/all-car-news.com\/de\/#\/schema\/logo\/image\/","url":"https:\/\/all-car-news.com\/wp-content\/uploads\/2022\/02\/CMYK-AllCarNews_LANDSCAPE_300px-1.png","contentUrl":"https:\/\/all-car-news.com\/wp-content\/uploads\/2022\/02\/CMYK-AllCarNews_LANDSCAPE_300px-1.png","width":300,"height":100,"caption":"All cars news"},"image":{"@id":"https:\/\/all-car-news.com\/de\/#\/schema\/logo\/image\/"}}]}},"_links":{"self":[{"href":"https:\/\/all-car-news.com\/de\/wp-json\/wp\/v2\/posts\/138791","targetHints":{"allow":["GET"]}}],"collection":[{"href":"https:\/\/all-car-news.com\/de\/wp-json\/wp\/v2\/posts"}],"about":[{"href":"https:\/\/all-car-news.com\/de\/wp-json\/wp\/v2\/types\/post"}],"replies":[{"embeddable":true,"href":"https:\/\/all-car-news.com\/de\/wp-json\/wp\/v2\/comments?post=138791"}],"version-history":[{"count":0,"href":"https:\/\/all-car-news.com\/de\/wp-json\/wp\/v2\/posts\/138791\/revisions"}],"wp:featuredmedia":[{"embeddable":true,"href":"https:\/\/all-car-news.com\/de\/wp-json\/wp\/v2\/media\/138749"}],"wp:attachment":[{"href":"https:\/\/all-car-news.com\/de\/wp-json\/wp\/v2\/media?parent=138791"}],"wp:term":[{"taxonomy":"category","embeddable":true,"href":"https:\/\/all-car-news.com\/de\/wp-json\/wp\/v2\/categories?post=138791"},{"taxonomy":"post_tag","embeddable":true,"href":"https:\/\/all-car-news.com\/de\/wp-json\/wp\/v2\/tags?post=138791"}],"curies":[{"name":"wp","href":"https:\/\/api.w.org\/{rel}","templated":true}]}}