{"id":138712,"date":"2023-09-04T07:31:52","date_gmt":"2023-09-04T07:31:52","guid":{"rendered":"https:\/\/all-car-news.com\/bmw-vision-neue-klasse-im-jahr-2025-realitaet\/"},"modified":"2023-09-04T07:31:52","modified_gmt":"2023-09-04T07:31:52","slug":"bmw-vision-neue-klasse-im-jahr-2025-realitaet","status":"publish","type":"post","link":"https:\/\/all-car-news.com\/de\/bmw-vision-neue-klasse-im-jahr-2025-realitaet\/","title":{"rendered":"BMW Vision Neue Klasse: im Jahr 2025 Realit\u00e4t!"},"content":{"rendered":"<h2>Die Neue Klasse von BMW kommt 2025<\/h2>\n<p>&#8222;Die BMW Vision Neue Klasse b\u00fcndelt unsere Innovationskraft in den Bereichen Elektrifizierung, Digitalisierung und Kreislaufwirtschaft&#8220;, sagte Oliver Zipse, Vorsitzender des Vorstands der BMW AG. &#8222;Auf diese Weise sind wir der Zukunft immer zwei Schritte voraus. Im Jahr 2025 bringt die Neue Klasse die Mobilit\u00e4t des n\u00e4chsten Jahrzehnts auf die Stra\u00dfe &#8211; und f\u00fchrt BMW in eine neue \u00c4ra.&#8220;<\/p>\n<h2>Kurz und b\u00fcndig<\/h2>\n<p>Der BMW Vision Neue Klasse interpretiert eine neue Designsprache mit gro\u00dfen Fl\u00e4chen und nur wenigen Charakterlinien. Das Auto sieht sehr minimalistisch aus. Dieser Ansatz betont bekannte BMW Designmerkmale wie den Nierengrill und den Hofmeisterknick an den Seitenfenstern und verleiht dem Design einen kraftvollen BMW Look. Im Innenraum entdecken wir die n\u00e4chste Generation des BMW iDrive Bedienkonzepts. Die Klimabilanz \u00fcber den gesamten Lebenszyklus der Neuen Klasse ist dank intensiver Wiederverwertung von Rohstoffen, hoch energieeffizienter Produktion und vollelektrischem Antrieb mit BMW eDrive Technologie der sechsten Generation denkbar g\u00fcnstig.<\/p>\n<h2>Plus 30 Prozent<\/h2>\n<p>&#8222;Mit 30 Prozent mehr Reichweite, 30 Prozent schnellerem Laden und 25 Prozent mehr Effizienz macht die Neue Klasse einen gro\u00dfen Sprung nach vorne f\u00fcr EfficientDynamics. Das gilt auch f\u00fcr das Design, das futuristischer nicht sein k\u00f6nnte&#8220;, sagt Frank Weber, Mitglied des Vorstands der BMW AG f\u00fcr den Gesch\u00e4ftsbereich Entwicklung. &#8222;Mit der Neuen Klasse haben wir die gr\u00f6\u00dfte Investition des Unternehmens in Angriff genommen. Damit schreiben wir nicht ein weiteres Kapitel von BMW, sondern ein ganz neues Buch. Deshalb wird die Neue Klasse einen gro\u00dfen Einfluss auf unsere Modellgenerationen haben.&#8220;<\/p>\n<figure class=\"wp-block-image size-content\"><img decoding=\"async\" loading=\"lazy\" width=\"1140\" height=\"855\" src=\"https:\/\/autorai.nl\/wp-content\/uploads\/2023\/09\/BMW-Vision-Neue-Klasse-2023-foto-1-1140x855.jpg\" alt=\"BMW Vision Neue Klasse\" class=\"wp-image-165766\"><\/figure>\n<h2>Mehr zum Thema Design<\/h2>\n<p>Das Exterieur zeigt Designelemente, die die verschiedenen Modelle der Neuen Klasse charakterisieren werden. &#8222;Das Design ist klar, elegant und zeitlos. Die neue vollelektrische Fahrzeugarchitektur er\u00f6ffnet neue M\u00f6glichkeiten f\u00fcr die Innenraumgestaltung. Die Neue Klasse ist unverkennbar BMW und gleichzeitig so progressiv, dass es sich anf\u00fchlt, als h\u00e4tten wir eine Modellgeneration \u00fcbersprungen&#8220;, so Adrian van Hooydonk, Leiter BMW Group Design.<\/p>\n<h2>Eigenschaften<\/h2>\n<p>Kr\u00e4ftig wirkende Radk\u00e4sten, eine abfallende Dachlinie und eine nach vorne geneigte Haifischnase&#8220; sind charakteristische BMW Designmerkmale. Die aerodynamischen 21-Zoll-R\u00e4der zeichnen sich durch ein klassisches Kreuzspeichendesign aus, das aus dem Motorsport stammt. Gleichzeitig schaffen die fast monolithische Karosserie mit den kr\u00e4ftigen Einschnitten an Front und Heck und die gro\u00dfen Fensterfl\u00e4chen ein neues \u00e4sthetisches Bild.<\/p>\n<h2>Fr\u00f6hlich hell<\/h2>\n<p>Die Karosseriefarbe &#8222;Joyeus Bright&#8220; mit einem dezenten Gelbton unterstreicht den freundlichen, zukunftsorientierten Charakter des BMW Vision Neue Klasse. Die schwarzen Seitenschweller und Sto\u00dfstangen sorgen f\u00fcr einen gewissen Kontrast. Mit einem h\u00f6heren Prozentsatz an wiederverwendeten Rohstoffen und einer deutlichen Reduzierung verschiedener Materialien wurden deutliche Fortschritte im Hinblick auf die Kreislaufwirtschaft erzielt. Ein verbessertes Demontagekonzept wird auch dazu beitragen, das Recycling der Modelle der Neuen Klasse am Ende ihrer Nutzungsphase zu optimieren.<\/p>\n<figure class=\"wp-block-image size-content\"><img decoding=\"async\" loading=\"lazy\" width=\"1140\" height=\"641\" src=\"https:\/\/autorai.nl\/wp-content\/uploads\/2023\/09\/BMW-Vision-Neue-Klasse-2023-foto-19-1140x641.jpg\" alt=\"BMW Vision Neue Klasse\" class=\"wp-image-165784\"><\/figure>\n<h2>Die n\u00e4chste Generation von BMW iDrive<\/h2>\n<p>Die analogen Bedienelemente wurden im BMW Vision Neue Klasse auf ein Minimum reduziert. Die Interaktion zwischen Mensch und Fahrzeug erfolgt \u00fcber BMW Panoramic Vision, das Zentraldisplay, Multifunktionsschalter am Lenkrad und die bew\u00e4hrte Sprachsteuerung des BMW Intelligent Personal Assistant. Damit ist diese n\u00e4chste Generation von BMW iDrive eine moderne Interpretation der charakteristischen fahrerorientierten Steuerung.<\/p>\n<h2>BMW Panoramablick<\/h2>\n<p>Mit der Premiere des BMW Panoramic Vision in der Neuen Klasse geht die Marke, wie schon zuvor mit dem BMW iDrive Controller in der Mittelkonsole und dem BMW Head-Up Display, erneut in F\u00fchrung. Der Fahrer sieht die Informationen in der idealen H\u00f6he des Sichtfeldes und erstmals auch \u00fcber die gesamte Breite der Windschutzscheibe projiziert. Diese Innovation erg\u00e4nzt das verbesserte BMW Head-Up Display in den Serienmodellen der Neuen Klasse.<\/p>\n<p>In dieser n\u00e4chsten Generation von BMW iDrive k\u00f6nnen sowohl der Fahrer als auch der Beifahrer Informationen \u00fcber BMW Panoramic Vision abrufen und austauschen. Der Fahrer kann die angezeigten Inhalte mit einer einfachen Wischbewegung vom Zentraldisplay auf BMW Panoramic Vision \u00fcbertragen.<\/p>\n<h2>Innenbeleuchtung<\/h2>\n<p>Ein abgestimmtes Zusammenspiel zwischen der Ambiance-Innenraumbeleuchtung, der Grafik des Zentraldisplays und BMW Panoramic Vision bereichert das Nutzererlebnis, das mit My Modes auch individuell gestaltet werden kann. Das neue BMW iDrive basiert auf einer hochintegrierten Software-Architektur, die fahrerlebnisbezogene Daten und Infotainment mit Daten aus der Fahrzeugelektronik, aus elektrischen Systemen und aus der BMW Cloud b\u00fcndelt.<\/p>\n<h2>Leder? Noch nicht fertig!<\/h2>\n<p>Stoffbez\u00fcge schaffen im BMW Vision Neue Klasse eine angenehme Atmosph\u00e4re. Hinter dem oben und unten abgeflachten Lenkrad ziert ein helles Armaturenbrett das zentrale Display mit Matrix-Hintergrundbeleuchtung an den R\u00e4ndern. In der Mittelkonsole befinden sich ein Smartphone-Ladefach und ein gl\u00e4nzender Getriebegriff. Die Vordersitze sind \u00fcber eine einzige Schiene mit dem Boden verbunden, um mehr Beinfreiheit im Fond zu gew\u00e4hrleisten. Die Fondpassagiere genie\u00dfen dank zweier Einzelsitze gleichzeitig Platz. Der Innenraum ist komplett frei von dekorativem Chrom und Leder und tr\u00e4gt zu einer geringeren CO2-Bilanz des Produktionsprozesses bei.<\/p>\n<h2>CO2-Reduzierung in der Produktion, BMW eDrive Technologie der sechsten Generation<\/h2>\n<p>Die Produktion der Neuen Klasse wird in K\u00fcrze im neuen Werk der BMW Group in Debrecen, Ungarn, erfolgen. Diese Anlage kommt g\u00e4nzlich ohne fossile Brennstoffe aus und nutzt intensiv Roh- und Recyclingrohstoffe, deren Gewinnung und Produktion mit weniger CO2-Emissionen verbunden ist. Die Neue Klasse wird auch der energieeffizienten individuellen Mobilit\u00e4t einen deutlichen Schub geben. Dazu tragen das optimierte Fahrzeuggewicht sowie der geringe Luft- und Rollwiderstand bei. Der hohe Wirkungsgrad wird unter anderem durch ein intelligentes W\u00e4rmemanagement erreicht, insbesondere f\u00fcr den elektrischen Antriebsstrang mit BMW eDrive Technologie der sechsten Generation.<\/p>\n<p>Neben hocheffizienten Elektromotoren sind auch neu entwickelte Batteriepakete Teil der neuen BMW eDrive Technologie. Die darin verwendeten runden Batteriezellen haben eine um mehr als 20 Prozent h\u00f6here Energiedichte als die bisher verwendeten prismatischen Zellen. Mit der sechsten Generation der BMW eDrive Technologie wird sich die Ladegeschwindigkeit der Neuen Klasse um bis zu 30 Prozent verbessern und das Fahrzeug wird eine bis zu 30 Prozent h\u00f6here Reichweite bieten. Dies f\u00fchrt letztlich zu einer bis zu 25 Prozent h\u00f6heren Fahrzeugeffizienz.<\/p>\n<h2>Die Zukunft von BMW<\/h2>\n<p>Zusammenfassend l\u00e4sst sich sagen, dass der BMW Vision Neue Klasse ein Konzeptfahrzeug ist, das das gesamte Spektrum der technologischen Innovationen umfasst, mit denen die BMW Group ihre Zukunftsf\u00e4higkeit demonstriert. Der BMW Vision Neue Klasse l\u00e4utet eine neue \u00c4ra der individuellen Mobilit\u00e4t ein.<\/p>\n<div class=\"galery shuffle galery-0\">\n<figure>\n\t\t\t\t\t<span style=\"cursor: pointer\" data-src=\"https:\/\/autorai.nl\/wp-content\/uploads\/2023\/09\/BMW-Vision-Neue-Klasse-2023-foto-19-1600x900.jpg\" data-fancybox=\"galery-0\" title=\"\"><br \/>\n\t\t\t\t\t\t\t<img decoding=\"async\" width=\"640\" height=\"480\" src=\"https:\/\/autorai.nl\/wp-content\/uploads\/2023\/09\/BMW-Vision-Neue-Klasse-2023-foto-19-640x480.jpg\" class=\"attachment-medium size-medium\" alt=\"BMW Vision Neue Klasse\" loading=\"lazy\"><i class=\"fa fa-search-plus\" aria-hidden=\"true\"><\/i><br \/>\n\t\t\t\t\t\t<\/span><br \/>\n\t\t\t\t\t<\/figure>\n<figure>\n\t\t\t\t\t<span style=\"cursor: pointer\" data-src=\"https:\/\/autorai.nl\/wp-content\/uploads\/2023\/09\/BMW-Vision-Neue-Klasse-2023-foto-18-1600x900.jpg\" data-fancybox=\"galery-0\" title=\"\"><br \/>\n\t\t\t\t\t\t\t<img decoding=\"async\" width=\"360\" height=\"270\" src=\"https:\/\/autorai.nl\/wp-content\/uploads\/2023\/09\/BMW-Vision-Neue-Klasse-2023-foto-18-360x270.jpg\" class=\"attachment-small size-small\" alt=\"\" loading=\"lazy\"><i class=\"fa fa-search-plus\" aria-hidden=\"true\"><\/i><br \/>\n\t\t\t\t\t\t<\/span><br \/>\n\t\t\t\t\t<\/figure>\n<figure>\n\t\t\t\t\t<span style=\"cursor: pointer\" data-src=\"https:\/\/autorai.nl\/wp-content\/uploads\/2023\/09\/BMW-Vision-Neue-Klasse-2023-foto-17-1600x1200.jpg\" data-fancybox=\"galery-0\" title=\"\"><br \/>\n\t\t\t\t\t\t\t<img decoding=\"async\" width=\"360\" height=\"270\" src=\"https:\/\/autorai.nl\/wp-content\/uploads\/2023\/09\/BMW-Vision-Neue-Klasse-2023-foto-17-360x270.jpg\" class=\"attachment-small size-small\" alt=\"BMW Vision Neue Klasse\" loading=\"lazy\"><i class=\"fa fa-search-plus\" aria-hidden=\"true\"><\/i><br \/>\n\t\t\t\t\t\t<\/span><br \/>\n\t\t\t\t\t<\/figure>\n<figure>\n\t\t\t\t\t<span style=\"cursor: pointer\" data-src=\"https:\/\/autorai.nl\/wp-content\/uploads\/2023\/09\/BMW-Vision-Neue-Klasse-2023-foto-16-1600x1058.jpg\" data-fancybox=\"galery-0\" title=\"\"><br \/>\n\t\t\t\t\t\t\t<img decoding=\"async\" width=\"640\" height=\"480\" src=\"https:\/\/autorai.nl\/wp-content\/uploads\/2023\/09\/BMW-Vision-Neue-Klasse-2023-foto-16-640x480.jpg\" class=\"attachment-medium size-medium\" alt=\"\" loading=\"lazy\"><i class=\"fa fa-search-plus\" aria-hidden=\"true\"><\/i><br \/>\n\t\t\t\t\t\t<\/span><br \/>\n\t\t\t\t\t<\/figure>\n<figure>\n\t\t\t\t\t<span style=\"cursor: pointer\" data-src=\"https:\/\/autorai.nl\/wp-content\/uploads\/2023\/09\/BMW-Vision-Neue-Klasse-2023-foto-15-1600x1200.jpg\" data-fancybox=\"galery-0\" title=\"\"><br \/>\n\t\t\t\t\t\t\t<img decoding=\"async\" width=\"360\" height=\"270\" src=\"https:\/\/autorai.nl\/wp-content\/uploads\/2023\/09\/BMW-Vision-Neue-Klasse-2023-foto-15-360x270.jpg\" class=\"attachment-small size-small\" alt=\"\" loading=\"lazy\"><i class=\"fa fa-search-plus\" aria-hidden=\"true\"><\/i><br \/>\n\t\t\t\t\t\t<\/span><br \/>\n\t\t\t\t\t<\/figure>\n<figure>\n\t\t\t\t\t<span style=\"cursor: pointer\" data-src=\"https:\/\/autorai.nl\/wp-content\/uploads\/2023\/09\/BMW-Vision-Neue-Klasse-2023-foto-14-1600x1067.jpg\" data-fancybox=\"galery-0\" title=\"\"><br \/>\n\t\t\t\t\t\t\t<img decoding=\"async\" width=\"360\" height=\"270\" src=\"https:\/\/autorai.nl\/wp-content\/uploads\/2023\/09\/BMW-Vision-Neue-Klasse-2023-foto-14-360x270.jpg\" class=\"attachment-small size-small\" alt=\"\" loading=\"lazy\"><i class=\"fa fa-search-plus\" aria-hidden=\"true\"><\/i><br \/>\n\t\t\t\t\t\t<\/span><br \/>\n\t\t\t\t\t<\/figure>\n<figure>\n\t\t\t\t\t<span style=\"cursor: pointer\" data-src=\"https:\/\/autorai.nl\/wp-content\/uploads\/2023\/09\/BMW-Vision-Neue-Klasse-2023-foto-13-1600x1067.jpg\" data-fancybox=\"galery-0\" title=\"\"><br \/>\n\t\t\t\t\t\t\t<img decoding=\"async\" width=\"640\" height=\"480\" src=\"https:\/\/autorai.nl\/wp-content\/uploads\/2023\/09\/BMW-Vision-Neue-Klasse-2023-foto-13-640x480.jpg\" class=\"attachment-medium size-medium\" alt=\"\" loading=\"lazy\"><i class=\"fa fa-search-plus\" aria-hidden=\"true\"><\/i><br \/>\n\t\t\t\t\t\t<\/span><br \/>\n\t\t\t\t\t<\/figure>\n<figure>\n\t\t\t\t\t<span style=\"cursor: pointer\" data-src=\"https:\/\/autorai.nl\/wp-content\/uploads\/2023\/09\/BMW-Vision-Neue-Klasse-2023-foto-12-1600x1072.jpg\" data-fancybox=\"galery-0\" title=\"\"><br \/>\n\t\t\t\t\t\t\t<img decoding=\"async\" width=\"360\" height=\"270\" src=\"https:\/\/autorai.nl\/wp-content\/uploads\/2023\/09\/BMW-Vision-Neue-Klasse-2023-foto-12-360x270.jpg\" class=\"attachment-small size-small\" alt=\"\" loading=\"lazy\"><i class=\"fa fa-search-plus\" aria-hidden=\"true\"><\/i><br \/>\n\t\t\t\t\t\t<\/span><br \/>\n\t\t\t\t\t<\/figure>\n<figure>\n\t\t\t\t\t<span style=\"cursor: pointer\" data-src=\"https:\/\/autorai.nl\/wp-content\/uploads\/2023\/09\/BMW-Vision-Neue-Klasse-2023-foto-11-1600x1067.jpg\" data-fancybox=\"galery-0\" title=\"\"><br \/>\n\t\t\t\t\t\t\t<img decoding=\"async\" width=\"360\" height=\"270\" src=\"https:\/\/autorai.nl\/wp-content\/uploads\/2023\/09\/BMW-Vision-Neue-Klasse-2023-foto-11-360x270.jpg\" class=\"attachment-small size-small\" alt=\"\" loading=\"lazy\"><i class=\"fa fa-search-plus\" aria-hidden=\"true\"><\/i><br \/>\n\t\t\t\t\t\t<\/span><br \/>\n\t\t\t\t\t<\/figure>\n<figure>\n\t\t\t\t\t<span style=\"cursor: pointer\" data-src=\"https:\/\/autorai.nl\/wp-content\/uploads\/2023\/09\/BMW-Vision-Neue-Klasse-2023-foto-10-1600x1067.jpg\" data-fancybox=\"galery-0\" title=\"\"><br \/>\n\t\t\t\t\t\t\t<img decoding=\"async\" width=\"640\" height=\"480\" src=\"https:\/\/autorai.nl\/wp-content\/uploads\/2023\/09\/BMW-Vision-Neue-Klasse-2023-foto-10-640x480.jpg\" class=\"attachment-medium size-medium\" alt=\"\" loading=\"lazy\"><i class=\"fa fa-search-plus\" aria-hidden=\"true\"><\/i><br \/>\n\t\t\t\t\t\t<\/span><br \/>\n\t\t\t\t\t<\/figure>\n<figure>\n\t\t\t\t\t<span style=\"cursor: pointer\" data-src=\"https:\/\/autorai.nl\/wp-content\/uploads\/2023\/09\/BMW-Vision-Neue-Klasse-2023-foto-9-1600x1067.jpg\" data-fancybox=\"galery-0\" title=\"\"><br \/>\n\t\t\t\t\t\t\t<img decoding=\"async\" width=\"360\" height=\"270\" src=\"https:\/\/autorai.nl\/wp-content\/uploads\/2023\/09\/BMW-Vision-Neue-Klasse-2023-foto-9-360x270.jpg\" class=\"attachment-small size-small\" alt=\"\" loading=\"lazy\"><i class=\"fa fa-search-plus\" aria-hidden=\"true\"><\/i><br \/>\n\t\t\t\t\t\t<\/span><br \/>\n\t\t\t\t\t<\/figure>\n<figure>\n\t\t\t\t\t<span style=\"cursor: pointer\" data-src=\"https:\/\/autorai.nl\/wp-content\/uploads\/2023\/09\/BMW-Vision-Neue-Klasse-2023-foto-8-1600x1067.jpg\" data-fancybox=\"galery-0\" title=\"\"><br \/>\n\t\t\t\t\t\t\t<img decoding=\"async\" width=\"360\" height=\"270\" src=\"https:\/\/autorai.nl\/wp-content\/uploads\/2023\/09\/BMW-Vision-Neue-Klasse-2023-foto-8-360x270.jpg\" class=\"attachment-small size-small\" alt=\"\" loading=\"lazy\"><i class=\"fa fa-search-plus\" aria-hidden=\"true\"><\/i><br \/>\n\t\t\t\t\t\t<\/span><br \/>\n\t\t\t\t\t<\/figure>\n<figure>\n\t\t\t\t\t<span style=\"cursor: pointer\" data-src=\"https:\/\/autorai.nl\/wp-content\/uploads\/2023\/09\/BMW-Vision-Neue-Klasse-2023-foto-7-1600x1067.jpg\" data-fancybox=\"galery-0\" title=\"\"><br \/>\n\t\t\t\t\t\t\t<img decoding=\"async\" width=\"640\" height=\"480\" src=\"https:\/\/autorai.nl\/wp-content\/uploads\/2023\/09\/BMW-Vision-Neue-Klasse-2023-foto-7-640x480.jpg\" class=\"attachment-medium size-medium\" alt=\"\" loading=\"lazy\"><i class=\"fa fa-search-plus\" aria-hidden=\"true\"><\/i><br \/>\n\t\t\t\t\t\t<\/span><br \/>\n\t\t\t\t\t<\/figure>\n<figure>\n\t\t\t\t\t<span style=\"cursor: pointer\" data-src=\"https:\/\/autorai.nl\/wp-content\/uploads\/2023\/09\/BMW-Vision-Neue-Klasse-2023-foto-6-1600x1067.jpg\" data-fancybox=\"galery-0\" title=\"\"><br \/>\n\t\t\t\t\t\t\t<img decoding=\"async\" width=\"360\" height=\"270\" src=\"https:\/\/autorai.nl\/wp-content\/uploads\/2023\/09\/BMW-Vision-Neue-Klasse-2023-foto-6-360x270.jpg\" class=\"attachment-small size-small\" alt=\"\" loading=\"lazy\"><i class=\"fa fa-search-plus\" aria-hidden=\"true\"><\/i><br \/>\n\t\t\t\t\t\t<\/span><br \/>\n\t\t\t\t\t<\/figure>\n<figure>\n\t\t\t\t\t<span style=\"cursor: pointer\" data-src=\"https:\/\/autorai.nl\/wp-content\/uploads\/2023\/09\/BMW-Vision-Neue-Klasse-2023-foto-5-1600x1067.jpg\" data-fancybox=\"galery-0\" title=\"\"><br \/>\n\t\t\t\t\t\t\t<img decoding=\"async\" width=\"360\" height=\"270\" src=\"https:\/\/autorai.nl\/wp-content\/uploads\/2023\/09\/BMW-Vision-Neue-Klasse-2023-foto-5-360x270.jpg\" class=\"attachment-small size-small\" alt=\"\" loading=\"lazy\"><i class=\"fa fa-search-plus\" aria-hidden=\"true\"><\/i><br \/>\n\t\t\t\t\t\t<\/span><br \/>\n\t\t\t\t\t<\/figure>\n<figure>\n\t\t\t\t\t<span style=\"cursor: pointer\" data-src=\"https:\/\/autorai.nl\/wp-content\/uploads\/2023\/09\/BMW-Vision-Neue-Klasse-2023-foto-4-1600x1067.jpg\" data-fancybox=\"galery-0\" title=\"\"><br \/>\n\t\t\t\t\t\t\t<img decoding=\"async\" width=\"640\" height=\"480\" src=\"https:\/\/autorai.nl\/wp-content\/uploads\/2023\/09\/BMW-Vision-Neue-Klasse-2023-foto-4-640x480.jpg\" class=\"attachment-medium size-medium\" alt=\"\" loading=\"lazy\"><i class=\"fa fa-search-plus\" aria-hidden=\"true\"><\/i><br \/>\n\t\t\t\t\t\t<\/span><br \/>\n\t\t\t\t\t<\/figure>\n<figure>\n\t\t\t\t\t<span style=\"cursor: pointer\" data-src=\"https:\/\/autorai.nl\/wp-content\/uploads\/2023\/09\/BMW-Vision-Neue-Klasse-2023-foto-3-1600x1067.jpg\" data-fancybox=\"galery-0\" title=\"\"><br \/>\n\t\t\t\t\t\t\t<img decoding=\"async\" width=\"360\" height=\"270\" src=\"https:\/\/autorai.nl\/wp-content\/uploads\/2023\/09\/BMW-Vision-Neue-Klasse-2023-foto-3-360x270.jpg\" class=\"attachment-small size-small\" alt=\"\" loading=\"lazy\"><i class=\"fa fa-search-plus\" aria-hidden=\"true\"><\/i><br \/>\n\t\t\t\t\t\t<\/span><br \/>\n\t\t\t\t\t<\/figure>\n<figure>\n\t\t\t\t\t<span style=\"cursor: pointer\" data-src=\"https:\/\/autorai.nl\/wp-content\/uploads\/2023\/09\/BMW-Vision-Neue-Klasse-2023-foto-2-1600x1067.jpg\" data-fancybox=\"galery-0\" title=\"\"><br \/>\n\t\t\t\t\t\t\t<img decoding=\"async\" width=\"360\" height=\"270\" src=\"https:\/\/autorai.nl\/wp-content\/uploads\/2023\/09\/BMW-Vision-Neue-Klasse-2023-foto-2-360x270.jpg\" class=\"attachment-small size-small\" alt=\"\" loading=\"lazy\"><i class=\"fa fa-search-plus\" aria-hidden=\"true\"><\/i><br \/>\n\t\t\t\t\t\t<\/span><br \/>\n\t\t\t\t\t<\/figure>\n<div class=\"clear\"><\/div>\n<\/div>\n","protected":false},"excerpt":{"rendered":"BMW Neue Klasse ab 2025 \"Die BMW Vision Neue Klasse b\u00fcndelt unsere Innovationskraft in den Bereichen Elektrifizierung, Digitalisierung und Kreislaufwirtschaft\",&hellip;","protected":false},"author":0,"featured_media":138667,"comment_status":"","ping_status":"open","sticky":false,"template":"","format":"standard","meta":{"footnotes":""},"categories":[125],"tags":[],"class_list":["post-138712","post","type-post","status-publish","format-standard","has-post-thumbnail","hentry","category-auto-nachrichten"],"acf":[],"yoast_head":"<!-- This site is optimized with the Yoast SEO plugin v21.2 - https:\/\/yoast.com\/wordpress\/plugins\/seo\/ -->\n<title>BMW Vision Neue Klasse: im Jahr 2025 Realit\u00e4t! - All cars news<\/title>\n<meta name=\"robots\" content=\"index, follow, max-snippet:-1, max-image-preview:large, max-video-preview:-1\" \/>\n<link rel=\"canonical\" href=\"https:\/\/all-car-news.com\/de\/bmw-vision-neue-klasse-im-jahr-2025-realitaet\/\" \/>\n<meta property=\"og:locale\" content=\"de_DE\" \/>\n<meta property=\"og:type\" content=\"article\" \/>\n<meta property=\"og:title\" content=\"BMW Vision Neue Klasse: im Jahr 2025 Realit\u00e4t! - All cars news\" \/>\n<meta property=\"og:description\" content=\"BMW Neue Klasse ab 2025 &quot;Die BMW Vision Neue Klasse b\u00fcndelt unsere Innovationskraft in den Bereichen Elektrifizierung, Digitalisierung und Kreislaufwirtschaft&quot;, sagte Oliver Zipse, Vorsitzender des Vorstands der BMW AG. &quot;Auf diese Weise k\u00f6nnen wir der Zukunft immer zwei Schritte voraus sein. Bis 2025 bringt die Neue Klasse die Mobilit\u00e4t von [...]\" \/>\n<meta property=\"og:url\" content=\"https:\/\/all-car-news.com\/de\/bmw-vision-neue-klasse-im-jahr-2025-realitaet\/\" \/>\n<meta property=\"og:site_name\" content=\"All cars news\" \/>\n<meta property=\"article:published_time\" content=\"2023-09-04T07:31:52+00:00\" \/>\n<meta property=\"og:image\" content=\"https:\/\/autorai.nl\/wp-content\/uploads\/2023\/09\/BMW-Vision-Neue-Klasse-2023-foto-1-1140x855.jpg\" \/>\n<meta name=\"twitter:card\" content=\"summary_large_image\" \/>\n<meta name=\"twitter:label1\" content=\"Gesch\u00e4tzte Lesezeit\" \/>\n\t<meta name=\"twitter:data1\" content=\"5\u00a0Minuten\" \/>\n<script type=\"application\/ld+json\" class=\"yoast-schema-graph\">{\"@context\":\"https:\/\/schema.org\",\"@graph\":[{\"@type\":\"Article\",\"@id\":\"https:\/\/all-car-news.com\/de\/bmw-vision-neue-klasse-im-jahr-2025-realitaet\/#article\",\"isPartOf\":{\"@id\":\"https:\/\/all-car-news.com\/de\/bmw-vision-neue-klasse-im-jahr-2025-realitaet\/\"},\"author\":{\"name\":\"\",\"@id\":\"\"},\"headline\":\"BMW Vision Neue Klasse: im Jahr 2025 Realit\u00e4t!\",\"datePublished\":\"2023-09-04T07:31:52+00:00\",\"dateModified\":\"2023-09-04T07:31:52+00:00\",\"mainEntityOfPage\":{\"@id\":\"https:\/\/all-car-news.com\/de\/bmw-vision-neue-klasse-im-jahr-2025-realitaet\/\"},\"wordCount\":1033,\"publisher\":{\"@id\":\"https:\/\/all-car-news.com\/de\/#organization\"},\"articleSection\":[\"Auto Nachrichten\"],\"inLanguage\":\"de\"},{\"@type\":\"WebPage\",\"@id\":\"https:\/\/all-car-news.com\/de\/bmw-vision-neue-klasse-im-jahr-2025-realitaet\/\",\"url\":\"https:\/\/all-car-news.com\/de\/bmw-vision-neue-klasse-im-jahr-2025-realitaet\/\",\"name\":\"BMW Vision Neue Klasse: im Jahr 2025 Realit\u00e4t! - All cars news\",\"isPartOf\":{\"@id\":\"https:\/\/all-car-news.com\/de\/#website\"},\"datePublished\":\"2023-09-04T07:31:52+00:00\",\"dateModified\":\"2023-09-04T07:31:52+00:00\",\"breadcrumb\":{\"@id\":\"https:\/\/all-car-news.com\/de\/bmw-vision-neue-klasse-im-jahr-2025-realitaet\/#breadcrumb\"},\"inLanguage\":\"de\",\"potentialAction\":[{\"@type\":\"ReadAction\",\"target\":[\"https:\/\/all-car-news.com\/de\/bmw-vision-neue-klasse-im-jahr-2025-realitaet\/\"]}]},{\"@type\":\"BreadcrumbList\",\"@id\":\"https:\/\/all-car-news.com\/de\/bmw-vision-neue-klasse-im-jahr-2025-realitaet\/#breadcrumb\",\"itemListElement\":[{\"@type\":\"ListItem\",\"position\":1,\"name\":\"Home\",\"item\":\"https:\/\/all-car-news.com\/de\/\"},{\"@type\":\"ListItem\",\"position\":2,\"name\":\"BMW Vision Neue Klasse: im Jahr 2025 Realit\u00e4t!\"}]},{\"@type\":\"WebSite\",\"@id\":\"https:\/\/all-car-news.com\/de\/#website\",\"url\":\"https:\/\/all-car-news.com\/de\/\",\"name\":\"All cars news\",\"description\":\"\",\"publisher\":{\"@id\":\"https:\/\/all-car-news.com\/de\/#organization\"},\"potentialAction\":[{\"@type\":\"SearchAction\",\"target\":{\"@type\":\"EntryPoint\",\"urlTemplate\":\"https:\/\/all-car-news.com\/de\/?s={search_term_string}\"},\"query-input\":\"required name=search_term_string\"}],\"inLanguage\":\"de\"},{\"@type\":\"Organization\",\"@id\":\"https:\/\/all-car-news.com\/de\/#organization\",\"name\":\"All cars news\",\"url\":\"https:\/\/all-car-news.com\/de\/\",\"logo\":{\"@type\":\"ImageObject\",\"inLanguage\":\"de\",\"@id\":\"https:\/\/all-car-news.com\/de\/#\/schema\/logo\/image\/\",\"url\":\"https:\/\/all-car-news.com\/wp-content\/uploads\/2022\/02\/CMYK-AllCarNews_LANDSCAPE_300px-1.png\",\"contentUrl\":\"https:\/\/all-car-news.com\/wp-content\/uploads\/2022\/02\/CMYK-AllCarNews_LANDSCAPE_300px-1.png\",\"width\":300,\"height\":100,\"caption\":\"All cars news\"},\"image\":{\"@id\":\"https:\/\/all-car-news.com\/de\/#\/schema\/logo\/image\/\"}}]}<\/script>\n<!-- \/ Yoast SEO plugin. -->","yoast_head_json":{"title":"BMW Vision Neue Klasse: im Jahr 2025 Realit\u00e4t! - All cars news","robots":{"index":"index","follow":"follow","max-snippet":"max-snippet:-1","max-image-preview":"max-image-preview:large","max-video-preview":"max-video-preview:-1"},"canonical":"https:\/\/all-car-news.com\/de\/bmw-vision-neue-klasse-im-jahr-2025-realitaet\/","og_locale":"de_DE","og_type":"article","og_title":"BMW Vision Neue Klasse: im Jahr 2025 Realit\u00e4t! - All cars news","og_description":"BMW Neue Klasse ab 2025 \"Die BMW Vision Neue Klasse b\u00fcndelt unsere Innovationskraft in den Bereichen Elektrifizierung, Digitalisierung und Kreislaufwirtschaft\", sagte Oliver Zipse, Vorsitzender des Vorstands der BMW AG. \"Auf diese Weise k\u00f6nnen wir der Zukunft immer zwei Schritte voraus sein. Bis 2025 bringt die Neue Klasse die Mobilit\u00e4t von [...]","og_url":"https:\/\/all-car-news.com\/de\/bmw-vision-neue-klasse-im-jahr-2025-realitaet\/","og_site_name":"All cars news","article_published_time":"2023-09-04T07:31:52+00:00","og_image":[{"url":"https:\/\/autorai.nl\/wp-content\/uploads\/2023\/09\/BMW-Vision-Neue-Klasse-2023-foto-1-1140x855.jpg"}],"twitter_card":"summary_large_image","twitter_misc":{"Gesch\u00e4tzte Lesezeit":"5\u00a0Minuten"},"schema":{"@context":"https:\/\/schema.org","@graph":[{"@type":"Article","@id":"https:\/\/all-car-news.com\/de\/bmw-vision-neue-klasse-im-jahr-2025-realitaet\/#article","isPartOf":{"@id":"https:\/\/all-car-news.com\/de\/bmw-vision-neue-klasse-im-jahr-2025-realitaet\/"},"author":{"name":"","@id":""},"headline":"BMW Vision Neue Klasse: im Jahr 2025 Realit\u00e4t!","datePublished":"2023-09-04T07:31:52+00:00","dateModified":"2023-09-04T07:31:52+00:00","mainEntityOfPage":{"@id":"https:\/\/all-car-news.com\/de\/bmw-vision-neue-klasse-im-jahr-2025-realitaet\/"},"wordCount":1033,"publisher":{"@id":"https:\/\/all-car-news.com\/de\/#organization"},"articleSection":["Auto Nachrichten"],"inLanguage":"de"},{"@type":"WebPage","@id":"https:\/\/all-car-news.com\/de\/bmw-vision-neue-klasse-im-jahr-2025-realitaet\/","url":"https:\/\/all-car-news.com\/de\/bmw-vision-neue-klasse-im-jahr-2025-realitaet\/","name":"BMW Vision Neue Klasse: im Jahr 2025 Realit\u00e4t! - All cars news","isPartOf":{"@id":"https:\/\/all-car-news.com\/de\/#website"},"datePublished":"2023-09-04T07:31:52+00:00","dateModified":"2023-09-04T07:31:52+00:00","breadcrumb":{"@id":"https:\/\/all-car-news.com\/de\/bmw-vision-neue-klasse-im-jahr-2025-realitaet\/#breadcrumb"},"inLanguage":"de","potentialAction":[{"@type":"ReadAction","target":["https:\/\/all-car-news.com\/de\/bmw-vision-neue-klasse-im-jahr-2025-realitaet\/"]}]},{"@type":"BreadcrumbList","@id":"https:\/\/all-car-news.com\/de\/bmw-vision-neue-klasse-im-jahr-2025-realitaet\/#breadcrumb","itemListElement":[{"@type":"ListItem","position":1,"name":"Home","item":"https:\/\/all-car-news.com\/de\/"},{"@type":"ListItem","position":2,"name":"BMW Vision Neue Klasse: im Jahr 2025 Realit\u00e4t!"}]},{"@type":"WebSite","@id":"https:\/\/all-car-news.com\/de\/#website","url":"https:\/\/all-car-news.com\/de\/","name":"All cars news","description":"","publisher":{"@id":"https:\/\/all-car-news.com\/de\/#organization"},"potentialAction":[{"@type":"SearchAction","target":{"@type":"EntryPoint","urlTemplate":"https:\/\/all-car-news.com\/de\/?s={search_term_string}"},"query-input":"required name=search_term_string"}],"inLanguage":"de"},{"@type":"Organization","@id":"https:\/\/all-car-news.com\/de\/#organization","name":"All cars news","url":"https:\/\/all-car-news.com\/de\/","logo":{"@type":"ImageObject","inLanguage":"de","@id":"https:\/\/all-car-news.com\/de\/#\/schema\/logo\/image\/","url":"https:\/\/all-car-news.com\/wp-content\/uploads\/2022\/02\/CMYK-AllCarNews_LANDSCAPE_300px-1.png","contentUrl":"https:\/\/all-car-news.com\/wp-content\/uploads\/2022\/02\/CMYK-AllCarNews_LANDSCAPE_300px-1.png","width":300,"height":100,"caption":"All cars news"},"image":{"@id":"https:\/\/all-car-news.com\/de\/#\/schema\/logo\/image\/"}}]}},"_links":{"self":[{"href":"https:\/\/all-car-news.com\/de\/wp-json\/wp\/v2\/posts\/138712","targetHints":{"allow":["GET"]}}],"collection":[{"href":"https:\/\/all-car-news.com\/de\/wp-json\/wp\/v2\/posts"}],"about":[{"href":"https:\/\/all-car-news.com\/de\/wp-json\/wp\/v2\/types\/post"}],"replies":[{"embeddable":true,"href":"https:\/\/all-car-news.com\/de\/wp-json\/wp\/v2\/comments?post=138712"}],"version-history":[{"count":0,"href":"https:\/\/all-car-news.com\/de\/wp-json\/wp\/v2\/posts\/138712\/revisions"}],"wp:featuredmedia":[{"embeddable":true,"href":"https:\/\/all-car-news.com\/de\/wp-json\/wp\/v2\/media\/138667"}],"wp:attachment":[{"href":"https:\/\/all-car-news.com\/de\/wp-json\/wp\/v2\/media?parent=138712"}],"wp:term":[{"taxonomy":"category","embeddable":true,"href":"https:\/\/all-car-news.com\/de\/wp-json\/wp\/v2\/categories?post=138712"},{"taxonomy":"post_tag","embeddable":true,"href":"https:\/\/all-car-news.com\/de\/wp-json\/wp\/v2\/tags?post=138712"}],"curies":[{"name":"wp","href":"https:\/\/api.w.org\/{rel}","templated":true}]}}