{"id":138694,"date":"2023-09-04T08:25:23","date_gmt":"2023-09-04T08:25:23","guid":{"rendered":"https:\/\/all-car-news.com\/volkswagen-id-gti-concept-gruenes-licht-bereits-erteilt\/"},"modified":"2023-09-04T08:25:23","modified_gmt":"2023-09-04T08:25:23","slug":"volkswagen-id-gti-concept-gruenes-licht-bereits-erteilt","status":"publish","type":"post","link":"https:\/\/all-car-news.com\/de\/volkswagen-id-gti-concept-gruenes-licht-bereits-erteilt\/","title":{"rendered":"Volkswagen ID. GTI Concept: Gr\u00fcnes Licht bereits erteilt"},"content":{"rendered":"<h2>Basierend auf dem Volkswagen ID.2all<\/h2>\n<p>Es ist Zeit f\u00fcr den elektrischen GTI, meint Volkswagen. Diese Volkswagen ID. GTI Concept Vorschauen. Das Studienmodell basiert auf dem im M\u00e4rz vorgestellten Volkswagen ID.2all. Die Entwicklung zur Serienfertigung wurde bereits genehmigt.<\/p>\n<p>&#8222;Mit Frontantrieb, schlankem Design und kraftvollen Proportionen ist dieses Modell ein perfekter Ausgangspunkt f\u00fcr einen neuen GTI, bei dem Fahrspa\u00df, Langlebigkeit und Benutzerfreundlichkeit perfekt zusammenpassen&#8220;, so Volkswagen.<\/p>\n<h2>GTI, mit dem &#8218;I&#8216; von&#8230;<\/h2>\n<p>Von nun an steht das I in der legend\u00e4ren Drei-Buchstaben-Kombination auch f\u00fcr &#8222;Intelligent&#8220;. Da der Aufbau des Elektromotors fast vollst\u00e4ndig variabel ist, kann der Vehicle Dynamics Manager des ID. Beim GTI Concept ist der Antriebsstrang noch st\u00e4rker in das Managementsystem integriert als bei Modellen mit Verbrennungsmotor.<\/p>\n<p>Mit Variablen wie dem Antriebsstrang, der Lenkung, dem Sound und sogar Schaltpunkten im Stil historischer GTI-Modelle erm\u00f6glicht dies eine breite Palette von GTI-Profilen. Diese sind \u00fcber das neue GTI Experience Control in der Mittelkonsole w\u00e4hlbar. Das macht ID. GTI Concept ist auch eine dynamische Zeitmaschine.  <\/p>\n<figure class=\"wp-block-image size-content\"><img decoding=\"async\" loading=\"lazy\" width=\"1140\" height=\"760\" src=\"https:\/\/autorai.nl\/wp-content\/uploads\/2023\/09\/volkswagen-id-gti-concept-2023-foto13-1140x760.jpg\" alt=\"Volkswagen ID GTI Konzept\" class=\"wp-image-165862\"><\/figure>\n<h2>Die Basis: der Volkswagen ID.2all<\/h2>\n<p>Wie der erste GTI von 1976 ist auch der ID. GTI Concept nutzen das Design- und Technikkonzept eines realisierbaren Serienmodells, in diesem Fall des Volkswagen ID.2all. Die ID. GTI Concept ist kompakt. Er ist 4,10 m lang, 1,84 m breit und 1,50 m hoch. Der Radstand betr\u00e4gt 2,60 Meter.  <\/p>\n<h2>Merkmale des Modells GTI<\/h2>\n<p>Die markante Form der C-S\u00e4ule, die rote Einrahmung des K\u00fchlergrills, der schwarze Heckspoiler, die mattschwarzen Radlaufverbreiterungen und die Farbe Diamond Silver Metallic sind Referenzen an den ersten Golf GTI. Moderne GTI-Elemente wie wabenf\u00f6rmige Lufteinl\u00e4sse sind ebenfalls Bestandteil des Designs. Die roten Abschlepp\u00f6sen sind eine Anspielung auf den Rennsport.&nbsp;<\/p>\n<h2>Neue GTI-Elemente&nbsp;<\/h2>\n<p>Auch mit neuen Designelementen, der ID. GTI Concept die Zukunft des GTI. Ein gutes Beispiel sind die mit LED-Streifen verbundenen IQ. LIGHT LED-Matrix-Scheinwerfereinheiten, aufrechtes LED-Tagfahrlicht, das beleuchtete Volkswagen-Logo und die schwarz gerahmten Luftschleier im sportlichen Frontsto\u00dff\u00e4nger. Die Leichtmetallr\u00e4der bestechen durch ihre Gr\u00f6\u00dfe von 20 Zoll, acht Doppelspeichen, einen markanten Kreis mit acht \u00d6ffnungen und ein Finish in einer Kombination aus Schwarz und poliertem Hochglanz. Die R\u00fccklichteinheiten der ID. GTI Concept sind durch einen schwarzen Streifen miteinander verbunden und das zentrale Volkswagen Logo ist beleuchtet. Der schwarze Diffusor besteht aus zwei Teilen. Der kraftvolle Look wird durch die dazu passenden Radlaufverbreiterungen noch verst\u00e4rkt. Der schwarze Hecksto\u00dff\u00e4nger erinnert an den des Ur-Golf GTI.<\/p>\n<figure class=\"wp-block-image size-content\"><img decoding=\"async\" loading=\"lazy\" width=\"1140\" height=\"641\" src=\"https:\/\/autorai.nl\/wp-content\/uploads\/2023\/09\/volkswagen-id-gti-concept-2023-foto23-1140x641.jpg\" alt=\"Volkswagen ID GTI Konzept\" class=\"wp-image-165872\"><\/figure>\n<h2>Innenraum Volkswagen ID. GTI-Konzept<\/h2>\n<p>Mit auff\u00e4lligen Details wie karierten stoffbezogenen Sportsitzen, einem Schaltknauf in Form eines Golfballs und dem Dreispeichen-Sportlenkrad mit seiner markanten Aussparung in der Mitte war auch der Innenraum des ersten Golf GTI betont sportlich. Die ID. Der GTI Concept interpretiert diese Elemente auf seine ganz eigene Weise. So schl\u00e4gt beispielsweise der versenkte Airbag im Dreispeichen-Sportlenkrad die Br\u00fccke zum Lenkrad des Golf GTI I. Ein modernes Detail ist die beleuchtete 12-Stunden-Anzeige.<\/p>\n<p>In den horizontalen Speichen des Lenkrads sind beispielsweise die Bedienelemente f\u00fcr das Armaturenbrett, das Augmented-Reality-Head-up-Display und die Lautst\u00e4rke des Audiosystems perfekt erreichbar. Obwohl das Automatikgetriebe im ID. W\u00e4hrend der GTI Concept \u00fcber einen Schalter an der Lenks\u00e4ule gesteuert wird, taucht das Golfball-Design auch im Innenraum auf: Der Golfball in der Mittelkonsole ist das Bedienelement f\u00fcr die GTI Experience Control, mit der Fahrprofile und das Armaturenbrett-Display ausgew\u00e4hlt werden k\u00f6nnen.<\/p>\n<h2>GTI-Sitze, GTI-Cockpit<\/h2>\n<p>Die Sportsitze in der ID. GTI Concept sind teilweise mit einem &#8222;Jack-e&#8220;-Karomusterstoff bezogen &#8211; eine Anspielung auf die karierten &#8222;Jacky&#8220;-Sitzbez\u00fcge des Golf GTI 6. Ein rot pulsierendes LED-Element ist in die Kopfst\u00fctze des Beifahrers integriert. Dieser &#8222;GTI Heartbeat&#8220;-Sensor macht deutlich, dass die Alarmanlage aktiviert wurde, wenn das Fahrzeug verriegelt ist.&nbsp;<\/p>\n<p>\u00dcber das GTI Experience Control k\u00f6nnen verschiedene Ansichten f\u00fcr das digitale Kombiinstrument ausgew\u00e4hlt werden. Zus\u00e4tzlich zum bereits sportlichen Serienlook gibt es eine Vintage-GTI-Anzeige, bei der sich das Kombiinstrument wie das Cockpit des legend\u00e4ren Golf Pirelli GTI anf\u00fchlt.&nbsp;<\/p>\n<h2>GTI Head-up-Display und GTI-Modus<\/h2>\n<p>Das Augmented-Reality-Display verschmilzt die virtuelle Welt mit der Umgebung des Fahrzeugs. Diese Anzeige projiziert auch Informationen (Geschwindigkeit, verbleibende Reichweite) in das Sichtfeld des Beifahrers. Im Standardmodus wird wei\u00dfes Licht (GTI Silver Drive) f\u00fcr die Anzeigen und die Hintergrundbeleuchtung verwendet. Aktiviert der Fahrer den neuen GTI-Modus, wechselt er zum Farbton GTI Red Turbo. Dann projiziert das Display zum Beispiel auch die Karte der befahrenen Strecke und zeigt die Position des Autos auf der Strecke an. Bei einem Rennen werden sogar die aktuelle Position, die Rundenzeiten und die Anzahl der absolvierten Runden angezeigt. Die ID. GTI Concept nutzt dies auch, um zu zeigen, was in Zukunft m\u00f6glich ist.&nbsp;<\/p>\n<p>Die ID. Der GTI Concept verf\u00fcgt bereits \u00fcber nahezu serienreife Elemente, wie das gro\u00dfe Touch-Display (12,9 Zoll) und die darunter angeordneten Bedienelemente der Klimaanlage. F\u00fcr die wichtigsten Funktionen gibt es beleuchtete Tasten, die sowohl f\u00fcr den Fahrer als auch f\u00fcr den Beifahrer gut erreichbar sind. Die Lautst\u00e4rke l\u00e4sst sich mit einem mit dem Daumen bedienbaren Drehschalter leicht einstellen. Telefone k\u00f6nnen kabellos aufgeladen werden. Neben mehreren USB-C-Anschl\u00fcssen gibt es auch eine 230V-Steckdose.&nbsp;<\/p>\n<h2>Auch ein bisschen praktisch?<\/h2>\n<p>Die Benutzerfreundlichkeit ist ein wesentlicher Bestandteil der GTI-DNA. Die ID. GTI Concept, der auf der MEB-Einstiegsplattform basiert, bietet Platz f\u00fcr f\u00fcnf Insassen. Der flexible Kofferraum mit zus\u00e4tzlichem Staufach hat ein Fassungsverm\u00f6gen von 490 Litern (1.330 Liter bei umgeklappten R\u00fccksitzen). Selbst unter dem R\u00fccksitz befindet sich ein weiterer abschlie\u00dfbarer Stauraum mit einem Volumen von 50 Litern &#8211; ideal zum Beispiel f\u00fcr Laptops und Tablets.&nbsp;<\/p>\n<p>Auch mit seinem effizienten Antriebsstrang, dem geringen Gewicht, der guten Stromlinienform, der gro\u00dfen Batterie und der perfekten Balance zwischen Sportlichkeit und Komfort ist der ID. GTI Concept bereit f\u00fcr jede (lange) Reise.<\/p>\n<div class=\"galery galery-0\">\n<figure>\n\t\t\t\t\t<span style=\"cursor: pointer\" data-src=\"https:\/\/autorai.nl\/wp-content\/uploads\/2023\/09\/volkswagen-id-gti-concept-2023-foto29-1600x1068.jpg\" data-fancybox=\"galery-0\" title=\"\"><br \/>\n\t\t\t\t\t\t\t<img decoding=\"async\" width=\"360\" height=\"270\" src=\"https:\/\/autorai.nl\/wp-content\/uploads\/2023\/09\/volkswagen-id-gti-concept-2023-foto29-360x270.jpg\" class=\"attachment-small size-small\" alt=\"\" loading=\"lazy\"><i class=\"fa fa-search-plus\" aria-hidden=\"true\"><\/i><br \/>\n\t\t\t\t\t\t<\/span><br \/>\n\t\t\t\t\t<\/figure>\n<figure>\n\t\t\t\t\t<span style=\"cursor: pointer\" data-src=\"https:\/\/autorai.nl\/wp-content\/uploads\/2023\/09\/volkswagen-id-gti-concept-2023-foto28-1600x900.jpg\" data-fancybox=\"galery-0\" title=\"\"><br \/>\n\t\t\t\t\t\t\t<img decoding=\"async\" width=\"360\" height=\"270\" src=\"https:\/\/autorai.nl\/wp-content\/uploads\/2023\/09\/volkswagen-id-gti-concept-2023-foto28-360x270.jpg\" class=\"attachment-small size-small\" alt=\"\" loading=\"lazy\"><i class=\"fa fa-search-plus\" aria-hidden=\"true\"><\/i><br \/>\n\t\t\t\t\t\t<\/span><br \/>\n\t\t\t\t\t<\/figure>\n<figure>\n\t\t\t\t\t<span style=\"cursor: pointer\" data-src=\"https:\/\/autorai.nl\/wp-content\/uploads\/2023\/09\/volkswagen-id-gti-concept-2023-foto27-1600x1068.jpg\" data-fancybox=\"galery-0\" title=\"\"><br \/>\n\t\t\t\t\t\t\t<img decoding=\"async\" width=\"360\" height=\"270\" src=\"https:\/\/autorai.nl\/wp-content\/uploads\/2023\/09\/volkswagen-id-gti-concept-2023-foto27-360x270.jpg\" class=\"attachment-small size-small\" alt=\"\" loading=\"lazy\"><i class=\"fa fa-search-plus\" aria-hidden=\"true\"><\/i><br \/>\n\t\t\t\t\t\t<\/span><br \/>\n\t\t\t\t\t<\/figure>\n<figure>\n\t\t\t\t\t<span style=\"cursor: pointer\" data-src=\"https:\/\/autorai.nl\/wp-content\/uploads\/2023\/09\/volkswagen-id-gti-concept-2023-foto26-1600x1067.jpg\" data-fancybox=\"galery-0\" title=\"\"><br \/>\n\t\t\t\t\t\t\t<img decoding=\"async\" width=\"360\" height=\"270\" src=\"https:\/\/autorai.nl\/wp-content\/uploads\/2023\/09\/volkswagen-id-gti-concept-2023-foto26-360x270.jpg\" class=\"attachment-small size-small\" alt=\"\" loading=\"lazy\"><i class=\"fa fa-search-plus\" aria-hidden=\"true\"><\/i><br \/>\n\t\t\t\t\t\t<\/span><br \/>\n\t\t\t\t\t<\/figure>\n<figure>\n\t\t\t\t\t<span style=\"cursor: pointer\" data-src=\"https:\/\/autorai.nl\/wp-content\/uploads\/2023\/09\/volkswagen-id-gti-concept-2023-foto25-1600x740.jpg\" data-fancybox=\"galery-0\" title=\"\"><br \/>\n\t\t\t\t\t\t\t<img decoding=\"async\" width=\"360\" height=\"270\" src=\"https:\/\/autorai.nl\/wp-content\/uploads\/2023\/09\/volkswagen-id-gti-concept-2023-foto25-360x270.jpg\" class=\"attachment-small size-small\" alt=\"\" loading=\"lazy\"><i class=\"fa fa-search-plus\" aria-hidden=\"true\"><\/i><br \/>\n\t\t\t\t\t\t<\/span><br \/>\n\t\t\t\t\t<\/figure>\n<figure>\n\t\t\t\t\t<span style=\"cursor: pointer\" data-src=\"https:\/\/autorai.nl\/wp-content\/uploads\/2023\/09\/volkswagen-id-gti-concept-2023-foto24-1600x540.jpg\" data-fancybox=\"galery-0\" title=\"\"><br \/>\n\t\t\t\t\t\t\t<img decoding=\"async\" width=\"360\" height=\"270\" src=\"https:\/\/autorai.nl\/wp-content\/uploads\/2023\/09\/volkswagen-id-gti-concept-2023-foto24-360x270.jpg\" class=\"attachment-small size-small\" alt=\"\" loading=\"lazy\"><i class=\"fa fa-search-plus\" aria-hidden=\"true\"><\/i><br \/>\n\t\t\t\t\t\t<\/span><br \/>\n\t\t\t\t\t<\/figure>\n<figure>\n\t\t\t\t\t<span style=\"cursor: pointer\" data-src=\"https:\/\/autorai.nl\/wp-content\/uploads\/2023\/09\/volkswagen-id-gti-concept-2023-foto23-1600x900.jpg\" data-fancybox=\"galery-0\" title=\"\"><br \/>\n\t\t\t\t\t\t\t<img decoding=\"async\" width=\"360\" height=\"270\" src=\"https:\/\/autorai.nl\/wp-content\/uploads\/2023\/09\/volkswagen-id-gti-concept-2023-foto23-360x270.jpg\" class=\"attachment-small size-small\" alt=\"Volkswagen ID GTI Konzept\" loading=\"lazy\"><i class=\"fa fa-search-plus\" aria-hidden=\"true\"><\/i><br \/>\n\t\t\t\t\t\t<\/span><br \/>\n\t\t\t\t\t<\/figure>\n<figure>\n\t\t\t\t\t<span style=\"cursor: pointer\" data-src=\"https:\/\/autorai.nl\/wp-content\/uploads\/2023\/09\/volkswagen-id-gti-concept-2023-foto22-1600x900.jpg\" data-fancybox=\"galery-0\" title=\"\"><br \/>\n\t\t\t\t\t\t\t<img decoding=\"async\" width=\"360\" height=\"270\" src=\"https:\/\/autorai.nl\/wp-content\/uploads\/2023\/09\/volkswagen-id-gti-concept-2023-foto22-360x270.jpg\" class=\"attachment-small size-small\" alt=\"\" loading=\"lazy\"><i class=\"fa fa-search-plus\" aria-hidden=\"true\"><\/i><br \/>\n\t\t\t\t\t\t<\/span><br \/>\n\t\t\t\t\t<\/figure>\n<figure>\n\t\t\t\t\t<span style=\"cursor: pointer\" data-src=\"https:\/\/autorai.nl\/wp-content\/uploads\/2023\/09\/volkswagen-id-gti-concept-2023-foto21-1600x740.jpg\" data-fancybox=\"galery-0\" title=\"\"><br \/>\n\t\t\t\t\t\t\t<img decoding=\"async\" width=\"360\" height=\"270\" src=\"https:\/\/autorai.nl\/wp-content\/uploads\/2023\/09\/volkswagen-id-gti-concept-2023-foto21-360x270.jpg\" class=\"attachment-small size-small\" alt=\"\" loading=\"lazy\"><i class=\"fa fa-search-plus\" aria-hidden=\"true\"><\/i><br \/>\n\t\t\t\t\t\t<\/span><br \/>\n\t\t\t\t\t<\/figure>\n<figure>\n\t\t\t\t\t<span style=\"cursor: pointer\" data-src=\"https:\/\/autorai.nl\/wp-content\/uploads\/2023\/09\/volkswagen-id-gti-concept-2023-foto20-1600x900.jpg\" data-fancybox=\"galery-0\" title=\"\"><br \/>\n\t\t\t\t\t\t\t<img decoding=\"async\" width=\"360\" height=\"270\" src=\"https:\/\/autorai.nl\/wp-content\/uploads\/2023\/09\/volkswagen-id-gti-concept-2023-foto20-360x270.jpg\" class=\"attachment-small size-small\" alt=\"\" loading=\"lazy\"><i class=\"fa fa-search-plus\" aria-hidden=\"true\"><\/i><br \/>\n\t\t\t\t\t\t<\/span><br \/>\n\t\t\t\t\t<\/figure>\n<figure>\n\t\t\t\t\t<span style=\"cursor: pointer\" data-src=\"https:\/\/autorai.nl\/wp-content\/uploads\/2023\/09\/volkswagen-id-gti-concept-2023-foto19-1600x598.jpg\" data-fancybox=\"galery-0\" title=\"\"><br \/>\n\t\t\t\t\t\t\t<img decoding=\"async\" width=\"360\" height=\"270\" src=\"https:\/\/autorai.nl\/wp-content\/uploads\/2023\/09\/volkswagen-id-gti-concept-2023-foto19-360x270.jpg\" class=\"attachment-small size-small\" alt=\"\" loading=\"lazy\"><i class=\"fa fa-search-plus\" aria-hidden=\"true\"><\/i><br \/>\n\t\t\t\t\t\t<\/span><br \/>\n\t\t\t\t\t<\/figure>\n<figure>\n\t\t\t\t\t<span style=\"cursor: pointer\" data-src=\"https:\/\/autorai.nl\/wp-content\/uploads\/2023\/09\/volkswagen-id-gti-concept-2023-foto18-1600x740.jpg\" data-fancybox=\"galery-0\" title=\"\"><br \/>\n\t\t\t\t\t\t\t<img decoding=\"async\" width=\"360\" height=\"270\" src=\"https:\/\/autorai.nl\/wp-content\/uploads\/2023\/09\/volkswagen-id-gti-concept-2023-foto18-360x270.jpg\" class=\"attachment-small size-small\" alt=\"\" loading=\"lazy\"><i class=\"fa fa-search-plus\" aria-hidden=\"true\"><\/i><br \/>\n\t\t\t\t\t\t<\/span><br \/>\n\t\t\t\t\t<\/figure>\n<figure>\n\t\t\t\t\t<span style=\"cursor: pointer\" data-src=\"https:\/\/autorai.nl\/wp-content\/uploads\/2023\/09\/volkswagen-id-gti-concept-2023-foto17-1600x800.jpg\" data-fancybox=\"galery-0\" title=\"\"><br \/>\n\t\t\t\t\t\t\t<img decoding=\"async\" width=\"360\" height=\"270\" src=\"https:\/\/autorai.nl\/wp-content\/uploads\/2023\/09\/volkswagen-id-gti-concept-2023-foto17-360x270.jpg\" class=\"attachment-small size-small\" alt=\"\" loading=\"lazy\"><i class=\"fa fa-search-plus\" aria-hidden=\"true\"><\/i><br \/>\n\t\t\t\t\t\t<\/span><br \/>\n\t\t\t\t\t<\/figure>\n<figure>\n\t\t\t\t\t<span style=\"cursor: pointer\" data-src=\"https:\/\/autorai.nl\/wp-content\/uploads\/2023\/09\/volkswagen-id-gti-concept-2023-foto16-1600x800.jpg\" data-fancybox=\"galery-0\" title=\"\"><br \/>\n\t\t\t\t\t\t\t<img decoding=\"async\" width=\"360\" height=\"270\" src=\"https:\/\/autorai.nl\/wp-content\/uploads\/2023\/09\/volkswagen-id-gti-concept-2023-foto16-360x270.jpg\" class=\"attachment-small size-small\" alt=\"\" loading=\"lazy\"><i class=\"fa fa-search-plus\" aria-hidden=\"true\"><\/i><br \/>\n\t\t\t\t\t\t<\/span><br \/>\n\t\t\t\t\t<\/figure>\n<figure>\n\t\t\t\t\t<span style=\"cursor: pointer\" data-src=\"https:\/\/autorai.nl\/wp-content\/uploads\/2023\/09\/volkswagen-id-gti-concept-2023-foto15-1600x800.jpg\" data-fancybox=\"galery-0\" title=\"\"><br \/>\n\t\t\t\t\t\t\t<img decoding=\"async\" width=\"360\" height=\"270\" src=\"https:\/\/autorai.nl\/wp-content\/uploads\/2023\/09\/volkswagen-id-gti-concept-2023-foto15-360x270.jpg\" class=\"attachment-small size-small\" alt=\"\" loading=\"lazy\"><i class=\"fa fa-search-plus\" aria-hidden=\"true\"><\/i><br \/>\n\t\t\t\t\t\t<\/span><br \/>\n\t\t\t\t\t<\/figure>\n<figure>\n\t\t\t\t\t<span style=\"cursor: pointer\" data-src=\"https:\/\/autorai.nl\/wp-content\/uploads\/2023\/09\/volkswagen-id-gti-concept-2023-foto14-1600x800.jpg\" data-fancybox=\"galery-0\" title=\"\"><br \/>\n\t\t\t\t\t\t\t<img decoding=\"async\" width=\"360\" height=\"270\" src=\"https:\/\/autorai.nl\/wp-content\/uploads\/2023\/09\/volkswagen-id-gti-concept-2023-foto14-360x270.jpg\" class=\"attachment-small size-small\" alt=\"\" loading=\"lazy\"><i class=\"fa fa-search-plus\" aria-hidden=\"true\"><\/i><br \/>\n\t\t\t\t\t\t<\/span><br \/>\n\t\t\t\t\t<\/figure>\n<figure>\n\t\t\t\t\t<span style=\"cursor: pointer\" data-src=\"https:\/\/autorai.nl\/wp-content\/uploads\/2023\/09\/volkswagen-id-gti-concept-2023-foto13-1600x1067.jpg\" data-fancybox=\"galery-0\" title=\"\"><br \/>\n\t\t\t\t\t\t\t<img decoding=\"async\" width=\"360\" height=\"270\" src=\"https:\/\/autorai.nl\/wp-content\/uploads\/2023\/09\/volkswagen-id-gti-concept-2023-foto13-360x270.jpg\" class=\"attachment-small size-small\" alt=\"Volkswagen ID GTI Konzept\" loading=\"lazy\"><i class=\"fa fa-search-plus\" aria-hidden=\"true\"><\/i><br \/>\n\t\t\t\t\t\t<\/span><br \/>\n\t\t\t\t\t<\/figure>\n<figure>\n\t\t\t\t\t<span style=\"cursor: pointer\" data-src=\"https:\/\/autorai.nl\/wp-content\/uploads\/2023\/09\/volkswagen-id-gti-concept-2023-foto12-1600x1068.jpg\" data-fancybox=\"galery-0\" title=\"\"><br \/>\n\t\t\t\t\t\t\t<img decoding=\"async\" width=\"360\" height=\"270\" src=\"https:\/\/autorai.nl\/wp-content\/uploads\/2023\/09\/volkswagen-id-gti-concept-2023-foto12-360x270.jpg\" class=\"attachment-small size-small\" alt=\"Volkswagen ID GTI Konzept\" loading=\"lazy\"><i class=\"fa fa-search-plus\" aria-hidden=\"true\"><\/i><br \/>\n\t\t\t\t\t\t<\/span><br \/>\n\t\t\t\t\t<\/figure>\n<figure>\n\t\t\t\t\t<span style=\"cursor: pointer\" data-src=\"https:\/\/autorai.nl\/wp-content\/uploads\/2023\/09\/volkswagen-id-gti-concept-2023-foto11-1600x1067.jpg\" data-fancybox=\"galery-0\" title=\"\"><br \/>\n\t\t\t\t\t\t\t<img decoding=\"async\" width=\"360\" height=\"270\" src=\"https:\/\/autorai.nl\/wp-content\/uploads\/2023\/09\/volkswagen-id-gti-concept-2023-foto11-360x270.jpg\" class=\"attachment-small size-small\" alt=\"\" loading=\"lazy\"><i class=\"fa fa-search-plus\" aria-hidden=\"true\"><\/i><br \/>\n\t\t\t\t\t\t<\/span><br \/>\n\t\t\t\t\t<\/figure>\n<figure>\n\t\t\t\t\t<span style=\"cursor: pointer\" data-src=\"https:\/\/autorai.nl\/wp-content\/uploads\/2023\/09\/volkswagen-id-gti-concept-2023-foto10-1600x1067.jpg\" data-fancybox=\"galery-0\" title=\"\"><br \/>\n\t\t\t\t\t\t\t<img decoding=\"async\" width=\"360\" height=\"270\" src=\"https:\/\/autorai.nl\/wp-content\/uploads\/2023\/09\/volkswagen-id-gti-concept-2023-foto10-360x270.jpg\" class=\"attachment-small size-small\" alt=\"\" loading=\"lazy\"><i class=\"fa fa-search-plus\" aria-hidden=\"true\"><\/i><br \/>\n\t\t\t\t\t\t<\/span><br \/>\n\t\t\t\t\t<\/figure>\n<figure>\n\t\t\t\t\t<span style=\"cursor: pointer\" data-src=\"https:\/\/autorai.nl\/wp-content\/uploads\/2023\/09\/volkswagen-id-gti-concept-2023-foto9-1600x1067.jpg\" data-fancybox=\"galery-0\" title=\"\"><br \/>\n\t\t\t\t\t\t\t<img decoding=\"async\" width=\"360\" height=\"270\" src=\"https:\/\/autorai.nl\/wp-content\/uploads\/2023\/09\/volkswagen-id-gti-concept-2023-foto9-360x270.jpg\" class=\"attachment-small size-small\" alt=\"\" loading=\"lazy\"><i class=\"fa fa-search-plus\" aria-hidden=\"true\"><\/i><br \/>\n\t\t\t\t\t\t<\/span><br \/>\n\t\t\t\t\t<\/figure>\n<figure>\n\t\t\t\t\t<span style=\"cursor: pointer\" data-src=\"https:\/\/autorai.nl\/wp-content\/uploads\/2023\/09\/volkswagen-id-gti-concept-2023-foto8-1600x1067.jpg\" data-fancybox=\"galery-0\" title=\"\"><br \/>\n\t\t\t\t\t\t\t<img decoding=\"async\" width=\"360\" height=\"270\" src=\"https:\/\/autorai.nl\/wp-content\/uploads\/2023\/09\/volkswagen-id-gti-concept-2023-foto8-360x270.jpg\" class=\"attachment-small size-small\" alt=\"\" loading=\"lazy\"><i class=\"fa fa-search-plus\" aria-hidden=\"true\"><\/i><br \/>\n\t\t\t\t\t\t<\/span><br \/>\n\t\t\t\t\t<\/figure>\n<figure>\n\t\t\t\t\t<span style=\"cursor: pointer\" data-src=\"https:\/\/autorai.nl\/wp-content\/uploads\/2023\/09\/volkswagen-id-gti-concept-2023-foto7-1600x1067.jpg\" data-fancybox=\"galery-0\" title=\"\"><br \/>\n\t\t\t\t\t\t\t<img decoding=\"async\" width=\"360\" height=\"270\" src=\"https:\/\/autorai.nl\/wp-content\/uploads\/2023\/09\/volkswagen-id-gti-concept-2023-foto7-360x270.jpg\" class=\"attachment-small size-small\" alt=\"\" loading=\"lazy\"><i class=\"fa fa-search-plus\" aria-hidden=\"true\"><\/i><br \/>\n\t\t\t\t\t\t<\/span><br \/>\n\t\t\t\t\t<\/figure>\n<figure>\n\t\t\t\t\t<span style=\"cursor: pointer\" data-src=\"https:\/\/autorai.nl\/wp-content\/uploads\/2023\/09\/volkswagen-id-gti-concept-2023-foto6-1600x1067.jpg\" data-fancybox=\"galery-0\" title=\"\"><br \/>\n\t\t\t\t\t\t\t<img decoding=\"async\" width=\"360\" height=\"270\" src=\"https:\/\/autorai.nl\/wp-content\/uploads\/2023\/09\/volkswagen-id-gti-concept-2023-foto6-360x270.jpg\" class=\"attachment-small size-small\" alt=\"\" loading=\"lazy\"><i class=\"fa fa-search-plus\" aria-hidden=\"true\"><\/i><br \/>\n\t\t\t\t\t\t<\/span><br \/>\n\t\t\t\t\t<\/figure>\n<figure>\n\t\t\t\t\t<span style=\"cursor: pointer\" data-src=\"https:\/\/autorai.nl\/wp-content\/uploads\/2023\/09\/volkswagen-id-gti-concept-2023-foto5-1600x1067.jpg\" data-fancybox=\"galery-0\" title=\"\"><br \/>\n\t\t\t\t\t\t\t<img decoding=\"async\" width=\"360\" height=\"270\" src=\"https:\/\/autorai.nl\/wp-content\/uploads\/2023\/09\/volkswagen-id-gti-concept-2023-foto5-360x270.jpg\" class=\"attachment-small size-small\" alt=\"\" loading=\"lazy\"><i class=\"fa fa-search-plus\" aria-hidden=\"true\"><\/i><br \/>\n\t\t\t\t\t\t<\/span><br \/>\n\t\t\t\t\t<\/figure>\n<figure>\n\t\t\t\t\t<span style=\"cursor: pointer\" data-src=\"https:\/\/autorai.nl\/wp-content\/uploads\/2023\/09\/volkswagen-id-gti-concept-2023-foto4-1600x1067.jpg\" data-fancybox=\"galery-0\" title=\"\"><br \/>\n\t\t\t\t\t\t\t<img decoding=\"async\" width=\"360\" height=\"270\" src=\"https:\/\/autorai.nl\/wp-content\/uploads\/2023\/09\/volkswagen-id-gti-concept-2023-foto4-360x270.jpg\" class=\"attachment-small size-small\" alt=\"\" loading=\"lazy\"><i class=\"fa fa-search-plus\" aria-hidden=\"true\"><\/i><br \/>\n\t\t\t\t\t\t<\/span><br \/>\n\t\t\t\t\t<\/figure>\n<figure>\n\t\t\t\t\t<span style=\"cursor: pointer\" data-src=\"https:\/\/autorai.nl\/wp-content\/uploads\/2023\/09\/volkswagen-id-gti-concept-2023-foto3-1600x1067.jpg\" data-fancybox=\"galery-0\" title=\"\"><br \/>\n\t\t\t\t\t\t\t<img decoding=\"async\" width=\"360\" height=\"270\" src=\"https:\/\/autorai.nl\/wp-content\/uploads\/2023\/09\/volkswagen-id-gti-concept-2023-foto3-360x270.jpg\" class=\"attachment-small size-small\" alt=\"\" loading=\"lazy\"><i class=\"fa fa-search-plus\" aria-hidden=\"true\"><\/i><br \/>\n\t\t\t\t\t\t<\/span><br \/>\n\t\t\t\t\t<\/figure>\n<figure>\n\t\t\t\t\t<span style=\"cursor: pointer\" data-src=\"https:\/\/autorai.nl\/wp-content\/uploads\/2023\/09\/volkswagen-id-gti-concept-2023-foto2-1600x1067.jpg\" data-fancybox=\"galery-0\" title=\"\"><br \/>\n\t\t\t\t\t\t\t<img decoding=\"async\" width=\"360\" height=\"270\" src=\"https:\/\/autorai.nl\/wp-content\/uploads\/2023\/09\/volkswagen-id-gti-concept-2023-foto2-360x270.jpg\" class=\"attachment-small size-small\" alt=\"\" loading=\"lazy\"><i class=\"fa fa-search-plus\" aria-hidden=\"true\"><\/i><br \/>\n\t\t\t\t\t\t<\/span><br \/>\n\t\t\t\t\t<\/figure>\n<figure>\n\t\t\t\t\t<span style=\"cursor: pointer\" data-src=\"https:\/\/autorai.nl\/wp-content\/uploads\/2023\/09\/volkswagen-id-gti-concept-2023-foto1-1600x1068.jpg\" data-fancybox=\"galery-0\" title=\"\"><br \/>\n\t\t\t\t\t\t\t<img decoding=\"async\" width=\"360\" height=\"270\" src=\"https:\/\/autorai.nl\/wp-content\/uploads\/2023\/09\/volkswagen-id-gti-concept-2023-foto1-360x270.jpg\" class=\"attachment-small size-small\" alt=\"\" loading=\"lazy\"><i class=\"fa fa-search-plus\" aria-hidden=\"true\"><\/i><br \/>\n\t\t\t\t\t\t<\/span><br \/>\n\t\t\t\t\t<\/figure>\n<div class=\"clear\"><\/div>\n<\/div>\n","protected":false},"excerpt":{"rendered":"Basierend auf dem Volkswagen ID.2all Es ist Zeit f\u00fcr den elektrischen GTI, so Volkswagen. Diese Volkswagen ID. GTI Concept Vorschauen.&hellip;","protected":false},"author":0,"featured_media":138648,"comment_status":"","ping_status":"open","sticky":false,"template":"","format":"standard","meta":{"footnotes":""},"categories":[125],"tags":[],"class_list":["post-138694","post","type-post","status-publish","format-standard","has-post-thumbnail","hentry","category-auto-nachrichten"],"acf":[],"yoast_head":"<!-- This site is optimized with the Yoast SEO plugin v21.2 - https:\/\/yoast.com\/wordpress\/plugins\/seo\/ -->\n<title>Volkswagen ID. GTI Concept: Gr\u00fcnes Licht bereits erteilt - All cars news<\/title>\n<meta name=\"robots\" content=\"index, follow, max-snippet:-1, max-image-preview:large, max-video-preview:-1\" \/>\n<link rel=\"canonical\" href=\"https:\/\/all-car-news.com\/de\/volkswagen-id-gti-concept-gruenes-licht-bereits-erteilt\/\" \/>\n<meta property=\"og:locale\" content=\"de_DE\" \/>\n<meta property=\"og:type\" content=\"article\" \/>\n<meta property=\"og:title\" content=\"Volkswagen ID. GTI Concept: Gr\u00fcnes Licht bereits erteilt - All cars news\" \/>\n<meta property=\"og:description\" content=\"Basierend auf dem Volkswagen ID.2all Es ist Zeit f\u00fcr den elektrischen GTI, so Volkswagen. Diese Volkswagen ID. GTI Concept Vorschauen. Das Studienmodell basiert auf dem im M\u00e4rz vorgestellten Volkswagen ID.2all. Die Entwicklung zur Serienfertigung wurde bereits genehmigt. &quot;Mit Frontantrieb, schlankem Design und kraftvollen Proportionen ist dieses Modell ein perfekter Ausgangspunkt f\u00fcr [...]\" \/>\n<meta property=\"og:url\" content=\"https:\/\/all-car-news.com\/de\/volkswagen-id-gti-concept-gruenes-licht-bereits-erteilt\/\" \/>\n<meta property=\"og:site_name\" content=\"All cars news\" \/>\n<meta property=\"article:published_time\" content=\"2023-09-04T08:25:23+00:00\" \/>\n<meta property=\"og:image\" content=\"https:\/\/autorai.nl\/wp-content\/uploads\/2023\/09\/volkswagen-id-gti-concept-2023-foto13-1140x760.jpg\" \/>\n<meta name=\"twitter:card\" content=\"summary_large_image\" \/>\n<meta name=\"twitter:label1\" content=\"Gesch\u00e4tzte Lesezeit\" \/>\n\t<meta name=\"twitter:data1\" content=\"5\u00a0Minuten\" \/>\n<script type=\"application\/ld+json\" class=\"yoast-schema-graph\">{\"@context\":\"https:\/\/schema.org\",\"@graph\":[{\"@type\":\"Article\",\"@id\":\"https:\/\/all-car-news.com\/de\/volkswagen-id-gti-concept-gruenes-licht-bereits-erteilt\/#article\",\"isPartOf\":{\"@id\":\"https:\/\/all-car-news.com\/de\/volkswagen-id-gti-concept-gruenes-licht-bereits-erteilt\/\"},\"author\":{\"name\":\"\",\"@id\":\"\"},\"headline\":\"Volkswagen ID. GTI Concept: Gr\u00fcnes Licht bereits erteilt\",\"datePublished\":\"2023-09-04T08:25:23+00:00\",\"dateModified\":\"2023-09-04T08:25:23+00:00\",\"mainEntityOfPage\":{\"@id\":\"https:\/\/all-car-news.com\/de\/volkswagen-id-gti-concept-gruenes-licht-bereits-erteilt\/\"},\"wordCount\":964,\"publisher\":{\"@id\":\"https:\/\/all-car-news.com\/de\/#organization\"},\"articleSection\":[\"Auto Nachrichten\"],\"inLanguage\":\"de\"},{\"@type\":\"WebPage\",\"@id\":\"https:\/\/all-car-news.com\/de\/volkswagen-id-gti-concept-gruenes-licht-bereits-erteilt\/\",\"url\":\"https:\/\/all-car-news.com\/de\/volkswagen-id-gti-concept-gruenes-licht-bereits-erteilt\/\",\"name\":\"Volkswagen ID. GTI Concept: Gr\u00fcnes Licht bereits erteilt - All cars news\",\"isPartOf\":{\"@id\":\"https:\/\/all-car-news.com\/de\/#website\"},\"datePublished\":\"2023-09-04T08:25:23+00:00\",\"dateModified\":\"2023-09-04T08:25:23+00:00\",\"breadcrumb\":{\"@id\":\"https:\/\/all-car-news.com\/de\/volkswagen-id-gti-concept-gruenes-licht-bereits-erteilt\/#breadcrumb\"},\"inLanguage\":\"de\",\"potentialAction\":[{\"@type\":\"ReadAction\",\"target\":[\"https:\/\/all-car-news.com\/de\/volkswagen-id-gti-concept-gruenes-licht-bereits-erteilt\/\"]}]},{\"@type\":\"BreadcrumbList\",\"@id\":\"https:\/\/all-car-news.com\/de\/volkswagen-id-gti-concept-gruenes-licht-bereits-erteilt\/#breadcrumb\",\"itemListElement\":[{\"@type\":\"ListItem\",\"position\":1,\"name\":\"Home\",\"item\":\"https:\/\/all-car-news.com\/de\/\"},{\"@type\":\"ListItem\",\"position\":2,\"name\":\"Volkswagen ID. GTI Concept: Gr\u00fcnes Licht bereits erteilt\"}]},{\"@type\":\"WebSite\",\"@id\":\"https:\/\/all-car-news.com\/de\/#website\",\"url\":\"https:\/\/all-car-news.com\/de\/\",\"name\":\"All cars news\",\"description\":\"\",\"publisher\":{\"@id\":\"https:\/\/all-car-news.com\/de\/#organization\"},\"potentialAction\":[{\"@type\":\"SearchAction\",\"target\":{\"@type\":\"EntryPoint\",\"urlTemplate\":\"https:\/\/all-car-news.com\/de\/?s={search_term_string}\"},\"query-input\":\"required name=search_term_string\"}],\"inLanguage\":\"de\"},{\"@type\":\"Organization\",\"@id\":\"https:\/\/all-car-news.com\/de\/#organization\",\"name\":\"All cars news\",\"url\":\"https:\/\/all-car-news.com\/de\/\",\"logo\":{\"@type\":\"ImageObject\",\"inLanguage\":\"de\",\"@id\":\"https:\/\/all-car-news.com\/de\/#\/schema\/logo\/image\/\",\"url\":\"https:\/\/all-car-news.com\/wp-content\/uploads\/2022\/02\/CMYK-AllCarNews_LANDSCAPE_300px-1.png\",\"contentUrl\":\"https:\/\/all-car-news.com\/wp-content\/uploads\/2022\/02\/CMYK-AllCarNews_LANDSCAPE_300px-1.png\",\"width\":300,\"height\":100,\"caption\":\"All cars news\"},\"image\":{\"@id\":\"https:\/\/all-car-news.com\/de\/#\/schema\/logo\/image\/\"}}]}<\/script>\n<!-- \/ Yoast SEO plugin. -->","yoast_head_json":{"title":"Volkswagen ID. GTI Concept: Gr\u00fcnes Licht bereits erteilt - All cars news","robots":{"index":"index","follow":"follow","max-snippet":"max-snippet:-1","max-image-preview":"max-image-preview:large","max-video-preview":"max-video-preview:-1"},"canonical":"https:\/\/all-car-news.com\/de\/volkswagen-id-gti-concept-gruenes-licht-bereits-erteilt\/","og_locale":"de_DE","og_type":"article","og_title":"Volkswagen ID. GTI Concept: Gr\u00fcnes Licht bereits erteilt - All cars news","og_description":"Basierend auf dem Volkswagen ID.2all Es ist Zeit f\u00fcr den elektrischen GTI, so Volkswagen. Diese Volkswagen ID. GTI Concept Vorschauen. Das Studienmodell basiert auf dem im M\u00e4rz vorgestellten Volkswagen ID.2all. Die Entwicklung zur Serienfertigung wurde bereits genehmigt. \"Mit Frontantrieb, schlankem Design und kraftvollen Proportionen ist dieses Modell ein perfekter Ausgangspunkt f\u00fcr [...]","og_url":"https:\/\/all-car-news.com\/de\/volkswagen-id-gti-concept-gruenes-licht-bereits-erteilt\/","og_site_name":"All cars news","article_published_time":"2023-09-04T08:25:23+00:00","og_image":[{"url":"https:\/\/autorai.nl\/wp-content\/uploads\/2023\/09\/volkswagen-id-gti-concept-2023-foto13-1140x760.jpg"}],"twitter_card":"summary_large_image","twitter_misc":{"Gesch\u00e4tzte Lesezeit":"5\u00a0Minuten"},"schema":{"@context":"https:\/\/schema.org","@graph":[{"@type":"Article","@id":"https:\/\/all-car-news.com\/de\/volkswagen-id-gti-concept-gruenes-licht-bereits-erteilt\/#article","isPartOf":{"@id":"https:\/\/all-car-news.com\/de\/volkswagen-id-gti-concept-gruenes-licht-bereits-erteilt\/"},"author":{"name":"","@id":""},"headline":"Volkswagen ID. GTI Concept: Gr\u00fcnes Licht bereits erteilt","datePublished":"2023-09-04T08:25:23+00:00","dateModified":"2023-09-04T08:25:23+00:00","mainEntityOfPage":{"@id":"https:\/\/all-car-news.com\/de\/volkswagen-id-gti-concept-gruenes-licht-bereits-erteilt\/"},"wordCount":964,"publisher":{"@id":"https:\/\/all-car-news.com\/de\/#organization"},"articleSection":["Auto Nachrichten"],"inLanguage":"de"},{"@type":"WebPage","@id":"https:\/\/all-car-news.com\/de\/volkswagen-id-gti-concept-gruenes-licht-bereits-erteilt\/","url":"https:\/\/all-car-news.com\/de\/volkswagen-id-gti-concept-gruenes-licht-bereits-erteilt\/","name":"Volkswagen ID. GTI Concept: Gr\u00fcnes Licht bereits erteilt - All cars news","isPartOf":{"@id":"https:\/\/all-car-news.com\/de\/#website"},"datePublished":"2023-09-04T08:25:23+00:00","dateModified":"2023-09-04T08:25:23+00:00","breadcrumb":{"@id":"https:\/\/all-car-news.com\/de\/volkswagen-id-gti-concept-gruenes-licht-bereits-erteilt\/#breadcrumb"},"inLanguage":"de","potentialAction":[{"@type":"ReadAction","target":["https:\/\/all-car-news.com\/de\/volkswagen-id-gti-concept-gruenes-licht-bereits-erteilt\/"]}]},{"@type":"BreadcrumbList","@id":"https:\/\/all-car-news.com\/de\/volkswagen-id-gti-concept-gruenes-licht-bereits-erteilt\/#breadcrumb","itemListElement":[{"@type":"ListItem","position":1,"name":"Home","item":"https:\/\/all-car-news.com\/de\/"},{"@type":"ListItem","position":2,"name":"Volkswagen ID. GTI Concept: Gr\u00fcnes Licht bereits erteilt"}]},{"@type":"WebSite","@id":"https:\/\/all-car-news.com\/de\/#website","url":"https:\/\/all-car-news.com\/de\/","name":"All cars news","description":"","publisher":{"@id":"https:\/\/all-car-news.com\/de\/#organization"},"potentialAction":[{"@type":"SearchAction","target":{"@type":"EntryPoint","urlTemplate":"https:\/\/all-car-news.com\/de\/?s={search_term_string}"},"query-input":"required name=search_term_string"}],"inLanguage":"de"},{"@type":"Organization","@id":"https:\/\/all-car-news.com\/de\/#organization","name":"All cars news","url":"https:\/\/all-car-news.com\/de\/","logo":{"@type":"ImageObject","inLanguage":"de","@id":"https:\/\/all-car-news.com\/de\/#\/schema\/logo\/image\/","url":"https:\/\/all-car-news.com\/wp-content\/uploads\/2022\/02\/CMYK-AllCarNews_LANDSCAPE_300px-1.png","contentUrl":"https:\/\/all-car-news.com\/wp-content\/uploads\/2022\/02\/CMYK-AllCarNews_LANDSCAPE_300px-1.png","width":300,"height":100,"caption":"All cars news"},"image":{"@id":"https:\/\/all-car-news.com\/de\/#\/schema\/logo\/image\/"}}]}},"_links":{"self":[{"href":"https:\/\/all-car-news.com\/de\/wp-json\/wp\/v2\/posts\/138694","targetHints":{"allow":["GET"]}}],"collection":[{"href":"https:\/\/all-car-news.com\/de\/wp-json\/wp\/v2\/posts"}],"about":[{"href":"https:\/\/all-car-news.com\/de\/wp-json\/wp\/v2\/types\/post"}],"replies":[{"embeddable":true,"href":"https:\/\/all-car-news.com\/de\/wp-json\/wp\/v2\/comments?post=138694"}],"version-history":[{"count":0,"href":"https:\/\/all-car-news.com\/de\/wp-json\/wp\/v2\/posts\/138694\/revisions"}],"wp:featuredmedia":[{"embeddable":true,"href":"https:\/\/all-car-news.com\/de\/wp-json\/wp\/v2\/media\/138648"}],"wp:attachment":[{"href":"https:\/\/all-car-news.com\/de\/wp-json\/wp\/v2\/media?parent=138694"}],"wp:term":[{"taxonomy":"category","embeddable":true,"href":"https:\/\/all-car-news.com\/de\/wp-json\/wp\/v2\/categories?post=138694"},{"taxonomy":"post_tag","embeddable":true,"href":"https:\/\/all-car-news.com\/de\/wp-json\/wp\/v2\/tags?post=138694"}],"curies":[{"name":"wp","href":"https:\/\/api.w.org\/{rel}","templated":true}]}}