{"id":138688,"date":"2023-09-04T10:29:27","date_gmt":"2023-09-04T10:29:27","guid":{"rendered":"https:\/\/all-car-news.com\/der-neue-renault-scenic-e-tech-elektrisch-alle-details\/"},"modified":"2023-09-04T10:29:27","modified_gmt":"2023-09-04T10:29:27","slug":"der-neue-renault-scenic-e-tech-elektrisch-alle-details","status":"publish","type":"post","link":"https:\/\/all-car-news.com\/de\/der-neue-renault-scenic-e-tech-elektrisch-alle-details\/","title":{"rendered":"Der neue Renault Scenic E-Tech elektrisch: alle Details!"},"content":{"rendered":"<h2>CMF-EV-Plattform<\/h2>\n<p>Der neue Renault Scenic E-Tech electric basiert auf der CMF-EV-Plattform. Diese Plattform wurde von der Allianz Renault-Nissan-Mitsubishi entwickelt. Alle Marken innerhalb dieses B\u00fcndnisses verwenden es also. F\u00fcr Renault ist der Scenic E-Tech electric ein wichtiges Fahrzeug in den Zukunftspl\u00e4nen der Marke. &#8222;Als erstes Serienfahrzeug verk\u00f6rpert er das Engagement der Renault Gruppe, ein Automobilhersteller der n\u00e4chsten Generation zu werden, der sich auf drei S\u00e4ulen st\u00fctzt: Umwelt, Sicherheit und Integration&#8220;, so die Marke.<\/p>\n<h2>Vom MPV zum Crossover<\/h2>\n<p>Die erste Generation des Renault Scenic erschien vor rund 30 Jahren, im Jahr 1996. Damals war es der Renault M\u00e9gane Sc\u00e9nic, ein kompakter MPV. Das ist jetzt anders. Der neue Scenic ist das, was man einen Crossover des C-Segments nennen w\u00fcrde. F\u00fcr die Verbraucher sind die Spezifikationen nat\u00fcrlich unglaublich wichtig. Beginnen wir also mit den technischen Daten des neuen Renault Scenic E-Tech electric.<\/p>\n<figure class=\"wp-block-image size-content\"><img decoding=\"async\" loading=\"lazy\" width=\"1140\" height=\"826\" src=\"https:\/\/autorai.nl\/wp-content\/uploads\/2023\/09\/renault-scenic-e-tech-electric-foto8-1140x826.jpg\" alt=\"Renault Scenic E-Tech elektrisch  \" class=\"wp-image-165918\"><\/figure>\n<h2>Renault Scenic E-Tech elektrisch: Varianten<\/h2>\n<p><strong>Standardangebot<\/strong><\/p>\n<ul>\n<li>125 kW (170 PS) Elektromotor<\/li>\n<li>60 kWh-Batterie<\/li>\n<li>280 Nm Drehmoment<\/li>\n<li>130 kW DC-Schnellladeleistung<\/li>\n<li>420 km Reichweite (WLTP)<\/li>\n<li>Beschleunigung 0-100 km\/h in 9,3 Sekunden<\/li>\n<li>H\u00f6chstgeschwindigkeit 150 km\/h<\/li>\n<\/ul>\n<p><strong>Hohe Reichweite<\/strong><\/p>\n<ul>\n<li>160 kW (220 PS) Elektromotor<\/li>\n<li>87 kWh Batterie<\/li>\n<li>300 Nm Drehmoment<\/li>\n<li>150 kW DC-Schnellladeleistung<\/li>\n<li>620 km Reichweite (WLTP)<\/li>\n<li>Beschleunigung 0-100 km\/h in 8,4 Sekunden<\/li>\n<li>H\u00f6chstgeschwindigkeit 170 km\/h<\/li>\n<\/ul>\n<p><strong>Abmessungen und Gewicht<\/strong><\/p>\n<ul>\n<li>L\u00e4nge: 4,47 Meter<\/li>\n<li>Breite: 1,86 Meter<\/li>\n<li>H\u00f6he: 1,57 Meter<\/li>\n<li>Radstand: 2,79 Meter<\/li>\n<li>Vorderer \u00dcberhang: 842 mm<\/li>\n<li>Hinterer \u00dcberhang: 842 mm<\/li>\n<li>Gewicht: 1.842 kg (Version mit 87 kWh Batterie)<\/li>\n<li>Gep\u00e4ckraum: 545 Liter bis 1.670 Liter<\/li>\n<li>Wendekreis von Bordstein zu Bordstein: 10,9 Meter<\/li>\n<\/ul>\n<h2>Zwei Akkupacks<\/h2>\n<p>Wie Sie gelesen haben, kommen also zwei Motorvarianten auf den Markt. Jede Motorvariante hat eine eigene Batterie. Die Basisversion hat eine Reichweite von 420 Kilometern nach dem WLTP-Teststandard, w\u00e4hrend das Topmodell mit 220 PS starkem Elektromotor auf dem Papier 620 Kilometer weit fahren kann.  <\/p>\n<p>Diese Batterien sind in jedem Detail optimiert. Dadurch passen sie nicht nur perfekt in die CMF-EV-Plattform, sondern bieten auch eine hervorragende Leistung. Die 87-kWh-Version besteht aus 12 Modulen mit je 16 Zellen, die auf zwei Schichten verteilt sind. Die 60-kWh-Version besteht aus 12 Modulen mit je 24 Zellen, die ebenfalls in zwei Schichten aufgeteilt sind. Die Module in diesen Batterien k\u00f6nnen leicht ausgetauscht und separat repariert werden.<\/p>\n<p>Die Batterie hat eine 6 % h\u00f6here Energiedichte als die des Megane E-Tech electric. Die Wahl fiel auf die Lithium-Ionen-NMC-Batterien (Nickel, Mangan, Kobalt) von LG, die mehr Nickel und weniger Kobalt enthalten. Die Bremsenergie wird in der Batterie gespeichert und dann \u00fcber eine W\u00e4rmepumpe, die in allen Versionen des Scenic E-Tech electric serienm\u00e4\u00dfig ist, zur Beheizung des Fahrgastraums genutzt.<\/p>\n<figure class=\"wp-block-image size-content\"><img decoding=\"async\" loading=\"lazy\" width=\"1134\" height=\"1140\" src=\"https:\/\/autorai.nl\/wp-content\/uploads\/2023\/09\/renault-scenic-e-tech-electric-foto5-1134x1140.jpg\" alt=\"Renault Scenic E-Tech elektrisch  \" class=\"wp-image-165915\"><\/figure>\n<h2>Schnelles Laden<\/h2>\n<p>Die Batterietechnologie des Scenic E-Tech electric garantiert kurze Ladezeiten. So bietet es beispielsweise ein 22 kW starkes 3-Phasen-Wechselstrom-Ladeger\u00e4t an Bord und ist in der Lage, Gleichstrom-Schnellladungen mit bis zu 130 kW durchzuf\u00fchren. Auf der Grundlage von Google Maps sorgt das System automatisch daf\u00fcr, dass sich die Batterie in einem optimalen Zustand befindet, sobald Sie sich der in der App ausgew\u00e4hlten Ladestation n\u00e4hern. Wenn die Batterie bei der Ankunft die ideale Temperatur hat, kann sie schneller und effizienter geladen werden.<\/p>\n<p>Durch die Absenkung der optimalen Batterietemperatur auf 25 Grad Celsius und die Anpassung der chemischen Zusammensetzung der Batterie erh\u00e4lt der Scenic E-Tech electric eine optimale Ladeleistung. Von nun an zeigt das System eine verbesserte Ladekurve und ein l\u00e4ngeres &#8222;Plateau&#8220;. In der Praxis bedeutet dies, dass eine Ladepause von nur 30 Minuten genug Energie f\u00fcr 2 Stunden Autobahnfahrt in die Batterie bringt. Dazu ist ein DC-Schnellladeger\u00e4t entlang der Autobahn erforderlich (entspricht etwa 50 kWh bei einer Ladeleistung von 150 kW).<\/p>\n<figure class=\"wp-block-image size-content\"><img decoding=\"async\" loading=\"lazy\" width=\"1140\" height=\"761\" src=\"https:\/\/autorai.nl\/wp-content\/uploads\/2023\/09\/renault-scenic-e-tech-electric-foto1-1140x761.jpg\" alt=\"Logo Renault\" class=\"wp-image-165911\"><\/figure>\n<h2>Vier Stufen der regenerativen Bremsung<\/h2>\n<p>Der Scenic E-Tech electric bietet vier Stufen der regenerativen Bremsung. Im Drive-Modus beginnt das Fahrzeug mit dem regenerativen Bremsen, sobald Sie den Fu\u00df vom Gaspedal nehmen. Der Elektromotor wirkt dann direkt als Generator und wandelt die Bewegungsenergie in elektrische Energie um, die in der Batterie gespeichert wird.<\/p>\n<p>Je nach pers\u00f6nlichen Vorlieben und gew\u00e4hlter Strecke k\u00f6nnen Sie die gew\u00fcnschte Regenerationsstufe mit zwei Schaltwippen hinter dem Lenkrad ausw\u00e4hlen. Diese reichen von Stufe 0 (keine Regeneration: das Auto rollt beim Beschleunigen ohne zus\u00e4tzlichen Widerstand weiter, wie auf der Autobahn gew\u00fcnscht) bis zu Stufe 3 (maximale Regeneration, ideal f\u00fcr den Stadtverkehr), bei der die Bremswirkung des Generators so stark ist, dass man im Stadtverkehr kaum noch die herk\u00f6mmlichen Bremsen benutzen muss. Mit anderen Worten: Jedes Mal, wenn das Gaspedal losgelassen wird, gewinnen Sie Energie zur\u00fcck. Dadurch kann die Reichweite des Scenic E-Tech electric optimiert werden.<\/p>\n<figure class=\"wp-block-image size-content\"><img decoding=\"async\" loading=\"lazy\" width=\"1140\" height=\"755\" src=\"https:\/\/autorai.nl\/wp-content\/uploads\/2023\/09\/renault-scenic-e-tech-electric-foto6-1140x755.jpg\" alt=\"Renault Scenic e-tech Elektrische Heckpartie\" class=\"wp-image-165916\"><\/figure>\n<h2>Radstand und kurze \u00dcberh\u00e4nge<\/h2>\n<p>Bei den Abmessungen f\u00e4llt auf, dass dieser Renault mit 4,47 Metern L\u00e4nge immer noch recht kompakt geblieben ist. Der Radstand von 2,78 Metern ist 10 Zentimeter l\u00e4nger als der des Megane E-Tech electric. Das Auto hat au\u00dferdem sehr kurze vordere und hintere \u00dcberh\u00e4nge und die R\u00e4der sind an den \u00e4u\u00dfersten Ecken der Karosserie angebracht. Der flache Boden erm\u00f6glicht den Einsatz gro\u00dfer 19- und 20-Zoll-R\u00e4der. Die Fondpassagiere haben so viel Bein- und Kopffreiheit wie in den besten Familienautos des C-Segments.  <\/p>\n<h2>Glas Solarbay-Panoramadach<\/h2>\n<p>Der neue Scenic ist mit einem Solarbay-Panoramaglasdach ausgestattet, das in Zusammenarbeit mit dem Glashersteller Saint-Gobain entwickelt wurde. Dank der AmpliSky-Technologie ist ein herk\u00f6mmlicher Sonnenschutz zur Verdunkelung des Glases nicht notwendig: Mit Hilfe elektrischer Felder bewegen sich Molek\u00fcle durch das Glas, die die gesamte Glasfl\u00e4che (oder Teile davon) vor der Sonne sch\u00fctzen und sie innerhalb von Sekunden verdunkeln. Renault ist der erste Gro\u00dfserienhersteller, der dieses Dach mit der Funktion der teilweisen Verdunkelung einsetzt.<\/p>\n<figure class=\"wp-block-image size-content\"><img decoding=\"async\" loading=\"lazy\" width=\"641\" height=\"1140\" src=\"https:\/\/autorai.nl\/wp-content\/uploads\/2023\/09\/renault-scenic-e-tech-electric-foto12-641x1140.jpg\" alt=\"Solarbay-Panoramaglasdach\" class=\"wp-image-165922\"><\/figure>\n<h2>Vier Einstellungen zur Auswahl<\/h2>\n<p>Fahrer und Beifahrer k\u00f6nnen zwischen vier Einstellungen w\u00e4hlen: komplett hell, komplett blickdicht, vorne hell und hinten blickdicht und umgekehrt. Und er ist praktischer als ein Standardverschluss. So k\u00f6nnen die Passagiere im Fond beispielsweise entscheiden, ob das Dach in ihrem Bereich heller oder undurchsichtiger sein soll, unabh\u00e4ngig davon, was die Passagiere im vorderen Bereich w\u00fcnschen. Und sie alle k\u00f6nnen Solarbay m\u00fchelos per Sprache \u00fcber Google Assistant steuern oder mit einem Knopf an der Deckenleuchte einstellen. Die Segment-f\u00fcr-Segment-Animation beeindruckt die Fahrg\u00e4ste.<\/p>\n<h2>Leichter und daher langlebiger<\/h2>\n<p>Das Panoramaglasdach von Solarbay sorgt nicht nur f\u00fcr ein deutlich angenehmeres Raumklima und bietet die M\u00f6glichkeit, den Lichteinfall selbst zu bestimmen, sondern hat auch einen geringeren \u00f6kologischen Fu\u00dfabdruck als ein herk\u00f6mmliches elektrisches Dachfenster. So ist er 6 bis 8 Kilogramm leichter, weil er ohne Schienen, Polsterung und Motor auskommt und so zur Senkung des Energieverbrauchs beitr\u00e4gt. Da etwa 50 % des Glases aus Prim\u00e4rrohstoffen und der Rest aus Abf\u00e4llen der Flachglas- und Autoglasproduktion besteht und Gewicht und H\u00f6he optimiert wurden, ist dieses Dach kreisf\u00f6rmiger und damit nachhaltiger konzipiert. Dank seiner einzigartigen Konstruktion ist er leicht zu reparieren und alle Teile k\u00f6nnen einzeln ausgetauscht werden. Au\u00dferdem kann das Glas am Ende seiner Lebensdauer zu mehr als 90 % recycelt werden.<\/p>\n<figure class=\"wp-block-image size-content\"><img decoding=\"async\" loading=\"lazy\" width=\"1140\" height=\"860\" src=\"https:\/\/autorai.nl\/wp-content\/uploads\/2023\/09\/renault-scenic-e-tech-electric-foto7-1140x860.jpg\" alt=\"Front des Renault Scenic E-Tech elektrisch  \" class=\"wp-image-165917\"><\/figure>\n<h2>Sechs Karosseriefarben<\/h2>\n<p>Renault bietet den Scenic E-Tech electric in sechs verschiedenen Karosseriefarben an: rouge flamme, bleu nocturne, noir \u00e9toil\u00e9, gris schiste metallic und blanc glacier. Die sechste Farbe &#8211; gris schiste satin &#8211; ist exklusiv f\u00fcr den Esprit Alpine. F\u00fcr eine noch pers\u00f6nlichere Note ist je nach Ausf\u00fchrung auch eine zweifarbige Lackierung m\u00f6glich, bei der das Dach und die Dachs\u00e4ulen in noir \u00e9toil\u00e9 oder gris schiste metallic in Kombination mit einer anderen Karosseriefarbe ausgef\u00fchrt werden.<\/p>\n<h2>Der nachhaltige Vorteil<\/h2>\n<p>Der neue Renault Scenic E-Tech electric macht es vor: Bis zu 24 % seiner Masse stammen aus Recyclingstr\u00f6men, darunter mehrere geschlossene Kreisl\u00e4ufe, in denen Reststoffe zu neuen Teilen aus demselben Material verarbeitet werden.<\/p>\n<p>Die Metallkomponenten des Scenic E-Tech electric, wie Plattform, Karosserie, Achsen und Teile des Fahrgestells, bestehen im Durchschnitt zu 37 % aus recyceltem Material. Die Motorhaube und die T\u00fcren sind zu 80 % aus recyceltem Aluminium hergestellt. Das Aluminium wird in einem geschlossenen Kreislaufprozess verarbeitet. So werden die Abf\u00e4lle bei der Zerspanung sortiert und verdichtet, um dann im Werk zu neuen Teilen verarbeitet zu werden.  <\/p>\n<h2>6 nachhaltige Merkmale des neuen Renault Scenic E-Tech electric<\/h2>\n<ol>\n<li>Die Materialien des Armaturenbretts bestehen bis zu 80 % aus recyceltem Material (Polypropylen aus Industrieabf\u00e4llen). Die Oberfl\u00e4che des Armaturenbretts ist zu 43 % biobasiert (Kenaf, eine Pflanze, die eine jute\u00e4hnliche Faser produziert).<\/li>\n<li>51 % der Lenkradbez\u00fcge sind biobasiert: 25 % sind aus Rizinus\u00f6l hergestelltes PVC, 26 % sind Baumwollsch\u00fcsse.<\/li>\n<li>Das Armaturenbrett besteht zu 26 % aus recyceltem Kunststoff, Stahl und anderen Materialien (sowohl sichtbar als auch unsichtbar).<\/li>\n<li>Die Ablagef\u00e4cher in den T\u00fcrverkleidungen bestehen zu 45 % aus recycelten Fasern.<\/li>\n<li>Die Fu\u00dfmatten bestehen zu 54 % aus recycelten Plastikflaschen.<\/li>\n<li>Die Sitzbez\u00fcge der Versionen Techno und Esprit Alpine bestehen zu 100 % aus recyceltem Stoff, bei der Version Iconic sind es 87 %. F\u00fcr den Esprit Alpine werden Stoffe aus recycelten Plastikflaschen (80 %) und Autosicherheitsgurten (20 %) verwendet.<\/li>\n<\/ol>\n<p>Dieser geschlossene Kreislauf tr\u00e4gt dazu bei, die CO2-Emissionen bei der Autoproduktion zu reduzieren und die Materialversorgung sicherer zu machen. Au\u00dferdem wird durch die Verwendung von Aluminium das Gewicht reduziert, was sich positiv auf die Effizienz auswirkt.<\/p>\n<h2>Leder? Leider Erdnussbutter<\/h2>\n<p>Ganz im Sinne des nachhaltigen Charakters des neuen Scenic E-Tech electric ist auch dieses Modell komplett lederfrei. Das Lenkrad ist mit einem beschichteten Stoff \u00fcberzogen, der sich wie Leder anf\u00fchlt, aber kein tierisches Material verwendet. F\u00fcr die Sitzpolsterung werden recycelte Fasern verwendet. Diese Materialien haben einen geringeren \u00f6kologischen Fu\u00dfabdruck und bieten eine vergleichbare Qualit\u00e4t, Haptik und Komfort wie echtes Leder. Renault best\u00e4tigt, dass die Verwendung von Leder bis 2025 vollst\u00e4ndig eingestellt werden soll.<\/p>\n<figure class=\"wp-block-image size-content\"><img decoding=\"async\" loading=\"lazy\" width=\"1140\" height=\"761\" src=\"https:\/\/autorai.nl\/wp-content\/uploads\/2023\/09\/renault-scenic-e-tech-electric-foto20-1140x761.jpg\" alt=\"Logo Scenic\" class=\"wp-image-165930\"><\/figure>\n<h2>Recyceltes Glas<\/h2>\n<p>Das Recycling geht weiter. So verwendet Renault auch im neuen Scenic E-Tech electric recyceltes Glas. So findet das in Zusammenarbeit mit Saint-Gobain entwickelte Solarbay-Blackout-Glasdach auch im Scenic E-Tech electric seinen Weg. Das Glas im Dach wird nur zu 50 % aus Prim\u00e4rrohstoffen hergestellt. Der Rest wird aus Abf\u00e4llen der Flachglas- und Autoglasproduktion hergestellt.<\/p>\n<h2>Innenraum des neuen Renault Scenic E-Tech electric<\/h2>\n<p>Die vielen cleveren Ablagef\u00e4cher in diesem Familienauto summieren sich auf 38,7 Liter. Zu den Ablagem\u00f6glichkeiten geh\u00f6ren das Handschuhfach (4 Liter), die T\u00fcrtaschen (13,6 Liter), ein gro\u00dfer, offener Stauraum in der Mittelkonsole (6,6 Liter) mit zwei gro\u00dfen Getr\u00e4nkehaltern (2 Liter) und ein Fach unter der Armlehne (3,4 Liter) f\u00fcr Schl\u00fcssel und andere Gegenst\u00e4nde. Diese Mittelarmlehne l\u00e4sst sich um 70 Millimeter nach vorne und hinten verschieben, was den Komfort f\u00fcr Fahrer und Beifahrer erh\u00f6ht. Auch unter dem zentralen Display gibt es viel Stauraum, darunter ein Induktionsladeger\u00e4t f\u00fcr Smartphones. Die Ablagef\u00e4cher hinter den Vordersitzen (je 2,4 Liter) bieten praktischen Platz f\u00fcr Zeitschriften oder elektronische Ger\u00e4te wie zum Beispiel ein Tablet oder Smartphone.<\/p>\n<h2>Auff\u00e4llige Armlehne hinten<\/h2>\n<p>Auch die neue hintere Armlehne sticht hervor. Dieser hat zwei rotierende Arme an jedem der Passagiere. Dar\u00fcber hinaus ist er f\u00fcr die Multimediager\u00e4te konzipiert, die das Leben an Bord noch angenehmer machen. Diese Hightech-Armlehne verf\u00fcgt \u00fcber zwei USB-C-Anschl\u00fcsse, ein Staufach (3,6 Liter) f\u00fcr Tablets und Smartphones, Becherhalter und zwei ausklappbare Bildschirmst\u00e4nder. Au\u00dferdem gibt es eine Skiluke, um lange Gegenst\u00e4nde zu transportieren, ohne die R\u00fccksitze umklappen zu m\u00fcssen.  <\/p>\n<h2>Echtes Holz!<\/h2>\n<p>In der Iconic-Version zieren Lindenholzplatten das Armaturenbrett und die T\u00fcrverkleidungen. Es verleiht dem Innenraum ein gem\u00fctliches, stilvolles Aussehen. Das Holz ist FSC-zertifiziert, was bedeutet, dass es aus nachhaltig bewirtschafteten W\u00e4ldern stammt.<\/p>\n<figure class=\"wp-block-image size-content\"><img decoding=\"async\" loading=\"lazy\" width=\"1140\" height=\"641\" src=\"https:\/\/autorai.nl\/wp-content\/uploads\/2023\/09\/renault-scenic-e-tech-electric-foto9-1140x641.jpg\" alt=\"Innere\" class=\"wp-image-165919\"><\/figure>\n<h2>Multimediasystem OpenR Link<\/h2>\n<p>Der Renault Scenic E-Tech electric verf\u00fcgt au\u00dferdem \u00fcber das Multimediasystem OpenR Link mit integrierter Software von Google, die auf Android Automotive OS 12 l\u00e4uft. \u00dcber Google Play sind mehr als 50 Apps verf\u00fcgbar &#8211; von Musikquiz \u00fcber Familienspiele bis hin zur Reiseplanung &#8211; um die Zeit im Auto optimal zu nutzen. Das System ist auch mit Android Auto und Apple CarPlay kompatibel und funktioniert \u00fcber eine Kabelverbindung oder als drahtloses System. Die Software-Aktualisierung erfolgt &#8222;over the air&#8220;.<\/p>\n<p>Das digitale OpenR-Cockpit f\u00e4llt sofort durch seine zwei nebeneinander angeordneten, L-f\u00f6rmigen Displays ins Auge: ein 12,3-Zoll-TFT-Bildschirm im Querformat vor dem Kombiinstrument und ein 12-Zoll-Bildschirm in der Mitte des Armaturenbretts.<\/p>\n<\/p>\n<h2>Sicherheitssysteme<\/h2>\n<p>Der Renault Scenic E-Tech electric verf\u00fcgt \u00fcber mehrere Sicherheitstechnologien. Dazu geh\u00f6ren ein adaptiver Tempomat, ein Kollisionsschutzsystem mit Radfahrer- und Fu\u00dfg\u00e4ngererkennung, ein Fahrspurassistent, ein Toter-Winkel-\u00dcberwachungssystem, eine Verkehrszeichenerkennung, aber auch Systeme wie QRescue Renault, SD Switch und Fireman Access.<\/p>\n<ul>\n<li>QRescue Renault ist ein QR-Code auf der Windschutzscheibe und der Heckscheibe mit Informationen \u00fcber die Technik und die elektrischen Systeme des Autos. Dadurch k\u00f6nnen die Einsatzkr\u00e4fte schneller und sicherer arbeiten.  <\/li>\n<li>Der SD-Schalter ist ein mechanischer Schalter am Akkupack, mit dem dieser vom Stromkreis getrennt werden kann. So k\u00f6nnen die Feuerwehrleute sicher in der N\u00e4he eines Plug-in-Hybrid- oder Vollelektroautos arbeiten.<\/li>\n<li>Der Zugang der Feuerwehr im Falle eines Fahrzeugbrandes erm\u00f6glicht den Feuerwehrleuten einen einfachen Zugang zum Herzen der Antriebsbatterie, damit diese mit Wasser gef\u00fcllt werden kann. Nur so kann das Feuer schnell und dauerhaft gel\u00f6scht werden. Mit diesem System kann die \u00fcbliche Reaktionszeit von mehreren Stunden auf 10 Minuten verk\u00fcrzt werden.<\/li>\n<\/ul>\n<h2>Markteinf\u00fchrung Renault Scenic E-Tech elektrisch<\/h2>\n<p>Die Montage findet im Werk Douai (ElectriCity) statt. Die Markteinf\u00fchrung ist f\u00fcr Anfang 2024 geplant.<\/p>\n<\/p>\n<div class=\"galery galery-0\">\n<figure>\n\t\t\t\t\t<span style=\"cursor: pointer\" data-src=\"https:\/\/autorai.nl\/wp-content\/uploads\/2023\/09\/renault-scenic-e-tech-electric-foto20-1600x1068.jpg\" data-fancybox=\"galery-0\" title=\"\"><br \/>\n\t\t\t\t\t\t\t<img decoding=\"async\" width=\"360\" height=\"270\" src=\"https:\/\/autorai.nl\/wp-content\/uploads\/2023\/09\/renault-scenic-e-tech-electric-foto20-360x270.jpg\" class=\"attachment-small size-small\" alt=\"Renault Scenic E-Tech elektrisch\" loading=\"lazy\"><i class=\"fa fa-search-plus\" aria-hidden=\"true\"><\/i><br \/>\n\t\t\t\t\t\t<\/span><br \/>\n\t\t\t\t\t<\/figure>\n<figure>\n\t\t\t\t\t<span style=\"cursor: pointer\" data-src=\"https:\/\/autorai.nl\/wp-content\/uploads\/2023\/09\/renault-scenic-e-tech-electric-foto19-1600x1068.jpg\" data-fancybox=\"galery-0\" title=\"\"><br \/>\n\t\t\t\t\t\t\t<img decoding=\"async\" width=\"360\" height=\"270\" src=\"https:\/\/autorai.nl\/wp-content\/uploads\/2023\/09\/renault-scenic-e-tech-electric-foto19-360x270.jpg\" class=\"attachment-small size-small\" alt=\"\" loading=\"lazy\"><i class=\"fa fa-search-plus\" aria-hidden=\"true\"><\/i><br \/>\n\t\t\t\t\t\t<\/span><br \/>\n\t\t\t\t\t<\/figure>\n<figure>\n\t\t\t\t\t<span style=\"cursor: pointer\" data-src=\"https:\/\/autorai.nl\/wp-content\/uploads\/2023\/09\/renault-scenic-e-tech-electric-foto18-1600x1068.jpg\" data-fancybox=\"galery-0\" title=\"\"><br \/>\n\t\t\t\t\t\t\t<img decoding=\"async\" width=\"360\" height=\"270\" src=\"https:\/\/autorai.nl\/wp-content\/uploads\/2023\/09\/renault-scenic-e-tech-electric-foto18-360x270.jpg\" class=\"attachment-small size-small\" alt=\"\" loading=\"lazy\"><i class=\"fa fa-search-plus\" aria-hidden=\"true\"><\/i><br \/>\n\t\t\t\t\t\t<\/span><br \/>\n\t\t\t\t\t<\/figure>\n<figure>\n\t\t\t\t\t<span style=\"cursor: pointer\" data-src=\"https:\/\/autorai.nl\/wp-content\/uploads\/2023\/09\/renault-scenic-e-tech-electric-foto17-1600x1068.jpg\" data-fancybox=\"galery-0\" title=\"\"><br \/>\n\t\t\t\t\t\t\t<img decoding=\"async\" width=\"360\" height=\"270\" src=\"https:\/\/autorai.nl\/wp-content\/uploads\/2023\/09\/renault-scenic-e-tech-electric-foto17-360x270.jpg\" class=\"attachment-small size-small\" alt=\"\" loading=\"lazy\"><i class=\"fa fa-search-plus\" aria-hidden=\"true\"><\/i><br \/>\n\t\t\t\t\t\t<\/span><br \/>\n\t\t\t\t\t<\/figure>\n<figure>\n\t\t\t\t\t<span style=\"cursor: pointer\" data-src=\"https:\/\/autorai.nl\/wp-content\/uploads\/2023\/09\/renault-scenic-e-tech-electric-foto16-1600x1068.jpg\" data-fancybox=\"galery-0\" title=\"\"><br \/>\n\t\t\t\t\t\t\t<img decoding=\"async\" width=\"360\" height=\"270\" src=\"https:\/\/autorai.nl\/wp-content\/uploads\/2023\/09\/renault-scenic-e-tech-electric-foto16-360x270.jpg\" class=\"attachment-small size-small\" alt=\"\" loading=\"lazy\"><i class=\"fa fa-search-plus\" aria-hidden=\"true\"><\/i><br \/>\n\t\t\t\t\t\t<\/span><br \/>\n\t\t\t\t\t<\/figure>\n<figure>\n\t\t\t\t\t<span style=\"cursor: pointer\" data-src=\"https:\/\/autorai.nl\/wp-content\/uploads\/2023\/09\/renault-scenic-e-tech-electric-foto15-1600x1576.jpg\" data-fancybox=\"galery-0\" title=\"JANTE\"><br \/>\n\t\t\t\t\t\t\t<img decoding=\"async\" width=\"360\" height=\"270\" src=\"https:\/\/autorai.nl\/wp-content\/uploads\/2023\/09\/renault-scenic-e-tech-electric-foto15-360x270.jpg\" class=\"attachment-small size-small\" alt=\"\" loading=\"lazy\"><i class=\"fa fa-search-plus\" aria-hidden=\"true\"><\/i><br \/>\n\t\t\t\t\t\t<\/span><br \/>\n\t\t\t\t\t<\/figure>\n<figure>\n\t\t\t\t\t<span style=\"cursor: pointer\" data-src=\"https:\/\/autorai.nl\/wp-content\/uploads\/2023\/09\/renault-scenic-e-tech-electric-foto14-1600x1548.jpg\" data-fancybox=\"galery-0\" title=\"\"><br \/>\n\t\t\t\t\t\t\t<img decoding=\"async\" width=\"360\" height=\"270\" src=\"https:\/\/autorai.nl\/wp-content\/uploads\/2023\/09\/renault-scenic-e-tech-electric-foto14-360x270.jpg\" class=\"attachment-small size-small\" alt=\"\" loading=\"lazy\"><i class=\"fa fa-search-plus\" aria-hidden=\"true\"><\/i><br \/>\n\t\t\t\t\t\t<\/span><br \/>\n\t\t\t\t\t<\/figure>\n<figure>\n\t\t\t\t\t<span style=\"cursor: pointer\" data-src=\"https:\/\/autorai.nl\/wp-content\/uploads\/2023\/09\/renault-scenic-e-tech-electric-foto13-1600x1600.jpg\" data-fancybox=\"galery-0\" title=\"\"><br \/>\n\t\t\t\t\t\t\t<img decoding=\"async\" width=\"360\" height=\"270\" src=\"https:\/\/autorai.nl\/wp-content\/uploads\/2023\/09\/renault-scenic-e-tech-electric-foto13-360x270.jpg\" class=\"attachment-small size-small\" alt=\"\" loading=\"lazy\"><i class=\"fa fa-search-plus\" aria-hidden=\"true\"><\/i><br \/>\n\t\t\t\t\t\t<\/span><br \/>\n\t\t\t\t\t<\/figure>\n<figure>\n\t\t\t\t\t<span style=\"cursor: pointer\" data-src=\"https:\/\/autorai.nl\/wp-content\/uploads\/2023\/09\/renault-scenic-e-tech-electric-foto12-899x1600.jpg\" data-fancybox=\"galery-0\" title=\"\"><br \/>\n\t\t\t\t\t\t\t<img decoding=\"async\" width=\"360\" height=\"270\" src=\"https:\/\/autorai.nl\/wp-content\/uploads\/2023\/09\/renault-scenic-e-tech-electric-foto12-360x270.jpg\" class=\"attachment-small size-small\" alt=\"Renault Scenic E-Tech elektrisch\" loading=\"lazy\"><i class=\"fa fa-search-plus\" aria-hidden=\"true\"><\/i><br \/>\n\t\t\t\t\t\t<\/span><br \/>\n\t\t\t\t\t<\/figure>\n<figure>\n\t\t\t\t\t<span style=\"cursor: pointer\" data-src=\"https:\/\/autorai.nl\/wp-content\/uploads\/2023\/09\/renault-scenic-e-tech-electric-foto11-1600x903.jpg\" data-fancybox=\"galery-0\" title=\"LEBENSSTIL - OFFENES ZIMMER\"><br \/>\n\t\t\t\t\t\t\t<img decoding=\"async\" width=\"360\" height=\"270\" src=\"https:\/\/autorai.nl\/wp-content\/uploads\/2023\/09\/renault-scenic-e-tech-electric-foto11-360x270.jpg\" class=\"attachment-small size-small\" alt=\"\" loading=\"lazy\"><i class=\"fa fa-search-plus\" aria-hidden=\"true\"><\/i><br \/>\n\t\t\t\t\t\t<\/span><br \/>\n\t\t\t\t\t<\/figure>\n<figure>\n\t\t\t\t\t<span style=\"cursor: pointer\" data-src=\"https:\/\/autorai.nl\/wp-content\/uploads\/2023\/09\/renault-scenic-e-tech-electric-foto10-1600x903.jpg\" data-fancybox=\"galery-0\" title=\"STYLE DE VIE - BANKETT\"><br \/>\n\t\t\t\t\t\t\t<img decoding=\"async\" width=\"360\" height=\"270\" src=\"https:\/\/autorai.nl\/wp-content\/uploads\/2023\/09\/renault-scenic-e-tech-electric-foto10-360x270.jpg\" class=\"attachment-small size-small\" alt=\"\" loading=\"lazy\"><i class=\"fa fa-search-plus\" aria-hidden=\"true\"><\/i><br \/>\n\t\t\t\t\t\t<\/span><br \/>\n\t\t\t\t\t<\/figure>\n<figure>\n\t\t\t\t\t<span style=\"cursor: pointer\" data-src=\"https:\/\/autorai.nl\/wp-content\/uploads\/2023\/09\/renault-scenic-e-tech-electric-foto9-1600x900.jpg\" data-fancybox=\"galery-0\" title=\"BORD\u00dcRE\"><br \/>\n\t\t\t\t\t\t\t<img decoding=\"async\" width=\"360\" height=\"270\" src=\"https:\/\/autorai.nl\/wp-content\/uploads\/2023\/09\/renault-scenic-e-tech-electric-foto9-360x270.jpg\" class=\"attachment-small size-small\" alt=\"Renault Scenic E-Tech elektrisch\" loading=\"lazy\"><i class=\"fa fa-search-plus\" aria-hidden=\"true\"><\/i><br \/>\n\t\t\t\t\t\t<\/span><br \/>\n\t\t\t\t\t<\/figure>\n<figure>\n\t\t\t\t\t<span style=\"cursor: pointer\" data-src=\"https:\/\/autorai.nl\/wp-content\/uploads\/2023\/09\/renault-scenic-e-tech-electric-foto8-1600x1159.jpg\" data-fancybox=\"galery-0\" title=\"\"><br \/>\n\t\t\t\t\t\t\t<img decoding=\"async\" width=\"360\" height=\"270\" src=\"https:\/\/autorai.nl\/wp-content\/uploads\/2023\/09\/renault-scenic-e-tech-electric-foto8-360x270.jpg\" class=\"attachment-small size-small\" alt=\"Renault Scenic E-Tech elektrisch\" loading=\"lazy\"><i class=\"fa fa-search-plus\" aria-hidden=\"true\"><\/i><br \/>\n\t\t\t\t\t\t<\/span><br \/>\n\t\t\t\t\t<\/figure>\n<figure>\n\t\t\t\t\t<span style=\"cursor: pointer\" data-src=\"https:\/\/autorai.nl\/wp-content\/uploads\/2023\/09\/renault-scenic-e-tech-electric-foto7-1600x1208.jpg\" data-fancybox=\"galery-0\" title=\"\"><br \/>\n\t\t\t\t\t\t\t<img decoding=\"async\" width=\"360\" height=\"270\" src=\"https:\/\/autorai.nl\/wp-content\/uploads\/2023\/09\/renault-scenic-e-tech-electric-foto7-360x270.jpg\" class=\"attachment-small size-small\" alt=\"Renault Scenic E-Tech elektrisch\" loading=\"lazy\"><i class=\"fa fa-search-plus\" aria-hidden=\"true\"><\/i><br \/>\n\t\t\t\t\t\t<\/span><br \/>\n\t\t\t\t\t<\/figure>\n<figure>\n\t\t\t\t\t<span style=\"cursor: pointer\" data-src=\"https:\/\/autorai.nl\/wp-content\/uploads\/2023\/09\/renault-scenic-e-tech-electric-foto6-1600x1059.jpg\" data-fancybox=\"galery-0\" title=\"\"><br \/>\n\t\t\t\t\t\t\t<img decoding=\"async\" width=\"360\" height=\"270\" src=\"https:\/\/autorai.nl\/wp-content\/uploads\/2023\/09\/renault-scenic-e-tech-electric-foto6-360x270.jpg\" class=\"attachment-small size-small\" alt=\"Renault Scenic e-tech Elektrisch\" loading=\"lazy\"><i class=\"fa fa-search-plus\" aria-hidden=\"true\"><\/i><br \/>\n\t\t\t\t\t\t<\/span><br \/>\n\t\t\t\t\t<\/figure>\n<figure>\n\t\t\t\t\t<span style=\"cursor: pointer\" data-src=\"https:\/\/autorai.nl\/wp-content\/uploads\/2023\/09\/renault-scenic-e-tech-electric-foto5-1591x1600.jpg\" data-fancybox=\"galery-0\" title=\"GETRAGENE AUFLADUNG - EN CHARGE\"><br \/>\n\t\t\t\t\t\t\t<img decoding=\"async\" width=\"360\" height=\"270\" src=\"https:\/\/autorai.nl\/wp-content\/uploads\/2023\/09\/renault-scenic-e-tech-electric-foto5-360x270.jpg\" class=\"attachment-small size-small\" alt=\"Renault Scenic E-Tech elektrisch\" loading=\"lazy\"><i class=\"fa fa-search-plus\" aria-hidden=\"true\"><\/i><br \/>\n\t\t\t\t\t\t<\/span><br \/>\n\t\t\t\t\t<\/figure>\n<figure>\n\t\t\t\t\t<span style=\"cursor: pointer\" data-src=\"https:\/\/autorai.nl\/wp-content\/uploads\/2023\/09\/renault-scenic-e-tech-electric-foto4-1600x873.jpg\" data-fancybox=\"galery-0\" title=\"\"><br \/>\n\t\t\t\t\t\t\t<img decoding=\"async\" width=\"360\" height=\"270\" src=\"https:\/\/autorai.nl\/wp-content\/uploads\/2023\/09\/renault-scenic-e-tech-electric-foto4-360x270.jpg\" class=\"attachment-small size-small\" alt=\"\" loading=\"lazy\"><i class=\"fa fa-search-plus\" aria-hidden=\"true\"><\/i><br \/>\n\t\t\t\t\t\t<\/span><br \/>\n\t\t\t\t\t<\/figure>\n<figure>\n\t\t\t\t\t<span style=\"cursor: pointer\" data-src=\"https:\/\/autorai.nl\/wp-content\/uploads\/2023\/09\/renault-scenic-e-tech-electric-foto3-1600x1033.jpg\" data-fancybox=\"galery-0\" title=\"\"><br \/>\n\t\t\t\t\t\t\t<img decoding=\"async\" width=\"360\" height=\"270\" src=\"https:\/\/autorai.nl\/wp-content\/uploads\/2023\/09\/renault-scenic-e-tech-electric-foto3-360x270.jpg\" class=\"attachment-small size-small\" alt=\"\" loading=\"lazy\"><i class=\"fa fa-search-plus\" aria-hidden=\"true\"><\/i><br \/>\n\t\t\t\t\t\t<\/span><br \/>\n\t\t\t\t\t<\/figure>\n<figure>\n\t\t\t\t\t<span style=\"cursor: pointer\" data-src=\"https:\/\/autorai.nl\/wp-content\/uploads\/2023\/09\/renault-scenic-e-tech-electric-foto2-1600x1133.jpg\" data-fancybox=\"galery-0\" title=\"\"><br \/>\n\t\t\t\t\t\t\t<img decoding=\"async\" width=\"360\" height=\"270\" src=\"https:\/\/autorai.nl\/wp-content\/uploads\/2023\/09\/renault-scenic-e-tech-electric-foto2-360x270.jpg\" class=\"attachment-small size-small\" alt=\"Renault Scenic E-Tech elektrisch\" loading=\"lazy\"><i class=\"fa fa-search-plus\" aria-hidden=\"true\"><\/i><br \/>\n\t\t\t\t\t\t<\/span><br \/>\n\t\t\t\t\t<\/figure>\n<figure>\n\t\t\t\t\t<span style=\"cursor: pointer\" data-src=\"https:\/\/autorai.nl\/wp-content\/uploads\/2023\/09\/renault-scenic-e-tech-electric-foto1-1600x1068.jpg\" data-fancybox=\"galery-0\" title=\"\"><br \/>\n\t\t\t\t\t\t\t<img decoding=\"async\" width=\"360\" height=\"270\" src=\"https:\/\/autorai.nl\/wp-content\/uploads\/2023\/09\/renault-scenic-e-tech-electric-foto1-360x270.jpg\" class=\"attachment-small size-small\" alt=\"Renault Scenic E-Tech elektrisch\" loading=\"lazy\"><i class=\"fa fa-search-plus\" aria-hidden=\"true\"><\/i><br \/>\n\t\t\t\t\t\t<\/span><br \/>\n\t\t\t\t\t<\/figure>\n<div class=\"clear\"><\/div>\n<\/div>\n","protected":false},"excerpt":{"rendered":"CMF-EV-Plattform Der neue Renault Scenic E-Tech electric ist auf der CMF-EV-Plattform aufgebaut. Diese Plattform wurde von der Allianz Renault-Nissan-Mitsubishi entwickelt.&hellip;","protected":false},"author":0,"featured_media":138636,"comment_status":"","ping_status":"open","sticky":false,"template":"","format":"standard","meta":{"footnotes":""},"categories":[125],"tags":[],"class_list":["post-138688","post","type-post","status-publish","format-standard","has-post-thumbnail","hentry","category-auto-nachrichten"],"acf":[],"yoast_head":"<!-- This site is optimized with the Yoast SEO plugin v21.2 - https:\/\/yoast.com\/wordpress\/plugins\/seo\/ -->\n<title>Der neue Renault Scenic E-Tech elektrisch: alle Details! - All cars news<\/title>\n<meta name=\"robots\" content=\"index, follow, max-snippet:-1, max-image-preview:large, max-video-preview:-1\" \/>\n<link rel=\"canonical\" href=\"https:\/\/all-car-news.com\/de\/der-neue-renault-scenic-e-tech-elektrisch-alle-details\/\" \/>\n<meta property=\"og:locale\" content=\"de_DE\" \/>\n<meta property=\"og:type\" content=\"article\" \/>\n<meta property=\"og:title\" content=\"Der neue Renault Scenic E-Tech elektrisch: alle Details! - All cars news\" \/>\n<meta property=\"og:description\" content=\"CMF-EV-Plattform Der neue Renault Scenic E-Tech electric ist auf der CMF-EV-Plattform aufgebaut. Diese Plattform wurde von der Allianz Renault-Nissan-Mitsubishi entwickelt. Alle Marken innerhalb dieses B\u00fcndnisses verwenden es also. F\u00fcr Renault ist der Scenic E-Tech electric ein wichtiges Fahrzeug in den Zukunftspl\u00e4nen der Marke. &quot;Er verk\u00f6rpert als erstes Serienfahrzeug den Anspruch [...]\" \/>\n<meta property=\"og:url\" content=\"https:\/\/all-car-news.com\/de\/der-neue-renault-scenic-e-tech-elektrisch-alle-details\/\" \/>\n<meta property=\"og:site_name\" content=\"All cars news\" \/>\n<meta property=\"article:published_time\" content=\"2023-09-04T10:29:27+00:00\" \/>\n<meta property=\"og:image\" content=\"https:\/\/autorai.nl\/wp-content\/uploads\/2023\/09\/renault-scenic-e-tech-electric-foto8-1140x826.jpg\" \/>\n<meta name=\"twitter:card\" content=\"summary_large_image\" \/>\n<meta name=\"twitter:label1\" content=\"Gesch\u00e4tzte Lesezeit\" \/>\n\t<meta name=\"twitter:data1\" content=\"11\u00a0Minuten\" \/>\n<script type=\"application\/ld+json\" class=\"yoast-schema-graph\">{\"@context\":\"https:\/\/schema.org\",\"@graph\":[{\"@type\":\"Article\",\"@id\":\"https:\/\/all-car-news.com\/de\/der-neue-renault-scenic-e-tech-elektrisch-alle-details\/#article\",\"isPartOf\":{\"@id\":\"https:\/\/all-car-news.com\/de\/der-neue-renault-scenic-e-tech-elektrisch-alle-details\/\"},\"author\":{\"name\":\"\",\"@id\":\"\"},\"headline\":\"Der neue Renault Scenic E-Tech elektrisch: alle Details!\",\"datePublished\":\"2023-09-04T10:29:27+00:00\",\"dateModified\":\"2023-09-04T10:29:27+00:00\",\"mainEntityOfPage\":{\"@id\":\"https:\/\/all-car-news.com\/de\/der-neue-renault-scenic-e-tech-elektrisch-alle-details\/\"},\"wordCount\":2132,\"publisher\":{\"@id\":\"https:\/\/all-car-news.com\/de\/#organization\"},\"articleSection\":[\"Auto Nachrichten\"],\"inLanguage\":\"de\"},{\"@type\":\"WebPage\",\"@id\":\"https:\/\/all-car-news.com\/de\/der-neue-renault-scenic-e-tech-elektrisch-alle-details\/\",\"url\":\"https:\/\/all-car-news.com\/de\/der-neue-renault-scenic-e-tech-elektrisch-alle-details\/\",\"name\":\"Der neue Renault Scenic E-Tech elektrisch: alle Details! - All cars news\",\"isPartOf\":{\"@id\":\"https:\/\/all-car-news.com\/de\/#website\"},\"datePublished\":\"2023-09-04T10:29:27+00:00\",\"dateModified\":\"2023-09-04T10:29:27+00:00\",\"breadcrumb\":{\"@id\":\"https:\/\/all-car-news.com\/de\/der-neue-renault-scenic-e-tech-elektrisch-alle-details\/#breadcrumb\"},\"inLanguage\":\"de\",\"potentialAction\":[{\"@type\":\"ReadAction\",\"target\":[\"https:\/\/all-car-news.com\/de\/der-neue-renault-scenic-e-tech-elektrisch-alle-details\/\"]}]},{\"@type\":\"BreadcrumbList\",\"@id\":\"https:\/\/all-car-news.com\/de\/der-neue-renault-scenic-e-tech-elektrisch-alle-details\/#breadcrumb\",\"itemListElement\":[{\"@type\":\"ListItem\",\"position\":1,\"name\":\"Home\",\"item\":\"https:\/\/all-car-news.com\/de\/\"},{\"@type\":\"ListItem\",\"position\":2,\"name\":\"Der neue Renault Scenic E-Tech elektrisch: alle Details!\"}]},{\"@type\":\"WebSite\",\"@id\":\"https:\/\/all-car-news.com\/de\/#website\",\"url\":\"https:\/\/all-car-news.com\/de\/\",\"name\":\"All cars news\",\"description\":\"\",\"publisher\":{\"@id\":\"https:\/\/all-car-news.com\/de\/#organization\"},\"potentialAction\":[{\"@type\":\"SearchAction\",\"target\":{\"@type\":\"EntryPoint\",\"urlTemplate\":\"https:\/\/all-car-news.com\/de\/?s={search_term_string}\"},\"query-input\":\"required name=search_term_string\"}],\"inLanguage\":\"de\"},{\"@type\":\"Organization\",\"@id\":\"https:\/\/all-car-news.com\/de\/#organization\",\"name\":\"All cars news\",\"url\":\"https:\/\/all-car-news.com\/de\/\",\"logo\":{\"@type\":\"ImageObject\",\"inLanguage\":\"de\",\"@id\":\"https:\/\/all-car-news.com\/de\/#\/schema\/logo\/image\/\",\"url\":\"https:\/\/all-car-news.com\/wp-content\/uploads\/2022\/02\/CMYK-AllCarNews_LANDSCAPE_300px-1.png\",\"contentUrl\":\"https:\/\/all-car-news.com\/wp-content\/uploads\/2022\/02\/CMYK-AllCarNews_LANDSCAPE_300px-1.png\",\"width\":300,\"height\":100,\"caption\":\"All cars news\"},\"image\":{\"@id\":\"https:\/\/all-car-news.com\/de\/#\/schema\/logo\/image\/\"}}]}<\/script>\n<!-- \/ Yoast SEO plugin. -->","yoast_head_json":{"title":"Der neue Renault Scenic E-Tech elektrisch: alle Details! - All cars news","robots":{"index":"index","follow":"follow","max-snippet":"max-snippet:-1","max-image-preview":"max-image-preview:large","max-video-preview":"max-video-preview:-1"},"canonical":"https:\/\/all-car-news.com\/de\/der-neue-renault-scenic-e-tech-elektrisch-alle-details\/","og_locale":"de_DE","og_type":"article","og_title":"Der neue Renault Scenic E-Tech elektrisch: alle Details! - All cars news","og_description":"CMF-EV-Plattform Der neue Renault Scenic E-Tech electric ist auf der CMF-EV-Plattform aufgebaut. Diese Plattform wurde von der Allianz Renault-Nissan-Mitsubishi entwickelt. Alle Marken innerhalb dieses B\u00fcndnisses verwenden es also. F\u00fcr Renault ist der Scenic E-Tech electric ein wichtiges Fahrzeug in den Zukunftspl\u00e4nen der Marke. \"Er verk\u00f6rpert als erstes Serienfahrzeug den Anspruch [...]","og_url":"https:\/\/all-car-news.com\/de\/der-neue-renault-scenic-e-tech-elektrisch-alle-details\/","og_site_name":"All cars news","article_published_time":"2023-09-04T10:29:27+00:00","og_image":[{"url":"https:\/\/autorai.nl\/wp-content\/uploads\/2023\/09\/renault-scenic-e-tech-electric-foto8-1140x826.jpg"}],"twitter_card":"summary_large_image","twitter_misc":{"Gesch\u00e4tzte Lesezeit":"11\u00a0Minuten"},"schema":{"@context":"https:\/\/schema.org","@graph":[{"@type":"Article","@id":"https:\/\/all-car-news.com\/de\/der-neue-renault-scenic-e-tech-elektrisch-alle-details\/#article","isPartOf":{"@id":"https:\/\/all-car-news.com\/de\/der-neue-renault-scenic-e-tech-elektrisch-alle-details\/"},"author":{"name":"","@id":""},"headline":"Der neue Renault Scenic E-Tech elektrisch: alle Details!","datePublished":"2023-09-04T10:29:27+00:00","dateModified":"2023-09-04T10:29:27+00:00","mainEntityOfPage":{"@id":"https:\/\/all-car-news.com\/de\/der-neue-renault-scenic-e-tech-elektrisch-alle-details\/"},"wordCount":2132,"publisher":{"@id":"https:\/\/all-car-news.com\/de\/#organization"},"articleSection":["Auto Nachrichten"],"inLanguage":"de"},{"@type":"WebPage","@id":"https:\/\/all-car-news.com\/de\/der-neue-renault-scenic-e-tech-elektrisch-alle-details\/","url":"https:\/\/all-car-news.com\/de\/der-neue-renault-scenic-e-tech-elektrisch-alle-details\/","name":"Der neue Renault Scenic E-Tech elektrisch: alle Details! - All cars news","isPartOf":{"@id":"https:\/\/all-car-news.com\/de\/#website"},"datePublished":"2023-09-04T10:29:27+00:00","dateModified":"2023-09-04T10:29:27+00:00","breadcrumb":{"@id":"https:\/\/all-car-news.com\/de\/der-neue-renault-scenic-e-tech-elektrisch-alle-details\/#breadcrumb"},"inLanguage":"de","potentialAction":[{"@type":"ReadAction","target":["https:\/\/all-car-news.com\/de\/der-neue-renault-scenic-e-tech-elektrisch-alle-details\/"]}]},{"@type":"BreadcrumbList","@id":"https:\/\/all-car-news.com\/de\/der-neue-renault-scenic-e-tech-elektrisch-alle-details\/#breadcrumb","itemListElement":[{"@type":"ListItem","position":1,"name":"Home","item":"https:\/\/all-car-news.com\/de\/"},{"@type":"ListItem","position":2,"name":"Der neue Renault Scenic E-Tech elektrisch: alle Details!"}]},{"@type":"WebSite","@id":"https:\/\/all-car-news.com\/de\/#website","url":"https:\/\/all-car-news.com\/de\/","name":"All cars news","description":"","publisher":{"@id":"https:\/\/all-car-news.com\/de\/#organization"},"potentialAction":[{"@type":"SearchAction","target":{"@type":"EntryPoint","urlTemplate":"https:\/\/all-car-news.com\/de\/?s={search_term_string}"},"query-input":"required name=search_term_string"}],"inLanguage":"de"},{"@type":"Organization","@id":"https:\/\/all-car-news.com\/de\/#organization","name":"All cars news","url":"https:\/\/all-car-news.com\/de\/","logo":{"@type":"ImageObject","inLanguage":"de","@id":"https:\/\/all-car-news.com\/de\/#\/schema\/logo\/image\/","url":"https:\/\/all-car-news.com\/wp-content\/uploads\/2022\/02\/CMYK-AllCarNews_LANDSCAPE_300px-1.png","contentUrl":"https:\/\/all-car-news.com\/wp-content\/uploads\/2022\/02\/CMYK-AllCarNews_LANDSCAPE_300px-1.png","width":300,"height":100,"caption":"All cars news"},"image":{"@id":"https:\/\/all-car-news.com\/de\/#\/schema\/logo\/image\/"}}]}},"_links":{"self":[{"href":"https:\/\/all-car-news.com\/de\/wp-json\/wp\/v2\/posts\/138688","targetHints":{"allow":["GET"]}}],"collection":[{"href":"https:\/\/all-car-news.com\/de\/wp-json\/wp\/v2\/posts"}],"about":[{"href":"https:\/\/all-car-news.com\/de\/wp-json\/wp\/v2\/types\/post"}],"replies":[{"embeddable":true,"href":"https:\/\/all-car-news.com\/de\/wp-json\/wp\/v2\/comments?post=138688"}],"version-history":[{"count":0,"href":"https:\/\/all-car-news.com\/de\/wp-json\/wp\/v2\/posts\/138688\/revisions"}],"wp:featuredmedia":[{"embeddable":true,"href":"https:\/\/all-car-news.com\/de\/wp-json\/wp\/v2\/media\/138636"}],"wp:attachment":[{"href":"https:\/\/all-car-news.com\/de\/wp-json\/wp\/v2\/media?parent=138688"}],"wp:term":[{"taxonomy":"category","embeddable":true,"href":"https:\/\/all-car-news.com\/de\/wp-json\/wp\/v2\/categories?post=138688"},{"taxonomy":"post_tag","embeddable":true,"href":"https:\/\/all-car-news.com\/de\/wp-json\/wp\/v2\/tags?post=138688"}],"curies":[{"name":"wp","href":"https:\/\/api.w.org\/{rel}","templated":true}]}}