{"id":138687,"date":"2023-09-04T12:31:06","date_gmt":"2023-09-04T12:31:06","guid":{"rendered":"https:\/\/all-car-news.com\/das-kostet-das-byd-siegel-der-model-3-konkurrent\/"},"modified":"2023-09-04T12:31:06","modified_gmt":"2023-09-04T12:31:06","slug":"das-kostet-das-byd-siegel-der-model-3-konkurrent","status":"publish","type":"post","link":"https:\/\/all-car-news.com\/de\/das-kostet-das-byd-siegel-der-model-3-konkurrent\/","title":{"rendered":"Das kostet das BYD-Siegel &#8211; DER Model 3-Konkurrent?"},"content":{"rendered":"<h2>Modelloffensive  <\/h2>\n<p>Nach dem Han, dem Tang und dem Atto 3 bringt der chinesische Autobauer nun den and Seal nach Europa. Der Seal wird in Europa gegen das Tesla Model 3, den BMW i4 und den Nio ET5 antreten. Der Seal ist eine klassische Sportlimousine mit einer langgestreckten Motorhaube und einem kurzen Heck. Wie der Dolphin geh\u00f6rt er zur Ocean-Reihe von BYD. Das Thema des Autos ist also der Ozean. Das Thema spiegelt sich im Design in Form von Schnurrhaaren einer Robbe (die schwarzen Fl\u00e4chen mit den wei\u00dfen Lichtern im vorderen Sto\u00dff\u00e4nger), Kiemen neben den Radk\u00e4sten und einer Art schuppiger Textur auf den T\u00fcrschwellern wider. Die Taycan-\u00e4hnlichen Scheinwerfer sorgen f\u00fcr eine sportliche Note.<\/p>\n<figure class=\"wp-block-image size-content\"><img decoding=\"async\" loading=\"lazy\" width=\"1140\" height=\"760\" src=\"https:\/\/autorai.nl\/wp-content\/uploads\/2023\/04\/byd_seal_923-1140x760.jpg\" alt=\"\" class=\"wp-image-156717\"><\/figure>\n<h2>Bereich<\/h2>\n<p>BYD wird den Seal in Europa vorerst nur mit einem 82,5-kWh-Batteriepaket ausliefern, das an einem Schnellladeger\u00e4t bis zu 150 kW Ladeleistung erbringen kann. In der Version mit Hinterradantrieb bietet er eine WLTP-Reichweite von 570 Kilometern. Bei der Version mit Allradantrieb m\u00fcssen Sie 50 Kilometer Reichweite in Kauf nehmen. Wie jeder BYD verf\u00fcgt auch der SEAL \u00fcber eine kobaltfreie Lithium-Eisenphosphat-Batterie. BYD ist sehr stolz auf diese Batterie und nennt sie &#8222;Blade Battery&#8220;. Nach Angaben der Marke ist der Akku besonders sicher und hat eine lange Lebensdauer. Dar\u00fcber hinaus bietet die Blade Battery dank ihrer kompakten Gr\u00f6\u00dfe viel Platz im Inneren. In der Tat ist sie besonders flach.<\/p>\n<figure class=\"wp-block-image size-content\"><img decoding=\"async\" loading=\"lazy\" width=\"1140\" height=\"760\" src=\"https:\/\/autorai.nl\/wp-content\/uploads\/2023\/04\/byd_seal_11-1140x760.jpg\" alt=\"\" class=\"wp-image-156718\"><\/figure>\n<h2><strong>3.8S<\/strong><\/h2>\n<p>Das Siegel sieht glatt aus und ist es auch. Das Einstiegsmodell &#8211; die Version mit Hinterradantrieb &#8211; leistet bereits 313 PS. Die Version mit Allradantrieb leistet zus\u00e4tzlich 530 PS. Er schie\u00dft in nur 3,8 Sekunden aus dem Stand auf 100 km\/h. Nettes Detail: Auf dem Hintern der Seal steht unter der Modellbezeichnung &#8218;3.8S&#8216;.  <\/p>\n<figure class=\"wp-block-image size-content\"><img decoding=\"async\" loading=\"lazy\" width=\"1140\" height=\"760\" src=\"https:\/\/autorai.nl\/wp-content\/uploads\/2023\/04\/byd_seal_27-1140x760.jpg\" alt=\"\" class=\"wp-image-156719\"><\/figure>\n<h2>Preise<\/h2>\n<p>Die Markteinf\u00fchrung des <a href=\"https:\/\/autorai.nl\/byd-seal-2023-review-budget-porsche-taycan-met-530-pk\/\">BYD SEAL<\/a> ist f\u00fcr diesen Herbst geplant. Jedes Modell hat eine 6-j\u00e4hrige allgemeine Garantie und eine 8-j\u00e4hrige Garantie auf den Antriebsstrang und die Batterie. Dar\u00fcber hinaus ist die Garantie fahrzeugspezifisch und daher \u00fcbertragbar.  <\/p>\n<p>Zwei Versionen sind erh\u00e4ltlich: der Design RWD und der Exellence AWD. Verbraucherpreise auf einen Blick:<\/p>\n<ul>\n<li>BYD SEAL Design RWD <strong>\u20ac 47.990<\/strong> (zus\u00e4tzlicher Steuersatz ab \u20ac 263\/Monat)<\/li>\n<li>BYD SEAL Excellence AWD <strong>\u20ac 50.990<\/strong> (zus\u00e4tzlicher Steuersatz ab \u20ac 283\/Monat)<\/li>\n<\/ul>\n<p>Mehr wissen? Dann sehen Sie sich unsere erste Einf\u00fchrung in das BYD-Siegel im folgenden <a href=\"https:\/\/www.youtube.com\/watch?v=P4HLxRmaEto&amp;ab_channel=AutoRAITV\">Video<\/a> an:<\/p>\n<figure class=\"wp-block-embed is-type-video is-provider-youtube wp-block-embed-youtube wp-embed-aspect-16-9 wp-has-aspect-ratio\">\n<div class=\"wp-block-embed__wrapper\">\n<\/div>\n<\/figure>\n<p><strong>  <\/strong><\/p>\n","protected":false},"excerpt":{"rendered":"Modelloffensive Nach dem Han, dem Tang und dem Atto 3 bringt der chinesische Autobauer nun das en Seal nach Europa.&hellip;","protected":false},"author":0,"featured_media":138630,"comment_status":"","ping_status":"open","sticky":false,"template":"","format":"standard","meta":{"footnotes":""},"categories":[125],"tags":[],"class_list":["post-138687","post","type-post","status-publish","format-standard","has-post-thumbnail","hentry","category-auto-nachrichten"],"acf":[],"yoast_head":"<!-- This site is optimized with the Yoast SEO plugin v21.2 - https:\/\/yoast.com\/wordpress\/plugins\/seo\/ -->\n<title>Das kostet das BYD-Siegel - DER Model 3-Konkurrent? - All cars news<\/title>\n<meta name=\"robots\" content=\"index, follow, max-snippet:-1, max-image-preview:large, max-video-preview:-1\" \/>\n<link rel=\"canonical\" href=\"https:\/\/all-car-news.com\/de\/das-kostet-das-byd-siegel-der-model-3-konkurrent\/\" \/>\n<meta property=\"og:locale\" content=\"de_DE\" \/>\n<meta property=\"og:type\" content=\"article\" \/>\n<meta property=\"og:title\" content=\"Das kostet das BYD-Siegel - DER Model 3-Konkurrent? - All cars news\" \/>\n<meta property=\"og:description\" content=\"Modelloffensive Nach dem Han, dem Tang und dem Atto 3 bringt der chinesische Autobauer nun das en Seal nach Europa. Der Seal wird in Europa gegen das Tesla Model 3, den BMW i4 und den Nio ET5 antreten. Der Seal ist eine klassische Sportlimousine mit einer langgestreckten Motorhaube und einem kurzen Heck. Wie der Dolphin macht er [...]\" \/>\n<meta property=\"og:url\" content=\"https:\/\/all-car-news.com\/de\/das-kostet-das-byd-siegel-der-model-3-konkurrent\/\" \/>\n<meta property=\"og:site_name\" content=\"All cars news\" \/>\n<meta property=\"article:published_time\" content=\"2023-09-04T12:31:06+00:00\" \/>\n<meta property=\"og:image\" content=\"https:\/\/autorai.nl\/wp-content\/uploads\/2023\/04\/byd_seal_923-1140x760.jpg\" \/>\n<meta name=\"twitter:card\" content=\"summary_large_image\" \/>\n<meta name=\"twitter:label1\" content=\"Gesch\u00e4tzte Lesezeit\" \/>\n\t<meta name=\"twitter:data1\" content=\"2\u00a0Minuten\" \/>\n<script type=\"application\/ld+json\" class=\"yoast-schema-graph\">{\"@context\":\"https:\/\/schema.org\",\"@graph\":[{\"@type\":\"Article\",\"@id\":\"https:\/\/all-car-news.com\/de\/das-kostet-das-byd-siegel-der-model-3-konkurrent\/#article\",\"isPartOf\":{\"@id\":\"https:\/\/all-car-news.com\/de\/das-kostet-das-byd-siegel-der-model-3-konkurrent\/\"},\"author\":{\"name\":\"\",\"@id\":\"\"},\"headline\":\"Das kostet das BYD-Siegel &#8211; DER Model 3-Konkurrent?\",\"datePublished\":\"2023-09-04T12:31:06+00:00\",\"dateModified\":\"2023-09-04T12:31:06+00:00\",\"mainEntityOfPage\":{\"@id\":\"https:\/\/all-car-news.com\/de\/das-kostet-das-byd-siegel-der-model-3-konkurrent\/\"},\"wordCount\":383,\"publisher\":{\"@id\":\"https:\/\/all-car-news.com\/de\/#organization\"},\"articleSection\":[\"Auto Nachrichten\"],\"inLanguage\":\"de\"},{\"@type\":\"WebPage\",\"@id\":\"https:\/\/all-car-news.com\/de\/das-kostet-das-byd-siegel-der-model-3-konkurrent\/\",\"url\":\"https:\/\/all-car-news.com\/de\/das-kostet-das-byd-siegel-der-model-3-konkurrent\/\",\"name\":\"Das kostet das BYD-Siegel - DER Model 3-Konkurrent? - All cars news\",\"isPartOf\":{\"@id\":\"https:\/\/all-car-news.com\/de\/#website\"},\"datePublished\":\"2023-09-04T12:31:06+00:00\",\"dateModified\":\"2023-09-04T12:31:06+00:00\",\"breadcrumb\":{\"@id\":\"https:\/\/all-car-news.com\/de\/das-kostet-das-byd-siegel-der-model-3-konkurrent\/#breadcrumb\"},\"inLanguage\":\"de\",\"potentialAction\":[{\"@type\":\"ReadAction\",\"target\":[\"https:\/\/all-car-news.com\/de\/das-kostet-das-byd-siegel-der-model-3-konkurrent\/\"]}]},{\"@type\":\"BreadcrumbList\",\"@id\":\"https:\/\/all-car-news.com\/de\/das-kostet-das-byd-siegel-der-model-3-konkurrent\/#breadcrumb\",\"itemListElement\":[{\"@type\":\"ListItem\",\"position\":1,\"name\":\"Home\",\"item\":\"https:\/\/all-car-news.com\/de\/\"},{\"@type\":\"ListItem\",\"position\":2,\"name\":\"Das kostet das BYD-Siegel &#8211; DER Model 3-Konkurrent?\"}]},{\"@type\":\"WebSite\",\"@id\":\"https:\/\/all-car-news.com\/de\/#website\",\"url\":\"https:\/\/all-car-news.com\/de\/\",\"name\":\"All cars news\",\"description\":\"\",\"publisher\":{\"@id\":\"https:\/\/all-car-news.com\/de\/#organization\"},\"potentialAction\":[{\"@type\":\"SearchAction\",\"target\":{\"@type\":\"EntryPoint\",\"urlTemplate\":\"https:\/\/all-car-news.com\/de\/?s={search_term_string}\"},\"query-input\":\"required name=search_term_string\"}],\"inLanguage\":\"de\"},{\"@type\":\"Organization\",\"@id\":\"https:\/\/all-car-news.com\/de\/#organization\",\"name\":\"All cars news\",\"url\":\"https:\/\/all-car-news.com\/de\/\",\"logo\":{\"@type\":\"ImageObject\",\"inLanguage\":\"de\",\"@id\":\"https:\/\/all-car-news.com\/de\/#\/schema\/logo\/image\/\",\"url\":\"https:\/\/all-car-news.com\/wp-content\/uploads\/2022\/02\/CMYK-AllCarNews_LANDSCAPE_300px-1.png\",\"contentUrl\":\"https:\/\/all-car-news.com\/wp-content\/uploads\/2022\/02\/CMYK-AllCarNews_LANDSCAPE_300px-1.png\",\"width\":300,\"height\":100,\"caption\":\"All cars news\"},\"image\":{\"@id\":\"https:\/\/all-car-news.com\/de\/#\/schema\/logo\/image\/\"}}]}<\/script>\n<!-- \/ Yoast SEO plugin. -->","yoast_head_json":{"title":"Das kostet das BYD-Siegel - DER Model 3-Konkurrent? - All cars news","robots":{"index":"index","follow":"follow","max-snippet":"max-snippet:-1","max-image-preview":"max-image-preview:large","max-video-preview":"max-video-preview:-1"},"canonical":"https:\/\/all-car-news.com\/de\/das-kostet-das-byd-siegel-der-model-3-konkurrent\/","og_locale":"de_DE","og_type":"article","og_title":"Das kostet das BYD-Siegel - DER Model 3-Konkurrent? - All cars news","og_description":"Modelloffensive Nach dem Han, dem Tang und dem Atto 3 bringt der chinesische Autobauer nun das en Seal nach Europa. Der Seal wird in Europa gegen das Tesla Model 3, den BMW i4 und den Nio ET5 antreten. Der Seal ist eine klassische Sportlimousine mit einer langgestreckten Motorhaube und einem kurzen Heck. Wie der Dolphin macht er [...]","og_url":"https:\/\/all-car-news.com\/de\/das-kostet-das-byd-siegel-der-model-3-konkurrent\/","og_site_name":"All cars news","article_published_time":"2023-09-04T12:31:06+00:00","og_image":[{"url":"https:\/\/autorai.nl\/wp-content\/uploads\/2023\/04\/byd_seal_923-1140x760.jpg"}],"twitter_card":"summary_large_image","twitter_misc":{"Gesch\u00e4tzte Lesezeit":"2\u00a0Minuten"},"schema":{"@context":"https:\/\/schema.org","@graph":[{"@type":"Article","@id":"https:\/\/all-car-news.com\/de\/das-kostet-das-byd-siegel-der-model-3-konkurrent\/#article","isPartOf":{"@id":"https:\/\/all-car-news.com\/de\/das-kostet-das-byd-siegel-der-model-3-konkurrent\/"},"author":{"name":"","@id":""},"headline":"Das kostet das BYD-Siegel &#8211; DER Model 3-Konkurrent?","datePublished":"2023-09-04T12:31:06+00:00","dateModified":"2023-09-04T12:31:06+00:00","mainEntityOfPage":{"@id":"https:\/\/all-car-news.com\/de\/das-kostet-das-byd-siegel-der-model-3-konkurrent\/"},"wordCount":383,"publisher":{"@id":"https:\/\/all-car-news.com\/de\/#organization"},"articleSection":["Auto Nachrichten"],"inLanguage":"de"},{"@type":"WebPage","@id":"https:\/\/all-car-news.com\/de\/das-kostet-das-byd-siegel-der-model-3-konkurrent\/","url":"https:\/\/all-car-news.com\/de\/das-kostet-das-byd-siegel-der-model-3-konkurrent\/","name":"Das kostet das BYD-Siegel - DER Model 3-Konkurrent? - All cars news","isPartOf":{"@id":"https:\/\/all-car-news.com\/de\/#website"},"datePublished":"2023-09-04T12:31:06+00:00","dateModified":"2023-09-04T12:31:06+00:00","breadcrumb":{"@id":"https:\/\/all-car-news.com\/de\/das-kostet-das-byd-siegel-der-model-3-konkurrent\/#breadcrumb"},"inLanguage":"de","potentialAction":[{"@type":"ReadAction","target":["https:\/\/all-car-news.com\/de\/das-kostet-das-byd-siegel-der-model-3-konkurrent\/"]}]},{"@type":"BreadcrumbList","@id":"https:\/\/all-car-news.com\/de\/das-kostet-das-byd-siegel-der-model-3-konkurrent\/#breadcrumb","itemListElement":[{"@type":"ListItem","position":1,"name":"Home","item":"https:\/\/all-car-news.com\/de\/"},{"@type":"ListItem","position":2,"name":"Das kostet das BYD-Siegel &#8211; DER Model 3-Konkurrent?"}]},{"@type":"WebSite","@id":"https:\/\/all-car-news.com\/de\/#website","url":"https:\/\/all-car-news.com\/de\/","name":"All cars news","description":"","publisher":{"@id":"https:\/\/all-car-news.com\/de\/#organization"},"potentialAction":[{"@type":"SearchAction","target":{"@type":"EntryPoint","urlTemplate":"https:\/\/all-car-news.com\/de\/?s={search_term_string}"},"query-input":"required name=search_term_string"}],"inLanguage":"de"},{"@type":"Organization","@id":"https:\/\/all-car-news.com\/de\/#organization","name":"All cars news","url":"https:\/\/all-car-news.com\/de\/","logo":{"@type":"ImageObject","inLanguage":"de","@id":"https:\/\/all-car-news.com\/de\/#\/schema\/logo\/image\/","url":"https:\/\/all-car-news.com\/wp-content\/uploads\/2022\/02\/CMYK-AllCarNews_LANDSCAPE_300px-1.png","contentUrl":"https:\/\/all-car-news.com\/wp-content\/uploads\/2022\/02\/CMYK-AllCarNews_LANDSCAPE_300px-1.png","width":300,"height":100,"caption":"All cars news"},"image":{"@id":"https:\/\/all-car-news.com\/de\/#\/schema\/logo\/image\/"}}]}},"_links":{"self":[{"href":"https:\/\/all-car-news.com\/de\/wp-json\/wp\/v2\/posts\/138687","targetHints":{"allow":["GET"]}}],"collection":[{"href":"https:\/\/all-car-news.com\/de\/wp-json\/wp\/v2\/posts"}],"about":[{"href":"https:\/\/all-car-news.com\/de\/wp-json\/wp\/v2\/types\/post"}],"replies":[{"embeddable":true,"href":"https:\/\/all-car-news.com\/de\/wp-json\/wp\/v2\/comments?post=138687"}],"version-history":[{"count":0,"href":"https:\/\/all-car-news.com\/de\/wp-json\/wp\/v2\/posts\/138687\/revisions"}],"wp:featuredmedia":[{"embeddable":true,"href":"https:\/\/all-car-news.com\/de\/wp-json\/wp\/v2\/media\/138630"}],"wp:attachment":[{"href":"https:\/\/all-car-news.com\/de\/wp-json\/wp\/v2\/media?parent=138687"}],"wp:term":[{"taxonomy":"category","embeddable":true,"href":"https:\/\/all-car-news.com\/de\/wp-json\/wp\/v2\/categories?post=138687"},{"taxonomy":"post_tag","embeddable":true,"href":"https:\/\/all-car-news.com\/de\/wp-json\/wp\/v2\/tags?post=138687"}],"curies":[{"name":"wp","href":"https:\/\/api.w.org\/{rel}","templated":true}]}}