{"id":138438,"date":"2023-08-28T12:21:27","date_gmt":"2023-08-28T12:21:27","guid":{"rendered":"https:\/\/all-car-news.com\/preisanpassung-elektrischer-peugeot-e-308\/"},"modified":"2023-08-28T12:21:27","modified_gmt":"2023-08-28T12:21:27","slug":"preisanpassung-elektrischer-peugeot-e-308","status":"publish","type":"post","link":"https:\/\/all-car-news.com\/de\/preisanpassung-elektrischer-peugeot-e-308\/","title":{"rendered":"Preisanpassung elektrischer Peugeot e-308"},"content":{"rendered":"<h2>SEPP<\/h2>\n<p>Dank der verbesserten Preispositionierung liegen alle Versionen des Peugeot e-308, mit Ausnahme des Peugeot e-308 GT SW, unter der SEPP-Grenze von 45.000 Euro und kommen f\u00fcr die Elektroauto-F\u00f6rderung in H\u00f6he von 2.950 Euro in Frage.<\/p>\n<h2>Die neuen Preise des Peugeot e-308<\/h2>\n<p>Das Lieferprogramm des neuen Peugeot e-308 beginnt mit der Version Allure. Serienm\u00e4\u00dfig erhalten die Kunden unter anderem Metallic-Lackierung, 18-Zoll-Leichtmetallr\u00e4der, Pack Drive Assist 1, beheizbare Vordersitze, ein beheizbares Lenkrad und Navigation. Der Preis des e-308 Allure betr\u00e4gt 43.585 Euro. Der Preis f\u00fcr die e-308 Allure SW betr\u00e4gt 44.875 \u20ac.<\/p>\n<p>Mit einem Preis von 45.985 \u20ac als Berline bleibt der Peugeot e-308 GT ebenfalls unter der SEPP-Grenze (Steuerpreis 42.415 \u20ac). Der GT ist serienm\u00e4\u00dfig in Metallic-Lackierung erh\u00e4ltlich, ebenso wie die bereits erw\u00e4hnte Ausstattung des Allure. Der GT verf\u00fcgt au\u00dferdem \u00fcber eine Alcantara-\/Kunstlederausstattung, Voll-LED-Scheinwerfer und spezielle Zierelemente.<\/p>\n<figure class=\"wp-block-image size-content\"><img decoding=\"async\" loading=\"lazy\" width=\"1140\" height=\"634\" src=\"https:\/\/autorai.nl\/wp-content\/uploads\/2023\/08\/peugeot-e-308-2023-prijsaanpassing-foto2-1140x634.jpg\" alt=\"Peugeot e-308\" class=\"wp-image-165310\"><\/figure>\n<h2>Antriebsstrang<\/h2>\n<p>Der Antriebsstrang des Peugeot e-308 besteht aus einem Elektromotor mit einer Leistung von 115 kW (156 PS) und einem Drehmoment von 270 Nm. Bei der Batterie handelt es sich um eine 54 kWh (51 kWh nutzbar) Hochspannungsbatterie (400 Volt) mit einer neuen chemischen Zusammensetzung aus 80% Nickel, 10% Mangan und 10% Kobalt. Die Reichweite betr\u00e4gt bis zu 412 km nach dem WLTP-Zyklus.<\/p>\n<p>Um die verf\u00fcgbare Energie m\u00f6glichst effektiv zu nutzen, kann der Fahrer zwischen drei Fahrmodi w\u00e4hlen:<\/p>\n<ul>\n<li>ECO, f\u00fcr maximale Reichweite (80 kW\/109 PS und 220 Nm)<\/li>\n<li>NORMAL, f\u00fcr den t\u00e4glichen Gebrauch (100 kW\/136 PS und 250 Nm)<\/li>\n<li>SPORT, f\u00fcr maximale Leistung und Erfahrung (115 kW\/156 PS und 270 Nm)<\/li>\n<\/ul>\n<h2>BRAKE und Laden<\/h2>\n<p>Zus\u00e4tzlich sorgt ein BRAKE-Modus f\u00fcr zus\u00e4tzliche Effizienz, indem er den Elektromotor beim Loslassen des Gaspedals zus\u00e4tzlich abbremst und so Energie zur\u00fcckgewinnt. Der Peugeot e-308 ist serienm\u00e4\u00dfig mit einem 11-kW-Bordladeger\u00e4t ausgestattet. Der Ladestecker ist f\u00fcr alle Lademodi geeignet. An einer 100-kW-Ladestation kann die Batterie in 30 Minuten von 20 auf 80 % aufgeladen werden.<\/p>\n","protected":false},"excerpt":{"rendered":"SEPP Dank der verbesserten Preispositionierung fallen alle Versionen des Peugeot e-308, mit Ausnahme des Peugeot e-308 GT SW, unter die&hellip;","protected":false},"author":0,"featured_media":138431,"comment_status":"","ping_status":"open","sticky":false,"template":"","format":"standard","meta":{"footnotes":""},"categories":[125],"tags":[],"class_list":["post-138438","post","type-post","status-publish","format-standard","has-post-thumbnail","hentry","category-auto-nachrichten"],"acf":[],"yoast_head":"<!-- This site is optimized with the Yoast SEO plugin v21.2 - https:\/\/yoast.com\/wordpress\/plugins\/seo\/ -->\n<title>Preisanpassung elektrischer Peugeot e-308 - All cars news<\/title>\n<meta name=\"robots\" content=\"index, follow, max-snippet:-1, max-image-preview:large, max-video-preview:-1\" \/>\n<link rel=\"canonical\" href=\"https:\/\/all-car-news.com\/de\/preisanpassung-elektrischer-peugeot-e-308\/\" \/>\n<meta property=\"og:locale\" content=\"de_DE\" \/>\n<meta property=\"og:type\" content=\"article\" \/>\n<meta property=\"og:title\" content=\"Preisanpassung elektrischer Peugeot e-308 - All cars news\" \/>\n<meta property=\"og:description\" content=\"SEPP Dank der verbesserten Preispositionierung fallen alle Versionen des Peugeot e-308, mit Ausnahme des Peugeot e-308 GT SW, unter die SEPP-Grenze von 45.000 Euro und kommen f\u00fcr die Elektroauto-F\u00f6rderung von 2.950 Euro in Frage. Die neuen Preise des Peugeot e-308 Das Lieferprogramm des neuen Peugeot [...]\" \/>\n<meta property=\"og:url\" content=\"https:\/\/all-car-news.com\/de\/preisanpassung-elektrischer-peugeot-e-308\/\" \/>\n<meta property=\"og:site_name\" content=\"All cars news\" \/>\n<meta property=\"article:published_time\" content=\"2023-08-28T12:21:27+00:00\" \/>\n<meta property=\"og:image\" content=\"https:\/\/autorai.nl\/wp-content\/uploads\/2023\/08\/peugeot-e-308-2023-prijsaanpassing-foto2-1140x634.jpg\" \/>\n<meta name=\"twitter:card\" content=\"summary_large_image\" \/>\n<meta name=\"twitter:label1\" content=\"Gesch\u00e4tzte Lesezeit\" \/>\n\t<meta name=\"twitter:data1\" content=\"2\u00a0Minuten\" \/>\n<script type=\"application\/ld+json\" class=\"yoast-schema-graph\">{\"@context\":\"https:\/\/schema.org\",\"@graph\":[{\"@type\":\"Article\",\"@id\":\"https:\/\/all-car-news.com\/de\/preisanpassung-elektrischer-peugeot-e-308\/#article\",\"isPartOf\":{\"@id\":\"https:\/\/all-car-news.com\/de\/preisanpassung-elektrischer-peugeot-e-308\/\"},\"author\":{\"name\":\"\",\"@id\":\"\"},\"headline\":\"Preisanpassung elektrischer Peugeot e-308\",\"datePublished\":\"2023-08-28T12:21:27+00:00\",\"dateModified\":\"2023-08-28T12:21:27+00:00\",\"mainEntityOfPage\":{\"@id\":\"https:\/\/all-car-news.com\/de\/preisanpassung-elektrischer-peugeot-e-308\/\"},\"wordCount\":307,\"publisher\":{\"@id\":\"https:\/\/all-car-news.com\/de\/#organization\"},\"articleSection\":[\"Auto Nachrichten\"],\"inLanguage\":\"de\"},{\"@type\":\"WebPage\",\"@id\":\"https:\/\/all-car-news.com\/de\/preisanpassung-elektrischer-peugeot-e-308\/\",\"url\":\"https:\/\/all-car-news.com\/de\/preisanpassung-elektrischer-peugeot-e-308\/\",\"name\":\"Preisanpassung elektrischer Peugeot e-308 - All cars news\",\"isPartOf\":{\"@id\":\"https:\/\/all-car-news.com\/de\/#website\"},\"datePublished\":\"2023-08-28T12:21:27+00:00\",\"dateModified\":\"2023-08-28T12:21:27+00:00\",\"breadcrumb\":{\"@id\":\"https:\/\/all-car-news.com\/de\/preisanpassung-elektrischer-peugeot-e-308\/#breadcrumb\"},\"inLanguage\":\"de\",\"potentialAction\":[{\"@type\":\"ReadAction\",\"target\":[\"https:\/\/all-car-news.com\/de\/preisanpassung-elektrischer-peugeot-e-308\/\"]}]},{\"@type\":\"BreadcrumbList\",\"@id\":\"https:\/\/all-car-news.com\/de\/preisanpassung-elektrischer-peugeot-e-308\/#breadcrumb\",\"itemListElement\":[{\"@type\":\"ListItem\",\"position\":1,\"name\":\"Home\",\"item\":\"https:\/\/all-car-news.com\/de\/\"},{\"@type\":\"ListItem\",\"position\":2,\"name\":\"Preisanpassung elektrischer Peugeot e-308\"}]},{\"@type\":\"WebSite\",\"@id\":\"https:\/\/all-car-news.com\/de\/#website\",\"url\":\"https:\/\/all-car-news.com\/de\/\",\"name\":\"All cars news\",\"description\":\"\",\"publisher\":{\"@id\":\"https:\/\/all-car-news.com\/de\/#organization\"},\"potentialAction\":[{\"@type\":\"SearchAction\",\"target\":{\"@type\":\"EntryPoint\",\"urlTemplate\":\"https:\/\/all-car-news.com\/de\/?s={search_term_string}\"},\"query-input\":\"required name=search_term_string\"}],\"inLanguage\":\"de\"},{\"@type\":\"Organization\",\"@id\":\"https:\/\/all-car-news.com\/de\/#organization\",\"name\":\"All cars news\",\"url\":\"https:\/\/all-car-news.com\/de\/\",\"logo\":{\"@type\":\"ImageObject\",\"inLanguage\":\"de\",\"@id\":\"https:\/\/all-car-news.com\/de\/#\/schema\/logo\/image\/\",\"url\":\"https:\/\/all-car-news.com\/wp-content\/uploads\/2022\/02\/CMYK-AllCarNews_LANDSCAPE_300px-1.png\",\"contentUrl\":\"https:\/\/all-car-news.com\/wp-content\/uploads\/2022\/02\/CMYK-AllCarNews_LANDSCAPE_300px-1.png\",\"width\":300,\"height\":100,\"caption\":\"All cars news\"},\"image\":{\"@id\":\"https:\/\/all-car-news.com\/de\/#\/schema\/logo\/image\/\"}}]}<\/script>\n<!-- \/ Yoast SEO plugin. -->","yoast_head_json":{"title":"Preisanpassung elektrischer Peugeot e-308 - All cars news","robots":{"index":"index","follow":"follow","max-snippet":"max-snippet:-1","max-image-preview":"max-image-preview:large","max-video-preview":"max-video-preview:-1"},"canonical":"https:\/\/all-car-news.com\/de\/preisanpassung-elektrischer-peugeot-e-308\/","og_locale":"de_DE","og_type":"article","og_title":"Preisanpassung elektrischer Peugeot e-308 - All cars news","og_description":"SEPP Dank der verbesserten Preispositionierung fallen alle Versionen des Peugeot e-308, mit Ausnahme des Peugeot e-308 GT SW, unter die SEPP-Grenze von 45.000 Euro und kommen f\u00fcr die Elektroauto-F\u00f6rderung von 2.950 Euro in Frage. Die neuen Preise des Peugeot e-308 Das Lieferprogramm des neuen Peugeot [...]","og_url":"https:\/\/all-car-news.com\/de\/preisanpassung-elektrischer-peugeot-e-308\/","og_site_name":"All cars news","article_published_time":"2023-08-28T12:21:27+00:00","og_image":[{"url":"https:\/\/autorai.nl\/wp-content\/uploads\/2023\/08\/peugeot-e-308-2023-prijsaanpassing-foto2-1140x634.jpg"}],"twitter_card":"summary_large_image","twitter_misc":{"Gesch\u00e4tzte Lesezeit":"2\u00a0Minuten"},"schema":{"@context":"https:\/\/schema.org","@graph":[{"@type":"Article","@id":"https:\/\/all-car-news.com\/de\/preisanpassung-elektrischer-peugeot-e-308\/#article","isPartOf":{"@id":"https:\/\/all-car-news.com\/de\/preisanpassung-elektrischer-peugeot-e-308\/"},"author":{"name":"","@id":""},"headline":"Preisanpassung elektrischer Peugeot e-308","datePublished":"2023-08-28T12:21:27+00:00","dateModified":"2023-08-28T12:21:27+00:00","mainEntityOfPage":{"@id":"https:\/\/all-car-news.com\/de\/preisanpassung-elektrischer-peugeot-e-308\/"},"wordCount":307,"publisher":{"@id":"https:\/\/all-car-news.com\/de\/#organization"},"articleSection":["Auto Nachrichten"],"inLanguage":"de"},{"@type":"WebPage","@id":"https:\/\/all-car-news.com\/de\/preisanpassung-elektrischer-peugeot-e-308\/","url":"https:\/\/all-car-news.com\/de\/preisanpassung-elektrischer-peugeot-e-308\/","name":"Preisanpassung elektrischer Peugeot e-308 - All cars news","isPartOf":{"@id":"https:\/\/all-car-news.com\/de\/#website"},"datePublished":"2023-08-28T12:21:27+00:00","dateModified":"2023-08-28T12:21:27+00:00","breadcrumb":{"@id":"https:\/\/all-car-news.com\/de\/preisanpassung-elektrischer-peugeot-e-308\/#breadcrumb"},"inLanguage":"de","potentialAction":[{"@type":"ReadAction","target":["https:\/\/all-car-news.com\/de\/preisanpassung-elektrischer-peugeot-e-308\/"]}]},{"@type":"BreadcrumbList","@id":"https:\/\/all-car-news.com\/de\/preisanpassung-elektrischer-peugeot-e-308\/#breadcrumb","itemListElement":[{"@type":"ListItem","position":1,"name":"Home","item":"https:\/\/all-car-news.com\/de\/"},{"@type":"ListItem","position":2,"name":"Preisanpassung elektrischer Peugeot e-308"}]},{"@type":"WebSite","@id":"https:\/\/all-car-news.com\/de\/#website","url":"https:\/\/all-car-news.com\/de\/","name":"All cars news","description":"","publisher":{"@id":"https:\/\/all-car-news.com\/de\/#organization"},"potentialAction":[{"@type":"SearchAction","target":{"@type":"EntryPoint","urlTemplate":"https:\/\/all-car-news.com\/de\/?s={search_term_string}"},"query-input":"required name=search_term_string"}],"inLanguage":"de"},{"@type":"Organization","@id":"https:\/\/all-car-news.com\/de\/#organization","name":"All cars news","url":"https:\/\/all-car-news.com\/de\/","logo":{"@type":"ImageObject","inLanguage":"de","@id":"https:\/\/all-car-news.com\/de\/#\/schema\/logo\/image\/","url":"https:\/\/all-car-news.com\/wp-content\/uploads\/2022\/02\/CMYK-AllCarNews_LANDSCAPE_300px-1.png","contentUrl":"https:\/\/all-car-news.com\/wp-content\/uploads\/2022\/02\/CMYK-AllCarNews_LANDSCAPE_300px-1.png","width":300,"height":100,"caption":"All cars news"},"image":{"@id":"https:\/\/all-car-news.com\/de\/#\/schema\/logo\/image\/"}}]}},"_links":{"self":[{"href":"https:\/\/all-car-news.com\/de\/wp-json\/wp\/v2\/posts\/138438","targetHints":{"allow":["GET"]}}],"collection":[{"href":"https:\/\/all-car-news.com\/de\/wp-json\/wp\/v2\/posts"}],"about":[{"href":"https:\/\/all-car-news.com\/de\/wp-json\/wp\/v2\/types\/post"}],"replies":[{"embeddable":true,"href":"https:\/\/all-car-news.com\/de\/wp-json\/wp\/v2\/comments?post=138438"}],"version-history":[{"count":0,"href":"https:\/\/all-car-news.com\/de\/wp-json\/wp\/v2\/posts\/138438\/revisions"}],"wp:featuredmedia":[{"embeddable":true,"href":"https:\/\/all-car-news.com\/de\/wp-json\/wp\/v2\/media\/138431"}],"wp:attachment":[{"href":"https:\/\/all-car-news.com\/de\/wp-json\/wp\/v2\/media?parent=138438"}],"wp:term":[{"taxonomy":"category","embeddable":true,"href":"https:\/\/all-car-news.com\/de\/wp-json\/wp\/v2\/categories?post=138438"},{"taxonomy":"post_tag","embeddable":true,"href":"https:\/\/all-car-news.com\/de\/wp-json\/wp\/v2\/tags?post=138438"}],"curies":[{"name":"wp","href":"https:\/\/api.w.org\/{rel}","templated":true}]}}