{"id":138419,"date":"2023-08-25T15:15:00","date_gmt":"2023-08-25T15:15:00","guid":{"rendered":"https:\/\/all-car-news.com\/gesichtet-der-erste-audi-s6-avant\/"},"modified":"2023-08-25T15:15:00","modified_gmt":"2023-08-25T15:15:00","slug":"gesichtet-der-erste-audi-s6-avant","status":"publish","type":"post","link":"https:\/\/all-car-news.com\/de\/gesichtet-der-erste-audi-s6-avant\/","title":{"rendered":"Gesichtet: der erste Audi S6 Avant"},"content":{"rendered":"<p>Nennen Sie einen sportlichen Kombi? Es gibt nat\u00fcrlich mehrere m\u00f6gliche Antworten, aber die Chancen stehen gut, dass Sie den Audi RS6 Avant erw\u00e4hnt haben. Es handelt sich also um eines der beliebtesten Modelle. Selbst hier in den Niederlanden sieht man noch h\u00e4ufig einen RS6 Avant fahren. Kennen Sie aber auch (noch) seinen entfernten Vorg\u00e4nger? Die ehemaligen Audi S- und RS-Modelle sieht man im t\u00e4glichen Verkehr viel seltener. Dieser fr\u00fche Audi S6 Avant brauchte also unbedingt ein Foto.<\/p>\n<h2><strong>Skalierung der S-Serie<\/strong><\/h2>\n<p>Die Geschichte der sportlichen Audi S-Modelle begann 1991 mit den S2-Modellen, von denen das Coup\u00e9 schlie\u00dflich am bekanntesten wurde. Es gab auch einen S2 Avant. Diese S2-Modelle sind ein Vorl\u00e4ufer der sp\u00e4teren Audi RS4-Modelle. Das sportliche Konzept fand Anklang, und 1994 beschloss Audi, die Baureihe nach oben zu erweitern. Die Audi S2-Modelle basierten auf dem Audi 80, und auf der Grundlage des gr\u00f6\u00dferen Audi 100 f\u00fchrte Audi den S6 ein.<\/p>\n<div class=\"galery shuffle galery-0\">\n<figure>\n\t\t\t\t\t<span style=\"cursor: pointer\" data-src=\"https:\/\/autorai.nl\/wp-content\/uploads\/2023\/08\/Audi-S2-1600x1200.jpg\" data-fancybox=\"galery-0\" title=\"\"><br \/>\n\t\t\t\t\t\t\t<img decoding=\"async\" width=\"640\" height=\"480\" src=\"https:\/\/autorai.nl\/wp-content\/uploads\/2023\/08\/Audi-S2-640x480.jpg\" class=\"attachment-medium size-medium\" alt=\"\" loading=\"lazy\"><i class=\"fa fa-search-plus\" aria-hidden=\"true\"><\/i><br \/>\n\t\t\t\t\t\t<\/span><br \/>\n\t\t\t\t\t<\/figure>\n<figure>\n\t\t\t\t\t<span style=\"cursor: pointer\" data-src=\"https:\/\/autorai.nl\/wp-content\/uploads\/2023\/08\/Audi-S4-Avant-1-1600x1200.jpg\" data-fancybox=\"galery-0\" title=\"\"><br \/>\n\t\t\t\t\t\t\t<img decoding=\"async\" width=\"360\" height=\"270\" src=\"https:\/\/autorai.nl\/wp-content\/uploads\/2023\/08\/Audi-S4-Avant-1-360x270.jpg\" class=\"attachment-small size-small\" alt=\"\" loading=\"lazy\"><i class=\"fa fa-search-plus\" aria-hidden=\"true\"><\/i><br \/>\n\t\t\t\t\t\t<\/span><br \/>\n\t\t\t\t\t<\/figure>\n<figure>\n\t\t\t\t\t<span style=\"cursor: pointer\" data-src=\"https:\/\/autorai.nl\/wp-content\/uploads\/2023\/08\/Audi-S4-Avant-2-1600x1200.jpg\" data-fancybox=\"galery-0\" title=\"\"><br \/>\n\t\t\t\t\t\t\t<img decoding=\"async\" width=\"360\" height=\"270\" src=\"https:\/\/autorai.nl\/wp-content\/uploads\/2023\/08\/Audi-S4-Avant-2-360x270.jpg\" class=\"attachment-small size-small\" alt=\"\" loading=\"lazy\"><i class=\"fa fa-search-plus\" aria-hidden=\"true\"><\/i><br \/>\n\t\t\t\t\t\t<\/span><br \/>\n\t\t\t\t\t<\/figure>\n<div class=\"clear\"><\/div>\n<\/div>\n<h2><strong>Aus Audi S4 wird Audi S6<\/strong><\/h2>\n<p>Im Jahr 1994 entschied sich Audi f\u00fcr eine neue Modellnamenpolitik. Der Audi 80 wird durch den Audi A4 der ersten Generation abgel\u00f6st. Der Audi 100 soll noch nicht komplett ersetzt werden, sondern nach einem Facelift in Audi A6 umbenannt werden. Auch die Namen der sportlichen Modelle werden ge\u00e4ndert. Der Audi S4 ist nun logischerweise die sportliche Version des Audi A4. Die sportliche Version des Audi A6 hei\u00dft jetzt logischerweise Audi S6.<\/p>\n<h2><strong>Audi S6 Spezifikationen und Leistung<\/strong><\/h2>\n<p>In technischer Hinsicht tut sich nicht viel bei diesem Facelifting. W\u00e4hrend die folgenden Spezifikationen, abgesehen von einigen Details, auch f\u00fcr das urspr\u00fcngliche S4 gelten, wollen wir uns im Folgenden auf das S6 beschr\u00e4nken. Der Audi S6 war in zwei Versionen erh\u00e4ltlich: als &#8222;normaler&#8220; S6 und als S6 4.2. Beide waren wiederum entweder mit einem Sechsgang-Schaltgetriebe oder einer Viergang-Automatik erh\u00e4ltlich, und beide gab es sowohl als Limousine als auch als Avant. Allradantrieb war bei allen Modellen Standard.<\/p>\n<p>Wie der Name schon sagt, lag der Unterschied im Motor. Im &#8218;regul\u00e4ren Audi S6 war der bekannte 2,3-Liter-F\u00fcnfzylinder-Reihenmotor verbaut, der 169 kW (230 PS) leistete. Der Audi S6 4.2 verf\u00fcgte \u00fcber einen 4,2-Liter-V8 mit 206 kW (280 PS). Der F\u00fcnfzylinder brachte den Wagen in 6,7 Sekunden auf 100 km\/h, die H\u00f6chstgeschwindigkeit lag bei 241 km\/h. Mit dem V8 dauert der Sprint nur noch 5,9 Sekunden und die H\u00f6chstgeschwindigkeit betr\u00e4gt 249 km\/h. Diese Zahlen beziehen sich auf die Limousinen mit Schaltgetriebe, die Kombis waren nur geringf\u00fcgig langsamer, und mit Automatik war man sogar etwas langsamer, aber der Unterschied war nicht gro\u00df.<\/p>\n<div class=\"galery shuffle galery-1\">\n<figure>\n\t\t\t\t\t<span style=\"cursor: pointer\" data-src=\"https:\/\/autorai.nl\/wp-content\/uploads\/2023\/08\/Audi-S6-Avant-1.jpg\" data-fancybox=\"galery-1\" title=\"\"><br \/>\n\t\t\t\t\t\t\t<img decoding=\"async\" width=\"640\" height=\"480\" src=\"https:\/\/autorai.nl\/wp-content\/uploads\/2023\/08\/Audi-S6-Avant-1-640x480.jpg\" class=\"attachment-medium size-medium\" alt=\"\" loading=\"lazy\"><i class=\"fa fa-search-plus\" aria-hidden=\"true\"><\/i><br \/>\n\t\t\t\t\t\t<\/span><br \/>\n\t\t\t\t\t<\/figure>\n<figure>\n\t\t\t\t\t<span style=\"cursor: pointer\" data-src=\"https:\/\/autorai.nl\/wp-content\/uploads\/2023\/08\/Audi-S6-Avant-2.jpg\" data-fancybox=\"galery-1\" title=\"\"><br \/>\n\t\t\t\t\t\t\t<img decoding=\"async\" width=\"360\" height=\"270\" src=\"https:\/\/autorai.nl\/wp-content\/uploads\/2023\/08\/Audi-S6-Avant-2-360x270.jpg\" class=\"attachment-small size-small\" alt=\"\" loading=\"lazy\"><i class=\"fa fa-search-plus\" aria-hidden=\"true\"><\/i><br \/>\n\t\t\t\t\t\t<\/span><br \/>\n\t\t\t\t\t<\/figure>\n<figure>\n\t\t\t\t\t<span style=\"cursor: pointer\" data-src=\"https:\/\/autorai.nl\/wp-content\/uploads\/2023\/08\/Audi-S6-Avant-3-1600x1200.jpg\" data-fancybox=\"galery-1\" title=\"\"><br \/>\n\t\t\t\t\t\t\t<img decoding=\"async\" width=\"360\" height=\"270\" src=\"https:\/\/autorai.nl\/wp-content\/uploads\/2023\/08\/Audi-S6-Avant-3-360x270.jpg\" class=\"attachment-small size-small\" alt=\"\" loading=\"lazy\"><i class=\"fa fa-search-plus\" aria-hidden=\"true\"><\/i><br \/>\n\t\t\t\t\t\t<\/span><br \/>\n\t\t\t\t\t<\/figure>\n<div class=\"clear\"><\/div>\n<\/div>\n<h2><strong>Das Nonplusultra: Audi S6 Avant Plus<\/strong><\/h2>\n<p>1996 erschien das sportliche Spitzenmodell: das Plus, das nur f\u00fcr den Avant erh\u00e4ltlich war. Dabei wurde die Leistung des V8 auf 240 kW (326 PS) angehoben, was eine Zeit von 0-100 in 5,7 Sekunden und eine H\u00f6chstgeschwindigkeit von 250 km\/h erm\u00f6glicht. Der Audi S6 Avant Plus war auch das sportliche Spitzenmodell der gesamten A6-Baureihe, denn den RS6 gab es damals noch nicht. Im Jahr 1997 wurde eine neue Generation des Audi A6 eingef\u00fchrt und 1999 gab es einen neuen S6. Im Jahr 2002 gab es erstmals auch einen RS6.<\/p>\n<h2><strong>Das gefleckte Exemplar<\/strong><\/h2>\n<p>In Hoorn entdeckten wir diesen Audi S6 4.2 Avant aus dem Jahr 1997 in seiner charakteristischen hellblauen Farbe. Das Auto befindet sich seit 2001 in den Niederlanden und der jetzige Besitzer f\u00e4hrt es seit 2020 herum. Er oder ein Vorbesitzer hat den Wagen mit nicht originalen R\u00e4dern ausgestattet. Einerseits ist es schade um die Originalit\u00e4t, aber wir finden, dass das neue Set gut aussieht. Ansonsten sieht der Audi gepflegt aus, als sei er erst ein paar Jahre alt, statt schon 26&#8230;<\/p>\n<div class=\"galery galery-2\">\n<figure>\n\t\t\t\t\t<span style=\"cursor: pointer\" data-src=\"https:\/\/autorai.nl\/wp-content\/uploads\/2023\/08\/AutoRAI-Gespot-Audi-S6-Avant-1-1600x1200.jpg\" data-fancybox=\"galery-2\" title=\"\"><br \/>\n\t\t\t\t\t\t\t<img decoding=\"async\" width=\"360\" height=\"270\" src=\"https:\/\/autorai.nl\/wp-content\/uploads\/2023\/08\/AutoRAI-Gespot-Audi-S6-Avant-1-360x270.jpg\" class=\"attachment-small size-small\" alt=\"\" loading=\"lazy\"><i class=\"fa fa-search-plus\" aria-hidden=\"true\"><\/i><br \/>\n\t\t\t\t\t\t<\/span><br \/>\n\t\t\t\t\t<\/figure>\n<figure>\n\t\t\t\t\t<span style=\"cursor: pointer\" data-src=\"https:\/\/autorai.nl\/wp-content\/uploads\/2023\/08\/AutoRAI-Gespot-Audi-S6-Avant-2-1600x1200.jpg\" data-fancybox=\"galery-2\" title=\"\"><br \/>\n\t\t\t\t\t\t\t<img decoding=\"async\" width=\"360\" height=\"270\" src=\"https:\/\/autorai.nl\/wp-content\/uploads\/2023\/08\/AutoRAI-Gespot-Audi-S6-Avant-2-360x270.jpg\" class=\"attachment-small size-small\" alt=\"\" loading=\"lazy\"><i class=\"fa fa-search-plus\" aria-hidden=\"true\"><\/i><br \/>\n\t\t\t\t\t\t<\/span><br \/>\n\t\t\t\t\t<\/figure>\n<div class=\"clear\"><\/div>\n<\/div>\n","protected":false},"excerpt":{"rendered":"Nennen Sie einen sportlichen Kombi? Es gibt nat\u00fcrlich mehrere m\u00f6gliche Antworten, aber die Chancen stehen gut, dass Sie den Audi&hellip;","protected":false},"author":0,"featured_media":138411,"comment_status":"","ping_status":"open","sticky":false,"template":"","format":"standard","meta":{"footnotes":""},"categories":[125,174],"tags":[],"class_list":["post-138419","post","type-post","status-publish","format-standard","has-post-thumbnail","hentry","category-auto-nachrichten","category-spas"],"acf":[],"yoast_head":"<!-- This site is optimized with the Yoast SEO plugin v21.2 - https:\/\/yoast.com\/wordpress\/plugins\/seo\/ -->\n<title>Gesichtet: der erste Audi S6 Avant - All cars news<\/title>\n<meta name=\"robots\" content=\"index, follow, max-snippet:-1, max-image-preview:large, max-video-preview:-1\" \/>\n<link rel=\"canonical\" href=\"https:\/\/all-car-news.com\/de\/gesichtet-der-erste-audi-s6-avant\/\" \/>\n<meta property=\"og:locale\" content=\"de_DE\" \/>\n<meta property=\"og:type\" content=\"article\" \/>\n<meta property=\"og:title\" content=\"Gesichtet: der erste Audi S6 Avant - All cars news\" \/>\n<meta property=\"og:description\" content=\"Nennen Sie einen sportlichen Kombi? Es gibt nat\u00fcrlich mehrere m\u00f6gliche Antworten, aber die Chancen stehen gut, dass Sie den Audi RS6 Avant erw\u00e4hnt haben. Es handelt sich also um eines der beliebtesten Modelle. Selbst hier in den Niederlanden sieht man noch h\u00e4ufig einen RS6 Avant fahren. Kennen Sie aber auch (noch) seinen entfernten Vorg\u00e4nger? Das [\u2026]\" \/>\n<meta property=\"og:url\" content=\"https:\/\/all-car-news.com\/de\/gesichtet-der-erste-audi-s6-avant\/\" \/>\n<meta property=\"og:site_name\" content=\"All cars news\" \/>\n<meta property=\"article:published_time\" content=\"2023-08-25T15:15:00+00:00\" \/>\n<meta property=\"og:image\" content=\"https:\/\/autorai.nl\/wp-content\/uploads\/2023\/08\/Audi-S2-640x480.jpg\" \/>\n<meta name=\"twitter:card\" content=\"summary_large_image\" \/>\n<meta name=\"twitter:label1\" content=\"Gesch\u00e4tzte Lesezeit\" \/>\n\t<meta name=\"twitter:data1\" content=\"3\u00a0Minuten\" \/>\n<script type=\"application\/ld+json\" class=\"yoast-schema-graph\">{\"@context\":\"https:\/\/schema.org\",\"@graph\":[{\"@type\":\"Article\",\"@id\":\"https:\/\/all-car-news.com\/de\/gesichtet-der-erste-audi-s6-avant\/#article\",\"isPartOf\":{\"@id\":\"https:\/\/all-car-news.com\/de\/gesichtet-der-erste-audi-s6-avant\/\"},\"author\":{\"name\":\"\",\"@id\":\"\"},\"headline\":\"Gesichtet: der erste Audi S6 Avant\",\"datePublished\":\"2023-08-25T15:15:00+00:00\",\"dateModified\":\"2023-08-25T15:15:00+00:00\",\"mainEntityOfPage\":{\"@id\":\"https:\/\/all-car-news.com\/de\/gesichtet-der-erste-audi-s6-avant\/\"},\"wordCount\":609,\"publisher\":{\"@id\":\"https:\/\/all-car-news.com\/de\/#organization\"},\"articleSection\":[\"Auto Nachrichten\",\"Spa\u00df\"],\"inLanguage\":\"de\"},{\"@type\":\"WebPage\",\"@id\":\"https:\/\/all-car-news.com\/de\/gesichtet-der-erste-audi-s6-avant\/\",\"url\":\"https:\/\/all-car-news.com\/de\/gesichtet-der-erste-audi-s6-avant\/\",\"name\":\"Gesichtet: der erste Audi S6 Avant - All cars news\",\"isPartOf\":{\"@id\":\"https:\/\/all-car-news.com\/de\/#website\"},\"datePublished\":\"2023-08-25T15:15:00+00:00\",\"dateModified\":\"2023-08-25T15:15:00+00:00\",\"breadcrumb\":{\"@id\":\"https:\/\/all-car-news.com\/de\/gesichtet-der-erste-audi-s6-avant\/#breadcrumb\"},\"inLanguage\":\"de\",\"potentialAction\":[{\"@type\":\"ReadAction\",\"target\":[\"https:\/\/all-car-news.com\/de\/gesichtet-der-erste-audi-s6-avant\/\"]}]},{\"@type\":\"BreadcrumbList\",\"@id\":\"https:\/\/all-car-news.com\/de\/gesichtet-der-erste-audi-s6-avant\/#breadcrumb\",\"itemListElement\":[{\"@type\":\"ListItem\",\"position\":1,\"name\":\"Home\",\"item\":\"https:\/\/all-car-news.com\/de\/\"},{\"@type\":\"ListItem\",\"position\":2,\"name\":\"Gesichtet: der erste Audi S6 Avant\"}]},{\"@type\":\"WebSite\",\"@id\":\"https:\/\/all-car-news.com\/de\/#website\",\"url\":\"https:\/\/all-car-news.com\/de\/\",\"name\":\"All cars news\",\"description\":\"\",\"publisher\":{\"@id\":\"https:\/\/all-car-news.com\/de\/#organization\"},\"potentialAction\":[{\"@type\":\"SearchAction\",\"target\":{\"@type\":\"EntryPoint\",\"urlTemplate\":\"https:\/\/all-car-news.com\/de\/?s={search_term_string}\"},\"query-input\":\"required name=search_term_string\"}],\"inLanguage\":\"de\"},{\"@type\":\"Organization\",\"@id\":\"https:\/\/all-car-news.com\/de\/#organization\",\"name\":\"All cars news\",\"url\":\"https:\/\/all-car-news.com\/de\/\",\"logo\":{\"@type\":\"ImageObject\",\"inLanguage\":\"de\",\"@id\":\"https:\/\/all-car-news.com\/de\/#\/schema\/logo\/image\/\",\"url\":\"https:\/\/all-car-news.com\/wp-content\/uploads\/2022\/02\/CMYK-AllCarNews_LANDSCAPE_300px-1.png\",\"contentUrl\":\"https:\/\/all-car-news.com\/wp-content\/uploads\/2022\/02\/CMYK-AllCarNews_LANDSCAPE_300px-1.png\",\"width\":300,\"height\":100,\"caption\":\"All cars news\"},\"image\":{\"@id\":\"https:\/\/all-car-news.com\/de\/#\/schema\/logo\/image\/\"}}]}<\/script>\n<!-- \/ Yoast SEO plugin. -->","yoast_head_json":{"title":"Gesichtet: der erste Audi S6 Avant - All cars news","robots":{"index":"index","follow":"follow","max-snippet":"max-snippet:-1","max-image-preview":"max-image-preview:large","max-video-preview":"max-video-preview:-1"},"canonical":"https:\/\/all-car-news.com\/de\/gesichtet-der-erste-audi-s6-avant\/","og_locale":"de_DE","og_type":"article","og_title":"Gesichtet: der erste Audi S6 Avant - All cars news","og_description":"Nennen Sie einen sportlichen Kombi? Es gibt nat\u00fcrlich mehrere m\u00f6gliche Antworten, aber die Chancen stehen gut, dass Sie den Audi RS6 Avant erw\u00e4hnt haben. Es handelt sich also um eines der beliebtesten Modelle. Selbst hier in den Niederlanden sieht man noch h\u00e4ufig einen RS6 Avant fahren. Kennen Sie aber auch (noch) seinen entfernten Vorg\u00e4nger? Das [\u2026]","og_url":"https:\/\/all-car-news.com\/de\/gesichtet-der-erste-audi-s6-avant\/","og_site_name":"All cars news","article_published_time":"2023-08-25T15:15:00+00:00","og_image":[{"url":"https:\/\/autorai.nl\/wp-content\/uploads\/2023\/08\/Audi-S2-640x480.jpg"}],"twitter_card":"summary_large_image","twitter_misc":{"Gesch\u00e4tzte Lesezeit":"3\u00a0Minuten"},"schema":{"@context":"https:\/\/schema.org","@graph":[{"@type":"Article","@id":"https:\/\/all-car-news.com\/de\/gesichtet-der-erste-audi-s6-avant\/#article","isPartOf":{"@id":"https:\/\/all-car-news.com\/de\/gesichtet-der-erste-audi-s6-avant\/"},"author":{"name":"","@id":""},"headline":"Gesichtet: der erste Audi S6 Avant","datePublished":"2023-08-25T15:15:00+00:00","dateModified":"2023-08-25T15:15:00+00:00","mainEntityOfPage":{"@id":"https:\/\/all-car-news.com\/de\/gesichtet-der-erste-audi-s6-avant\/"},"wordCount":609,"publisher":{"@id":"https:\/\/all-car-news.com\/de\/#organization"},"articleSection":["Auto Nachrichten","Spa\u00df"],"inLanguage":"de"},{"@type":"WebPage","@id":"https:\/\/all-car-news.com\/de\/gesichtet-der-erste-audi-s6-avant\/","url":"https:\/\/all-car-news.com\/de\/gesichtet-der-erste-audi-s6-avant\/","name":"Gesichtet: der erste Audi S6 Avant - All cars news","isPartOf":{"@id":"https:\/\/all-car-news.com\/de\/#website"},"datePublished":"2023-08-25T15:15:00+00:00","dateModified":"2023-08-25T15:15:00+00:00","breadcrumb":{"@id":"https:\/\/all-car-news.com\/de\/gesichtet-der-erste-audi-s6-avant\/#breadcrumb"},"inLanguage":"de","potentialAction":[{"@type":"ReadAction","target":["https:\/\/all-car-news.com\/de\/gesichtet-der-erste-audi-s6-avant\/"]}]},{"@type":"BreadcrumbList","@id":"https:\/\/all-car-news.com\/de\/gesichtet-der-erste-audi-s6-avant\/#breadcrumb","itemListElement":[{"@type":"ListItem","position":1,"name":"Home","item":"https:\/\/all-car-news.com\/de\/"},{"@type":"ListItem","position":2,"name":"Gesichtet: der erste Audi S6 Avant"}]},{"@type":"WebSite","@id":"https:\/\/all-car-news.com\/de\/#website","url":"https:\/\/all-car-news.com\/de\/","name":"All cars news","description":"","publisher":{"@id":"https:\/\/all-car-news.com\/de\/#organization"},"potentialAction":[{"@type":"SearchAction","target":{"@type":"EntryPoint","urlTemplate":"https:\/\/all-car-news.com\/de\/?s={search_term_string}"},"query-input":"required name=search_term_string"}],"inLanguage":"de"},{"@type":"Organization","@id":"https:\/\/all-car-news.com\/de\/#organization","name":"All cars news","url":"https:\/\/all-car-news.com\/de\/","logo":{"@type":"ImageObject","inLanguage":"de","@id":"https:\/\/all-car-news.com\/de\/#\/schema\/logo\/image\/","url":"https:\/\/all-car-news.com\/wp-content\/uploads\/2022\/02\/CMYK-AllCarNews_LANDSCAPE_300px-1.png","contentUrl":"https:\/\/all-car-news.com\/wp-content\/uploads\/2022\/02\/CMYK-AllCarNews_LANDSCAPE_300px-1.png","width":300,"height":100,"caption":"All cars news"},"image":{"@id":"https:\/\/all-car-news.com\/de\/#\/schema\/logo\/image\/"}}]}},"_links":{"self":[{"href":"https:\/\/all-car-news.com\/de\/wp-json\/wp\/v2\/posts\/138419","targetHints":{"allow":["GET"]}}],"collection":[{"href":"https:\/\/all-car-news.com\/de\/wp-json\/wp\/v2\/posts"}],"about":[{"href":"https:\/\/all-car-news.com\/de\/wp-json\/wp\/v2\/types\/post"}],"replies":[{"embeddable":true,"href":"https:\/\/all-car-news.com\/de\/wp-json\/wp\/v2\/comments?post=138419"}],"version-history":[{"count":0,"href":"https:\/\/all-car-news.com\/de\/wp-json\/wp\/v2\/posts\/138419\/revisions"}],"wp:featuredmedia":[{"embeddable":true,"href":"https:\/\/all-car-news.com\/de\/wp-json\/wp\/v2\/media\/138411"}],"wp:attachment":[{"href":"https:\/\/all-car-news.com\/de\/wp-json\/wp\/v2\/media?parent=138419"}],"wp:term":[{"taxonomy":"category","embeddable":true,"href":"https:\/\/all-car-news.com\/de\/wp-json\/wp\/v2\/categories?post=138419"},{"taxonomy":"post_tag","embeddable":true,"href":"https:\/\/all-car-news.com\/de\/wp-json\/wp\/v2\/tags?post=138419"}],"curies":[{"name":"wp","href":"https:\/\/api.w.org\/{rel}","templated":true}]}}