{"id":138378,"date":"2023-08-25T13:18:31","date_gmt":"2023-08-25T13:18:31","guid":{"rendered":"https:\/\/all-car-news.com\/volkswagen-california-concept-neue-generation-bus-camper\/"},"modified":"2023-08-25T13:18:31","modified_gmt":"2023-08-25T13:18:31","slug":"volkswagen-california-concept-neue-generation-bus-camper","status":"publish","type":"post","link":"https:\/\/all-car-news.com\/de\/volkswagen-california-concept-neue-generation-bus-camper\/","title":{"rendered":"Volkswagen California Concept: neue Generation Bus-Camper"},"content":{"rendered":"<h2>Stehh\u00f6he von zwei Metern<\/h2>\n<p>Ein Volkswagen Bus-Camper ist nur dann ein California, wenn er mit einem Hubdach mit einer Stehh\u00f6he von zwei Metern ausgestattet ist. Dieses Element wurde bei allen Generationen seit 1988 verwendet &#8211; vom ersten California T3 bis zum heutigen California 6.1. Deshalb verf\u00fcgt der California Concept auch \u00fcber das markante Hubdach. Bei allen Traditionen macht das Studienmodell gro\u00dfe Fortschritte in Bezug auf Zukunftssicherheit und Entwicklung. So verf\u00fcgt das California Concept \u00fcber einen Plug-in-Hybrid-Antriebsstrang. Die M\u00f6glichkeit, elektrisch zu fahren, bildet eine Br\u00fccke zu einer Welt, in der nachhaltige Mobilit\u00e4t im Mittelpunkt steht. Die Entscheidung f\u00fcr einen Plug-in-Hybrid-Antrieb bietet auch eine gr\u00f6\u00dfere Reichweite bei langen Fahrten.  <\/p>\n<h2>Leben in der Wildnis<\/h2>\n<p>Der Wohn- und K\u00fcchenbereich des Volkswagen California Concept wurde komplett neu gestaltet. Zum ersten Mal gibt es auch eine Schiebet\u00fcr auf der K\u00fcchenseite. Dies erm\u00f6glicht eine vielseitige Nutzung des Raums rund um das Wohnmobil und verleiht dem Camping in der freien Natur buchst\u00e4blich eine neue Dimension. Fr\u00fcher basierten alle California-Modelle auf der Transporter-Baureihe, wobei der K\u00fcchenbereich bis zur B-S\u00e4ule der linken Seite reichte und nur eine Schiebet\u00fcr auf der rechten Seite als Haupteingang diente. Die klappbaren Campingst\u00fchle, der Klapptisch und das Vorzelt wurden daher immer auf der rechten Seite des Wohnmobils montiert. Dank einer zus\u00e4tzlichen Schiebet\u00fcr auf der linken Seite des Volkswagen California Concept und weil der K\u00fcchenbereich nun weiter hinten im Innenraum liegt, kann die linke Seite des Vans beim Camping ge\u00f6ffnet werden. Damit ist der zuk\u00fcnftige California als Reisemobil vielseitiger denn je. Der California Concept ist mit einer Markise auf der linken Seite und einem Sonnenschirm auf der rechten Seite ausgestattet, die beide Seiten des Wohnmobils vor Sonne und Regen sch\u00fctzen.<\/p>\n<figure class=\"wp-block-image size-content\"><img decoding=\"async\" loading=\"lazy\" width=\"1140\" height=\"760\" src=\"https:\/\/autorai.nl\/wp-content\/uploads\/2023\/08\/volkswagen-california-concept-foto3-1140x760.jpg\" alt=\"Volkswagen California Konzept\" class=\"wp-image-165185\"><\/figure>\n<h2>Durchdachtes Drei-Zonen-Konzept<\/h2>\n<p>Mit dem California CONCEPT stellt Volkswagen Nutzfahrzeuge erstmals ein Drei-Zonen-Konzept vor. Dies bietet verschiedene Au\u00dfen- und Innenszenarien f\u00fcr den t\u00e4glichen Gebrauch und erh\u00f6ht die Nutzbarkeit des California erheblich.&nbsp;<\/p>\n<h2>Zone 1 (im Freien)<\/h2>\n<p>Die Schiebet\u00fcr auf der rechten Seite des Reisemobils schafft eine sichere Ein- und Ausstiegsm\u00f6glichkeit auf der Gehwegseite, wie beim aktuellen California 6.1. Das macht auch das Be- und Entladen einfach und sicher. Wenn Sie auf dem Campingplatz ankommen, verwandelt sich dieser Bereich dank des mitgelieferten Sonnenschirms ganz einfach in ein Zelt mit offenen Seiten, was das Gef\u00fchl, in der freien Natur zu leben, noch verst\u00e4rkt.<\/p>\n<h2>Zone 2 (in Innenr\u00e4umen)<\/h2>\n<p>Hinter den h\u00f6henverstellbaren Vordersitzen &#8211; die nat\u00fcrlich um 180 Grad drehbar sind &#8211; verbirgt sich ein durchdachter Fahrgastraum f\u00fcr den t\u00e4glichen Gebrauch, der sich am flexiblen Innenraum des Multivan orientiert. Dieser ist mit Einzelsitzen ausgestattet, die leicht, abnehmbar und sehr bequem sind. Dank dieser variablen Sitzgelegenheit k\u00f6nnen Boards und Fahrr\u00e4der nun bequem transportiert werden. Bei der Nutzung als Wohnmobil kann die Sitzgruppe des California CONCEPT schnell in eine ebene Fl\u00e4che zum Entspannen oder in eine Sitzgelegenheit f\u00fcr gemeinsame Mahlzeiten oder Spiele umgewandelt werden. Im California CONCEPT weicht die robuste R\u00fcckbank des California 6.1 einer variablen, individuell teilbaren R\u00fcckbank mit Schlaffunktion. Die Sitze sind mit einem strapazierf\u00e4higen und griffsympathischen Stoff im M\u00e9lange-Design bezogen.<\/p>\n<h2>Zone 3 (im Freien)<\/h2>\n<p>Durch die zus\u00e4tzliche Schiebet\u00fcr auf der Fahrerseite und das neu konzipierte Konzept f\u00fcr die Platzierung der K\u00fcchenzeile und des Vorzeltes entsteht auf der linken Seite des Kastenwagens ein neuartiger Au\u00dfenraum. F\u00fcr den t\u00e4glichen Gebrauch bietet die zweite Schiebet\u00fcr eine zus\u00e4tzliche Ein- und Ausstiegsm\u00f6glichkeit oder eine zus\u00e4tzliche Ladem\u00f6glichkeit f\u00fcr zu Hause oder im Supermarkt. Beim Camping dient dieser Bereich auch als separater Raum zum Kochen, Essen und f\u00fcr lange Sommerabende unter dem Vorzelt. Die Zone entsteht, weil die K\u00fcche &#8211; einschlie\u00dflich Sp\u00fcle, Induktionskochfeld und K\u00fchlschrank &#8211; nun von au\u00dfen zug\u00e4nglich ist.  <\/p>\n<p>Neben dem 230-Volt-Induktionskochfeld gibt es auch einen integrierten Gaskocher, wie bei den vorherigen Generationen des California. Eine 230-Volt-Steckdose an der Au\u00dfenseite der K\u00fcche und ein externer Klapptisch runden das unbeschwerte Campingleben ab. Ein weiteres Highlight ist der kompakte Grill, der sich in der K\u00fcchenzeile verstauen und auch leicht ausfahren l\u00e4sst. Wie im Grand California auf Basis des Volkswagen Crafter bietet auch der K\u00fchlschrank im California Concept praktische Vorteile, denn er ist von au\u00dfen zug\u00e4nglich und verf\u00fcgt \u00fcber eine Schublade. So steht das Fr\u00fchst\u00fcck im Handumdrehen auf dem Tisch. Au\u00dferdem k\u00f6nnen frische Produkte direkt aus dem Einkaufswagen in den K\u00fchlschrank geladen werden. Fest steht: Das Drei-Zonen-Konzept macht den California jetzt zu einem noch vielseitigeren Volkswagen Van, sowohl f\u00fcr den t\u00e4glichen Gebrauch als auch f\u00fcr das Camping.<\/p>\n<h2>Intelligente Innenraumgestaltung<\/h2>\n<p>Die Innenausstattung des Studienmodells ist bis ins kleinste Detail durchdacht und bietet eine Vielzahl neuer Funktionen und Vorteile. Das f\u00e4ngt vorne an: Weil der Multivan mit einer elektronischen Parkbremse statt einer Handbremse ausgestattet ist, kann der Raum zwischen Fahrer- und Beifahrersitz viel besser genutzt werden. An der Unterseite der h\u00f6henverstellbaren Drehsitze befinden sich praktische Schubladen, und die dahinter liegenden Einzelsitze bieten zus\u00e4tzlichen Stauraum. Hinter dem Fahrer- oder Beifahrersitz ist nun auch Stauraum f\u00fcr wichtige Dinge, wie zum Beispiel eine herausnehmbare Trockenkomposttoilette, entstanden.  <\/p>\n<p>Oben in den K\u00fcchenschr\u00e4nken hinter dem K\u00fchlschrank ist Platz f\u00fcr alle m\u00f6glichen kleineren Gegenst\u00e4nde. Au\u00dferdem gibt es einen separaten Stauraum unter dem verl\u00e4ngerten Teil des Bettes. Der Innenraum wird durch die rundum dimmbare Beleuchtung im Hintergrund und im Dachstuhl in einen stimmungsvollen Raum verwandelt. Mit einer Reihe von verf\u00fcgbaren Farben kann die Beleuchtung an die individuelle Stimmung der Bewohner angepasst werden. Um auch au\u00dferhalb des Wohnmobils eine angenehme Atmosph\u00e4re zu schaffen, ist die K\u00fcchenzeile mit einer integrierten Tischlampe ausgestattet. F\u00fcr diejenigen, die mehr Licht w\u00fcnschen, sind die Baldachinarme mit einer schaltbaren LED-Beleuchtung ausgestattet.<\/p>\n<h2>Hubdach und hochwertiges Dachbett<\/h2>\n<p>Ein Van-Camper von Volkswagen ohne Hubdach ist undenkbar und der California Concept macht da keine Ausnahme. Das Hubdach besteht aus einer leichten Aluminium-Dachschale und einem dreilagigen Faltenbalg mit gro\u00dfer Panorama\u00f6ffnung an der Front. Gro\u00dfe Fenster an den Seiten bieten die sch\u00f6nste Aussicht. Wie bei allen California-Modellen befindet sich die h\u00f6chste Position f\u00fcr das Hubdach an der Vorderseite. USB-C-Anschl\u00fcsse und LED-Beleuchtung sind im Lieferumfang enthalten. Ein hochwertiges Dachbett mit Federtellern garantiert zudem einen erholsamen Schlaf unter dem Sternenhimmel. Der Klappmechanismus des Hubdachs l\u00e4sst sich \u00fcber das Infotainmentsystem oder \u00fcber ein gekoppeltes Smartphone steuern.  <\/p>\n<h2>Cali auf Tournee<\/h2>\n<p>Es ist auch m\u00f6glich, das im California Concept vorhandene Tablet zu benutzen, das in der N\u00e4he der Schr\u00e4nke an der C-S\u00e4ule angebracht ist. Dieser enth\u00e4lt alle campingrelevanten Funktionen, die \u00fcber den Touchscreen bedient werden k\u00f6nnen. Au\u00dferdem enth\u00e4lt es Informationen \u00fcber den Frisch- und Abwasserstand, die Innenbeleuchtung einschlie\u00dflich der Hintergrundbeleuchtung, den Status der Stromversorgung sowie K\u00fchlschrank und Standheizung. All diese Funktionen k\u00f6nnen auch mit einem gekoppelten Smartphone \u00fcber die App Cali on Tour&#8220; gesteuert werden. Dar\u00fcber hinaus kann \u00fcber das Infotainment-System auch eine Neigungsanzeige zur Nivellierung des Reisemobils aufgerufen werden. Das bereits erw\u00e4hnte Multifunktionstablett schlie\u00dflich liefert nicht nur Informationen \u00fcber das Fahrzeug, sondern sorgt auch f\u00fcr Unterhaltung auf der Stra\u00dfe. Sie kann zum Beispiel an einem Gelenkarm ausgeschwenkt und so positioniert werden, dass sie von jeder Position im Reisemobil aus gut sichtbar ist. Au\u00dferdem l\u00e4sst er sich um 90 Grad drehen, so dass einem unterhaltsamen Abend mit der Lieblingsserie oder dem Lieblingsfilm nichts im Wege steht.<\/p>\n<p>Der California CONCEPT zeigt, dass Volkswagen Nutzfahrzeuge auch in naher Zukunft bereit ist, begeisterte Camper auf all ihren Abenteuern in aller Welt zu begleiten. Ab 2024 wird dies der Fall sein.<\/p>\n<div class=\"galery shuffle galery-0\">\n<figure>\n\t\t\t\t\t<span style=\"cursor: pointer\" data-src=\"https:\/\/autorai.nl\/wp-content\/uploads\/2023\/08\/volkswagen-california-concept-foto2-1600x1067.jpg\" data-fancybox=\"galery-0\" title=\"\"><br \/>\n\t\t\t\t\t\t\t<img decoding=\"async\" width=\"640\" height=\"480\" src=\"https:\/\/autorai.nl\/wp-content\/uploads\/2023\/08\/volkswagen-california-concept-foto2-640x480.jpg\" class=\"attachment-medium size-medium\" alt=\"\" loading=\"lazy\"><i class=\"fa fa-search-plus\" aria-hidden=\"true\"><\/i><br \/>\n\t\t\t\t\t\t<\/span><br \/>\n\t\t\t\t\t<\/figure>\n<figure>\n\t\t\t\t\t<span style=\"cursor: pointer\" data-src=\"https:\/\/autorai.nl\/wp-content\/uploads\/2023\/08\/volkswagen-california-concept-foto18-1-1067x1600.jpg\" data-fancybox=\"galery-0\" title=\"\"><br \/>\n\t\t\t\t\t\t\t<img decoding=\"async\" width=\"360\" height=\"270\" src=\"https:\/\/autorai.nl\/wp-content\/uploads\/2023\/08\/volkswagen-california-concept-foto18-1-360x270.jpg\" class=\"attachment-small size-small\" alt=\"\" loading=\"lazy\"><i class=\"fa fa-search-plus\" aria-hidden=\"true\"><\/i><br \/>\n\t\t\t\t\t\t<\/span><br \/>\n\t\t\t\t\t<\/figure>\n<figure>\n\t\t\t\t\t<span style=\"cursor: pointer\" data-src=\"https:\/\/autorai.nl\/wp-content\/uploads\/2023\/08\/volkswagen-california-concept-foto19-1-1600x1067.jpg\" data-fancybox=\"galery-0\" title=\"\"><br \/>\n\t\t\t\t\t\t\t<img decoding=\"async\" width=\"360\" height=\"270\" src=\"https:\/\/autorai.nl\/wp-content\/uploads\/2023\/08\/volkswagen-california-concept-foto19-1-360x270.jpg\" class=\"attachment-small size-small\" alt=\"\" loading=\"lazy\"><i class=\"fa fa-search-plus\" aria-hidden=\"true\"><\/i><br \/>\n\t\t\t\t\t\t<\/span><br \/>\n\t\t\t\t\t<\/figure>\n<figure>\n\t\t\t\t\t<span style=\"cursor: pointer\" data-src=\"https:\/\/autorai.nl\/wp-content\/uploads\/2023\/08\/volkswagen-california-concept-foto1-1600x900.jpg\" data-fancybox=\"galery-0\" title=\"\"><br \/>\n\t\t\t\t\t\t\t<img decoding=\"async\" width=\"640\" height=\"480\" src=\"https:\/\/autorai.nl\/wp-content\/uploads\/2023\/08\/volkswagen-california-concept-foto1-640x480.jpg\" class=\"attachment-medium size-medium\" alt=\"\" loading=\"lazy\"><i class=\"fa fa-search-plus\" aria-hidden=\"true\"><\/i><br \/>\n\t\t\t\t\t\t<\/span><br \/>\n\t\t\t\t\t<\/figure>\n<figure>\n\t\t\t\t\t<span style=\"cursor: pointer\" data-src=\"https:\/\/autorai.nl\/wp-content\/uploads\/2023\/08\/volkswagen-california-concept-foto23-1600x1067.jpg\" data-fancybox=\"galery-0\" title=\"\"><br \/>\n\t\t\t\t\t\t\t<img decoding=\"async\" width=\"360\" height=\"270\" src=\"https:\/\/autorai.nl\/wp-content\/uploads\/2023\/08\/volkswagen-california-concept-foto23-360x270.jpg\" class=\"attachment-small size-small\" alt=\"\" loading=\"lazy\"><i class=\"fa fa-search-plus\" aria-hidden=\"true\"><\/i><br \/>\n\t\t\t\t\t\t<\/span><br \/>\n\t\t\t\t\t<\/figure>\n<figure>\n\t\t\t\t\t<span style=\"cursor: pointer\" data-src=\"https:\/\/autorai.nl\/wp-content\/uploads\/2023\/08\/volkswagen-california-concept-foto22-1600x1067.jpg\" data-fancybox=\"galery-0\" title=\"\"><br \/>\n\t\t\t\t\t\t\t<img decoding=\"async\" width=\"360\" height=\"270\" src=\"https:\/\/autorai.nl\/wp-content\/uploads\/2023\/08\/volkswagen-california-concept-foto22-360x270.jpg\" class=\"attachment-small size-small\" alt=\"\" loading=\"lazy\"><i class=\"fa fa-search-plus\" aria-hidden=\"true\"><\/i><br \/>\n\t\t\t\t\t\t<\/span><br \/>\n\t\t\t\t\t<\/figure>\n<figure>\n\t\t\t\t\t<span style=\"cursor: pointer\" data-src=\"https:\/\/autorai.nl\/wp-content\/uploads\/2023\/08\/volkswagen-california-concept-foto21-1600x1067.jpg\" data-fancybox=\"galery-0\" title=\"\"><br \/>\n\t\t\t\t\t\t\t<img decoding=\"async\" width=\"640\" height=\"480\" src=\"https:\/\/autorai.nl\/wp-content\/uploads\/2023\/08\/volkswagen-california-concept-foto21-640x480.jpg\" class=\"attachment-medium size-medium\" alt=\"Volkswagen California Konzept\" loading=\"lazy\"><i class=\"fa fa-search-plus\" aria-hidden=\"true\"><\/i><br \/>\n\t\t\t\t\t\t<\/span><br \/>\n\t\t\t\t\t<\/figure>\n<figure>\n\t\t\t\t\t<span style=\"cursor: pointer\" data-src=\"https:\/\/autorai.nl\/wp-content\/uploads\/2023\/08\/volkswagen-california-concept-foto20-1600x1067.jpg\" data-fancybox=\"galery-0\" title=\"\"><br \/>\n\t\t\t\t\t\t\t<img decoding=\"async\" width=\"360\" height=\"270\" src=\"https:\/\/autorai.nl\/wp-content\/uploads\/2023\/08\/volkswagen-california-concept-foto20-360x270.jpg\" class=\"attachment-small size-small\" alt=\"\" loading=\"lazy\"><i class=\"fa fa-search-plus\" aria-hidden=\"true\"><\/i><br \/>\n\t\t\t\t\t\t<\/span><br \/>\n\t\t\t\t\t<\/figure>\n<figure>\n\t\t\t\t\t<span style=\"cursor: pointer\" data-src=\"https:\/\/autorai.nl\/wp-content\/uploads\/2023\/08\/volkswagen-california-concept-foto19-1600x1067.jpg\" data-fancybox=\"galery-0\" title=\"\"><br \/>\n\t\t\t\t\t\t\t<img decoding=\"async\" width=\"360\" height=\"270\" src=\"https:\/\/autorai.nl\/wp-content\/uploads\/2023\/08\/volkswagen-california-concept-foto19-360x270.jpg\" class=\"attachment-small size-small\" alt=\"\" loading=\"lazy\"><i class=\"fa fa-search-plus\" aria-hidden=\"true\"><\/i><br \/>\n\t\t\t\t\t\t<\/span><br \/>\n\t\t\t\t\t<\/figure>\n<figure>\n\t\t\t\t\t<span style=\"cursor: pointer\" data-src=\"https:\/\/autorai.nl\/wp-content\/uploads\/2023\/08\/volkswagen-california-concept-foto18-1067x1600.jpg\" data-fancybox=\"galery-0\" title=\"\"><br \/>\n\t\t\t\t\t\t\t<img decoding=\"async\" width=\"640\" height=\"480\" src=\"https:\/\/autorai.nl\/wp-content\/uploads\/2023\/08\/volkswagen-california-concept-foto18-640x480.jpg\" class=\"attachment-medium size-medium\" alt=\"\" loading=\"lazy\"><i class=\"fa fa-search-plus\" aria-hidden=\"true\"><\/i><br \/>\n\t\t\t\t\t\t<\/span><br \/>\n\t\t\t\t\t<\/figure>\n<figure>\n\t\t\t\t\t<span style=\"cursor: pointer\" data-src=\"https:\/\/autorai.nl\/wp-content\/uploads\/2023\/08\/volkswagen-california-concept-foto17-1600x1067.jpg\" data-fancybox=\"galery-0\" title=\"\"><br \/>\n\t\t\t\t\t\t\t<img decoding=\"async\" width=\"360\" height=\"270\" src=\"https:\/\/autorai.nl\/wp-content\/uploads\/2023\/08\/volkswagen-california-concept-foto17-360x270.jpg\" class=\"attachment-small size-small\" alt=\"\" loading=\"lazy\"><i class=\"fa fa-search-plus\" aria-hidden=\"true\"><\/i><br \/>\n\t\t\t\t\t\t<\/span><br \/>\n\t\t\t\t\t<\/figure>\n<figure>\n\t\t\t\t\t<span style=\"cursor: pointer\" data-src=\"https:\/\/autorai.nl\/wp-content\/uploads\/2023\/08\/volkswagen-california-concept-foto16-1600x1067.jpg\" data-fancybox=\"galery-0\" title=\"\"><br \/>\n\t\t\t\t\t\t\t<img decoding=\"async\" width=\"360\" height=\"270\" src=\"https:\/\/autorai.nl\/wp-content\/uploads\/2023\/08\/volkswagen-california-concept-foto16-360x270.jpg\" class=\"attachment-small size-small\" alt=\"\" loading=\"lazy\"><i class=\"fa fa-search-plus\" aria-hidden=\"true\"><\/i><br \/>\n\t\t\t\t\t\t<\/span><br \/>\n\t\t\t\t\t<\/figure>\n<figure>\n\t\t\t\t\t<span style=\"cursor: pointer\" data-src=\"https:\/\/autorai.nl\/wp-content\/uploads\/2023\/08\/volkswagen-california-concept-foto15-1600x1067.jpg\" data-fancybox=\"galery-0\" title=\"\"><br \/>\n\t\t\t\t\t\t\t<img decoding=\"async\" width=\"640\" height=\"480\" src=\"https:\/\/autorai.nl\/wp-content\/uploads\/2023\/08\/volkswagen-california-concept-foto15-640x480.jpg\" class=\"attachment-medium size-medium\" alt=\"\" loading=\"lazy\"><i class=\"fa fa-search-plus\" aria-hidden=\"true\"><\/i><br \/>\n\t\t\t\t\t\t<\/span><br \/>\n\t\t\t\t\t<\/figure>\n<figure>\n\t\t\t\t\t<span style=\"cursor: pointer\" data-src=\"https:\/\/autorai.nl\/wp-content\/uploads\/2023\/08\/volkswagen-california-concept-foto14-1600x1067.jpg\" data-fancybox=\"galery-0\" title=\"\"><br \/>\n\t\t\t\t\t\t\t<img decoding=\"async\" width=\"360\" height=\"270\" src=\"https:\/\/autorai.nl\/wp-content\/uploads\/2023\/08\/volkswagen-california-concept-foto14-360x270.jpg\" class=\"attachment-small size-small\" alt=\"\" loading=\"lazy\"><i class=\"fa fa-search-plus\" aria-hidden=\"true\"><\/i><br \/>\n\t\t\t\t\t\t<\/span><br \/>\n\t\t\t\t\t<\/figure>\n<figure>\n\t\t\t\t\t<span style=\"cursor: pointer\" data-src=\"https:\/\/autorai.nl\/wp-content\/uploads\/2023\/08\/volkswagen-california-concept-foto13-1600x1067.jpg\" data-fancybox=\"galery-0\" title=\"\"><br \/>\n\t\t\t\t\t\t\t<img decoding=\"async\" width=\"360\" height=\"270\" src=\"https:\/\/autorai.nl\/wp-content\/uploads\/2023\/08\/volkswagen-california-concept-foto13-360x270.jpg\" class=\"attachment-small size-small\" alt=\"\" loading=\"lazy\"><i class=\"fa fa-search-plus\" aria-hidden=\"true\"><\/i><br \/>\n\t\t\t\t\t\t<\/span><br \/>\n\t\t\t\t\t<\/figure>\n<figure>\n\t\t\t\t\t<span style=\"cursor: pointer\" data-src=\"https:\/\/autorai.nl\/wp-content\/uploads\/2023\/08\/volkswagen-california-concept-foto12-1600x1067.jpg\" data-fancybox=\"galery-0\" title=\"\"><br \/>\n\t\t\t\t\t\t\t<img decoding=\"async\" width=\"640\" height=\"480\" src=\"https:\/\/autorai.nl\/wp-content\/uploads\/2023\/08\/volkswagen-california-concept-foto12-640x480.jpg\" class=\"attachment-medium size-medium\" alt=\"\" loading=\"lazy\"><i class=\"fa fa-search-plus\" aria-hidden=\"true\"><\/i><br \/>\n\t\t\t\t\t\t<\/span><br \/>\n\t\t\t\t\t<\/figure>\n<figure>\n\t\t\t\t\t<span style=\"cursor: pointer\" data-src=\"https:\/\/autorai.nl\/wp-content\/uploads\/2023\/08\/volkswagen-california-concept-foto11-1600x1067.jpg\" data-fancybox=\"galery-0\" title=\"\"><br \/>\n\t\t\t\t\t\t\t<img decoding=\"async\" width=\"360\" height=\"270\" src=\"https:\/\/autorai.nl\/wp-content\/uploads\/2023\/08\/volkswagen-california-concept-foto11-360x270.jpg\" class=\"attachment-small size-small\" alt=\"\" loading=\"lazy\"><i class=\"fa fa-search-plus\" aria-hidden=\"true\"><\/i><br \/>\n\t\t\t\t\t\t<\/span><br \/>\n\t\t\t\t\t<\/figure>\n<figure>\n\t\t\t\t\t<span style=\"cursor: pointer\" data-src=\"https:\/\/autorai.nl\/wp-content\/uploads\/2023\/08\/volkswagen-california-concept-foto10-1600x1067.jpg\" data-fancybox=\"galery-0\" title=\"\"><br \/>\n\t\t\t\t\t\t\t<img decoding=\"async\" width=\"360\" height=\"270\" src=\"https:\/\/autorai.nl\/wp-content\/uploads\/2023\/08\/volkswagen-california-concept-foto10-360x270.jpg\" class=\"attachment-small size-small\" alt=\"\" loading=\"lazy\"><i class=\"fa fa-search-plus\" aria-hidden=\"true\"><\/i><br \/>\n\t\t\t\t\t\t<\/span><br \/>\n\t\t\t\t\t<\/figure>\n<figure>\n\t\t\t\t\t<span style=\"cursor: pointer\" data-src=\"https:\/\/autorai.nl\/wp-content\/uploads\/2023\/08\/volkswagen-california-concept-foto9-1600x1067.jpg\" data-fancybox=\"galery-0\" title=\"\"><br \/>\n\t\t\t\t\t\t\t<img decoding=\"async\" width=\"640\" height=\"480\" src=\"https:\/\/autorai.nl\/wp-content\/uploads\/2023\/08\/volkswagen-california-concept-foto9-640x480.jpg\" class=\"attachment-medium size-medium\" alt=\"\" loading=\"lazy\"><i class=\"fa fa-search-plus\" aria-hidden=\"true\"><\/i><br \/>\n\t\t\t\t\t\t<\/span><br \/>\n\t\t\t\t\t<\/figure>\n<figure>\n\t\t\t\t\t<span style=\"cursor: pointer\" data-src=\"https:\/\/autorai.nl\/wp-content\/uploads\/2023\/08\/volkswagen-california-concept-foto8-1600x1067.jpg\" data-fancybox=\"galery-0\" title=\"\"><br \/>\n\t\t\t\t\t\t\t<img decoding=\"async\" width=\"360\" height=\"270\" src=\"https:\/\/autorai.nl\/wp-content\/uploads\/2023\/08\/volkswagen-california-concept-foto8-360x270.jpg\" class=\"attachment-small size-small\" alt=\"\" loading=\"lazy\"><i class=\"fa fa-search-plus\" aria-hidden=\"true\"><\/i><br \/>\n\t\t\t\t\t\t<\/span><br \/>\n\t\t\t\t\t<\/figure>\n<figure>\n\t\t\t\t\t<span style=\"cursor: pointer\" data-src=\"https:\/\/autorai.nl\/wp-content\/uploads\/2023\/08\/volkswagen-california-concept-foto7-1600x1067.jpg\" data-fancybox=\"galery-0\" title=\"\"><br \/>\n\t\t\t\t\t\t\t<img decoding=\"async\" width=\"360\" height=\"270\" src=\"https:\/\/autorai.nl\/wp-content\/uploads\/2023\/08\/volkswagen-california-concept-foto7-360x270.jpg\" class=\"attachment-small size-small\" alt=\"\" loading=\"lazy\"><i class=\"fa fa-search-plus\" aria-hidden=\"true\"><\/i><br \/>\n\t\t\t\t\t\t<\/span><br \/>\n\t\t\t\t\t<\/figure>\n<figure>\n\t\t\t\t\t<span style=\"cursor: pointer\" data-src=\"https:\/\/autorai.nl\/wp-content\/uploads\/2023\/08\/volkswagen-california-concept-foto6-1600x1067.jpg\" data-fancybox=\"galery-0\" title=\"\"><br \/>\n\t\t\t\t\t\t\t<img decoding=\"async\" width=\"640\" height=\"480\" src=\"https:\/\/autorai.nl\/wp-content\/uploads\/2023\/08\/volkswagen-california-concept-foto6-640x480.jpg\" class=\"attachment-medium size-medium\" alt=\"\" loading=\"lazy\"><i class=\"fa fa-search-plus\" aria-hidden=\"true\"><\/i><br \/>\n\t\t\t\t\t\t<\/span><br \/>\n\t\t\t\t\t<\/figure>\n<figure>\n\t\t\t\t\t<span style=\"cursor: pointer\" data-src=\"https:\/\/autorai.nl\/wp-content\/uploads\/2023\/08\/volkswagen-california-concept-foto5-1600x1067.jpg\" data-fancybox=\"galery-0\" title=\"\"><br \/>\n\t\t\t\t\t\t\t<img decoding=\"async\" width=\"360\" height=\"270\" src=\"https:\/\/autorai.nl\/wp-content\/uploads\/2023\/08\/volkswagen-california-concept-foto5-360x270.jpg\" class=\"attachment-small size-small\" alt=\"\" loading=\"lazy\"><i class=\"fa fa-search-plus\" aria-hidden=\"true\"><\/i><br \/>\n\t\t\t\t\t\t<\/span><br \/>\n\t\t\t\t\t<\/figure>\n<figure>\n\t\t\t\t\t<span style=\"cursor: pointer\" data-src=\"https:\/\/autorai.nl\/wp-content\/uploads\/2023\/08\/volkswagen-california-concept-foto4-1600x1067.jpg\" data-fancybox=\"galery-0\" title=\"\"><br \/>\n\t\t\t\t\t\t\t<img decoding=\"async\" width=\"360\" height=\"270\" src=\"https:\/\/autorai.nl\/wp-content\/uploads\/2023\/08\/volkswagen-california-concept-foto4-360x270.jpg\" class=\"attachment-small size-small\" alt=\"\" loading=\"lazy\"><i class=\"fa fa-search-plus\" aria-hidden=\"true\"><\/i><br \/>\n\t\t\t\t\t\t<\/span><br \/>\n\t\t\t\t\t<\/figure>\n<div class=\"clear\"><\/div>\n<\/div>\n","protected":false},"excerpt":{"rendered":"Zwei Meter Stehh\u00f6he Ein Volkswagen Van Camper ist erst dann ein California, wenn er mit einem Hubdach mit zwei Metern&hellip;","protected":false},"author":0,"featured_media":138363,"comment_status":"","ping_status":"open","sticky":false,"template":"","format":"standard","meta":{"footnotes":""},"categories":[125],"tags":[],"class_list":["post-138378","post","type-post","status-publish","format-standard","has-post-thumbnail","hentry","category-auto-nachrichten"],"acf":[],"yoast_head":"<!-- This site is optimized with the Yoast SEO plugin v21.2 - https:\/\/yoast.com\/wordpress\/plugins\/seo\/ -->\n<title>Volkswagen California Concept: neue Generation Bus-Camper - All cars news<\/title>\n<meta name=\"robots\" content=\"index, follow, max-snippet:-1, max-image-preview:large, max-video-preview:-1\" \/>\n<link rel=\"canonical\" href=\"https:\/\/all-car-news.com\/de\/volkswagen-california-concept-neue-generation-bus-camper\/\" \/>\n<meta property=\"og:locale\" content=\"de_DE\" \/>\n<meta property=\"og:type\" content=\"article\" \/>\n<meta property=\"og:title\" content=\"Volkswagen California Concept: neue Generation Bus-Camper - All cars news\" \/>\n<meta property=\"og:description\" content=\"Zwei Meter Stehh\u00f6he Ein Volkswagen Van Camper ist erst dann ein California, wenn er mit einem Hubdach mit zwei Metern Stehh\u00f6he ausgestattet ist. Dieses Element wurde bei allen Generationen seit 1988 verwendet - vom ersten California T3 bis zum heutigen California 6.1. Daher ist das kalifornische Konzept der [...]\" \/>\n<meta property=\"og:url\" content=\"https:\/\/all-car-news.com\/de\/volkswagen-california-concept-neue-generation-bus-camper\/\" \/>\n<meta property=\"og:site_name\" content=\"All cars news\" \/>\n<meta property=\"article:published_time\" content=\"2023-08-25T13:18:31+00:00\" \/>\n<meta property=\"og:image\" content=\"https:\/\/autorai.nl\/wp-content\/uploads\/2023\/08\/volkswagen-california-concept-foto3-1140x760.jpg\" \/>\n<meta name=\"twitter:card\" content=\"summary_large_image\" \/>\n<meta name=\"twitter:label1\" content=\"Gesch\u00e4tzte Lesezeit\" \/>\n\t<meta name=\"twitter:data1\" content=\"6\u00a0Minuten\" \/>\n<script type=\"application\/ld+json\" class=\"yoast-schema-graph\">{\"@context\":\"https:\/\/schema.org\",\"@graph\":[{\"@type\":\"Article\",\"@id\":\"https:\/\/all-car-news.com\/de\/volkswagen-california-concept-neue-generation-bus-camper\/#article\",\"isPartOf\":{\"@id\":\"https:\/\/all-car-news.com\/de\/volkswagen-california-concept-neue-generation-bus-camper\/\"},\"author\":{\"name\":\"\",\"@id\":\"\"},\"headline\":\"Volkswagen California Concept: neue Generation Bus-Camper\",\"datePublished\":\"2023-08-25T13:18:31+00:00\",\"dateModified\":\"2023-08-25T13:18:31+00:00\",\"mainEntityOfPage\":{\"@id\":\"https:\/\/all-car-news.com\/de\/volkswagen-california-concept-neue-generation-bus-camper\/\"},\"wordCount\":1294,\"publisher\":{\"@id\":\"https:\/\/all-car-news.com\/de\/#organization\"},\"articleSection\":[\"Auto Nachrichten\"],\"inLanguage\":\"de\"},{\"@type\":\"WebPage\",\"@id\":\"https:\/\/all-car-news.com\/de\/volkswagen-california-concept-neue-generation-bus-camper\/\",\"url\":\"https:\/\/all-car-news.com\/de\/volkswagen-california-concept-neue-generation-bus-camper\/\",\"name\":\"Volkswagen California Concept: neue Generation Bus-Camper - All cars news\",\"isPartOf\":{\"@id\":\"https:\/\/all-car-news.com\/de\/#website\"},\"datePublished\":\"2023-08-25T13:18:31+00:00\",\"dateModified\":\"2023-08-25T13:18:31+00:00\",\"breadcrumb\":{\"@id\":\"https:\/\/all-car-news.com\/de\/volkswagen-california-concept-neue-generation-bus-camper\/#breadcrumb\"},\"inLanguage\":\"de\",\"potentialAction\":[{\"@type\":\"ReadAction\",\"target\":[\"https:\/\/all-car-news.com\/de\/volkswagen-california-concept-neue-generation-bus-camper\/\"]}]},{\"@type\":\"BreadcrumbList\",\"@id\":\"https:\/\/all-car-news.com\/de\/volkswagen-california-concept-neue-generation-bus-camper\/#breadcrumb\",\"itemListElement\":[{\"@type\":\"ListItem\",\"position\":1,\"name\":\"Home\",\"item\":\"https:\/\/all-car-news.com\/de\/\"},{\"@type\":\"ListItem\",\"position\":2,\"name\":\"Volkswagen California Concept: neue Generation Bus-Camper\"}]},{\"@type\":\"WebSite\",\"@id\":\"https:\/\/all-car-news.com\/de\/#website\",\"url\":\"https:\/\/all-car-news.com\/de\/\",\"name\":\"All cars news\",\"description\":\"\",\"publisher\":{\"@id\":\"https:\/\/all-car-news.com\/de\/#organization\"},\"potentialAction\":[{\"@type\":\"SearchAction\",\"target\":{\"@type\":\"EntryPoint\",\"urlTemplate\":\"https:\/\/all-car-news.com\/de\/?s={search_term_string}\"},\"query-input\":\"required name=search_term_string\"}],\"inLanguage\":\"de\"},{\"@type\":\"Organization\",\"@id\":\"https:\/\/all-car-news.com\/de\/#organization\",\"name\":\"All cars news\",\"url\":\"https:\/\/all-car-news.com\/de\/\",\"logo\":{\"@type\":\"ImageObject\",\"inLanguage\":\"de\",\"@id\":\"https:\/\/all-car-news.com\/de\/#\/schema\/logo\/image\/\",\"url\":\"https:\/\/all-car-news.com\/wp-content\/uploads\/2022\/02\/CMYK-AllCarNews_LANDSCAPE_300px-1.png\",\"contentUrl\":\"https:\/\/all-car-news.com\/wp-content\/uploads\/2022\/02\/CMYK-AllCarNews_LANDSCAPE_300px-1.png\",\"width\":300,\"height\":100,\"caption\":\"All cars news\"},\"image\":{\"@id\":\"https:\/\/all-car-news.com\/de\/#\/schema\/logo\/image\/\"}}]}<\/script>\n<!-- \/ Yoast SEO plugin. -->","yoast_head_json":{"title":"Volkswagen California Concept: neue Generation Bus-Camper - All cars news","robots":{"index":"index","follow":"follow","max-snippet":"max-snippet:-1","max-image-preview":"max-image-preview:large","max-video-preview":"max-video-preview:-1"},"canonical":"https:\/\/all-car-news.com\/de\/volkswagen-california-concept-neue-generation-bus-camper\/","og_locale":"de_DE","og_type":"article","og_title":"Volkswagen California Concept: neue Generation Bus-Camper - All cars news","og_description":"Zwei Meter Stehh\u00f6he Ein Volkswagen Van Camper ist erst dann ein California, wenn er mit einem Hubdach mit zwei Metern Stehh\u00f6he ausgestattet ist. Dieses Element wurde bei allen Generationen seit 1988 verwendet - vom ersten California T3 bis zum heutigen California 6.1. Daher ist das kalifornische Konzept der [...]","og_url":"https:\/\/all-car-news.com\/de\/volkswagen-california-concept-neue-generation-bus-camper\/","og_site_name":"All cars news","article_published_time":"2023-08-25T13:18:31+00:00","og_image":[{"url":"https:\/\/autorai.nl\/wp-content\/uploads\/2023\/08\/volkswagen-california-concept-foto3-1140x760.jpg"}],"twitter_card":"summary_large_image","twitter_misc":{"Gesch\u00e4tzte Lesezeit":"6\u00a0Minuten"},"schema":{"@context":"https:\/\/schema.org","@graph":[{"@type":"Article","@id":"https:\/\/all-car-news.com\/de\/volkswagen-california-concept-neue-generation-bus-camper\/#article","isPartOf":{"@id":"https:\/\/all-car-news.com\/de\/volkswagen-california-concept-neue-generation-bus-camper\/"},"author":{"name":"","@id":""},"headline":"Volkswagen California Concept: neue Generation Bus-Camper","datePublished":"2023-08-25T13:18:31+00:00","dateModified":"2023-08-25T13:18:31+00:00","mainEntityOfPage":{"@id":"https:\/\/all-car-news.com\/de\/volkswagen-california-concept-neue-generation-bus-camper\/"},"wordCount":1294,"publisher":{"@id":"https:\/\/all-car-news.com\/de\/#organization"},"articleSection":["Auto Nachrichten"],"inLanguage":"de"},{"@type":"WebPage","@id":"https:\/\/all-car-news.com\/de\/volkswagen-california-concept-neue-generation-bus-camper\/","url":"https:\/\/all-car-news.com\/de\/volkswagen-california-concept-neue-generation-bus-camper\/","name":"Volkswagen California Concept: neue Generation Bus-Camper - All cars news","isPartOf":{"@id":"https:\/\/all-car-news.com\/de\/#website"},"datePublished":"2023-08-25T13:18:31+00:00","dateModified":"2023-08-25T13:18:31+00:00","breadcrumb":{"@id":"https:\/\/all-car-news.com\/de\/volkswagen-california-concept-neue-generation-bus-camper\/#breadcrumb"},"inLanguage":"de","potentialAction":[{"@type":"ReadAction","target":["https:\/\/all-car-news.com\/de\/volkswagen-california-concept-neue-generation-bus-camper\/"]}]},{"@type":"BreadcrumbList","@id":"https:\/\/all-car-news.com\/de\/volkswagen-california-concept-neue-generation-bus-camper\/#breadcrumb","itemListElement":[{"@type":"ListItem","position":1,"name":"Home","item":"https:\/\/all-car-news.com\/de\/"},{"@type":"ListItem","position":2,"name":"Volkswagen California Concept: neue Generation Bus-Camper"}]},{"@type":"WebSite","@id":"https:\/\/all-car-news.com\/de\/#website","url":"https:\/\/all-car-news.com\/de\/","name":"All cars news","description":"","publisher":{"@id":"https:\/\/all-car-news.com\/de\/#organization"},"potentialAction":[{"@type":"SearchAction","target":{"@type":"EntryPoint","urlTemplate":"https:\/\/all-car-news.com\/de\/?s={search_term_string}"},"query-input":"required name=search_term_string"}],"inLanguage":"de"},{"@type":"Organization","@id":"https:\/\/all-car-news.com\/de\/#organization","name":"All cars news","url":"https:\/\/all-car-news.com\/de\/","logo":{"@type":"ImageObject","inLanguage":"de","@id":"https:\/\/all-car-news.com\/de\/#\/schema\/logo\/image\/","url":"https:\/\/all-car-news.com\/wp-content\/uploads\/2022\/02\/CMYK-AllCarNews_LANDSCAPE_300px-1.png","contentUrl":"https:\/\/all-car-news.com\/wp-content\/uploads\/2022\/02\/CMYK-AllCarNews_LANDSCAPE_300px-1.png","width":300,"height":100,"caption":"All cars news"},"image":{"@id":"https:\/\/all-car-news.com\/de\/#\/schema\/logo\/image\/"}}]}},"_links":{"self":[{"href":"https:\/\/all-car-news.com\/de\/wp-json\/wp\/v2\/posts\/138378","targetHints":{"allow":["GET"]}}],"collection":[{"href":"https:\/\/all-car-news.com\/de\/wp-json\/wp\/v2\/posts"}],"about":[{"href":"https:\/\/all-car-news.com\/de\/wp-json\/wp\/v2\/types\/post"}],"replies":[{"embeddable":true,"href":"https:\/\/all-car-news.com\/de\/wp-json\/wp\/v2\/comments?post=138378"}],"version-history":[{"count":0,"href":"https:\/\/all-car-news.com\/de\/wp-json\/wp\/v2\/posts\/138378\/revisions"}],"wp:featuredmedia":[{"embeddable":true,"href":"https:\/\/all-car-news.com\/de\/wp-json\/wp\/v2\/media\/138363"}],"wp:attachment":[{"href":"https:\/\/all-car-news.com\/de\/wp-json\/wp\/v2\/media?parent=138378"}],"wp:term":[{"taxonomy":"category","embeddable":true,"href":"https:\/\/all-car-news.com\/de\/wp-json\/wp\/v2\/categories?post=138378"},{"taxonomy":"post_tag","embeddable":true,"href":"https:\/\/all-car-news.com\/de\/wp-json\/wp\/v2\/tags?post=138378"}],"curies":[{"name":"wp","href":"https:\/\/api.w.org\/{rel}","templated":true}]}}