{"id":138324,"date":"2023-08-23T07:09:00","date_gmt":"2023-08-23T07:09:00","guid":{"rendered":"https:\/\/all-car-news.com\/4-mythen-ueber-klimaanlagen-im-auto-sind-sie-wahr\/"},"modified":"2023-08-23T07:09:00","modified_gmt":"2023-08-23T07:09:00","slug":"4-mythen-ueber-klimaanlagen-im-auto-sind-sie-wahr","status":"publish","type":"post","link":"https:\/\/all-car-news.com\/de\/4-mythen-ueber-klimaanlagen-im-auto-sind-sie-wahr\/","title":{"rendered":"4 Mythen \u00fcber Klimaanlagen im Auto, sind sie wahr?"},"content":{"rendered":"<h2>H\u00f6here Temperaturen<\/h2>\n<p>Nach Angaben der britischen Gesundheitsbeh\u00f6rde haben die w\u00e4rmsten Jahre seit 2002 stattgefunden, wobei die Temperaturen 2022 zum ersten Mal \u00fcber 40 Grad Celsius steigen werden und sich die Zahl der hitzebedingten Todesf\u00e4lle bis 2050 verdreifachen d\u00fcrfte.<\/p>\n<h2>Bewusstsein f\u00fcr Klimaanlagen<\/h2>\n<p>Angesichts der extrem hohen Temperaturen, die bereits im Juni 2023 gemessen wurden, sollten sich Autofahrer der Auswirkungen bewusst sein, die Hitze auf ihre Autos und ihren K\u00f6rper haben kann. Wissenschaftlich gesehen k\u00f6nnen Temperaturen zu einer verlangsamten Reaktionszeit f\u00fchren, wobei \u00dcbelkeit, Schwindel, Kopfschmerzen und M\u00fcdigkeit aufgrund eines Anstiegs der K\u00f6rperkerntemperatur h\u00e4ufig auftreten. Die <a href=\"https:\/\/www.nutrition.org.uk\/healthy-sustainable-diets\/hydration\/?level=Health%20professional\" target=\"_blank\" rel=\"noreferrer noopener\">British Nutrition Foundation<\/a> erkl\u00e4rt, dass eine Abnahme des K\u00f6rpergewichts um nur 2 % im Wasser zu einer Beeintr\u00e4chtigung der kognitiven und physiologischen Reaktionen f\u00fchren kann, mit Symptomen wie Kopfschmerzen oder M\u00fcdigkeit.<\/p>\n<h2>Was k\u00f6nnen Autofahrer tun?<\/h2>\n<p>Eine Absenkung der Temperatur im Fahrzeuginnenraum durch den Einsatz einer Klimaanlage tr\u00e4gt dazu bei, die M\u00fcdigkeit zu verringern und die Konzentrationsf\u00e4higkeit zu verbessern. Durch die Aufrechterhaltung einer stabilen und relativ niedrigen Temperatur im Innenraum des Fahrzeugs ist die Wahrscheinlichkeit geringer, dass der Fahrer schwitzt und austrocknet. Weigern Sie sich, wegen des h\u00f6heren Kraftstoffverbrauchs eine Klimaanlage im Auto zu benutzen? Oder machen Sie sich Sorgen, dass sich Klimaanlagen negativ auf Ihre Gesundheit auswirken? Wir r\u00e4umen mit f\u00fcnf weit verbreiteten Irrt\u00fcmern \u00fcber Klimaanlagen im Auto auf.<\/p>\n<figure class=\"wp-block-image size-content\"><img decoding=\"async\" loading=\"lazy\" width=\"1140\" height=\"761\" src=\"https:\/\/autorai.nl\/wp-content\/uploads\/2023\/08\/skoda-airco-foto1.JPG-1140x761.jpg\" alt=\"Klimaanlage in einem Auto\" class=\"wp-image-165164\"><\/figure>\n<h2>Ist dies richtig? Der Einsatz von Klimaanlagen ruiniert den Kraftstoffverbrauch<\/h2>\n<p>Es stimmt, dass die Verwendung von Klimaanlagen im Auto Auswirkungen auf den Kraftstoffverbrauch von Autos und den Energieverbrauch von batterieelektrischen Autos hat, aber die Auswirkungen sind nicht so gravierend, wie man vielleicht denkt. Der Betrieb einer Klimaanlage verbraucht Energie, da das Auto einen Kompressor zum Betrieb des Systems verwendet, der Energie aus einem Verbrennungs- oder Elektromotor ben\u00f6tigt. Laut <a href=\"https:\/\/energysavingtrust.org.uk\/business\/transport\/efficient-driving\/#:~:text=Efficient%20driving%20is%20a%20driving,also%20brings%20greater%20vehicle%20range\" target=\"_blank\" rel=\"noreferrer noopener\">Energy Trust<\/a> sollten Sie mit einem Anstieg des Verbrauchs um 5 Prozent rechnen, wenn Sie die Klimaanlage einschalten. Andere Faktoren wie zu geringer Reifendruck, h\u00f6here Geschwindigkeiten, ein voller Kofferraum oder ein am Auto angebrachter Fahrradtr\u00e4ger\/eine Fahrradbox wirken sich mindestens ebenso stark auf den Verbrauch aus.<\/p>\n<h2>Ist dies richtig? Klimaanlagen k\u00f6nnen schlecht f\u00fcr Ihre Gesundheit sein<\/h2>\n<p>Das Einschalten des normalen Gebl\u00e4ses in einem Auto, um die Luft umzuw\u00e4lzen, anstatt die Klimaanlage einzuschalten, kann sich negativ auf das System und m\u00f6glicherweise auf die Fahrzeuginsassen auswirken. Klimaanlagen entfeuchten die durch sie str\u00f6mende Luft, was wiederum die Ansammlung von Feuchtigkeit in der Kabine und auch in der Klimaanlage selbst verhindert. Wenn Sie die Klimaanlage \u00fcber einen l\u00e4ngeren Zeitraum nicht benutzen, kann dies zu Schimmelbildung in der Anlage f\u00fchren, die dann zirkulieren kann, sobald Sie sie wieder einschalten. Eine regelm\u00e4\u00dfige Nutzung in Verbindung mit einer ordnungsgem\u00e4\u00dfen Wartung kann dies verhindern. Dar\u00fcber hinaus kann die Aufrechterhaltung einer konstanten und k\u00fchlen Innenraumtemperatur an einem hei\u00dfen Tag Schl\u00e4frigkeit verhindern und die Konzentration des Fahrers verbessern sowie das Wohlbefinden und die Gesundheit anderer Fahrg\u00e4ste und Haustiere f\u00f6rdern.<\/p>\n<figure class=\"wp-block-image size-content\"><img decoding=\"async\" loading=\"lazy\" width=\"1140\" height=\"684\" src=\"https:\/\/autorai.nl\/wp-content\/uploads\/2023\/08\/skoda-airco-foto3-1140x684.jpg\" alt=\"Klimaanlage in einem Auto\" class=\"wp-image-165166\"><\/figure>\n<h2>Ist dies richtig? Die Klimaanlage muss nicht eingeschaltet sein, wenn es k\u00fchl ist<\/h2>\n<p>Wenn sich der Sommer dem Ende zuneigt, ist es wichtig, die Klimaanlage nicht einfach ganz abzuschalten, denn sie bietet eine Reihe von wichtigen Vorteilen. Dadurch wird nicht nur die Schimmelbildung in der Klimaanlage selbst verhindert, sondern die entfeuchtende Wirkung der Klimaanlage bleibt auch dann erhalten, wenn die Insassen mit durchn\u00e4sster oder schneebedeckter Kleidung in das Fahrzeug einsteigen. Die regelm\u00e4\u00dfige Nutzung der Klimaanlage hat noch weitere Vorteile, n\u00e4mlich die Erhaltung des guten physischen Zustands der Anlage. Klimaanlagen sind geschlossene Systeme, bei denen die Kompressoren und Dichtungen mit \u00d6l geschmiert werden. Wird die Klimaanlage nicht eingeschaltet, fehlt die Schmierung, was die Effizienz des Kompressors verringert und die Dichtungen austrocknet.<\/p>\n<h2>Ist dies richtig? Sie d\u00fcrfen die Klimaanlage nicht einschalten, wenn Sie das Fahrzeug starten.<\/h2>\n<p>Moderne Autoelektronik ist widerstandsf\u00e4higer und kann h\u00f6heren Anforderungen und Belastungen standhalten als die Systeme klassischer Fahrzeuge. So ist dieser Mythos entstanden. Mit modernen Z\u00fcndsystemen, Stopp-Start-Technologie und Elektrofahrzeugen brauchen Sie sich keine Sorgen zu machen. So k\u00f6nnen Sie die Klimaanlage einfach einschalten, wenn Sie das Auto starten.<\/p>\n<figure class=\"wp-block-image size-content\"><img decoding=\"async\" loading=\"lazy\" width=\"1140\" height=\"760\" src=\"https:\/\/autorai.nl\/wp-content\/uploads\/2023\/08\/skoda-airco-foto4-1140x760.jpg\" alt=\"Klimaanlage in einem Auto\" class=\"wp-image-165167\"><\/figure>\n","protected":false},"excerpt":{"rendered":"H\u00f6here Temperaturen Nach Angaben der britischen Gesundheitsbeh\u00f6rde haben die w\u00e4rmsten Jahre seit 2002 stattgefunden, wobei die Temperaturen im Jahr 2022&hellip;","protected":false},"author":0,"featured_media":138321,"comment_status":"","ping_status":"open","sticky":false,"template":"","format":"standard","meta":{"footnotes":""},"categories":[125],"tags":[],"class_list":["post-138324","post","type-post","status-publish","format-standard","has-post-thumbnail","hentry","category-auto-nachrichten"],"acf":[],"yoast_head":"<!-- This site is optimized with the Yoast SEO plugin v21.2 - https:\/\/yoast.com\/wordpress\/plugins\/seo\/ -->\n<title>4 Mythen \u00fcber Klimaanlagen im Auto, sind sie wahr? - All cars news<\/title>\n<meta name=\"robots\" content=\"index, follow, max-snippet:-1, max-image-preview:large, max-video-preview:-1\" \/>\n<link rel=\"canonical\" href=\"https:\/\/all-car-news.com\/de\/4-mythen-ueber-klimaanlagen-im-auto-sind-sie-wahr\/\" \/>\n<meta property=\"og:locale\" content=\"de_DE\" \/>\n<meta property=\"og:type\" content=\"article\" \/>\n<meta property=\"og:title\" content=\"4 Mythen \u00fcber Klimaanlagen im Auto, sind sie wahr? - All cars news\" \/>\n<meta property=\"og:description\" content=\"H\u00f6here Temperaturen Nach Angaben der britischen Gesundheitsbeh\u00f6rde haben die w\u00e4rmsten Jahre seit 2002 stattgefunden, wobei die Temperaturen im Jahr 2022 erstmals \u00fcber 40 Grad Celsius steigen werden und sich die hitzebedingten Todesf\u00e4lle bis 2050 verdreifachen d\u00fcrften. Bewusstsein f\u00fcr Klimaanlagen Nun, da der Juni 2023 bereits [...]\" \/>\n<meta property=\"og:url\" content=\"https:\/\/all-car-news.com\/de\/4-mythen-ueber-klimaanlagen-im-auto-sind-sie-wahr\/\" \/>\n<meta property=\"og:site_name\" content=\"All cars news\" \/>\n<meta property=\"article:published_time\" content=\"2023-08-23T07:09:00+00:00\" \/>\n<meta property=\"og:image\" content=\"https:\/\/autorai.nl\/wp-content\/uploads\/2023\/08\/skoda-airco-foto1.JPG-1140x761.jpg\" \/>\n<meta name=\"twitter:card\" content=\"summary_large_image\" \/>\n<meta name=\"twitter:label1\" content=\"Gesch\u00e4tzte Lesezeit\" \/>\n\t<meta name=\"twitter:data1\" content=\"3\u00a0Minuten\" \/>\n<script type=\"application\/ld+json\" class=\"yoast-schema-graph\">{\"@context\":\"https:\/\/schema.org\",\"@graph\":[{\"@type\":\"Article\",\"@id\":\"https:\/\/all-car-news.com\/de\/4-mythen-ueber-klimaanlagen-im-auto-sind-sie-wahr\/#article\",\"isPartOf\":{\"@id\":\"https:\/\/all-car-news.com\/de\/4-mythen-ueber-klimaanlagen-im-auto-sind-sie-wahr\/\"},\"author\":{\"name\":\"\",\"@id\":\"\"},\"headline\":\"4 Mythen \u00fcber Klimaanlagen im Auto, sind sie wahr?\",\"datePublished\":\"2023-08-23T07:09:00+00:00\",\"dateModified\":\"2023-08-23T07:09:00+00:00\",\"mainEntityOfPage\":{\"@id\":\"https:\/\/all-car-news.com\/de\/4-mythen-ueber-klimaanlagen-im-auto-sind-sie-wahr\/\"},\"wordCount\":692,\"publisher\":{\"@id\":\"https:\/\/all-car-news.com\/de\/#organization\"},\"articleSection\":[\"Auto Nachrichten\"],\"inLanguage\":\"de\"},{\"@type\":\"WebPage\",\"@id\":\"https:\/\/all-car-news.com\/de\/4-mythen-ueber-klimaanlagen-im-auto-sind-sie-wahr\/\",\"url\":\"https:\/\/all-car-news.com\/de\/4-mythen-ueber-klimaanlagen-im-auto-sind-sie-wahr\/\",\"name\":\"4 Mythen \u00fcber Klimaanlagen im Auto, sind sie wahr? - All cars news\",\"isPartOf\":{\"@id\":\"https:\/\/all-car-news.com\/de\/#website\"},\"datePublished\":\"2023-08-23T07:09:00+00:00\",\"dateModified\":\"2023-08-23T07:09:00+00:00\",\"breadcrumb\":{\"@id\":\"https:\/\/all-car-news.com\/de\/4-mythen-ueber-klimaanlagen-im-auto-sind-sie-wahr\/#breadcrumb\"},\"inLanguage\":\"de\",\"potentialAction\":[{\"@type\":\"ReadAction\",\"target\":[\"https:\/\/all-car-news.com\/de\/4-mythen-ueber-klimaanlagen-im-auto-sind-sie-wahr\/\"]}]},{\"@type\":\"BreadcrumbList\",\"@id\":\"https:\/\/all-car-news.com\/de\/4-mythen-ueber-klimaanlagen-im-auto-sind-sie-wahr\/#breadcrumb\",\"itemListElement\":[{\"@type\":\"ListItem\",\"position\":1,\"name\":\"Home\",\"item\":\"https:\/\/all-car-news.com\/de\/\"},{\"@type\":\"ListItem\",\"position\":2,\"name\":\"4 Mythen \u00fcber Klimaanlagen im Auto, sind sie wahr?\"}]},{\"@type\":\"WebSite\",\"@id\":\"https:\/\/all-car-news.com\/de\/#website\",\"url\":\"https:\/\/all-car-news.com\/de\/\",\"name\":\"All cars news\",\"description\":\"\",\"publisher\":{\"@id\":\"https:\/\/all-car-news.com\/de\/#organization\"},\"potentialAction\":[{\"@type\":\"SearchAction\",\"target\":{\"@type\":\"EntryPoint\",\"urlTemplate\":\"https:\/\/all-car-news.com\/de\/?s={search_term_string}\"},\"query-input\":\"required name=search_term_string\"}],\"inLanguage\":\"de\"},{\"@type\":\"Organization\",\"@id\":\"https:\/\/all-car-news.com\/de\/#organization\",\"name\":\"All cars news\",\"url\":\"https:\/\/all-car-news.com\/de\/\",\"logo\":{\"@type\":\"ImageObject\",\"inLanguage\":\"de\",\"@id\":\"https:\/\/all-car-news.com\/de\/#\/schema\/logo\/image\/\",\"url\":\"https:\/\/all-car-news.com\/wp-content\/uploads\/2022\/02\/CMYK-AllCarNews_LANDSCAPE_300px-1.png\",\"contentUrl\":\"https:\/\/all-car-news.com\/wp-content\/uploads\/2022\/02\/CMYK-AllCarNews_LANDSCAPE_300px-1.png\",\"width\":300,\"height\":100,\"caption\":\"All cars news\"},\"image\":{\"@id\":\"https:\/\/all-car-news.com\/de\/#\/schema\/logo\/image\/\"}}]}<\/script>\n<!-- \/ Yoast SEO plugin. -->","yoast_head_json":{"title":"4 Mythen \u00fcber Klimaanlagen im Auto, sind sie wahr? - All cars news","robots":{"index":"index","follow":"follow","max-snippet":"max-snippet:-1","max-image-preview":"max-image-preview:large","max-video-preview":"max-video-preview:-1"},"canonical":"https:\/\/all-car-news.com\/de\/4-mythen-ueber-klimaanlagen-im-auto-sind-sie-wahr\/","og_locale":"de_DE","og_type":"article","og_title":"4 Mythen \u00fcber Klimaanlagen im Auto, sind sie wahr? - All cars news","og_description":"H\u00f6here Temperaturen Nach Angaben der britischen Gesundheitsbeh\u00f6rde haben die w\u00e4rmsten Jahre seit 2002 stattgefunden, wobei die Temperaturen im Jahr 2022 erstmals \u00fcber 40 Grad Celsius steigen werden und sich die hitzebedingten Todesf\u00e4lle bis 2050 verdreifachen d\u00fcrften. Bewusstsein f\u00fcr Klimaanlagen Nun, da der Juni 2023 bereits [...]","og_url":"https:\/\/all-car-news.com\/de\/4-mythen-ueber-klimaanlagen-im-auto-sind-sie-wahr\/","og_site_name":"All cars news","article_published_time":"2023-08-23T07:09:00+00:00","og_image":[{"url":"https:\/\/autorai.nl\/wp-content\/uploads\/2023\/08\/skoda-airco-foto1.JPG-1140x761.jpg"}],"twitter_card":"summary_large_image","twitter_misc":{"Gesch\u00e4tzte Lesezeit":"3\u00a0Minuten"},"schema":{"@context":"https:\/\/schema.org","@graph":[{"@type":"Article","@id":"https:\/\/all-car-news.com\/de\/4-mythen-ueber-klimaanlagen-im-auto-sind-sie-wahr\/#article","isPartOf":{"@id":"https:\/\/all-car-news.com\/de\/4-mythen-ueber-klimaanlagen-im-auto-sind-sie-wahr\/"},"author":{"name":"","@id":""},"headline":"4 Mythen \u00fcber Klimaanlagen im Auto, sind sie wahr?","datePublished":"2023-08-23T07:09:00+00:00","dateModified":"2023-08-23T07:09:00+00:00","mainEntityOfPage":{"@id":"https:\/\/all-car-news.com\/de\/4-mythen-ueber-klimaanlagen-im-auto-sind-sie-wahr\/"},"wordCount":692,"publisher":{"@id":"https:\/\/all-car-news.com\/de\/#organization"},"articleSection":["Auto Nachrichten"],"inLanguage":"de"},{"@type":"WebPage","@id":"https:\/\/all-car-news.com\/de\/4-mythen-ueber-klimaanlagen-im-auto-sind-sie-wahr\/","url":"https:\/\/all-car-news.com\/de\/4-mythen-ueber-klimaanlagen-im-auto-sind-sie-wahr\/","name":"4 Mythen \u00fcber Klimaanlagen im Auto, sind sie wahr? - All cars news","isPartOf":{"@id":"https:\/\/all-car-news.com\/de\/#website"},"datePublished":"2023-08-23T07:09:00+00:00","dateModified":"2023-08-23T07:09:00+00:00","breadcrumb":{"@id":"https:\/\/all-car-news.com\/de\/4-mythen-ueber-klimaanlagen-im-auto-sind-sie-wahr\/#breadcrumb"},"inLanguage":"de","potentialAction":[{"@type":"ReadAction","target":["https:\/\/all-car-news.com\/de\/4-mythen-ueber-klimaanlagen-im-auto-sind-sie-wahr\/"]}]},{"@type":"BreadcrumbList","@id":"https:\/\/all-car-news.com\/de\/4-mythen-ueber-klimaanlagen-im-auto-sind-sie-wahr\/#breadcrumb","itemListElement":[{"@type":"ListItem","position":1,"name":"Home","item":"https:\/\/all-car-news.com\/de\/"},{"@type":"ListItem","position":2,"name":"4 Mythen \u00fcber Klimaanlagen im Auto, sind sie wahr?"}]},{"@type":"WebSite","@id":"https:\/\/all-car-news.com\/de\/#website","url":"https:\/\/all-car-news.com\/de\/","name":"All cars news","description":"","publisher":{"@id":"https:\/\/all-car-news.com\/de\/#organization"},"potentialAction":[{"@type":"SearchAction","target":{"@type":"EntryPoint","urlTemplate":"https:\/\/all-car-news.com\/de\/?s={search_term_string}"},"query-input":"required name=search_term_string"}],"inLanguage":"de"},{"@type":"Organization","@id":"https:\/\/all-car-news.com\/de\/#organization","name":"All cars news","url":"https:\/\/all-car-news.com\/de\/","logo":{"@type":"ImageObject","inLanguage":"de","@id":"https:\/\/all-car-news.com\/de\/#\/schema\/logo\/image\/","url":"https:\/\/all-car-news.com\/wp-content\/uploads\/2022\/02\/CMYK-AllCarNews_LANDSCAPE_300px-1.png","contentUrl":"https:\/\/all-car-news.com\/wp-content\/uploads\/2022\/02\/CMYK-AllCarNews_LANDSCAPE_300px-1.png","width":300,"height":100,"caption":"All cars news"},"image":{"@id":"https:\/\/all-car-news.com\/de\/#\/schema\/logo\/image\/"}}]}},"_links":{"self":[{"href":"https:\/\/all-car-news.com\/de\/wp-json\/wp\/v2\/posts\/138324","targetHints":{"allow":["GET"]}}],"collection":[{"href":"https:\/\/all-car-news.com\/de\/wp-json\/wp\/v2\/posts"}],"about":[{"href":"https:\/\/all-car-news.com\/de\/wp-json\/wp\/v2\/types\/post"}],"replies":[{"embeddable":true,"href":"https:\/\/all-car-news.com\/de\/wp-json\/wp\/v2\/comments?post=138324"}],"version-history":[{"count":0,"href":"https:\/\/all-car-news.com\/de\/wp-json\/wp\/v2\/posts\/138324\/revisions"}],"wp:featuredmedia":[{"embeddable":true,"href":"https:\/\/all-car-news.com\/de\/wp-json\/wp\/v2\/media\/138321"}],"wp:attachment":[{"href":"https:\/\/all-car-news.com\/de\/wp-json\/wp\/v2\/media?parent=138324"}],"wp:term":[{"taxonomy":"category","embeddable":true,"href":"https:\/\/all-car-news.com\/de\/wp-json\/wp\/v2\/categories?post=138324"},{"taxonomy":"post_tag","embeddable":true,"href":"https:\/\/all-car-news.com\/de\/wp-json\/wp\/v2\/tags?post=138324"}],"curies":[{"name":"wp","href":"https:\/\/api.w.org\/{rel}","templated":true}]}}