{"id":138305,"date":"2023-08-21T15:22:15","date_gmt":"2023-08-21T15:22:15","guid":{"rendered":"https:\/\/all-car-news.com\/lamborghini-lanzador-ein-vollelektrischer-lambo\/"},"modified":"2023-08-21T15:22:15","modified_gmt":"2023-08-21T15:22:15","slug":"lamborghini-lanzador-ein-vollelektrischer-lambo","status":"publish","type":"post","link":"https:\/\/all-car-news.com\/de\/lamborghini-lanzador-ein-vollelektrischer-lambo\/","title":{"rendered":"Lamborghini Lanzador: ein vollelektrischer Lambo?"},"content":{"rendered":"<h2>Wichtiger Meilenstein<\/h2>\n<p>&#8222;Die Pr\u00e4sentation des vollelektrischen Lamborghini Lanzador Konzeptfahrzeugs ist ein wichtiger Meilenstein in der Geschichte unseres Unternehmens und definiert unseren Weg in Richtung Dekarbonisierung und Elektrifizierung&#8220;, sagte Stephan Winkelmann, Chairman und CEO von Automobili Lamborghini. &#8222;Es war sehr sch\u00f6n, die positive Resonanz unserer gesch\u00e4tzten Kunden auf diese Vision eines zuk\u00fcnftigen, rein elektrischen, vierten Lamborghini in Serie zu sehen.&#8220;<\/p>\n<h2>Lamborghini Lanzador, ein Ultra GT<\/h2>\n<p>Der Lamborghini Lanzador er\u00f6ffnet ein neues Segment f\u00fcr die Marke, das der Ultra GT. Die Zutaten? Ein elektrischer Antriebsstrang, eine erh\u00f6hte Bodenfreiheit und ein 2+2 Innenraumlayout. Laut Lamborghini verbindet der Lanzador die Leistung eines Supersportwagens mit Alltagstauglichkeit.<\/p>\n<h2>Erscheint 2028<\/h2>\n<p>Der Lamborghini Lanzador verf\u00fcgt \u00fcber ein AWD-System mit einem Elektromotor an jeder Antriebsachse. Aber die wirklichen technischen Daten haben die Italiener noch nicht ver\u00f6ffentlicht. Lamborghini plant, bis Ende 2024 seine gesamte Produktpalette zu elektrifizieren: Das Unternehmen investiert \u00fcber vier Jahre hinweg mehr als 1,9 Milliarden Euro in die Umstellung auf Hybridtechnologie &#8211; die gr\u00f6\u00dfte Investition in der Geschichte der italienischen Marke. Dieser Lanzador &#8211; das vierte Modell f\u00fcr Lamborghini &#8211; ist nicht nur ein technischer Demonstrator, sondern auch ein ausgekl\u00fcgeltes &#8222;Labor auf R\u00e4dern&#8220; in Bezug auf nachhaltige Materialien. Die Serienversion des Konzeptfahrzeugs wird ab 2028 erh\u00e4ltlich sein.<\/p>\n<p>\u00dcbrigens ist das Auto nach einem spanischen Kampfstier benannt. Lanzador bedeutet auf Spanisch &#8218;Krug&#8216;.<\/p>\n<div class=\"galery galery-0\">\n<figure>\n\t\t\t\t\t<span style=\"cursor: pointer\" data-src=\"https:\/\/autorai.nl\/wp-content\/uploads\/2023\/08\/lamborghini-lanzador-concept-2023-foto1-1600x1067.jpg\" data-fancybox=\"galery-0\" title=\"\"><br \/>\n\t\t\t\t\t\t\t<img decoding=\"async\" width=\"360\" height=\"270\" src=\"https:\/\/autorai.nl\/wp-content\/uploads\/2023\/08\/lamborghini-lanzador-concept-2023-foto1-360x270.jpg\" class=\"attachment-small size-small\" alt=\"\" loading=\"lazy\"><i class=\"fa fa-search-plus\" aria-hidden=\"true\"><\/i><br \/>\n\t\t\t\t\t\t<\/span><br \/>\n\t\t\t\t\t<\/figure>\n<figure>\n\t\t\t\t\t<span style=\"cursor: pointer\" data-src=\"https:\/\/autorai.nl\/wp-content\/uploads\/2023\/08\/lamborghini-lanzador-concept-2023-foto14-1600x1067.jpg\" data-fancybox=\"galery-0\" title=\"\"><br \/>\n\t\t\t\t\t\t\t<img decoding=\"async\" width=\"360\" height=\"270\" src=\"https:\/\/autorai.nl\/wp-content\/uploads\/2023\/08\/lamborghini-lanzador-concept-2023-foto14-360x270.jpg\" class=\"attachment-small size-small\" alt=\"\" loading=\"lazy\"><i class=\"fa fa-search-plus\" aria-hidden=\"true\"><\/i><br \/>\n\t\t\t\t\t\t<\/span><br \/>\n\t\t\t\t\t<\/figure>\n<figure>\n\t\t\t\t\t<span style=\"cursor: pointer\" data-src=\"https:\/\/autorai.nl\/wp-content\/uploads\/2023\/08\/lamborghini-lanzador-concept-2023-foto13-1600x1067.jpg\" data-fancybox=\"galery-0\" title=\"\"><br \/>\n\t\t\t\t\t\t\t<img decoding=\"async\" width=\"360\" height=\"270\" src=\"https:\/\/autorai.nl\/wp-content\/uploads\/2023\/08\/lamborghini-lanzador-concept-2023-foto13-360x270.jpg\" class=\"attachment-small size-small\" alt=\"\" loading=\"lazy\"><i class=\"fa fa-search-plus\" aria-hidden=\"true\"><\/i><br \/>\n\t\t\t\t\t\t<\/span><br \/>\n\t\t\t\t\t<\/figure>\n<figure>\n\t\t\t\t\t<span style=\"cursor: pointer\" data-src=\"https:\/\/autorai.nl\/wp-content\/uploads\/2023\/08\/lamborghini-lanzador-concept-2023-foto12-1600x1067.jpg\" data-fancybox=\"galery-0\" title=\"\"><br \/>\n\t\t\t\t\t\t\t<img decoding=\"async\" width=\"360\" height=\"270\" src=\"https:\/\/autorai.nl\/wp-content\/uploads\/2023\/08\/lamborghini-lanzador-concept-2023-foto12-360x270.jpg\" class=\"attachment-small size-small\" alt=\"\" loading=\"lazy\"><i class=\"fa fa-search-plus\" aria-hidden=\"true\"><\/i><br \/>\n\t\t\t\t\t\t<\/span><br \/>\n\t\t\t\t\t<\/figure>\n<figure>\n\t\t\t\t\t<span style=\"cursor: pointer\" data-src=\"https:\/\/autorai.nl\/wp-content\/uploads\/2023\/08\/lamborghini-lanzador-concept-2023-foto11-1600x1067.jpg\" data-fancybox=\"galery-0\" title=\"\"><br \/>\n\t\t\t\t\t\t\t<img decoding=\"async\" width=\"360\" height=\"270\" src=\"https:\/\/autorai.nl\/wp-content\/uploads\/2023\/08\/lamborghini-lanzador-concept-2023-foto11-360x270.jpg\" class=\"attachment-small size-small\" alt=\"\" loading=\"lazy\"><i class=\"fa fa-search-plus\" aria-hidden=\"true\"><\/i><br \/>\n\t\t\t\t\t\t<\/span><br \/>\n\t\t\t\t\t<\/figure>\n<figure>\n\t\t\t\t\t<span style=\"cursor: pointer\" data-src=\"https:\/\/autorai.nl\/wp-content\/uploads\/2023\/08\/lamborghini-lanzador-concept-2023-foto10-1600x1067.jpg\" data-fancybox=\"galery-0\" title=\"\"><br \/>\n\t\t\t\t\t\t\t<img decoding=\"async\" width=\"360\" height=\"270\" src=\"https:\/\/autorai.nl\/wp-content\/uploads\/2023\/08\/lamborghini-lanzador-concept-2023-foto10-360x270.jpg\" class=\"attachment-small size-small\" alt=\"\" loading=\"lazy\"><i class=\"fa fa-search-plus\" aria-hidden=\"true\"><\/i><br \/>\n\t\t\t\t\t\t<\/span><br \/>\n\t\t\t\t\t<\/figure>\n<figure>\n\t\t\t\t\t<span style=\"cursor: pointer\" data-src=\"https:\/\/autorai.nl\/wp-content\/uploads\/2023\/08\/lamborghini-lanzador-concept-2023-foto9-1600x1067.jpg\" data-fancybox=\"galery-0\" title=\"\"><br \/>\n\t\t\t\t\t\t\t<img decoding=\"async\" width=\"360\" height=\"270\" src=\"https:\/\/autorai.nl\/wp-content\/uploads\/2023\/08\/lamborghini-lanzador-concept-2023-foto9-360x270.jpg\" class=\"attachment-small size-small\" alt=\"\" loading=\"lazy\"><i class=\"fa fa-search-plus\" aria-hidden=\"true\"><\/i><br \/>\n\t\t\t\t\t\t<\/span><br \/>\n\t\t\t\t\t<\/figure>\n<figure>\n\t\t\t\t\t<span style=\"cursor: pointer\" data-src=\"https:\/\/autorai.nl\/wp-content\/uploads\/2023\/08\/lamborghini-lanzador-concept-2023-foto8-1600x1067.jpg\" data-fancybox=\"galery-0\" title=\"\"><br \/>\n\t\t\t\t\t\t\t<img decoding=\"async\" width=\"360\" height=\"270\" src=\"https:\/\/autorai.nl\/wp-content\/uploads\/2023\/08\/lamborghini-lanzador-concept-2023-foto8-360x270.jpg\" class=\"attachment-small size-small\" alt=\"Lamborghini Lanzador\" loading=\"lazy\"><i class=\"fa fa-search-plus\" aria-hidden=\"true\"><\/i><br \/>\n\t\t\t\t\t\t<\/span><br \/>\n\t\t\t\t\t<\/figure>\n<figure>\n\t\t\t\t\t<span style=\"cursor: pointer\" data-src=\"https:\/\/autorai.nl\/wp-content\/uploads\/2023\/08\/lamborghini-lanzador-concept-2023-foto7-1600x1067.jpg\" data-fancybox=\"galery-0\" title=\"\"><br \/>\n\t\t\t\t\t\t\t<img decoding=\"async\" width=\"360\" height=\"270\" src=\"https:\/\/autorai.nl\/wp-content\/uploads\/2023\/08\/lamborghini-lanzador-concept-2023-foto7-360x270.jpg\" class=\"attachment-small size-small\" alt=\"\" loading=\"lazy\"><i class=\"fa fa-search-plus\" aria-hidden=\"true\"><\/i><br \/>\n\t\t\t\t\t\t<\/span><br \/>\n\t\t\t\t\t<\/figure>\n<figure>\n\t\t\t\t\t<span style=\"cursor: pointer\" data-src=\"https:\/\/autorai.nl\/wp-content\/uploads\/2023\/08\/lamborghini-lanzador-concept-2023-foto6-1600x1067.jpg\" data-fancybox=\"galery-0\" title=\"\"><br \/>\n\t\t\t\t\t\t\t<img decoding=\"async\" width=\"360\" height=\"270\" src=\"https:\/\/autorai.nl\/wp-content\/uploads\/2023\/08\/lamborghini-lanzador-concept-2023-foto6-360x270.jpg\" class=\"attachment-small size-small\" alt=\"\" loading=\"lazy\"><i class=\"fa fa-search-plus\" aria-hidden=\"true\"><\/i><br \/>\n\t\t\t\t\t\t<\/span><br \/>\n\t\t\t\t\t<\/figure>\n<figure>\n\t\t\t\t\t<span style=\"cursor: pointer\" data-src=\"https:\/\/autorai.nl\/wp-content\/uploads\/2023\/08\/lamborghini-lanzador-concept-2023-foto5-1600x1067.jpg\" data-fancybox=\"galery-0\" title=\"\"><br \/>\n\t\t\t\t\t\t\t<img decoding=\"async\" width=\"360\" height=\"270\" src=\"https:\/\/autorai.nl\/wp-content\/uploads\/2023\/08\/lamborghini-lanzador-concept-2023-foto5-360x270.jpg\" class=\"attachment-small size-small\" alt=\"\" loading=\"lazy\"><i class=\"fa fa-search-plus\" aria-hidden=\"true\"><\/i><br \/>\n\t\t\t\t\t\t<\/span><br \/>\n\t\t\t\t\t<\/figure>\n<figure>\n\t\t\t\t\t<span style=\"cursor: pointer\" data-src=\"https:\/\/autorai.nl\/wp-content\/uploads\/2023\/08\/lamborghini-lanzador-concept-2023-foto4-1067x1600.jpg\" data-fancybox=\"galery-0\" title=\"\"><br \/>\n\t\t\t\t\t\t\t<img decoding=\"async\" width=\"360\" height=\"270\" src=\"https:\/\/autorai.nl\/wp-content\/uploads\/2023\/08\/lamborghini-lanzador-concept-2023-foto4-360x270.jpg\" class=\"attachment-small size-small\" alt=\"\" loading=\"lazy\"><i class=\"fa fa-search-plus\" aria-hidden=\"true\"><\/i><br \/>\n\t\t\t\t\t\t<\/span><br \/>\n\t\t\t\t\t<\/figure>\n<figure>\n\t\t\t\t\t<span style=\"cursor: pointer\" data-src=\"https:\/\/autorai.nl\/wp-content\/uploads\/2023\/08\/lamborghini-lanzador-concept-2023-foto3-1600x1067.jpg\" data-fancybox=\"galery-0\" title=\"\"><br \/>\n\t\t\t\t\t\t\t<img decoding=\"async\" width=\"360\" height=\"270\" src=\"https:\/\/autorai.nl\/wp-content\/uploads\/2023\/08\/lamborghini-lanzador-concept-2023-foto3-360x270.jpg\" class=\"attachment-small size-small\" alt=\"\" loading=\"lazy\"><i class=\"fa fa-search-plus\" aria-hidden=\"true\"><\/i><br \/>\n\t\t\t\t\t\t<\/span><br \/>\n\t\t\t\t\t<\/figure>\n<figure>\n\t\t\t\t\t<span style=\"cursor: pointer\" data-src=\"https:\/\/autorai.nl\/wp-content\/uploads\/2023\/08\/lamborghini-lanzador-concept-2023-foto2-1600x1067.jpg\" data-fancybox=\"galery-0\" title=\"\"><br \/>\n\t\t\t\t\t\t\t<img decoding=\"async\" width=\"360\" height=\"270\" src=\"https:\/\/autorai.nl\/wp-content\/uploads\/2023\/08\/lamborghini-lanzador-concept-2023-foto2-360x270.jpg\" class=\"attachment-small size-small\" alt=\"\" loading=\"lazy\"><i class=\"fa fa-search-plus\" aria-hidden=\"true\"><\/i><br \/>\n\t\t\t\t\t\t<\/span><br \/>\n\t\t\t\t\t<\/figure>\n<div class=\"clear\"><\/div>\n<\/div>\n<figure class=\"wp-block-embed is-type-video is-provider-youtube wp-block-embed-youtube wp-embed-aspect-16-9 wp-has-aspect-ratio\">\n<div class=\"wp-block-embed__wrapper\">\n<\/div>\n<\/figure>\n","protected":false},"excerpt":{"rendered":"Wichtiger Meilenstein \"Die Pr\u00e4sentation des vollelektrischen Lamborghini Lanzador Konzeptfahrzeugs ist ein wichtiger Meilenstein in der Geschichte unseres Unternehmens und definiert&hellip;","protected":false},"author":0,"featured_media":138293,"comment_status":"","ping_status":"open","sticky":false,"template":"","format":"standard","meta":{"footnotes":""},"categories":[125],"tags":[],"class_list":["post-138305","post","type-post","status-publish","format-standard","has-post-thumbnail","hentry","category-auto-nachrichten"],"acf":[],"yoast_head":"<!-- This site is optimized with the Yoast SEO plugin v21.2 - https:\/\/yoast.com\/wordpress\/plugins\/seo\/ -->\n<title>Lamborghini Lanzador: ein vollelektrischer Lambo? - All cars news<\/title>\n<meta name=\"robots\" content=\"index, follow, max-snippet:-1, max-image-preview:large, max-video-preview:-1\" \/>\n<link rel=\"canonical\" href=\"https:\/\/all-car-news.com\/de\/lamborghini-lanzador-ein-vollelektrischer-lambo\/\" \/>\n<meta property=\"og:locale\" content=\"de_DE\" \/>\n<meta property=\"og:type\" content=\"article\" \/>\n<meta property=\"og:title\" content=\"Lamborghini Lanzador: ein vollelektrischer Lambo? - All cars news\" \/>\n<meta property=\"og:description\" content=\"Wichtiger Meilenstein &quot;Die Pr\u00e4sentation des vollelektrischen Lamborghini Lanzador Konzeptfahrzeugs ist ein wichtiger Meilenstein in der Geschichte unseres Unternehmens und definiert unseren Weg zur Dekarbonisierung und Elektrifizierung&quot;, sagte Stephan Winkelmann, Pr\u00e4sident und CEO von Automobili Lamborghini. &quot;Es war sehr sch\u00f6n, die positive Reaktion unserer gesch\u00e4tzten Kunden auf diese Vision von [...]\" \/>\n<meta property=\"og:url\" content=\"https:\/\/all-car-news.com\/de\/lamborghini-lanzador-ein-vollelektrischer-lambo\/\" \/>\n<meta property=\"og:site_name\" content=\"All cars news\" \/>\n<meta property=\"article:published_time\" content=\"2023-08-21T15:22:15+00:00\" \/>\n<meta property=\"og:image\" content=\"https:\/\/autorai.nl\/wp-content\/uploads\/2023\/08\/lamborghini-lanzador-concept-2023-foto1-360x270.jpg\" \/>\n<meta name=\"twitter:card\" content=\"summary_large_image\" \/>\n<meta name=\"twitter:label1\" content=\"Gesch\u00e4tzte Lesezeit\" \/>\n\t<meta name=\"twitter:data1\" content=\"1\u00a0Minute\" \/>\n<script type=\"application\/ld+json\" class=\"yoast-schema-graph\">{\"@context\":\"https:\/\/schema.org\",\"@graph\":[{\"@type\":\"Article\",\"@id\":\"https:\/\/all-car-news.com\/de\/lamborghini-lanzador-ein-vollelektrischer-lambo\/#article\",\"isPartOf\":{\"@id\":\"https:\/\/all-car-news.com\/de\/lamborghini-lanzador-ein-vollelektrischer-lambo\/\"},\"author\":{\"name\":\"\",\"@id\":\"\"},\"headline\":\"Lamborghini Lanzador: ein vollelektrischer Lambo?\",\"datePublished\":\"2023-08-21T15:22:15+00:00\",\"dateModified\":\"2023-08-21T15:22:15+00:00\",\"mainEntityOfPage\":{\"@id\":\"https:\/\/all-car-news.com\/de\/lamborghini-lanzador-ein-vollelektrischer-lambo\/\"},\"wordCount\":228,\"publisher\":{\"@id\":\"https:\/\/all-car-news.com\/de\/#organization\"},\"articleSection\":[\"Auto Nachrichten\"],\"inLanguage\":\"de\"},{\"@type\":\"WebPage\",\"@id\":\"https:\/\/all-car-news.com\/de\/lamborghini-lanzador-ein-vollelektrischer-lambo\/\",\"url\":\"https:\/\/all-car-news.com\/de\/lamborghini-lanzador-ein-vollelektrischer-lambo\/\",\"name\":\"Lamborghini Lanzador: ein vollelektrischer Lambo? - All cars news\",\"isPartOf\":{\"@id\":\"https:\/\/all-car-news.com\/de\/#website\"},\"datePublished\":\"2023-08-21T15:22:15+00:00\",\"dateModified\":\"2023-08-21T15:22:15+00:00\",\"breadcrumb\":{\"@id\":\"https:\/\/all-car-news.com\/de\/lamborghini-lanzador-ein-vollelektrischer-lambo\/#breadcrumb\"},\"inLanguage\":\"de\",\"potentialAction\":[{\"@type\":\"ReadAction\",\"target\":[\"https:\/\/all-car-news.com\/de\/lamborghini-lanzador-ein-vollelektrischer-lambo\/\"]}]},{\"@type\":\"BreadcrumbList\",\"@id\":\"https:\/\/all-car-news.com\/de\/lamborghini-lanzador-ein-vollelektrischer-lambo\/#breadcrumb\",\"itemListElement\":[{\"@type\":\"ListItem\",\"position\":1,\"name\":\"Home\",\"item\":\"https:\/\/all-car-news.com\/de\/\"},{\"@type\":\"ListItem\",\"position\":2,\"name\":\"Lamborghini Lanzador: ein vollelektrischer Lambo?\"}]},{\"@type\":\"WebSite\",\"@id\":\"https:\/\/all-car-news.com\/de\/#website\",\"url\":\"https:\/\/all-car-news.com\/de\/\",\"name\":\"All cars news\",\"description\":\"\",\"publisher\":{\"@id\":\"https:\/\/all-car-news.com\/de\/#organization\"},\"potentialAction\":[{\"@type\":\"SearchAction\",\"target\":{\"@type\":\"EntryPoint\",\"urlTemplate\":\"https:\/\/all-car-news.com\/de\/?s={search_term_string}\"},\"query-input\":\"required name=search_term_string\"}],\"inLanguage\":\"de\"},{\"@type\":\"Organization\",\"@id\":\"https:\/\/all-car-news.com\/de\/#organization\",\"name\":\"All cars news\",\"url\":\"https:\/\/all-car-news.com\/de\/\",\"logo\":{\"@type\":\"ImageObject\",\"inLanguage\":\"de\",\"@id\":\"https:\/\/all-car-news.com\/de\/#\/schema\/logo\/image\/\",\"url\":\"https:\/\/all-car-news.com\/wp-content\/uploads\/2022\/02\/CMYK-AllCarNews_LANDSCAPE_300px-1.png\",\"contentUrl\":\"https:\/\/all-car-news.com\/wp-content\/uploads\/2022\/02\/CMYK-AllCarNews_LANDSCAPE_300px-1.png\",\"width\":300,\"height\":100,\"caption\":\"All cars news\"},\"image\":{\"@id\":\"https:\/\/all-car-news.com\/de\/#\/schema\/logo\/image\/\"}}]}<\/script>\n<!-- \/ Yoast SEO plugin. -->","yoast_head_json":{"title":"Lamborghini Lanzador: ein vollelektrischer Lambo? - All cars news","robots":{"index":"index","follow":"follow","max-snippet":"max-snippet:-1","max-image-preview":"max-image-preview:large","max-video-preview":"max-video-preview:-1"},"canonical":"https:\/\/all-car-news.com\/de\/lamborghini-lanzador-ein-vollelektrischer-lambo\/","og_locale":"de_DE","og_type":"article","og_title":"Lamborghini Lanzador: ein vollelektrischer Lambo? - All cars news","og_description":"Wichtiger Meilenstein \"Die Pr\u00e4sentation des vollelektrischen Lamborghini Lanzador Konzeptfahrzeugs ist ein wichtiger Meilenstein in der Geschichte unseres Unternehmens und definiert unseren Weg zur Dekarbonisierung und Elektrifizierung\", sagte Stephan Winkelmann, Pr\u00e4sident und CEO von Automobili Lamborghini. \"Es war sehr sch\u00f6n, die positive Reaktion unserer gesch\u00e4tzten Kunden auf diese Vision von [...]","og_url":"https:\/\/all-car-news.com\/de\/lamborghini-lanzador-ein-vollelektrischer-lambo\/","og_site_name":"All cars news","article_published_time":"2023-08-21T15:22:15+00:00","og_image":[{"url":"https:\/\/autorai.nl\/wp-content\/uploads\/2023\/08\/lamborghini-lanzador-concept-2023-foto1-360x270.jpg"}],"twitter_card":"summary_large_image","twitter_misc":{"Gesch\u00e4tzte Lesezeit":"1\u00a0Minute"},"schema":{"@context":"https:\/\/schema.org","@graph":[{"@type":"Article","@id":"https:\/\/all-car-news.com\/de\/lamborghini-lanzador-ein-vollelektrischer-lambo\/#article","isPartOf":{"@id":"https:\/\/all-car-news.com\/de\/lamborghini-lanzador-ein-vollelektrischer-lambo\/"},"author":{"name":"","@id":""},"headline":"Lamborghini Lanzador: ein vollelektrischer Lambo?","datePublished":"2023-08-21T15:22:15+00:00","dateModified":"2023-08-21T15:22:15+00:00","mainEntityOfPage":{"@id":"https:\/\/all-car-news.com\/de\/lamborghini-lanzador-ein-vollelektrischer-lambo\/"},"wordCount":228,"publisher":{"@id":"https:\/\/all-car-news.com\/de\/#organization"},"articleSection":["Auto Nachrichten"],"inLanguage":"de"},{"@type":"WebPage","@id":"https:\/\/all-car-news.com\/de\/lamborghini-lanzador-ein-vollelektrischer-lambo\/","url":"https:\/\/all-car-news.com\/de\/lamborghini-lanzador-ein-vollelektrischer-lambo\/","name":"Lamborghini Lanzador: ein vollelektrischer Lambo? - All cars news","isPartOf":{"@id":"https:\/\/all-car-news.com\/de\/#website"},"datePublished":"2023-08-21T15:22:15+00:00","dateModified":"2023-08-21T15:22:15+00:00","breadcrumb":{"@id":"https:\/\/all-car-news.com\/de\/lamborghini-lanzador-ein-vollelektrischer-lambo\/#breadcrumb"},"inLanguage":"de","potentialAction":[{"@type":"ReadAction","target":["https:\/\/all-car-news.com\/de\/lamborghini-lanzador-ein-vollelektrischer-lambo\/"]}]},{"@type":"BreadcrumbList","@id":"https:\/\/all-car-news.com\/de\/lamborghini-lanzador-ein-vollelektrischer-lambo\/#breadcrumb","itemListElement":[{"@type":"ListItem","position":1,"name":"Home","item":"https:\/\/all-car-news.com\/de\/"},{"@type":"ListItem","position":2,"name":"Lamborghini Lanzador: ein vollelektrischer Lambo?"}]},{"@type":"WebSite","@id":"https:\/\/all-car-news.com\/de\/#website","url":"https:\/\/all-car-news.com\/de\/","name":"All cars news","description":"","publisher":{"@id":"https:\/\/all-car-news.com\/de\/#organization"},"potentialAction":[{"@type":"SearchAction","target":{"@type":"EntryPoint","urlTemplate":"https:\/\/all-car-news.com\/de\/?s={search_term_string}"},"query-input":"required name=search_term_string"}],"inLanguage":"de"},{"@type":"Organization","@id":"https:\/\/all-car-news.com\/de\/#organization","name":"All cars news","url":"https:\/\/all-car-news.com\/de\/","logo":{"@type":"ImageObject","inLanguage":"de","@id":"https:\/\/all-car-news.com\/de\/#\/schema\/logo\/image\/","url":"https:\/\/all-car-news.com\/wp-content\/uploads\/2022\/02\/CMYK-AllCarNews_LANDSCAPE_300px-1.png","contentUrl":"https:\/\/all-car-news.com\/wp-content\/uploads\/2022\/02\/CMYK-AllCarNews_LANDSCAPE_300px-1.png","width":300,"height":100,"caption":"All cars news"},"image":{"@id":"https:\/\/all-car-news.com\/de\/#\/schema\/logo\/image\/"}}]}},"_links":{"self":[{"href":"https:\/\/all-car-news.com\/de\/wp-json\/wp\/v2\/posts\/138305","targetHints":{"allow":["GET"]}}],"collection":[{"href":"https:\/\/all-car-news.com\/de\/wp-json\/wp\/v2\/posts"}],"about":[{"href":"https:\/\/all-car-news.com\/de\/wp-json\/wp\/v2\/types\/post"}],"replies":[{"embeddable":true,"href":"https:\/\/all-car-news.com\/de\/wp-json\/wp\/v2\/comments?post=138305"}],"version-history":[{"count":0,"href":"https:\/\/all-car-news.com\/de\/wp-json\/wp\/v2\/posts\/138305\/revisions"}],"wp:featuredmedia":[{"embeddable":true,"href":"https:\/\/all-car-news.com\/de\/wp-json\/wp\/v2\/media\/138293"}],"wp:attachment":[{"href":"https:\/\/all-car-news.com\/de\/wp-json\/wp\/v2\/media?parent=138305"}],"wp:term":[{"taxonomy":"category","embeddable":true,"href":"https:\/\/all-car-news.com\/de\/wp-json\/wp\/v2\/categories?post=138305"},{"taxonomy":"post_tag","embeddable":true,"href":"https:\/\/all-car-news.com\/de\/wp-json\/wp\/v2\/tags?post=138305"}],"curies":[{"name":"wp","href":"https:\/\/api.w.org\/{rel}","templated":true}]}}