{"id":138149,"date":"2023-08-15T14:07:14","date_gmt":"2023-08-15T14:07:14","guid":{"rendered":"https:\/\/all-car-news.com\/ford-91a-v8-aus-who-framed-roger-rabbit-kommt-unter-den-hammer\/"},"modified":"2023-08-15T14:07:14","modified_gmt":"2023-08-15T14:07:14","slug":"ford-91a-v8-aus-who-framed-roger-rabbit-kommt-unter-den-hammer","status":"publish","type":"post","link":"https:\/\/all-car-news.com\/de\/ford-91a-v8-aus-who-framed-roger-rabbit-kommt-unter-den-hammer\/","title":{"rendered":"Ford 91A V8 aus &#8218;Who Framed Roger Rabbit&#8216; kommt unter den Hammer"},"content":{"rendered":"<h2>Ein 1939er Ford 91A V8<\/h2>\n<p>Der Ford 91A V8 aus dem Film Who Framed Roger Rabbit erblickte 1939 das Licht der Welt. In den 1960er Jahren landete er im Vereinigten K\u00f6nigreich. In den 1980er Jahren wurde die V8-angetriebene Limousine einer umfassenden Restaurierung unterzogen. Danach verbrachte er Jahre in einem Museum, bevor er 1988 in dem Film Who Framed Roger Rabbit auf der Leinwand erschien. Dieser Film hat eine wichtige Rolle in der Filmgeschichte gespielt. In dem Film lebten Zeichentrickfiguren neben echten Menschen.<\/p>\n<\/p>\n<figure class=\"wp-block-embed is-type-video is-provider-youtube wp-block-embed-youtube wp-embed-aspect-16-9 wp-has-aspect-ratio\">\n<div class=\"wp-block-embed__wrapper\">\n<\/div>\n<\/figure>\n<h2>Toontown<\/h2>\n<p>Mit seiner Karosserie im Art-D\u00e9co-Stil passte dieser Ford perfekt in das Bild von Toontown, das in der N\u00e4he von Los Angeles liegt. Wer hat Roger Rabbit reingelegt&#8220; spielt im Jahr 1947 und wurde in den Elstree Studios in London gedreht, wobei Ford in mehreren Szenen und im Werbematerial des Films neben Bob Hoskins zu sehen ist.<\/p>\n<p>Der von Disney unterst\u00fctzte Film erhielt begeisterte Kritiken und wurde f\u00fcr seine gelungene Mischung aus Live-Action und Animation gelobt und gewann neben vielen anderen Auszeichnungen vier Academy Awards.<\/p>\n<div class=\"galery shuffle galery-0\">\n<figure>\n\t\t\t\t\t<span style=\"cursor: pointer\" data-src=\"https:\/\/autorai.nl\/wp-content\/uploads\/2023\/08\/ford-who-framed-roger-rabbit-auction-foto7-1600x1068.jpg\" data-fancybox=\"galery-0\" title=\"\"><br \/>\n\t\t\t\t\t\t\t<img decoding=\"async\" width=\"640\" height=\"480\" src=\"https:\/\/autorai.nl\/wp-content\/uploads\/2023\/08\/ford-who-framed-roger-rabbit-auction-foto7-640x480.jpg\" class=\"attachment-medium size-medium\" alt=\"\" loading=\"lazy\"><i class=\"fa fa-search-plus\" aria-hidden=\"true\"><\/i><br \/>\n\t\t\t\t\t\t<\/span><br \/>\n\t\t\t\t\t<\/figure>\n<figure>\n\t\t\t\t\t<span style=\"cursor: pointer\" data-src=\"https:\/\/autorai.nl\/wp-content\/uploads\/2023\/08\/ford-who-framed-roger-rabbit-auction-foto6-1600x1068.jpg\" data-fancybox=\"galery-0\" title=\"\"><br \/>\n\t\t\t\t\t\t\t<img decoding=\"async\" width=\"360\" height=\"270\" src=\"https:\/\/autorai.nl\/wp-content\/uploads\/2023\/08\/ford-who-framed-roger-rabbit-auction-foto6-360x270.jpg\" class=\"attachment-small size-small\" alt=\"\" loading=\"lazy\"><i class=\"fa fa-search-plus\" aria-hidden=\"true\"><\/i><br \/>\n\t\t\t\t\t\t<\/span><br \/>\n\t\t\t\t\t<\/figure>\n<figure>\n\t\t\t\t\t<span style=\"cursor: pointer\" data-src=\"https:\/\/autorai.nl\/wp-content\/uploads\/2023\/08\/ford-who-framed-roger-rabbit-auction-foto4-1600x1068.jpg\" data-fancybox=\"galery-0\" title=\"\"><br \/>\n\t\t\t\t\t\t\t<img decoding=\"async\" width=\"360\" height=\"270\" src=\"https:\/\/autorai.nl\/wp-content\/uploads\/2023\/08\/ford-who-framed-roger-rabbit-auction-foto4-360x270.jpg\" class=\"attachment-small size-small\" alt=\"\" loading=\"lazy\"><i class=\"fa fa-search-plus\" aria-hidden=\"true\"><\/i><br \/>\n\t\t\t\t\t\t<\/span><br \/>\n\t\t\t\t\t<\/figure>\n<figure>\n\t\t\t\t\t<span style=\"cursor: pointer\" data-src=\"https:\/\/autorai.nl\/wp-content\/uploads\/2023\/08\/ford-who-framed-roger-rabbit-auction-foto3-1600x1068.jpg\" data-fancybox=\"galery-0\" title=\"\"><br \/>\n\t\t\t\t\t\t\t<img decoding=\"async\" width=\"640\" height=\"480\" src=\"https:\/\/autorai.nl\/wp-content\/uploads\/2023\/08\/ford-who-framed-roger-rabbit-auction-foto3-640x480.jpg\" class=\"attachment-medium size-medium\" alt=\"\" loading=\"lazy\"><i class=\"fa fa-search-plus\" aria-hidden=\"true\"><\/i><br \/>\n\t\t\t\t\t\t<\/span><br \/>\n\t\t\t\t\t<\/figure>\n<figure>\n\t\t\t\t\t<span style=\"cursor: pointer\" data-src=\"https:\/\/autorai.nl\/wp-content\/uploads\/2023\/08\/ford-who-framed-roger-rabbit-auction-foto2-1600x1068.jpg\" data-fancybox=\"galery-0\" title=\"\"><br \/>\n\t\t\t\t\t\t\t<img decoding=\"async\" width=\"360\" height=\"270\" src=\"https:\/\/autorai.nl\/wp-content\/uploads\/2023\/08\/ford-who-framed-roger-rabbit-auction-foto2-360x270.jpg\" class=\"attachment-small size-small\" alt=\"\" loading=\"lazy\"><i class=\"fa fa-search-plus\" aria-hidden=\"true\"><\/i><br \/>\n\t\t\t\t\t\t<\/span><br \/>\n\t\t\t\t\t<\/figure>\n<figure>\n\t\t\t\t\t<span style=\"cursor: pointer\" data-src=\"https:\/\/autorai.nl\/wp-content\/uploads\/2023\/08\/ford-who-framed-roger-rabbit-auction-foto1-1600x1068.jpg\" data-fancybox=\"galery-0\" title=\"\"><br \/>\n\t\t\t\t\t\t\t<img decoding=\"async\" width=\"360\" height=\"270\" src=\"https:\/\/autorai.nl\/wp-content\/uploads\/2023\/08\/ford-who-framed-roger-rabbit-auction-foto1-360x270.jpg\" class=\"attachment-small size-small\" alt=\"\" loading=\"lazy\"><i class=\"fa fa-search-plus\" aria-hidden=\"true\"><\/i><br \/>\n\t\t\t\t\t\t<\/span><br \/>\n\t\t\t\t\t<\/figure>\n<div class=\"clear\"><\/div>\n<\/div>\n<h2>Liebevoll umsorgt<\/h2>\n<p>Das kultige Ford-Modell ist noch weitgehend original, profitiert aber von subtilen Verbesserungen wie einem besseren Edelbrock-Ansaugsystem und einem gr\u00f6\u00dferen Aluminiumk\u00fchler, die sowohl die Leistung als auch die Zuverl\u00e4ssigkeit verbessern. Der jetzige Besitzer, der das Auto seit 27 Jahren besitzt, hat sich bem\u00fcht, seine Originalit\u00e4t und seinen Status zu erhalten. Ein umfangreicher Ordner mit Papieren, Rechnungen und Zulassungspapieren, ein originales Ford De Luxe-Bedienungsheft und eine &#8222;Einfahranleitung&#8220; best\u00e4tigen, dass der Besitzer diesen Ford sehr gut gepflegt hat. Die f\u00fcnft\u00e4gige Auktion von Car &amp; Classic beginnt am 19. August. Vermutlich wird dieser Ford zwischen \u00a320.000 und \u00a330.000 kosten.<\/p>\n<figure class=\"wp-block-image size-content\"><img decoding=\"async\" loading=\"lazy\" width=\"1140\" height=\"797\" src=\"https:\/\/autorai.nl\/wp-content\/uploads\/2023\/08\/ford-who-framed-roger-rabbit-auction-foto5-1140x797.jpg\" alt=\"ESSICA RABBIT, BOB HOSKINS, ROGER RABBIT, WER HAT ROGER RABBIT REINGELEGT, 1988\" class=\"wp-image-164743\"><figcaption>T2YC2P JESSICA RABBIT, BOB HOSKINS, ROGER RABBIT, WER HAT ROGER RABBIT REINGELEGT, 1988<\/figcaption><\/figure>\n","protected":false},"excerpt":{"rendered":"Ein Ford 91A V8 von 1939 Der Ford 91A V8 aus dem Film Who Framed Roger Rabbit erblickte 1939 das&hellip;","protected":false},"author":0,"featured_media":138085,"comment_status":"","ping_status":"open","sticky":false,"template":"","format":"standard","meta":{"footnotes":""},"categories":[125,128],"tags":[],"class_list":["post-138149","post","type-post","status-publish","format-standard","has-post-thumbnail","hentry","category-auto-nachrichten","category-hintergrund"],"acf":[],"yoast_head":"<!-- This site is optimized with the Yoast SEO plugin v21.2 - https:\/\/yoast.com\/wordpress\/plugins\/seo\/ -->\n<title>Ford 91A V8 aus &#039;Who Framed Roger Rabbit&#039; kommt unter den Hammer - All cars news<\/title>\n<meta name=\"robots\" content=\"index, follow, max-snippet:-1, max-image-preview:large, max-video-preview:-1\" \/>\n<link rel=\"canonical\" href=\"https:\/\/all-car-news.com\/de\/ford-91a-v8-aus-who-framed-roger-rabbit-kommt-unter-den-hammer\/\" \/>\n<meta property=\"og:locale\" content=\"de_DE\" \/>\n<meta property=\"og:type\" content=\"article\" \/>\n<meta property=\"og:title\" content=\"Ford 91A V8 aus &#039;Who Framed Roger Rabbit&#039; kommt unter den Hammer - All cars news\" \/>\n<meta property=\"og:description\" content=\"Ein Ford 91A V8 von 1939 Der Ford 91A V8 aus dem Film Who Framed Roger Rabbit erblickte 1939 das Licht der Welt. In den 1960er Jahren landete er im Vereinigten K\u00f6nigreich. In den 1980er Jahren wurde die V8-angetriebene Limousine einer umfassenden Restaurierung unterzogen. Danach verbrachte er Jahre in [...]\" \/>\n<meta property=\"og:url\" content=\"https:\/\/all-car-news.com\/de\/ford-91a-v8-aus-who-framed-roger-rabbit-kommt-unter-den-hammer\/\" \/>\n<meta property=\"og:site_name\" content=\"All cars news\" \/>\n<meta property=\"article:published_time\" content=\"2023-08-15T14:07:14+00:00\" \/>\n<meta property=\"og:image\" content=\"https:\/\/autorai.nl\/wp-content\/uploads\/2023\/08\/ford-who-framed-roger-rabbit-auction-foto7-640x480.jpg\" \/>\n<meta name=\"twitter:card\" content=\"summary_large_image\" \/>\n<meta name=\"twitter:label1\" content=\"Gesch\u00e4tzte Lesezeit\" \/>\n\t<meta name=\"twitter:data1\" content=\"1\u00a0Minute\" \/>\n<script type=\"application\/ld+json\" class=\"yoast-schema-graph\">{\"@context\":\"https:\/\/schema.org\",\"@graph\":[{\"@type\":\"Article\",\"@id\":\"https:\/\/all-car-news.com\/de\/ford-91a-v8-aus-who-framed-roger-rabbit-kommt-unter-den-hammer\/#article\",\"isPartOf\":{\"@id\":\"https:\/\/all-car-news.com\/de\/ford-91a-v8-aus-who-framed-roger-rabbit-kommt-unter-den-hammer\/\"},\"author\":{\"name\":\"\",\"@id\":\"\"},\"headline\":\"Ford 91A V8 aus &#8218;Who Framed Roger Rabbit&#8216; kommt unter den Hammer\",\"datePublished\":\"2023-08-15T14:07:14+00:00\",\"dateModified\":\"2023-08-15T14:07:14+00:00\",\"mainEntityOfPage\":{\"@id\":\"https:\/\/all-car-news.com\/de\/ford-91a-v8-aus-who-framed-roger-rabbit-kommt-unter-den-hammer\/\"},\"wordCount\":297,\"publisher\":{\"@id\":\"https:\/\/all-car-news.com\/de\/#organization\"},\"articleSection\":[\"Auto Nachrichten\",\"Hintergrund\"],\"inLanguage\":\"de\"},{\"@type\":\"WebPage\",\"@id\":\"https:\/\/all-car-news.com\/de\/ford-91a-v8-aus-who-framed-roger-rabbit-kommt-unter-den-hammer\/\",\"url\":\"https:\/\/all-car-news.com\/de\/ford-91a-v8-aus-who-framed-roger-rabbit-kommt-unter-den-hammer\/\",\"name\":\"Ford 91A V8 aus 'Who Framed Roger Rabbit' kommt unter den Hammer - All cars news\",\"isPartOf\":{\"@id\":\"https:\/\/all-car-news.com\/de\/#website\"},\"datePublished\":\"2023-08-15T14:07:14+00:00\",\"dateModified\":\"2023-08-15T14:07:14+00:00\",\"breadcrumb\":{\"@id\":\"https:\/\/all-car-news.com\/de\/ford-91a-v8-aus-who-framed-roger-rabbit-kommt-unter-den-hammer\/#breadcrumb\"},\"inLanguage\":\"de\",\"potentialAction\":[{\"@type\":\"ReadAction\",\"target\":[\"https:\/\/all-car-news.com\/de\/ford-91a-v8-aus-who-framed-roger-rabbit-kommt-unter-den-hammer\/\"]}]},{\"@type\":\"BreadcrumbList\",\"@id\":\"https:\/\/all-car-news.com\/de\/ford-91a-v8-aus-who-framed-roger-rabbit-kommt-unter-den-hammer\/#breadcrumb\",\"itemListElement\":[{\"@type\":\"ListItem\",\"position\":1,\"name\":\"Home\",\"item\":\"https:\/\/all-car-news.com\/de\/\"},{\"@type\":\"ListItem\",\"position\":2,\"name\":\"Ford 91A V8 aus &#8218;Who Framed Roger Rabbit&#8216; kommt unter den Hammer\"}]},{\"@type\":\"WebSite\",\"@id\":\"https:\/\/all-car-news.com\/de\/#website\",\"url\":\"https:\/\/all-car-news.com\/de\/\",\"name\":\"All cars news\",\"description\":\"\",\"publisher\":{\"@id\":\"https:\/\/all-car-news.com\/de\/#organization\"},\"potentialAction\":[{\"@type\":\"SearchAction\",\"target\":{\"@type\":\"EntryPoint\",\"urlTemplate\":\"https:\/\/all-car-news.com\/de\/?s={search_term_string}\"},\"query-input\":\"required name=search_term_string\"}],\"inLanguage\":\"de\"},{\"@type\":\"Organization\",\"@id\":\"https:\/\/all-car-news.com\/de\/#organization\",\"name\":\"All cars news\",\"url\":\"https:\/\/all-car-news.com\/de\/\",\"logo\":{\"@type\":\"ImageObject\",\"inLanguage\":\"de\",\"@id\":\"https:\/\/all-car-news.com\/de\/#\/schema\/logo\/image\/\",\"url\":\"https:\/\/all-car-news.com\/wp-content\/uploads\/2022\/02\/CMYK-AllCarNews_LANDSCAPE_300px-1.png\",\"contentUrl\":\"https:\/\/all-car-news.com\/wp-content\/uploads\/2022\/02\/CMYK-AllCarNews_LANDSCAPE_300px-1.png\",\"width\":300,\"height\":100,\"caption\":\"All cars news\"},\"image\":{\"@id\":\"https:\/\/all-car-news.com\/de\/#\/schema\/logo\/image\/\"}}]}<\/script>\n<!-- \/ Yoast SEO plugin. -->","yoast_head_json":{"title":"Ford 91A V8 aus 'Who Framed Roger Rabbit' kommt unter den Hammer - All cars news","robots":{"index":"index","follow":"follow","max-snippet":"max-snippet:-1","max-image-preview":"max-image-preview:large","max-video-preview":"max-video-preview:-1"},"canonical":"https:\/\/all-car-news.com\/de\/ford-91a-v8-aus-who-framed-roger-rabbit-kommt-unter-den-hammer\/","og_locale":"de_DE","og_type":"article","og_title":"Ford 91A V8 aus 'Who Framed Roger Rabbit' kommt unter den Hammer - All cars news","og_description":"Ein Ford 91A V8 von 1939 Der Ford 91A V8 aus dem Film Who Framed Roger Rabbit erblickte 1939 das Licht der Welt. In den 1960er Jahren landete er im Vereinigten K\u00f6nigreich. In den 1980er Jahren wurde die V8-angetriebene Limousine einer umfassenden Restaurierung unterzogen. Danach verbrachte er Jahre in [...]","og_url":"https:\/\/all-car-news.com\/de\/ford-91a-v8-aus-who-framed-roger-rabbit-kommt-unter-den-hammer\/","og_site_name":"All cars news","article_published_time":"2023-08-15T14:07:14+00:00","og_image":[{"url":"https:\/\/autorai.nl\/wp-content\/uploads\/2023\/08\/ford-who-framed-roger-rabbit-auction-foto7-640x480.jpg"}],"twitter_card":"summary_large_image","twitter_misc":{"Gesch\u00e4tzte Lesezeit":"1\u00a0Minute"},"schema":{"@context":"https:\/\/schema.org","@graph":[{"@type":"Article","@id":"https:\/\/all-car-news.com\/de\/ford-91a-v8-aus-who-framed-roger-rabbit-kommt-unter-den-hammer\/#article","isPartOf":{"@id":"https:\/\/all-car-news.com\/de\/ford-91a-v8-aus-who-framed-roger-rabbit-kommt-unter-den-hammer\/"},"author":{"name":"","@id":""},"headline":"Ford 91A V8 aus &#8218;Who Framed Roger Rabbit&#8216; kommt unter den Hammer","datePublished":"2023-08-15T14:07:14+00:00","dateModified":"2023-08-15T14:07:14+00:00","mainEntityOfPage":{"@id":"https:\/\/all-car-news.com\/de\/ford-91a-v8-aus-who-framed-roger-rabbit-kommt-unter-den-hammer\/"},"wordCount":297,"publisher":{"@id":"https:\/\/all-car-news.com\/de\/#organization"},"articleSection":["Auto Nachrichten","Hintergrund"],"inLanguage":"de"},{"@type":"WebPage","@id":"https:\/\/all-car-news.com\/de\/ford-91a-v8-aus-who-framed-roger-rabbit-kommt-unter-den-hammer\/","url":"https:\/\/all-car-news.com\/de\/ford-91a-v8-aus-who-framed-roger-rabbit-kommt-unter-den-hammer\/","name":"Ford 91A V8 aus 'Who Framed Roger Rabbit' kommt unter den Hammer - All cars news","isPartOf":{"@id":"https:\/\/all-car-news.com\/de\/#website"},"datePublished":"2023-08-15T14:07:14+00:00","dateModified":"2023-08-15T14:07:14+00:00","breadcrumb":{"@id":"https:\/\/all-car-news.com\/de\/ford-91a-v8-aus-who-framed-roger-rabbit-kommt-unter-den-hammer\/#breadcrumb"},"inLanguage":"de","potentialAction":[{"@type":"ReadAction","target":["https:\/\/all-car-news.com\/de\/ford-91a-v8-aus-who-framed-roger-rabbit-kommt-unter-den-hammer\/"]}]},{"@type":"BreadcrumbList","@id":"https:\/\/all-car-news.com\/de\/ford-91a-v8-aus-who-framed-roger-rabbit-kommt-unter-den-hammer\/#breadcrumb","itemListElement":[{"@type":"ListItem","position":1,"name":"Home","item":"https:\/\/all-car-news.com\/de\/"},{"@type":"ListItem","position":2,"name":"Ford 91A V8 aus &#8218;Who Framed Roger Rabbit&#8216; kommt unter den Hammer"}]},{"@type":"WebSite","@id":"https:\/\/all-car-news.com\/de\/#website","url":"https:\/\/all-car-news.com\/de\/","name":"All cars news","description":"","publisher":{"@id":"https:\/\/all-car-news.com\/de\/#organization"},"potentialAction":[{"@type":"SearchAction","target":{"@type":"EntryPoint","urlTemplate":"https:\/\/all-car-news.com\/de\/?s={search_term_string}"},"query-input":"required name=search_term_string"}],"inLanguage":"de"},{"@type":"Organization","@id":"https:\/\/all-car-news.com\/de\/#organization","name":"All cars news","url":"https:\/\/all-car-news.com\/de\/","logo":{"@type":"ImageObject","inLanguage":"de","@id":"https:\/\/all-car-news.com\/de\/#\/schema\/logo\/image\/","url":"https:\/\/all-car-news.com\/wp-content\/uploads\/2022\/02\/CMYK-AllCarNews_LANDSCAPE_300px-1.png","contentUrl":"https:\/\/all-car-news.com\/wp-content\/uploads\/2022\/02\/CMYK-AllCarNews_LANDSCAPE_300px-1.png","width":300,"height":100,"caption":"All cars news"},"image":{"@id":"https:\/\/all-car-news.com\/de\/#\/schema\/logo\/image\/"}}]}},"_links":{"self":[{"href":"https:\/\/all-car-news.com\/de\/wp-json\/wp\/v2\/posts\/138149","targetHints":{"allow":["GET"]}}],"collection":[{"href":"https:\/\/all-car-news.com\/de\/wp-json\/wp\/v2\/posts"}],"about":[{"href":"https:\/\/all-car-news.com\/de\/wp-json\/wp\/v2\/types\/post"}],"replies":[{"embeddable":true,"href":"https:\/\/all-car-news.com\/de\/wp-json\/wp\/v2\/comments?post=138149"}],"version-history":[{"count":0,"href":"https:\/\/all-car-news.com\/de\/wp-json\/wp\/v2\/posts\/138149\/revisions"}],"wp:featuredmedia":[{"embeddable":true,"href":"https:\/\/all-car-news.com\/de\/wp-json\/wp\/v2\/media\/138085"}],"wp:attachment":[{"href":"https:\/\/all-car-news.com\/de\/wp-json\/wp\/v2\/media?parent=138149"}],"wp:term":[{"taxonomy":"category","embeddable":true,"href":"https:\/\/all-car-news.com\/de\/wp-json\/wp\/v2\/categories?post=138149"},{"taxonomy":"post_tag","embeddable":true,"href":"https:\/\/all-car-news.com\/de\/wp-json\/wp\/v2\/tags?post=138149"}],"curies":[{"name":"wp","href":"https:\/\/api.w.org\/{rel}","templated":true}]}}