{"id":137695,"date":"2023-08-02T07:55:23","date_gmt":"2023-08-02T07:55:23","guid":{"rendered":"https:\/\/all-car-news.com\/porsche-911-s-t-der-leichteste-911er-der-992-baureihe\/"},"modified":"2023-08-02T07:55:23","modified_gmt":"2023-08-02T07:55:23","slug":"porsche-911-s-t-der-leichteste-911er-der-992-baureihe","status":"publish","type":"post","link":"https:\/\/all-car-news.com\/de\/porsche-911-s-t-der-leichteste-911er-der-992-baureihe\/","title":{"rendered":"Porsche 911 S\/T: der leichteste 911er der 992-Baureihe"},"content":{"rendered":"<h2>GT3 RS-Motor mit Schaltgetriebe<\/h2>\n<p>Erstmals wird der 386 kW (525 PS) starke Motor aus dem 911 GT3 RS mit einem Handschaltgetriebe und einer neu entwickelten Leichtbaukupplung kombiniert. Der 4,0-Liter-Boxermotor aus dem 911 GT3 RS besticht schon allein durch seinen hochdrehenden Charakter. Der 911 S\/T vereint laut Porsche die St\u00e4rken des 911 GT3 mit Touring-Paket und des 911 GT3 RS.  <\/p>\n<h2>Gewicht Porsche 911 S\/T<\/h2>\n<p>Durch seine Leichtbauweise wiegt der Porsche 911 S\/T nur 1.380 Kilogramm (DIN, 1.455 Kilogramm EU unbeladen). Damit ist er der leichteste 911er der Baureihe 992. Die Frontscheibe, das Dach, die vorderen Radk\u00e4sten und die T\u00fcren mit den markanten Lufteinl\u00e4ssen sind aus kohlenstofffaserverst\u00e4rktem Kunststoff (CFK: Carbon Fiber Reinforced Plastics) gefertigt. Dazu geh\u00f6ren der Sicherheitsk\u00e4fig, der Hinterachsstabilisator und das &#8222;Shear Panel&#8220;, das Verst\u00e4rkungselement der Hinterachse.  <\/p>\n<blockquote class=\"wp-block-quote\">\n<p>&#8222;Der S\/T ist der einzige 911 der aktuellen Generation ohne Hinterradlenkung.&#8220;<\/p>\n<\/blockquote>\n<h2>Fehlende Hinterradlenkung<\/h2>\n<p>Magnesiumfelgen, Keramikbremsen (PCCB), eine Lithium-Ionen-Starterbatterie und Leichtglas sind ebenfalls Standard. Zusammen mit einer geringeren Ger\u00e4uschd\u00e4mmung, dem Verzicht auf die Hinterradlenkung und Gewichtseinsparungen im Antriebsstrang ist der 911 S\/T nochmals 40 Kilogramm leichter als der 911 GT3 mit Schaltgetriebe. Speziell f\u00fcr den 911 S\/T hat Porsche eine neue Leichtbaukupplung entwickelt. Zusammen mit dem Einmassenschwungrad reduziert dies das Gewicht der rotierenden Masse um 10,5 Kilogramm, wodurch das Ansprechverhalten des atmosph\u00e4rischen Boxermotors noch direkter wird und die Drehzahlen au\u00dfergew\u00f6hnlich schnell ansteigen.<\/p>\n<figure class=\"wp-block-image size-content\"><img decoding=\"async\" loading=\"lazy\" width=\"1140\" height=\"761\" src=\"https:\/\/autorai.nl\/wp-content\/uploads\/2023\/08\/porsche911st1-1140x761.jpg\" alt=\"Porsche 911 S\/T 2023\" class=\"wp-image-163683\"><\/figure>\n<h2>Leistung<\/h2>\n<p>Das Sechsgang-Getriebe ist k\u00fcrzer \u00fcbersetzt als das des 911 GT3. Unter anderem deshalb beschleunigt der 911 S\/T in nur 3,7 Sekunden von 0 auf 100 km\/h. Seine H\u00f6chstgeschwindigkeit betr\u00e4gt 300 km\/h. Der S\/T ist der einzige 911 der aktuellen Generation ohne Hinterradlenkung. Vorne hat er eine Doppelquerlenkeraufh\u00e4ngung.<\/p>\n<h2>Gurney<\/h2>\n<p>Auch die aerodynamischen Eigenschaften des 911 S\/T wurden in erster Linie f\u00fcr den Stra\u00dfeneinsatz entwickelt. Dabei f\u00e4llt die Gurney-Klappe&#8220; am versenkbaren Heckspoiler sofort ins Auge. Der 911 S\/T hat Magnesiumfelgen mit einer zentralen Radmutter. An der Vorderachse sind 20-Zoll-Felgen und an der Hinterachse 21-Zoll-Felgen montiert. Vorne ist dieser Porsche mit Reifen der Gr\u00f6\u00dfe 225\/35 ZR 20 ausgestattet. An der Hinterachse ist der Reifen in der Gr\u00f6\u00dfe 315\/30 ZR 21.<\/p>\n<h2>Innenraum Porsche 911 S\/T<\/h2>\n<p>Auch der Innenraum ist sehr sportlich. So sind zum Beispiel CFK-Schalensitze Standard. Der vierfach elektrisch verstellbare Sportsitz Plus ist ohne Aufpreis erh\u00e4ltlich. Die gr\u00fcn lackierten Instrumente (einschlie\u00dflich der Uhr des Sport-Chrono-Pakets) sind eine Anspielung auf die Instrumentierung der fr\u00fchen 911-Modelle.<\/p>\n<figure class=\"wp-block-image size-content\"><img decoding=\"async\" loading=\"lazy\" width=\"1140\" height=\"761\" src=\"https:\/\/autorai.nl\/wp-content\/uploads\/2023\/08\/porsche911st18-1140x761.jpg\" alt=\"Innenraum Porsche 911 S\/T\" class=\"wp-image-163698\"><\/figure>\n<h2>Heritage Design Paket<\/h2>\n<p>Das optionale Heritage-Design-Paket l\u00e4sst die Rennatmosph\u00e4re des 911 S aus den sp\u00e4ten 1960er und fr\u00fchen 1970er Jahren wieder aufleben. Die mitgelieferte neue Au\u00dfenfarbe Shoreblue Metallic und die Felgenfarbe Ceramica wurden exklusiv f\u00fcr diese besonders elegante Version entworfen. Die T\u00fcren k\u00f6nnen mit einer Startnummer von 0-99 versehen werden und sind auch mit einer Dekorfolie erh\u00e4ltlich. Der klassische Porsche-Schriftzug des Ur-911 auf der Frontabdeckung, den Radmuttern, dem Lenkrad und den Kopfst\u00fctzen unterstreicht den historischen Charakter des Fahrzeugs zus\u00e4tzlich. Der mittlere Teil der Sitze ist mit einem Stoff im klassischen Cognac-Streifendesign bezogen. Die Seitenteile der Sitze und die Armlehnen sind mit zweifarbigem Semianilinleder (Black\/Classic Cognac) bezogen. Der Dachhimmel aus perforiertem Dinamica stammt wie andere Ausstattungsdetails aus der Porsche Exclusive Manufaktur. Das Porsche-Logo und die Bezeichnung 911 S\/T auf der R\u00fcckseite sind in (klassischem) Gold gehalten.<\/p>\n<h2>Wie sp\u00e4t ist es?<\/h2>\n<p>Speziell f\u00fcr K\u00e4ufer eines 911 S\/T ist der Chronograph 1-911 S\/T erh\u00e4ltlich. Diese Uhr hat ein Titangeh\u00e4use, das ganz dem einzigartigen, puristischen Charakter des 911 S\/T entspricht. Aus Gr\u00fcnden der Gewichtseinsparung wurde das Geh\u00e4use gestrahlt und nicht lackiert. Das Herzst\u00fcck dieser exklusiven Chronographenuhr ist das Porsche Design WERK 01.240 mit COSC-Zertifizierung und Flyback-Funktion. Der sichtbare Rotor ist im Design der Magnesiumfelgen des 911 S\/T gehalten.<\/p>\n<p>Die Markteinf\u00fchrung des Porsche 911 S\/T in den Niederlanden ist f\u00fcr Oktober geplant. Ein 911 GT3 RS kostet rund 350.000 Euro und ein 911 GT3 ist ab rund 276.000 Euro zu haben. Diese limitierte Auflage ist ein wenig teurer. Der niederl\u00e4ndische Preis liegt bei 411.200 Euro, einschlie\u00dflich Porsche Design Chronograph (11.950 Euro).<\/p>\n<h2>Geschichte Porsche S\/T<\/h2>\n<p>Die Bezeichnung S\/T geht auf den 911 S der ersten 911-Generation zur\u00fcck. Seine Rennversion, die ab 1969 erh\u00e4ltlich war, wurde intern als 911 ST gef\u00fchrt. \u00c4nderungen am Fahrwerk, an den R\u00e4dern, am Motor und an der Karosserie verbesserten die Leistungen dieses Modells in Bezug auf Beschleunigung, Bremsen, Traktion und Kurvenstabilit\u00e4t. Es fehlten jedoch gro\u00dfe Spoiler und andere aerodynamische Hilfsmittel. Der neue 911 S\/T setzt dieses Konzept in der aktuellen Modellgeneration um.<\/p>\n<div class=\"galery shuffle galery-0\">\n<figure>\n\t\t\t\t\t<span style=\"cursor: pointer\" data-src=\"https:\/\/autorai.nl\/wp-content\/uploads\/2023\/08\/porsche911st26-1600x1200.jpg\" data-fancybox=\"galery-0\" title=\"\"><br \/>\n\t\t\t\t\t\t\t<img decoding=\"async\" width=\"640\" height=\"480\" src=\"https:\/\/autorai.nl\/wp-content\/uploads\/2023\/08\/porsche911st26-640x480.jpg\" class=\"attachment-medium size-medium\" alt=\"\" loading=\"lazy\"><i class=\"fa fa-search-plus\" aria-hidden=\"true\"><\/i><br \/>\n\t\t\t\t\t\t<\/span><br \/>\n\t\t\t\t\t<\/figure>\n<figure>\n\t\t\t\t\t<span style=\"cursor: pointer\" data-src=\"https:\/\/autorai.nl\/wp-content\/uploads\/2023\/08\/porsche911st25-1600x1068.jpg\" data-fancybox=\"galery-0\" title=\"\"><br \/>\n\t\t\t\t\t\t\t<img decoding=\"async\" width=\"360\" height=\"270\" src=\"https:\/\/autorai.nl\/wp-content\/uploads\/2023\/08\/porsche911st25-360x270.jpg\" class=\"attachment-small size-small\" alt=\"\" loading=\"lazy\"><i class=\"fa fa-search-plus\" aria-hidden=\"true\"><\/i><br \/>\n\t\t\t\t\t\t<\/span><br \/>\n\t\t\t\t\t<\/figure>\n<figure>\n\t\t\t\t\t<span style=\"cursor: pointer\" data-src=\"https:\/\/autorai.nl\/wp-content\/uploads\/2023\/08\/porsche911st24-1600x1073.jpg\" data-fancybox=\"galery-0\" title=\"\"><br \/>\n\t\t\t\t\t\t\t<img decoding=\"async\" width=\"360\" height=\"270\" src=\"https:\/\/autorai.nl\/wp-content\/uploads\/2023\/08\/porsche911st24-360x270.jpg\" class=\"attachment-small size-small\" alt=\"\" loading=\"lazy\"><i class=\"fa fa-search-plus\" aria-hidden=\"true\"><\/i><br \/>\n\t\t\t\t\t\t<\/span><br \/>\n\t\t\t\t\t<\/figure>\n<figure>\n\t\t\t\t\t<span style=\"cursor: pointer\" data-src=\"https:\/\/autorai.nl\/wp-content\/uploads\/2023\/08\/porsche911st23-1600x1068.jpg\" data-fancybox=\"galery-0\" title=\"\"><br \/>\n\t\t\t\t\t\t\t<img decoding=\"async\" width=\"640\" height=\"480\" src=\"https:\/\/autorai.nl\/wp-content\/uploads\/2023\/08\/porsche911st23-640x480.jpg\" class=\"attachment-medium size-medium\" alt=\"\" loading=\"lazy\"><i class=\"fa fa-search-plus\" aria-hidden=\"true\"><\/i><br \/>\n\t\t\t\t\t\t<\/span><br \/>\n\t\t\t\t\t<\/figure>\n<figure>\n\t\t\t\t\t<span style=\"cursor: pointer\" data-src=\"https:\/\/autorai.nl\/wp-content\/uploads\/2023\/08\/porsche911st22-1600x1068.jpg\" data-fancybox=\"galery-0\" title=\"\"><br \/>\n\t\t\t\t\t\t\t<img decoding=\"async\" width=\"360\" height=\"270\" src=\"https:\/\/autorai.nl\/wp-content\/uploads\/2023\/08\/porsche911st22-360x270.jpg\" class=\"attachment-small size-small\" alt=\"\" loading=\"lazy\"><i class=\"fa fa-search-plus\" aria-hidden=\"true\"><\/i><br \/>\n\t\t\t\t\t\t<\/span><br \/>\n\t\t\t\t\t<\/figure>\n<figure>\n\t\t\t\t\t<span style=\"cursor: pointer\" data-src=\"https:\/\/autorai.nl\/wp-content\/uploads\/2023\/08\/porsche911st21-1600x1068.jpg\" data-fancybox=\"galery-0\" title=\"\"><br \/>\n\t\t\t\t\t\t\t<img decoding=\"async\" width=\"360\" height=\"270\" src=\"https:\/\/autorai.nl\/wp-content\/uploads\/2023\/08\/porsche911st21-360x270.jpg\" class=\"attachment-small size-small\" alt=\"\" loading=\"lazy\"><i class=\"fa fa-search-plus\" aria-hidden=\"true\"><\/i><br \/>\n\t\t\t\t\t\t<\/span><br \/>\n\t\t\t\t\t<\/figure>\n<figure>\n\t\t\t\t\t<span style=\"cursor: pointer\" data-src=\"https:\/\/autorai.nl\/wp-content\/uploads\/2023\/08\/porsche911st20-1600x1067.jpg\" data-fancybox=\"galery-0\" title=\"\"><br \/>\n\t\t\t\t\t\t\t<img decoding=\"async\" width=\"640\" height=\"480\" src=\"https:\/\/autorai.nl\/wp-content\/uploads\/2023\/08\/porsche911st20-640x480.jpg\" class=\"attachment-medium size-medium\" alt=\"\" loading=\"lazy\"><i class=\"fa fa-search-plus\" aria-hidden=\"true\"><\/i><br \/>\n\t\t\t\t\t\t<\/span><br \/>\n\t\t\t\t\t<\/figure>\n<figure>\n\t\t\t\t\t<span style=\"cursor: pointer\" data-src=\"https:\/\/autorai.nl\/wp-content\/uploads\/2023\/08\/porsche911st19-1600x1068.jpg\" data-fancybox=\"galery-0\" title=\"\"><br \/>\n\t\t\t\t\t\t\t<img decoding=\"async\" width=\"360\" height=\"270\" src=\"https:\/\/autorai.nl\/wp-content\/uploads\/2023\/08\/porsche911st19-360x270.jpg\" class=\"attachment-small size-small\" alt=\"\" loading=\"lazy\"><i class=\"fa fa-search-plus\" aria-hidden=\"true\"><\/i><br \/>\n\t\t\t\t\t\t<\/span><br \/>\n\t\t\t\t\t<\/figure>\n<figure>\n\t\t\t\t\t<span style=\"cursor: pointer\" data-src=\"https:\/\/autorai.nl\/wp-content\/uploads\/2023\/08\/porsche911st18-1600x1068.jpg\" data-fancybox=\"galery-0\" title=\"\"><br \/>\n\t\t\t\t\t\t\t<img decoding=\"async\" width=\"360\" height=\"270\" src=\"https:\/\/autorai.nl\/wp-content\/uploads\/2023\/08\/porsche911st18-360x270.jpg\" class=\"attachment-small size-small\" alt=\"Innenraum Porsche 911 S\/T\" loading=\"lazy\"><i class=\"fa fa-search-plus\" aria-hidden=\"true\"><\/i><br \/>\n\t\t\t\t\t\t<\/span><br \/>\n\t\t\t\t\t<\/figure>\n<figure>\n\t\t\t\t\t<span style=\"cursor: pointer\" data-src=\"https:\/\/autorai.nl\/wp-content\/uploads\/2023\/08\/porsche911st17-1600x1068.jpg\" data-fancybox=\"galery-0\" title=\"\"><br \/>\n\t\t\t\t\t\t\t<img decoding=\"async\" width=\"640\" height=\"480\" src=\"https:\/\/autorai.nl\/wp-content\/uploads\/2023\/08\/porsche911st17-640x480.jpg\" class=\"attachment-medium size-medium\" alt=\"\" loading=\"lazy\"><i class=\"fa fa-search-plus\" aria-hidden=\"true\"><\/i><br \/>\n\t\t\t\t\t\t<\/span><br \/>\n\t\t\t\t\t<\/figure>\n<figure>\n\t\t\t\t\t<span style=\"cursor: pointer\" data-src=\"https:\/\/autorai.nl\/wp-content\/uploads\/2023\/08\/porsche911st16-1600x1067.jpg\" data-fancybox=\"galery-0\" title=\"\"><br \/>\n\t\t\t\t\t\t\t<img decoding=\"async\" width=\"360\" height=\"270\" src=\"https:\/\/autorai.nl\/wp-content\/uploads\/2023\/08\/porsche911st16-360x270.jpg\" class=\"attachment-small size-small\" alt=\"\" loading=\"lazy\"><i class=\"fa fa-search-plus\" aria-hidden=\"true\"><\/i><br \/>\n\t\t\t\t\t\t<\/span><br \/>\n\t\t\t\t\t<\/figure>\n<figure>\n\t\t\t\t\t<span style=\"cursor: pointer\" data-src=\"https:\/\/autorai.nl\/wp-content\/uploads\/2023\/08\/porsche911st15-1600x1068.jpg\" data-fancybox=\"galery-0\" title=\"\"><br \/>\n\t\t\t\t\t\t\t<img decoding=\"async\" width=\"360\" height=\"270\" src=\"https:\/\/autorai.nl\/wp-content\/uploads\/2023\/08\/porsche911st15-360x270.jpg\" class=\"attachment-small size-small\" alt=\"\" loading=\"lazy\"><i class=\"fa fa-search-plus\" aria-hidden=\"true\"><\/i><br \/>\n\t\t\t\t\t\t<\/span><br \/>\n\t\t\t\t\t<\/figure>\n<figure>\n\t\t\t\t\t<span style=\"cursor: pointer\" data-src=\"https:\/\/autorai.nl\/wp-content\/uploads\/2023\/08\/porsche911st14-1600x1068.jpg\" data-fancybox=\"galery-0\" title=\"\"><br \/>\n\t\t\t\t\t\t\t<img decoding=\"async\" width=\"640\" height=\"480\" src=\"https:\/\/autorai.nl\/wp-content\/uploads\/2023\/08\/porsche911st14-640x480.jpg\" class=\"attachment-medium size-medium\" alt=\"\" loading=\"lazy\"><i class=\"fa fa-search-plus\" aria-hidden=\"true\"><\/i><br \/>\n\t\t\t\t\t\t<\/span><br \/>\n\t\t\t\t\t<\/figure>\n<figure>\n\t\t\t\t\t<span style=\"cursor: pointer\" data-src=\"https:\/\/autorai.nl\/wp-content\/uploads\/2023\/08\/porsche911st13-1600x1068.jpg\" data-fancybox=\"galery-0\" title=\"\"><br \/>\n\t\t\t\t\t\t\t<img decoding=\"async\" width=\"360\" height=\"270\" src=\"https:\/\/autorai.nl\/wp-content\/uploads\/2023\/08\/porsche911st13-360x270.jpg\" class=\"attachment-small size-small\" alt=\"\" loading=\"lazy\"><i class=\"fa fa-search-plus\" aria-hidden=\"true\"><\/i><br \/>\n\t\t\t\t\t\t<\/span><br \/>\n\t\t\t\t\t<\/figure>\n<figure>\n\t\t\t\t\t<span style=\"cursor: pointer\" data-src=\"https:\/\/autorai.nl\/wp-content\/uploads\/2023\/08\/porsche911st12-1600x1068.jpg\" data-fancybox=\"galery-0\" title=\"\"><br \/>\n\t\t\t\t\t\t\t<img decoding=\"async\" width=\"360\" height=\"270\" src=\"https:\/\/autorai.nl\/wp-content\/uploads\/2023\/08\/porsche911st12-360x270.jpg\" class=\"attachment-small size-small\" alt=\"\" loading=\"lazy\"><i class=\"fa fa-search-plus\" aria-hidden=\"true\"><\/i><br \/>\n\t\t\t\t\t\t<\/span><br \/>\n\t\t\t\t\t<\/figure>\n<figure>\n\t\t\t\t\t<span style=\"cursor: pointer\" data-src=\"https:\/\/autorai.nl\/wp-content\/uploads\/2023\/08\/porsche911st11-1600x1068.jpg\" data-fancybox=\"galery-0\" title=\"\"><br \/>\n\t\t\t\t\t\t\t<img decoding=\"async\" width=\"640\" height=\"480\" src=\"https:\/\/autorai.nl\/wp-content\/uploads\/2023\/08\/porsche911st11-640x480.jpg\" class=\"attachment-medium size-medium\" alt=\"Porsche 911 S\/T\" loading=\"lazy\"><i class=\"fa fa-search-plus\" aria-hidden=\"true\"><\/i><br \/>\n\t\t\t\t\t\t<\/span><br \/>\n\t\t\t\t\t<\/figure>\n<figure>\n\t\t\t\t\t<span style=\"cursor: pointer\" data-src=\"https:\/\/autorai.nl\/wp-content\/uploads\/2023\/08\/porsche911st10-1600x1068.jpg\" data-fancybox=\"galery-0\" title=\"\"><br \/>\n\t\t\t\t\t\t\t<img decoding=\"async\" width=\"360\" height=\"270\" src=\"https:\/\/autorai.nl\/wp-content\/uploads\/2023\/08\/porsche911st10-360x270.jpg\" class=\"attachment-small size-small\" alt=\"\" loading=\"lazy\"><i class=\"fa fa-search-plus\" aria-hidden=\"true\"><\/i><br \/>\n\t\t\t\t\t\t<\/span><br \/>\n\t\t\t\t\t<\/figure>\n<figure>\n\t\t\t\t\t<span style=\"cursor: pointer\" data-src=\"https:\/\/autorai.nl\/wp-content\/uploads\/2023\/08\/porsche911st8-1600x1068.jpg\" data-fancybox=\"galery-0\" title=\"\"><br \/>\n\t\t\t\t\t\t\t<img decoding=\"async\" width=\"360\" height=\"270\" src=\"https:\/\/autorai.nl\/wp-content\/uploads\/2023\/08\/porsche911st8-360x270.jpg\" class=\"attachment-small size-small\" alt=\"\" loading=\"lazy\"><i class=\"fa fa-search-plus\" aria-hidden=\"true\"><\/i><br \/>\n\t\t\t\t\t\t<\/span><br \/>\n\t\t\t\t\t<\/figure>\n<figure>\n\t\t\t\t\t<span style=\"cursor: pointer\" data-src=\"https:\/\/autorai.nl\/wp-content\/uploads\/2023\/08\/porsche911st7-1600x1068.jpg\" data-fancybox=\"galery-0\" title=\"\"><br \/>\n\t\t\t\t\t\t\t<img decoding=\"async\" width=\"640\" height=\"480\" src=\"https:\/\/autorai.nl\/wp-content\/uploads\/2023\/08\/porsche911st7-640x480.jpg\" class=\"attachment-medium size-medium\" alt=\"\" loading=\"lazy\"><i class=\"fa fa-search-plus\" aria-hidden=\"true\"><\/i><br \/>\n\t\t\t\t\t\t<\/span><br \/>\n\t\t\t\t\t<\/figure>\n<figure>\n\t\t\t\t\t<span style=\"cursor: pointer\" data-src=\"https:\/\/autorai.nl\/wp-content\/uploads\/2023\/08\/porsche911st6-1600x1068.jpg\" data-fancybox=\"galery-0\" title=\"\"><br \/>\n\t\t\t\t\t\t\t<img decoding=\"async\" width=\"360\" height=\"270\" src=\"https:\/\/autorai.nl\/wp-content\/uploads\/2023\/08\/porsche911st6-360x270.jpg\" class=\"attachment-small size-small\" alt=\"\" loading=\"lazy\"><i class=\"fa fa-search-plus\" aria-hidden=\"true\"><\/i><br \/>\n\t\t\t\t\t\t<\/span><br \/>\n\t\t\t\t\t<\/figure>\n<figure>\n\t\t\t\t\t<span style=\"cursor: pointer\" data-src=\"https:\/\/autorai.nl\/wp-content\/uploads\/2023\/08\/porsche911st5-1600x1068.jpg\" data-fancybox=\"galery-0\" title=\"\"><br \/>\n\t\t\t\t\t\t\t<img decoding=\"async\" width=\"360\" height=\"270\" src=\"https:\/\/autorai.nl\/wp-content\/uploads\/2023\/08\/porsche911st5-360x270.jpg\" class=\"attachment-small size-small\" alt=\"\" loading=\"lazy\"><i class=\"fa fa-search-plus\" aria-hidden=\"true\"><\/i><br \/>\n\t\t\t\t\t\t<\/span><br \/>\n\t\t\t\t\t<\/figure>\n<figure>\n\t\t\t\t\t<span style=\"cursor: pointer\" data-src=\"https:\/\/autorai.nl\/wp-content\/uploads\/2023\/08\/porsche911st3-1600x1068.jpg\" data-fancybox=\"galery-0\" title=\"\"><br \/>\n\t\t\t\t\t\t\t<img decoding=\"async\" width=\"640\" height=\"480\" src=\"https:\/\/autorai.nl\/wp-content\/uploads\/2023\/08\/porsche911st3-640x480.jpg\" class=\"attachment-medium size-medium\" alt=\"\" loading=\"lazy\"><i class=\"fa fa-search-plus\" aria-hidden=\"true\"><\/i><br \/>\n\t\t\t\t\t\t<\/span><br \/>\n\t\t\t\t\t<\/figure>\n<figure>\n\t\t\t\t\t<span style=\"cursor: pointer\" data-src=\"https:\/\/autorai.nl\/wp-content\/uploads\/2023\/08\/porsche911st2-1600x1068.jpg\" data-fancybox=\"galery-0\" title=\"\"><br \/>\n\t\t\t\t\t\t\t<img decoding=\"async\" width=\"360\" height=\"270\" src=\"https:\/\/autorai.nl\/wp-content\/uploads\/2023\/08\/porsche911st2-360x270.jpg\" class=\"attachment-small size-small\" alt=\"\" loading=\"lazy\"><i class=\"fa fa-search-plus\" aria-hidden=\"true\"><\/i><br \/>\n\t\t\t\t\t\t<\/span><br \/>\n\t\t\t\t\t<\/figure>\n<figure>\n\t\t\t\t\t<span style=\"cursor: pointer\" data-src=\"https:\/\/autorai.nl\/wp-content\/uploads\/2023\/08\/porsche911st1-1600x1068.jpg\" data-fancybox=\"galery-0\" title=\"\"><br \/>\n\t\t\t\t\t\t\t<img decoding=\"async\" width=\"360\" height=\"270\" src=\"https:\/\/autorai.nl\/wp-content\/uploads\/2023\/08\/porsche911st1-360x270.jpg\" class=\"attachment-small size-small\" alt=\"Porsche 911 S\/T 2023\" loading=\"lazy\"><i class=\"fa fa-search-plus\" aria-hidden=\"true\"><\/i><br \/>\n\t\t\t\t\t\t<\/span><br \/>\n\t\t\t\t\t<\/figure>\n<div class=\"clear\"><\/div>\n<\/div>\n<figure class=\"wp-block-embed is-type-video is-provider-youtube wp-block-embed-youtube wp-embed-aspect-16-9 wp-has-aspect-ratio\">\n<div class=\"wp-block-embed__wrapper\">\n<\/div>\n<\/figure>\n","protected":false},"excerpt":{"rendered":"GT3 RS Motor mit Schaltgetriebe Erstmals wird der 386 kW (525 PS) starke Motor aus dem 911 GT3 RS mit&hellip;","protected":false},"author":0,"featured_media":137677,"comment_status":"","ping_status":"open","sticky":false,"template":"","format":"standard","meta":{"footnotes":""},"categories":[125],"tags":[],"class_list":["post-137695","post","type-post","status-publish","format-standard","has-post-thumbnail","hentry","category-auto-nachrichten"],"acf":[],"yoast_head":"<!-- This site is optimized with the Yoast SEO plugin v21.2 - https:\/\/yoast.com\/wordpress\/plugins\/seo\/ -->\n<title>Porsche 911 S\/T: der leichteste 911er der 992-Baureihe - All cars news<\/title>\n<meta name=\"robots\" content=\"index, follow, max-snippet:-1, max-image-preview:large, max-video-preview:-1\" \/>\n<link rel=\"canonical\" href=\"https:\/\/all-car-news.com\/de\/porsche-911-s-t-der-leichteste-911er-der-992-baureihe\/\" \/>\n<meta property=\"og:locale\" content=\"de_DE\" \/>\n<meta property=\"og:type\" content=\"article\" \/>\n<meta property=\"og:title\" content=\"Porsche 911 S\/T: der leichteste 911er der 992-Baureihe - All cars news\" \/>\n<meta property=\"og:description\" content=\"GT3 RS Motor mit Schaltgetriebe Erstmals wird der 386 kW (525 PS) starke Motor aus dem 911 GT3 RS mit einem Schaltgetriebe und einer neu entwickelten Leichtbaukupplung kombiniert. Der 4,0-Liter-Boxermotor aus dem 911 GT3 RS besticht schon allein durch seinen hochdrehenden Charakter. Nach Angaben von Porsche, [...]\" \/>\n<meta property=\"og:url\" content=\"https:\/\/all-car-news.com\/de\/porsche-911-s-t-der-leichteste-911er-der-992-baureihe\/\" \/>\n<meta property=\"og:site_name\" content=\"All cars news\" \/>\n<meta property=\"article:published_time\" content=\"2023-08-02T07:55:23+00:00\" \/>\n<meta property=\"og:image\" content=\"https:\/\/autorai.nl\/wp-content\/uploads\/2023\/08\/porsche911st1-1140x761.jpg\" \/>\n<meta name=\"twitter:card\" content=\"summary_large_image\" \/>\n<meta name=\"twitter:label1\" content=\"Gesch\u00e4tzte Lesezeit\" \/>\n\t<meta name=\"twitter:data1\" content=\"4\u00a0Minuten\" \/>\n<script type=\"application\/ld+json\" class=\"yoast-schema-graph\">{\"@context\":\"https:\/\/schema.org\",\"@graph\":[{\"@type\":\"Article\",\"@id\":\"https:\/\/all-car-news.com\/de\/porsche-911-s-t-der-leichteste-911er-der-992-baureihe\/#article\",\"isPartOf\":{\"@id\":\"https:\/\/all-car-news.com\/de\/porsche-911-s-t-der-leichteste-911er-der-992-baureihe\/\"},\"author\":{\"name\":\"\",\"@id\":\"\"},\"headline\":\"Porsche 911 S\/T: der leichteste 911er der 992-Baureihe\",\"datePublished\":\"2023-08-02T07:55:23+00:00\",\"dateModified\":\"2023-08-02T07:55:23+00:00\",\"mainEntityOfPage\":{\"@id\":\"https:\/\/all-car-news.com\/de\/porsche-911-s-t-der-leichteste-911er-der-992-baureihe\/\"},\"wordCount\":748,\"publisher\":{\"@id\":\"https:\/\/all-car-news.com\/de\/#organization\"},\"articleSection\":[\"Auto Nachrichten\"],\"inLanguage\":\"de\"},{\"@type\":\"WebPage\",\"@id\":\"https:\/\/all-car-news.com\/de\/porsche-911-s-t-der-leichteste-911er-der-992-baureihe\/\",\"url\":\"https:\/\/all-car-news.com\/de\/porsche-911-s-t-der-leichteste-911er-der-992-baureihe\/\",\"name\":\"Porsche 911 S\/T: der leichteste 911er der 992-Baureihe - All cars news\",\"isPartOf\":{\"@id\":\"https:\/\/all-car-news.com\/de\/#website\"},\"datePublished\":\"2023-08-02T07:55:23+00:00\",\"dateModified\":\"2023-08-02T07:55:23+00:00\",\"breadcrumb\":{\"@id\":\"https:\/\/all-car-news.com\/de\/porsche-911-s-t-der-leichteste-911er-der-992-baureihe\/#breadcrumb\"},\"inLanguage\":\"de\",\"potentialAction\":[{\"@type\":\"ReadAction\",\"target\":[\"https:\/\/all-car-news.com\/de\/porsche-911-s-t-der-leichteste-911er-der-992-baureihe\/\"]}]},{\"@type\":\"BreadcrumbList\",\"@id\":\"https:\/\/all-car-news.com\/de\/porsche-911-s-t-der-leichteste-911er-der-992-baureihe\/#breadcrumb\",\"itemListElement\":[{\"@type\":\"ListItem\",\"position\":1,\"name\":\"Home\",\"item\":\"https:\/\/all-car-news.com\/de\/\"},{\"@type\":\"ListItem\",\"position\":2,\"name\":\"Porsche 911 S\/T: der leichteste 911er der 992-Baureihe\"}]},{\"@type\":\"WebSite\",\"@id\":\"https:\/\/all-car-news.com\/de\/#website\",\"url\":\"https:\/\/all-car-news.com\/de\/\",\"name\":\"All cars news\",\"description\":\"\",\"publisher\":{\"@id\":\"https:\/\/all-car-news.com\/de\/#organization\"},\"potentialAction\":[{\"@type\":\"SearchAction\",\"target\":{\"@type\":\"EntryPoint\",\"urlTemplate\":\"https:\/\/all-car-news.com\/de\/?s={search_term_string}\"},\"query-input\":\"required name=search_term_string\"}],\"inLanguage\":\"de\"},{\"@type\":\"Organization\",\"@id\":\"https:\/\/all-car-news.com\/de\/#organization\",\"name\":\"All cars news\",\"url\":\"https:\/\/all-car-news.com\/de\/\",\"logo\":{\"@type\":\"ImageObject\",\"inLanguage\":\"de\",\"@id\":\"https:\/\/all-car-news.com\/de\/#\/schema\/logo\/image\/\",\"url\":\"https:\/\/all-car-news.com\/wp-content\/uploads\/2022\/02\/CMYK-AllCarNews_LANDSCAPE_300px-1.png\",\"contentUrl\":\"https:\/\/all-car-news.com\/wp-content\/uploads\/2022\/02\/CMYK-AllCarNews_LANDSCAPE_300px-1.png\",\"width\":300,\"height\":100,\"caption\":\"All cars news\"},\"image\":{\"@id\":\"https:\/\/all-car-news.com\/de\/#\/schema\/logo\/image\/\"}}]}<\/script>\n<!-- \/ Yoast SEO plugin. -->","yoast_head_json":{"title":"Porsche 911 S\/T: der leichteste 911er der 992-Baureihe - All cars news","robots":{"index":"index","follow":"follow","max-snippet":"max-snippet:-1","max-image-preview":"max-image-preview:large","max-video-preview":"max-video-preview:-1"},"canonical":"https:\/\/all-car-news.com\/de\/porsche-911-s-t-der-leichteste-911er-der-992-baureihe\/","og_locale":"de_DE","og_type":"article","og_title":"Porsche 911 S\/T: der leichteste 911er der 992-Baureihe - All cars news","og_description":"GT3 RS Motor mit Schaltgetriebe Erstmals wird der 386 kW (525 PS) starke Motor aus dem 911 GT3 RS mit einem Schaltgetriebe und einer neu entwickelten Leichtbaukupplung kombiniert. Der 4,0-Liter-Boxermotor aus dem 911 GT3 RS besticht schon allein durch seinen hochdrehenden Charakter. Nach Angaben von Porsche, [...]","og_url":"https:\/\/all-car-news.com\/de\/porsche-911-s-t-der-leichteste-911er-der-992-baureihe\/","og_site_name":"All cars news","article_published_time":"2023-08-02T07:55:23+00:00","og_image":[{"url":"https:\/\/autorai.nl\/wp-content\/uploads\/2023\/08\/porsche911st1-1140x761.jpg"}],"twitter_card":"summary_large_image","twitter_misc":{"Gesch\u00e4tzte Lesezeit":"4\u00a0Minuten"},"schema":{"@context":"https:\/\/schema.org","@graph":[{"@type":"Article","@id":"https:\/\/all-car-news.com\/de\/porsche-911-s-t-der-leichteste-911er-der-992-baureihe\/#article","isPartOf":{"@id":"https:\/\/all-car-news.com\/de\/porsche-911-s-t-der-leichteste-911er-der-992-baureihe\/"},"author":{"name":"","@id":""},"headline":"Porsche 911 S\/T: der leichteste 911er der 992-Baureihe","datePublished":"2023-08-02T07:55:23+00:00","dateModified":"2023-08-02T07:55:23+00:00","mainEntityOfPage":{"@id":"https:\/\/all-car-news.com\/de\/porsche-911-s-t-der-leichteste-911er-der-992-baureihe\/"},"wordCount":748,"publisher":{"@id":"https:\/\/all-car-news.com\/de\/#organization"},"articleSection":["Auto Nachrichten"],"inLanguage":"de"},{"@type":"WebPage","@id":"https:\/\/all-car-news.com\/de\/porsche-911-s-t-der-leichteste-911er-der-992-baureihe\/","url":"https:\/\/all-car-news.com\/de\/porsche-911-s-t-der-leichteste-911er-der-992-baureihe\/","name":"Porsche 911 S\/T: der leichteste 911er der 992-Baureihe - All cars news","isPartOf":{"@id":"https:\/\/all-car-news.com\/de\/#website"},"datePublished":"2023-08-02T07:55:23+00:00","dateModified":"2023-08-02T07:55:23+00:00","breadcrumb":{"@id":"https:\/\/all-car-news.com\/de\/porsche-911-s-t-der-leichteste-911er-der-992-baureihe\/#breadcrumb"},"inLanguage":"de","potentialAction":[{"@type":"ReadAction","target":["https:\/\/all-car-news.com\/de\/porsche-911-s-t-der-leichteste-911er-der-992-baureihe\/"]}]},{"@type":"BreadcrumbList","@id":"https:\/\/all-car-news.com\/de\/porsche-911-s-t-der-leichteste-911er-der-992-baureihe\/#breadcrumb","itemListElement":[{"@type":"ListItem","position":1,"name":"Home","item":"https:\/\/all-car-news.com\/de\/"},{"@type":"ListItem","position":2,"name":"Porsche 911 S\/T: der leichteste 911er der 992-Baureihe"}]},{"@type":"WebSite","@id":"https:\/\/all-car-news.com\/de\/#website","url":"https:\/\/all-car-news.com\/de\/","name":"All cars news","description":"","publisher":{"@id":"https:\/\/all-car-news.com\/de\/#organization"},"potentialAction":[{"@type":"SearchAction","target":{"@type":"EntryPoint","urlTemplate":"https:\/\/all-car-news.com\/de\/?s={search_term_string}"},"query-input":"required name=search_term_string"}],"inLanguage":"de"},{"@type":"Organization","@id":"https:\/\/all-car-news.com\/de\/#organization","name":"All cars news","url":"https:\/\/all-car-news.com\/de\/","logo":{"@type":"ImageObject","inLanguage":"de","@id":"https:\/\/all-car-news.com\/de\/#\/schema\/logo\/image\/","url":"https:\/\/all-car-news.com\/wp-content\/uploads\/2022\/02\/CMYK-AllCarNews_LANDSCAPE_300px-1.png","contentUrl":"https:\/\/all-car-news.com\/wp-content\/uploads\/2022\/02\/CMYK-AllCarNews_LANDSCAPE_300px-1.png","width":300,"height":100,"caption":"All cars news"},"image":{"@id":"https:\/\/all-car-news.com\/de\/#\/schema\/logo\/image\/"}}]}},"_links":{"self":[{"href":"https:\/\/all-car-news.com\/de\/wp-json\/wp\/v2\/posts\/137695","targetHints":{"allow":["GET"]}}],"collection":[{"href":"https:\/\/all-car-news.com\/de\/wp-json\/wp\/v2\/posts"}],"about":[{"href":"https:\/\/all-car-news.com\/de\/wp-json\/wp\/v2\/types\/post"}],"replies":[{"embeddable":true,"href":"https:\/\/all-car-news.com\/de\/wp-json\/wp\/v2\/comments?post=137695"}],"version-history":[{"count":0,"href":"https:\/\/all-car-news.com\/de\/wp-json\/wp\/v2\/posts\/137695\/revisions"}],"wp:featuredmedia":[{"embeddable":true,"href":"https:\/\/all-car-news.com\/de\/wp-json\/wp\/v2\/media\/137677"}],"wp:attachment":[{"href":"https:\/\/all-car-news.com\/de\/wp-json\/wp\/v2\/media?parent=137695"}],"wp:term":[{"taxonomy":"category","embeddable":true,"href":"https:\/\/all-car-news.com\/de\/wp-json\/wp\/v2\/categories?post=137695"},{"taxonomy":"post_tag","embeddable":true,"href":"https:\/\/all-car-news.com\/de\/wp-json\/wp\/v2\/tags?post=137695"}],"curies":[{"name":"wp","href":"https:\/\/api.w.org\/{rel}","templated":true}]}}