{"id":137549,"date":"2023-07-28T11:18:50","date_gmt":"2023-07-28T11:18:50","guid":{"rendered":"https:\/\/all-car-news.com\/autoportraet-freerks-fabelhafte-supersportwagen-sammlung\/"},"modified":"2023-07-28T11:18:50","modified_gmt":"2023-07-28T11:18:50","slug":"autoportraet-freerks-fabelhafte-supersportwagen-sammlung","status":"publish","type":"post","link":"https:\/\/all-car-news.com\/de\/autoportraet-freerks-fabelhafte-supersportwagen-sammlung\/","title":{"rendered":"Autoportr\u00e4t: Freerks fabelhafte Supersportwagen-Sammlung"},"content":{"rendered":"<h2>Abweichende Sammlung von Autos<\/h2>\n<p>Die Sammlung von Freerk besteht aus sechs v\u00f6llig unterschiedlichen Autos. Freerk ist der gl\u00fcckliche Besitzer eines Spyker C8 Spyder, McLaren 720S, Porsche 918 Spyder, Aston Martin V12 Speedster, Ferrari California und eines Morgan Aeromax. Sechs Autos, jedes mit seinem eigenen Charme. Unter anderem ein Hypercar, ein Auto ohne Dach und Windschutzscheibe und ein Auto aus den Niederlanden! Es gibt also nicht wirklich einen roten Faden in der Sammlung. Warum wurden gerade diese Fahrzeuge ausgew\u00e4hlt? Wir fragen den Eigent\u00fcmer.<\/p>\n<figure class=\"wp-block-image size-content\"><img decoding=\"async\" loading=\"lazy\" width=\"1140\" height=\"760\" src=\"https:\/\/autorai.nl\/wp-content\/uploads\/2023\/07\/IMG_4933-1140x760.jpg\" alt=\"\" class=\"wp-image-163441\"><\/figure>\n<h2>Es gibt keine wirkliche \u00c4hnlichkeit zwischen den Fahrzeugen. Woher haben Sie gerade diese Exemplare ausgew\u00e4hlt?<\/h2>\n<p>&#8222;Das ist schrittweise geschehen&#8220;, beginnt der bodenst\u00e4ndige Friese. &#8222;Normalerweise berate ich mich mit einem Gutachter, der sich ansieht, was zum Kauf geeignet ist. Normalerweise ist es dann eine Suche von ein paar Monaten, nach der ich mir Autos ansehe, um zu sehen, ob es ein sch\u00f6nes, ordentliches Auto ist. Ich mag keine sehr schrillen Autos wie Lamborghinis. Jedes Auto hat seinen Charme.&#8220;<\/p>\n<p>&#8222;Vor sechs Jahren habe ich zum Beispiel einen Spyker gekauft. So ist meine Sammlung im Laufe der Jahre gewachsen. Ich hatte auch eine Reihe von Oldtimern, die ich aber losgeworden bin, weil sie nicht einfach zu fahren waren. Wenn ich dann sonntags &#8217;nur mal eben fahren&#8216; wollte, musste viel passieren, bevor ich losfahren konnte.&#8220;<\/p>\n<p>&#8222;Ich hatte zum Beispiel einen Mercedes-Benz 300SL Fl\u00fcgelt\u00fcrer, den man sehr lange warmlaufen lassen musste, bevor man ihn starten konnte. Und als man ihn dann endlich starten konnte, musste man ihn 45 Minuten lang warmlaufen lassen. Ich finde alle Autos, die ich habe, sehr cool, aber man wei\u00df nie, wie sich die Dinge entwickeln werden. Vielleicht verkaufe ich eines Tages wieder eins.&#8220;<\/p>\n<figure class=\"wp-block-image size-content\"><img decoding=\"async\" loading=\"lazy\" width=\"1140\" height=\"760\" src=\"https:\/\/autorai.nl\/wp-content\/uploads\/2023\/07\/IMG_4547-1140x760.jpg\" alt=\"\" class=\"wp-image-163442\"><\/figure>\n<h2>Gab es auch schon ein Auto, das Sie nie h\u00e4tten loswerden sollen?<\/h2>\n<p>&#8222;Jaa. Ich hatte vor 20 Jahren einen BMW Z3 Coup\u00e9, meinen ersten Sportwagen. Ich h\u00e4tte das Auto nie loswerden d\u00fcrfen. Ich mag dieses Modell immer noch sehr. Es wird jetzt auch langsam zu einem begehrten modernen Klassiker. Aber die Erinnerungen, die ich an dieses Auto habe, sind die wertvollsten. Ich h\u00e4tte es nicht loswerden d\u00fcrfen.&#8220;<\/p>\n<figure class=\"wp-block-image size-content\"><img decoding=\"async\" loading=\"lazy\" width=\"1140\" height=\"760\" src=\"https:\/\/autorai.nl\/wp-content\/uploads\/2023\/07\/IMG_4913-1140x760.jpg\" alt=\"\" class=\"wp-image-163443\"><\/figure>\n<figure class=\"wp-block-gallery has-nested-images columns-default is-cropped\">\n<figure class=\"wp-block-image size-large\"><img decoding=\"async\" loading=\"lazy\" width=\"1140\" height=\"760\" data-id=\"163446\" src=\"https:\/\/autorai.nl\/wp-content\/uploads\/2023\/07\/IMG_4800-1140x760.jpg\" alt=\"\" class=\"wp-image-163446\"><\/figure>\n<figure class=\"wp-block-image size-large\"><img decoding=\"async\" loading=\"lazy\" width=\"1140\" height=\"760\" data-id=\"163445\" src=\"https:\/\/autorai.nl\/wp-content\/uploads\/2023\/07\/IMG_5125-1140x760.jpg\" alt=\"\" class=\"wp-image-163445\"><\/figure>\n<\/figure>\n<h2>Was war Ihr erstes Auto?<\/h2>\n<p>&#8222;Mein allererstes Auto war ein Renault Clio, der meiner Mutter geh\u00f6rt hatte. Die Glasscheinwerfer flogen damals auf der Autobahn weg, und der Auspuff war unten weggerostet. Es war ein Wegwerfauto. Dieser Clio hat meine Liebe zu franz\u00f6sischen Autos nicht gerade verst\u00e4rkt.&#8220;<\/p>\n<figure class=\"wp-block-image size-content\"><img decoding=\"async\" loading=\"lazy\" width=\"1140\" height=\"760\" src=\"https:\/\/autorai.nl\/wp-content\/uploads\/2023\/07\/IMG_5002-1140x760.jpg\" alt=\"\" class=\"wp-image-163444\"><\/figure>\n<figure class=\"wp-block-gallery has-nested-images columns-default is-cropped\">\n<figure class=\"wp-block-image size-large\"><img decoding=\"async\" loading=\"lazy\" width=\"1140\" height=\"760\" data-id=\"163447\" src=\"https:\/\/autorai.nl\/wp-content\/uploads\/2023\/07\/IMG_4648-1140x760.jpg\" alt=\"\" class=\"wp-image-163447\"><\/figure>\n<figure class=\"wp-block-image size-large\"><img decoding=\"async\" loading=\"lazy\" width=\"1140\" height=\"760\" data-id=\"163448\" src=\"https:\/\/autorai.nl\/wp-content\/uploads\/2023\/07\/IMG_4235-1140x760.jpg\" alt=\"\" class=\"wp-image-163448\"><\/figure>\n<\/figure>\n<h2>Woher kommt Ihre Leidenschaft f\u00fcr Autos?<\/h2>\n<p>&#8222;Es begann mit einem Porsche <a href=\"https:\/\/youtu.be\/-6Q9qt8_F6E\" target=\"_blank\" rel=\"noreferrer noopener\">Boxster<\/a>, den ich zusammen mit meinem Vater aus Deutschland importierte. Gemeinsam nach Deutschland und nach Hause mit einem echten Porsche. Damals war ich 25 Jahre alt. Die Fahrr\u00e4der in der Garage mussten dann dem Boxster Platz machen. Abends sa\u00df ich dann manchmal noch eine Weile in der Garage und h\u00f6rte Musik im Auto. Da hat die Auto-Leidenschaft angefangen.&#8220;<\/p>\n<p>&#8222;Es macht mir auch viel Spa\u00df, im Ausland nach einem sch\u00f6nen Auto zu suchen, und zwar zum richtigen Zeitpunkt, so dass es auch eine gute Investition ist. Ein Bankangestellter sagte mir einmal: &#8222;Sie k\u00f6nnen Ihr Geld bei uns lassen, aber dann werden Sie es nie sehen. Sie werden Ihren Campingstuhl ja auch nicht an einem Freitagnachmittag vor das Bankgeb\u00e4ude stellen.&#8220; Wenn man sein Geld in ein sch\u00f6nes Hobby oder etwas, zu dem man eine Beziehung hat, investiert, kann man es zumindest manchmal genie\u00dfen oder beobachten. Die Autoleidenschaft kommt nicht von meinen Eltern, die immer noch mit Bergstiefeln gegen den Audi klopfen. Sie sehen das Auto wirklich als Transportmittel&#8220;.<\/p>\n<figure class=\"wp-block-image size-content\"><img decoding=\"async\" loading=\"lazy\" width=\"1140\" height=\"760\" src=\"https:\/\/autorai.nl\/wp-content\/uploads\/2023\/07\/IMG_4640-2-1140x760.jpg\" alt=\"\" class=\"wp-image-163455\"><\/figure>\n<figure class=\"wp-block-gallery has-nested-images columns-default is-cropped\">\n<figure class=\"wp-block-image size-large\"><img decoding=\"async\" loading=\"lazy\" width=\"1140\" height=\"760\" data-id=\"163450\" src=\"https:\/\/autorai.nl\/wp-content\/uploads\/2023\/07\/IMG_5087-1140x760.jpg\" alt=\"\" class=\"wp-image-163450\"><\/figure>\n<figure class=\"wp-block-image size-large\"><img decoding=\"async\" loading=\"lazy\" width=\"1140\" height=\"760\" data-id=\"163449\" src=\"https:\/\/autorai.nl\/wp-content\/uploads\/2023\/07\/IMG_5135-1140x760.jpg\" alt=\"\" class=\"wp-image-163449\"><\/figure>\n<\/figure>\n<h2>Was ist die sch\u00f6nste Erinnerung, die Sie an Ihre Autos haben?<\/h2>\n<p>&#8222;Ich genie\u00dfe es sehr, wenn ich mit meinem Neffen und meiner Nichte mit heruntergelassenen Fenstern \u00fcber die Autobahn fahre. Das lieben sie sehr. Dann schreien sie vor Lachen. Ich bin auch mit dem Morgan zur Fabrik gefahren, quer durch die sch\u00f6ne englische Landschaft. W\u00e4hrend dieser Fahrt gab es jedes Mal Probleme mit dem Morgan. Als wir das in der Fabrik erw\u00e4hnten, hatten sie eine sehr einfache Erkl\u00e4rung: &#8222;Nun, das sind BMW-Teile&#8220;. Ich bin auch mit dem McLaren nach London gefahren. F\u00fcnf Tage auf Tour, eine Menge Spa\u00df. Sp\u00e4ter wurden mir nur 1.200 Euro an Bu\u00dfgeldern \u00fcberwiesen, was ich sehr bedauerlich fand. Offenbar waren wir schon mehrmals durch Umweltzonen gefahren. Wir wussten ja nicht&#8230;&#8220;<\/p>\n<figure class=\"wp-block-image size-content\"><img decoding=\"async\" loading=\"lazy\" width=\"1140\" height=\"760\" src=\"https:\/\/autorai.nl\/wp-content\/uploads\/2023\/07\/IMG_4682-1140x760.jpg\" alt=\"\" class=\"wp-image-163456\"><\/figure>\n<h2>Fahren Sie oft mit Ihrem Auto?<\/h2>\n<p>&#8222;Der McLaren ist mein t\u00e4gliches Auto f\u00fcr den privaten Gebrauch. Mit dem Ferrari fahre ich oft mit meinem Neffen und meiner Nichte spazieren und auch die anderen Autos fahre ich bei sch\u00f6nem Wetter regelm\u00e4\u00dfig. Ab und zu genie\u00dfe ich es, am Sonntag eine Runde um den Block zu fahren. Mit dieser Art von Autos erlebt man immer etwas.<\/p>\n<figure class=\"wp-block-image size-content\"><img decoding=\"async\" loading=\"lazy\" width=\"1140\" height=\"760\" src=\"https:\/\/autorai.nl\/wp-content\/uploads\/2023\/07\/IMG_4293-1-1140x760.jpg\" alt=\"\" class=\"wp-image-163458\"><\/figure>\n<h2>Wenn Sie nur noch einen behalten k\u00f6nnten, welchen w\u00fcrden Sie w\u00e4hlen?<\/h2>\n<p>&#8222;Ich denke, der Morgan. Das Modell ist etwas ganz Besonderes, mit klaren Linien und dem Holzchassis. Wenn man ihn mit einem Ferrari vergleicht, ist das ein himmelweiter Unterschied. Die Verarbeitung eines solchen Morgan ist viel raffinierter. Man merkt wirklich, dass er noch von Hand gebaut wird. Au\u00dferdem ist der Aeromax ein limitiertes Modell, von dem nur 100 St\u00fcck gebaut werden.<\/p>\n<p>AutoRAI.nl dankt Freerk f\u00fcr seine Zeit und dem Flughafen Drachten f\u00fcr die M\u00f6glichkeit, Fotos auf dem Flughafen zu machen.<\/p>\n<figure class=\"wp-block-gallery has-nested-images columns-default is-cropped\">\n<figure class=\"wp-block-image size-large\"><img decoding=\"async\" loading=\"lazy\" width=\"1140\" height=\"760\" data-id=\"163467\" src=\"https:\/\/autorai.nl\/wp-content\/uploads\/2023\/07\/IMG_4245-1140x760.jpg\" alt=\"\" class=\"wp-image-163467\"><\/figure>\n<figure class=\"wp-block-image size-large\"><img decoding=\"async\" loading=\"lazy\" width=\"1140\" height=\"760\" data-id=\"163460\" src=\"https:\/\/autorai.nl\/wp-content\/uploads\/2023\/07\/IMG_4249-1140x760.jpg\" alt=\"\" class=\"wp-image-163460\"><\/figure>\n<figure class=\"wp-block-image size-large\"><img decoding=\"async\" loading=\"lazy\" width=\"1140\" height=\"760\" data-id=\"163469\" src=\"https:\/\/autorai.nl\/wp-content\/uploads\/2023\/07\/IMG_4468-1140x760.jpg\" alt=\"\" class=\"wp-image-163469\"><\/figure>\n<figure class=\"wp-block-image size-large\"><img decoding=\"async\" loading=\"lazy\" width=\"1140\" height=\"760\" data-id=\"163470\" src=\"https:\/\/autorai.nl\/wp-content\/uploads\/2023\/07\/IMG_4476-1140x760.jpg\" alt=\"\" class=\"wp-image-163470\"><\/figure>\n<figure class=\"wp-block-image size-large\"><img decoding=\"async\" loading=\"lazy\" width=\"1140\" height=\"760\" data-id=\"163461\" src=\"https:\/\/autorai.nl\/wp-content\/uploads\/2023\/07\/IMG_4655-1140x760.jpg\" alt=\"\" class=\"wp-image-163461\"><\/figure>\n<figure class=\"wp-block-image size-large\"><img decoding=\"async\" loading=\"lazy\" width=\"1140\" height=\"760\" data-id=\"163465\" src=\"https:\/\/autorai.nl\/wp-content\/uploads\/2023\/07\/IMG_4657-1140x760.jpg\" alt=\"\" class=\"wp-image-163465\"><\/figure>\n<figure class=\"wp-block-image size-large\"><img decoding=\"async\" loading=\"lazy\" width=\"1140\" height=\"760\" data-id=\"163459\" src=\"https:\/\/autorai.nl\/wp-content\/uploads\/2023\/07\/IMG_4658-1140x760.jpg\" alt=\"\" class=\"wp-image-163459\"><\/figure>\n<figure class=\"wp-block-image size-large\"><img decoding=\"async\" loading=\"lazy\" width=\"1140\" height=\"760\" data-id=\"163468\" src=\"https:\/\/autorai.nl\/wp-content\/uploads\/2023\/07\/IMG_4734-1140x760.jpg\" alt=\"\" class=\"wp-image-163468\"><\/figure>\n<figure class=\"wp-block-image size-large\"><img decoding=\"async\" loading=\"lazy\" width=\"1140\" height=\"760\" data-id=\"163463\" src=\"https:\/\/autorai.nl\/wp-content\/uploads\/2023\/07\/IMG_4937-1140x760.jpg\" alt=\"\" class=\"wp-image-163463\"><\/figure>\n<figure class=\"wp-block-image size-large\"><img decoding=\"async\" loading=\"lazy\" width=\"1140\" height=\"760\" data-id=\"163471\" src=\"https:\/\/autorai.nl\/wp-content\/uploads\/2023\/07\/IMG_5052-1140x760.jpg\" alt=\"\" class=\"wp-image-163471\"><\/figure>\n<figure class=\"wp-block-image size-large\"><img decoding=\"async\" loading=\"lazy\" width=\"1140\" height=\"760\" data-id=\"163462\" src=\"https:\/\/autorai.nl\/wp-content\/uploads\/2023\/07\/IMG_5137-1140x760.jpg\" alt=\"\" class=\"wp-image-163462\"><\/figure>\n<figure class=\"wp-block-image size-large\"><img decoding=\"async\" loading=\"lazy\" width=\"1140\" height=\"760\" data-id=\"163464\" src=\"https:\/\/autorai.nl\/wp-content\/uploads\/2023\/07\/IMG_4232-1140x760.jpg\" alt=\"\" class=\"wp-image-163464\"><\/figure>\n<figure class=\"wp-block-image size-large\"><img decoding=\"async\" loading=\"lazy\" width=\"1140\" height=\"760\" data-id=\"163466\" src=\"https:\/\/autorai.nl\/wp-content\/uploads\/2023\/07\/IMG_4235-1-1140x760.jpg\" alt=\"\" class=\"wp-image-163466\"><\/figure>\n<\/figure>\n","protected":false},"excerpt":{"rendered":"Divergierende Autosammlung Die Sammlung von Freerk besteht aus sechs v\u00f6llig unterschiedlichen Autos. Freerk ist der gl\u00fcckliche Besitzer eines Spyker C8&hellip;","protected":false},"author":0,"featured_media":137515,"comment_status":"","ping_status":"open","sticky":false,"template":"","format":"standard","meta":{"footnotes":""},"categories":[128,174],"tags":[],"class_list":["post-137549","post","type-post","status-publish","format-standard","has-post-thumbnail","hentry","category-hintergrund","category-spas"],"acf":[],"yoast_head":"<!-- This site is optimized with the Yoast SEO plugin v21.2 - https:\/\/yoast.com\/wordpress\/plugins\/seo\/ -->\n<title>Autoportr\u00e4t: Freerks fabelhafte Supersportwagen-Sammlung - All cars news<\/title>\n<meta name=\"robots\" content=\"index, follow, max-snippet:-1, max-image-preview:large, max-video-preview:-1\" \/>\n<link rel=\"canonical\" href=\"https:\/\/all-car-news.com\/de\/autoportraet-freerks-fabelhafte-supersportwagen-sammlung\/\" \/>\n<meta property=\"og:locale\" content=\"de_DE\" \/>\n<meta property=\"og:type\" content=\"article\" \/>\n<meta property=\"og:title\" content=\"Autoportr\u00e4t: Freerks fabelhafte Supersportwagen-Sammlung - All cars news\" \/>\n<meta property=\"og:description\" content=\"Divergierende Autosammlung Die Sammlung von Freerk besteht aus sechs v\u00f6llig unterschiedlichen Autos. Freerk ist der gl\u00fcckliche Besitzer eines Spyker C8 Spyder, McLaren 720S, Porsche 918 Spyder, Aston Martin V12 Speedster, Ferrari California und eines Morgan Aeromax. Sechs Autos, jedes mit seinem eigenen Charme. Unter anderem ein Hypercar, ein Auto ohne Dach und Windschutzscheibe [...]\" \/>\n<meta property=\"og:url\" content=\"https:\/\/all-car-news.com\/de\/autoportraet-freerks-fabelhafte-supersportwagen-sammlung\/\" \/>\n<meta property=\"og:site_name\" content=\"All cars news\" \/>\n<meta property=\"article:published_time\" content=\"2023-07-28T11:18:50+00:00\" \/>\n<meta property=\"og:image\" content=\"https:\/\/autorai.nl\/wp-content\/uploads\/2023\/07\/IMG_4933-1140x760.jpg\" \/>\n<meta name=\"twitter:card\" content=\"summary_large_image\" \/>\n<meta name=\"twitter:label1\" content=\"Gesch\u00e4tzte Lesezeit\" \/>\n\t<meta name=\"twitter:data1\" content=\"4\u00a0Minuten\" \/>\n<script type=\"application\/ld+json\" class=\"yoast-schema-graph\">{\"@context\":\"https:\/\/schema.org\",\"@graph\":[{\"@type\":\"Article\",\"@id\":\"https:\/\/all-car-news.com\/de\/autoportraet-freerks-fabelhafte-supersportwagen-sammlung\/#article\",\"isPartOf\":{\"@id\":\"https:\/\/all-car-news.com\/de\/autoportraet-freerks-fabelhafte-supersportwagen-sammlung\/\"},\"author\":{\"name\":\"\",\"@id\":\"\"},\"headline\":\"Autoportr\u00e4t: Freerks fabelhafte Supersportwagen-Sammlung\",\"datePublished\":\"2023-07-28T11:18:50+00:00\",\"dateModified\":\"2023-07-28T11:18:50+00:00\",\"mainEntityOfPage\":{\"@id\":\"https:\/\/all-car-news.com\/de\/autoportraet-freerks-fabelhafte-supersportwagen-sammlung\/\"},\"wordCount\":890,\"publisher\":{\"@id\":\"https:\/\/all-car-news.com\/de\/#organization\"},\"articleSection\":[\"Hintergrund\",\"Spa\u00df\"],\"inLanguage\":\"de\"},{\"@type\":\"WebPage\",\"@id\":\"https:\/\/all-car-news.com\/de\/autoportraet-freerks-fabelhafte-supersportwagen-sammlung\/\",\"url\":\"https:\/\/all-car-news.com\/de\/autoportraet-freerks-fabelhafte-supersportwagen-sammlung\/\",\"name\":\"Autoportr\u00e4t: Freerks fabelhafte Supersportwagen-Sammlung - All cars news\",\"isPartOf\":{\"@id\":\"https:\/\/all-car-news.com\/de\/#website\"},\"datePublished\":\"2023-07-28T11:18:50+00:00\",\"dateModified\":\"2023-07-28T11:18:50+00:00\",\"breadcrumb\":{\"@id\":\"https:\/\/all-car-news.com\/de\/autoportraet-freerks-fabelhafte-supersportwagen-sammlung\/#breadcrumb\"},\"inLanguage\":\"de\",\"potentialAction\":[{\"@type\":\"ReadAction\",\"target\":[\"https:\/\/all-car-news.com\/de\/autoportraet-freerks-fabelhafte-supersportwagen-sammlung\/\"]}]},{\"@type\":\"BreadcrumbList\",\"@id\":\"https:\/\/all-car-news.com\/de\/autoportraet-freerks-fabelhafte-supersportwagen-sammlung\/#breadcrumb\",\"itemListElement\":[{\"@type\":\"ListItem\",\"position\":1,\"name\":\"Home\",\"item\":\"https:\/\/all-car-news.com\/de\/\"},{\"@type\":\"ListItem\",\"position\":2,\"name\":\"Autoportr\u00e4t: Freerks fabelhafte Supersportwagen-Sammlung\"}]},{\"@type\":\"WebSite\",\"@id\":\"https:\/\/all-car-news.com\/de\/#website\",\"url\":\"https:\/\/all-car-news.com\/de\/\",\"name\":\"All cars news\",\"description\":\"\",\"publisher\":{\"@id\":\"https:\/\/all-car-news.com\/de\/#organization\"},\"potentialAction\":[{\"@type\":\"SearchAction\",\"target\":{\"@type\":\"EntryPoint\",\"urlTemplate\":\"https:\/\/all-car-news.com\/de\/?s={search_term_string}\"},\"query-input\":\"required name=search_term_string\"}],\"inLanguage\":\"de\"},{\"@type\":\"Organization\",\"@id\":\"https:\/\/all-car-news.com\/de\/#organization\",\"name\":\"All cars news\",\"url\":\"https:\/\/all-car-news.com\/de\/\",\"logo\":{\"@type\":\"ImageObject\",\"inLanguage\":\"de\",\"@id\":\"https:\/\/all-car-news.com\/de\/#\/schema\/logo\/image\/\",\"url\":\"https:\/\/all-car-news.com\/wp-content\/uploads\/2022\/02\/CMYK-AllCarNews_LANDSCAPE_300px-1.png\",\"contentUrl\":\"https:\/\/all-car-news.com\/wp-content\/uploads\/2022\/02\/CMYK-AllCarNews_LANDSCAPE_300px-1.png\",\"width\":300,\"height\":100,\"caption\":\"All cars news\"},\"image\":{\"@id\":\"https:\/\/all-car-news.com\/de\/#\/schema\/logo\/image\/\"}}]}<\/script>\n<!-- \/ Yoast SEO plugin. -->","yoast_head_json":{"title":"Autoportr\u00e4t: Freerks fabelhafte Supersportwagen-Sammlung - All cars news","robots":{"index":"index","follow":"follow","max-snippet":"max-snippet:-1","max-image-preview":"max-image-preview:large","max-video-preview":"max-video-preview:-1"},"canonical":"https:\/\/all-car-news.com\/de\/autoportraet-freerks-fabelhafte-supersportwagen-sammlung\/","og_locale":"de_DE","og_type":"article","og_title":"Autoportr\u00e4t: Freerks fabelhafte Supersportwagen-Sammlung - All cars news","og_description":"Divergierende Autosammlung Die Sammlung von Freerk besteht aus sechs v\u00f6llig unterschiedlichen Autos. Freerk ist der gl\u00fcckliche Besitzer eines Spyker C8 Spyder, McLaren 720S, Porsche 918 Spyder, Aston Martin V12 Speedster, Ferrari California und eines Morgan Aeromax. Sechs Autos, jedes mit seinem eigenen Charme. Unter anderem ein Hypercar, ein Auto ohne Dach und Windschutzscheibe [...]","og_url":"https:\/\/all-car-news.com\/de\/autoportraet-freerks-fabelhafte-supersportwagen-sammlung\/","og_site_name":"All cars news","article_published_time":"2023-07-28T11:18:50+00:00","og_image":[{"url":"https:\/\/autorai.nl\/wp-content\/uploads\/2023\/07\/IMG_4933-1140x760.jpg"}],"twitter_card":"summary_large_image","twitter_misc":{"Gesch\u00e4tzte Lesezeit":"4\u00a0Minuten"},"schema":{"@context":"https:\/\/schema.org","@graph":[{"@type":"Article","@id":"https:\/\/all-car-news.com\/de\/autoportraet-freerks-fabelhafte-supersportwagen-sammlung\/#article","isPartOf":{"@id":"https:\/\/all-car-news.com\/de\/autoportraet-freerks-fabelhafte-supersportwagen-sammlung\/"},"author":{"name":"","@id":""},"headline":"Autoportr\u00e4t: Freerks fabelhafte Supersportwagen-Sammlung","datePublished":"2023-07-28T11:18:50+00:00","dateModified":"2023-07-28T11:18:50+00:00","mainEntityOfPage":{"@id":"https:\/\/all-car-news.com\/de\/autoportraet-freerks-fabelhafte-supersportwagen-sammlung\/"},"wordCount":890,"publisher":{"@id":"https:\/\/all-car-news.com\/de\/#organization"},"articleSection":["Hintergrund","Spa\u00df"],"inLanguage":"de"},{"@type":"WebPage","@id":"https:\/\/all-car-news.com\/de\/autoportraet-freerks-fabelhafte-supersportwagen-sammlung\/","url":"https:\/\/all-car-news.com\/de\/autoportraet-freerks-fabelhafte-supersportwagen-sammlung\/","name":"Autoportr\u00e4t: Freerks fabelhafte Supersportwagen-Sammlung - All cars news","isPartOf":{"@id":"https:\/\/all-car-news.com\/de\/#website"},"datePublished":"2023-07-28T11:18:50+00:00","dateModified":"2023-07-28T11:18:50+00:00","breadcrumb":{"@id":"https:\/\/all-car-news.com\/de\/autoportraet-freerks-fabelhafte-supersportwagen-sammlung\/#breadcrumb"},"inLanguage":"de","potentialAction":[{"@type":"ReadAction","target":["https:\/\/all-car-news.com\/de\/autoportraet-freerks-fabelhafte-supersportwagen-sammlung\/"]}]},{"@type":"BreadcrumbList","@id":"https:\/\/all-car-news.com\/de\/autoportraet-freerks-fabelhafte-supersportwagen-sammlung\/#breadcrumb","itemListElement":[{"@type":"ListItem","position":1,"name":"Home","item":"https:\/\/all-car-news.com\/de\/"},{"@type":"ListItem","position":2,"name":"Autoportr\u00e4t: Freerks fabelhafte Supersportwagen-Sammlung"}]},{"@type":"WebSite","@id":"https:\/\/all-car-news.com\/de\/#website","url":"https:\/\/all-car-news.com\/de\/","name":"All cars news","description":"","publisher":{"@id":"https:\/\/all-car-news.com\/de\/#organization"},"potentialAction":[{"@type":"SearchAction","target":{"@type":"EntryPoint","urlTemplate":"https:\/\/all-car-news.com\/de\/?s={search_term_string}"},"query-input":"required name=search_term_string"}],"inLanguage":"de"},{"@type":"Organization","@id":"https:\/\/all-car-news.com\/de\/#organization","name":"All cars news","url":"https:\/\/all-car-news.com\/de\/","logo":{"@type":"ImageObject","inLanguage":"de","@id":"https:\/\/all-car-news.com\/de\/#\/schema\/logo\/image\/","url":"https:\/\/all-car-news.com\/wp-content\/uploads\/2022\/02\/CMYK-AllCarNews_LANDSCAPE_300px-1.png","contentUrl":"https:\/\/all-car-news.com\/wp-content\/uploads\/2022\/02\/CMYK-AllCarNews_LANDSCAPE_300px-1.png","width":300,"height":100,"caption":"All cars news"},"image":{"@id":"https:\/\/all-car-news.com\/de\/#\/schema\/logo\/image\/"}}]}},"_links":{"self":[{"href":"https:\/\/all-car-news.com\/de\/wp-json\/wp\/v2\/posts\/137549","targetHints":{"allow":["GET"]}}],"collection":[{"href":"https:\/\/all-car-news.com\/de\/wp-json\/wp\/v2\/posts"}],"about":[{"href":"https:\/\/all-car-news.com\/de\/wp-json\/wp\/v2\/types\/post"}],"replies":[{"embeddable":true,"href":"https:\/\/all-car-news.com\/de\/wp-json\/wp\/v2\/comments?post=137549"}],"version-history":[{"count":0,"href":"https:\/\/all-car-news.com\/de\/wp-json\/wp\/v2\/posts\/137549\/revisions"}],"wp:featuredmedia":[{"embeddable":true,"href":"https:\/\/all-car-news.com\/de\/wp-json\/wp\/v2\/media\/137515"}],"wp:attachment":[{"href":"https:\/\/all-car-news.com\/de\/wp-json\/wp\/v2\/media?parent=137549"}],"wp:term":[{"taxonomy":"category","embeddable":true,"href":"https:\/\/all-car-news.com\/de\/wp-json\/wp\/v2\/categories?post=137549"},{"taxonomy":"post_tag","embeddable":true,"href":"https:\/\/all-car-news.com\/de\/wp-json\/wp\/v2\/tags?post=137549"}],"curies":[{"name":"wp","href":"https:\/\/api.w.org\/{rel}","templated":true}]}}