{"id":137510,"date":"2023-07-26T15:33:38","date_gmt":"2023-07-26T15:33:38","guid":{"rendered":"https:\/\/all-car-news.com\/erschwingliche-motorroller-von-mash\/"},"modified":"2023-07-26T15:33:38","modified_gmt":"2023-07-26T15:33:38","slug":"erschwingliche-motorroller-von-mash","status":"publish","type":"post","link":"https:\/\/all-car-news.com\/de\/erschwingliche-motorroller-von-mash\/","title":{"rendered":"Erschwingliche Motorroller von Mash"},"content":{"rendered":"<p>Wir passen genau in den Preis. F\u00fcr 3.999 \u20ac k\u00f6nnen Sie die Mash Belena 125cc fahren und f\u00fcr genau 1.000 \u20ac mehr sind Sie auf der Mash Belena 300cc unterwegs. Das ist recht erschwinglich f\u00fcr die rundum schnittigen und sportlich gestalteten Motorroller der urspr\u00fcnglich franz\u00f6sischen Marke aus Beaune.<\/p>\n<p><img decoding=\"async\" loading=\"lazy\" width=\"1140\" height=\"760\" class=\"alignnone size-medium wp-image-27241\" src=\"https:\/\/motorrai.nl\/wp-content\/uploads\/2023\/07\/DSC05817-min-1140x760.jpg\" alt=\"\"><\/p>\n<p>&nbsp;<\/p>\n<h2>Stadt und Pendeln<\/h2>\n<p>Das Mash Belena 125cc scheint ideal f\u00fcr den Einsatz in der Stadt. Zum Beispiel, um von au\u00dferhalb der Stadt zur Arbeit im Stadtzentrum zu fahren. Die 300-ccm-Version ist leistungsst\u00e4rker, auch wenn Mash die Leistung nicht angibt, und eignet sich daher f\u00fcr l\u00e4ngere Fahrten zwischen Wohnung und Arbeitsplatz.<\/p>\n<p><img decoding=\"async\" loading=\"lazy\" width=\"1140\" height=\"967\" class=\"alignnone size-medium wp-image-27242\" src=\"https:\/\/motorrai.nl\/wp-content\/uploads\/2023\/07\/DSC05831-2-min-1140x967.jpg\" alt=\"\"><\/p>\n<h2>Gro\u00dfe R\u00e4der = Stabilit\u00e4t<\/h2>\n<p>Beide Modelle haben klobige R\u00e4der, die f\u00fcr ein gutes und stabiles Fahrverhalten stehen. Der 125er ist auf 13-Zoll-R\u00e4dern unterwegs, w\u00e4hrend der 300er auf 14-Zoll-R\u00e4dern rollt. Geradezu auff\u00e4llig ist die LED-Beleuchtung, deren Tagfahrlicht sich \u00fcber die gesamte vordere Verkleidungskante erstreckt.<\/p>\n<div class=\"galery shuffle galery-27236\">\n<figure>\n\t\t\t<a href=\"https:\/\/motorrai.nl\/wp-content\/uploads\/2023\/07\/DSC05857-min-1600x1067.jpg\" data-fancybox=\"galery-27236\" title=\"\"><br \/>\n\t\t\t\t<img decoding=\"async\" src=\"https:\/\/motorrai.nl\/wp-content\/uploads\/2023\/07\/DSC05857-min-640x480.jpg\" alt=\"\"><i class=\"fa fa-search-plus\" aria-hidden=\"true\"><\/i><br \/>\n\t\t\t<\/a><br \/>\n\t\t<\/figure>\n<figure>\n\t\t\t<a href=\"https:\/\/motorrai.nl\/wp-content\/uploads\/2023\/07\/DSC05872-min-1600x1067.jpg\" data-fancybox=\"galery-27236\" title=\"\"><br \/>\n\t\t\t\t<img decoding=\"async\" src=\"https:\/\/motorrai.nl\/wp-content\/uploads\/2023\/07\/DSC05872-min-360x270.jpg\" alt=\"\"><i class=\"fa fa-search-plus\" aria-hidden=\"true\"><\/i><br \/>\n\t\t\t<\/a><br \/>\n\t\t<\/figure>\n<figure>\n\t\t\t<a href=\"https:\/\/motorrai.nl\/wp-content\/uploads\/2023\/07\/DSC05876-min-1600x1067.jpg\" data-fancybox=\"galery-27236\" title=\"\"><br \/>\n\t\t\t\t<img decoding=\"async\" src=\"https:\/\/motorrai.nl\/wp-content\/uploads\/2023\/07\/DSC05876-min-360x270.jpg\" alt=\"\"><i class=\"fa fa-search-plus\" aria-hidden=\"true\"><\/i><br \/>\n\t\t\t<\/a><br \/>\n\t\t<\/figure>\n<div class=\"clear\"><\/div>\n<\/div>\n<h2>Mash Belena mit beleuchtetem Stauraum<\/h2>\n<p>Der Mash Belena hat einen breiten Sattel und einen beleuchteten Stauraum darunter. F\u00fcr den Anfang k\u00f6nnen Sie den Schl\u00fcssel in Ihrer Tasche behalten. Aus der Ferne wird sie erkannt. Ein Druck auf den Startknopf gen\u00fcgt, um den Belena zum Leben zu erwecken.<\/p>\n<div class=\"galery shuffle galery-27236\">\n<figure>\n\t\t\t<a href=\"https:\/\/motorrai.nl\/wp-content\/uploads\/2023\/07\/DSC05893-min-1600x1067.jpg\" data-fancybox=\"galery-27236\" title=\"\"><br \/>\n\t\t\t\t<img decoding=\"async\" src=\"https:\/\/motorrai.nl\/wp-content\/uploads\/2023\/07\/DSC05893-min-640x480.jpg\" alt=\"\"><i class=\"fa fa-search-plus\" aria-hidden=\"true\"><\/i><br \/>\n\t\t\t<\/a><br \/>\n\t\t<\/figure>\n<figure>\n\t\t\t<a href=\"https:\/\/motorrai.nl\/wp-content\/uploads\/2023\/07\/DSC05880-min-1600x1067.jpg\" data-fancybox=\"galery-27236\" title=\"\"><br \/>\n\t\t\t\t<img decoding=\"async\" src=\"https:\/\/motorrai.nl\/wp-content\/uploads\/2023\/07\/DSC05880-min-360x270.jpg\" alt=\"\"><i class=\"fa fa-search-plus\" aria-hidden=\"true\"><\/i><br \/>\n\t\t\t<\/a><br \/>\n\t\t<\/figure>\n<figure>\n\t\t\t<a href=\"https:\/\/motorrai.nl\/wp-content\/uploads\/2023\/07\/DSC05870-min-1600x1067.jpg\" data-fancybox=\"galery-27236\" title=\"\"><br \/>\n\t\t\t\t<img decoding=\"async\" src=\"https:\/\/motorrai.nl\/wp-content\/uploads\/2023\/07\/DSC05870-min-360x270.jpg\" alt=\"\"><i class=\"fa fa-search-plus\" aria-hidden=\"true\"><\/i><br \/>\n\t\t\t<\/a><br \/>\n\t\t<\/figure>\n<div class=\"clear\"><\/div>\n<\/div>\n<p>&nbsp;<\/p>\n<h2>Bleizahnverbindung und verstellbare Hebel<\/h2>\n<p>Zur Ausstattung geh\u00f6rt ein Radio mit Bluetooth, mit dem man ein Smartphone koppeln kann. Das Cockpit bietet eine digitale Schnittstelle, auf die Fahr- und Fahrinformationen projiziert werden. Eine weitere Besonderheit in dieser Preisklasse sind die verstellbaren Bremshebel und der Seiten- und Hauptst\u00e4nder.<\/p>\n<h2>3 Jahre Garantie<\/h2>\n<p>Mash-Motorr\u00e4der haben bereits gezeigt, dass Qualit\u00e4t gut ist. Auf jeden Fall erhalten Sie eine dreij\u00e4hrige Garantie. Der Mash Belena wird ab August 2023 in den Ausstellungsr\u00e4umen der H\u00e4ndler stehen.<\/p>\n","protected":false},"excerpt":{"rendered":"Wir passen genau in den Preis. F\u00fcr 3.999 \u20ac k\u00f6nnen Sie die Mash Belena 125cc fahren und f\u00fcr genau 1.000&hellip;","protected":false},"author":0,"featured_media":137493,"comment_status":"","ping_status":"open","sticky":false,"template":"","format":"standard","meta":{"footnotes":""},"categories":[125],"tags":[],"class_list":["post-137510","post","type-post","status-publish","format-standard","has-post-thumbnail","hentry","category-auto-nachrichten"],"acf":[],"yoast_head":"<!-- This site is optimized with the Yoast SEO plugin v21.2 - https:\/\/yoast.com\/wordpress\/plugins\/seo\/ -->\n<title>Erschwingliche Motorroller von Mash - All cars news<\/title>\n<meta name=\"robots\" content=\"index, follow, max-snippet:-1, max-image-preview:large, max-video-preview:-1\" \/>\n<link rel=\"canonical\" href=\"https:\/\/all-car-news.com\/de\/erschwingliche-motorroller-von-mash\/\" \/>\n<meta property=\"og:locale\" content=\"de_DE\" \/>\n<meta property=\"og:type\" content=\"article\" \/>\n<meta property=\"og:title\" content=\"Erschwingliche Motorroller von Mash - All cars news\" \/>\n<meta property=\"og:description\" content=\"Wir passen genau in den Preis. F\u00fcr 3.999 \u20ac k\u00f6nnen Sie die Mash Belena 125cc fahren und f\u00fcr genau 1.000 \u20ac mehr sind Sie auf der Mash Belena 300cc unterwegs. Das ist recht erschwinglich f\u00fcr die rundum schnittigen und sportlich gestalteten Motorroller der urspr\u00fcnglich franz\u00f6sischen Marke aus Beaune. &nbsp; Stadt und Pendeln The Mash [...]\" \/>\n<meta property=\"og:url\" content=\"https:\/\/all-car-news.com\/de\/erschwingliche-motorroller-von-mash\/\" \/>\n<meta property=\"og:site_name\" content=\"All cars news\" \/>\n<meta property=\"article:published_time\" content=\"2023-07-26T15:33:38+00:00\" \/>\n<meta property=\"og:image\" content=\"https:\/\/motorrai.nl\/wp-content\/uploads\/2023\/07\/DSC05817-min-1140x760.jpg\" \/>\n<meta name=\"twitter:card\" content=\"summary_large_image\" \/>\n<meta name=\"twitter:label1\" content=\"Gesch\u00e4tzte Lesezeit\" \/>\n\t<meta name=\"twitter:data1\" content=\"1\u00a0Minute\" \/>\n<script type=\"application\/ld+json\" class=\"yoast-schema-graph\">{\"@context\":\"https:\/\/schema.org\",\"@graph\":[{\"@type\":\"Article\",\"@id\":\"https:\/\/all-car-news.com\/de\/erschwingliche-motorroller-von-mash\/#article\",\"isPartOf\":{\"@id\":\"https:\/\/all-car-news.com\/de\/erschwingliche-motorroller-von-mash\/\"},\"author\":{\"name\":\"\",\"@id\":\"\"},\"headline\":\"Erschwingliche Motorroller von Mash\",\"datePublished\":\"2023-07-26T15:33:38+00:00\",\"dateModified\":\"2023-07-26T15:33:38+00:00\",\"mainEntityOfPage\":{\"@id\":\"https:\/\/all-car-news.com\/de\/erschwingliche-motorroller-von-mash\/\"},\"wordCount\":296,\"publisher\":{\"@id\":\"https:\/\/all-car-news.com\/de\/#organization\"},\"articleSection\":[\"Auto Nachrichten\"],\"inLanguage\":\"de\"},{\"@type\":\"WebPage\",\"@id\":\"https:\/\/all-car-news.com\/de\/erschwingliche-motorroller-von-mash\/\",\"url\":\"https:\/\/all-car-news.com\/de\/erschwingliche-motorroller-von-mash\/\",\"name\":\"Erschwingliche Motorroller von Mash - All cars news\",\"isPartOf\":{\"@id\":\"https:\/\/all-car-news.com\/de\/#website\"},\"datePublished\":\"2023-07-26T15:33:38+00:00\",\"dateModified\":\"2023-07-26T15:33:38+00:00\",\"breadcrumb\":{\"@id\":\"https:\/\/all-car-news.com\/de\/erschwingliche-motorroller-von-mash\/#breadcrumb\"},\"inLanguage\":\"de\",\"potentialAction\":[{\"@type\":\"ReadAction\",\"target\":[\"https:\/\/all-car-news.com\/de\/erschwingliche-motorroller-von-mash\/\"]}]},{\"@type\":\"BreadcrumbList\",\"@id\":\"https:\/\/all-car-news.com\/de\/erschwingliche-motorroller-von-mash\/#breadcrumb\",\"itemListElement\":[{\"@type\":\"ListItem\",\"position\":1,\"name\":\"Home\",\"item\":\"https:\/\/all-car-news.com\/de\/\"},{\"@type\":\"ListItem\",\"position\":2,\"name\":\"Erschwingliche Motorroller von Mash\"}]},{\"@type\":\"WebSite\",\"@id\":\"https:\/\/all-car-news.com\/de\/#website\",\"url\":\"https:\/\/all-car-news.com\/de\/\",\"name\":\"All cars news\",\"description\":\"\",\"publisher\":{\"@id\":\"https:\/\/all-car-news.com\/de\/#organization\"},\"potentialAction\":[{\"@type\":\"SearchAction\",\"target\":{\"@type\":\"EntryPoint\",\"urlTemplate\":\"https:\/\/all-car-news.com\/de\/?s={search_term_string}\"},\"query-input\":\"required name=search_term_string\"}],\"inLanguage\":\"de\"},{\"@type\":\"Organization\",\"@id\":\"https:\/\/all-car-news.com\/de\/#organization\",\"name\":\"All cars news\",\"url\":\"https:\/\/all-car-news.com\/de\/\",\"logo\":{\"@type\":\"ImageObject\",\"inLanguage\":\"de\",\"@id\":\"https:\/\/all-car-news.com\/de\/#\/schema\/logo\/image\/\",\"url\":\"https:\/\/all-car-news.com\/wp-content\/uploads\/2022\/02\/CMYK-AllCarNews_LANDSCAPE_300px-1.png\",\"contentUrl\":\"https:\/\/all-car-news.com\/wp-content\/uploads\/2022\/02\/CMYK-AllCarNews_LANDSCAPE_300px-1.png\",\"width\":300,\"height\":100,\"caption\":\"All cars news\"},\"image\":{\"@id\":\"https:\/\/all-car-news.com\/de\/#\/schema\/logo\/image\/\"}}]}<\/script>\n<!-- \/ Yoast SEO plugin. -->","yoast_head_json":{"title":"Erschwingliche Motorroller von Mash - All cars news","robots":{"index":"index","follow":"follow","max-snippet":"max-snippet:-1","max-image-preview":"max-image-preview:large","max-video-preview":"max-video-preview:-1"},"canonical":"https:\/\/all-car-news.com\/de\/erschwingliche-motorroller-von-mash\/","og_locale":"de_DE","og_type":"article","og_title":"Erschwingliche Motorroller von Mash - All cars news","og_description":"Wir passen genau in den Preis. F\u00fcr 3.999 \u20ac k\u00f6nnen Sie die Mash Belena 125cc fahren und f\u00fcr genau 1.000 \u20ac mehr sind Sie auf der Mash Belena 300cc unterwegs. Das ist recht erschwinglich f\u00fcr die rundum schnittigen und sportlich gestalteten Motorroller der urspr\u00fcnglich franz\u00f6sischen Marke aus Beaune. &nbsp; Stadt und Pendeln The Mash [...]","og_url":"https:\/\/all-car-news.com\/de\/erschwingliche-motorroller-von-mash\/","og_site_name":"All cars news","article_published_time":"2023-07-26T15:33:38+00:00","og_image":[{"url":"https:\/\/motorrai.nl\/wp-content\/uploads\/2023\/07\/DSC05817-min-1140x760.jpg"}],"twitter_card":"summary_large_image","twitter_misc":{"Gesch\u00e4tzte Lesezeit":"1\u00a0Minute"},"schema":{"@context":"https:\/\/schema.org","@graph":[{"@type":"Article","@id":"https:\/\/all-car-news.com\/de\/erschwingliche-motorroller-von-mash\/#article","isPartOf":{"@id":"https:\/\/all-car-news.com\/de\/erschwingliche-motorroller-von-mash\/"},"author":{"name":"","@id":""},"headline":"Erschwingliche Motorroller von Mash","datePublished":"2023-07-26T15:33:38+00:00","dateModified":"2023-07-26T15:33:38+00:00","mainEntityOfPage":{"@id":"https:\/\/all-car-news.com\/de\/erschwingliche-motorroller-von-mash\/"},"wordCount":296,"publisher":{"@id":"https:\/\/all-car-news.com\/de\/#organization"},"articleSection":["Auto Nachrichten"],"inLanguage":"de"},{"@type":"WebPage","@id":"https:\/\/all-car-news.com\/de\/erschwingliche-motorroller-von-mash\/","url":"https:\/\/all-car-news.com\/de\/erschwingliche-motorroller-von-mash\/","name":"Erschwingliche Motorroller von Mash - All cars news","isPartOf":{"@id":"https:\/\/all-car-news.com\/de\/#website"},"datePublished":"2023-07-26T15:33:38+00:00","dateModified":"2023-07-26T15:33:38+00:00","breadcrumb":{"@id":"https:\/\/all-car-news.com\/de\/erschwingliche-motorroller-von-mash\/#breadcrumb"},"inLanguage":"de","potentialAction":[{"@type":"ReadAction","target":["https:\/\/all-car-news.com\/de\/erschwingliche-motorroller-von-mash\/"]}]},{"@type":"BreadcrumbList","@id":"https:\/\/all-car-news.com\/de\/erschwingliche-motorroller-von-mash\/#breadcrumb","itemListElement":[{"@type":"ListItem","position":1,"name":"Home","item":"https:\/\/all-car-news.com\/de\/"},{"@type":"ListItem","position":2,"name":"Erschwingliche Motorroller von Mash"}]},{"@type":"WebSite","@id":"https:\/\/all-car-news.com\/de\/#website","url":"https:\/\/all-car-news.com\/de\/","name":"All cars news","description":"","publisher":{"@id":"https:\/\/all-car-news.com\/de\/#organization"},"potentialAction":[{"@type":"SearchAction","target":{"@type":"EntryPoint","urlTemplate":"https:\/\/all-car-news.com\/de\/?s={search_term_string}"},"query-input":"required name=search_term_string"}],"inLanguage":"de"},{"@type":"Organization","@id":"https:\/\/all-car-news.com\/de\/#organization","name":"All cars news","url":"https:\/\/all-car-news.com\/de\/","logo":{"@type":"ImageObject","inLanguage":"de","@id":"https:\/\/all-car-news.com\/de\/#\/schema\/logo\/image\/","url":"https:\/\/all-car-news.com\/wp-content\/uploads\/2022\/02\/CMYK-AllCarNews_LANDSCAPE_300px-1.png","contentUrl":"https:\/\/all-car-news.com\/wp-content\/uploads\/2022\/02\/CMYK-AllCarNews_LANDSCAPE_300px-1.png","width":300,"height":100,"caption":"All cars news"},"image":{"@id":"https:\/\/all-car-news.com\/de\/#\/schema\/logo\/image\/"}}]}},"_links":{"self":[{"href":"https:\/\/all-car-news.com\/de\/wp-json\/wp\/v2\/posts\/137510","targetHints":{"allow":["GET"]}}],"collection":[{"href":"https:\/\/all-car-news.com\/de\/wp-json\/wp\/v2\/posts"}],"about":[{"href":"https:\/\/all-car-news.com\/de\/wp-json\/wp\/v2\/types\/post"}],"replies":[{"embeddable":true,"href":"https:\/\/all-car-news.com\/de\/wp-json\/wp\/v2\/comments?post=137510"}],"version-history":[{"count":0,"href":"https:\/\/all-car-news.com\/de\/wp-json\/wp\/v2\/posts\/137510\/revisions"}],"wp:featuredmedia":[{"embeddable":true,"href":"https:\/\/all-car-news.com\/de\/wp-json\/wp\/v2\/media\/137493"}],"wp:attachment":[{"href":"https:\/\/all-car-news.com\/de\/wp-json\/wp\/v2\/media?parent=137510"}],"wp:term":[{"taxonomy":"category","embeddable":true,"href":"https:\/\/all-car-news.com\/de\/wp-json\/wp\/v2\/categories?post=137510"},{"taxonomy":"post_tag","embeddable":true,"href":"https:\/\/all-car-news.com\/de\/wp-json\/wp\/v2\/tags?post=137510"}],"curies":[{"name":"wp","href":"https:\/\/api.w.org\/{rel}","templated":true}]}}