{"id":137234,"date":"2023-07-18T14:03:35","date_gmt":"2023-07-18T14:03:35","guid":{"rendered":"https:\/\/all-car-news.com\/warum-der-corsa-b-so-besonders-war\/"},"modified":"2023-07-18T14:03:35","modified_gmt":"2023-07-18T14:03:35","slug":"warum-der-corsa-b-so-besonders-war","status":"publish","type":"post","link":"https:\/\/all-car-news.com\/de\/warum-der-corsa-b-so-besonders-war\/","title":{"rendered":"Warum der Corsa B so besonders war"},"content":{"rendered":"<h2>Die Erfolgsgeschichte<\/h2>\n<p>Seit seiner Einf\u00fchrung im Jahr 1982 hat Opel mehr als 14,5 Millionen Einheiten des Corsa produziert. Die zweite Generation des Corsa hinterlie\u00df seinerzeit einen tiefen Eindruck. Nach dem Erfolg des Corsa A, den Opel 1982 auf den Markt brachte, setzte der Corsa B einen neuen Standard, als er vor genau 30 Jahren auf den Markt kam. Mit eigenwilligem Design und fortschrittlichen Sicherheitsmerkmalen, kombiniert mit hohem Komfort und praktischem Nutzen, war er weltweit erfolgreich und erreichte im Jahr 2000 sogar den Meilenstein von vier Millionen verkauften Einheiten. Dar\u00fcber hinaus l\u00e4utete der Corsa B ab 1993 eine neue \u00c4ra ein, denn er war der erste Corsa &#8222;made in Eisenach&#8220;.<\/p>\n<figure class=\"wp-block-image size-content\"><img decoding=\"async\" loading=\"lazy\" width=\"1140\" height=\"760\" src=\"https:\/\/autorai.nl\/wp-content\/uploads\/2023\/07\/04_Opel_Corsa-GSi_16V_29861-1140x760.jpg\" alt=\"\" class=\"wp-image-162743\"><\/figure>\n<h2><strong>Mutiger Schritt<\/strong><\/h2>\n<p>Unter der Leitung von Hideo Kodama wagten die Designer damals mit dem Nachfolger des ersten Corsa einen mutigen Schritt. Nach dem gro\u00dfen Erfolg des kantigen Corsa A entschied man sich in R\u00fcsselsheim, den Corsa f\u00fcr Frauen attraktiver zu machen. Kodama machte sich an die Arbeit und schuf einen viel runderen und weicheren Corsa, dessen Scheinwerfer wie gro\u00dfe Augen aussahen. Die glatten und abgerundeten Formen wurden durch das auff\u00e4llige Konzeptfahrzeug Junior inspiriert, das einige Jahre zuvor viel Aufmerksamkeit erregte. Neben dem \u00e4sthetischen Aspekt hatten die weichen Konturen auch einen praktischen Vorteil: Sie verbesserten die Aerodynamik und reduzierten so den Kraftstoffverbrauch.<\/p>\n<figure class=\"wp-block-image size-content\"><img decoding=\"async\" loading=\"lazy\" width=\"1140\" height=\"760\" src=\"https:\/\/autorai.nl\/wp-content\/uploads\/2023\/07\/07_Opel_29252-1-1140x760.jpg\" alt=\"\" class=\"wp-image-162746\"><\/figure>\n<p>Bemerkenswert war auch das unterschiedliche Design der drei- und f\u00fcnft\u00fcrigen Modelle. Die Designer hatten praktisch zwei Modelle mit eigenem Charakter geschaffen. Der Dreit\u00fcrer erhielt eine sportliche Silhouette mit coup\u00e9haftem Styling, w\u00e4hrend der F\u00fcnft\u00fcrer die &#8222;Familienversion&#8220; mit einer aufrechteren Heckklappe war. Dadurch erhielten die Fondpassagiere mehr Platz und das Gep\u00e4ckvolumen stieg auf maximal 1.150 Liter.<\/p>\n<p>Der Corsa B zeichnete sich besonders durch seine Variantenvielfalt aus. Mit f\u00fcnf Ausstattungsstufen von Eco \u00fcber Swing, Joy und Sport bis hin zum GSi war f\u00fcr jeden etwas dabei. Au\u00dferdem konnten die Kunden aus vielen Farboptionen und Veredelungsstufen w\u00e4hlen. Neben den drei- und f\u00fcnft\u00fcrigen Schr\u00e4ghecklimousinen brachte Opel auch einen Kombi, eine viert\u00fcrige Limousine und f\u00fcr bestimmte Regionen sogar einen Pick-up auf den Markt.<\/p>\n<figure class=\"wp-block-image size-content\"><img decoding=\"async\" loading=\"lazy\" width=\"1140\" height=\"712\" src=\"https:\/\/autorai.nl\/wp-content\/uploads\/2023\/07\/10_Opel_522190-1140x712.jpg\" alt=\"\" class=\"wp-image-162745\"><\/figure>\n<h2><strong>Sicher<\/strong><\/h2>\n<\/p>\n<p>Auch die zweite Generation des Corsa setzte neue Sicherheitsstandards im Kompaktwagensegment. Die Torsionssteifigkeit der Karosserie wurde im Vergleich zum Vorg\u00e4ngermodell um 40 Prozent erh\u00f6ht. Erstmals in dieser Klasse setzte Opel doppelte Stahltr\u00e4ger in den T\u00fcren ein, die den Passagieren bei einem Seitenaufprall zus\u00e4tzlichen Schutz bieten. Au\u00dferdem stattete Opel den Corsa serienm\u00e4\u00dfig mit mechanischen Gurtstraffern an den Vordersitzen aus. H\u00f6henverstellbare Sicherheitsgurte vorne und hinten sowie so genannte &#8222;Anti-Submarining&#8220;-Sitze, die das Risiko verringern, dass ein Passagier im Falle eines Aufpralls unter dem Gurt von seinem Sitz rutscht, waren weitere wichtige Sicherheitsmerkmale, die in allen Corsa-Varianten vorhanden sind. Au\u00dferdem war schon bald nach der Markteinf\u00fchrung ein Fullsize-Airbag f\u00fcr den Fahrer erh\u00e4ltlich.<\/p>\n<figure class=\"wp-block-image size-content\"><img decoding=\"async\" loading=\"lazy\" width=\"1140\" height=\"760\" src=\"https:\/\/autorai.nl\/wp-content\/uploads\/2023\/07\/08_Opel_507120-1140x760.jpg\" alt=\"\" class=\"wp-image-162747\"><\/figure>\n<h2><strong>Corsa GSi<\/strong><\/h2>\n<p>Im Jahr 1993 f\u00fchrte Opel den sportlichen Corsa GSi 16V ein. Dieser Sportwagen war mit farbigen Schwellern, Sto\u00dfstangen und Spoilern an Front und Heck ausgestattet. Elektronisch gesteuertes ABS, ein Drehzahlmesser und Breitreifen geh\u00f6rten zur Serienausstattung.<\/p>\n<p>Der Corsa GSi beschleunigt in nur 9,5 Sekunden von 0 auf 100 km\/h und erreicht eine H\u00f6chstgeschwindigkeit von 195 km\/h. Ein sportlich abgestimmtes Fahrwerk mit gasgef\u00fcllten Sto\u00dfd\u00e4mpfern sorgte f\u00fcr ein hervorragendes Handling. Sportsitze und ein lederbezogenes Lenkrad sorgen f\u00fcr die richtige Atmosph\u00e4re im Cockpit.<\/p>\n<figure class=\"wp-block-embed is-type-video is-provider-youtube wp-block-embed-youtube wp-embed-aspect-16-9 wp-has-aspect-ratio\">\n<div class=\"wp-block-embed__wrapper\">\n<\/div>\n<\/figure><\/p>\n","protected":false},"excerpt":{"rendered":"Erfolgsgeschichte Seit seiner Einf\u00fchrung im Jahr 1982 hat Opel mehr als 14,5 Millionen Einheiten des Corsa produziert. Die zweite Generation&hellip;","protected":false},"author":0,"featured_media":137190,"comment_status":"","ping_status":"open","sticky":false,"template":"","format":"standard","meta":{"footnotes":""},"categories":[125],"tags":[],"class_list":["post-137234","post","type-post","status-publish","format-standard","has-post-thumbnail","hentry","category-auto-nachrichten"],"acf":[],"yoast_head":"<!-- This site is optimized with the Yoast SEO plugin v21.2 - https:\/\/yoast.com\/wordpress\/plugins\/seo\/ -->\n<title>Warum der Corsa B so besonders war - All cars news<\/title>\n<meta name=\"robots\" content=\"index, follow, max-snippet:-1, max-image-preview:large, max-video-preview:-1\" \/>\n<link rel=\"canonical\" href=\"https:\/\/all-car-news.com\/de\/warum-der-corsa-b-so-besonders-war\/\" \/>\n<meta property=\"og:locale\" content=\"de_DE\" \/>\n<meta property=\"og:type\" content=\"article\" \/>\n<meta property=\"og:title\" content=\"Warum der Corsa B so besonders war - All cars news\" \/>\n<meta property=\"og:description\" content=\"Erfolgsgeschichte Seit seiner Einf\u00fchrung im Jahr 1982 hat Opel mehr als 14,5 Millionen Einheiten des Corsa produziert. Die zweite Generation des Corsa hinterlie\u00df seinerzeit einen tiefen Eindruck. Nach dem Erfolg des Corsa A, den Opel 1982 einf\u00fchrte, setzte der Corsa B neue Ma\u00dfst\u00e4be, als er vor genau 30 Jahren auf der [...]\" \/>\n<meta property=\"og:url\" content=\"https:\/\/all-car-news.com\/de\/warum-der-corsa-b-so-besonders-war\/\" \/>\n<meta property=\"og:site_name\" content=\"All cars news\" \/>\n<meta property=\"article:published_time\" content=\"2023-07-18T14:03:35+00:00\" \/>\n<meta property=\"og:image\" content=\"https:\/\/autorai.nl\/wp-content\/uploads\/2023\/07\/04_Opel_Corsa-GSi_16V_29861-1140x760.jpg\" \/>\n<meta name=\"twitter:card\" content=\"summary_large_image\" \/>\n<meta name=\"twitter:label1\" content=\"Gesch\u00e4tzte Lesezeit\" \/>\n\t<meta name=\"twitter:data1\" content=\"3\u00a0Minuten\" \/>\n<script type=\"application\/ld+json\" class=\"yoast-schema-graph\">{\"@context\":\"https:\/\/schema.org\",\"@graph\":[{\"@type\":\"Article\",\"@id\":\"https:\/\/all-car-news.com\/de\/warum-der-corsa-b-so-besonders-war\/#article\",\"isPartOf\":{\"@id\":\"https:\/\/all-car-news.com\/de\/warum-der-corsa-b-so-besonders-war\/\"},\"author\":{\"name\":\"\",\"@id\":\"\"},\"headline\":\"Warum der Corsa B so besonders war\",\"datePublished\":\"2023-07-18T14:03:35+00:00\",\"dateModified\":\"2023-07-18T14:03:35+00:00\",\"mainEntityOfPage\":{\"@id\":\"https:\/\/all-car-news.com\/de\/warum-der-corsa-b-so-besonders-war\/\"},\"wordCount\":561,\"publisher\":{\"@id\":\"https:\/\/all-car-news.com\/de\/#organization\"},\"articleSection\":[\"Auto Nachrichten\"],\"inLanguage\":\"de\"},{\"@type\":\"WebPage\",\"@id\":\"https:\/\/all-car-news.com\/de\/warum-der-corsa-b-so-besonders-war\/\",\"url\":\"https:\/\/all-car-news.com\/de\/warum-der-corsa-b-so-besonders-war\/\",\"name\":\"Warum der Corsa B so besonders war - All cars news\",\"isPartOf\":{\"@id\":\"https:\/\/all-car-news.com\/de\/#website\"},\"datePublished\":\"2023-07-18T14:03:35+00:00\",\"dateModified\":\"2023-07-18T14:03:35+00:00\",\"breadcrumb\":{\"@id\":\"https:\/\/all-car-news.com\/de\/warum-der-corsa-b-so-besonders-war\/#breadcrumb\"},\"inLanguage\":\"de\",\"potentialAction\":[{\"@type\":\"ReadAction\",\"target\":[\"https:\/\/all-car-news.com\/de\/warum-der-corsa-b-so-besonders-war\/\"]}]},{\"@type\":\"BreadcrumbList\",\"@id\":\"https:\/\/all-car-news.com\/de\/warum-der-corsa-b-so-besonders-war\/#breadcrumb\",\"itemListElement\":[{\"@type\":\"ListItem\",\"position\":1,\"name\":\"Home\",\"item\":\"https:\/\/all-car-news.com\/de\/\"},{\"@type\":\"ListItem\",\"position\":2,\"name\":\"Warum der Corsa B so besonders war\"}]},{\"@type\":\"WebSite\",\"@id\":\"https:\/\/all-car-news.com\/de\/#website\",\"url\":\"https:\/\/all-car-news.com\/de\/\",\"name\":\"All cars news\",\"description\":\"\",\"publisher\":{\"@id\":\"https:\/\/all-car-news.com\/de\/#organization\"},\"potentialAction\":[{\"@type\":\"SearchAction\",\"target\":{\"@type\":\"EntryPoint\",\"urlTemplate\":\"https:\/\/all-car-news.com\/de\/?s={search_term_string}\"},\"query-input\":\"required name=search_term_string\"}],\"inLanguage\":\"de\"},{\"@type\":\"Organization\",\"@id\":\"https:\/\/all-car-news.com\/de\/#organization\",\"name\":\"All cars news\",\"url\":\"https:\/\/all-car-news.com\/de\/\",\"logo\":{\"@type\":\"ImageObject\",\"inLanguage\":\"de\",\"@id\":\"https:\/\/all-car-news.com\/de\/#\/schema\/logo\/image\/\",\"url\":\"https:\/\/all-car-news.com\/wp-content\/uploads\/2022\/02\/CMYK-AllCarNews_LANDSCAPE_300px-1.png\",\"contentUrl\":\"https:\/\/all-car-news.com\/wp-content\/uploads\/2022\/02\/CMYK-AllCarNews_LANDSCAPE_300px-1.png\",\"width\":300,\"height\":100,\"caption\":\"All cars news\"},\"image\":{\"@id\":\"https:\/\/all-car-news.com\/de\/#\/schema\/logo\/image\/\"}}]}<\/script>\n<!-- \/ Yoast SEO plugin. -->","yoast_head_json":{"title":"Warum der Corsa B so besonders war - All cars news","robots":{"index":"index","follow":"follow","max-snippet":"max-snippet:-1","max-image-preview":"max-image-preview:large","max-video-preview":"max-video-preview:-1"},"canonical":"https:\/\/all-car-news.com\/de\/warum-der-corsa-b-so-besonders-war\/","og_locale":"de_DE","og_type":"article","og_title":"Warum der Corsa B so besonders war - All cars news","og_description":"Erfolgsgeschichte Seit seiner Einf\u00fchrung im Jahr 1982 hat Opel mehr als 14,5 Millionen Einheiten des Corsa produziert. Die zweite Generation des Corsa hinterlie\u00df seinerzeit einen tiefen Eindruck. Nach dem Erfolg des Corsa A, den Opel 1982 einf\u00fchrte, setzte der Corsa B neue Ma\u00dfst\u00e4be, als er vor genau 30 Jahren auf der [...]","og_url":"https:\/\/all-car-news.com\/de\/warum-der-corsa-b-so-besonders-war\/","og_site_name":"All cars news","article_published_time":"2023-07-18T14:03:35+00:00","og_image":[{"url":"https:\/\/autorai.nl\/wp-content\/uploads\/2023\/07\/04_Opel_Corsa-GSi_16V_29861-1140x760.jpg"}],"twitter_card":"summary_large_image","twitter_misc":{"Gesch\u00e4tzte Lesezeit":"3\u00a0Minuten"},"schema":{"@context":"https:\/\/schema.org","@graph":[{"@type":"Article","@id":"https:\/\/all-car-news.com\/de\/warum-der-corsa-b-so-besonders-war\/#article","isPartOf":{"@id":"https:\/\/all-car-news.com\/de\/warum-der-corsa-b-so-besonders-war\/"},"author":{"name":"","@id":""},"headline":"Warum der Corsa B so besonders war","datePublished":"2023-07-18T14:03:35+00:00","dateModified":"2023-07-18T14:03:35+00:00","mainEntityOfPage":{"@id":"https:\/\/all-car-news.com\/de\/warum-der-corsa-b-so-besonders-war\/"},"wordCount":561,"publisher":{"@id":"https:\/\/all-car-news.com\/de\/#organization"},"articleSection":["Auto Nachrichten"],"inLanguage":"de"},{"@type":"WebPage","@id":"https:\/\/all-car-news.com\/de\/warum-der-corsa-b-so-besonders-war\/","url":"https:\/\/all-car-news.com\/de\/warum-der-corsa-b-so-besonders-war\/","name":"Warum der Corsa B so besonders war - All cars news","isPartOf":{"@id":"https:\/\/all-car-news.com\/de\/#website"},"datePublished":"2023-07-18T14:03:35+00:00","dateModified":"2023-07-18T14:03:35+00:00","breadcrumb":{"@id":"https:\/\/all-car-news.com\/de\/warum-der-corsa-b-so-besonders-war\/#breadcrumb"},"inLanguage":"de","potentialAction":[{"@type":"ReadAction","target":["https:\/\/all-car-news.com\/de\/warum-der-corsa-b-so-besonders-war\/"]}]},{"@type":"BreadcrumbList","@id":"https:\/\/all-car-news.com\/de\/warum-der-corsa-b-so-besonders-war\/#breadcrumb","itemListElement":[{"@type":"ListItem","position":1,"name":"Home","item":"https:\/\/all-car-news.com\/de\/"},{"@type":"ListItem","position":2,"name":"Warum der Corsa B so besonders war"}]},{"@type":"WebSite","@id":"https:\/\/all-car-news.com\/de\/#website","url":"https:\/\/all-car-news.com\/de\/","name":"All cars news","description":"","publisher":{"@id":"https:\/\/all-car-news.com\/de\/#organization"},"potentialAction":[{"@type":"SearchAction","target":{"@type":"EntryPoint","urlTemplate":"https:\/\/all-car-news.com\/de\/?s={search_term_string}"},"query-input":"required name=search_term_string"}],"inLanguage":"de"},{"@type":"Organization","@id":"https:\/\/all-car-news.com\/de\/#organization","name":"All cars news","url":"https:\/\/all-car-news.com\/de\/","logo":{"@type":"ImageObject","inLanguage":"de","@id":"https:\/\/all-car-news.com\/de\/#\/schema\/logo\/image\/","url":"https:\/\/all-car-news.com\/wp-content\/uploads\/2022\/02\/CMYK-AllCarNews_LANDSCAPE_300px-1.png","contentUrl":"https:\/\/all-car-news.com\/wp-content\/uploads\/2022\/02\/CMYK-AllCarNews_LANDSCAPE_300px-1.png","width":300,"height":100,"caption":"All cars news"},"image":{"@id":"https:\/\/all-car-news.com\/de\/#\/schema\/logo\/image\/"}}]}},"_links":{"self":[{"href":"https:\/\/all-car-news.com\/de\/wp-json\/wp\/v2\/posts\/137234","targetHints":{"allow":["GET"]}}],"collection":[{"href":"https:\/\/all-car-news.com\/de\/wp-json\/wp\/v2\/posts"}],"about":[{"href":"https:\/\/all-car-news.com\/de\/wp-json\/wp\/v2\/types\/post"}],"replies":[{"embeddable":true,"href":"https:\/\/all-car-news.com\/de\/wp-json\/wp\/v2\/comments?post=137234"}],"version-history":[{"count":0,"href":"https:\/\/all-car-news.com\/de\/wp-json\/wp\/v2\/posts\/137234\/revisions"}],"wp:featuredmedia":[{"embeddable":true,"href":"https:\/\/all-car-news.com\/de\/wp-json\/wp\/v2\/media\/137190"}],"wp:attachment":[{"href":"https:\/\/all-car-news.com\/de\/wp-json\/wp\/v2\/media?parent=137234"}],"wp:term":[{"taxonomy":"category","embeddable":true,"href":"https:\/\/all-car-news.com\/de\/wp-json\/wp\/v2\/categories?post=137234"},{"taxonomy":"post_tag","embeddable":true,"href":"https:\/\/all-car-news.com\/de\/wp-json\/wp\/v2\/tags?post=137234"}],"curies":[{"name":"wp","href":"https:\/\/api.w.org\/{rel}","templated":true}]}}