{"id":137219,"date":"2023-07-18T11:24:51","date_gmt":"2023-07-18T11:24:51","guid":{"rendered":"https:\/\/all-car-news.com\/test-hochsommerurlaub-mit-einem-ev-in-suedfrankreich-im-jahr-2023-video\/"},"modified":"2023-07-18T11:24:51","modified_gmt":"2023-07-18T11:24:51","slug":"test-hochsommerurlaub-mit-einem-ev-in-suedfrankreich-im-jahr-2023-video","status":"publish","type":"post","link":"https:\/\/all-car-news.com\/de\/test-hochsommerurlaub-mit-einem-ev-in-suedfrankreich-im-jahr-2023-video\/","title":{"rendered":"TEST: Hochsommerurlaub mit einem EV in S\u00fcdfrankreich im Jahr 2023 (VIDEO)"},"content":{"rendered":"<\/p>\n<h2>Keine Vorbereitung<\/h2>\n<p>Auf unserer Reise nach S\u00fcdfrankreich werden wir all das tun, was bis vor kurzem noch undenkbar war, wenn man mit einem Elektroauto in die Ferne fahren wollte. V\u00f6llig unvorbereitet nahmen wir die Herausforderung an. Es gab keine vorgefertigte Route, die an Ladestationen vorbeif\u00fchrte, wir hatten nur zwei Ladep\u00e4sse, und die Batterie war nur zu 65 Prozent geladen, als wir losfuhren. Anstatt \u00fcberall vern\u00fcnftig 100 km\/h zu fahren, haben wir uns \u00fcberall an die Geschwindigkeitsbegrenzung gehalten.  <\/p>\n<p>W\u00e4hrend unserer Reise haben wir also nicht nur ein Auge auf das franz\u00f6sische Ladenetz, sondern erkunden auch, ob man mit einem Elektroauto in Frankreich genauso unvorbereitet fahren kann, wie mit einem Benzinauto. Mit einem herk\u00f6mmlichen Auto plant man auch nicht die Route vorbei an Tankstellen und man f\u00e4hrt auch nicht gem\u00fctlich 100 km\/h, um Benzin zu sparen. Wir wollen herausfinden, ob dieses unbeschwerte Fahrerlebnis auch f\u00fcr Besitzer von Elektrofahrzeugen m\u00f6glich ist.<\/p>\n<p><em>Der Artikel wird unter dem Video fortgesetzt<\/em><\/p>\n<figure class=\"wp-block-embed is-type-video is-provider-youtube wp-block-embed-youtube wp-embed-aspect-16-9 wp-has-aspect-ratio\">\n<div class=\"wp-block-embed__wrapper\">\n<\/div>\n<\/figure>\n<h2>K\u00f6ln<\/h2>\n<p>Es ist 23.30 Uhr, als der Wecker in Twente klingelt. Eigentlich sollte es um 00:00 Uhr losgehen, doch aufgrund eines ausgiebigen Fr\u00fchst\u00fccks \u00fcber Nacht drehen wir den sprichw\u00f6rtlichen Schl\u00fcssel zum Testwagen &#8211; dem BMW i4 eDrive40 &#8211; erst um 01:00 Uhr um. Abfahrtsort: Hellendoorn. Endziel: Mont\u00e9limar, etwa zwei Stunden oberhalb des Mittelmeers. Laut Bordcomputer reichen 65 Prozent SoC (State of Charge) f\u00fcr rund 380 Kilometer. Genug, um es bis zu unserem ersten Ladestopp in K\u00f6ln, etwa 250 Kilometer von Hellendoorn entfernt, zu schaffen.<\/p>\n<p>Eine gute halbe Stunde nach unserer Abfahrt passierten wir Enschede und \u00fcberquerten die deutsche Grenze. Bald sehen wir das graue Schild mit den f\u00fcnf diagonalen Streifen: eine Aufforderung, so schnell zu fahren, wie wir uns trauen. Der BMW hat das Potenzial, 190 km\/h zu erreichen, aber dann schaffen wir es vielleicht nicht bis K\u00f6ln. Angesichts der ohnehin schon intensiven Reisezeit von etwa 14 Stunden entscheiden wir uns, den Tempomat vern\u00fcnftigerweise auf 150 km\/h einzustellen. Es dauert nicht lange, bis wir unseren ersten Ladestopp erreichen.<\/p>\n<figure class=\"wp-block-image size-content\"><img decoding=\"async\" loading=\"lazy\" width=\"1140\" height=\"641\" src=\"https:\/\/autorai.nl\/wp-content\/uploads\/2023\/07\/A-better-route-planner-1140x641.jpg\" alt=\"\" class=\"wp-image-162721\"><\/figure>\n<p>Wir hatten doch keine Route geplant, oder? Nein, das hat die App <a href=\"https:\/\/abetterrouteplanner.com\/\" target=\"_blank\" rel=\"noreferrer noopener\">A Better Route Planner<\/a> f\u00fcr uns erledigt. Der BMW h\u00e4tte das auch f\u00fcr uns tun k\u00f6nnen, aber um diesen Test etwas auszuweiten, haben wir uns f\u00fcr diese bekannte App entschieden. Laut ABRP m\u00fcssen wir an unserer Haltestelle in K\u00f6ln 20 Minuten lang laden. Dort sto\u00dfen wir jedoch auf ein Problem: Die Ladestation scheint nicht zu funktionieren. Nicht wahr, oder? F\u00fcr einen Moment scheint es, als w\u00e4ren wir wieder im Jahr 2015. Zum Gl\u00fcck sehen wir in der App, dass es im K\u00f6lner Raum von Ladestationen nur so wimmelt. Wir fahren weiter und sind nach etwa 10 Minuten bei einem Gartencenter, das zwei 300-kW-Schnellladeger\u00e4te auf dem Parkplatz hat. Wir verlieren nur 15 Minuten Zeit, aber es bringt uns zum Nachdenken. Werden wir das noch \u00f6fter sehen?  <\/p>\n<h2>Metz<\/h2>\n<p>Nach einem 20-min\u00fctigen Ladevorgang steuern wir im Dunkeln nach Metz, wo die erste Ionity-Ladestation auf uns wartet. Mit einer gut gef\u00fcllten Batterie stellen wir den Tempomat auf 160 km\/h. Obwohl wir es nicht eilig haben &#8211; auf einer so langen Reise ist das keine gute Idee &#8211; ist die Autobahn v\u00f6llig leer. Eine schnelle Berechnung zeigt, dass langsameres Fahren keine Zeitersparnis bringt. Das ist bei Elektroautos oft der Fall, weil die Batterie so leer ist, wenn man schnell f\u00e4hrt. Dann sind Sie \u00f6fter an der Ladestation, als dass Sie fahren.<\/p>\n<figure class=\"wp-block-image size-content\"><img decoding=\"async\" loading=\"lazy\" width=\"1140\" height=\"641\" src=\"https:\/\/autorai.nl\/wp-content\/uploads\/2023\/07\/BMW-i4-eDrive40-Frankrijk-Challenge-23-1140x641.jpg\" alt=\"\" class=\"wp-image-162717\"><\/figure>\n<p>Aber der BMW i4 eDrive40 schafft auf dem Papier 590 Kilometer. Mit einer gut gef\u00fcllten Batterie kommen Sie ohne gr\u00f6\u00dfere Probleme 300 bis 350 Kilometer weit, wenn Sie das Gaspedal kr\u00e4ftig durchtreten. Zuf\u00e4lligerweise ist das genau die Strecke, die wir zur\u00fccklegen wollen, bevor wir selbst eine Pause brauchen. Au\u00dferdem kann der i4 enorm schnell laden &#8211; bis zu 210 kW (!) &#8211; so dass wir keine Zeit verlieren. Eine Pinkelpause, eine Tasse Kaffee und schon ist der Akku f\u00fcr die n\u00e4chste Etappe geladen. In dieser Hinsicht ist der <a href=\"https:\/\/autorai.nl\/review-bmw-i4-m50-2022\/\">i4<\/a> ein Elektroauto, das es auf einer langen Fahrt m\u00fchelos mit einem Benzinauto aufnehmen kann.<\/p>\n<figure class=\"wp-block-image size-content\"><img decoding=\"async\" loading=\"lazy\" width=\"1140\" height=\"641\" src=\"https:\/\/autorai.nl\/wp-content\/uploads\/2023\/07\/BMW-i4-eDrive40-Frankrijk-Challenge-3-1140x641.jpg\" alt=\"\" class=\"wp-image-162710\"><\/figure>\n<p>Wir reduzieren die Geschwindigkeit auf 130 km\/h, da wir &#8211; \u00fcber Luxemburg &#8211; in Frankreich angekommen sind. Auf der Autobahn, kurz vor Metz, halten wir 20 Minuten lang an einem Ionity-Standort. Fast 30 Autos k\u00f6nnen hier geladen werden. Es wird nicht das letzte Mal sein, dass wir den BMW an eine Ionity-Stange h\u00e4ngen. Dieser Geb\u00fchrenanbieter hat sich im vergangenen Jahr in Frankreich fest etabliert. Werfen Sie einen Blick auf die Karte unten. Das halbe Land ist voll von diesen Polen. Eine gute Entwicklung, denn bis vor kurzem war es eine gro\u00dfe Herausforderung, mit einem Elektrofahrzeug durch Frankreich zu fahren.  <\/p>\n<figure class=\"wp-block-image size-content\"><img decoding=\"async\" loading=\"lazy\" width=\"1140\" height=\"641\" src=\"https:\/\/autorai.nl\/wp-content\/uploads\/2023\/07\/ionity-map-1140x641.jpg\" alt=\"\" class=\"wp-image-162722\"><\/figure>\n<h2>Lyon  <\/h2>\n<p>Auf der Autoroute du soleil herrscht inzwischen reger Verkehr. Es ist Hauptverkehrszeit auf der Nord-S\u00fcd-Verbindung von Paris nach Marseille. Bald stellen wir fest, dass wir das Aufladen in Dijon \u00fcberspringen k\u00f6nnen &#8211; die Batterie ist noch voll genug &#8211; und fahren weiter nach Lyon. Etwa 40 Kilometer oberhalb der zweitgr\u00f6\u00dften Stadt Frankreichs verf\u00fcgt Fastned \u00fcber ein gro\u00dfes Gel\u00e4nde. Auch hier k\u00f6nnen etwa 20 Autos ihre Batterien in kurzer Zeit auff\u00fcllen. Fastned ist auch in Frankreich sehr aktiv. Es sind bereits 33 Standorte er\u00f6ffnet, und der niederl\u00e4ndische Cargo-Farmer baut weiter kr\u00e4ftig aus.  <\/p>\n<figure class=\"wp-block-image size-content\"><img decoding=\"async\" loading=\"lazy\" width=\"1140\" height=\"543\" src=\"https:\/\/autorai.nl\/wp-content\/uploads\/2023\/07\/fastned-map-1140x543.jpg\" alt=\"\" class=\"wp-image-162713\"><\/figure>\n<p>Dass das Unternehmen aus den Niederlanden stammt, zeigt sich daran, dass es den typischen niederl\u00e4ndischen Urlauber im Blick hat. Viele Stellpl\u00e4tze sind so eingerichtet, dass Sie Ihren Wohnwagen, Faltwagen oder Anh\u00e4nger nicht abkoppeln m\u00fcssen. Ebenfalls erfreulich: Fastned berechnet 59 Eurocent pro kWh. Das ist ein wettbewerbsf\u00e4higer Preis auf der Autobahn. Damit sind sie 10 Cent billiger als Ionity. Inklusive Abonnement &#8211; 12 Euro pro Monat &#8211; erhalten Sie 25 Prozent Rabatt auf diesen Preis. \u00dcbrigens k\u00f6nnen Sie ein solches Abonnement auch bei Ionity abschlie\u00dfen.<\/p>\n<figure class=\"wp-block-image size-content\"><img decoding=\"async\" loading=\"lazy\" width=\"1140\" height=\"641\" src=\"https:\/\/autorai.nl\/wp-content\/uploads\/2023\/07\/BMW-i4-eDrive40-Frankrijk-Challenge-13-1140x641.jpg\" alt=\"\" class=\"wp-image-162712\"><\/figure>\n<h2>Mont\u00e9limar  <\/h2>\n<p>Zwanzig Minuten sp\u00e4ter bricht die letzte Etappe ab. Wir haben nur noch 200 Kilometer bis Mont\u00e9limar. Ohne Anstrengung passieren wir Lyon. Der Berufsverkehr ist vorbei und der ber\u00fcchtigte Tunnel, der unter der Stadt verl\u00e4uft, ist nicht \u00fcberf\u00fcllt. Ohne Verz\u00f6gerung fahren wir weiter nach S\u00fcden.<\/p>\n<figure class=\"wp-block-image size-content\"><img decoding=\"async\" loading=\"lazy\" width=\"1140\" height=\"641\" src=\"https:\/\/autorai.nl\/wp-content\/uploads\/2023\/07\/BMW-i4-eDrive40-Frankrijk-Challenge-19-1140x641.jpg\" alt=\"\" class=\"wp-image-162719\"><\/figure>\n<p>Ehe wir uns versehen, erreichen wir Mont\u00e9limar. Bevor wir zu unserem \u00dcbernachtungsort fahren, kaufen wir noch schnell ein paar Lebensmittel ein. Lidl ist der erste Supermarkt, auf den wir sto\u00dfen. Was scheint? Sie k\u00f6nnen dort laden. Sogar schnelles Laden, bis zu 120 kW! Sie k\u00f6nnen in fast allen Lidl-Filialen in Frankreich aufladen. Nicht \u00fcberall geht es so schnell, aber oft gibt es mindestens ein 22-kW-Ladeger\u00e4t. Der deutsche Lebensmittelh\u00e4ndler berechnet nur 26 Cent pro kWh. Billiger kann man zu Hause kaum laden.  <\/p>\n<figure class=\"wp-block-image size-content\"><img decoding=\"async\" loading=\"lazy\" width=\"1140\" height=\"641\" src=\"https:\/\/autorai.nl\/wp-content\/uploads\/2023\/07\/BMW-i4-eDrive40-Frankrijk-Challenge-21-1140x641.jpg\" alt=\"\" class=\"wp-image-162714\"><\/figure>\n<p>Es ist bezeichnend f\u00fcr den massiven Ausbau, den die Ladeinfrastruktur des Landes in kurzer Zeit erfahren hat. Heutzutage kann man sein Auto auch an den unerwartetsten Orten aufladen. Selbst in den kleinsten, abgelegensten D\u00f6rfern trifft man h\u00e4ufig auf \u00f6ffentliche Ladestationen, oft mit einer Ladeleistung von 22 kW.  <\/p>\n<figure class=\"wp-block-gallery has-nested-images columns-default is-cropped\">\n<figure class=\"wp-block-image size-large\"><img decoding=\"async\" loading=\"lazy\" width=\"1140\" height=\"641\" data-id=\"162716\" src=\"https:\/\/autorai.nl\/wp-content\/uploads\/2023\/07\/BMW-i4-eDrive40-Frankrijk-Challenge-20-1140x641.jpg\" alt=\"\" class=\"wp-image-162716\"><\/figure>\n<\/figure>\n<h2>Fazit<\/h2>\n<p>Es ist jetzt 15:30 Uhr, als wir den BMW an die Lidl-Lades\u00e4ule anschlie\u00dfen. Wir sind schon \u00f6fter zu diesem Ziel gefahren, aber immer mit einem Auto mit Verbrennungsmotor. Wir haben es nie schneller geschafft. In dieser Hinsicht ist Frankreich eine neue Welt. Alle 50 bis 100 Kilometer werden Sie auf ein Schnellladeger\u00e4t sto\u00dfen. Wir wagen es also zu sagen: Von nun an gibt es keine Ausrede mehr, nicht mit einem EV nach Frankreich zu fahren. Es ist ganz einfach zu machen.  <\/p>\n<figure class=\"wp-block-image size-full\"><img decoding=\"async\" loading=\"lazy\" width=\"1024\" height=\"768\" src=\"https:\/\/autorai.nl\/wp-content\/uploads\/2023\/07\/BMW-i4-Frankrijk-5.jpeg\" alt=\"\" class=\"wp-image-162724\"><\/figure>\n<p>Nat\u00fcrlich hilft es enorm, wenn man ein kotzendes Elektroauto besitzt, wie den BMW i4 eDrive40. Wir k\u00f6nnen nicht anders, als vor diesem Auto den Hut zu ziehen. Wir haben es ihm nicht leicht gemacht, aber das Auto hat es uns leicht gemacht. Wir brauchten fast immer eine Pause vor dem Auto. Au\u00dferdem waren immer noch mindestens 100 Kilometer in der Batterie, wenn wir nach einem Ladeger\u00e4t suchten. Wir haben also nicht unter Reichweitenangst gelitten. Aber auch mit weniger ausdauernden E-Fahrzeugen kann man im Jahr 2023 problemlos nach S\u00fcdfrankreich hinunterfahren. Sie m\u00fcssen nur \u00f6fter aufladen, wenn Sie unterwegs sind. Aber Sie sollten wissen, dass diese Ladestellen reichlich vorhanden sind und dass es nur noch mehr werden. Gute Reise!<\/p>\n<figure class=\"wp-block-embed is-type-video is-provider-youtube wp-block-embed-youtube wp-embed-aspect-16-9 wp-has-aspect-ratio\">\n<div class=\"wp-block-embed__wrapper\">\n<\/div>\n<\/figure>\n","protected":false},"excerpt":{"rendered":"Keine Vorbereitung Auf unserer Reise nach S\u00fcdfrankreich werden wir all das tun, was bis vor kurzem noch undenkbar war, wenn&hellip;","protected":false},"author":0,"featured_media":137196,"comment_status":"","ping_status":"open","sticky":false,"template":"","format":"standard","meta":{"footnotes":""},"categories":[125,143,128],"tags":[],"class_list":["post-137219","post","type-post","status-publish","format-standard","has-post-thumbnail","hentry","category-auto-nachrichten","category-autotests-de","category-hintergrund"],"acf":[],"yoast_head":"<!-- This site is optimized with the Yoast SEO plugin v21.2 - https:\/\/yoast.com\/wordpress\/plugins\/seo\/ -->\n<title>TEST: Hochsommerurlaub mit einem EV in S\u00fcdfrankreich im Jahr 2023 (VIDEO) - All cars news<\/title>\n<meta name=\"robots\" content=\"index, follow, max-snippet:-1, max-image-preview:large, max-video-preview:-1\" \/>\n<link rel=\"canonical\" href=\"https:\/\/all-car-news.com\/de\/test-hochsommerurlaub-mit-einem-ev-in-suedfrankreich-im-jahr-2023-video\/\" \/>\n<meta property=\"og:locale\" content=\"de_DE\" \/>\n<meta property=\"og:type\" content=\"article\" \/>\n<meta property=\"og:title\" content=\"TEST: Hochsommerurlaub mit einem EV in S\u00fcdfrankreich im Jahr 2023 (VIDEO) - All cars news\" \/>\n<meta property=\"og:description\" content=\"Keine Vorbereitung Auf unserer Reise nach S\u00fcdfrankreich werden wir all das tun, was bis vor kurzem noch undenkbar war, wenn man mit einem Elektroauto in die Ferne fahren wollte. V\u00f6llig unvorbereitet nahmen wir die Herausforderung an. Keine vorgeplante Route vorbei an Ladestationen, nur zwei Ladep\u00e4sse in unserem Besitz, und der Akku war bei der Abfahrt sogar [...].\" \/>\n<meta property=\"og:url\" content=\"https:\/\/all-car-news.com\/de\/test-hochsommerurlaub-mit-einem-ev-in-suedfrankreich-im-jahr-2023-video\/\" \/>\n<meta property=\"og:site_name\" content=\"All cars news\" \/>\n<meta property=\"article:published_time\" content=\"2023-07-18T11:24:51+00:00\" \/>\n<meta property=\"og:image\" content=\"https:\/\/autorai.nl\/wp-content\/uploads\/2023\/07\/A-better-route-planner-1140x641.jpg\" \/>\n<meta name=\"twitter:card\" content=\"summary_large_image\" \/>\n<meta name=\"twitter:label1\" content=\"Gesch\u00e4tzte Lesezeit\" \/>\n\t<meta name=\"twitter:data1\" content=\"7\u00a0Minuten\" \/>\n<script type=\"application\/ld+json\" class=\"yoast-schema-graph\">{\"@context\":\"https:\/\/schema.org\",\"@graph\":[{\"@type\":\"Article\",\"@id\":\"https:\/\/all-car-news.com\/de\/test-hochsommerurlaub-mit-einem-ev-in-suedfrankreich-im-jahr-2023-video\/#article\",\"isPartOf\":{\"@id\":\"https:\/\/all-car-news.com\/de\/test-hochsommerurlaub-mit-einem-ev-in-suedfrankreich-im-jahr-2023-video\/\"},\"author\":{\"name\":\"\",\"@id\":\"\"},\"headline\":\"TEST: Hochsommerurlaub mit einem EV in S\u00fcdfrankreich im Jahr 2023 (VIDEO)\",\"datePublished\":\"2023-07-18T11:24:51+00:00\",\"dateModified\":\"2023-07-18T11:24:51+00:00\",\"mainEntityOfPage\":{\"@id\":\"https:\/\/all-car-news.com\/de\/test-hochsommerurlaub-mit-einem-ev-in-suedfrankreich-im-jahr-2023-video\/\"},\"wordCount\":1375,\"publisher\":{\"@id\":\"https:\/\/all-car-news.com\/de\/#organization\"},\"articleSection\":[\"Auto Nachrichten\",\"Autotests\",\"Hintergrund\"],\"inLanguage\":\"de\"},{\"@type\":\"WebPage\",\"@id\":\"https:\/\/all-car-news.com\/de\/test-hochsommerurlaub-mit-einem-ev-in-suedfrankreich-im-jahr-2023-video\/\",\"url\":\"https:\/\/all-car-news.com\/de\/test-hochsommerurlaub-mit-einem-ev-in-suedfrankreich-im-jahr-2023-video\/\",\"name\":\"TEST: Hochsommerurlaub mit einem EV in S\u00fcdfrankreich im Jahr 2023 (VIDEO) - All cars news\",\"isPartOf\":{\"@id\":\"https:\/\/all-car-news.com\/de\/#website\"},\"datePublished\":\"2023-07-18T11:24:51+00:00\",\"dateModified\":\"2023-07-18T11:24:51+00:00\",\"breadcrumb\":{\"@id\":\"https:\/\/all-car-news.com\/de\/test-hochsommerurlaub-mit-einem-ev-in-suedfrankreich-im-jahr-2023-video\/#breadcrumb\"},\"inLanguage\":\"de\",\"potentialAction\":[{\"@type\":\"ReadAction\",\"target\":[\"https:\/\/all-car-news.com\/de\/test-hochsommerurlaub-mit-einem-ev-in-suedfrankreich-im-jahr-2023-video\/\"]}]},{\"@type\":\"BreadcrumbList\",\"@id\":\"https:\/\/all-car-news.com\/de\/test-hochsommerurlaub-mit-einem-ev-in-suedfrankreich-im-jahr-2023-video\/#breadcrumb\",\"itemListElement\":[{\"@type\":\"ListItem\",\"position\":1,\"name\":\"Home\",\"item\":\"https:\/\/all-car-news.com\/de\/\"},{\"@type\":\"ListItem\",\"position\":2,\"name\":\"TEST: Hochsommerurlaub mit einem EV in S\u00fcdfrankreich im Jahr 2023 (VIDEO)\"}]},{\"@type\":\"WebSite\",\"@id\":\"https:\/\/all-car-news.com\/de\/#website\",\"url\":\"https:\/\/all-car-news.com\/de\/\",\"name\":\"All cars news\",\"description\":\"\",\"publisher\":{\"@id\":\"https:\/\/all-car-news.com\/de\/#organization\"},\"potentialAction\":[{\"@type\":\"SearchAction\",\"target\":{\"@type\":\"EntryPoint\",\"urlTemplate\":\"https:\/\/all-car-news.com\/de\/?s={search_term_string}\"},\"query-input\":\"required name=search_term_string\"}],\"inLanguage\":\"de\"},{\"@type\":\"Organization\",\"@id\":\"https:\/\/all-car-news.com\/de\/#organization\",\"name\":\"All cars news\",\"url\":\"https:\/\/all-car-news.com\/de\/\",\"logo\":{\"@type\":\"ImageObject\",\"inLanguage\":\"de\",\"@id\":\"https:\/\/all-car-news.com\/de\/#\/schema\/logo\/image\/\",\"url\":\"https:\/\/all-car-news.com\/wp-content\/uploads\/2022\/02\/CMYK-AllCarNews_LANDSCAPE_300px-1.png\",\"contentUrl\":\"https:\/\/all-car-news.com\/wp-content\/uploads\/2022\/02\/CMYK-AllCarNews_LANDSCAPE_300px-1.png\",\"width\":300,\"height\":100,\"caption\":\"All cars news\"},\"image\":{\"@id\":\"https:\/\/all-car-news.com\/de\/#\/schema\/logo\/image\/\"}}]}<\/script>\n<!-- \/ Yoast SEO plugin. -->","yoast_head_json":{"title":"TEST: Hochsommerurlaub mit einem EV in S\u00fcdfrankreich im Jahr 2023 (VIDEO) - All cars news","robots":{"index":"index","follow":"follow","max-snippet":"max-snippet:-1","max-image-preview":"max-image-preview:large","max-video-preview":"max-video-preview:-1"},"canonical":"https:\/\/all-car-news.com\/de\/test-hochsommerurlaub-mit-einem-ev-in-suedfrankreich-im-jahr-2023-video\/","og_locale":"de_DE","og_type":"article","og_title":"TEST: Hochsommerurlaub mit einem EV in S\u00fcdfrankreich im Jahr 2023 (VIDEO) - All cars news","og_description":"Keine Vorbereitung Auf unserer Reise nach S\u00fcdfrankreich werden wir all das tun, was bis vor kurzem noch undenkbar war, wenn man mit einem Elektroauto in die Ferne fahren wollte. V\u00f6llig unvorbereitet nahmen wir die Herausforderung an. Keine vorgeplante Route vorbei an Ladestationen, nur zwei Ladep\u00e4sse in unserem Besitz, und der Akku war bei der Abfahrt sogar [...].","og_url":"https:\/\/all-car-news.com\/de\/test-hochsommerurlaub-mit-einem-ev-in-suedfrankreich-im-jahr-2023-video\/","og_site_name":"All cars news","article_published_time":"2023-07-18T11:24:51+00:00","og_image":[{"url":"https:\/\/autorai.nl\/wp-content\/uploads\/2023\/07\/A-better-route-planner-1140x641.jpg"}],"twitter_card":"summary_large_image","twitter_misc":{"Gesch\u00e4tzte Lesezeit":"7\u00a0Minuten"},"schema":{"@context":"https:\/\/schema.org","@graph":[{"@type":"Article","@id":"https:\/\/all-car-news.com\/de\/test-hochsommerurlaub-mit-einem-ev-in-suedfrankreich-im-jahr-2023-video\/#article","isPartOf":{"@id":"https:\/\/all-car-news.com\/de\/test-hochsommerurlaub-mit-einem-ev-in-suedfrankreich-im-jahr-2023-video\/"},"author":{"name":"","@id":""},"headline":"TEST: Hochsommerurlaub mit einem EV in S\u00fcdfrankreich im Jahr 2023 (VIDEO)","datePublished":"2023-07-18T11:24:51+00:00","dateModified":"2023-07-18T11:24:51+00:00","mainEntityOfPage":{"@id":"https:\/\/all-car-news.com\/de\/test-hochsommerurlaub-mit-einem-ev-in-suedfrankreich-im-jahr-2023-video\/"},"wordCount":1375,"publisher":{"@id":"https:\/\/all-car-news.com\/de\/#organization"},"articleSection":["Auto Nachrichten","Autotests","Hintergrund"],"inLanguage":"de"},{"@type":"WebPage","@id":"https:\/\/all-car-news.com\/de\/test-hochsommerurlaub-mit-einem-ev-in-suedfrankreich-im-jahr-2023-video\/","url":"https:\/\/all-car-news.com\/de\/test-hochsommerurlaub-mit-einem-ev-in-suedfrankreich-im-jahr-2023-video\/","name":"TEST: Hochsommerurlaub mit einem EV in S\u00fcdfrankreich im Jahr 2023 (VIDEO) - All cars news","isPartOf":{"@id":"https:\/\/all-car-news.com\/de\/#website"},"datePublished":"2023-07-18T11:24:51+00:00","dateModified":"2023-07-18T11:24:51+00:00","breadcrumb":{"@id":"https:\/\/all-car-news.com\/de\/test-hochsommerurlaub-mit-einem-ev-in-suedfrankreich-im-jahr-2023-video\/#breadcrumb"},"inLanguage":"de","potentialAction":[{"@type":"ReadAction","target":["https:\/\/all-car-news.com\/de\/test-hochsommerurlaub-mit-einem-ev-in-suedfrankreich-im-jahr-2023-video\/"]}]},{"@type":"BreadcrumbList","@id":"https:\/\/all-car-news.com\/de\/test-hochsommerurlaub-mit-einem-ev-in-suedfrankreich-im-jahr-2023-video\/#breadcrumb","itemListElement":[{"@type":"ListItem","position":1,"name":"Home","item":"https:\/\/all-car-news.com\/de\/"},{"@type":"ListItem","position":2,"name":"TEST: Hochsommerurlaub mit einem EV in S\u00fcdfrankreich im Jahr 2023 (VIDEO)"}]},{"@type":"WebSite","@id":"https:\/\/all-car-news.com\/de\/#website","url":"https:\/\/all-car-news.com\/de\/","name":"All cars news","description":"","publisher":{"@id":"https:\/\/all-car-news.com\/de\/#organization"},"potentialAction":[{"@type":"SearchAction","target":{"@type":"EntryPoint","urlTemplate":"https:\/\/all-car-news.com\/de\/?s={search_term_string}"},"query-input":"required name=search_term_string"}],"inLanguage":"de"},{"@type":"Organization","@id":"https:\/\/all-car-news.com\/de\/#organization","name":"All cars news","url":"https:\/\/all-car-news.com\/de\/","logo":{"@type":"ImageObject","inLanguage":"de","@id":"https:\/\/all-car-news.com\/de\/#\/schema\/logo\/image\/","url":"https:\/\/all-car-news.com\/wp-content\/uploads\/2022\/02\/CMYK-AllCarNews_LANDSCAPE_300px-1.png","contentUrl":"https:\/\/all-car-news.com\/wp-content\/uploads\/2022\/02\/CMYK-AllCarNews_LANDSCAPE_300px-1.png","width":300,"height":100,"caption":"All cars news"},"image":{"@id":"https:\/\/all-car-news.com\/de\/#\/schema\/logo\/image\/"}}]}},"_links":{"self":[{"href":"https:\/\/all-car-news.com\/de\/wp-json\/wp\/v2\/posts\/137219","targetHints":{"allow":["GET"]}}],"collection":[{"href":"https:\/\/all-car-news.com\/de\/wp-json\/wp\/v2\/posts"}],"about":[{"href":"https:\/\/all-car-news.com\/de\/wp-json\/wp\/v2\/types\/post"}],"replies":[{"embeddable":true,"href":"https:\/\/all-car-news.com\/de\/wp-json\/wp\/v2\/comments?post=137219"}],"version-history":[{"count":0,"href":"https:\/\/all-car-news.com\/de\/wp-json\/wp\/v2\/posts\/137219\/revisions"}],"wp:featuredmedia":[{"embeddable":true,"href":"https:\/\/all-car-news.com\/de\/wp-json\/wp\/v2\/media\/137196"}],"wp:attachment":[{"href":"https:\/\/all-car-news.com\/de\/wp-json\/wp\/v2\/media?parent=137219"}],"wp:term":[{"taxonomy":"category","embeddable":true,"href":"https:\/\/all-car-news.com\/de\/wp-json\/wp\/v2\/categories?post=137219"},{"taxonomy":"post_tag","embeddable":true,"href":"https:\/\/all-car-news.com\/de\/wp-json\/wp\/v2\/tags?post=137219"}],"curies":[{"name":"wp","href":"https:\/\/api.w.org\/{rel}","templated":true}]}}