{"id":137180,"date":"2023-07-17T08:27:56","date_gmt":"2023-07-17T08:27:56","guid":{"rendered":"https:\/\/all-car-news.com\/porsche-vision-357-speedster-zeigt-neue-designrichtung-porsche\/"},"modified":"2023-07-17T08:27:56","modified_gmt":"2023-07-17T08:27:56","slug":"porsche-vision-357-speedster-zeigt-neue-designrichtung-porsche","status":"publish","type":"post","link":"https:\/\/all-car-news.com\/de\/porsche-vision-357-speedster-zeigt-neue-designrichtung-porsche\/","title":{"rendered":"Porsche Vision 357 Speedster zeigt neue Designrichtung Porsche"},"content":{"rendered":"<h2>Fahrwerk des 718 GT4 Clubsport<\/h2>\n<p>Der Vision 357 Speedster basiert technisch auf dem Porsche 718 GT4 e-performance. Die Elektromotoren und die Batterietechnologie stammen aus dem Mission R und er sitzt auf dem Chassis des 718 GT4 Clubsport.&nbsp;<\/p>\n<p>&#8222;Der Porsche Vision 357 ist eine Anspielung auf den ersten Sportwagen von Ferry Porsche. Wie die geschlossene Version verk\u00f6rpert auch dieser Porsche Vision 357 Speedster die Essenz unserer Marke und verbindet Fahrspa\u00df und Fahrdynamik mit puristischen Formen. Wie schon der Mission X, den wir vor wenigen Wochen vorgestellt haben, zeigt auch dieses Modell, dass die neue Designrichtung eine klare Porsche-DNA hat&#8220;, sagt Michael Mauer, Vice President Style Porsche.<\/p>\n<figure class=\"wp-block-image size-content\"><img decoding=\"async\" loading=\"lazy\" width=\"1140\" height=\"641\" src=\"https:\/\/autorai.nl\/wp-content\/uploads\/2023\/07\/porsche-vision-357-speedster-foto13-1140x641.jpg\" alt=\"Porsche Vision 357 Speedster\" class=\"wp-image-162585\"><\/figure>\n<h2>Au\u00dfendesign: verk\u00fcrzte Windschutzscheibe und Tonneau-Abdeckung<\/h2>\n<p>Das Studienmodell hat die f\u00fcr einen Speedster typische gedrungene, verk\u00fcrzte Windschutzscheibe, die die monolithische Karosserie noch st\u00e4rker betont. Auf der rechten Seite des Wagens befindet sich eine Tonneau-Abdeckung, wie sie fr\u00fcher bei offenen Sportwagen \u00fcblich war. Die Kopfst\u00fctze des Fahrers scheint in der Luft zu schweben.<\/p>\n<p>Die zweifarbige Karosserie in den Farbt\u00f6nen Marble Grey und Grivelo Grey Metallic orientiert sich an historischen Vorbildern mit dunklen vorderen Kotfl\u00fcgeln, die bei Rennen zum Schutz vor Steinschlag eingesetzt werden. Die Vorderr\u00e4der sind ebenfalls in Grivelo Grey Metallic lackiert. Weitere auff\u00e4llige Details sind die Kontraste in Miami Blue, zum Beispiel an den Schnellverschl\u00fcssen der Motorhaube.<\/p>\n<p>Das Jubil\u00e4umslogo mit der gro\u00dfen &#8217;75&#8216; und den beiden Jahreszahlen &#8218;1948&#8216; und &#8218;2023&#8216; ist in Grivelo Grau Metallic und Miami Blau gehalten &#8211; eine frische Alternative zu den roten Zierelementen des Vision 357 Coup\u00e9s. Die Au\u00dfenspiegel wurden durch Kameras ersetzt, die nicht wie bei seinen klassischen Vorg\u00e4ngern an den T\u00fcren, sondern weiter vorne an den Kotfl\u00fcgeln angebracht sind. Im offenen 357 haben sie eine neue, aerodynamisch optimierte Form, die an Tragfl\u00e4chen erinnert.<\/p>\n<p>Weitere auff\u00e4llige Details des Exterieurs sind von der geschlossenen Version des Konzeptfahrzeugs bekannt: Die Frontscheinwerfer haben ein rundes Design, das an den Porsche 356 erinnert. Die R\u00fcckleuchten befinden sich hinter einem Muster von in die Karosserie gefr\u00e4sten Aussparungen. Eine weitere Anspielung auf den klassischen Porsche ist das vertikale K\u00fchlergrillmuster am Heck. Die dritte Bremsleuchte ist in das K\u00fchlergrill-Design integriert.<\/p>\n<p>Die gro\u00dfe Spurbreite sorgt nicht nur f\u00fcr eine beeindruckende Optik, sondern verbessert auch die Fahrstabilit\u00e4t. Die 20-Zoll-R\u00e4der sind aus Magnesium gefertigt und verf\u00fcgen \u00fcber ein Karbonfaser-Finish und zentrale Radmuttern. Auch optisch erinnern sie an ein legend\u00e4res Porsche-Rad: Die 356 A und 356 B mit Trommelbremsen hatten Felgen mit dem bemerkenswert gro\u00dfen Lochkreis von 205 Millimetern.<\/p>\n<figure class=\"wp-block-image size-content\"><img decoding=\"async\" loading=\"lazy\" width=\"1140\" height=\"641\" src=\"https:\/\/autorai.nl\/wp-content\/uploads\/2023\/07\/porsche-vision-357-speedster-foto20-1140x641.jpg\" alt=\"Porsche Vision 357 Speedster\" class=\"wp-image-162592\"><\/figure>\n<h2>Innenausstattung: Puristisches Cockpit<\/h2>\n<p>Das Innendesign wurde auf das Wesentliche reduziert und ist ganz auf den Fahrer ausgerichtet. Der tief liegende Sitz besteht aus einer CFK-Sitzschale, die in ein Monocoque integriert ist. Eine transparente Instrumententafel ist oben an der Lenks\u00e4ule angebracht. Das Rennsportlenkrad ist ein Beispiel f\u00fcr Leichtigkeit und die einzelnen Bedienelemente sind in der Akzentfarbe Miami Blue gehalten, die auch auf der Karosserie verwendet wird.<\/p>\n<p>Das gesamte Armaturenbrett ist mit Karbongewebe verkleidet und verf\u00fcgt \u00fcber Riemen in Miami Blue auf der rechten oberen Seite zur Befestigung von Zubeh\u00f6r. Dieser Porsche verf\u00fcgt nicht \u00fcber herk\u00f6mmliche T\u00fcrgriffe, sondern \u00fcber Stoffschlaufen zum \u00d6ffnen der T\u00fcr, ein aus dem Rennsport stammendes Merkmal, um Gewicht zu sparen.<\/p>\n<h2>Porsche beim Goodwood Festival of Speed<\/h2>\n<p>Porsche zeigt den Vision 357 auf dem Goodwood Festival of Speed, das an diesem Wochenende in S\u00fcdengland stattfindet. Die Studie befindet sich in guter Gesellschaft: Zu den Highlights von Porsche in Goodwood geh\u00f6ren der 718 Spyder RS und der Mission X. Bei der Entwicklung des puristischen Roadsters 718 Spyder RS stand maximaler Fahrspa\u00df auf kurvigen Landstra\u00dfen im Vordergrund. Das Konzeptfahrzeug Mission X ist die spektakul\u00e4re Neuinterpretation eines Hypercars mit Elektroantrieb und T\u00fcren, die sich im Stil von Le Mans \u00f6ffnen lassen.<\/p>\n<p>Und last, but not least&#8230; bringt Porsche auch einen Dieselschlepper Junior 108&#8243; zum Motorsportfestival mit. Als der urspr\u00fcngliche Porsche 356 auf den Markt kam, war die Traktorenproduktion ein fester Bestandteil des Porsche-Portfolios. Zwischen 1949 und Juli 1963 baute die Sportwagenmarke rund 120.000 Traktoren.<\/p>\n<div class=\"galery galery-0\">\n<figure>\n\t\t\t\t\t<span style=\"cursor: pointer\" data-src=\"https:\/\/autorai.nl\/wp-content\/uploads\/2023\/07\/porsche-vision-357-speedster-foto20-1600x900.jpg\" data-fancybox=\"galery-0\" title=\"\"><br \/>\n\t\t\t\t\t\t\t<img decoding=\"async\" width=\"360\" height=\"270\" src=\"https:\/\/autorai.nl\/wp-content\/uploads\/2023\/07\/porsche-vision-357-speedster-foto20-360x270.jpg\" class=\"attachment-small size-small\" alt=\"Porsche Vision 357 Speedster\" loading=\"lazy\"><i class=\"fa fa-search-plus\" aria-hidden=\"true\"><\/i><br \/>\n\t\t\t\t\t\t<\/span><br \/>\n\t\t\t\t\t<\/figure>\n<figure>\n\t\t\t\t\t<span style=\"cursor: pointer\" data-src=\"https:\/\/autorai.nl\/wp-content\/uploads\/2023\/07\/porsche-vision-357-speedster-foto19-1600x900.jpg\" data-fancybox=\"galery-0\" title=\"\"><br \/>\n\t\t\t\t\t\t\t<img decoding=\"async\" width=\"360\" height=\"270\" src=\"https:\/\/autorai.nl\/wp-content\/uploads\/2023\/07\/porsche-vision-357-speedster-foto19-360x270.jpg\" class=\"attachment-small size-small\" alt=\"\" loading=\"lazy\"><i class=\"fa fa-search-plus\" aria-hidden=\"true\"><\/i><br \/>\n\t\t\t\t\t\t<\/span><br \/>\n\t\t\t\t\t<\/figure>\n<figure>\n\t\t\t\t\t<span style=\"cursor: pointer\" data-src=\"https:\/\/autorai.nl\/wp-content\/uploads\/2023\/07\/porsche-vision-357-speedster-foto18-1600x900.jpg\" data-fancybox=\"galery-0\" title=\"\"><br \/>\n\t\t\t\t\t\t\t<img decoding=\"async\" width=\"360\" height=\"270\" src=\"https:\/\/autorai.nl\/wp-content\/uploads\/2023\/07\/porsche-vision-357-speedster-foto18-360x270.jpg\" class=\"attachment-small size-small\" alt=\"\" loading=\"lazy\"><i class=\"fa fa-search-plus\" aria-hidden=\"true\"><\/i><br \/>\n\t\t\t\t\t\t<\/span><br \/>\n\t\t\t\t\t<\/figure>\n<figure>\n\t\t\t\t\t<span style=\"cursor: pointer\" data-src=\"https:\/\/autorai.nl\/wp-content\/uploads\/2023\/07\/porsche-vision-357-speedster-foto17-1600x900.jpg\" data-fancybox=\"galery-0\" title=\"\"><br \/>\n\t\t\t\t\t\t\t<img decoding=\"async\" width=\"360\" height=\"270\" src=\"https:\/\/autorai.nl\/wp-content\/uploads\/2023\/07\/porsche-vision-357-speedster-foto17-360x270.jpg\" class=\"attachment-small size-small\" alt=\"\" loading=\"lazy\"><i class=\"fa fa-search-plus\" aria-hidden=\"true\"><\/i><br \/>\n\t\t\t\t\t\t<\/span><br \/>\n\t\t\t\t\t<\/figure>\n<figure>\n\t\t\t\t\t<span style=\"cursor: pointer\" data-src=\"https:\/\/autorai.nl\/wp-content\/uploads\/2023\/07\/porsche-vision-357-speedster-foto16-1600x900.jpg\" data-fancybox=\"galery-0\" title=\"\"><br \/>\n\t\t\t\t\t\t\t<img decoding=\"async\" width=\"360\" height=\"270\" src=\"https:\/\/autorai.nl\/wp-content\/uploads\/2023\/07\/porsche-vision-357-speedster-foto16-360x270.jpg\" class=\"attachment-small size-small\" alt=\"\" loading=\"lazy\"><i class=\"fa fa-search-plus\" aria-hidden=\"true\"><\/i><br \/>\n\t\t\t\t\t\t<\/span><br \/>\n\t\t\t\t\t<\/figure>\n<figure>\n\t\t\t\t\t<span style=\"cursor: pointer\" data-src=\"https:\/\/autorai.nl\/wp-content\/uploads\/2023\/07\/porsche-vision-357-speedster-foto15-1600x900.jpg\" data-fancybox=\"galery-0\" title=\"\"><br \/>\n\t\t\t\t\t\t\t<img decoding=\"async\" width=\"360\" height=\"270\" src=\"https:\/\/autorai.nl\/wp-content\/uploads\/2023\/07\/porsche-vision-357-speedster-foto15-360x270.jpg\" class=\"attachment-small size-small\" alt=\"Porsche Vision 357 Speedster\" loading=\"lazy\"><i class=\"fa fa-search-plus\" aria-hidden=\"true\"><\/i><br \/>\n\t\t\t\t\t\t<\/span><br \/>\n\t\t\t\t\t<\/figure>\n<figure>\n\t\t\t\t\t<span style=\"cursor: pointer\" data-src=\"https:\/\/autorai.nl\/wp-content\/uploads\/2023\/07\/porsche-vision-357-speedster-foto14-1600x900.jpg\" data-fancybox=\"galery-0\" title=\"\"><br \/>\n\t\t\t\t\t\t\t<img decoding=\"async\" width=\"360\" height=\"270\" src=\"https:\/\/autorai.nl\/wp-content\/uploads\/2023\/07\/porsche-vision-357-speedster-foto14-360x270.jpg\" class=\"attachment-small size-small\" alt=\"\" loading=\"lazy\"><i class=\"fa fa-search-plus\" aria-hidden=\"true\"><\/i><br \/>\n\t\t\t\t\t\t<\/span><br \/>\n\t\t\t\t\t<\/figure>\n<figure>\n\t\t\t\t\t<span style=\"cursor: pointer\" data-src=\"https:\/\/autorai.nl\/wp-content\/uploads\/2023\/07\/porsche-vision-357-speedster-foto13-1600x900.jpg\" data-fancybox=\"galery-0\" title=\"\"><br \/>\n\t\t\t\t\t\t\t<img decoding=\"async\" width=\"360\" height=\"270\" src=\"https:\/\/autorai.nl\/wp-content\/uploads\/2023\/07\/porsche-vision-357-speedster-foto13-360x270.jpg\" class=\"attachment-small size-small\" alt=\"Porsche Vision 357 Speedster\" loading=\"lazy\"><i class=\"fa fa-search-plus\" aria-hidden=\"true\"><\/i><br \/>\n\t\t\t\t\t\t<\/span><br \/>\n\t\t\t\t\t<\/figure>\n<figure>\n\t\t\t\t\t<span style=\"cursor: pointer\" data-src=\"https:\/\/autorai.nl\/wp-content\/uploads\/2023\/07\/porsche-vision-357-speedster-foto12-1600x900.jpg\" data-fancybox=\"galery-0\" title=\"\"><br \/>\n\t\t\t\t\t\t\t<img decoding=\"async\" width=\"360\" height=\"270\" src=\"https:\/\/autorai.nl\/wp-content\/uploads\/2023\/07\/porsche-vision-357-speedster-foto12-360x270.jpg\" class=\"attachment-small size-small\" alt=\"\" loading=\"lazy\"><i class=\"fa fa-search-plus\" aria-hidden=\"true\"><\/i><br \/>\n\t\t\t\t\t\t<\/span><br \/>\n\t\t\t\t\t<\/figure>\n<figure>\n\t\t\t\t\t<span style=\"cursor: pointer\" data-src=\"https:\/\/autorai.nl\/wp-content\/uploads\/2023\/07\/porsche-vision-357-speedster-foto11-1600x900.jpg\" data-fancybox=\"galery-0\" title=\"\"><br \/>\n\t\t\t\t\t\t\t<img decoding=\"async\" width=\"360\" height=\"270\" src=\"https:\/\/autorai.nl\/wp-content\/uploads\/2023\/07\/porsche-vision-357-speedster-foto11-360x270.jpg\" class=\"attachment-small size-small\" alt=\"\" loading=\"lazy\"><i class=\"fa fa-search-plus\" aria-hidden=\"true\"><\/i><br \/>\n\t\t\t\t\t\t<\/span><br \/>\n\t\t\t\t\t<\/figure>\n<figure>\n\t\t\t\t\t<span style=\"cursor: pointer\" data-src=\"https:\/\/autorai.nl\/wp-content\/uploads\/2023\/07\/porsche-vision-357-speedster-foto10-1600x900.jpg\" data-fancybox=\"galery-0\" title=\"\"><br \/>\n\t\t\t\t\t\t\t<img decoding=\"async\" width=\"360\" height=\"270\" src=\"https:\/\/autorai.nl\/wp-content\/uploads\/2023\/07\/porsche-vision-357-speedster-foto10-360x270.jpg\" class=\"attachment-small size-small\" alt=\"\" loading=\"lazy\"><i class=\"fa fa-search-plus\" aria-hidden=\"true\"><\/i><br \/>\n\t\t\t\t\t\t<\/span><br \/>\n\t\t\t\t\t<\/figure>\n<figure>\n\t\t\t\t\t<span style=\"cursor: pointer\" data-src=\"https:\/\/autorai.nl\/wp-content\/uploads\/2023\/07\/porsche-vision-357-speedster-foto9-1600x900.jpg\" data-fancybox=\"galery-0\" title=\"\"><br \/>\n\t\t\t\t\t\t\t<img decoding=\"async\" width=\"360\" height=\"270\" src=\"https:\/\/autorai.nl\/wp-content\/uploads\/2023\/07\/porsche-vision-357-speedster-foto9-360x270.jpg\" class=\"attachment-small size-small\" alt=\"\" loading=\"lazy\"><i class=\"fa fa-search-plus\" aria-hidden=\"true\"><\/i><br \/>\n\t\t\t\t\t\t<\/span><br \/>\n\t\t\t\t\t<\/figure>\n<figure>\n\t\t\t\t\t<span style=\"cursor: pointer\" data-src=\"https:\/\/autorai.nl\/wp-content\/uploads\/2023\/07\/porsche-vision-357-speedster-foto8-1600x900.jpg\" data-fancybox=\"galery-0\" title=\"\"><br \/>\n\t\t\t\t\t\t\t<img decoding=\"async\" width=\"360\" height=\"270\" src=\"https:\/\/autorai.nl\/wp-content\/uploads\/2023\/07\/porsche-vision-357-speedster-foto8-360x270.jpg\" class=\"attachment-small size-small\" alt=\"\" loading=\"lazy\"><i class=\"fa fa-search-plus\" aria-hidden=\"true\"><\/i><br \/>\n\t\t\t\t\t\t<\/span><br \/>\n\t\t\t\t\t<\/figure>\n<figure>\n\t\t\t\t\t<span style=\"cursor: pointer\" data-src=\"https:\/\/autorai.nl\/wp-content\/uploads\/2023\/07\/porsche-vision-357-speedster-foto7-1600x900.jpg\" data-fancybox=\"galery-0\" title=\"\"><br \/>\n\t\t\t\t\t\t\t<img decoding=\"async\" width=\"360\" height=\"270\" src=\"https:\/\/autorai.nl\/wp-content\/uploads\/2023\/07\/porsche-vision-357-speedster-foto7-360x270.jpg\" class=\"attachment-small size-small\" alt=\"\" loading=\"lazy\"><i class=\"fa fa-search-plus\" aria-hidden=\"true\"><\/i><br \/>\n\t\t\t\t\t\t<\/span><br \/>\n\t\t\t\t\t<\/figure>\n<figure>\n\t\t\t\t\t<span style=\"cursor: pointer\" data-src=\"https:\/\/autorai.nl\/wp-content\/uploads\/2023\/07\/porsche-vision-357-speedster-foto6-1600x900.jpg\" data-fancybox=\"galery-0\" title=\"\"><br \/>\n\t\t\t\t\t\t\t<img decoding=\"async\" width=\"360\" height=\"270\" src=\"https:\/\/autorai.nl\/wp-content\/uploads\/2023\/07\/porsche-vision-357-speedster-foto6-360x270.jpg\" class=\"attachment-small size-small\" alt=\"\" loading=\"lazy\"><i class=\"fa fa-search-plus\" aria-hidden=\"true\"><\/i><br \/>\n\t\t\t\t\t\t<\/span><br \/>\n\t\t\t\t\t<\/figure>\n<figure>\n\t\t\t\t\t<span style=\"cursor: pointer\" data-src=\"https:\/\/autorai.nl\/wp-content\/uploads\/2023\/07\/porsche-vision-357-speedster-foto5-1600x900.jpg\" data-fancybox=\"galery-0\" title=\"\"><br \/>\n\t\t\t\t\t\t\t<img decoding=\"async\" width=\"360\" height=\"270\" src=\"https:\/\/autorai.nl\/wp-content\/uploads\/2023\/07\/porsche-vision-357-speedster-foto5-360x270.jpg\" class=\"attachment-small size-small\" alt=\"\" loading=\"lazy\"><i class=\"fa fa-search-plus\" aria-hidden=\"true\"><\/i><br \/>\n\t\t\t\t\t\t<\/span><br \/>\n\t\t\t\t\t<\/figure>\n<figure>\n\t\t\t\t\t<span style=\"cursor: pointer\" data-src=\"https:\/\/autorai.nl\/wp-content\/uploads\/2023\/07\/porsche-vision-357-speedster-foto4-1600x900.jpg\" data-fancybox=\"galery-0\" title=\"\"><br \/>\n\t\t\t\t\t\t\t<img decoding=\"async\" width=\"360\" height=\"270\" src=\"https:\/\/autorai.nl\/wp-content\/uploads\/2023\/07\/porsche-vision-357-speedster-foto4-360x270.jpg\" class=\"attachment-small size-small\" alt=\"\" loading=\"lazy\"><i class=\"fa fa-search-plus\" aria-hidden=\"true\"><\/i><br \/>\n\t\t\t\t\t\t<\/span><br \/>\n\t\t\t\t\t<\/figure>\n<figure>\n\t\t\t\t\t<span style=\"cursor: pointer\" data-src=\"https:\/\/autorai.nl\/wp-content\/uploads\/2023\/07\/porsche-vision-357-speedster-foto3-1600x900.jpg\" data-fancybox=\"galery-0\" title=\"\"><br \/>\n\t\t\t\t\t\t\t<img decoding=\"async\" width=\"360\" height=\"270\" src=\"https:\/\/autorai.nl\/wp-content\/uploads\/2023\/07\/porsche-vision-357-speedster-foto3-360x270.jpg\" class=\"attachment-small size-small\" alt=\"\" loading=\"lazy\"><i class=\"fa fa-search-plus\" aria-hidden=\"true\"><\/i><br \/>\n\t\t\t\t\t\t<\/span><br \/>\n\t\t\t\t\t<\/figure>\n<figure>\n\t\t\t\t\t<span style=\"cursor: pointer\" data-src=\"https:\/\/autorai.nl\/wp-content\/uploads\/2023\/07\/porsche-vision-357-speedster-foto2-1600x900.jpg\" data-fancybox=\"galery-0\" title=\"\"><br \/>\n\t\t\t\t\t\t\t<img decoding=\"async\" width=\"360\" height=\"270\" src=\"https:\/\/autorai.nl\/wp-content\/uploads\/2023\/07\/porsche-vision-357-speedster-foto2-360x270.jpg\" class=\"attachment-small size-small\" alt=\"\" loading=\"lazy\"><i class=\"fa fa-search-plus\" aria-hidden=\"true\"><\/i><br \/>\n\t\t\t\t\t\t<\/span><br \/>\n\t\t\t\t\t<\/figure>\n<figure>\n\t\t\t\t\t<span style=\"cursor: pointer\" data-src=\"https:\/\/autorai.nl\/wp-content\/uploads\/2023\/07\/porsche-vision-357-speedster-foto1-1600x900.jpg\" data-fancybox=\"galery-0\" title=\"\"><br \/>\n\t\t\t\t\t\t\t<img decoding=\"async\" width=\"360\" height=\"270\" src=\"https:\/\/autorai.nl\/wp-content\/uploads\/2023\/07\/porsche-vision-357-speedster-foto1-360x270.jpg\" class=\"attachment-small size-small\" alt=\"\" loading=\"lazy\"><i class=\"fa fa-search-plus\" aria-hidden=\"true\"><\/i><br \/>\n\t\t\t\t\t\t<\/span><br \/>\n\t\t\t\t\t<\/figure>\n<div class=\"clear\"><\/div>\n<\/div>\n","protected":false},"excerpt":{"rendered":"Fahrwerk des 718 GT4 Clubsport Der Vision 357 Speedster basiert technisch auf dem Porsche 718 GT4 e-performance. Die Elektromotoren und&hellip;","protected":false},"author":0,"featured_media":137168,"comment_status":"","ping_status":"open","sticky":false,"template":"","format":"standard","meta":{"footnotes":""},"categories":[125],"tags":[],"class_list":["post-137180","post","type-post","status-publish","format-standard","has-post-thumbnail","hentry","category-auto-nachrichten"],"acf":[],"yoast_head":"<!-- This site is optimized with the Yoast SEO plugin v21.2 - https:\/\/yoast.com\/wordpress\/plugins\/seo\/ -->\n<title>Porsche Vision 357 Speedster zeigt neue Designrichtung Porsche - All cars news<\/title>\n<meta name=\"robots\" content=\"index, follow, max-snippet:-1, max-image-preview:large, max-video-preview:-1\" \/>\n<link rel=\"canonical\" href=\"https:\/\/all-car-news.com\/de\/porsche-vision-357-speedster-zeigt-neue-designrichtung-porsche\/\" \/>\n<meta property=\"og:locale\" content=\"de_DE\" \/>\n<meta property=\"og:type\" content=\"article\" \/>\n<meta property=\"og:title\" content=\"Porsche Vision 357 Speedster zeigt neue Designrichtung Porsche - All cars news\" \/>\n<meta property=\"og:description\" content=\"Fahrwerk des 718 GT4 Clubsport Der Vision 357 Speedster basiert technisch auf dem Porsche 718 GT4 e-performance. Die Elektromotoren und die Batterietechnologie stammen aus dem Mission R und er sitzt auf dem Chassis des 718 GT4 Clubsport.&nbsp; &quot;Der Porsche Vision 357 ist eine Anspielung auf den ersten Sportwagen von Ferry Porsche. Wie [...]\" \/>\n<meta property=\"og:url\" content=\"https:\/\/all-car-news.com\/de\/porsche-vision-357-speedster-zeigt-neue-designrichtung-porsche\/\" \/>\n<meta property=\"og:site_name\" content=\"All cars news\" \/>\n<meta property=\"article:published_time\" content=\"2023-07-17T08:27:56+00:00\" \/>\n<meta property=\"og:image\" content=\"https:\/\/autorai.nl\/wp-content\/uploads\/2023\/07\/porsche-vision-357-speedster-foto13-1140x641.jpg\" \/>\n<meta name=\"twitter:card\" content=\"summary_large_image\" \/>\n<meta name=\"twitter:label1\" content=\"Gesch\u00e4tzte Lesezeit\" \/>\n\t<meta name=\"twitter:data1\" content=\"3\u00a0Minuten\" \/>\n<script type=\"application\/ld+json\" class=\"yoast-schema-graph\">{\"@context\":\"https:\/\/schema.org\",\"@graph\":[{\"@type\":\"Article\",\"@id\":\"https:\/\/all-car-news.com\/de\/porsche-vision-357-speedster-zeigt-neue-designrichtung-porsche\/#article\",\"isPartOf\":{\"@id\":\"https:\/\/all-car-news.com\/de\/porsche-vision-357-speedster-zeigt-neue-designrichtung-porsche\/\"},\"author\":{\"name\":\"\",\"@id\":\"\"},\"headline\":\"Porsche Vision 357 Speedster zeigt neue Designrichtung Porsche\",\"datePublished\":\"2023-07-17T08:27:56+00:00\",\"dateModified\":\"2023-07-17T08:27:56+00:00\",\"mainEntityOfPage\":{\"@id\":\"https:\/\/all-car-news.com\/de\/porsche-vision-357-speedster-zeigt-neue-designrichtung-porsche\/\"},\"wordCount\":677,\"publisher\":{\"@id\":\"https:\/\/all-car-news.com\/de\/#organization\"},\"articleSection\":[\"Auto Nachrichten\"],\"inLanguage\":\"de\"},{\"@type\":\"WebPage\",\"@id\":\"https:\/\/all-car-news.com\/de\/porsche-vision-357-speedster-zeigt-neue-designrichtung-porsche\/\",\"url\":\"https:\/\/all-car-news.com\/de\/porsche-vision-357-speedster-zeigt-neue-designrichtung-porsche\/\",\"name\":\"Porsche Vision 357 Speedster zeigt neue Designrichtung Porsche - All cars news\",\"isPartOf\":{\"@id\":\"https:\/\/all-car-news.com\/de\/#website\"},\"datePublished\":\"2023-07-17T08:27:56+00:00\",\"dateModified\":\"2023-07-17T08:27:56+00:00\",\"breadcrumb\":{\"@id\":\"https:\/\/all-car-news.com\/de\/porsche-vision-357-speedster-zeigt-neue-designrichtung-porsche\/#breadcrumb\"},\"inLanguage\":\"de\",\"potentialAction\":[{\"@type\":\"ReadAction\",\"target\":[\"https:\/\/all-car-news.com\/de\/porsche-vision-357-speedster-zeigt-neue-designrichtung-porsche\/\"]}]},{\"@type\":\"BreadcrumbList\",\"@id\":\"https:\/\/all-car-news.com\/de\/porsche-vision-357-speedster-zeigt-neue-designrichtung-porsche\/#breadcrumb\",\"itemListElement\":[{\"@type\":\"ListItem\",\"position\":1,\"name\":\"Home\",\"item\":\"https:\/\/all-car-news.com\/de\/\"},{\"@type\":\"ListItem\",\"position\":2,\"name\":\"Porsche Vision 357 Speedster zeigt neue Designrichtung Porsche\"}]},{\"@type\":\"WebSite\",\"@id\":\"https:\/\/all-car-news.com\/de\/#website\",\"url\":\"https:\/\/all-car-news.com\/de\/\",\"name\":\"All cars news\",\"description\":\"\",\"publisher\":{\"@id\":\"https:\/\/all-car-news.com\/de\/#organization\"},\"potentialAction\":[{\"@type\":\"SearchAction\",\"target\":{\"@type\":\"EntryPoint\",\"urlTemplate\":\"https:\/\/all-car-news.com\/de\/?s={search_term_string}\"},\"query-input\":\"required name=search_term_string\"}],\"inLanguage\":\"de\"},{\"@type\":\"Organization\",\"@id\":\"https:\/\/all-car-news.com\/de\/#organization\",\"name\":\"All cars news\",\"url\":\"https:\/\/all-car-news.com\/de\/\",\"logo\":{\"@type\":\"ImageObject\",\"inLanguage\":\"de\",\"@id\":\"https:\/\/all-car-news.com\/de\/#\/schema\/logo\/image\/\",\"url\":\"https:\/\/all-car-news.com\/wp-content\/uploads\/2022\/02\/CMYK-AllCarNews_LANDSCAPE_300px-1.png\",\"contentUrl\":\"https:\/\/all-car-news.com\/wp-content\/uploads\/2022\/02\/CMYK-AllCarNews_LANDSCAPE_300px-1.png\",\"width\":300,\"height\":100,\"caption\":\"All cars news\"},\"image\":{\"@id\":\"https:\/\/all-car-news.com\/de\/#\/schema\/logo\/image\/\"}}]}<\/script>\n<!-- \/ Yoast SEO plugin. -->","yoast_head_json":{"title":"Porsche Vision 357 Speedster zeigt neue Designrichtung Porsche - All cars news","robots":{"index":"index","follow":"follow","max-snippet":"max-snippet:-1","max-image-preview":"max-image-preview:large","max-video-preview":"max-video-preview:-1"},"canonical":"https:\/\/all-car-news.com\/de\/porsche-vision-357-speedster-zeigt-neue-designrichtung-porsche\/","og_locale":"de_DE","og_type":"article","og_title":"Porsche Vision 357 Speedster zeigt neue Designrichtung Porsche - All cars news","og_description":"Fahrwerk des 718 GT4 Clubsport Der Vision 357 Speedster basiert technisch auf dem Porsche 718 GT4 e-performance. Die Elektromotoren und die Batterietechnologie stammen aus dem Mission R und er sitzt auf dem Chassis des 718 GT4 Clubsport.&nbsp; \"Der Porsche Vision 357 ist eine Anspielung auf den ersten Sportwagen von Ferry Porsche. Wie [...]","og_url":"https:\/\/all-car-news.com\/de\/porsche-vision-357-speedster-zeigt-neue-designrichtung-porsche\/","og_site_name":"All cars news","article_published_time":"2023-07-17T08:27:56+00:00","og_image":[{"url":"https:\/\/autorai.nl\/wp-content\/uploads\/2023\/07\/porsche-vision-357-speedster-foto13-1140x641.jpg"}],"twitter_card":"summary_large_image","twitter_misc":{"Gesch\u00e4tzte Lesezeit":"3\u00a0Minuten"},"schema":{"@context":"https:\/\/schema.org","@graph":[{"@type":"Article","@id":"https:\/\/all-car-news.com\/de\/porsche-vision-357-speedster-zeigt-neue-designrichtung-porsche\/#article","isPartOf":{"@id":"https:\/\/all-car-news.com\/de\/porsche-vision-357-speedster-zeigt-neue-designrichtung-porsche\/"},"author":{"name":"","@id":""},"headline":"Porsche Vision 357 Speedster zeigt neue Designrichtung Porsche","datePublished":"2023-07-17T08:27:56+00:00","dateModified":"2023-07-17T08:27:56+00:00","mainEntityOfPage":{"@id":"https:\/\/all-car-news.com\/de\/porsche-vision-357-speedster-zeigt-neue-designrichtung-porsche\/"},"wordCount":677,"publisher":{"@id":"https:\/\/all-car-news.com\/de\/#organization"},"articleSection":["Auto Nachrichten"],"inLanguage":"de"},{"@type":"WebPage","@id":"https:\/\/all-car-news.com\/de\/porsche-vision-357-speedster-zeigt-neue-designrichtung-porsche\/","url":"https:\/\/all-car-news.com\/de\/porsche-vision-357-speedster-zeigt-neue-designrichtung-porsche\/","name":"Porsche Vision 357 Speedster zeigt neue Designrichtung Porsche - All cars news","isPartOf":{"@id":"https:\/\/all-car-news.com\/de\/#website"},"datePublished":"2023-07-17T08:27:56+00:00","dateModified":"2023-07-17T08:27:56+00:00","breadcrumb":{"@id":"https:\/\/all-car-news.com\/de\/porsche-vision-357-speedster-zeigt-neue-designrichtung-porsche\/#breadcrumb"},"inLanguage":"de","potentialAction":[{"@type":"ReadAction","target":["https:\/\/all-car-news.com\/de\/porsche-vision-357-speedster-zeigt-neue-designrichtung-porsche\/"]}]},{"@type":"BreadcrumbList","@id":"https:\/\/all-car-news.com\/de\/porsche-vision-357-speedster-zeigt-neue-designrichtung-porsche\/#breadcrumb","itemListElement":[{"@type":"ListItem","position":1,"name":"Home","item":"https:\/\/all-car-news.com\/de\/"},{"@type":"ListItem","position":2,"name":"Porsche Vision 357 Speedster zeigt neue Designrichtung Porsche"}]},{"@type":"WebSite","@id":"https:\/\/all-car-news.com\/de\/#website","url":"https:\/\/all-car-news.com\/de\/","name":"All cars news","description":"","publisher":{"@id":"https:\/\/all-car-news.com\/de\/#organization"},"potentialAction":[{"@type":"SearchAction","target":{"@type":"EntryPoint","urlTemplate":"https:\/\/all-car-news.com\/de\/?s={search_term_string}"},"query-input":"required name=search_term_string"}],"inLanguage":"de"},{"@type":"Organization","@id":"https:\/\/all-car-news.com\/de\/#organization","name":"All cars news","url":"https:\/\/all-car-news.com\/de\/","logo":{"@type":"ImageObject","inLanguage":"de","@id":"https:\/\/all-car-news.com\/de\/#\/schema\/logo\/image\/","url":"https:\/\/all-car-news.com\/wp-content\/uploads\/2022\/02\/CMYK-AllCarNews_LANDSCAPE_300px-1.png","contentUrl":"https:\/\/all-car-news.com\/wp-content\/uploads\/2022\/02\/CMYK-AllCarNews_LANDSCAPE_300px-1.png","width":300,"height":100,"caption":"All cars news"},"image":{"@id":"https:\/\/all-car-news.com\/de\/#\/schema\/logo\/image\/"}}]}},"_links":{"self":[{"href":"https:\/\/all-car-news.com\/de\/wp-json\/wp\/v2\/posts\/137180","targetHints":{"allow":["GET"]}}],"collection":[{"href":"https:\/\/all-car-news.com\/de\/wp-json\/wp\/v2\/posts"}],"about":[{"href":"https:\/\/all-car-news.com\/de\/wp-json\/wp\/v2\/types\/post"}],"replies":[{"embeddable":true,"href":"https:\/\/all-car-news.com\/de\/wp-json\/wp\/v2\/comments?post=137180"}],"version-history":[{"count":0,"href":"https:\/\/all-car-news.com\/de\/wp-json\/wp\/v2\/posts\/137180\/revisions"}],"wp:featuredmedia":[{"embeddable":true,"href":"https:\/\/all-car-news.com\/de\/wp-json\/wp\/v2\/media\/137168"}],"wp:attachment":[{"href":"https:\/\/all-car-news.com\/de\/wp-json\/wp\/v2\/media?parent=137180"}],"wp:term":[{"taxonomy":"category","embeddable":true,"href":"https:\/\/all-car-news.com\/de\/wp-json\/wp\/v2\/categories?post=137180"},{"taxonomy":"post_tag","embeddable":true,"href":"https:\/\/all-car-news.com\/de\/wp-json\/wp\/v2\/tags?post=137180"}],"curies":[{"name":"wp","href":"https:\/\/api.w.org\/{rel}","templated":true}]}}