{"id":137090,"date":"2023-07-10T14:35:39","date_gmt":"2023-07-10T14:35:39","guid":{"rendered":"https:\/\/all-car-news.com\/volvo-ex90-viel-billiger-wie-kann-das-sein\/"},"modified":"2023-07-10T14:35:39","modified_gmt":"2023-07-10T14:35:39","slug":"volvo-ex90-viel-billiger-wie-kann-das-sein","status":"publish","type":"post","link":"https:\/\/all-car-news.com\/de\/volvo-ex90-viel-billiger-wie-kann-das-sein\/","title":{"rendered":"Volvo EX90 viel billiger, wie kann das sein?"},"content":{"rendered":"<h2>Volvo EX90 Einzelner Motor  <\/h2>\n<p>Der Single Motor gibt sein Deb\u00fct im Volvo EX90 und wird f\u00fcr die Core- und Plus-Varianten erh\u00e4ltlich sein. Der Single Motor ist mit einem Elektromotor an der Hinterachse ausgestattet. Die Leistung des Single-Motors betr\u00e4gt 208 kW\/279 PS bei einem Drehmoment von 490 Nm. Die Batteriekapazit\u00e4t betr\u00e4gt 104 kWh. Der erwartete Verbrauch liegt bei 19,9 kWh\/100 km mit einer Reichweite von bis zu 580 km (WLTP). Der Single Motor hat eine gebremste Anh\u00e4ngelast von 1.200 kg. Die Varianten mit zwei Motoren k\u00f6nnen bis zu 2.200 kg ziehen.<\/p>\n<h2>\u00c4u\u00dferes Volvo EX90<\/h2>\n<p>Das \u00c4u\u00dfere des Core unterscheidet sich von dem der Plus- und Ultra-Versionen. Die Unterseite des vorderen und hinteren Sto\u00dff\u00e4ngers, die Schweller und der Diffusor sind in Charcoal matt gehalten, statt in Glossy Black wie beim Plus und Ultra. Die Fenstereinfassungen, die Spiegelkappen, die Unterseite des K\u00fchlergrills, die Abdeckungen f\u00fcr den K\u00fchlergrill und die Zierleisten an der Heckklappe sind jedoch in Glossy Black gehalten. Dar\u00fcber hinaus ist die integrierte Dachreling des Core mattschwarz statt schwarz gl\u00e4nzend wie beim Plus und Ultra.<\/p>\n<p>Die Modelle Core und Plus sind serienm\u00e4\u00dfig mit 20-Zoll-Aero-Felgen im 5-Speichen-Design ausgestattet, das Modell Ultra mit 21-Zoll-Aero-Felgen im 8-Speichen-Design. Die 21-Zoll-Felgen sind jedoch als Option f\u00fcr den Core und den Plus erh\u00e4ltlich. Au\u00dferdem sind 22-Zoll-Aero-Felgen im 5-Speichen-Design f\u00fcr den Plus und Ultra optional erh\u00e4ltlich. Die Au\u00dfenfarben sind f\u00fcr jede Variante erh\u00e4ltlich, wobei die Standardfarbe immer Vapour Grey metallic ist. Dar\u00fcber hinaus gibt es eine neue Au\u00dfenfarbe: Maulbeerrot metallic.<\/p>\n<figure class=\"wp-block-image size-content\"><img decoding=\"async\" loading=\"lazy\" width=\"1140\" height=\"855\" src=\"https:\/\/autorai.nl\/wp-content\/uploads\/2023\/07\/volvo-ex90-2023-basis-foto1-1140x855.jpg\" alt=\"\" class=\"wp-image-162364\"><figcaption>Volvo EX90 Innenraum<\/figcaption><\/figure>\n<h2>Innere<\/h2>\n<p>Der Volvo EX90 ist serienm\u00e4\u00dfig mit sieben Sitzen und einem Panoramadach ausgestattet. Der Innenraum des Core ist mit einer Nordico-Polsterung in der Farbe Charcoal, zwei elektrisch verstellbaren Lendenwirbelst\u00fctzen und einer &#8222;Dark Matter&#8220;-Einlage im Innenraum ausgestattet. Beim Plus sind die Lendenwirbelst\u00fctzen vierfach elektrisch verstellbar und es gibt eine Birkenholzeinlage mit Hintergrundbeleuchtung. Die Lenks\u00e4ule des Volvo EX90 Core ist manuell verstellbar. Die Versionen Plus und Ultra verf\u00fcgen \u00fcber eine elektrisch verstellbare Lenks\u00e4ule.  <\/p>\n<h2>SunLike-LEDs<\/h2>\n<p>Im neuen Volvo EX90 wird der Innenraum des Fahrzeugs durch ein komplettes Paket von SunLike-LEDs mit der Emulation von Sonnenlicht beleuchtet. Der Core ist mit dem Beleuchtungspaket 1 ausgestattet, der Plus und Ultra mit dem Beleuchtungspaket 2, das beleuchtete T\u00fcroberfl\u00e4chen und Einstiegsleuchten beinhaltet.<\/p>\n<p>Ebenfalls serienm\u00e4\u00dfig sind der 14,5-Zoll-Touchscreen und das 9-Zoll-Fahrerdisplay mit kabellosem Apple CarPlay. Ab Plus ist der EX90 mit einem grafischen Head-up-Display ausgestattet. Der Core ist serienm\u00e4\u00dfig mit einem Hochleistungs-Audiosystem mit einem 325-W-Verst\u00e4rker und 10 Hochleistungslautsprechern ausgestattet. Die Modelle Plus und Ultra verf\u00fcgen \u00fcber das Bose Premium Sound System mit 940 W Leistung und 14 Lautsprechern. Das Hi-Fi-Audiosystem von Bowers &amp; Wilkins ist optional bei Plus erh\u00e4ltlich.<\/p>\n<div class=\"galery shuffle galery-0\">\n<figure>\n\t\t\t\t\t<span style=\"cursor: pointer\" data-src=\"https:\/\/autorai.nl\/wp-content\/uploads\/2023\/07\/volvo-ex90-2023-basis-foto5-1600x1200.jpg\" data-fancybox=\"galery-0\" title=\"Volvo EX90 au\u00dfen\"><br \/>\n\t\t\t\t\t\t\t<img decoding=\"async\" width=\"640\" height=\"480\" src=\"https:\/\/autorai.nl\/wp-content\/uploads\/2023\/07\/volvo-ex90-2023-basis-foto5-640x480.jpg\" class=\"attachment-medium size-medium\" alt=\"\" loading=\"lazy\"><i class=\"fa fa-search-plus\" aria-hidden=\"true\"><\/i><br \/>\n\t\t\t\t\t\t<\/span><br \/>\n\t\t\t\t\t<\/figure>\n<figure>\n\t\t\t\t\t<span style=\"cursor: pointer\" data-src=\"https:\/\/autorai.nl\/wp-content\/uploads\/2023\/07\/volvo-ex90-2023-basis-foto4-1600x1200.jpg\" data-fancybox=\"galery-0\" title=\"Volvo EX90 au\u00dfen\"><br \/>\n\t\t\t\t\t\t\t<img decoding=\"async\" width=\"360\" height=\"270\" src=\"https:\/\/autorai.nl\/wp-content\/uploads\/2023\/07\/volvo-ex90-2023-basis-foto4-360x270.jpg\" class=\"attachment-small size-small\" alt=\"\" loading=\"lazy\"><i class=\"fa fa-search-plus\" aria-hidden=\"true\"><\/i><br \/>\n\t\t\t\t\t\t<\/span><br \/>\n\t\t\t\t\t<\/figure>\n<figure>\n\t\t\t\t\t<span style=\"cursor: pointer\" data-src=\"https:\/\/autorai.nl\/wp-content\/uploads\/2023\/07\/volvo-ex90-2023-basis-foto2-1600x1200.jpg\" data-fancybox=\"galery-0\" title=\"Volvo EX90 au\u00dfen\"><br \/>\n\t\t\t\t\t\t\t<img decoding=\"async\" width=\"360\" height=\"270\" src=\"https:\/\/autorai.nl\/wp-content\/uploads\/2023\/07\/volvo-ex90-2023-basis-foto2-360x270.jpg\" class=\"attachment-small size-small\" alt=\"\" loading=\"lazy\"><i class=\"fa fa-search-plus\" aria-hidden=\"true\"><\/i><br \/>\n\t\t\t\t\t\t<\/span><br \/>\n\t\t\t\t\t<\/figure>\n<div class=\"clear\"><\/div>\n<\/div>\n<h2>Sicherheit<strong><em> <\/em><\/strong><\/h2>\n<p>Das Driver Understanding System, die Kameras und das Lidar geh\u00f6ren bei den Versionen Core und Plus zur Standardausstattung. Der Ultra ist serienm\u00e4\u00dfig mit der visuellen Einparkhilfe mit 360\u00b0-Kameras ausgestattet. Diese Funktion ist als Option f\u00fcr die Plus-Version erh\u00e4ltlich. Die R\u00fcckfahrkamera kann auch auf eine vergr\u00f6\u00dferte Ansicht in der N\u00e4he des Fahrzeugs umgeschaltet werden, was beim Ankuppeln eines Anh\u00e4ngers n\u00fctzlich sein kann.<\/p>\n<p>Der Volvo EX90 Core, Plus und Ultra setzen weiterhin den h\u00f6chsten Sicherheitsstandard. Mit der Einf\u00fchrung der neuen Core- und Plus-Varianten wird das elektrische Flaggschiff von Volvo auch f\u00fcr ein breiteres Publikum zug\u00e4nglich. Damit werden die Varianten zusammen mit dem neuen Single Motor Drive den unterschiedlichen Kundenbed\u00fcrfnissen gerecht.<\/p>\n<h2>Preisliste Volvo EX90<\/h2>\n<\/p>\n<figure class=\"wp-block-table\">\n<table>\n<tbody>\n<tr>\n<td><strong>&nbsp;<\/strong><\/td>\n<td>\n  <strong><br \/>\n    <u>Kern<\/u><br \/>\n  <\/strong>\n<\/td>\n<td>\n  <strong>Plus<\/strong>\n<\/td>\n<td>\n  <strong>Plus<\/strong>\n<\/td>\n<\/tr>\n<tr>\n<td>EX90 Einzelner Motor<\/td>\n<td>\u20ac 83.495<\/td>\n<td>\u20ac 87.995<\/td>\n<td>\n  <strong><br \/>\n    &nbsp;<br \/>\n  <\/strong>\n<\/td>\n<\/tr>\n<tr>\n<td>EX90 Doppelmotor<\/td>\n<td>\u20ac 88.995<\/td>\n<td>\u20ac 93.495<\/td>\n<td>\u20ac 99.195<\/td>\n<\/tr>\n<tr>\n<td>EX90 Doppelmotor Leistung<\/td>\n<td>\n  <strong><br \/>\n    &nbsp;<br \/>\n  <\/strong>\n<\/td>\n<td>\u20ac 98.495<\/td>\n<td>\u20ac 104.195<\/td>\n<\/tr>\n<\/tbody>\n<\/table>\n<\/figure>\n<p>Monatliche Raten Care by Volvo (48 Monate\/ 10.000 km f\u00fcr Fixed und 3 Monate f\u00fcr Flex)<\/p>\n<figure class=\"wp-block-table\">\n<table>\n<tbody>\n<tr>\n<td><strong>&nbsp;<\/strong><\/td>\n<td>\n  <strong>Feststehend<\/strong>\n<\/td>\n<td>\n  <strong>Flexibel<\/strong>\n<\/td>\n<\/tr>\n<tr>\n<td>EX90 Einzelner Motorkern<\/td>\n<td>\u20ac 1.249<\/td>\n<td>\u20ac 1.379<\/td>\n<\/tr>\n<tr>\n<td>EX90 Einzelner Motor Plus<\/td>\n<td>\u20ac 1.319<\/td>\n<td>\u20ac 1.449<\/td>\n<\/tr>\n<tr>\n<td>EX90 Doppelter Motorkern<\/td>\n<td>\u20ac 1.329<\/td>\n<td>\u20ac 1.459<\/td>\n<\/tr>\n<tr>\n<td>EX90 Doppelmotor Plus<\/td>\n<td>\u20ac 1.399<\/td>\n<td>\u20ac 1.529<\/td>\n<\/tr>\n<tr>\n<td>EX90 Doppelmotor Ultra<\/td>\n<td>\u20ac 1.489<\/td>\n<td>\u20ac 1.619<\/td>\n<\/tr>\n<tr>\n<td>EX90 Doppelmotor Leistung Plus<\/td>\n<td>\u20ac 1.459<\/td>\n<td>\u20ac 1.589<\/td>\n<\/tr>\n<tr>\n<td>EX90 Doppelmotor Leistung Ultra&nbsp;&nbsp;&nbsp;&nbsp;&nbsp;<\/td>\n<td>\u20ac 1.549<\/td>\n<td>\u20ac 1.679<\/td>\n<\/tr>\n<\/tbody>\n<\/table>\n<\/figure>\n","protected":false},"excerpt":{"rendered":"Volvo EX90 Single Motor Der Single Motor gibt sein Deb\u00fct im Volvo EX90 und ist f\u00fcr die Core- und Plus-Varianten&hellip;","protected":false},"author":0,"featured_media":137056,"comment_status":"","ping_status":"open","sticky":false,"template":"","format":"standard","meta":{"footnotes":""},"categories":[125],"tags":[],"class_list":["post-137090","post","type-post","status-publish","format-standard","has-post-thumbnail","hentry","category-auto-nachrichten"],"acf":[],"yoast_head":"<!-- This site is optimized with the Yoast SEO plugin v21.2 - https:\/\/yoast.com\/wordpress\/plugins\/seo\/ -->\n<title>Volvo EX90 viel billiger, wie kann das sein? - All cars news<\/title>\n<meta name=\"robots\" content=\"index, follow, max-snippet:-1, max-image-preview:large, max-video-preview:-1\" \/>\n<link rel=\"canonical\" href=\"https:\/\/all-car-news.com\/de\/volvo-ex90-viel-billiger-wie-kann-das-sein\/\" \/>\n<meta property=\"og:locale\" content=\"de_DE\" \/>\n<meta property=\"og:type\" content=\"article\" \/>\n<meta property=\"og:title\" content=\"Volvo EX90 viel billiger, wie kann das sein? - All cars news\" \/>\n<meta property=\"og:description\" content=\"Volvo EX90 Single Motor Der Single Motor gibt sein Deb\u00fct im Volvo EX90 und ist f\u00fcr die Core- und Plus-Varianten erh\u00e4ltlich. Der Single Motor ist mit einem Elektromotor an der Hinterachse ausgestattet. Die Leistung des Single-Motors betr\u00e4gt 208 kW\/279 PS bei einem Drehmoment von 490 Nm. Die Batteriekapazit\u00e4t betr\u00e4gt 104 kWh. Es [\u2026]\" \/>\n<meta property=\"og:url\" content=\"https:\/\/all-car-news.com\/de\/volvo-ex90-viel-billiger-wie-kann-das-sein\/\" \/>\n<meta property=\"og:site_name\" content=\"All cars news\" \/>\n<meta property=\"article:published_time\" content=\"2023-07-10T14:35:39+00:00\" \/>\n<meta property=\"og:image\" content=\"https:\/\/autorai.nl\/wp-content\/uploads\/2023\/07\/volvo-ex90-2023-basis-foto1-1140x855.jpg\" \/>\n<meta name=\"twitter:card\" content=\"summary_large_image\" \/>\n<meta name=\"twitter:label1\" content=\"Gesch\u00e4tzte Lesezeit\" \/>\n\t<meta name=\"twitter:data1\" content=\"3\u00a0Minuten\" \/>\n<script type=\"application\/ld+json\" class=\"yoast-schema-graph\">{\"@context\":\"https:\/\/schema.org\",\"@graph\":[{\"@type\":\"Article\",\"@id\":\"https:\/\/all-car-news.com\/de\/volvo-ex90-viel-billiger-wie-kann-das-sein\/#article\",\"isPartOf\":{\"@id\":\"https:\/\/all-car-news.com\/de\/volvo-ex90-viel-billiger-wie-kann-das-sein\/\"},\"author\":{\"name\":\"\",\"@id\":\"\"},\"headline\":\"Volvo EX90 viel billiger, wie kann das sein?\",\"datePublished\":\"2023-07-10T14:35:39+00:00\",\"dateModified\":\"2023-07-10T14:35:39+00:00\",\"mainEntityOfPage\":{\"@id\":\"https:\/\/all-car-news.com\/de\/volvo-ex90-viel-billiger-wie-kann-das-sein\/\"},\"wordCount\":650,\"publisher\":{\"@id\":\"https:\/\/all-car-news.com\/de\/#organization\"},\"articleSection\":[\"Auto Nachrichten\"],\"inLanguage\":\"de\"},{\"@type\":\"WebPage\",\"@id\":\"https:\/\/all-car-news.com\/de\/volvo-ex90-viel-billiger-wie-kann-das-sein\/\",\"url\":\"https:\/\/all-car-news.com\/de\/volvo-ex90-viel-billiger-wie-kann-das-sein\/\",\"name\":\"Volvo EX90 viel billiger, wie kann das sein? - All cars news\",\"isPartOf\":{\"@id\":\"https:\/\/all-car-news.com\/de\/#website\"},\"datePublished\":\"2023-07-10T14:35:39+00:00\",\"dateModified\":\"2023-07-10T14:35:39+00:00\",\"breadcrumb\":{\"@id\":\"https:\/\/all-car-news.com\/de\/volvo-ex90-viel-billiger-wie-kann-das-sein\/#breadcrumb\"},\"inLanguage\":\"de\",\"potentialAction\":[{\"@type\":\"ReadAction\",\"target\":[\"https:\/\/all-car-news.com\/de\/volvo-ex90-viel-billiger-wie-kann-das-sein\/\"]}]},{\"@type\":\"BreadcrumbList\",\"@id\":\"https:\/\/all-car-news.com\/de\/volvo-ex90-viel-billiger-wie-kann-das-sein\/#breadcrumb\",\"itemListElement\":[{\"@type\":\"ListItem\",\"position\":1,\"name\":\"Home\",\"item\":\"https:\/\/all-car-news.com\/de\/\"},{\"@type\":\"ListItem\",\"position\":2,\"name\":\"Volvo EX90 viel billiger, wie kann das sein?\"}]},{\"@type\":\"WebSite\",\"@id\":\"https:\/\/all-car-news.com\/de\/#website\",\"url\":\"https:\/\/all-car-news.com\/de\/\",\"name\":\"All cars news\",\"description\":\"\",\"publisher\":{\"@id\":\"https:\/\/all-car-news.com\/de\/#organization\"},\"potentialAction\":[{\"@type\":\"SearchAction\",\"target\":{\"@type\":\"EntryPoint\",\"urlTemplate\":\"https:\/\/all-car-news.com\/de\/?s={search_term_string}\"},\"query-input\":\"required name=search_term_string\"}],\"inLanguage\":\"de\"},{\"@type\":\"Organization\",\"@id\":\"https:\/\/all-car-news.com\/de\/#organization\",\"name\":\"All cars news\",\"url\":\"https:\/\/all-car-news.com\/de\/\",\"logo\":{\"@type\":\"ImageObject\",\"inLanguage\":\"de\",\"@id\":\"https:\/\/all-car-news.com\/de\/#\/schema\/logo\/image\/\",\"url\":\"https:\/\/all-car-news.com\/wp-content\/uploads\/2022\/02\/CMYK-AllCarNews_LANDSCAPE_300px-1.png\",\"contentUrl\":\"https:\/\/all-car-news.com\/wp-content\/uploads\/2022\/02\/CMYK-AllCarNews_LANDSCAPE_300px-1.png\",\"width\":300,\"height\":100,\"caption\":\"All cars news\"},\"image\":{\"@id\":\"https:\/\/all-car-news.com\/de\/#\/schema\/logo\/image\/\"}}]}<\/script>\n<!-- \/ Yoast SEO plugin. -->","yoast_head_json":{"title":"Volvo EX90 viel billiger, wie kann das sein? - All cars news","robots":{"index":"index","follow":"follow","max-snippet":"max-snippet:-1","max-image-preview":"max-image-preview:large","max-video-preview":"max-video-preview:-1"},"canonical":"https:\/\/all-car-news.com\/de\/volvo-ex90-viel-billiger-wie-kann-das-sein\/","og_locale":"de_DE","og_type":"article","og_title":"Volvo EX90 viel billiger, wie kann das sein? - All cars news","og_description":"Volvo EX90 Single Motor Der Single Motor gibt sein Deb\u00fct im Volvo EX90 und ist f\u00fcr die Core- und Plus-Varianten erh\u00e4ltlich. Der Single Motor ist mit einem Elektromotor an der Hinterachse ausgestattet. Die Leistung des Single-Motors betr\u00e4gt 208 kW\/279 PS bei einem Drehmoment von 490 Nm. Die Batteriekapazit\u00e4t betr\u00e4gt 104 kWh. Es [\u2026]","og_url":"https:\/\/all-car-news.com\/de\/volvo-ex90-viel-billiger-wie-kann-das-sein\/","og_site_name":"All cars news","article_published_time":"2023-07-10T14:35:39+00:00","og_image":[{"url":"https:\/\/autorai.nl\/wp-content\/uploads\/2023\/07\/volvo-ex90-2023-basis-foto1-1140x855.jpg"}],"twitter_card":"summary_large_image","twitter_misc":{"Gesch\u00e4tzte Lesezeit":"3\u00a0Minuten"},"schema":{"@context":"https:\/\/schema.org","@graph":[{"@type":"Article","@id":"https:\/\/all-car-news.com\/de\/volvo-ex90-viel-billiger-wie-kann-das-sein\/#article","isPartOf":{"@id":"https:\/\/all-car-news.com\/de\/volvo-ex90-viel-billiger-wie-kann-das-sein\/"},"author":{"name":"","@id":""},"headline":"Volvo EX90 viel billiger, wie kann das sein?","datePublished":"2023-07-10T14:35:39+00:00","dateModified":"2023-07-10T14:35:39+00:00","mainEntityOfPage":{"@id":"https:\/\/all-car-news.com\/de\/volvo-ex90-viel-billiger-wie-kann-das-sein\/"},"wordCount":650,"publisher":{"@id":"https:\/\/all-car-news.com\/de\/#organization"},"articleSection":["Auto Nachrichten"],"inLanguage":"de"},{"@type":"WebPage","@id":"https:\/\/all-car-news.com\/de\/volvo-ex90-viel-billiger-wie-kann-das-sein\/","url":"https:\/\/all-car-news.com\/de\/volvo-ex90-viel-billiger-wie-kann-das-sein\/","name":"Volvo EX90 viel billiger, wie kann das sein? - All cars news","isPartOf":{"@id":"https:\/\/all-car-news.com\/de\/#website"},"datePublished":"2023-07-10T14:35:39+00:00","dateModified":"2023-07-10T14:35:39+00:00","breadcrumb":{"@id":"https:\/\/all-car-news.com\/de\/volvo-ex90-viel-billiger-wie-kann-das-sein\/#breadcrumb"},"inLanguage":"de","potentialAction":[{"@type":"ReadAction","target":["https:\/\/all-car-news.com\/de\/volvo-ex90-viel-billiger-wie-kann-das-sein\/"]}]},{"@type":"BreadcrumbList","@id":"https:\/\/all-car-news.com\/de\/volvo-ex90-viel-billiger-wie-kann-das-sein\/#breadcrumb","itemListElement":[{"@type":"ListItem","position":1,"name":"Home","item":"https:\/\/all-car-news.com\/de\/"},{"@type":"ListItem","position":2,"name":"Volvo EX90 viel billiger, wie kann das sein?"}]},{"@type":"WebSite","@id":"https:\/\/all-car-news.com\/de\/#website","url":"https:\/\/all-car-news.com\/de\/","name":"All cars news","description":"","publisher":{"@id":"https:\/\/all-car-news.com\/de\/#organization"},"potentialAction":[{"@type":"SearchAction","target":{"@type":"EntryPoint","urlTemplate":"https:\/\/all-car-news.com\/de\/?s={search_term_string}"},"query-input":"required name=search_term_string"}],"inLanguage":"de"},{"@type":"Organization","@id":"https:\/\/all-car-news.com\/de\/#organization","name":"All cars news","url":"https:\/\/all-car-news.com\/de\/","logo":{"@type":"ImageObject","inLanguage":"de","@id":"https:\/\/all-car-news.com\/de\/#\/schema\/logo\/image\/","url":"https:\/\/all-car-news.com\/wp-content\/uploads\/2022\/02\/CMYK-AllCarNews_LANDSCAPE_300px-1.png","contentUrl":"https:\/\/all-car-news.com\/wp-content\/uploads\/2022\/02\/CMYK-AllCarNews_LANDSCAPE_300px-1.png","width":300,"height":100,"caption":"All cars news"},"image":{"@id":"https:\/\/all-car-news.com\/de\/#\/schema\/logo\/image\/"}}]}},"_links":{"self":[{"href":"https:\/\/all-car-news.com\/de\/wp-json\/wp\/v2\/posts\/137090","targetHints":{"allow":["GET"]}}],"collection":[{"href":"https:\/\/all-car-news.com\/de\/wp-json\/wp\/v2\/posts"}],"about":[{"href":"https:\/\/all-car-news.com\/de\/wp-json\/wp\/v2\/types\/post"}],"replies":[{"embeddable":true,"href":"https:\/\/all-car-news.com\/de\/wp-json\/wp\/v2\/comments?post=137090"}],"version-history":[{"count":0,"href":"https:\/\/all-car-news.com\/de\/wp-json\/wp\/v2\/posts\/137090\/revisions"}],"wp:featuredmedia":[{"embeddable":true,"href":"https:\/\/all-car-news.com\/de\/wp-json\/wp\/v2\/media\/137056"}],"wp:attachment":[{"href":"https:\/\/all-car-news.com\/de\/wp-json\/wp\/v2\/media?parent=137090"}],"wp:term":[{"taxonomy":"category","embeddable":true,"href":"https:\/\/all-car-news.com\/de\/wp-json\/wp\/v2\/categories?post=137090"},{"taxonomy":"post_tag","embeddable":true,"href":"https:\/\/all-car-news.com\/de\/wp-json\/wp\/v2\/tags?post=137090"}],"curies":[{"name":"wp","href":"https:\/\/api.w.org\/{rel}","templated":true}]}}