{"id":137079,"date":"2023-07-10T08:15:06","date_gmt":"2023-07-10T08:15:06","guid":{"rendered":"https:\/\/all-car-news.com\/evs-mit-schaltgetriebe-und-festkoerperbatterien-das-sind-toyotas-ev-plaene\/"},"modified":"2023-07-10T08:15:06","modified_gmt":"2023-07-10T08:15:06","slug":"evs-mit-schaltgetriebe-und-festkoerperbatterien-das-sind-toyotas-ev-plaene","status":"publish","type":"post","link":"https:\/\/all-car-news.com\/de\/evs-mit-schaltgetriebe-und-festkoerperbatterien-das-sind-toyotas-ev-plaene\/","title":{"rendered":"EVs mit Schaltgetriebe und Festk\u00f6rperbatterien: Das sind Toyotas EV-Pl\u00e4ne"},"content":{"rendered":"<h2>30 batterieelektrische Modelle<\/h2>\n<p>Um es gleich auf den Punkt zu bringen: Toyota glaubt nicht an die &#8222;Einheitsgr\u00f6\u00dfe f\u00fcr alle&#8220;. Deshalb werden bis 2030 bis zu 30&nbsp;batterieelektrische Modelle eingef\u00fchrt, darunter auch eine Erweiterung der bZ-Familie. Ab 2035 werden alle neuen Modelle, die in Westeuropa verkauft werden, vollelektrisch sein, sofern die Infrastruktur dies bis dahin zul\u00e4sst. Auch die Fabriken m\u00fcssen dann kohlenstoffneutral sein.<\/p>\n<h2>EVs auch mit Schaltgetriebe<\/h2>\n<p>Die Erweiterung der bZ-Palette umfasst einen mittelgro\u00dfen und einen sehr kompakten SUV. Au\u00dferdem wird es eine Mittelklasselimousine, einen gro\u00dfen SUV mit dritter Sitzreihe und vieles mehr geben. Toyota arbeitet auch an einem manuellen EV f\u00fcr eine spannende Mensch-Maschine-Interaktion. Lexus wird wahrscheinlich der erste sein, der von dieser Technologie profitiert. Wichtiges Detail: Mit dieser Technologie kann ein Elektroauto auch abgew\u00fcrgt werden, wenn man die Kupplung zu ungeschickt bet\u00e4tigt.<\/p>\n<h2>Multi-Pfad-Ansatz<\/h2>\n<p>Die Speerspitze f\u00fcr Toyota ist das Toyota-Mobilit\u00e4tskonzept, das aus drei Ans\u00e4tzen besteht, die f\u00fcr seine Verwirklichung wesentlich sind. Bei der Elektrifizierung verfolgt Toyota einen &#8222;Multi-Pathway-Ansatz&#8220;, bei dem die Antriebsstr\u00e4nge speziell f\u00fcr eine Region optimiert werden. Im Bereich der Intelligenz wird Toyota nicht nur Fahrzeuge und Dienstleistungen entwickeln, sondern auch soziale Initiativen f\u00f6rdern, wie z. B. die experimentelle Woven City in Japan. Drittens wird sich Toyota noch st\u00e4rker auf Produkte konzentrieren, die den Bed\u00fcrfnissen der Gesellschaft entsprechen, wie Mobilit\u00e4t f\u00fcr alle und verschiedene Energieoptionen.<\/p>\n<div class=\"galery galery-0\">\n<figure>\n\t\t\t\t\t<span style=\"cursor: pointer\" data-src=\"https:\/\/autorai.nl\/wp-content\/uploads\/2023\/07\/toyota-lexus-toekomst-ev-foto2-1600x1064.jpg\" data-fancybox=\"galery-0\" title=\"\"><br \/>\n\t\t\t\t\t\t\t<img decoding=\"async\" width=\"360\" height=\"270\" src=\"https:\/\/autorai.nl\/wp-content\/uploads\/2023\/07\/toyota-lexus-toekomst-ev-foto2-360x270.jpg\" class=\"attachment-small size-small\" alt=\"\" loading=\"lazy\"><i class=\"fa fa-search-plus\" aria-hidden=\"true\"><\/i><br \/>\n\t\t\t\t\t\t<\/span><br \/>\n\t\t\t\t\t<\/figure>\n<figure>\n\t\t\t\t\t<span style=\"cursor: pointer\" data-src=\"https:\/\/autorai.nl\/wp-content\/uploads\/2023\/07\/toyota-lexus-toekomst-ev-foto3-1600x1064.jpg\" data-fancybox=\"galery-0\" title=\"\"><br \/>\n\t\t\t\t\t\t\t<img decoding=\"async\" width=\"360\" height=\"270\" src=\"https:\/\/autorai.nl\/wp-content\/uploads\/2023\/07\/toyota-lexus-toekomst-ev-foto3-360x270.jpg\" class=\"attachment-small size-small\" alt=\"\" loading=\"lazy\"><i class=\"fa fa-search-plus\" aria-hidden=\"true\"><\/i><br \/>\n\t\t\t\t\t\t<\/span><br \/>\n\t\t\t\t\t<\/figure>\n<figure>\n\t\t\t\t\t<span style=\"cursor: pointer\" data-src=\"https:\/\/autorai.nl\/wp-content\/uploads\/2023\/07\/toyota-lexus-toekomst-ev-foto5-1600x1067.jpg\" data-fancybox=\"galery-0\" title=\"\"><br \/>\n\t\t\t\t\t\t\t<img decoding=\"async\" width=\"360\" height=\"270\" src=\"https:\/\/autorai.nl\/wp-content\/uploads\/2023\/07\/toyota-lexus-toekomst-ev-foto5-360x270.jpg\" class=\"attachment-small size-small\" alt=\"\" loading=\"lazy\"><i class=\"fa fa-search-plus\" aria-hidden=\"true\"><\/i><br \/>\n\t\t\t\t\t\t<\/span><br \/>\n\t\t\t\t\t<\/figure>\n<figure>\n\t\t\t\t\t<span style=\"cursor: pointer\" data-src=\"https:\/\/autorai.nl\/wp-content\/uploads\/2023\/07\/toyota-lexus-toekomst-ev-foto4-1600x1067.jpg\" data-fancybox=\"galery-0\" title=\"\"><br \/>\n\t\t\t\t\t\t\t<img decoding=\"async\" width=\"360\" height=\"270\" src=\"https:\/\/autorai.nl\/wp-content\/uploads\/2023\/07\/toyota-lexus-toekomst-ev-foto4-360x270.jpg\" class=\"attachment-small size-small\" alt=\"\" loading=\"lazy\"><i class=\"fa fa-search-plus\" aria-hidden=\"true\"><\/i><br \/>\n\t\t\t\t\t\t<\/span><br \/>\n\t\t\t\t\t<\/figure>\n<div class=\"clear\"><\/div>\n<\/div>\n<h2>Neue Generation von Batterien<\/h2>\n<p>Ein wichtiger Bestandteil der Toyota-Strategie ist die Entwicklung einer neuen Generation von Batterien f\u00fcr seine Elektrofahrzeuge. Toyota arbeitet an leichten Festk\u00f6rperbatterien, die eine hohe Energiedichte aufweisen und eine Reichweite von mehr als tausend Kilometern erm\u00f6glichen sollen. Au\u00dferdem enthalten Festk\u00f6rperbatterien keine fl\u00fcssigen Bestandteile, was sie nicht nur leichter als herk\u00f6mmliche Batterien, sondern auch sicherer macht. Diese Batterien werden in Autos mit elegantem, aerodynamischem Design integriert, bei deren Gestaltung k\u00fcnstliche Intelligenz (KI) eine Rolle gespielt hat.<\/p>\n<h2>BEV-Fabrik und Wasserstoff-Fabrik<\/h2>\n<p>Die BEV Factory ist eine Organisation, die sich auf die Entwicklung und Produktion von batterieelektrischen Autos konzentriert und eine wichtige Rolle in Toyotas Pl\u00e4nen spielt. Spezielle Produktionsmethoden erm\u00f6glichen es Toyota, die Entwicklungskosten und die Gesamtinvestitionen in Fahrzeuge um die H\u00e4lfte zu senken.<\/p>\n<p>Bis 2030 werden die Wasserstoffm\u00e4rkte in Europa, China und Nordamerika bei weitem die gr\u00f6\u00dften sein. Es wird erwartet, dass der Brennstoffzellenmarkt die Schwelle von mehr als 3 Billionen Euro pro Jahr erreichen wird. Um auf die schnellen Ver\u00e4nderungen des Marktes zu reagieren, gr\u00fcndet Toyota eine weitere neue Organisation: Hydrogen Factory. Es wird sich ganz auf die Forschung und Entwicklung sowie die Produktion von Brennstoffzellen, insbesondere f\u00fcr den europ\u00e4ischen und chinesischen Markt, konzentrieren.<\/p>\n<h2>Wichtige Namen<\/h2>\n<p>Hiroki Nakajima, Executive Vice President und Chief Technology Officer bei Toyota, stellte diese strategischen Pl\u00e4ne f\u00fcr Elektrofahrzeuge vor. Takero Kato, Pr\u00e4sident der Toyota EV-Einheit BEV Factory, und Mitsumasa Yamagata, Pr\u00e4sident der Hydrogen Factory, sprachen ebenfalls \u00fcber die Zukunft der Mobilit\u00e4t, EVs und Wasserstoff.<\/p>\n","protected":false},"excerpt":{"rendered":"30 batterieelektrische Modelle Um es gleich auf den Punkt zu bringen: Toyota glaubt nicht an die \"Einheitsgr\u00f6\u00dfe f\u00fcr alle\". Deshalb&hellip;","protected":false},"author":0,"featured_media":137062,"comment_status":"","ping_status":"open","sticky":false,"template":"","format":"standard","meta":{"footnotes":""},"categories":[125,128],"tags":[],"class_list":["post-137079","post","type-post","status-publish","format-standard","has-post-thumbnail","hentry","category-auto-nachrichten","category-hintergrund"],"acf":[],"yoast_head":"<!-- This site is optimized with the Yoast SEO plugin v21.2 - https:\/\/yoast.com\/wordpress\/plugins\/seo\/ -->\n<title>EVs mit Schaltgetriebe und Festk\u00f6rperbatterien: Das sind Toyotas EV-Pl\u00e4ne - All cars news<\/title>\n<meta name=\"robots\" content=\"index, follow, max-snippet:-1, max-image-preview:large, max-video-preview:-1\" \/>\n<link rel=\"canonical\" href=\"https:\/\/all-car-news.com\/de\/evs-mit-schaltgetriebe-und-festkoerperbatterien-das-sind-toyotas-ev-plaene\/\" \/>\n<meta property=\"og:locale\" content=\"de_DE\" \/>\n<meta property=\"og:type\" content=\"article\" \/>\n<meta property=\"og:title\" content=\"EVs mit Schaltgetriebe und Festk\u00f6rperbatterien: Das sind Toyotas EV-Pl\u00e4ne - All cars news\" \/>\n<meta property=\"og:description\" content=\"30 batterieelektrische Modelle Um es gleich auf den Punkt zu bringen: Toyota glaubt nicht an die &quot;Einheitsgr\u00f6\u00dfe f\u00fcr alle&quot;. Deshalb werden bis 2030 bis zu 30&nbsp;batterieelektrische Modelle eingef\u00fchrt, darunter auch eine Erweiterung der bZ-Familie. Ab 2035 werden alle neuen Modelle, die in Westeuropa verkauft werden, vollelektrisch sein, sofern die Infrastruktur dies bis dahin zul\u00e4sst. Ebenfalls [\u2026]\" \/>\n<meta property=\"og:url\" content=\"https:\/\/all-car-news.com\/de\/evs-mit-schaltgetriebe-und-festkoerperbatterien-das-sind-toyotas-ev-plaene\/\" \/>\n<meta property=\"og:site_name\" content=\"All cars news\" \/>\n<meta property=\"article:published_time\" content=\"2023-07-10T08:15:06+00:00\" \/>\n<meta property=\"og:image\" content=\"https:\/\/autorai.nl\/wp-content\/uploads\/2023\/07\/toyota-lexus-toekomst-ev-foto2-360x270.jpg\" \/>\n<meta name=\"twitter:card\" content=\"summary_large_image\" \/>\n<meta name=\"twitter:label1\" content=\"Gesch\u00e4tzte Lesezeit\" \/>\n\t<meta name=\"twitter:data1\" content=\"2\u00a0Minuten\" \/>\n<script type=\"application\/ld+json\" class=\"yoast-schema-graph\">{\"@context\":\"https:\/\/schema.org\",\"@graph\":[{\"@type\":\"Article\",\"@id\":\"https:\/\/all-car-news.com\/de\/evs-mit-schaltgetriebe-und-festkoerperbatterien-das-sind-toyotas-ev-plaene\/#article\",\"isPartOf\":{\"@id\":\"https:\/\/all-car-news.com\/de\/evs-mit-schaltgetriebe-und-festkoerperbatterien-das-sind-toyotas-ev-plaene\/\"},\"author\":{\"name\":\"\",\"@id\":\"\"},\"headline\":\"EVs mit Schaltgetriebe und Festk\u00f6rperbatterien: Das sind Toyotas EV-Pl\u00e4ne\",\"datePublished\":\"2023-07-10T08:15:06+00:00\",\"dateModified\":\"2023-07-10T08:15:06+00:00\",\"mainEntityOfPage\":{\"@id\":\"https:\/\/all-car-news.com\/de\/evs-mit-schaltgetriebe-und-festkoerperbatterien-das-sind-toyotas-ev-plaene\/\"},\"wordCount\":507,\"publisher\":{\"@id\":\"https:\/\/all-car-news.com\/de\/#organization\"},\"articleSection\":[\"Auto Nachrichten\",\"Hintergrund\"],\"inLanguage\":\"de\"},{\"@type\":\"WebPage\",\"@id\":\"https:\/\/all-car-news.com\/de\/evs-mit-schaltgetriebe-und-festkoerperbatterien-das-sind-toyotas-ev-plaene\/\",\"url\":\"https:\/\/all-car-news.com\/de\/evs-mit-schaltgetriebe-und-festkoerperbatterien-das-sind-toyotas-ev-plaene\/\",\"name\":\"EVs mit Schaltgetriebe und Festk\u00f6rperbatterien: Das sind Toyotas EV-Pl\u00e4ne - All cars news\",\"isPartOf\":{\"@id\":\"https:\/\/all-car-news.com\/de\/#website\"},\"datePublished\":\"2023-07-10T08:15:06+00:00\",\"dateModified\":\"2023-07-10T08:15:06+00:00\",\"breadcrumb\":{\"@id\":\"https:\/\/all-car-news.com\/de\/evs-mit-schaltgetriebe-und-festkoerperbatterien-das-sind-toyotas-ev-plaene\/#breadcrumb\"},\"inLanguage\":\"de\",\"potentialAction\":[{\"@type\":\"ReadAction\",\"target\":[\"https:\/\/all-car-news.com\/de\/evs-mit-schaltgetriebe-und-festkoerperbatterien-das-sind-toyotas-ev-plaene\/\"]}]},{\"@type\":\"BreadcrumbList\",\"@id\":\"https:\/\/all-car-news.com\/de\/evs-mit-schaltgetriebe-und-festkoerperbatterien-das-sind-toyotas-ev-plaene\/#breadcrumb\",\"itemListElement\":[{\"@type\":\"ListItem\",\"position\":1,\"name\":\"Home\",\"item\":\"https:\/\/all-car-news.com\/de\/\"},{\"@type\":\"ListItem\",\"position\":2,\"name\":\"EVs mit Schaltgetriebe und Festk\u00f6rperbatterien: Das sind Toyotas EV-Pl\u00e4ne\"}]},{\"@type\":\"WebSite\",\"@id\":\"https:\/\/all-car-news.com\/de\/#website\",\"url\":\"https:\/\/all-car-news.com\/de\/\",\"name\":\"All cars news\",\"description\":\"\",\"publisher\":{\"@id\":\"https:\/\/all-car-news.com\/de\/#organization\"},\"potentialAction\":[{\"@type\":\"SearchAction\",\"target\":{\"@type\":\"EntryPoint\",\"urlTemplate\":\"https:\/\/all-car-news.com\/de\/?s={search_term_string}\"},\"query-input\":\"required name=search_term_string\"}],\"inLanguage\":\"de\"},{\"@type\":\"Organization\",\"@id\":\"https:\/\/all-car-news.com\/de\/#organization\",\"name\":\"All cars news\",\"url\":\"https:\/\/all-car-news.com\/de\/\",\"logo\":{\"@type\":\"ImageObject\",\"inLanguage\":\"de\",\"@id\":\"https:\/\/all-car-news.com\/de\/#\/schema\/logo\/image\/\",\"url\":\"https:\/\/all-car-news.com\/wp-content\/uploads\/2022\/02\/CMYK-AllCarNews_LANDSCAPE_300px-1.png\",\"contentUrl\":\"https:\/\/all-car-news.com\/wp-content\/uploads\/2022\/02\/CMYK-AllCarNews_LANDSCAPE_300px-1.png\",\"width\":300,\"height\":100,\"caption\":\"All cars news\"},\"image\":{\"@id\":\"https:\/\/all-car-news.com\/de\/#\/schema\/logo\/image\/\"}}]}<\/script>\n<!-- \/ Yoast SEO plugin. -->","yoast_head_json":{"title":"EVs mit Schaltgetriebe und Festk\u00f6rperbatterien: Das sind Toyotas EV-Pl\u00e4ne - All cars news","robots":{"index":"index","follow":"follow","max-snippet":"max-snippet:-1","max-image-preview":"max-image-preview:large","max-video-preview":"max-video-preview:-1"},"canonical":"https:\/\/all-car-news.com\/de\/evs-mit-schaltgetriebe-und-festkoerperbatterien-das-sind-toyotas-ev-plaene\/","og_locale":"de_DE","og_type":"article","og_title":"EVs mit Schaltgetriebe und Festk\u00f6rperbatterien: Das sind Toyotas EV-Pl\u00e4ne - All cars news","og_description":"30 batterieelektrische Modelle Um es gleich auf den Punkt zu bringen: Toyota glaubt nicht an die \"Einheitsgr\u00f6\u00dfe f\u00fcr alle\". Deshalb werden bis 2030 bis zu 30&nbsp;batterieelektrische Modelle eingef\u00fchrt, darunter auch eine Erweiterung der bZ-Familie. Ab 2035 werden alle neuen Modelle, die in Westeuropa verkauft werden, vollelektrisch sein, sofern die Infrastruktur dies bis dahin zul\u00e4sst. Ebenfalls [\u2026]","og_url":"https:\/\/all-car-news.com\/de\/evs-mit-schaltgetriebe-und-festkoerperbatterien-das-sind-toyotas-ev-plaene\/","og_site_name":"All cars news","article_published_time":"2023-07-10T08:15:06+00:00","og_image":[{"url":"https:\/\/autorai.nl\/wp-content\/uploads\/2023\/07\/toyota-lexus-toekomst-ev-foto2-360x270.jpg"}],"twitter_card":"summary_large_image","twitter_misc":{"Gesch\u00e4tzte Lesezeit":"2\u00a0Minuten"},"schema":{"@context":"https:\/\/schema.org","@graph":[{"@type":"Article","@id":"https:\/\/all-car-news.com\/de\/evs-mit-schaltgetriebe-und-festkoerperbatterien-das-sind-toyotas-ev-plaene\/#article","isPartOf":{"@id":"https:\/\/all-car-news.com\/de\/evs-mit-schaltgetriebe-und-festkoerperbatterien-das-sind-toyotas-ev-plaene\/"},"author":{"name":"","@id":""},"headline":"EVs mit Schaltgetriebe und Festk\u00f6rperbatterien: Das sind Toyotas EV-Pl\u00e4ne","datePublished":"2023-07-10T08:15:06+00:00","dateModified":"2023-07-10T08:15:06+00:00","mainEntityOfPage":{"@id":"https:\/\/all-car-news.com\/de\/evs-mit-schaltgetriebe-und-festkoerperbatterien-das-sind-toyotas-ev-plaene\/"},"wordCount":507,"publisher":{"@id":"https:\/\/all-car-news.com\/de\/#organization"},"articleSection":["Auto Nachrichten","Hintergrund"],"inLanguage":"de"},{"@type":"WebPage","@id":"https:\/\/all-car-news.com\/de\/evs-mit-schaltgetriebe-und-festkoerperbatterien-das-sind-toyotas-ev-plaene\/","url":"https:\/\/all-car-news.com\/de\/evs-mit-schaltgetriebe-und-festkoerperbatterien-das-sind-toyotas-ev-plaene\/","name":"EVs mit Schaltgetriebe und Festk\u00f6rperbatterien: Das sind Toyotas EV-Pl\u00e4ne - All cars news","isPartOf":{"@id":"https:\/\/all-car-news.com\/de\/#website"},"datePublished":"2023-07-10T08:15:06+00:00","dateModified":"2023-07-10T08:15:06+00:00","breadcrumb":{"@id":"https:\/\/all-car-news.com\/de\/evs-mit-schaltgetriebe-und-festkoerperbatterien-das-sind-toyotas-ev-plaene\/#breadcrumb"},"inLanguage":"de","potentialAction":[{"@type":"ReadAction","target":["https:\/\/all-car-news.com\/de\/evs-mit-schaltgetriebe-und-festkoerperbatterien-das-sind-toyotas-ev-plaene\/"]}]},{"@type":"BreadcrumbList","@id":"https:\/\/all-car-news.com\/de\/evs-mit-schaltgetriebe-und-festkoerperbatterien-das-sind-toyotas-ev-plaene\/#breadcrumb","itemListElement":[{"@type":"ListItem","position":1,"name":"Home","item":"https:\/\/all-car-news.com\/de\/"},{"@type":"ListItem","position":2,"name":"EVs mit Schaltgetriebe und Festk\u00f6rperbatterien: Das sind Toyotas EV-Pl\u00e4ne"}]},{"@type":"WebSite","@id":"https:\/\/all-car-news.com\/de\/#website","url":"https:\/\/all-car-news.com\/de\/","name":"All cars news","description":"","publisher":{"@id":"https:\/\/all-car-news.com\/de\/#organization"},"potentialAction":[{"@type":"SearchAction","target":{"@type":"EntryPoint","urlTemplate":"https:\/\/all-car-news.com\/de\/?s={search_term_string}"},"query-input":"required name=search_term_string"}],"inLanguage":"de"},{"@type":"Organization","@id":"https:\/\/all-car-news.com\/de\/#organization","name":"All cars news","url":"https:\/\/all-car-news.com\/de\/","logo":{"@type":"ImageObject","inLanguage":"de","@id":"https:\/\/all-car-news.com\/de\/#\/schema\/logo\/image\/","url":"https:\/\/all-car-news.com\/wp-content\/uploads\/2022\/02\/CMYK-AllCarNews_LANDSCAPE_300px-1.png","contentUrl":"https:\/\/all-car-news.com\/wp-content\/uploads\/2022\/02\/CMYK-AllCarNews_LANDSCAPE_300px-1.png","width":300,"height":100,"caption":"All cars news"},"image":{"@id":"https:\/\/all-car-news.com\/de\/#\/schema\/logo\/image\/"}}]}},"_links":{"self":[{"href":"https:\/\/all-car-news.com\/de\/wp-json\/wp\/v2\/posts\/137079","targetHints":{"allow":["GET"]}}],"collection":[{"href":"https:\/\/all-car-news.com\/de\/wp-json\/wp\/v2\/posts"}],"about":[{"href":"https:\/\/all-car-news.com\/de\/wp-json\/wp\/v2\/types\/post"}],"replies":[{"embeddable":true,"href":"https:\/\/all-car-news.com\/de\/wp-json\/wp\/v2\/comments?post=137079"}],"version-history":[{"count":0,"href":"https:\/\/all-car-news.com\/de\/wp-json\/wp\/v2\/posts\/137079\/revisions"}],"wp:featuredmedia":[{"embeddable":true,"href":"https:\/\/all-car-news.com\/de\/wp-json\/wp\/v2\/media\/137062"}],"wp:attachment":[{"href":"https:\/\/all-car-news.com\/de\/wp-json\/wp\/v2\/media?parent=137079"}],"wp:term":[{"taxonomy":"category","embeddable":true,"href":"https:\/\/all-car-news.com\/de\/wp-json\/wp\/v2\/categories?post=137079"},{"taxonomy":"post_tag","embeddable":true,"href":"https:\/\/all-car-news.com\/de\/wp-json\/wp\/v2\/tags?post=137079"}],"curies":[{"name":"wp","href":"https:\/\/api.w.org\/{rel}","templated":true}]}}