{"id":136900,"date":"2023-07-03T12:20:07","date_gmt":"2023-07-03T12:20:07","guid":{"rendered":"https:\/\/all-car-news.com\/rueckblick-renault-clio-e-tech-vollhybrid-145-2023\/"},"modified":"2023-07-03T12:20:07","modified_gmt":"2023-07-03T12:20:07","slug":"rueckblick-renault-clio-e-tech-vollhybrid-145-2023","status":"publish","type":"post","link":"https:\/\/all-car-news.com\/de\/rueckblick-renault-clio-e-tech-vollhybrid-145-2023\/","title":{"rendered":"R\u00fcckblick &#8211; Renault Clio E-Tech Vollhybrid 145 (2023)"},"content":{"rendered":"<h2>Ikonische Renault Clio-Modelle<\/h2>\n<p>Um den Renault Clio V 2023 vorzustellen, hat der franz\u00f6sische Automobilhersteller nat\u00fcrlich ein Einf\u00fchrungsvideo gedreht. In diesem Video sehen wir die schmackhaftesten Clio-Modelle vorbeiziehen. Denken Sie an den Clio Williams, den Clio V6 Phase II und den un\u00fcbersehbaren Renault Clio RS. Dennoch ist es erstaunlich, dass Renault zwar an diese ikonischen Versionen ankn\u00fcpft, aber keine weiteren Pl\u00e4ne in diesem Bereich hat. Mit Blick auf die Umwelt muss der Clio langsamer werden. Hanteln und Eiwei\u00dfshakes geh\u00f6ren bei Renault der Vergangenheit an.<\/p>\n<h2>Millionen Treffer<\/h2>\n<p>Der Renault Clio ist seit 1990 auf dem Markt. Er l\u00f6ste dann den Renault 5 ab. In der Tat ist der Clio das meistverkaufte franz\u00f6sische Auto aller Zeiten. Bis heute wurden weltweit 16 Millionen Exemplare des Clio verkauft. Die f\u00fcnfte Generation des Renault Clio &#8211; der Clio V &#8211; erh\u00e4lt nach einigen Jahren der Schinderei nun ein umfangreiches Facelifting, damit er noch eine Weile durchh\u00e4lt. Die Auslieferung des aktualisierten Renault Clio beginnt im September. Der Preis f\u00fcr den Renault Clio E-Tech Full Hybrid 145 Esprit Alpine betr\u00e4gt in den Niederlanden 30.120 Euro. Die Preise der anderen Versionen werden erst zu einem sp\u00e4teren Zeitpunkt bekannt gegeben.<\/p>\n<h2>Der neue Renault Clio Hybrid (2023) &#8211; REVIEW &#8211; AutoRAI TV<\/h2>\n<\/p>\n<figure class=\"wp-block-embed is-type-video is-provider-youtube wp-block-embed-youtube wp-embed-aspect-16-9 wp-has-aspect-ratio\">\n<div class=\"wp-block-embed__wrapper\">\n<\/div>\n<\/figure>\n<h2>Betonung auf &#8222;Facelifting<\/h2>\n<p>Es ist wirklich ein Facelifting. Am Heck sind lediglich ein anderer Sto\u00dff\u00e4nger und neue R\u00fcckleuchten mit einem kristallinen Geh\u00e4use zu erkennen. An der Vorderseite sind die Ver\u00e4nderungen wesentlich gr\u00f6\u00dfer. Dort hat der Renault Clio V jetzt neue Scheinwerfer, neue Sto\u00dfstangen und das neue Renault-Logo.<\/p>\n<h2>Abmessungen Renault Clio 2023<\/h2>\n<p>An den Abmessungen des Renault Clio 2023 hat der franz\u00f6sische Autobauer nicht gefeilt. Damit ist die f\u00fcnft\u00fcrige Schr\u00e4ghecklimousine des B-Segments weiterhin 4.053 mm lang, 1.988 mm breit und 1.439 mm hoch. Der Kofferraum des Clio V fasst 391 Liter. Es sei denn, Sie nehmen den Clio E-Tech Vollhybrid 145. Dieser hat einen Gep\u00e4ckraum von 301 Litern. Das hat mit der Platzierung der Kompaktbatterie zu tun. Achten Sie beim Gep\u00e4ckraum auf eine hohe Hebeschwelle.  <\/p>\n<figure class=\"wp-block-image size-content\"><img decoding=\"async\" loading=\"lazy\" width=\"1140\" height=\"855\" src=\"https:\/\/autorai.nl\/wp-content\/uploads\/2023\/07\/renault-clio-2023-review-foto12-1140x855.jpg\" alt=\"Renault Clio\" class=\"wp-image-161949\"><\/figure>\n<h2>Esprit Alpin<\/h2>\n<p>Neu im Programm sind der so genannte Techno und der besonders reichhaltig ausgestattete Esprit Alpine. Diese erhalten eine Luftf\u00fchrung unter dem K\u00fchlergrill, die nach Angaben des Herstellers vom Motorsport inspiriert ist. Tats\u00e4chlich handelt es sich um den Fl\u00fcgel der RS-Linie. Renault hat sich auch von der RS Line verabschiedet. Sportlichkeit wird jetzt unter dem Namen Esprit Alpine angeboten. Der Fl\u00fcgel ist beim Techno in Wagenfarbe und beim Esprit Alpine in Grau gehalten.<\/p>\n<h2>Farben<\/h2>\n<p>Apropos Farbe: Der aktualisierte Renault Clio ist in den Farben Blanc Glacier, Noir Etoile, Gris Schiste, Bleu Iron, Rouge Flamme, Orange Valencia und Gris Rafale erh\u00e4ltlich. Und es ist ein Facelift: Sechs neue Felgendesigns sind ebenfalls erh\u00e4ltlich.<\/p>\n<figure class=\"wp-block-image size-content\"><img decoding=\"async\" loading=\"lazy\" width=\"1140\" height=\"855\" src=\"https:\/\/autorai.nl\/wp-content\/uploads\/2023\/07\/renault-clio-2023-review-foto16-1140x855.jpg\" alt=\"Innere\" class=\"wp-image-161953\"><\/figure>\n<h2>Innenraum Renault Clio 2023<\/h2>\n<p>Und was ist mit der Innenausstattung? Dort nahm Renault nur minimale \u00c4nderungen vor. Allerdings verwendet Renault mehr umweltfreundliche Stoffe und die Innenausstattung ist besser als fr\u00fcher. Die Sitze, T\u00fcrverkleidungen und das Armaturenbrett der Techno-Version sind mit einem nachhaltigen Stoff bezogen, der zu 60 Prozent aus Tencel Modal, einer von der Lenzing Gruppe entwickelten Zellulosefaser aus Biomaterial, besteht. Was macht diesen Stoff so besonders? Die Fasern haben eine besonders weiche Haptik und werden aus einem nachwachsenden Rohstoff hergestellt: Naturholz aus nachhaltig bewirtschafteten, naturnahen W\u00e4ldern in Europa.<\/p>\n<h2>Umweltfreundlich<\/h2>\n<p>Leder geh\u00f6rt im Renault Clio V 2023 der Vergangenheit an. Stattdessen sind die Oberfl\u00e4chen mit TEP beschichtet, einem genarbten, beschichteten Gewebe aus Bio- und Polyesterfasern. Au\u00dferdem werden zum F\u00e4rben von TEP weniger Wasser und Energie ben\u00f6tigt als bei herk\u00f6mmlichen F\u00e4rbemethoden. Auch dies ist besser f\u00fcr die Umwelt.<\/p>\n<figure class=\"wp-block-image size-content\"><img decoding=\"async\" loading=\"lazy\" width=\"1140\" height=\"855\" src=\"https:\/\/autorai.nl\/wp-content\/uploads\/2023\/07\/renault-clio-2023-review-foto15-1140x855.jpg\" alt=\"\" class=\"wp-image-161952\"><\/figure>\n<h2>Anzeigen<\/h2>\n<p>Das Armaturenbrett ist praktisch unver\u00e4ndert. Je nach Ausf\u00fchrung kann zwischen einem digitalen 7- oder 10-Zoll-Kombiinstrument gew\u00e4hlt werden. Die 10-Zoll-Version zeigt auch die Navigationskarte an und passt sich an den eingestellten Fahrmodus an. Das Infotainment-System Renault EASY LINK ist in zwei Bildschirmgr\u00f6\u00dfen erh\u00e4ltlich: 7 Zoll und 9,3 Zoll. Beide Displays unterst\u00fctzen kabellos Android Auto und Apple CarPlay. Ein neues Renault-Logo ziert das Lenkrad.<\/p>\n<h2>Fahrerassistenzsysteme<\/h2>\n<p>Der Renault Clio ist mit 20 Fahrassistenzsystemen erh\u00e4ltlich. Dazu geh\u00f6ren ein Kollisionsschutzsystem mit Erkennung von Radfahrern und Fu\u00dfg\u00e4ngern, ein adaptiver Tempomat, ein Fahrspurassistent, ein 360-Grad-Kamerasystem und mehr.<\/p>\n<figure class=\"wp-block-image size-content\"><img decoding=\"async\" loading=\"lazy\" width=\"1140\" height=\"855\" src=\"https:\/\/autorai.nl\/wp-content\/uploads\/2023\/07\/renault-clio-2023-review-foto10-1140x855.jpg\" alt=\"\" class=\"wp-image-161947\"><\/figure>\n<h2>Motoren Renault Clio 2023<\/h2>\n<p>Bei der Motorenpalette des Renault Clio legen die Franzosen besonderes Augenmerk auf den 107 kW (145 PS) starken E-Tech-Vollhybrid. Dieser serienparallele Antriebsstrang kombiniert zwei Elektromotoren (einen 36-kW-Antriebsmotor und einen 18-kW-Starter\/Generator) mit einem 69 kW (94 PS) starken 1,6-Liter-Vierzylinder-Benzinmotor, einem intelligenten kupplungslosen Multimode-Automatikgetriebe und einer 1,2-kWh-Batterie.<\/p>\n<p>Das Multimode-Getriebe hat zwei G\u00e4nge f\u00fcr den Elektromotor und vier f\u00fcr den Benzinmotor. Diese G\u00e4nge k\u00f6nnen auf 14 Arten kombiniert werden, um eine maximale Effizienz zu erreichen. Der Clio E-Tech Vollhybrid 145 wird systematisch durch den prim\u00e4ren Elektromotor gestartet und kann im Stadtverkehr bis zu 80 % seiner Fahrzeit rein elektrisch fahren. Damit lassen sich im Vergleich zu einem herk\u00f6mmlichen Benzinmotor bis zu 40 % Kraftstoff einsparen. Dank der CO2-Emissionen von 94 g\/km ist die niederl\u00e4ndische BPM-Strafe nicht allzu schlimm.<\/p>\n<h2>TCe 90<\/h2>\n<p>Eine Alternative zur 145 PS starken Hybridvariante ist der TCe 90 mit 90 PS (66 kW) und 160 Nm starkem Turbo-Benzinmotor, der serienm\u00e4\u00dfig mit einem Sechsgang-Schaltgetriebe gekoppelt ist.<\/p>\n<figure class=\"wp-block-image size-content\"><img decoding=\"async\" loading=\"lazy\" width=\"1140\" height=\"855\" src=\"https:\/\/autorai.nl\/wp-content\/uploads\/2023\/07\/renault-clio-2023-review-foto27-1140x855.jpg\" alt=\"\" class=\"wp-image-161964\"><\/figure>\n<h2>Antrieb<\/h2>\n<p>Wir waren schon fr\u00fcher sehr begeistert von dem 145 PS starken Hybrid-Antriebsstrang. Das Zusammenspiel von Benzin- und Elektromotor ist besonders geschmeidig und auch das Automatikgetriebe passt gut dazu. Wenn Sie den Elektromotor besonders stark abbremsen m\u00f6chten, schalten Sie in den B-Modus, und Sie gewinnen ebenfalls eine sch\u00f6ne Menge Energie zur\u00fcck. Dies tr\u00e4gt dazu bei, den Kraftstoffverbrauch zu senken. Apropos, dieser Hybrid-Clio erreicht mit spielerischer Leichtigkeit einen Durchschnittsverbrauch von 1 zu 20. Wer sich wirklich anstrengt, kann einen noch g\u00fcnstigeren Verbrauch erzielen.  <\/p>\n<p>Die Handhabung ist fett. Es ist eine gute Mischung aus Sportlichkeit und Komfort. Die Sitze in der Esprit Alpine-Version sitzen sehr gut und bieten ausreichend Seitenhalt. Uns gef\u00e4llt auch die Verstellbarkeit der Lenks\u00e4ule. Er ist in der Tiefe und H\u00f6he gut verstellbar. Im B-Segment sieht das manchmal anders aus. Das Raumangebot im Renault Clio 2023 ist f\u00fcr dieses Segment in Ordnung. Man kann auch als Erwachsener gut hinten sitzen. Dies h\u00e4ngt von der K\u00f6rpergr\u00f6\u00dfe des Fahrers ab. Wenn er etwas l\u00e4nger ist, geht logischerweise etwas Beinfreiheit im Fond verloren.<\/p>\n<h2>Fazit Renault Clio 2023 Testbericht<\/h2>\n<p>Der neu gestaltete Renault Clio gef\u00e4llt uns sehr gut. Der Wagen erh\u00e4lt ein deutlich aufgewertetes Design und einen besser verarbeiteten Innenraum. In Sachen Fahrverhalten ist der Clio ein guter Begleiter, vor allem in Kombination mit dem Hybrid-Antrieb. Das ist der Moment, in dem der Clio am besten ist.<\/p>\n<div class=\"galery galery-0\">\n<figure>\n\t\t\t\t\t<span style=\"cursor: pointer\" data-src=\"https:\/\/autorai.nl\/wp-content\/uploads\/2023\/07\/renault-clio-2023-review-foto30-1600x1200.jpg\" data-fancybox=\"galery-0\" title=\"\"><br \/>\n\t\t\t\t\t\t\t<img decoding=\"async\" width=\"360\" height=\"270\" src=\"https:\/\/autorai.nl\/wp-content\/uploads\/2023\/07\/renault-clio-2023-review-foto30-360x270.jpg\" class=\"attachment-small size-small\" alt=\"\" loading=\"lazy\"><i class=\"fa fa-search-plus\" aria-hidden=\"true\"><\/i><br \/>\n\t\t\t\t\t\t<\/span><br \/>\n\t\t\t\t\t<\/figure>\n<figure>\n\t\t\t\t\t<span style=\"cursor: pointer\" data-src=\"https:\/\/autorai.nl\/wp-content\/uploads\/2023\/07\/renault-clio-2023-review-foto1-1600x1200.jpg\" data-fancybox=\"galery-0\" title=\"\"><br \/>\n\t\t\t\t\t\t\t<img decoding=\"async\" width=\"360\" height=\"270\" src=\"https:\/\/autorai.nl\/wp-content\/uploads\/2023\/07\/renault-clio-2023-review-foto1-360x270.jpg\" class=\"attachment-small size-small\" alt=\"\" loading=\"lazy\"><i class=\"fa fa-search-plus\" aria-hidden=\"true\"><\/i><br \/>\n\t\t\t\t\t\t<\/span><br \/>\n\t\t\t\t\t<\/figure>\n<figure>\n\t\t\t\t\t<span style=\"cursor: pointer\" data-src=\"https:\/\/autorai.nl\/wp-content\/uploads\/2023\/07\/renault-clio-2023-review-foto29-1600x1200.jpg\" data-fancybox=\"galery-0\" title=\"\"><br \/>\n\t\t\t\t\t\t\t<img decoding=\"async\" width=\"360\" height=\"270\" src=\"https:\/\/autorai.nl\/wp-content\/uploads\/2023\/07\/renault-clio-2023-review-foto29-360x270.jpg\" class=\"attachment-small size-small\" alt=\"\" loading=\"lazy\"><i class=\"fa fa-search-plus\" aria-hidden=\"true\"><\/i><br \/>\n\t\t\t\t\t\t<\/span><br \/>\n\t\t\t\t\t<\/figure>\n<figure>\n\t\t\t\t\t<span style=\"cursor: pointer\" data-src=\"https:\/\/autorai.nl\/wp-content\/uploads\/2023\/07\/renault-clio-2023-review-foto27-1600x1200.jpg\" data-fancybox=\"galery-0\" title=\"\"><br \/>\n\t\t\t\t\t\t\t<img decoding=\"async\" width=\"360\" height=\"270\" src=\"https:\/\/autorai.nl\/wp-content\/uploads\/2023\/07\/renault-clio-2023-review-foto27-360x270.jpg\" class=\"attachment-small size-small\" alt=\"\" loading=\"lazy\"><i class=\"fa fa-search-plus\" aria-hidden=\"true\"><\/i><br \/>\n\t\t\t\t\t\t<\/span><br \/>\n\t\t\t\t\t<\/figure>\n<figure>\n\t\t\t\t\t<span style=\"cursor: pointer\" data-src=\"https:\/\/autorai.nl\/wp-content\/uploads\/2023\/07\/renault-clio-2023-review-foto26-1600x1200.jpg\" data-fancybox=\"galery-0\" title=\"\"><br \/>\n\t\t\t\t\t\t\t<img decoding=\"async\" width=\"360\" height=\"270\" src=\"https:\/\/autorai.nl\/wp-content\/uploads\/2023\/07\/renault-clio-2023-review-foto26-360x270.jpg\" class=\"attachment-small size-small\" alt=\"\" loading=\"lazy\"><i class=\"fa fa-search-plus\" aria-hidden=\"true\"><\/i><br \/>\n\t\t\t\t\t\t<\/span><br \/>\n\t\t\t\t\t<\/figure>\n<figure>\n\t\t\t\t\t<span style=\"cursor: pointer\" data-src=\"https:\/\/autorai.nl\/wp-content\/uploads\/2023\/07\/renault-clio-2023-review-foto25-1600x1200.jpg\" data-fancybox=\"galery-0\" title=\"\"><br \/>\n\t\t\t\t\t\t\t<img decoding=\"async\" width=\"360\" height=\"270\" src=\"https:\/\/autorai.nl\/wp-content\/uploads\/2023\/07\/renault-clio-2023-review-foto25-360x270.jpg\" class=\"attachment-small size-small\" alt=\"\" loading=\"lazy\"><i class=\"fa fa-search-plus\" aria-hidden=\"true\"><\/i><br \/>\n\t\t\t\t\t\t<\/span><br \/>\n\t\t\t\t\t<\/figure>\n<figure>\n\t\t\t\t\t<span style=\"cursor: pointer\" data-src=\"https:\/\/autorai.nl\/wp-content\/uploads\/2023\/07\/renault-clio-2023-review-foto24-1600x1200.jpg\" data-fancybox=\"galery-0\" title=\"\"><br \/>\n\t\t\t\t\t\t\t<img decoding=\"async\" width=\"360\" height=\"270\" src=\"https:\/\/autorai.nl\/wp-content\/uploads\/2023\/07\/renault-clio-2023-review-foto24-360x270.jpg\" class=\"attachment-small size-small\" alt=\"\" loading=\"lazy\"><i class=\"fa fa-search-plus\" aria-hidden=\"true\"><\/i><br \/>\n\t\t\t\t\t\t<\/span><br \/>\n\t\t\t\t\t<\/figure>\n<figure>\n\t\t\t\t\t<span style=\"cursor: pointer\" data-src=\"https:\/\/autorai.nl\/wp-content\/uploads\/2023\/07\/renault-clio-2023-review-foto23-1600x1200.jpg\" data-fancybox=\"galery-0\" title=\"\"><br \/>\n\t\t\t\t\t\t\t<img decoding=\"async\" width=\"360\" height=\"270\" src=\"https:\/\/autorai.nl\/wp-content\/uploads\/2023\/07\/renault-clio-2023-review-foto23-360x270.jpg\" class=\"attachment-small size-small\" alt=\"\" loading=\"lazy\"><i class=\"fa fa-search-plus\" aria-hidden=\"true\"><\/i><br \/>\n\t\t\t\t\t\t<\/span><br \/>\n\t\t\t\t\t<\/figure>\n<figure>\n\t\t\t\t\t<span style=\"cursor: pointer\" data-src=\"https:\/\/autorai.nl\/wp-content\/uploads\/2023\/07\/renault-clio-2023-review-foto22-1600x1200.jpg\" data-fancybox=\"galery-0\" title=\"\"><br \/>\n\t\t\t\t\t\t\t<img decoding=\"async\" width=\"360\" height=\"270\" src=\"https:\/\/autorai.nl\/wp-content\/uploads\/2023\/07\/renault-clio-2023-review-foto22-360x270.jpg\" class=\"attachment-small size-small\" alt=\"\" loading=\"lazy\"><i class=\"fa fa-search-plus\" aria-hidden=\"true\"><\/i><br \/>\n\t\t\t\t\t\t<\/span><br \/>\n\t\t\t\t\t<\/figure>\n<figure>\n\t\t\t\t\t<span style=\"cursor: pointer\" data-src=\"https:\/\/autorai.nl\/wp-content\/uploads\/2023\/07\/renault-clio-2023-review-foto21-1600x1200.jpg\" data-fancybox=\"galery-0\" title=\"\"><br \/>\n\t\t\t\t\t\t\t<img decoding=\"async\" width=\"360\" height=\"270\" src=\"https:\/\/autorai.nl\/wp-content\/uploads\/2023\/07\/renault-clio-2023-review-foto21-360x270.jpg\" class=\"attachment-small size-small\" alt=\"\" loading=\"lazy\"><i class=\"fa fa-search-plus\" aria-hidden=\"true\"><\/i><br \/>\n\t\t\t\t\t\t<\/span><br \/>\n\t\t\t\t\t<\/figure>\n<figure>\n\t\t\t\t\t<span style=\"cursor: pointer\" data-src=\"https:\/\/autorai.nl\/wp-content\/uploads\/2023\/07\/renault-clio-2023-review-foto20-1600x1200.jpg\" data-fancybox=\"galery-0\" title=\"\"><br \/>\n\t\t\t\t\t\t\t<img decoding=\"async\" width=\"360\" height=\"270\" src=\"https:\/\/autorai.nl\/wp-content\/uploads\/2023\/07\/renault-clio-2023-review-foto20-360x270.jpg\" class=\"attachment-small size-small\" alt=\"\" loading=\"lazy\"><i class=\"fa fa-search-plus\" aria-hidden=\"true\"><\/i><br \/>\n\t\t\t\t\t\t<\/span><br \/>\n\t\t\t\t\t<\/figure>\n<figure>\n\t\t\t\t\t<span style=\"cursor: pointer\" data-src=\"https:\/\/autorai.nl\/wp-content\/uploads\/2023\/07\/renault-clio-2023-review-foto19-1600x1200.jpg\" data-fancybox=\"galery-0\" title=\"\"><br \/>\n\t\t\t\t\t\t\t<img decoding=\"async\" width=\"360\" height=\"270\" src=\"https:\/\/autorai.nl\/wp-content\/uploads\/2023\/07\/renault-clio-2023-review-foto19-360x270.jpg\" class=\"attachment-small size-small\" alt=\"\" loading=\"lazy\"><i class=\"fa fa-search-plus\" aria-hidden=\"true\"><\/i><br \/>\n\t\t\t\t\t\t<\/span><br \/>\n\t\t\t\t\t<\/figure>\n<figure>\n\t\t\t\t\t<span style=\"cursor: pointer\" data-src=\"https:\/\/autorai.nl\/wp-content\/uploads\/2023\/07\/renault-clio-2023-review-foto18-1600x1200.jpg\" data-fancybox=\"galery-0\" title=\"\"><br \/>\n\t\t\t\t\t\t\t<img decoding=\"async\" width=\"360\" height=\"270\" src=\"https:\/\/autorai.nl\/wp-content\/uploads\/2023\/07\/renault-clio-2023-review-foto18-360x270.jpg\" class=\"attachment-small size-small\" alt=\"\" loading=\"lazy\"><i class=\"fa fa-search-plus\" aria-hidden=\"true\"><\/i><br \/>\n\t\t\t\t\t\t<\/span><br \/>\n\t\t\t\t\t<\/figure>\n<figure>\n\t\t\t\t\t<span style=\"cursor: pointer\" data-src=\"https:\/\/autorai.nl\/wp-content\/uploads\/2023\/07\/renault-clio-2023-review-foto17-1600x1200.jpg\" data-fancybox=\"galery-0\" title=\"\"><br \/>\n\t\t\t\t\t\t\t<img decoding=\"async\" width=\"360\" height=\"270\" src=\"https:\/\/autorai.nl\/wp-content\/uploads\/2023\/07\/renault-clio-2023-review-foto17-360x270.jpg\" class=\"attachment-small size-small\" alt=\"\" loading=\"lazy\"><i class=\"fa fa-search-plus\" aria-hidden=\"true\"><\/i><br \/>\n\t\t\t\t\t\t<\/span><br \/>\n\t\t\t\t\t<\/figure>\n<figure>\n\t\t\t\t\t<span style=\"cursor: pointer\" data-src=\"https:\/\/autorai.nl\/wp-content\/uploads\/2023\/07\/renault-clio-2023-review-foto16-1600x1200.jpg\" data-fancybox=\"galery-0\" title=\"\"><br \/>\n\t\t\t\t\t\t\t<img decoding=\"async\" width=\"360\" height=\"270\" src=\"https:\/\/autorai.nl\/wp-content\/uploads\/2023\/07\/renault-clio-2023-review-foto16-360x270.jpg\" class=\"attachment-small size-small\" alt=\"\" loading=\"lazy\"><i class=\"fa fa-search-plus\" aria-hidden=\"true\"><\/i><br \/>\n\t\t\t\t\t\t<\/span><br \/>\n\t\t\t\t\t<\/figure>\n<figure>\n\t\t\t\t\t<span style=\"cursor: pointer\" data-src=\"https:\/\/autorai.nl\/wp-content\/uploads\/2023\/07\/renault-clio-2023-review-foto15-1600x1200.jpg\" data-fancybox=\"galery-0\" title=\"\"><br \/>\n\t\t\t\t\t\t\t<img decoding=\"async\" width=\"360\" height=\"270\" src=\"https:\/\/autorai.nl\/wp-content\/uploads\/2023\/07\/renault-clio-2023-review-foto15-360x270.jpg\" class=\"attachment-small size-small\" alt=\"\" loading=\"lazy\"><i class=\"fa fa-search-plus\" aria-hidden=\"true\"><\/i><br \/>\n\t\t\t\t\t\t<\/span><br \/>\n\t\t\t\t\t<\/figure>\n<figure>\n\t\t\t\t\t<span style=\"cursor: pointer\" data-src=\"https:\/\/autorai.nl\/wp-content\/uploads\/2023\/07\/renault-clio-2023-review-foto14-1600x1200.jpg\" data-fancybox=\"galery-0\" title=\"\"><br \/>\n\t\t\t\t\t\t\t<img decoding=\"async\" width=\"360\" height=\"270\" src=\"https:\/\/autorai.nl\/wp-content\/uploads\/2023\/07\/renault-clio-2023-review-foto14-360x270.jpg\" class=\"attachment-small size-small\" alt=\"\" loading=\"lazy\"><i class=\"fa fa-search-plus\" aria-hidden=\"true\"><\/i><br \/>\n\t\t\t\t\t\t<\/span><br \/>\n\t\t\t\t\t<\/figure>\n<figure>\n\t\t\t\t\t<span style=\"cursor: pointer\" data-src=\"https:\/\/autorai.nl\/wp-content\/uploads\/2023\/07\/renault-clio-2023-review-foto13-1600x1200.jpg\" data-fancybox=\"galery-0\" title=\"\"><br \/>\n\t\t\t\t\t\t\t<img decoding=\"async\" width=\"360\" height=\"270\" src=\"https:\/\/autorai.nl\/wp-content\/uploads\/2023\/07\/renault-clio-2023-review-foto13-360x270.jpg\" class=\"attachment-small size-small\" alt=\"\" loading=\"lazy\"><i class=\"fa fa-search-plus\" aria-hidden=\"true\"><\/i><br \/>\n\t\t\t\t\t\t<\/span><br \/>\n\t\t\t\t\t<\/figure>\n<figure>\n\t\t\t\t\t<span style=\"cursor: pointer\" data-src=\"https:\/\/autorai.nl\/wp-content\/uploads\/2023\/07\/renault-clio-2023-review-foto12-1600x1200.jpg\" data-fancybox=\"galery-0\" title=\"\"><br \/>\n\t\t\t\t\t\t\t<img decoding=\"async\" width=\"360\" height=\"270\" src=\"https:\/\/autorai.nl\/wp-content\/uploads\/2023\/07\/renault-clio-2023-review-foto12-360x270.jpg\" class=\"attachment-small size-small\" alt=\"Renault Clio\" loading=\"lazy\"><i class=\"fa fa-search-plus\" aria-hidden=\"true\"><\/i><br \/>\n\t\t\t\t\t\t<\/span><br \/>\n\t\t\t\t\t<\/figure>\n<figure>\n\t\t\t\t\t<span style=\"cursor: pointer\" data-src=\"https:\/\/autorai.nl\/wp-content\/uploads\/2023\/07\/renault-clio-2023-review-foto11-1600x1200.jpg\" data-fancybox=\"galery-0\" title=\"\"><br \/>\n\t\t\t\t\t\t\t<img decoding=\"async\" width=\"360\" height=\"270\" src=\"https:\/\/autorai.nl\/wp-content\/uploads\/2023\/07\/renault-clio-2023-review-foto11-360x270.jpg\" class=\"attachment-small size-small\" alt=\"\" loading=\"lazy\"><i class=\"fa fa-search-plus\" aria-hidden=\"true\"><\/i><br \/>\n\t\t\t\t\t\t<\/span><br \/>\n\t\t\t\t\t<\/figure>\n<figure>\n\t\t\t\t\t<span style=\"cursor: pointer\" data-src=\"https:\/\/autorai.nl\/wp-content\/uploads\/2023\/07\/renault-clio-2023-review-foto10-1600x1200.jpg\" data-fancybox=\"galery-0\" title=\"\"><br \/>\n\t\t\t\t\t\t\t<img decoding=\"async\" width=\"360\" height=\"270\" src=\"https:\/\/autorai.nl\/wp-content\/uploads\/2023\/07\/renault-clio-2023-review-foto10-360x270.jpg\" class=\"attachment-small size-small\" alt=\"\" loading=\"lazy\"><i class=\"fa fa-search-plus\" aria-hidden=\"true\"><\/i><br \/>\n\t\t\t\t\t\t<\/span><br \/>\n\t\t\t\t\t<\/figure>\n<figure>\n\t\t\t\t\t<span style=\"cursor: pointer\" data-src=\"https:\/\/autorai.nl\/wp-content\/uploads\/2023\/07\/renault-clio-2023-review-foto9-1600x1200.jpg\" data-fancybox=\"galery-0\" title=\"\"><br \/>\n\t\t\t\t\t\t\t<img decoding=\"async\" width=\"360\" height=\"270\" src=\"https:\/\/autorai.nl\/wp-content\/uploads\/2023\/07\/renault-clio-2023-review-foto9-360x270.jpg\" class=\"attachment-small size-small\" alt=\"\" loading=\"lazy\"><i class=\"fa fa-search-plus\" aria-hidden=\"true\"><\/i><br \/>\n\t\t\t\t\t\t<\/span><br \/>\n\t\t\t\t\t<\/figure>\n<figure>\n\t\t\t\t\t<span style=\"cursor: pointer\" data-src=\"https:\/\/autorai.nl\/wp-content\/uploads\/2023\/07\/renault-clio-2023-review-foto8-1600x1200.jpg\" data-fancybox=\"galery-0\" title=\"\"><br \/>\n\t\t\t\t\t\t\t<img decoding=\"async\" width=\"360\" height=\"270\" src=\"https:\/\/autorai.nl\/wp-content\/uploads\/2023\/07\/renault-clio-2023-review-foto8-360x270.jpg\" class=\"attachment-small size-small\" alt=\"Renault Clio 2023\" loading=\"lazy\"><i class=\"fa fa-search-plus\" aria-hidden=\"true\"><\/i><br \/>\n\t\t\t\t\t\t<\/span><br \/>\n\t\t\t\t\t<\/figure>\n<figure>\n\t\t\t\t\t<span style=\"cursor: pointer\" data-src=\"https:\/\/autorai.nl\/wp-content\/uploads\/2023\/07\/renault-clio-2023-review-foto6-1600x1200.jpg\" data-fancybox=\"galery-0\" title=\"\"><br \/>\n\t\t\t\t\t\t\t<img decoding=\"async\" width=\"360\" height=\"270\" src=\"https:\/\/autorai.nl\/wp-content\/uploads\/2023\/07\/renault-clio-2023-review-foto6-360x270.jpg\" class=\"attachment-small size-small\" alt=\"\" loading=\"lazy\"><i class=\"fa fa-search-plus\" aria-hidden=\"true\"><\/i><br \/>\n\t\t\t\t\t\t<\/span><br \/>\n\t\t\t\t\t<\/figure>\n<figure>\n\t\t\t\t\t<span style=\"cursor: pointer\" data-src=\"https:\/\/autorai.nl\/wp-content\/uploads\/2023\/07\/renault-clio-2023-review-foto5-1600x1200.jpg\" data-fancybox=\"galery-0\" title=\"\"><br \/>\n\t\t\t\t\t\t\t<img decoding=\"async\" width=\"360\" height=\"270\" src=\"https:\/\/autorai.nl\/wp-content\/uploads\/2023\/07\/renault-clio-2023-review-foto5-360x270.jpg\" class=\"attachment-small size-small\" alt=\"\" loading=\"lazy\"><i class=\"fa fa-search-plus\" aria-hidden=\"true\"><\/i><br \/>\n\t\t\t\t\t\t<\/span><br \/>\n\t\t\t\t\t<\/figure>\n<figure>\n\t\t\t\t\t<span style=\"cursor: pointer\" data-src=\"https:\/\/autorai.nl\/wp-content\/uploads\/2023\/07\/renault-clio-2023-review-foto4-1600x1200.jpg\" data-fancybox=\"galery-0\" title=\"\"><br \/>\n\t\t\t\t\t\t\t<img decoding=\"async\" width=\"360\" height=\"270\" src=\"https:\/\/autorai.nl\/wp-content\/uploads\/2023\/07\/renault-clio-2023-review-foto4-360x270.jpg\" class=\"attachment-small size-small\" alt=\"\" loading=\"lazy\"><i class=\"fa fa-search-plus\" aria-hidden=\"true\"><\/i><br \/>\n\t\t\t\t\t\t<\/span><br \/>\n\t\t\t\t\t<\/figure>\n<figure>\n\t\t\t\t\t<span style=\"cursor: pointer\" data-src=\"https:\/\/autorai.nl\/wp-content\/uploads\/2023\/07\/renault-clio-2023-review-foto3-1600x1200.jpg\" data-fancybox=\"galery-0\" title=\"\"><br \/>\n\t\t\t\t\t\t\t<img decoding=\"async\" width=\"360\" height=\"270\" src=\"https:\/\/autorai.nl\/wp-content\/uploads\/2023\/07\/renault-clio-2023-review-foto3-360x270.jpg\" class=\"attachment-small size-small\" alt=\"\" loading=\"lazy\"><i class=\"fa fa-search-plus\" aria-hidden=\"true\"><\/i><br \/>\n\t\t\t\t\t\t<\/span><br \/>\n\t\t\t\t\t<\/figure>\n<figure>\n\t\t\t\t\t<span style=\"cursor: pointer\" data-src=\"https:\/\/autorai.nl\/wp-content\/uploads\/2023\/07\/renault-clio-2023-review-foto2-1600x1200.jpg\" data-fancybox=\"galery-0\" title=\"\"><br \/>\n\t\t\t\t\t\t\t<img decoding=\"async\" width=\"360\" height=\"270\" src=\"https:\/\/autorai.nl\/wp-content\/uploads\/2023\/07\/renault-clio-2023-review-foto2-360x270.jpg\" class=\"attachment-small size-small\" alt=\"\" loading=\"lazy\"><i class=\"fa fa-search-plus\" aria-hidden=\"true\"><\/i><br \/>\n\t\t\t\t\t\t<\/span><br \/>\n\t\t\t\t\t<\/figure>\n<div class=\"clear\"><\/div>\n<\/div>\n","protected":false},"excerpt":{"rendered":"Ikonische Renault Clio Modelle Um den Renault Clio V 2023 vorzustellen, hat der franz\u00f6sische Automobilhersteller nat\u00fcrlich ein Einf\u00fchrungsvideo gedreht. In&hellip;","protected":false},"author":0,"featured_media":136895,"comment_status":"","ping_status":"open","sticky":false,"template":"","format":"standard","meta":{"footnotes":""},"categories":[125,143],"tags":[],"class_list":["post-136900","post","type-post","status-publish","format-standard","has-post-thumbnail","hentry","category-auto-nachrichten","category-autotests-de"],"acf":[],"yoast_head":"<!-- This site is optimized with the Yoast SEO plugin v21.2 - https:\/\/yoast.com\/wordpress\/plugins\/seo\/ -->\n<title>R\u00fcckblick - Renault Clio E-Tech Vollhybrid 145 (2023) - All cars news<\/title>\n<meta name=\"robots\" content=\"index, follow, max-snippet:-1, max-image-preview:large, max-video-preview:-1\" \/>\n<link rel=\"canonical\" href=\"https:\/\/all-car-news.com\/de\/rueckblick-renault-clio-e-tech-vollhybrid-145-2023\/\" \/>\n<meta property=\"og:locale\" content=\"de_DE\" \/>\n<meta property=\"og:type\" content=\"article\" \/>\n<meta property=\"og:title\" content=\"R\u00fcckblick - Renault Clio E-Tech Vollhybrid 145 (2023) - All cars news\" \/>\n<meta property=\"og:description\" content=\"Ikonische Renault Clio Modelle Um den Renault Clio V 2023 vorzustellen, hat der franz\u00f6sische Automobilhersteller nat\u00fcrlich ein Einf\u00fchrungsvideo gedreht. In diesem Video sehen wir die schmackhaftesten Clio-Modelle vorbeiziehen. Denken Sie an den Clio Williams, den Clio V6 Phase II und den un\u00fcbersehbaren Renault Clio RS. Dennoch ist es ungew\u00f6hnlich, dass Renault auf das ikonische [...]\" \/>\n<meta property=\"og:url\" content=\"https:\/\/all-car-news.com\/de\/rueckblick-renault-clio-e-tech-vollhybrid-145-2023\/\" \/>\n<meta property=\"og:site_name\" content=\"All cars news\" \/>\n<meta property=\"article:published_time\" content=\"2023-07-03T12:20:07+00:00\" \/>\n<meta property=\"og:image\" content=\"https:\/\/autorai.nl\/wp-content\/uploads\/2023\/07\/renault-clio-2023-review-foto12-1140x855.jpg\" \/>\n<meta name=\"twitter:card\" content=\"summary_large_image\" \/>\n<meta name=\"twitter:label1\" content=\"Gesch\u00e4tzte Lesezeit\" \/>\n\t<meta name=\"twitter:data1\" content=\"5\u00a0Minuten\" \/>\n<script type=\"application\/ld+json\" class=\"yoast-schema-graph\">{\"@context\":\"https:\/\/schema.org\",\"@graph\":[{\"@type\":\"Article\",\"@id\":\"https:\/\/all-car-news.com\/de\/rueckblick-renault-clio-e-tech-vollhybrid-145-2023\/#article\",\"isPartOf\":{\"@id\":\"https:\/\/all-car-news.com\/de\/rueckblick-renault-clio-e-tech-vollhybrid-145-2023\/\"},\"author\":{\"name\":\"\",\"@id\":\"\"},\"headline\":\"R\u00fcckblick &#8211; Renault Clio E-Tech Vollhybrid 145 (2023)\",\"datePublished\":\"2023-07-03T12:20:07+00:00\",\"dateModified\":\"2023-07-03T12:20:07+00:00\",\"mainEntityOfPage\":{\"@id\":\"https:\/\/all-car-news.com\/de\/rueckblick-renault-clio-e-tech-vollhybrid-145-2023\/\"},\"wordCount\":1096,\"publisher\":{\"@id\":\"https:\/\/all-car-news.com\/de\/#organization\"},\"articleSection\":[\"Auto Nachrichten\",\"Autotests\"],\"inLanguage\":\"de\"},{\"@type\":\"WebPage\",\"@id\":\"https:\/\/all-car-news.com\/de\/rueckblick-renault-clio-e-tech-vollhybrid-145-2023\/\",\"url\":\"https:\/\/all-car-news.com\/de\/rueckblick-renault-clio-e-tech-vollhybrid-145-2023\/\",\"name\":\"R\u00fcckblick - Renault Clio E-Tech Vollhybrid 145 (2023) - All cars news\",\"isPartOf\":{\"@id\":\"https:\/\/all-car-news.com\/de\/#website\"},\"datePublished\":\"2023-07-03T12:20:07+00:00\",\"dateModified\":\"2023-07-03T12:20:07+00:00\",\"breadcrumb\":{\"@id\":\"https:\/\/all-car-news.com\/de\/rueckblick-renault-clio-e-tech-vollhybrid-145-2023\/#breadcrumb\"},\"inLanguage\":\"de\",\"potentialAction\":[{\"@type\":\"ReadAction\",\"target\":[\"https:\/\/all-car-news.com\/de\/rueckblick-renault-clio-e-tech-vollhybrid-145-2023\/\"]}]},{\"@type\":\"BreadcrumbList\",\"@id\":\"https:\/\/all-car-news.com\/de\/rueckblick-renault-clio-e-tech-vollhybrid-145-2023\/#breadcrumb\",\"itemListElement\":[{\"@type\":\"ListItem\",\"position\":1,\"name\":\"Home\",\"item\":\"https:\/\/all-car-news.com\/de\/\"},{\"@type\":\"ListItem\",\"position\":2,\"name\":\"R\u00fcckblick &#8211; Renault Clio E-Tech Vollhybrid 145 (2023)\"}]},{\"@type\":\"WebSite\",\"@id\":\"https:\/\/all-car-news.com\/de\/#website\",\"url\":\"https:\/\/all-car-news.com\/de\/\",\"name\":\"All cars news\",\"description\":\"\",\"publisher\":{\"@id\":\"https:\/\/all-car-news.com\/de\/#organization\"},\"potentialAction\":[{\"@type\":\"SearchAction\",\"target\":{\"@type\":\"EntryPoint\",\"urlTemplate\":\"https:\/\/all-car-news.com\/de\/?s={search_term_string}\"},\"query-input\":\"required name=search_term_string\"}],\"inLanguage\":\"de\"},{\"@type\":\"Organization\",\"@id\":\"https:\/\/all-car-news.com\/de\/#organization\",\"name\":\"All cars news\",\"url\":\"https:\/\/all-car-news.com\/de\/\",\"logo\":{\"@type\":\"ImageObject\",\"inLanguage\":\"de\",\"@id\":\"https:\/\/all-car-news.com\/de\/#\/schema\/logo\/image\/\",\"url\":\"https:\/\/all-car-news.com\/wp-content\/uploads\/2022\/02\/CMYK-AllCarNews_LANDSCAPE_300px-1.png\",\"contentUrl\":\"https:\/\/all-car-news.com\/wp-content\/uploads\/2022\/02\/CMYK-AllCarNews_LANDSCAPE_300px-1.png\",\"width\":300,\"height\":100,\"caption\":\"All cars news\"},\"image\":{\"@id\":\"https:\/\/all-car-news.com\/de\/#\/schema\/logo\/image\/\"}}]}<\/script>\n<!-- \/ Yoast SEO plugin. -->","yoast_head_json":{"title":"R\u00fcckblick - Renault Clio E-Tech Vollhybrid 145 (2023) - All cars news","robots":{"index":"index","follow":"follow","max-snippet":"max-snippet:-1","max-image-preview":"max-image-preview:large","max-video-preview":"max-video-preview:-1"},"canonical":"https:\/\/all-car-news.com\/de\/rueckblick-renault-clio-e-tech-vollhybrid-145-2023\/","og_locale":"de_DE","og_type":"article","og_title":"R\u00fcckblick - Renault Clio E-Tech Vollhybrid 145 (2023) - All cars news","og_description":"Ikonische Renault Clio Modelle Um den Renault Clio V 2023 vorzustellen, hat der franz\u00f6sische Automobilhersteller nat\u00fcrlich ein Einf\u00fchrungsvideo gedreht. In diesem Video sehen wir die schmackhaftesten Clio-Modelle vorbeiziehen. Denken Sie an den Clio Williams, den Clio V6 Phase II und den un\u00fcbersehbaren Renault Clio RS. Dennoch ist es ungew\u00f6hnlich, dass Renault auf das ikonische [...]","og_url":"https:\/\/all-car-news.com\/de\/rueckblick-renault-clio-e-tech-vollhybrid-145-2023\/","og_site_name":"All cars news","article_published_time":"2023-07-03T12:20:07+00:00","og_image":[{"url":"https:\/\/autorai.nl\/wp-content\/uploads\/2023\/07\/renault-clio-2023-review-foto12-1140x855.jpg"}],"twitter_card":"summary_large_image","twitter_misc":{"Gesch\u00e4tzte Lesezeit":"5\u00a0Minuten"},"schema":{"@context":"https:\/\/schema.org","@graph":[{"@type":"Article","@id":"https:\/\/all-car-news.com\/de\/rueckblick-renault-clio-e-tech-vollhybrid-145-2023\/#article","isPartOf":{"@id":"https:\/\/all-car-news.com\/de\/rueckblick-renault-clio-e-tech-vollhybrid-145-2023\/"},"author":{"name":"","@id":""},"headline":"R\u00fcckblick &#8211; Renault Clio E-Tech Vollhybrid 145 (2023)","datePublished":"2023-07-03T12:20:07+00:00","dateModified":"2023-07-03T12:20:07+00:00","mainEntityOfPage":{"@id":"https:\/\/all-car-news.com\/de\/rueckblick-renault-clio-e-tech-vollhybrid-145-2023\/"},"wordCount":1096,"publisher":{"@id":"https:\/\/all-car-news.com\/de\/#organization"},"articleSection":["Auto Nachrichten","Autotests"],"inLanguage":"de"},{"@type":"WebPage","@id":"https:\/\/all-car-news.com\/de\/rueckblick-renault-clio-e-tech-vollhybrid-145-2023\/","url":"https:\/\/all-car-news.com\/de\/rueckblick-renault-clio-e-tech-vollhybrid-145-2023\/","name":"R\u00fcckblick - Renault Clio E-Tech Vollhybrid 145 (2023) - All cars news","isPartOf":{"@id":"https:\/\/all-car-news.com\/de\/#website"},"datePublished":"2023-07-03T12:20:07+00:00","dateModified":"2023-07-03T12:20:07+00:00","breadcrumb":{"@id":"https:\/\/all-car-news.com\/de\/rueckblick-renault-clio-e-tech-vollhybrid-145-2023\/#breadcrumb"},"inLanguage":"de","potentialAction":[{"@type":"ReadAction","target":["https:\/\/all-car-news.com\/de\/rueckblick-renault-clio-e-tech-vollhybrid-145-2023\/"]}]},{"@type":"BreadcrumbList","@id":"https:\/\/all-car-news.com\/de\/rueckblick-renault-clio-e-tech-vollhybrid-145-2023\/#breadcrumb","itemListElement":[{"@type":"ListItem","position":1,"name":"Home","item":"https:\/\/all-car-news.com\/de\/"},{"@type":"ListItem","position":2,"name":"R\u00fcckblick &#8211; Renault Clio E-Tech Vollhybrid 145 (2023)"}]},{"@type":"WebSite","@id":"https:\/\/all-car-news.com\/de\/#website","url":"https:\/\/all-car-news.com\/de\/","name":"All cars news","description":"","publisher":{"@id":"https:\/\/all-car-news.com\/de\/#organization"},"potentialAction":[{"@type":"SearchAction","target":{"@type":"EntryPoint","urlTemplate":"https:\/\/all-car-news.com\/de\/?s={search_term_string}"},"query-input":"required name=search_term_string"}],"inLanguage":"de"},{"@type":"Organization","@id":"https:\/\/all-car-news.com\/de\/#organization","name":"All cars news","url":"https:\/\/all-car-news.com\/de\/","logo":{"@type":"ImageObject","inLanguage":"de","@id":"https:\/\/all-car-news.com\/de\/#\/schema\/logo\/image\/","url":"https:\/\/all-car-news.com\/wp-content\/uploads\/2022\/02\/CMYK-AllCarNews_LANDSCAPE_300px-1.png","contentUrl":"https:\/\/all-car-news.com\/wp-content\/uploads\/2022\/02\/CMYK-AllCarNews_LANDSCAPE_300px-1.png","width":300,"height":100,"caption":"All cars news"},"image":{"@id":"https:\/\/all-car-news.com\/de\/#\/schema\/logo\/image\/"}}]}},"_links":{"self":[{"href":"https:\/\/all-car-news.com\/de\/wp-json\/wp\/v2\/posts\/136900","targetHints":{"allow":["GET"]}}],"collection":[{"href":"https:\/\/all-car-news.com\/de\/wp-json\/wp\/v2\/posts"}],"about":[{"href":"https:\/\/all-car-news.com\/de\/wp-json\/wp\/v2\/types\/post"}],"replies":[{"embeddable":true,"href":"https:\/\/all-car-news.com\/de\/wp-json\/wp\/v2\/comments?post=136900"}],"version-history":[{"count":0,"href":"https:\/\/all-car-news.com\/de\/wp-json\/wp\/v2\/posts\/136900\/revisions"}],"wp:featuredmedia":[{"embeddable":true,"href":"https:\/\/all-car-news.com\/de\/wp-json\/wp\/v2\/media\/136895"}],"wp:attachment":[{"href":"https:\/\/all-car-news.com\/de\/wp-json\/wp\/v2\/media?parent=136900"}],"wp:term":[{"taxonomy":"category","embeddable":true,"href":"https:\/\/all-car-news.com\/de\/wp-json\/wp\/v2\/categories?post=136900"},{"taxonomy":"post_tag","embeddable":true,"href":"https:\/\/all-car-news.com\/de\/wp-json\/wp\/v2\/tags?post=136900"}],"curies":[{"name":"wp","href":"https:\/\/api.w.org\/{rel}","templated":true}]}}