{"id":136811,"date":"2023-06-28T08:11:52","date_gmt":"2023-06-28T08:11:52","guid":{"rendered":"https:\/\/all-car-news.com\/der-preis-des-volkswagen-polo-gti-edition-25-ist-ein-kleiner-schock\/"},"modified":"2023-06-28T08:11:52","modified_gmt":"2023-06-28T08:11:52","slug":"der-preis-des-volkswagen-polo-gti-edition-25-ist-ein-kleiner-schock","status":"publish","type":"post","link":"https:\/\/all-car-news.com\/de\/der-preis-des-volkswagen-polo-gti-edition-25-ist-ein-kleiner-schock\/","title":{"rendered":"Der Preis des Volkswagen Polo GTI Edition 25 ist ein kleiner Schock"},"content":{"rendered":"<h2>25 Jahre Polo GTI<\/h2>\n<p>Der Volkswagen Polo GTI Edition 25 ist eine Hommage an das 25-j\u00e4hrige Jubil\u00e4um des Polo GTI. Die Niederlande erhalten, wie bereits erw\u00e4hnt, 25. Unter der Motorhaube arbeitet der Hei\u00dfsporn mit dem bekannten 2.0 TSI-Vierzylinder-Turbomotor mit 152 kW\/207 PS und 320 Nm.<\/p>\n<h2>Alle Optionen<\/h2>\n<p>Nahezu die gesamte Ausstattungsliste ist bei diesem Polo GTI serienm\u00e4\u00dfig enthalten. Beispiele sind ein Beats-Soundsystem, ein elektrisch betriebenes Panorama-Schiebe-\/Ausstelldach, das Navigationssystem Discover Pro&#8220; (23,4 cm) mit sechs Lautsprechern, das Digital Cockpit Pro (26 cm), beheizbare Vordersitze, schl\u00fcsselloses Schlie\u00df- und Startsystem (Keyless Access), Travel Assist (inkl. Adaptive Cruise Control) und Scheinwerferbeleuchtung LED Matrix (IQ.Light).<\/p>\n<figure class=\"wp-block-image size-content\"><img decoding=\"async\" loading=\"lazy\" width=\"1140\" height=\"760\" src=\"https:\/\/autorai.nl\/wp-content\/uploads\/2023\/06\/pologtiedition2511-1140x760.jpg\" alt=\"Volkswagen Polo GTI Edition 25\" class=\"wp-image-161658\"><figcaption>Martin Meiners<\/figcaption><\/figure>\n<h2>Ausstattung Volkswagen Polo GTI Edition 25<\/h2>\n<p>Die Version der Edition 25 ist au\u00dferdem durch verschiedene Details leicht zu erkennen. Dazu geh\u00f6ren schwarze 18-Zoll-Leichtmetallfelgen &#8222;Adelaide&#8220;, spezielle Edition 25-Aufkleber an den Flanken, ein schwarzes Dach und schwarze Au\u00dfenspiegel. Zu den Highlights im Innenraum geh\u00f6ren Premium-Sportsitze mit schwarz-roter Lederausstattung &#8222;Edition 25&#8220;, Einstiegsleisten mit dem Schriftzug &#8222;One of 2.500&#8220; und Dekoreinlagen in hochgl\u00e4nzendem Schwarz.  <\/p>\n<h2>Der Preis&#8230;<\/h2>\n<p>Neben den bekannten GTI-Farben Pure White, Kings Red Metallic, Reef Blue Metallic und Deep Black Pearl Effect ist der Polo GTI Edition 25 auch in der exklusiven Farbe Ascot Grey erh\u00e4ltlich. Der Preis? Der Volkswagen Polo GTI Edition 25 ist ab sofort bei den Volkswagen H\u00e4ndlern zu Preisen ab 49.390 Euro erh\u00e4ltlich. Mit anderen Worten: fast 50 Riesen.<\/p>\n<div class=\"galery shuffle galery-0\">\n<figure>\n\t\t\t\t\t<span style=\"cursor: pointer\" data-src=\"https:\/\/autorai.nl\/wp-content\/uploads\/2023\/06\/pologtiedition25-1600x900.jpg\" data-fancybox=\"galery-0\" title=\"Martin Meiners\"><br \/>\n\t\t\t\t\t\t\t<img decoding=\"async\" width=\"640\" height=\"480\" src=\"https:\/\/autorai.nl\/wp-content\/uploads\/2023\/06\/pologtiedition25-640x480.jpg\" class=\"attachment-medium size-medium\" alt=\"\" loading=\"lazy\"><i class=\"fa fa-search-plus\" aria-hidden=\"true\"><\/i><br \/>\n\t\t\t\t\t\t<\/span><br \/>\n\t\t\t\t\t<\/figure>\n<figure>\n\t\t\t\t\t<span style=\"cursor: pointer\" data-src=\"https:\/\/autorai.nl\/wp-content\/uploads\/2023\/06\/pologtiedition2512-1600x1067.jpg\" data-fancybox=\"galery-0\" title=\"Martin Meiners\"><br \/>\n\t\t\t\t\t\t\t<img decoding=\"async\" width=\"360\" height=\"270\" src=\"https:\/\/autorai.nl\/wp-content\/uploads\/2023\/06\/pologtiedition2512-360x270.jpg\" class=\"attachment-small size-small\" alt=\"Volkswagen Polo GTI Edition 25\" loading=\"lazy\"><i class=\"fa fa-search-plus\" aria-hidden=\"true\"><\/i><br \/>\n\t\t\t\t\t\t<\/span><br \/>\n\t\t\t\t\t<\/figure>\n<figure>\n\t\t\t\t\t<span style=\"cursor: pointer\" data-src=\"https:\/\/autorai.nl\/wp-content\/uploads\/2023\/06\/pologtiedition258-1600x1067.jpg\" data-fancybox=\"galery-0\" title=\"Martin Meiners\"><br \/>\n\t\t\t\t\t\t\t<img decoding=\"async\" width=\"360\" height=\"270\" src=\"https:\/\/autorai.nl\/wp-content\/uploads\/2023\/06\/pologtiedition258-360x270.jpg\" class=\"attachment-small size-small\" alt=\"\" loading=\"lazy\"><i class=\"fa fa-search-plus\" aria-hidden=\"true\"><\/i><br \/>\n\t\t\t\t\t\t<\/span><br \/>\n\t\t\t\t\t<\/figure>\n<figure>\n\t\t\t\t\t<span style=\"cursor: pointer\" data-src=\"https:\/\/autorai.nl\/wp-content\/uploads\/2023\/06\/pologtiedition253-1-1600x1068.jpg\" data-fancybox=\"galery-0\" title=\"Martin Meiners\"><br \/>\n\t\t\t\t\t\t\t<img decoding=\"async\" width=\"640\" height=\"480\" src=\"https:\/\/autorai.nl\/wp-content\/uploads\/2023\/06\/pologtiedition253-1-640x480.jpg\" class=\"attachment-medium size-medium\" alt=\"\" loading=\"lazy\"><i class=\"fa fa-search-plus\" aria-hidden=\"true\"><\/i><br \/>\n\t\t\t\t\t\t<\/span><br \/>\n\t\t\t\t\t<\/figure>\n<figure>\n\t\t\t\t\t<span style=\"cursor: pointer\" data-src=\"https:\/\/autorai.nl\/wp-content\/uploads\/2023\/06\/pologtiedition2511-1600x1067.jpg\" data-fancybox=\"galery-0\" title=\"Martin Meiners\"><br \/>\n\t\t\t\t\t\t\t<img decoding=\"async\" width=\"360\" height=\"270\" src=\"https:\/\/autorai.nl\/wp-content\/uploads\/2023\/06\/pologtiedition2511-360x270.jpg\" class=\"attachment-small size-small\" alt=\"Volkswagen Polo GTI Edition 25\" loading=\"lazy\"><i class=\"fa fa-search-plus\" aria-hidden=\"true\"><\/i><br \/>\n\t\t\t\t\t\t<\/span><br \/>\n\t\t\t\t\t<\/figure>\n<figure>\n\t\t\t\t\t<span style=\"cursor: pointer\" data-src=\"https:\/\/autorai.nl\/wp-content\/uploads\/2023\/06\/pologtiedition257-1600x1068.jpg\" data-fancybox=\"galery-0\" title=\"Martin Meiners\"><br \/>\n\t\t\t\t\t\t\t<img decoding=\"async\" width=\"360\" height=\"270\" src=\"https:\/\/autorai.nl\/wp-content\/uploads\/2023\/06\/pologtiedition257-360x270.jpg\" class=\"attachment-small size-small\" alt=\"\" loading=\"lazy\"><i class=\"fa fa-search-plus\" aria-hidden=\"true\"><\/i><br \/>\n\t\t\t\t\t\t<\/span><br \/>\n\t\t\t\t\t<\/figure>\n<figure>\n\t\t\t\t\t<span style=\"cursor: pointer\" data-src=\"https:\/\/autorai.nl\/wp-content\/uploads\/2023\/06\/pologtiedition251-1-1600x900.jpg\" data-fancybox=\"galery-0\" title=\"Martin Meiners\"><br \/>\n\t\t\t\t\t\t\t<img decoding=\"async\" width=\"640\" height=\"480\" src=\"https:\/\/autorai.nl\/wp-content\/uploads\/2023\/06\/pologtiedition251-1-640x480.jpg\" class=\"attachment-medium size-medium\" alt=\"\" loading=\"lazy\"><i class=\"fa fa-search-plus\" aria-hidden=\"true\"><\/i><br \/>\n\t\t\t\t\t\t<\/span><br \/>\n\t\t\t\t\t<\/figure>\n<figure>\n\t\t\t\t\t<span style=\"cursor: pointer\" data-src=\"https:\/\/autorai.nl\/wp-content\/uploads\/2023\/06\/pologtiedition256-1-1600x1068.jpg\" data-fancybox=\"galery-0\" title=\"Martin Meiners\"><br \/>\n\t\t\t\t\t\t\t<img decoding=\"async\" width=\"360\" height=\"270\" src=\"https:\/\/autorai.nl\/wp-content\/uploads\/2023\/06\/pologtiedition256-1-360x270.jpg\" class=\"attachment-small size-small\" alt=\"\" loading=\"lazy\"><i class=\"fa fa-search-plus\" aria-hidden=\"true\"><\/i><br \/>\n\t\t\t\t\t\t<\/span><br \/>\n\t\t\t\t\t<\/figure>\n<figure>\n\t\t\t\t\t<span style=\"cursor: pointer\" data-src=\"https:\/\/autorai.nl\/wp-content\/uploads\/2023\/06\/pologtiedition254-1600x1068.jpg\" data-fancybox=\"galery-0\" title=\"Martin Meiners\"><br \/>\n\t\t\t\t\t\t\t<img decoding=\"async\" width=\"360\" height=\"270\" src=\"https:\/\/autorai.nl\/wp-content\/uploads\/2023\/06\/pologtiedition254-360x270.jpg\" class=\"attachment-small size-small\" alt=\"\" loading=\"lazy\"><i class=\"fa fa-search-plus\" aria-hidden=\"true\"><\/i><br \/>\n\t\t\t\t\t\t<\/span><br \/>\n\t\t\t\t\t<\/figure>\n<div class=\"clear\"><\/div>\n<\/div>\n","protected":false},"excerpt":{"rendered":"25 Jahre Polo GTI Der Volkswagen Polo GTI Edition 25 ist eine Ode an das 25-j\u00e4hrige Jubil\u00e4um des Polo GTI.&hellip;","protected":false},"author":0,"featured_media":136782,"comment_status":"","ping_status":"open","sticky":false,"template":"","format":"standard","meta":{"footnotes":""},"categories":[125],"tags":[],"class_list":["post-136811","post","type-post","status-publish","format-standard","has-post-thumbnail","hentry","category-auto-nachrichten"],"acf":[],"yoast_head":"<!-- This site is optimized with the Yoast SEO plugin v21.2 - https:\/\/yoast.com\/wordpress\/plugins\/seo\/ -->\n<title>Der Preis des Volkswagen Polo GTI Edition 25 ist ein kleiner Schock - All cars news<\/title>\n<meta name=\"robots\" content=\"index, follow, max-snippet:-1, max-image-preview:large, max-video-preview:-1\" \/>\n<link rel=\"canonical\" href=\"https:\/\/all-car-news.com\/de\/der-preis-des-volkswagen-polo-gti-edition-25-ist-ein-kleiner-schock\/\" \/>\n<meta property=\"og:locale\" content=\"de_DE\" \/>\n<meta property=\"og:type\" content=\"article\" \/>\n<meta property=\"og:title\" content=\"Der Preis des Volkswagen Polo GTI Edition 25 ist ein kleiner Schock - All cars news\" \/>\n<meta property=\"og:description\" content=\"25 Jahre Polo GTI Der Volkswagen Polo GTI Edition 25 ist eine Ode an das 25-j\u00e4hrige Jubil\u00e4um des Polo GTI. Die Niederlande erhalten, wie bereits erw\u00e4hnt, 25. Unter der Motorhaube arbeitet der Hei\u00dfsporn mit dem bekannten 2.0 TSI-Vierzylinder-Turbomotor mit 152 kW\/207 PS und 320 Nm. Alle Optionen Praktisch die gesamte Optionsliste ist [...]\" \/>\n<meta property=\"og:url\" content=\"https:\/\/all-car-news.com\/de\/der-preis-des-volkswagen-polo-gti-edition-25-ist-ein-kleiner-schock\/\" \/>\n<meta property=\"og:site_name\" content=\"All cars news\" \/>\n<meta property=\"article:published_time\" content=\"2023-06-28T08:11:52+00:00\" \/>\n<meta property=\"og:image\" content=\"https:\/\/autorai.nl\/wp-content\/uploads\/2023\/06\/pologtiedition2511-1140x760.jpg\" \/>\n<meta name=\"twitter:card\" content=\"summary_large_image\" \/>\n<meta name=\"twitter:label1\" content=\"Gesch\u00e4tzte Lesezeit\" \/>\n\t<meta name=\"twitter:data1\" content=\"1\u00a0Minute\" \/>\n<script type=\"application\/ld+json\" class=\"yoast-schema-graph\">{\"@context\":\"https:\/\/schema.org\",\"@graph\":[{\"@type\":\"Article\",\"@id\":\"https:\/\/all-car-news.com\/de\/der-preis-des-volkswagen-polo-gti-edition-25-ist-ein-kleiner-schock\/#article\",\"isPartOf\":{\"@id\":\"https:\/\/all-car-news.com\/de\/der-preis-des-volkswagen-polo-gti-edition-25-ist-ein-kleiner-schock\/\"},\"author\":{\"name\":\"\",\"@id\":\"\"},\"headline\":\"Der Preis des Volkswagen Polo GTI Edition 25 ist ein kleiner Schock\",\"datePublished\":\"2023-06-28T08:11:52+00:00\",\"dateModified\":\"2023-06-28T08:11:52+00:00\",\"mainEntityOfPage\":{\"@id\":\"https:\/\/all-car-news.com\/de\/der-preis-des-volkswagen-polo-gti-edition-25-ist-ein-kleiner-schock\/\"},\"wordCount\":234,\"publisher\":{\"@id\":\"https:\/\/all-car-news.com\/de\/#organization\"},\"articleSection\":[\"Auto Nachrichten\"],\"inLanguage\":\"de\"},{\"@type\":\"WebPage\",\"@id\":\"https:\/\/all-car-news.com\/de\/der-preis-des-volkswagen-polo-gti-edition-25-ist-ein-kleiner-schock\/\",\"url\":\"https:\/\/all-car-news.com\/de\/der-preis-des-volkswagen-polo-gti-edition-25-ist-ein-kleiner-schock\/\",\"name\":\"Der Preis des Volkswagen Polo GTI Edition 25 ist ein kleiner Schock - All cars news\",\"isPartOf\":{\"@id\":\"https:\/\/all-car-news.com\/de\/#website\"},\"datePublished\":\"2023-06-28T08:11:52+00:00\",\"dateModified\":\"2023-06-28T08:11:52+00:00\",\"breadcrumb\":{\"@id\":\"https:\/\/all-car-news.com\/de\/der-preis-des-volkswagen-polo-gti-edition-25-ist-ein-kleiner-schock\/#breadcrumb\"},\"inLanguage\":\"de\",\"potentialAction\":[{\"@type\":\"ReadAction\",\"target\":[\"https:\/\/all-car-news.com\/de\/der-preis-des-volkswagen-polo-gti-edition-25-ist-ein-kleiner-schock\/\"]}]},{\"@type\":\"BreadcrumbList\",\"@id\":\"https:\/\/all-car-news.com\/de\/der-preis-des-volkswagen-polo-gti-edition-25-ist-ein-kleiner-schock\/#breadcrumb\",\"itemListElement\":[{\"@type\":\"ListItem\",\"position\":1,\"name\":\"Home\",\"item\":\"https:\/\/all-car-news.com\/de\/\"},{\"@type\":\"ListItem\",\"position\":2,\"name\":\"Der Preis des Volkswagen Polo GTI Edition 25 ist ein kleiner Schock\"}]},{\"@type\":\"WebSite\",\"@id\":\"https:\/\/all-car-news.com\/de\/#website\",\"url\":\"https:\/\/all-car-news.com\/de\/\",\"name\":\"All cars news\",\"description\":\"\",\"publisher\":{\"@id\":\"https:\/\/all-car-news.com\/de\/#organization\"},\"potentialAction\":[{\"@type\":\"SearchAction\",\"target\":{\"@type\":\"EntryPoint\",\"urlTemplate\":\"https:\/\/all-car-news.com\/de\/?s={search_term_string}\"},\"query-input\":\"required name=search_term_string\"}],\"inLanguage\":\"de\"},{\"@type\":\"Organization\",\"@id\":\"https:\/\/all-car-news.com\/de\/#organization\",\"name\":\"All cars news\",\"url\":\"https:\/\/all-car-news.com\/de\/\",\"logo\":{\"@type\":\"ImageObject\",\"inLanguage\":\"de\",\"@id\":\"https:\/\/all-car-news.com\/de\/#\/schema\/logo\/image\/\",\"url\":\"https:\/\/all-car-news.com\/wp-content\/uploads\/2022\/02\/CMYK-AllCarNews_LANDSCAPE_300px-1.png\",\"contentUrl\":\"https:\/\/all-car-news.com\/wp-content\/uploads\/2022\/02\/CMYK-AllCarNews_LANDSCAPE_300px-1.png\",\"width\":300,\"height\":100,\"caption\":\"All cars news\"},\"image\":{\"@id\":\"https:\/\/all-car-news.com\/de\/#\/schema\/logo\/image\/\"}}]}<\/script>\n<!-- \/ Yoast SEO plugin. -->","yoast_head_json":{"title":"Der Preis des Volkswagen Polo GTI Edition 25 ist ein kleiner Schock - All cars news","robots":{"index":"index","follow":"follow","max-snippet":"max-snippet:-1","max-image-preview":"max-image-preview:large","max-video-preview":"max-video-preview:-1"},"canonical":"https:\/\/all-car-news.com\/de\/der-preis-des-volkswagen-polo-gti-edition-25-ist-ein-kleiner-schock\/","og_locale":"de_DE","og_type":"article","og_title":"Der Preis des Volkswagen Polo GTI Edition 25 ist ein kleiner Schock - All cars news","og_description":"25 Jahre Polo GTI Der Volkswagen Polo GTI Edition 25 ist eine Ode an das 25-j\u00e4hrige Jubil\u00e4um des Polo GTI. Die Niederlande erhalten, wie bereits erw\u00e4hnt, 25. Unter der Motorhaube arbeitet der Hei\u00dfsporn mit dem bekannten 2.0 TSI-Vierzylinder-Turbomotor mit 152 kW\/207 PS und 320 Nm. Alle Optionen Praktisch die gesamte Optionsliste ist [...]","og_url":"https:\/\/all-car-news.com\/de\/der-preis-des-volkswagen-polo-gti-edition-25-ist-ein-kleiner-schock\/","og_site_name":"All cars news","article_published_time":"2023-06-28T08:11:52+00:00","og_image":[{"url":"https:\/\/autorai.nl\/wp-content\/uploads\/2023\/06\/pologtiedition2511-1140x760.jpg"}],"twitter_card":"summary_large_image","twitter_misc":{"Gesch\u00e4tzte Lesezeit":"1\u00a0Minute"},"schema":{"@context":"https:\/\/schema.org","@graph":[{"@type":"Article","@id":"https:\/\/all-car-news.com\/de\/der-preis-des-volkswagen-polo-gti-edition-25-ist-ein-kleiner-schock\/#article","isPartOf":{"@id":"https:\/\/all-car-news.com\/de\/der-preis-des-volkswagen-polo-gti-edition-25-ist-ein-kleiner-schock\/"},"author":{"name":"","@id":""},"headline":"Der Preis des Volkswagen Polo GTI Edition 25 ist ein kleiner Schock","datePublished":"2023-06-28T08:11:52+00:00","dateModified":"2023-06-28T08:11:52+00:00","mainEntityOfPage":{"@id":"https:\/\/all-car-news.com\/de\/der-preis-des-volkswagen-polo-gti-edition-25-ist-ein-kleiner-schock\/"},"wordCount":234,"publisher":{"@id":"https:\/\/all-car-news.com\/de\/#organization"},"articleSection":["Auto Nachrichten"],"inLanguage":"de"},{"@type":"WebPage","@id":"https:\/\/all-car-news.com\/de\/der-preis-des-volkswagen-polo-gti-edition-25-ist-ein-kleiner-schock\/","url":"https:\/\/all-car-news.com\/de\/der-preis-des-volkswagen-polo-gti-edition-25-ist-ein-kleiner-schock\/","name":"Der Preis des Volkswagen Polo GTI Edition 25 ist ein kleiner Schock - All cars news","isPartOf":{"@id":"https:\/\/all-car-news.com\/de\/#website"},"datePublished":"2023-06-28T08:11:52+00:00","dateModified":"2023-06-28T08:11:52+00:00","breadcrumb":{"@id":"https:\/\/all-car-news.com\/de\/der-preis-des-volkswagen-polo-gti-edition-25-ist-ein-kleiner-schock\/#breadcrumb"},"inLanguage":"de","potentialAction":[{"@type":"ReadAction","target":["https:\/\/all-car-news.com\/de\/der-preis-des-volkswagen-polo-gti-edition-25-ist-ein-kleiner-schock\/"]}]},{"@type":"BreadcrumbList","@id":"https:\/\/all-car-news.com\/de\/der-preis-des-volkswagen-polo-gti-edition-25-ist-ein-kleiner-schock\/#breadcrumb","itemListElement":[{"@type":"ListItem","position":1,"name":"Home","item":"https:\/\/all-car-news.com\/de\/"},{"@type":"ListItem","position":2,"name":"Der Preis des Volkswagen Polo GTI Edition 25 ist ein kleiner Schock"}]},{"@type":"WebSite","@id":"https:\/\/all-car-news.com\/de\/#website","url":"https:\/\/all-car-news.com\/de\/","name":"All cars news","description":"","publisher":{"@id":"https:\/\/all-car-news.com\/de\/#organization"},"potentialAction":[{"@type":"SearchAction","target":{"@type":"EntryPoint","urlTemplate":"https:\/\/all-car-news.com\/de\/?s={search_term_string}"},"query-input":"required name=search_term_string"}],"inLanguage":"de"},{"@type":"Organization","@id":"https:\/\/all-car-news.com\/de\/#organization","name":"All cars news","url":"https:\/\/all-car-news.com\/de\/","logo":{"@type":"ImageObject","inLanguage":"de","@id":"https:\/\/all-car-news.com\/de\/#\/schema\/logo\/image\/","url":"https:\/\/all-car-news.com\/wp-content\/uploads\/2022\/02\/CMYK-AllCarNews_LANDSCAPE_300px-1.png","contentUrl":"https:\/\/all-car-news.com\/wp-content\/uploads\/2022\/02\/CMYK-AllCarNews_LANDSCAPE_300px-1.png","width":300,"height":100,"caption":"All cars news"},"image":{"@id":"https:\/\/all-car-news.com\/de\/#\/schema\/logo\/image\/"}}]}},"_links":{"self":[{"href":"https:\/\/all-car-news.com\/de\/wp-json\/wp\/v2\/posts\/136811","targetHints":{"allow":["GET"]}}],"collection":[{"href":"https:\/\/all-car-news.com\/de\/wp-json\/wp\/v2\/posts"}],"about":[{"href":"https:\/\/all-car-news.com\/de\/wp-json\/wp\/v2\/types\/post"}],"replies":[{"embeddable":true,"href":"https:\/\/all-car-news.com\/de\/wp-json\/wp\/v2\/comments?post=136811"}],"version-history":[{"count":0,"href":"https:\/\/all-car-news.com\/de\/wp-json\/wp\/v2\/posts\/136811\/revisions"}],"wp:featuredmedia":[{"embeddable":true,"href":"https:\/\/all-car-news.com\/de\/wp-json\/wp\/v2\/media\/136782"}],"wp:attachment":[{"href":"https:\/\/all-car-news.com\/de\/wp-json\/wp\/v2\/media?parent=136811"}],"wp:term":[{"taxonomy":"category","embeddable":true,"href":"https:\/\/all-car-news.com\/de\/wp-json\/wp\/v2\/categories?post=136811"},{"taxonomy":"post_tag","embeddable":true,"href":"https:\/\/all-car-news.com\/de\/wp-json\/wp\/v2\/tags?post=136811"}],"curies":[{"name":"wp","href":"https:\/\/api.w.org\/{rel}","templated":true}]}}