{"id":136763,"date":"2023-06-27T07:07:19","date_gmt":"2023-06-27T07:07:19","guid":{"rendered":"https:\/\/all-car-news.com\/opel-praesentiert-sein-neues-markenlogo\/"},"modified":"2023-06-27T07:07:19","modified_gmt":"2023-06-27T07:07:19","slug":"opel-praesentiert-sein-neues-markenlogo","status":"publish","type":"post","link":"https:\/\/all-car-news.com\/de\/opel-praesentiert-sein-neues-markenlogo\/","title":{"rendered":"Opel pr\u00e4sentiert sein neues Markenlogo"},"content":{"rendered":"<h2>EV-\u00dcbergang<\/h2>\n<p>Das neue Opel-Logo bleibt ein zentrales Element des Opel Vizor, eines der wichtigsten Designmerkmale der Opel-Modelle. Der Blitz ist eng mit der Elektrizit\u00e4t verbunden und ist das ideale Logo, um den \u00dcbergang von Opel zur 100%igen Elektromobilit\u00e4t zu symbolisieren.<\/p>\n<h2>Der Blitz<\/h2>\n<p>&#8222;Unser &#8218;Blitz&#8216; ist aktueller denn je. Er symbolisiert nicht nur unser Engagement f\u00fcr die Demokratisierung von Innovation und Mobilit\u00e4t, sondern zeigt auch unser Engagement, bis 2028 eine rein elektrische Marke in Europa zu werden. Bis 2023 werden wir bereits 15 elektrifizierte Modelle in unserem Portfolio haben und k\u00f6nnen mit Stolz sagen, dass Opel elektrisch ist&#8220;, sagte Florian H\u00fcttl, CEO von Opel.<\/p>\n<figure class=\"wp-block-image size-content\"><img decoding=\"async\" loading=\"lazy\" width=\"1140\" height=\"806\" src=\"https:\/\/autorai.nl\/wp-content\/uploads\/2023\/06\/opel-nieuw-merklogo-foto2-1140x806.jpg\" alt=\"\" class=\"wp-image-161576\"><\/figure>\n<h2>Erstes Produktionsmodell<\/h2>\n<p>Opel f\u00fchrt den neuen Blitz&#8220; in den n\u00e4chsten Jahren schrittweise in seinem gesamten Produktportfolio ein. Bereits 2024 soll das erste Serienmodell das neue Logo erhalten. Das Logo wird aber auch schon 2023 funktionieren, k\u00fcndigte Opel-Chef Florian H\u00fcttl an.  <\/p>\n<p>Die IAA Mobilit\u00e4t ist eine der gr\u00f6\u00dften Automessen der Welt und damit der perfekte Ort, um unseren neuen &#8218;Blitz&#8216; stolz einem gro\u00dfen, internationalen Publikum vorzustellen&#8220;, so der Gesch\u00e4ftsf\u00fchrer. Au\u00dferdem haben wir noch eine \u00dcberraschung geplant. Die Besucher der Veranstaltung in M\u00fcnchen werden begeistert sein.&#8220;<\/p>\n<h2>IAA Mobilit\u00e4t<\/h2>\n<p>Die IAA Mobilit\u00e4t 2023 findet vom 5. bis 10. September in M\u00fcnchen statt. Opel wird auf der Veranstaltung insgesamt drei Weltpremieren zeigen: den neuen Opel Astra Sports Tourer Electric, den neuen Opel Corsa Electric und eine weitere \u00dcberraschung.<\/p>\n<figure class=\"wp-block-image size-content\"><img decoding=\"async\" loading=\"lazy\" width=\"1140\" height=\"806\" src=\"https:\/\/autorai.nl\/wp-content\/uploads\/2023\/06\/opel-nieuw-merklogo-foto4-1140x806.jpg\" alt=\"\" class=\"wp-image-161578\"><\/figure>\n<figure class=\"wp-block-image size-content\"><img decoding=\"async\" loading=\"lazy\" width=\"1140\" height=\"806\" src=\"https:\/\/autorai.nl\/wp-content\/uploads\/2023\/06\/opel-nieuw-merklogo-foto3-1140x806.jpg\" alt=\"\" class=\"wp-image-161577\"><\/figure>\n","protected":false},"excerpt":{"rendered":"EV-Transition Das neue Opel-Logo bleibt ein zentrales Element des Opel Vizor, eines der wichtigsten Designmerkmale der Opel-Modelle. Der Blitz ist&hellip;","protected":false},"author":0,"featured_media":136746,"comment_status":"","ping_status":"open","sticky":false,"template":"","format":"standard","meta":{"footnotes":""},"categories":[125,128],"tags":[],"class_list":["post-136763","post","type-post","status-publish","format-standard","has-post-thumbnail","hentry","category-auto-nachrichten","category-hintergrund"],"acf":[],"yoast_head":"<!-- This site is optimized with the Yoast SEO plugin v21.2 - https:\/\/yoast.com\/wordpress\/plugins\/seo\/ -->\n<title>Opel pr\u00e4sentiert sein neues Markenlogo - All cars news<\/title>\n<meta name=\"robots\" content=\"index, follow, max-snippet:-1, max-image-preview:large, max-video-preview:-1\" \/>\n<link rel=\"canonical\" href=\"https:\/\/all-car-news.com\/de\/opel-praesentiert-sein-neues-markenlogo\/\" \/>\n<meta property=\"og:locale\" content=\"de_DE\" \/>\n<meta property=\"og:type\" content=\"article\" \/>\n<meta property=\"og:title\" content=\"Opel pr\u00e4sentiert sein neues Markenlogo - All cars news\" \/>\n<meta property=\"og:description\" content=\"EV-Transition Das neue Opel-Logo bleibt ein zentrales Element des Opel Vizor, eines der wichtigsten Designmerkmale der Opel-Modelle. Der Blitz ist eng mit der Elektrizit\u00e4t verbunden und ist das ideale Logo, um den \u00dcbergang von Opel zur 100%igen Elektromobilit\u00e4t zu symbolisieren. Der Blitz &quot;Unser [...]\" \/>\n<meta property=\"og:url\" content=\"https:\/\/all-car-news.com\/de\/opel-praesentiert-sein-neues-markenlogo\/\" \/>\n<meta property=\"og:site_name\" content=\"All cars news\" \/>\n<meta property=\"article:published_time\" content=\"2023-06-27T07:07:19+00:00\" \/>\n<meta property=\"og:image\" content=\"https:\/\/autorai.nl\/wp-content\/uploads\/2023\/06\/opel-nieuw-merklogo-foto2-1140x806.jpg\" \/>\n<meta name=\"twitter:card\" content=\"summary_large_image\" \/>\n<meta name=\"twitter:label1\" content=\"Gesch\u00e4tzte Lesezeit\" \/>\n\t<meta name=\"twitter:data1\" content=\"1\u00a0Minute\" \/>\n<script type=\"application\/ld+json\" class=\"yoast-schema-graph\">{\"@context\":\"https:\/\/schema.org\",\"@graph\":[{\"@type\":\"Article\",\"@id\":\"https:\/\/all-car-news.com\/de\/opel-praesentiert-sein-neues-markenlogo\/#article\",\"isPartOf\":{\"@id\":\"https:\/\/all-car-news.com\/de\/opel-praesentiert-sein-neues-markenlogo\/\"},\"author\":{\"name\":\"\",\"@id\":\"\"},\"headline\":\"Opel pr\u00e4sentiert sein neues Markenlogo\",\"datePublished\":\"2023-06-27T07:07:19+00:00\",\"dateModified\":\"2023-06-27T07:07:19+00:00\",\"mainEntityOfPage\":{\"@id\":\"https:\/\/all-car-news.com\/de\/opel-praesentiert-sein-neues-markenlogo\/\"},\"wordCount\":246,\"publisher\":{\"@id\":\"https:\/\/all-car-news.com\/de\/#organization\"},\"articleSection\":[\"Auto Nachrichten\",\"Hintergrund\"],\"inLanguage\":\"de\"},{\"@type\":\"WebPage\",\"@id\":\"https:\/\/all-car-news.com\/de\/opel-praesentiert-sein-neues-markenlogo\/\",\"url\":\"https:\/\/all-car-news.com\/de\/opel-praesentiert-sein-neues-markenlogo\/\",\"name\":\"Opel pr\u00e4sentiert sein neues Markenlogo - All cars news\",\"isPartOf\":{\"@id\":\"https:\/\/all-car-news.com\/de\/#website\"},\"datePublished\":\"2023-06-27T07:07:19+00:00\",\"dateModified\":\"2023-06-27T07:07:19+00:00\",\"breadcrumb\":{\"@id\":\"https:\/\/all-car-news.com\/de\/opel-praesentiert-sein-neues-markenlogo\/#breadcrumb\"},\"inLanguage\":\"de\",\"potentialAction\":[{\"@type\":\"ReadAction\",\"target\":[\"https:\/\/all-car-news.com\/de\/opel-praesentiert-sein-neues-markenlogo\/\"]}]},{\"@type\":\"BreadcrumbList\",\"@id\":\"https:\/\/all-car-news.com\/de\/opel-praesentiert-sein-neues-markenlogo\/#breadcrumb\",\"itemListElement\":[{\"@type\":\"ListItem\",\"position\":1,\"name\":\"Home\",\"item\":\"https:\/\/all-car-news.com\/de\/\"},{\"@type\":\"ListItem\",\"position\":2,\"name\":\"Opel pr\u00e4sentiert sein neues Markenlogo\"}]},{\"@type\":\"WebSite\",\"@id\":\"https:\/\/all-car-news.com\/de\/#website\",\"url\":\"https:\/\/all-car-news.com\/de\/\",\"name\":\"All cars news\",\"description\":\"\",\"publisher\":{\"@id\":\"https:\/\/all-car-news.com\/de\/#organization\"},\"potentialAction\":[{\"@type\":\"SearchAction\",\"target\":{\"@type\":\"EntryPoint\",\"urlTemplate\":\"https:\/\/all-car-news.com\/de\/?s={search_term_string}\"},\"query-input\":\"required name=search_term_string\"}],\"inLanguage\":\"de\"},{\"@type\":\"Organization\",\"@id\":\"https:\/\/all-car-news.com\/de\/#organization\",\"name\":\"All cars news\",\"url\":\"https:\/\/all-car-news.com\/de\/\",\"logo\":{\"@type\":\"ImageObject\",\"inLanguage\":\"de\",\"@id\":\"https:\/\/all-car-news.com\/de\/#\/schema\/logo\/image\/\",\"url\":\"https:\/\/all-car-news.com\/wp-content\/uploads\/2022\/02\/CMYK-AllCarNews_LANDSCAPE_300px-1.png\",\"contentUrl\":\"https:\/\/all-car-news.com\/wp-content\/uploads\/2022\/02\/CMYK-AllCarNews_LANDSCAPE_300px-1.png\",\"width\":300,\"height\":100,\"caption\":\"All cars news\"},\"image\":{\"@id\":\"https:\/\/all-car-news.com\/de\/#\/schema\/logo\/image\/\"}}]}<\/script>\n<!-- \/ Yoast SEO plugin. -->","yoast_head_json":{"title":"Opel pr\u00e4sentiert sein neues Markenlogo - All cars news","robots":{"index":"index","follow":"follow","max-snippet":"max-snippet:-1","max-image-preview":"max-image-preview:large","max-video-preview":"max-video-preview:-1"},"canonical":"https:\/\/all-car-news.com\/de\/opel-praesentiert-sein-neues-markenlogo\/","og_locale":"de_DE","og_type":"article","og_title":"Opel pr\u00e4sentiert sein neues Markenlogo - All cars news","og_description":"EV-Transition Das neue Opel-Logo bleibt ein zentrales Element des Opel Vizor, eines der wichtigsten Designmerkmale der Opel-Modelle. Der Blitz ist eng mit der Elektrizit\u00e4t verbunden und ist das ideale Logo, um den \u00dcbergang von Opel zur 100%igen Elektromobilit\u00e4t zu symbolisieren. Der Blitz \"Unser [...]","og_url":"https:\/\/all-car-news.com\/de\/opel-praesentiert-sein-neues-markenlogo\/","og_site_name":"All cars news","article_published_time":"2023-06-27T07:07:19+00:00","og_image":[{"url":"https:\/\/autorai.nl\/wp-content\/uploads\/2023\/06\/opel-nieuw-merklogo-foto2-1140x806.jpg"}],"twitter_card":"summary_large_image","twitter_misc":{"Gesch\u00e4tzte Lesezeit":"1\u00a0Minute"},"schema":{"@context":"https:\/\/schema.org","@graph":[{"@type":"Article","@id":"https:\/\/all-car-news.com\/de\/opel-praesentiert-sein-neues-markenlogo\/#article","isPartOf":{"@id":"https:\/\/all-car-news.com\/de\/opel-praesentiert-sein-neues-markenlogo\/"},"author":{"name":"","@id":""},"headline":"Opel pr\u00e4sentiert sein neues Markenlogo","datePublished":"2023-06-27T07:07:19+00:00","dateModified":"2023-06-27T07:07:19+00:00","mainEntityOfPage":{"@id":"https:\/\/all-car-news.com\/de\/opel-praesentiert-sein-neues-markenlogo\/"},"wordCount":246,"publisher":{"@id":"https:\/\/all-car-news.com\/de\/#organization"},"articleSection":["Auto Nachrichten","Hintergrund"],"inLanguage":"de"},{"@type":"WebPage","@id":"https:\/\/all-car-news.com\/de\/opel-praesentiert-sein-neues-markenlogo\/","url":"https:\/\/all-car-news.com\/de\/opel-praesentiert-sein-neues-markenlogo\/","name":"Opel pr\u00e4sentiert sein neues Markenlogo - All cars news","isPartOf":{"@id":"https:\/\/all-car-news.com\/de\/#website"},"datePublished":"2023-06-27T07:07:19+00:00","dateModified":"2023-06-27T07:07:19+00:00","breadcrumb":{"@id":"https:\/\/all-car-news.com\/de\/opel-praesentiert-sein-neues-markenlogo\/#breadcrumb"},"inLanguage":"de","potentialAction":[{"@type":"ReadAction","target":["https:\/\/all-car-news.com\/de\/opel-praesentiert-sein-neues-markenlogo\/"]}]},{"@type":"BreadcrumbList","@id":"https:\/\/all-car-news.com\/de\/opel-praesentiert-sein-neues-markenlogo\/#breadcrumb","itemListElement":[{"@type":"ListItem","position":1,"name":"Home","item":"https:\/\/all-car-news.com\/de\/"},{"@type":"ListItem","position":2,"name":"Opel pr\u00e4sentiert sein neues Markenlogo"}]},{"@type":"WebSite","@id":"https:\/\/all-car-news.com\/de\/#website","url":"https:\/\/all-car-news.com\/de\/","name":"All cars news","description":"","publisher":{"@id":"https:\/\/all-car-news.com\/de\/#organization"},"potentialAction":[{"@type":"SearchAction","target":{"@type":"EntryPoint","urlTemplate":"https:\/\/all-car-news.com\/de\/?s={search_term_string}"},"query-input":"required name=search_term_string"}],"inLanguage":"de"},{"@type":"Organization","@id":"https:\/\/all-car-news.com\/de\/#organization","name":"All cars news","url":"https:\/\/all-car-news.com\/de\/","logo":{"@type":"ImageObject","inLanguage":"de","@id":"https:\/\/all-car-news.com\/de\/#\/schema\/logo\/image\/","url":"https:\/\/all-car-news.com\/wp-content\/uploads\/2022\/02\/CMYK-AllCarNews_LANDSCAPE_300px-1.png","contentUrl":"https:\/\/all-car-news.com\/wp-content\/uploads\/2022\/02\/CMYK-AllCarNews_LANDSCAPE_300px-1.png","width":300,"height":100,"caption":"All cars news"},"image":{"@id":"https:\/\/all-car-news.com\/de\/#\/schema\/logo\/image\/"}}]}},"_links":{"self":[{"href":"https:\/\/all-car-news.com\/de\/wp-json\/wp\/v2\/posts\/136763","targetHints":{"allow":["GET"]}}],"collection":[{"href":"https:\/\/all-car-news.com\/de\/wp-json\/wp\/v2\/posts"}],"about":[{"href":"https:\/\/all-car-news.com\/de\/wp-json\/wp\/v2\/types\/post"}],"replies":[{"embeddable":true,"href":"https:\/\/all-car-news.com\/de\/wp-json\/wp\/v2\/comments?post=136763"}],"version-history":[{"count":0,"href":"https:\/\/all-car-news.com\/de\/wp-json\/wp\/v2\/posts\/136763\/revisions"}],"wp:featuredmedia":[{"embeddable":true,"href":"https:\/\/all-car-news.com\/de\/wp-json\/wp\/v2\/media\/136746"}],"wp:attachment":[{"href":"https:\/\/all-car-news.com\/de\/wp-json\/wp\/v2\/media?parent=136763"}],"wp:term":[{"taxonomy":"category","embeddable":true,"href":"https:\/\/all-car-news.com\/de\/wp-json\/wp\/v2\/categories?post=136763"},{"taxonomy":"post_tag","embeddable":true,"href":"https:\/\/all-car-news.com\/de\/wp-json\/wp\/v2\/tags?post=136763"}],"curies":[{"name":"wp","href":"https:\/\/api.w.org\/{rel}","templated":true}]}}