{"id":136710,"date":"2023-06-23T15:31:00","date_gmt":"2023-06-23T15:31:00","guid":{"rendered":"https:\/\/all-car-news.com\/gesichtet-ein-1978er-volvo-66-dl\/"},"modified":"2023-06-23T15:31:00","modified_gmt":"2023-06-23T15:31:00","slug":"gesichtet-ein-1978er-volvo-66-dl","status":"publish","type":"post","link":"https:\/\/all-car-news.com\/de\/gesichtet-ein-1978er-volvo-66-dl\/","title":{"rendered":"Gesichtet: ein 1978er Volvo 66 DL"},"content":{"rendered":"<p>Anfang des Jahres haben wir mit Hilfe eines <a href=\"https:\/\/autorai.nl\/gespot-een-oprit-vol-hollands-glorie\/\" target=\"_blank\" rel=\"noreferrer noopener\">sch\u00f6nen Doppelspots<\/a> auch einen Blick auf die Autoindustrie geworfen, die die Niederlande einst hatten. Damals sprachen wir haupts\u00e4chlich \u00fcber die Volvo 300er Serie, die als DAF entwickelt wurde, aber schlie\u00dflich nur noch mit Volvo-Logos auf den Markt kam. Diesmal geht es in <em>Gespot<\/em> um den Volvo 66, den letzten DAF, der auch unter diesem Namen verkauft wurde.<\/p>\n<h2><strong>Der DAF 66<\/strong><\/h2>\n<p>Der DAF 66 kam 1972 auf den Markt und war eine konsequente Weiterentwicklung des DAF 55. Der wichtigste optische Unterschied war die neu gestaltete Frontpartie; am Heck waren sich beide Fahrzeuge sehr \u00e4hnlich. Die wichtigste technische \u00c4nderung war die Einf\u00fchrung einer De-Dion-Hinterachse, die die weniger stabile Pendelachskonstruktion ersetzte.<\/p>\n<figure class=\"wp-block-image size-content\"><img decoding=\"async\" loading=\"lazy\" width=\"1140\" height=\"641\" src=\"https:\/\/autorai.nl\/wp-content\/uploads\/2023\/06\/AutoRAI-Gespot-Volvo-66-2-1140x641.jpg\" alt=\"\" class=\"wp-image-161440\"><\/figure>\n<h2><strong>Von DAF zu Volvo<\/strong><\/h2>\n<p>Anfang der 1970er Jahre geriet DAF in finanzielle Schwierigkeiten, die zum Verkauf von Aktien f\u00fchrten. Dadurch konnte sich Volvo 1972 einen Anteil von 33 % an dem Unternehmen sichern. Damit waren die Probleme f\u00fcr DAF noch nicht gel\u00f6st. Schlie\u00dflich wurde beschlossen, die Lkw- und die Pkw-Sparte zu trennen. DAF fuhr mit den Lastwagen fort und existiert noch heute. Die Pkw-Sparte ging 1975 vollst\u00e4ndig an <a href=\"https:\/\/www.volvocars.com\/nl\/\" target=\"_blank\" rel=\"noreferrer noopener\">Volvo<\/a> \u00fcber, das die Fahrzeuge nun unter eigenem Namen lieferte.<\/p>\n<div class=\"galery galery-0\">\n<figure>\n\t\t\t\t\t<span style=\"cursor: pointer\" data-src=\"https:\/\/autorai.nl\/wp-content\/uploads\/2023\/06\/AutoRAI-Gespot-Volvo-66-3-1600x1200.jpg\" data-fancybox=\"galery-0\" title=\"\"><br \/>\n\t\t\t\t\t\t\t<img decoding=\"async\" width=\"360\" height=\"270\" src=\"https:\/\/autorai.nl\/wp-content\/uploads\/2023\/06\/AutoRAI-Gespot-Volvo-66-3-360x270.jpg\" class=\"attachment-small size-small\" alt=\"\" loading=\"lazy\"><i class=\"fa fa-search-plus\" aria-hidden=\"true\"><\/i><br \/>\n\t\t\t\t\t\t<\/span><br \/>\n\t\t\t\t\t<\/figure>\n<figure>\n\t\t\t\t\t<span style=\"cursor: pointer\" data-src=\"https:\/\/autorai.nl\/wp-content\/uploads\/2023\/06\/AutoRAI-Gespot-Volvo-66-4-1600x1200.jpg\" data-fancybox=\"galery-0\" title=\"\"><br \/>\n\t\t\t\t\t\t\t<img decoding=\"async\" width=\"360\" height=\"270\" src=\"https:\/\/autorai.nl\/wp-content\/uploads\/2023\/06\/AutoRAI-Gespot-Volvo-66-4-360x270.jpg\" class=\"attachment-small size-small\" alt=\"\" loading=\"lazy\"><i class=\"fa fa-search-plus\" aria-hidden=\"true\"><\/i><br \/>\n\t\t\t\t\t\t<\/span><br \/>\n\t\t\t\t\t<\/figure>\n<div class=\"clear\"><\/div>\n<\/div>\n<h2><strong>Der Volvo 66<\/strong><\/h2>\n<p>Volvo stellte die Produktion der in die Jahre gekommenen DAF 33 und 44 ein, fuhr aber mit dem moderneren 66 fort. Aber ja, Volvo war die Marke f\u00fcr gro\u00dfe, solide und robuste Autos. Die Marke wollte den DAF also auf die notwendige Weise sicherer machen. Dadurch erhielt das Auto gr\u00f6\u00dfere Sto\u00dfstangen, ein sichereres Lenkrad und bessere Sitze. Nicht sichtbar sind die Verst\u00e4rkungen der Karosserie, insbesondere in den T\u00fcren. Die bekannte Variomatic wurde ebenfalls in eine neutrale Position gebracht. Bei den urspr\u00fcnglichen DAFs wurde n\u00e4mlich immer mit eingelegtem Gang gestartet, was bedeutete, dass man vor allem daran denken musste, die Bremse beim Anfahren richtig zu bet\u00e4tigen&#8230;<\/p>\n<p>Ansonsten ist alles beim Alten geblieben. Auch die urspr\u00fcnglichen 1,1- und 1,3-Liter-Vierzylinder-Motoren (35 bis 42 kW (47 bis 57 PS)) blieben im Angebot, obwohl sie aus den Regalen von Renault stammten. \u00dcbrigens hatte Volvo zu dieser Zeit auch eine Motorenpartnerschaft mit Renault, man denke nur an den V6 PRV-Motor.<\/p>\n<h2><strong>Das gefleckte Exemplar<\/strong><\/h2>\n<p>Auf der A16, s\u00fcdlich von Rotterdam, stie\u00dfen wir vor einiger Zeit auf dieses sch\u00f6ne Exemplar. Es ist ein noch sehr sauberer Volvo 66 &#8218;642910&#8216; von 1978. Nat\u00fcrlich&#8220; ist das Auto original niederl\u00e4ndisch. Der jetzige Besitzer ist seit 2020 damit unterwegs und wir hoffen, dass er das noch lange tun wird.<\/p>\n<div class=\"galery galery-1\">\n<figure>\n\t\t\t\t\t<span style=\"cursor: pointer\" data-src=\"https:\/\/autorai.nl\/wp-content\/uploads\/2023\/06\/AutoRAI-Gespot-Volvo-66-1-1600x1200.jpg\" data-fancybox=\"galery-1\" title=\"\"><br \/>\n\t\t\t\t\t\t\t<img decoding=\"async\" width=\"360\" height=\"270\" src=\"https:\/\/autorai.nl\/wp-content\/uploads\/2023\/06\/AutoRAI-Gespot-Volvo-66-1-360x270.jpg\" class=\"attachment-small size-small\" alt=\"\" loading=\"lazy\"><i class=\"fa fa-search-plus\" aria-hidden=\"true\"><\/i><br \/>\n\t\t\t\t\t\t<\/span><br \/>\n\t\t\t\t\t<\/figure>\n<figure>\n\t\t\t\t\t<span style=\"cursor: pointer\" data-src=\"https:\/\/autorai.nl\/wp-content\/uploads\/2023\/06\/AutoRAI-Gespot-Volvo-66-5-1600x1200.jpg\" data-fancybox=\"galery-1\" title=\"\"><br \/>\n\t\t\t\t\t\t\t<img decoding=\"async\" width=\"360\" height=\"270\" src=\"https:\/\/autorai.nl\/wp-content\/uploads\/2023\/06\/AutoRAI-Gespot-Volvo-66-5-360x270.jpg\" class=\"attachment-small size-small\" alt=\"\" loading=\"lazy\"><i class=\"fa fa-search-plus\" aria-hidden=\"true\"><\/i><br \/>\n\t\t\t\t\t\t<\/span><br \/>\n\t\t\t\t\t<\/figure>\n<div class=\"clear\"><\/div>\n<\/div>\n","protected":false},"excerpt":{"rendered":"Anfang des Jahres haben wir mit Hilfe eines sch\u00f6nen Doppelspots auch einen Blick auf die Autoindustrie geworfen, die die Niederlande&hellip;","protected":false},"author":0,"featured_media":136705,"comment_status":"","ping_status":"open","sticky":false,"template":"","format":"standard","meta":{"footnotes":""},"categories":[125,174],"tags":[],"class_list":["post-136710","post","type-post","status-publish","format-standard","has-post-thumbnail","hentry","category-auto-nachrichten","category-spas"],"acf":[],"yoast_head":"<!-- This site is optimized with the Yoast SEO plugin v21.2 - https:\/\/yoast.com\/wordpress\/plugins\/seo\/ -->\n<title>Gesichtet: ein 1978er Volvo 66 DL - All cars news<\/title>\n<meta name=\"robots\" content=\"index, follow, max-snippet:-1, max-image-preview:large, max-video-preview:-1\" \/>\n<link rel=\"canonical\" href=\"https:\/\/all-car-news.com\/de\/gesichtet-ein-1978er-volvo-66-dl\/\" \/>\n<meta property=\"og:locale\" content=\"de_DE\" \/>\n<meta property=\"og:type\" content=\"article\" \/>\n<meta property=\"og:title\" content=\"Gesichtet: ein 1978er Volvo 66 DL - All cars news\" \/>\n<meta property=\"og:description\" content=\"Anfang des Jahres haben wir mit Hilfe eines sch\u00f6nen Doppelspots auch einen Blick auf die Autoindustrie geworfen, die die Niederlande einst hatten. Damals sprachen wir haupts\u00e4chlich \u00fcber die Volvo 300er Serie, die als DAF entwickelt wurde, aber schlie\u00dflich nur noch mit Volvo-Logos auf den Markt kam. Dieses Mal in Spotted schauen wir uns [...]\" \/>\n<meta property=\"og:url\" content=\"https:\/\/all-car-news.com\/de\/gesichtet-ein-1978er-volvo-66-dl\/\" \/>\n<meta property=\"og:site_name\" content=\"All cars news\" \/>\n<meta property=\"article:published_time\" content=\"2023-06-23T15:31:00+00:00\" \/>\n<meta property=\"og:image\" content=\"https:\/\/autorai.nl\/wp-content\/uploads\/2023\/06\/AutoRAI-Gespot-Volvo-66-2-1140x641.jpg\" \/>\n<meta name=\"twitter:card\" content=\"summary_large_image\" \/>\n<meta name=\"twitter:label1\" content=\"Gesch\u00e4tzte Lesezeit\" \/>\n\t<meta name=\"twitter:data1\" content=\"2\u00a0Minuten\" \/>\n<script type=\"application\/ld+json\" class=\"yoast-schema-graph\">{\"@context\":\"https:\/\/schema.org\",\"@graph\":[{\"@type\":\"Article\",\"@id\":\"https:\/\/all-car-news.com\/de\/gesichtet-ein-1978er-volvo-66-dl\/#article\",\"isPartOf\":{\"@id\":\"https:\/\/all-car-news.com\/de\/gesichtet-ein-1978er-volvo-66-dl\/\"},\"author\":{\"name\":\"\",\"@id\":\"\"},\"headline\":\"Gesichtet: ein 1978er Volvo 66 DL\",\"datePublished\":\"2023-06-23T15:31:00+00:00\",\"dateModified\":\"2023-06-23T15:31:00+00:00\",\"mainEntityOfPage\":{\"@id\":\"https:\/\/all-car-news.com\/de\/gesichtet-ein-1978er-volvo-66-dl\/\"},\"wordCount\":414,\"publisher\":{\"@id\":\"https:\/\/all-car-news.com\/de\/#organization\"},\"articleSection\":[\"Auto Nachrichten\",\"Spa\u00df\"],\"inLanguage\":\"de\"},{\"@type\":\"WebPage\",\"@id\":\"https:\/\/all-car-news.com\/de\/gesichtet-ein-1978er-volvo-66-dl\/\",\"url\":\"https:\/\/all-car-news.com\/de\/gesichtet-ein-1978er-volvo-66-dl\/\",\"name\":\"Gesichtet: ein 1978er Volvo 66 DL - All cars news\",\"isPartOf\":{\"@id\":\"https:\/\/all-car-news.com\/de\/#website\"},\"datePublished\":\"2023-06-23T15:31:00+00:00\",\"dateModified\":\"2023-06-23T15:31:00+00:00\",\"breadcrumb\":{\"@id\":\"https:\/\/all-car-news.com\/de\/gesichtet-ein-1978er-volvo-66-dl\/#breadcrumb\"},\"inLanguage\":\"de\",\"potentialAction\":[{\"@type\":\"ReadAction\",\"target\":[\"https:\/\/all-car-news.com\/de\/gesichtet-ein-1978er-volvo-66-dl\/\"]}]},{\"@type\":\"BreadcrumbList\",\"@id\":\"https:\/\/all-car-news.com\/de\/gesichtet-ein-1978er-volvo-66-dl\/#breadcrumb\",\"itemListElement\":[{\"@type\":\"ListItem\",\"position\":1,\"name\":\"Home\",\"item\":\"https:\/\/all-car-news.com\/de\/\"},{\"@type\":\"ListItem\",\"position\":2,\"name\":\"Gesichtet: ein 1978er Volvo 66 DL\"}]},{\"@type\":\"WebSite\",\"@id\":\"https:\/\/all-car-news.com\/de\/#website\",\"url\":\"https:\/\/all-car-news.com\/de\/\",\"name\":\"All cars news\",\"description\":\"\",\"publisher\":{\"@id\":\"https:\/\/all-car-news.com\/de\/#organization\"},\"potentialAction\":[{\"@type\":\"SearchAction\",\"target\":{\"@type\":\"EntryPoint\",\"urlTemplate\":\"https:\/\/all-car-news.com\/de\/?s={search_term_string}\"},\"query-input\":\"required name=search_term_string\"}],\"inLanguage\":\"de\"},{\"@type\":\"Organization\",\"@id\":\"https:\/\/all-car-news.com\/de\/#organization\",\"name\":\"All cars news\",\"url\":\"https:\/\/all-car-news.com\/de\/\",\"logo\":{\"@type\":\"ImageObject\",\"inLanguage\":\"de\",\"@id\":\"https:\/\/all-car-news.com\/de\/#\/schema\/logo\/image\/\",\"url\":\"https:\/\/all-car-news.com\/wp-content\/uploads\/2022\/02\/CMYK-AllCarNews_LANDSCAPE_300px-1.png\",\"contentUrl\":\"https:\/\/all-car-news.com\/wp-content\/uploads\/2022\/02\/CMYK-AllCarNews_LANDSCAPE_300px-1.png\",\"width\":300,\"height\":100,\"caption\":\"All cars news\"},\"image\":{\"@id\":\"https:\/\/all-car-news.com\/de\/#\/schema\/logo\/image\/\"}}]}<\/script>\n<!-- \/ Yoast SEO plugin. -->","yoast_head_json":{"title":"Gesichtet: ein 1978er Volvo 66 DL - All cars news","robots":{"index":"index","follow":"follow","max-snippet":"max-snippet:-1","max-image-preview":"max-image-preview:large","max-video-preview":"max-video-preview:-1"},"canonical":"https:\/\/all-car-news.com\/de\/gesichtet-ein-1978er-volvo-66-dl\/","og_locale":"de_DE","og_type":"article","og_title":"Gesichtet: ein 1978er Volvo 66 DL - All cars news","og_description":"Anfang des Jahres haben wir mit Hilfe eines sch\u00f6nen Doppelspots auch einen Blick auf die Autoindustrie geworfen, die die Niederlande einst hatten. Damals sprachen wir haupts\u00e4chlich \u00fcber die Volvo 300er Serie, die als DAF entwickelt wurde, aber schlie\u00dflich nur noch mit Volvo-Logos auf den Markt kam. Dieses Mal in Spotted schauen wir uns [...]","og_url":"https:\/\/all-car-news.com\/de\/gesichtet-ein-1978er-volvo-66-dl\/","og_site_name":"All cars news","article_published_time":"2023-06-23T15:31:00+00:00","og_image":[{"url":"https:\/\/autorai.nl\/wp-content\/uploads\/2023\/06\/AutoRAI-Gespot-Volvo-66-2-1140x641.jpg"}],"twitter_card":"summary_large_image","twitter_misc":{"Gesch\u00e4tzte Lesezeit":"2\u00a0Minuten"},"schema":{"@context":"https:\/\/schema.org","@graph":[{"@type":"Article","@id":"https:\/\/all-car-news.com\/de\/gesichtet-ein-1978er-volvo-66-dl\/#article","isPartOf":{"@id":"https:\/\/all-car-news.com\/de\/gesichtet-ein-1978er-volvo-66-dl\/"},"author":{"name":"","@id":""},"headline":"Gesichtet: ein 1978er Volvo 66 DL","datePublished":"2023-06-23T15:31:00+00:00","dateModified":"2023-06-23T15:31:00+00:00","mainEntityOfPage":{"@id":"https:\/\/all-car-news.com\/de\/gesichtet-ein-1978er-volvo-66-dl\/"},"wordCount":414,"publisher":{"@id":"https:\/\/all-car-news.com\/de\/#organization"},"articleSection":["Auto Nachrichten","Spa\u00df"],"inLanguage":"de"},{"@type":"WebPage","@id":"https:\/\/all-car-news.com\/de\/gesichtet-ein-1978er-volvo-66-dl\/","url":"https:\/\/all-car-news.com\/de\/gesichtet-ein-1978er-volvo-66-dl\/","name":"Gesichtet: ein 1978er Volvo 66 DL - All cars news","isPartOf":{"@id":"https:\/\/all-car-news.com\/de\/#website"},"datePublished":"2023-06-23T15:31:00+00:00","dateModified":"2023-06-23T15:31:00+00:00","breadcrumb":{"@id":"https:\/\/all-car-news.com\/de\/gesichtet-ein-1978er-volvo-66-dl\/#breadcrumb"},"inLanguage":"de","potentialAction":[{"@type":"ReadAction","target":["https:\/\/all-car-news.com\/de\/gesichtet-ein-1978er-volvo-66-dl\/"]}]},{"@type":"BreadcrumbList","@id":"https:\/\/all-car-news.com\/de\/gesichtet-ein-1978er-volvo-66-dl\/#breadcrumb","itemListElement":[{"@type":"ListItem","position":1,"name":"Home","item":"https:\/\/all-car-news.com\/de\/"},{"@type":"ListItem","position":2,"name":"Gesichtet: ein 1978er Volvo 66 DL"}]},{"@type":"WebSite","@id":"https:\/\/all-car-news.com\/de\/#website","url":"https:\/\/all-car-news.com\/de\/","name":"All cars news","description":"","publisher":{"@id":"https:\/\/all-car-news.com\/de\/#organization"},"potentialAction":[{"@type":"SearchAction","target":{"@type":"EntryPoint","urlTemplate":"https:\/\/all-car-news.com\/de\/?s={search_term_string}"},"query-input":"required name=search_term_string"}],"inLanguage":"de"},{"@type":"Organization","@id":"https:\/\/all-car-news.com\/de\/#organization","name":"All cars news","url":"https:\/\/all-car-news.com\/de\/","logo":{"@type":"ImageObject","inLanguage":"de","@id":"https:\/\/all-car-news.com\/de\/#\/schema\/logo\/image\/","url":"https:\/\/all-car-news.com\/wp-content\/uploads\/2022\/02\/CMYK-AllCarNews_LANDSCAPE_300px-1.png","contentUrl":"https:\/\/all-car-news.com\/wp-content\/uploads\/2022\/02\/CMYK-AllCarNews_LANDSCAPE_300px-1.png","width":300,"height":100,"caption":"All cars news"},"image":{"@id":"https:\/\/all-car-news.com\/de\/#\/schema\/logo\/image\/"}}]}},"_links":{"self":[{"href":"https:\/\/all-car-news.com\/de\/wp-json\/wp\/v2\/posts\/136710","targetHints":{"allow":["GET"]}}],"collection":[{"href":"https:\/\/all-car-news.com\/de\/wp-json\/wp\/v2\/posts"}],"about":[{"href":"https:\/\/all-car-news.com\/de\/wp-json\/wp\/v2\/types\/post"}],"replies":[{"embeddable":true,"href":"https:\/\/all-car-news.com\/de\/wp-json\/wp\/v2\/comments?post=136710"}],"version-history":[{"count":0,"href":"https:\/\/all-car-news.com\/de\/wp-json\/wp\/v2\/posts\/136710\/revisions"}],"wp:featuredmedia":[{"embeddable":true,"href":"https:\/\/all-car-news.com\/de\/wp-json\/wp\/v2\/media\/136705"}],"wp:attachment":[{"href":"https:\/\/all-car-news.com\/de\/wp-json\/wp\/v2\/media?parent=136710"}],"wp:term":[{"taxonomy":"category","embeddable":true,"href":"https:\/\/all-car-news.com\/de\/wp-json\/wp\/v2\/categories?post=136710"},{"taxonomy":"post_tag","embeddable":true,"href":"https:\/\/all-car-news.com\/de\/wp-json\/wp\/v2\/tags?post=136710"}],"curies":[{"name":"wp","href":"https:\/\/api.w.org\/{rel}","templated":true}]}}