{"id":136496,"date":"2023-06-13T08:11:42","date_gmt":"2023-06-13T08:11:42","guid":{"rendered":"https:\/\/all-car-news.com\/ford-mustang-gt3-kommt-2024-in-der-fia-gt3-kategorie-zum-einsatz\/"},"modified":"2023-06-13T08:11:42","modified_gmt":"2023-06-13T08:11:42","slug":"ford-mustang-gt3-kommt-2024-in-der-fia-gt3-kategorie-zum-einsatz","status":"publish","type":"post","link":"https:\/\/all-car-news.com\/de\/ford-mustang-gt3-kommt-2024-in-der-fia-gt3-kategorie-zum-einsatz\/","title":{"rendered":"Ford Mustang GT3 kommt 2024 in der FIA-GT3-Kategorie zum Einsatz"},"content":{"rendered":"<h2>FIA GT3-Kategorie<\/h2>\n<p>Ford steigt mit dem neuen Mustang GT3 offiziell in die globale FIA-GT3-Kategorie ein, in der die Marke unter anderem bei den 24 Stunden von Le Mans antreten will. Der letzte Sieg von Ford bei den 24 Stunden von Le Mans war 2016 mit dem Ford GT.<\/p>\n<p>&#8222;Wir sind stolz darauf, mit dem neuen Mustang GT3 auf Dark Horse-Basis an den Start zu gehen&#8220;, sagte Jim Farley, CEO der Ford Motor Company. &#8222;Wir freuen uns, dieses langj\u00e4hrige Projekt nun mit der Mustang-Community, der Rennsportgemeinde und all unseren Partnern, die zu seiner Verwirklichung beigetragen haben, zu teilen. Ford und Le Mans sind durch die Geschichte verbunden. Jetzt kehren wir zum wichtigsten Rennen der Welt zur\u00fcck. Es markiert f\u00fcr uns den Beginn des Aufbaus eines globalen Motorsportgesch\u00e4fts mit dem Mustang, so wie wir es mit dem Bronco und dem Raptor Offroad tun.&#8220;<\/p>\n<figure class=\"wp-block-image size-content\"><img decoding=\"async\" loading=\"lazy\" width=\"1140\" height=\"760\" src=\"https:\/\/autorai.nl\/wp-content\/uploads\/2023\/06\/ford-mustang-gt3-2024-foto20-1140x760.jpg\" alt=\"Ford Mustang GT3 2024\" class=\"wp-image-160914\"><\/figure>\n<h2>Neues Branding, neues Logo<\/h2>\n<p>Ford Performance nutzt die Einf\u00fchrung des Mustang GT3 auch, um ein neues Branding f\u00fcr die Motorsportmarke einzuf\u00fchren. Das Design des GT3 findet sich nun auf allen Rennwagen aus dem Hause Ford wieder.<\/p>\n<p>Mit dieser neuen, ausdrucksstarken Markenidentit\u00e4t will sich Ford Performance als unverwechselbare Lifestyle-Marke mit sportlichem Anspruch positionieren. Das neue Branding von Ford Performance wird unter anderem bei der Lackierung der Rennwagen, beim Merchandising, der Bekleidung, den Displays, den Teilen\/Zubeh\u00f6rteilen und der Kommunikation eingesetzt.<\/p>\n<h2>Laufende Beziehungen zu zwei langfristigen Partnern<\/h2>\n<p>Ford Performance hat f\u00fcr dieses Projekt die Zusammenarbeit mit seinen beiden bew\u00e4hrten Partnern Multimatic und M-Sport erneuert. Multimatic, der Spezialist f\u00fcr den Bau des kultigen Ford GT, war auch am Ford GT-Rennprogramm beteiligt und wird beim Bau und der Wartung des Mustang GT3 helfen. M-Sport, der langj\u00e4hrige Partner von Ford Performance in der Rallye-Weltmeisterschaft, konzentriert sich auf die Montage des speziellen 5,4-Liter-Motors auf Coyote-V8-Basis, der dieses leistungsstarke neue Pony antreiben wird.<\/p>\n<figure class=\"wp-block-image size-content\"><img decoding=\"async\" loading=\"lazy\" width=\"1140\" height=\"760\" src=\"https:\/\/autorai.nl\/wp-content\/uploads\/2023\/06\/ford-mustang-gt3-2024-foto16-1140x760.jpg\" alt=\"Ford Mustang GT3 2024\" class=\"wp-image-160910\"><\/figure>\n<h2>Kundenspezifische Federung<\/h2>\n<p>Der Mustang GT3 verf\u00fcgt \u00fcber eine modellspezifische Aufh\u00e4ngung mit kurzen und langen Querlenkern, ein hinten montiertes Transaxle-Getriebe, Karbonfaser-Karosserieteile und eine einzigartige, aerodynamische Karosserie, die den GT3-Anforderungen entspricht.<\/p>\n<h2>Proton Competition erstes WEC-Kundenteam mit Mustang GT3<\/h2>\n<p>Bevor Ford 2024 nach Le Mans zur\u00fcckkehrt, werden mehrere Kundenteams mit dem neuen Rennwagen in verschiedenen GT3-Serien rund um die Welt antreten. Das erste heute angek\u00fcndigte Kundenteam ist Proton Competition. Proton mit Sitz in Ehingen, Deutschland, plant, ab 2024 mehrere Exemplare des Mustang GT3 in der FIA World Endurance Championship einzusetzen.<\/p>\n<p>&#8222;Dies ist ein sehr wichtiges Programm und ein aufregender Moment f\u00fcr unsere Organisation&#8220;, sagte Christian Ried, Teamchef von Proton Competition. &#8222;Der Mustang ist eine gro\u00dfe Ikone und dies ist ein wichtiger Schritt f\u00fcr unser Team. Wir freuen uns darauf, den Mustang GT3 ab 2024 zu fahren.&#8220;<\/p>\n<p>Ford Performance wird auch ein Werksrennprogramm mit zwei Mustangs GT3 in der IMSA GTD Pro-Klasse durchf\u00fchren. Dieses Programm wird von Multimatic Motorsports durchgef\u00fchrt, und das erste Rennen, an dem der GT3 im Jahr 2024 teilnehmen wird, ist das Rolex 24 in Daytona.<\/p>\n<div class=\"galery shuffle galery-0\">\n<figure>\n\t\t\t\t\t<span style=\"cursor: pointer\" data-src=\"https:\/\/autorai.nl\/wp-content\/uploads\/2023\/06\/ford-mustang-gt3-2024-foto25-1600x1067.jpg\" data-fancybox=\"galery-0\" title=\"Ford Mustang GT3 Le Mans, Frankreich 6. Juni 2023 Foto: Drew Gibson\"><br \/>\n\t\t\t\t\t\t\t<img decoding=\"async\" width=\"640\" height=\"480\" src=\"https:\/\/autorai.nl\/wp-content\/uploads\/2023\/06\/ford-mustang-gt3-2024-foto25-640x480.jpg\" class=\"attachment-medium size-medium\" alt=\"\" loading=\"lazy\"><i class=\"fa fa-search-plus\" aria-hidden=\"true\"><\/i><br \/>\n\t\t\t\t\t\t<\/span><br \/>\n\t\t\t\t\t<\/figure>\n<figure>\n\t\t\t\t\t<span style=\"cursor: pointer\" data-src=\"https:\/\/autorai.nl\/wp-content\/uploads\/2023\/06\/ford-mustang-gt3-2024-foto24-1600x1067.jpg\" data-fancybox=\"galery-0\" title=\"Ford Mustang GT3 Le Mans, Frankreich 6. Juni 2023 Foto: Drew Gibson\"><br \/>\n\t\t\t\t\t\t\t<img decoding=\"async\" width=\"360\" height=\"270\" src=\"https:\/\/autorai.nl\/wp-content\/uploads\/2023\/06\/ford-mustang-gt3-2024-foto24-360x270.jpg\" class=\"attachment-small size-small\" alt=\"\" loading=\"lazy\"><i class=\"fa fa-search-plus\" aria-hidden=\"true\"><\/i><br \/>\n\t\t\t\t\t\t<\/span><br \/>\n\t\t\t\t\t<\/figure>\n<figure>\n\t\t\t\t\t<span style=\"cursor: pointer\" data-src=\"https:\/\/autorai.nl\/wp-content\/uploads\/2023\/06\/ford-mustang-gt3-2024-foto23-1600x1067.jpg\" data-fancybox=\"galery-0\" title=\"Ford Mustang GT3 Le Mans, Frankreich 6. Juni 2023 Foto: Drew Gibson\"><br \/>\n\t\t\t\t\t\t\t<img decoding=\"async\" width=\"360\" height=\"270\" src=\"https:\/\/autorai.nl\/wp-content\/uploads\/2023\/06\/ford-mustang-gt3-2024-foto23-360x270.jpg\" class=\"attachment-small size-small\" alt=\"\" loading=\"lazy\"><i class=\"fa fa-search-plus\" aria-hidden=\"true\"><\/i><br \/>\n\t\t\t\t\t\t<\/span><br \/>\n\t\t\t\t\t<\/figure>\n<figure>\n\t\t\t\t\t<span style=\"cursor: pointer\" data-src=\"https:\/\/autorai.nl\/wp-content\/uploads\/2023\/06\/ford-mustang-gt3-2024-foto22-1600x1067.jpg\" data-fancybox=\"galery-0\" title=\"\"><br \/>\n\t\t\t\t\t\t\t<img decoding=\"async\" width=\"640\" height=\"480\" src=\"https:\/\/autorai.nl\/wp-content\/uploads\/2023\/06\/ford-mustang-gt3-2024-foto22-640x480.jpg\" class=\"attachment-medium size-medium\" alt=\"\" loading=\"lazy\"><i class=\"fa fa-search-plus\" aria-hidden=\"true\"><\/i><br \/>\n\t\t\t\t\t\t<\/span><br \/>\n\t\t\t\t\t<\/figure>\n<figure>\n\t\t\t\t\t<span style=\"cursor: pointer\" data-src=\"https:\/\/autorai.nl\/wp-content\/uploads\/2023\/06\/ford-mustang-gt3-2024-foto21-1600x1067.jpg\" data-fancybox=\"galery-0\" title=\"\"><br \/>\n\t\t\t\t\t\t\t<img decoding=\"async\" width=\"360\" height=\"270\" src=\"https:\/\/autorai.nl\/wp-content\/uploads\/2023\/06\/ford-mustang-gt3-2024-foto21-360x270.jpg\" class=\"attachment-small size-small\" alt=\"\" loading=\"lazy\"><i class=\"fa fa-search-plus\" aria-hidden=\"true\"><\/i><br \/>\n\t\t\t\t\t\t<\/span><br \/>\n\t\t\t\t\t<\/figure>\n<figure>\n\t\t\t\t\t<span style=\"cursor: pointer\" data-src=\"https:\/\/autorai.nl\/wp-content\/uploads\/2023\/06\/ford-mustang-gt3-2024-foto20-1600x1067.jpg\" data-fancybox=\"galery-0\" title=\"\"><br \/>\n\t\t\t\t\t\t\t<img decoding=\"async\" width=\"360\" height=\"270\" src=\"https:\/\/autorai.nl\/wp-content\/uploads\/2023\/06\/ford-mustang-gt3-2024-foto20-360x270.jpg\" class=\"attachment-small size-small\" alt=\"Ford Mustang GT3 2024\" loading=\"lazy\"><i class=\"fa fa-search-plus\" aria-hidden=\"true\"><\/i><br \/>\n\t\t\t\t\t\t<\/span><br \/>\n\t\t\t\t\t<\/figure>\n<figure>\n\t\t\t\t\t<span style=\"cursor: pointer\" data-src=\"https:\/\/autorai.nl\/wp-content\/uploads\/2023\/06\/ford-mustang-gt3-2024-foto19-1600x1067.jpg\" data-fancybox=\"galery-0\" title=\"\"><br \/>\n\t\t\t\t\t\t\t<img decoding=\"async\" width=\"640\" height=\"480\" src=\"https:\/\/autorai.nl\/wp-content\/uploads\/2023\/06\/ford-mustang-gt3-2024-foto19-640x480.jpg\" class=\"attachment-medium size-medium\" alt=\"\" loading=\"lazy\"><i class=\"fa fa-search-plus\" aria-hidden=\"true\"><\/i><br \/>\n\t\t\t\t\t\t<\/span><br \/>\n\t\t\t\t\t<\/figure>\n<figure>\n\t\t\t\t\t<span style=\"cursor: pointer\" data-src=\"https:\/\/autorai.nl\/wp-content\/uploads\/2023\/06\/ford-mustang-gt3-2024-foto18-1600x1067.jpg\" data-fancybox=\"galery-0\" title=\"\"><br \/>\n\t\t\t\t\t\t\t<img decoding=\"async\" width=\"360\" height=\"270\" src=\"https:\/\/autorai.nl\/wp-content\/uploads\/2023\/06\/ford-mustang-gt3-2024-foto18-360x270.jpg\" class=\"attachment-small size-small\" alt=\"\" loading=\"lazy\"><i class=\"fa fa-search-plus\" aria-hidden=\"true\"><\/i><br \/>\n\t\t\t\t\t\t<\/span><br \/>\n\t\t\t\t\t<\/figure>\n<figure>\n\t\t\t\t\t<span style=\"cursor: pointer\" data-src=\"https:\/\/autorai.nl\/wp-content\/uploads\/2023\/06\/ford-mustang-gt3-2024-foto17-1600x1067.jpg\" data-fancybox=\"galery-0\" title=\"\"><br \/>\n\t\t\t\t\t\t\t<img decoding=\"async\" width=\"360\" height=\"270\" src=\"https:\/\/autorai.nl\/wp-content\/uploads\/2023\/06\/ford-mustang-gt3-2024-foto17-360x270.jpg\" class=\"attachment-small size-small\" alt=\"\" loading=\"lazy\"><i class=\"fa fa-search-plus\" aria-hidden=\"true\"><\/i><br \/>\n\t\t\t\t\t\t<\/span><br \/>\n\t\t\t\t\t<\/figure>\n<figure>\n\t\t\t\t\t<span style=\"cursor: pointer\" data-src=\"https:\/\/autorai.nl\/wp-content\/uploads\/2023\/06\/ford-mustang-gt3-2024-foto16-1600x1067.jpg\" data-fancybox=\"galery-0\" title=\"\"><br \/>\n\t\t\t\t\t\t\t<img decoding=\"async\" width=\"640\" height=\"480\" src=\"https:\/\/autorai.nl\/wp-content\/uploads\/2023\/06\/ford-mustang-gt3-2024-foto16-640x480.jpg\" class=\"attachment-medium size-medium\" alt=\"Ford Mustang GT3 2024\" loading=\"lazy\"><i class=\"fa fa-search-plus\" aria-hidden=\"true\"><\/i><br \/>\n\t\t\t\t\t\t<\/span><br \/>\n\t\t\t\t\t<\/figure>\n<figure>\n\t\t\t\t\t<span style=\"cursor: pointer\" data-src=\"https:\/\/autorai.nl\/wp-content\/uploads\/2023\/06\/ford-mustang-gt3-2024-foto15-1600x1067.jpg\" data-fancybox=\"galery-0\" title=\"\"><br \/>\n\t\t\t\t\t\t\t<img decoding=\"async\" width=\"360\" height=\"270\" src=\"https:\/\/autorai.nl\/wp-content\/uploads\/2023\/06\/ford-mustang-gt3-2024-foto15-360x270.jpg\" class=\"attachment-small size-small\" alt=\"\" loading=\"lazy\"><i class=\"fa fa-search-plus\" aria-hidden=\"true\"><\/i><br \/>\n\t\t\t\t\t\t<\/span><br \/>\n\t\t\t\t\t<\/figure>\n<figure>\n\t\t\t\t\t<span style=\"cursor: pointer\" data-src=\"https:\/\/autorai.nl\/wp-content\/uploads\/2023\/06\/ford-mustang-gt3-2024-foto14-1600x1067.jpg\" data-fancybox=\"galery-0\" title=\"\"><br \/>\n\t\t\t\t\t\t\t<img decoding=\"async\" width=\"360\" height=\"270\" src=\"https:\/\/autorai.nl\/wp-content\/uploads\/2023\/06\/ford-mustang-gt3-2024-foto14-360x270.jpg\" class=\"attachment-small size-small\" alt=\"\" loading=\"lazy\"><i class=\"fa fa-search-plus\" aria-hidden=\"true\"><\/i><br \/>\n\t\t\t\t\t\t<\/span><br \/>\n\t\t\t\t\t<\/figure>\n<figure>\n\t\t\t\t\t<span style=\"cursor: pointer\" data-src=\"https:\/\/autorai.nl\/wp-content\/uploads\/2023\/06\/ford-mustang-gt3-2024-foto13-1600x1067.jpg\" data-fancybox=\"galery-0\" title=\"\"><br \/>\n\t\t\t\t\t\t\t<img decoding=\"async\" width=\"640\" height=\"480\" src=\"https:\/\/autorai.nl\/wp-content\/uploads\/2023\/06\/ford-mustang-gt3-2024-foto13-640x480.jpg\" class=\"attachment-medium size-medium\" alt=\"\" loading=\"lazy\"><i class=\"fa fa-search-plus\" aria-hidden=\"true\"><\/i><br \/>\n\t\t\t\t\t\t<\/span><br \/>\n\t\t\t\t\t<\/figure>\n<figure>\n\t\t\t\t\t<span style=\"cursor: pointer\" data-src=\"https:\/\/autorai.nl\/wp-content\/uploads\/2023\/06\/ford-mustang-gt3-2024-foto12-1600x1067.jpg\" data-fancybox=\"galery-0\" title=\"\"><br \/>\n\t\t\t\t\t\t\t<img decoding=\"async\" width=\"360\" height=\"270\" src=\"https:\/\/autorai.nl\/wp-content\/uploads\/2023\/06\/ford-mustang-gt3-2024-foto12-360x270.jpg\" class=\"attachment-small size-small\" alt=\"\" loading=\"lazy\"><i class=\"fa fa-search-plus\" aria-hidden=\"true\"><\/i><br \/>\n\t\t\t\t\t\t<\/span><br \/>\n\t\t\t\t\t<\/figure>\n<figure>\n\t\t\t\t\t<span style=\"cursor: pointer\" data-src=\"https:\/\/autorai.nl\/wp-content\/uploads\/2023\/06\/ford-mustang-gt3-2024-foto10-1600x1067.jpg\" data-fancybox=\"galery-0\" title=\"\"><br \/>\n\t\t\t\t\t\t\t<img decoding=\"async\" width=\"360\" height=\"270\" src=\"https:\/\/autorai.nl\/wp-content\/uploads\/2023\/06\/ford-mustang-gt3-2024-foto10-360x270.jpg\" class=\"attachment-small size-small\" alt=\"\" loading=\"lazy\"><i class=\"fa fa-search-plus\" aria-hidden=\"true\"><\/i><br \/>\n\t\t\t\t\t\t<\/span><br \/>\n\t\t\t\t\t<\/figure>\n<figure>\n\t\t\t\t\t<span style=\"cursor: pointer\" data-src=\"https:\/\/autorai.nl\/wp-content\/uploads\/2023\/06\/ford-mustang-gt3-2024-foto9-1600x1067.jpg\" data-fancybox=\"galery-0\" title=\"\"><br \/>\n\t\t\t\t\t\t\t<img decoding=\"async\" width=\"640\" height=\"480\" src=\"https:\/\/autorai.nl\/wp-content\/uploads\/2023\/06\/ford-mustang-gt3-2024-foto9-640x480.jpg\" class=\"attachment-medium size-medium\" alt=\"\" loading=\"lazy\"><i class=\"fa fa-search-plus\" aria-hidden=\"true\"><\/i><br \/>\n\t\t\t\t\t\t<\/span><br \/>\n\t\t\t\t\t<\/figure>\n<figure>\n\t\t\t\t\t<span style=\"cursor: pointer\" data-src=\"https:\/\/autorai.nl\/wp-content\/uploads\/2023\/06\/ford-mustang-gt3-2024-foto8-1600x1067.jpg\" data-fancybox=\"galery-0\" title=\"Ford Mustang GT3 Le Mans, Frankreich 6. Juni 2023 Foto: Drew Gibson\"><br \/>\n\t\t\t\t\t\t\t<img decoding=\"async\" width=\"360\" height=\"270\" src=\"https:\/\/autorai.nl\/wp-content\/uploads\/2023\/06\/ford-mustang-gt3-2024-foto8-360x270.jpg\" class=\"attachment-small size-small\" alt=\"\" loading=\"lazy\"><i class=\"fa fa-search-plus\" aria-hidden=\"true\"><\/i><br \/>\n\t\t\t\t\t\t<\/span><br \/>\n\t\t\t\t\t<\/figure>\n<figure>\n\t\t\t\t\t<span style=\"cursor: pointer\" data-src=\"https:\/\/autorai.nl\/wp-content\/uploads\/2023\/06\/ford-mustang-gt3-2024-foto7-1600x1067.jpg\" data-fancybox=\"galery-0\" title=\"Ford Mustang GT3 Le Mans, Frankreich 6. Juni 2023 Foto: Drew Gibson\"><br \/>\n\t\t\t\t\t\t\t<img decoding=\"async\" width=\"360\" height=\"270\" src=\"https:\/\/autorai.nl\/wp-content\/uploads\/2023\/06\/ford-mustang-gt3-2024-foto7-360x270.jpg\" class=\"attachment-small size-small\" alt=\"\" loading=\"lazy\"><i class=\"fa fa-search-plus\" aria-hidden=\"true\"><\/i><br \/>\n\t\t\t\t\t\t<\/span><br \/>\n\t\t\t\t\t<\/figure>\n<figure>\n\t\t\t\t\t<span style=\"cursor: pointer\" data-src=\"https:\/\/autorai.nl\/wp-content\/uploads\/2023\/06\/ford-mustang-gt3-2024-foto6-1600x1067.jpg\" data-fancybox=\"galery-0\" title=\"Ford Mustang GT3 Le Mans, Frankreich 6. Juni 2023 Foto: Drew Gibson\"><br \/>\n\t\t\t\t\t\t\t<img decoding=\"async\" width=\"640\" height=\"480\" src=\"https:\/\/autorai.nl\/wp-content\/uploads\/2023\/06\/ford-mustang-gt3-2024-foto6-640x480.jpg\" class=\"attachment-medium size-medium\" alt=\"\" loading=\"lazy\"><i class=\"fa fa-search-plus\" aria-hidden=\"true\"><\/i><br \/>\n\t\t\t\t\t\t<\/span><br \/>\n\t\t\t\t\t<\/figure>\n<figure>\n\t\t\t\t\t<span style=\"cursor: pointer\" data-src=\"https:\/\/autorai.nl\/wp-content\/uploads\/2023\/06\/ford-mustang-gt3-2024-foto5-1600x1067.jpg\" data-fancybox=\"galery-0\" title=\"Ford Mustang GT3 Le Mans, Frankreich 6. Juni 2023 Foto: Drew Gibson\"><br \/>\n\t\t\t\t\t\t\t<img decoding=\"async\" width=\"360\" height=\"270\" src=\"https:\/\/autorai.nl\/wp-content\/uploads\/2023\/06\/ford-mustang-gt3-2024-foto5-360x270.jpg\" class=\"attachment-small size-small\" alt=\"\" loading=\"lazy\"><i class=\"fa fa-search-plus\" aria-hidden=\"true\"><\/i><br \/>\n\t\t\t\t\t\t<\/span><br \/>\n\t\t\t\t\t<\/figure>\n<figure>\n\t\t\t\t\t<span style=\"cursor: pointer\" data-src=\"https:\/\/autorai.nl\/wp-content\/uploads\/2023\/06\/ford-mustang-gt3-2024-foto4-1600x1067.jpg\" data-fancybox=\"galery-0\" title=\"Ford Mustang GT3 Le Mans, Frankreich 6. Juni 2023 Foto: Drew Gibson\"><br \/>\n\t\t\t\t\t\t\t<img decoding=\"async\" width=\"360\" height=\"270\" src=\"https:\/\/autorai.nl\/wp-content\/uploads\/2023\/06\/ford-mustang-gt3-2024-foto4-360x270.jpg\" class=\"attachment-small size-small\" alt=\"\" loading=\"lazy\"><i class=\"fa fa-search-plus\" aria-hidden=\"true\"><\/i><br \/>\n\t\t\t\t\t\t<\/span><br \/>\n\t\t\t\t\t<\/figure>\n<figure>\n\t\t\t\t\t<span style=\"cursor: pointer\" data-src=\"https:\/\/autorai.nl\/wp-content\/uploads\/2023\/06\/ford-mustang-gt3-2024-foto3-1600x1067.jpg\" data-fancybox=\"galery-0\" title=\"Ford Mustang GT3 Le Mans, Frankreich 6. Juni 2023 Foto: Drew Gibson\"><br \/>\n\t\t\t\t\t\t\t<img decoding=\"async\" width=\"640\" height=\"480\" src=\"https:\/\/autorai.nl\/wp-content\/uploads\/2023\/06\/ford-mustang-gt3-2024-foto3-640x480.jpg\" class=\"attachment-medium size-medium\" alt=\"\" loading=\"lazy\"><i class=\"fa fa-search-plus\" aria-hidden=\"true\"><\/i><br \/>\n\t\t\t\t\t\t<\/span><br \/>\n\t\t\t\t\t<\/figure>\n<figure>\n\t\t\t\t\t<span style=\"cursor: pointer\" data-src=\"https:\/\/autorai.nl\/wp-content\/uploads\/2023\/06\/ford-mustang-gt3-2024-foto2-1600x1067.jpg\" data-fancybox=\"galery-0\" title=\"\"><br \/>\n\t\t\t\t\t\t\t<img decoding=\"async\" width=\"360\" height=\"270\" src=\"https:\/\/autorai.nl\/wp-content\/uploads\/2023\/06\/ford-mustang-gt3-2024-foto2-360x270.jpg\" class=\"attachment-small size-small\" alt=\"\" loading=\"lazy\"><i class=\"fa fa-search-plus\" aria-hidden=\"true\"><\/i><br \/>\n\t\t\t\t\t\t<\/span><br \/>\n\t\t\t\t\t<\/figure>\n<figure>\n\t\t\t\t\t<span style=\"cursor: pointer\" data-src=\"https:\/\/autorai.nl\/wp-content\/uploads\/2023\/06\/ford-mustang-gt3-2024-foto1-1600x1067.jpg\" data-fancybox=\"galery-0\" title=\"\"><br \/>\n\t\t\t\t\t\t\t<img decoding=\"async\" width=\"360\" height=\"270\" src=\"https:\/\/autorai.nl\/wp-content\/uploads\/2023\/06\/ford-mustang-gt3-2024-foto1-360x270.jpg\" class=\"attachment-small size-small\" alt=\"\" loading=\"lazy\"><i class=\"fa fa-search-plus\" aria-hidden=\"true\"><\/i><br \/>\n\t\t\t\t\t\t<\/span><br \/>\n\t\t\t\t\t<\/figure>\n<div class=\"clear\"><\/div>\n<\/div>\n","protected":false},"excerpt":{"rendered":"FIA-GT3-Kategorie Ford steigt mit dem neuen Mustang GT3 offiziell in die weltweite FIA-GT3-Kategorie ein, in der die Marke unter anderem&hellip;","protected":false},"author":0,"featured_media":136468,"comment_status":"","ping_status":"open","sticky":false,"template":"","format":"standard","meta":{"footnotes":""},"categories":[125,128,132],"tags":[],"class_list":["post-136496","post","type-post","status-publish","format-standard","has-post-thumbnail","hentry","category-auto-nachrichten","category-hintergrund","category-motorsport-de"],"acf":[],"yoast_head":"<!-- This site is optimized with the Yoast SEO plugin v21.2 - https:\/\/yoast.com\/wordpress\/plugins\/seo\/ -->\n<title>Ford Mustang GT3 kommt 2024 in der FIA-GT3-Kategorie zum Einsatz - All cars news<\/title>\n<meta name=\"robots\" content=\"index, follow, max-snippet:-1, max-image-preview:large, max-video-preview:-1\" \/>\n<link rel=\"canonical\" href=\"https:\/\/all-car-news.com\/de\/ford-mustang-gt3-kommt-2024-in-der-fia-gt3-kategorie-zum-einsatz\/\" \/>\n<meta property=\"og:locale\" content=\"de_DE\" \/>\n<meta property=\"og:type\" content=\"article\" \/>\n<meta property=\"og:title\" content=\"Ford Mustang GT3 kommt 2024 in der FIA-GT3-Kategorie zum Einsatz - All cars news\" \/>\n<meta property=\"og:description\" content=\"FIA-GT3-Kategorie Ford steigt mit dem neuen Mustang GT3 offiziell in die weltweite FIA-GT3-Kategorie ein, in der die Marke unter anderem die Teilnahme an den 24 Stunden von Le Mans plant. Der letzte Sieg von Ford bei den 24 Stunden von Le Mans war 2016 mit dem Ford GT. &quot;Wir sind stolz auf die Zusammenarbeit mit [...]\" \/>\n<meta property=\"og:url\" content=\"https:\/\/all-car-news.com\/de\/ford-mustang-gt3-kommt-2024-in-der-fia-gt3-kategorie-zum-einsatz\/\" \/>\n<meta property=\"og:site_name\" content=\"All cars news\" \/>\n<meta property=\"article:published_time\" content=\"2023-06-13T08:11:42+00:00\" \/>\n<meta property=\"og:image\" content=\"https:\/\/autorai.nl\/wp-content\/uploads\/2023\/06\/ford-mustang-gt3-2024-foto20-1140x760.jpg\" \/>\n<meta name=\"twitter:card\" content=\"summary_large_image\" \/>\n<meta name=\"twitter:label1\" content=\"Gesch\u00e4tzte Lesezeit\" \/>\n\t<meta name=\"twitter:data1\" content=\"2\u00a0Minuten\" \/>\n<script type=\"application\/ld+json\" class=\"yoast-schema-graph\">{\"@context\":\"https:\/\/schema.org\",\"@graph\":[{\"@type\":\"Article\",\"@id\":\"https:\/\/all-car-news.com\/de\/ford-mustang-gt3-kommt-2024-in-der-fia-gt3-kategorie-zum-einsatz\/#article\",\"isPartOf\":{\"@id\":\"https:\/\/all-car-news.com\/de\/ford-mustang-gt3-kommt-2024-in-der-fia-gt3-kategorie-zum-einsatz\/\"},\"author\":{\"name\":\"\",\"@id\":\"\"},\"headline\":\"Ford Mustang GT3 kommt 2024 in der FIA-GT3-Kategorie zum Einsatz\",\"datePublished\":\"2023-06-13T08:11:42+00:00\",\"dateModified\":\"2023-06-13T08:11:42+00:00\",\"mainEntityOfPage\":{\"@id\":\"https:\/\/all-car-news.com\/de\/ford-mustang-gt3-kommt-2024-in-der-fia-gt3-kategorie-zum-einsatz\/\"},\"wordCount\":501,\"publisher\":{\"@id\":\"https:\/\/all-car-news.com\/de\/#organization\"},\"articleSection\":[\"Auto Nachrichten\",\"Hintergrund\",\"Motorsport\"],\"inLanguage\":\"de\"},{\"@type\":\"WebPage\",\"@id\":\"https:\/\/all-car-news.com\/de\/ford-mustang-gt3-kommt-2024-in-der-fia-gt3-kategorie-zum-einsatz\/\",\"url\":\"https:\/\/all-car-news.com\/de\/ford-mustang-gt3-kommt-2024-in-der-fia-gt3-kategorie-zum-einsatz\/\",\"name\":\"Ford Mustang GT3 kommt 2024 in der FIA-GT3-Kategorie zum Einsatz - All cars news\",\"isPartOf\":{\"@id\":\"https:\/\/all-car-news.com\/de\/#website\"},\"datePublished\":\"2023-06-13T08:11:42+00:00\",\"dateModified\":\"2023-06-13T08:11:42+00:00\",\"breadcrumb\":{\"@id\":\"https:\/\/all-car-news.com\/de\/ford-mustang-gt3-kommt-2024-in-der-fia-gt3-kategorie-zum-einsatz\/#breadcrumb\"},\"inLanguage\":\"de\",\"potentialAction\":[{\"@type\":\"ReadAction\",\"target\":[\"https:\/\/all-car-news.com\/de\/ford-mustang-gt3-kommt-2024-in-der-fia-gt3-kategorie-zum-einsatz\/\"]}]},{\"@type\":\"BreadcrumbList\",\"@id\":\"https:\/\/all-car-news.com\/de\/ford-mustang-gt3-kommt-2024-in-der-fia-gt3-kategorie-zum-einsatz\/#breadcrumb\",\"itemListElement\":[{\"@type\":\"ListItem\",\"position\":1,\"name\":\"Home\",\"item\":\"https:\/\/all-car-news.com\/de\/\"},{\"@type\":\"ListItem\",\"position\":2,\"name\":\"Ford Mustang GT3 kommt 2024 in der FIA-GT3-Kategorie zum Einsatz\"}]},{\"@type\":\"WebSite\",\"@id\":\"https:\/\/all-car-news.com\/de\/#website\",\"url\":\"https:\/\/all-car-news.com\/de\/\",\"name\":\"All cars news\",\"description\":\"\",\"publisher\":{\"@id\":\"https:\/\/all-car-news.com\/de\/#organization\"},\"potentialAction\":[{\"@type\":\"SearchAction\",\"target\":{\"@type\":\"EntryPoint\",\"urlTemplate\":\"https:\/\/all-car-news.com\/de\/?s={search_term_string}\"},\"query-input\":\"required name=search_term_string\"}],\"inLanguage\":\"de\"},{\"@type\":\"Organization\",\"@id\":\"https:\/\/all-car-news.com\/de\/#organization\",\"name\":\"All cars news\",\"url\":\"https:\/\/all-car-news.com\/de\/\",\"logo\":{\"@type\":\"ImageObject\",\"inLanguage\":\"de\",\"@id\":\"https:\/\/all-car-news.com\/de\/#\/schema\/logo\/image\/\",\"url\":\"https:\/\/all-car-news.com\/wp-content\/uploads\/2022\/02\/CMYK-AllCarNews_LANDSCAPE_300px-1.png\",\"contentUrl\":\"https:\/\/all-car-news.com\/wp-content\/uploads\/2022\/02\/CMYK-AllCarNews_LANDSCAPE_300px-1.png\",\"width\":300,\"height\":100,\"caption\":\"All cars news\"},\"image\":{\"@id\":\"https:\/\/all-car-news.com\/de\/#\/schema\/logo\/image\/\"}}]}<\/script>\n<!-- \/ Yoast SEO plugin. -->","yoast_head_json":{"title":"Ford Mustang GT3 kommt 2024 in der FIA-GT3-Kategorie zum Einsatz - All cars news","robots":{"index":"index","follow":"follow","max-snippet":"max-snippet:-1","max-image-preview":"max-image-preview:large","max-video-preview":"max-video-preview:-1"},"canonical":"https:\/\/all-car-news.com\/de\/ford-mustang-gt3-kommt-2024-in-der-fia-gt3-kategorie-zum-einsatz\/","og_locale":"de_DE","og_type":"article","og_title":"Ford Mustang GT3 kommt 2024 in der FIA-GT3-Kategorie zum Einsatz - All cars news","og_description":"FIA-GT3-Kategorie Ford steigt mit dem neuen Mustang GT3 offiziell in die weltweite FIA-GT3-Kategorie ein, in der die Marke unter anderem die Teilnahme an den 24 Stunden von Le Mans plant. Der letzte Sieg von Ford bei den 24 Stunden von Le Mans war 2016 mit dem Ford GT. \"Wir sind stolz auf die Zusammenarbeit mit [...]","og_url":"https:\/\/all-car-news.com\/de\/ford-mustang-gt3-kommt-2024-in-der-fia-gt3-kategorie-zum-einsatz\/","og_site_name":"All cars news","article_published_time":"2023-06-13T08:11:42+00:00","og_image":[{"url":"https:\/\/autorai.nl\/wp-content\/uploads\/2023\/06\/ford-mustang-gt3-2024-foto20-1140x760.jpg"}],"twitter_card":"summary_large_image","twitter_misc":{"Gesch\u00e4tzte Lesezeit":"2\u00a0Minuten"},"schema":{"@context":"https:\/\/schema.org","@graph":[{"@type":"Article","@id":"https:\/\/all-car-news.com\/de\/ford-mustang-gt3-kommt-2024-in-der-fia-gt3-kategorie-zum-einsatz\/#article","isPartOf":{"@id":"https:\/\/all-car-news.com\/de\/ford-mustang-gt3-kommt-2024-in-der-fia-gt3-kategorie-zum-einsatz\/"},"author":{"name":"","@id":""},"headline":"Ford Mustang GT3 kommt 2024 in der FIA-GT3-Kategorie zum Einsatz","datePublished":"2023-06-13T08:11:42+00:00","dateModified":"2023-06-13T08:11:42+00:00","mainEntityOfPage":{"@id":"https:\/\/all-car-news.com\/de\/ford-mustang-gt3-kommt-2024-in-der-fia-gt3-kategorie-zum-einsatz\/"},"wordCount":501,"publisher":{"@id":"https:\/\/all-car-news.com\/de\/#organization"},"articleSection":["Auto Nachrichten","Hintergrund","Motorsport"],"inLanguage":"de"},{"@type":"WebPage","@id":"https:\/\/all-car-news.com\/de\/ford-mustang-gt3-kommt-2024-in-der-fia-gt3-kategorie-zum-einsatz\/","url":"https:\/\/all-car-news.com\/de\/ford-mustang-gt3-kommt-2024-in-der-fia-gt3-kategorie-zum-einsatz\/","name":"Ford Mustang GT3 kommt 2024 in der FIA-GT3-Kategorie zum Einsatz - All cars news","isPartOf":{"@id":"https:\/\/all-car-news.com\/de\/#website"},"datePublished":"2023-06-13T08:11:42+00:00","dateModified":"2023-06-13T08:11:42+00:00","breadcrumb":{"@id":"https:\/\/all-car-news.com\/de\/ford-mustang-gt3-kommt-2024-in-der-fia-gt3-kategorie-zum-einsatz\/#breadcrumb"},"inLanguage":"de","potentialAction":[{"@type":"ReadAction","target":["https:\/\/all-car-news.com\/de\/ford-mustang-gt3-kommt-2024-in-der-fia-gt3-kategorie-zum-einsatz\/"]}]},{"@type":"BreadcrumbList","@id":"https:\/\/all-car-news.com\/de\/ford-mustang-gt3-kommt-2024-in-der-fia-gt3-kategorie-zum-einsatz\/#breadcrumb","itemListElement":[{"@type":"ListItem","position":1,"name":"Home","item":"https:\/\/all-car-news.com\/de\/"},{"@type":"ListItem","position":2,"name":"Ford Mustang GT3 kommt 2024 in der FIA-GT3-Kategorie zum Einsatz"}]},{"@type":"WebSite","@id":"https:\/\/all-car-news.com\/de\/#website","url":"https:\/\/all-car-news.com\/de\/","name":"All cars news","description":"","publisher":{"@id":"https:\/\/all-car-news.com\/de\/#organization"},"potentialAction":[{"@type":"SearchAction","target":{"@type":"EntryPoint","urlTemplate":"https:\/\/all-car-news.com\/de\/?s={search_term_string}"},"query-input":"required name=search_term_string"}],"inLanguage":"de"},{"@type":"Organization","@id":"https:\/\/all-car-news.com\/de\/#organization","name":"All cars news","url":"https:\/\/all-car-news.com\/de\/","logo":{"@type":"ImageObject","inLanguage":"de","@id":"https:\/\/all-car-news.com\/de\/#\/schema\/logo\/image\/","url":"https:\/\/all-car-news.com\/wp-content\/uploads\/2022\/02\/CMYK-AllCarNews_LANDSCAPE_300px-1.png","contentUrl":"https:\/\/all-car-news.com\/wp-content\/uploads\/2022\/02\/CMYK-AllCarNews_LANDSCAPE_300px-1.png","width":300,"height":100,"caption":"All cars news"},"image":{"@id":"https:\/\/all-car-news.com\/de\/#\/schema\/logo\/image\/"}}]}},"_links":{"self":[{"href":"https:\/\/all-car-news.com\/de\/wp-json\/wp\/v2\/posts\/136496","targetHints":{"allow":["GET"]}}],"collection":[{"href":"https:\/\/all-car-news.com\/de\/wp-json\/wp\/v2\/posts"}],"about":[{"href":"https:\/\/all-car-news.com\/de\/wp-json\/wp\/v2\/types\/post"}],"replies":[{"embeddable":true,"href":"https:\/\/all-car-news.com\/de\/wp-json\/wp\/v2\/comments?post=136496"}],"version-history":[{"count":0,"href":"https:\/\/all-car-news.com\/de\/wp-json\/wp\/v2\/posts\/136496\/revisions"}],"wp:featuredmedia":[{"embeddable":true,"href":"https:\/\/all-car-news.com\/de\/wp-json\/wp\/v2\/media\/136468"}],"wp:attachment":[{"href":"https:\/\/all-car-news.com\/de\/wp-json\/wp\/v2\/media?parent=136496"}],"wp:term":[{"taxonomy":"category","embeddable":true,"href":"https:\/\/all-car-news.com\/de\/wp-json\/wp\/v2\/categories?post=136496"},{"taxonomy":"post_tag","embeddable":true,"href":"https:\/\/all-car-news.com\/de\/wp-json\/wp\/v2\/tags?post=136496"}],"curies":[{"name":"wp","href":"https:\/\/api.w.org\/{rel}","templated":true}]}}