{"id":136378,"date":"2023-06-08T08:00:38","date_gmt":"2023-06-08T08:00:38","guid":{"rendered":"https:\/\/all-car-news.com\/vielleicht-faellt-ihnen-der-name-des-neuen-b-suv-ev-von-alfa-romeo-ein\/"},"modified":"2023-06-08T08:00:38","modified_gmt":"2023-06-08T08:00:38","slug":"vielleicht-faellt-ihnen-der-name-des-neuen-b-suv-ev-von-alfa-romeo-ein","status":"publish","type":"post","link":"https:\/\/all-car-news.com\/de\/vielleicht-faellt-ihnen-der-name-des-neuen-b-suv-ev-von-alfa-romeo-ein\/","title":{"rendered":"Vielleicht f\u00e4llt Ihnen der Name des neuen B-SUV EV von Alfa Romeo ein"},"content":{"rendered":"<h2>Alfa Romeo Kind<\/h2>\n<p>Das neue Modell von Alfa Romeo ist intern unter dem Projektnamen &#8218;Kid&#8216; bekannt. Das kompakte Sport Urban Vehicle wird als kleinstes Modell die aktuelle Modellpalette, bestehend aus Giulia (Limousine), Stelvio (SUV) und Tonale (kompakter SUV), erg\u00e4nzen. Kid&#8220; wird der erste Alfa Romeo mit vollelektrischem Antrieb sein.<\/p>\n<h2>Kein &#8218;Brennero&#8216;<\/h2>\n<p>Es ist noch zu fr\u00fch, um alle Details des neuen Modells mitzuteilen, aber um die Alfisti von Anfang an so weit wie m\u00f6glich einzubeziehen, werden sie gebeten, ihre Meinung zum Namen des zuk\u00fcnftigen Modells abzugeben. Der Stelvio und der Tonale sind nach einem Bergpass benannt, aber wir k\u00f6nnen schon jetzt berichten, dass unser neues Sport Urban Vehicle nicht &#8218;Brennero&#8216; hei\u00dfen wird, wie im Internet h\u00e4ufig behauptet wird.<\/p>\n<h2>Machen Sie Vorschl\u00e4ge!<\/h2>\n<p>Aber was wird das sein? Sie k\u00f6nnen Alfa Romeo helfen, indem Sie Ihre Stimme auf den offiziellen Social-Media-Kan\u00e4len von Alfa Romeo erheben. Wer wei\u00df, vielleicht wird das Auto in der ersten H\u00e4lfte des Jahres 2024 mit dem von Ihnen vorgeschlagenen Namen auf den Markt kommen!<\/p>\n","protected":false},"excerpt":{"rendered":"Alfa Romeo Kid Das neue Modell von Alfa Romeo ist intern unter dem Projektnamen \"Kid\" bekannt. Das kompakte Sport Urban&hellip;","protected":false},"author":0,"featured_media":136373,"comment_status":"","ping_status":"open","sticky":false,"template":"","format":"standard","meta":{"footnotes":""},"categories":[125],"tags":[],"class_list":["post-136378","post","type-post","status-publish","format-standard","has-post-thumbnail","hentry","category-auto-nachrichten"],"acf":[],"yoast_head":"<!-- This site is optimized with the Yoast SEO plugin v21.2 - https:\/\/yoast.com\/wordpress\/plugins\/seo\/ -->\n<title>Vielleicht f\u00e4llt Ihnen der Name des neuen B-SUV EV von Alfa Romeo ein - All cars news<\/title>\n<meta name=\"robots\" content=\"index, follow, max-snippet:-1, max-image-preview:large, max-video-preview:-1\" \/>\n<link rel=\"canonical\" href=\"https:\/\/all-car-news.com\/de\/vielleicht-faellt-ihnen-der-name-des-neuen-b-suv-ev-von-alfa-romeo-ein\/\" \/>\n<meta property=\"og:locale\" content=\"de_DE\" \/>\n<meta property=\"og:type\" content=\"article\" \/>\n<meta property=\"og:title\" content=\"Vielleicht f\u00e4llt Ihnen der Name des neuen B-SUV EV von Alfa Romeo ein - All cars news\" \/>\n<meta property=\"og:description\" content=\"Alfa Romeo Kid Das neue Modell von Alfa Romeo ist intern unter dem Projektnamen &quot;Kid&quot; bekannt. Das kompakte Sport Urban Vehicle wird als kleinstes Modell die aktuelle Modellpalette, bestehend aus Giulia (Limousine), Stelvio (SUV) und Tonale (kompakter SUV), erg\u00e4nzen. Kid&quot; wird der erste Alfa Romeo mit vollelektrischem Antrieb sein. Kein &quot;Brenner&quot; Es ist [...]\" \/>\n<meta property=\"og:url\" content=\"https:\/\/all-car-news.com\/de\/vielleicht-faellt-ihnen-der-name-des-neuen-b-suv-ev-von-alfa-romeo-ein\/\" \/>\n<meta property=\"og:site_name\" content=\"All cars news\" \/>\n<meta property=\"article:published_time\" content=\"2023-06-08T08:00:38+00:00\" \/>\n<meta name=\"twitter:card\" content=\"summary_large_image\" \/>\n<meta name=\"twitter:label1\" content=\"Gesch\u00e4tzte Lesezeit\" \/>\n\t<meta name=\"twitter:data1\" content=\"1\u00a0Minute\" \/>\n<script type=\"application\/ld+json\" class=\"yoast-schema-graph\">{\"@context\":\"https:\/\/schema.org\",\"@graph\":[{\"@type\":\"Article\",\"@id\":\"https:\/\/all-car-news.com\/de\/vielleicht-faellt-ihnen-der-name-des-neuen-b-suv-ev-von-alfa-romeo-ein\/#article\",\"isPartOf\":{\"@id\":\"https:\/\/all-car-news.com\/de\/vielleicht-faellt-ihnen-der-name-des-neuen-b-suv-ev-von-alfa-romeo-ein\/\"},\"author\":{\"name\":\"\",\"@id\":\"\"},\"headline\":\"Vielleicht f\u00e4llt Ihnen der Name des neuen B-SUV EV von Alfa Romeo ein\",\"datePublished\":\"2023-06-08T08:00:38+00:00\",\"dateModified\":\"2023-06-08T08:00:38+00:00\",\"mainEntityOfPage\":{\"@id\":\"https:\/\/all-car-news.com\/de\/vielleicht-faellt-ihnen-der-name-des-neuen-b-suv-ev-von-alfa-romeo-ein\/\"},\"wordCount\":190,\"publisher\":{\"@id\":\"https:\/\/all-car-news.com\/de\/#organization\"},\"articleSection\":[\"Auto Nachrichten\"],\"inLanguage\":\"de\"},{\"@type\":\"WebPage\",\"@id\":\"https:\/\/all-car-news.com\/de\/vielleicht-faellt-ihnen-der-name-des-neuen-b-suv-ev-von-alfa-romeo-ein\/\",\"url\":\"https:\/\/all-car-news.com\/de\/vielleicht-faellt-ihnen-der-name-des-neuen-b-suv-ev-von-alfa-romeo-ein\/\",\"name\":\"Vielleicht f\u00e4llt Ihnen der Name des neuen B-SUV EV von Alfa Romeo ein - All cars news\",\"isPartOf\":{\"@id\":\"https:\/\/all-car-news.com\/de\/#website\"},\"datePublished\":\"2023-06-08T08:00:38+00:00\",\"dateModified\":\"2023-06-08T08:00:38+00:00\",\"breadcrumb\":{\"@id\":\"https:\/\/all-car-news.com\/de\/vielleicht-faellt-ihnen-der-name-des-neuen-b-suv-ev-von-alfa-romeo-ein\/#breadcrumb\"},\"inLanguage\":\"de\",\"potentialAction\":[{\"@type\":\"ReadAction\",\"target\":[\"https:\/\/all-car-news.com\/de\/vielleicht-faellt-ihnen-der-name-des-neuen-b-suv-ev-von-alfa-romeo-ein\/\"]}]},{\"@type\":\"BreadcrumbList\",\"@id\":\"https:\/\/all-car-news.com\/de\/vielleicht-faellt-ihnen-der-name-des-neuen-b-suv-ev-von-alfa-romeo-ein\/#breadcrumb\",\"itemListElement\":[{\"@type\":\"ListItem\",\"position\":1,\"name\":\"Home\",\"item\":\"https:\/\/all-car-news.com\/de\/\"},{\"@type\":\"ListItem\",\"position\":2,\"name\":\"Vielleicht f\u00e4llt Ihnen der Name des neuen B-SUV EV von Alfa Romeo ein\"}]},{\"@type\":\"WebSite\",\"@id\":\"https:\/\/all-car-news.com\/de\/#website\",\"url\":\"https:\/\/all-car-news.com\/de\/\",\"name\":\"All cars news\",\"description\":\"\",\"publisher\":{\"@id\":\"https:\/\/all-car-news.com\/de\/#organization\"},\"potentialAction\":[{\"@type\":\"SearchAction\",\"target\":{\"@type\":\"EntryPoint\",\"urlTemplate\":\"https:\/\/all-car-news.com\/de\/?s={search_term_string}\"},\"query-input\":\"required name=search_term_string\"}],\"inLanguage\":\"de\"},{\"@type\":\"Organization\",\"@id\":\"https:\/\/all-car-news.com\/de\/#organization\",\"name\":\"All cars news\",\"url\":\"https:\/\/all-car-news.com\/de\/\",\"logo\":{\"@type\":\"ImageObject\",\"inLanguage\":\"de\",\"@id\":\"https:\/\/all-car-news.com\/de\/#\/schema\/logo\/image\/\",\"url\":\"https:\/\/all-car-news.com\/wp-content\/uploads\/2022\/02\/CMYK-AllCarNews_LANDSCAPE_300px-1.png\",\"contentUrl\":\"https:\/\/all-car-news.com\/wp-content\/uploads\/2022\/02\/CMYK-AllCarNews_LANDSCAPE_300px-1.png\",\"width\":300,\"height\":100,\"caption\":\"All cars news\"},\"image\":{\"@id\":\"https:\/\/all-car-news.com\/de\/#\/schema\/logo\/image\/\"}}]}<\/script>\n<!-- \/ Yoast SEO plugin. -->","yoast_head_json":{"title":"Vielleicht f\u00e4llt Ihnen der Name des neuen B-SUV EV von Alfa Romeo ein - All cars news","robots":{"index":"index","follow":"follow","max-snippet":"max-snippet:-1","max-image-preview":"max-image-preview:large","max-video-preview":"max-video-preview:-1"},"canonical":"https:\/\/all-car-news.com\/de\/vielleicht-faellt-ihnen-der-name-des-neuen-b-suv-ev-von-alfa-romeo-ein\/","og_locale":"de_DE","og_type":"article","og_title":"Vielleicht f\u00e4llt Ihnen der Name des neuen B-SUV EV von Alfa Romeo ein - All cars news","og_description":"Alfa Romeo Kid Das neue Modell von Alfa Romeo ist intern unter dem Projektnamen \"Kid\" bekannt. Das kompakte Sport Urban Vehicle wird als kleinstes Modell die aktuelle Modellpalette, bestehend aus Giulia (Limousine), Stelvio (SUV) und Tonale (kompakter SUV), erg\u00e4nzen. Kid\" wird der erste Alfa Romeo mit vollelektrischem Antrieb sein. Kein \"Brenner\" Es ist [...]","og_url":"https:\/\/all-car-news.com\/de\/vielleicht-faellt-ihnen-der-name-des-neuen-b-suv-ev-von-alfa-romeo-ein\/","og_site_name":"All cars news","article_published_time":"2023-06-08T08:00:38+00:00","twitter_card":"summary_large_image","twitter_misc":{"Gesch\u00e4tzte Lesezeit":"1\u00a0Minute"},"schema":{"@context":"https:\/\/schema.org","@graph":[{"@type":"Article","@id":"https:\/\/all-car-news.com\/de\/vielleicht-faellt-ihnen-der-name-des-neuen-b-suv-ev-von-alfa-romeo-ein\/#article","isPartOf":{"@id":"https:\/\/all-car-news.com\/de\/vielleicht-faellt-ihnen-der-name-des-neuen-b-suv-ev-von-alfa-romeo-ein\/"},"author":{"name":"","@id":""},"headline":"Vielleicht f\u00e4llt Ihnen der Name des neuen B-SUV EV von Alfa Romeo ein","datePublished":"2023-06-08T08:00:38+00:00","dateModified":"2023-06-08T08:00:38+00:00","mainEntityOfPage":{"@id":"https:\/\/all-car-news.com\/de\/vielleicht-faellt-ihnen-der-name-des-neuen-b-suv-ev-von-alfa-romeo-ein\/"},"wordCount":190,"publisher":{"@id":"https:\/\/all-car-news.com\/de\/#organization"},"articleSection":["Auto Nachrichten"],"inLanguage":"de"},{"@type":"WebPage","@id":"https:\/\/all-car-news.com\/de\/vielleicht-faellt-ihnen-der-name-des-neuen-b-suv-ev-von-alfa-romeo-ein\/","url":"https:\/\/all-car-news.com\/de\/vielleicht-faellt-ihnen-der-name-des-neuen-b-suv-ev-von-alfa-romeo-ein\/","name":"Vielleicht f\u00e4llt Ihnen der Name des neuen B-SUV EV von Alfa Romeo ein - All cars news","isPartOf":{"@id":"https:\/\/all-car-news.com\/de\/#website"},"datePublished":"2023-06-08T08:00:38+00:00","dateModified":"2023-06-08T08:00:38+00:00","breadcrumb":{"@id":"https:\/\/all-car-news.com\/de\/vielleicht-faellt-ihnen-der-name-des-neuen-b-suv-ev-von-alfa-romeo-ein\/#breadcrumb"},"inLanguage":"de","potentialAction":[{"@type":"ReadAction","target":["https:\/\/all-car-news.com\/de\/vielleicht-faellt-ihnen-der-name-des-neuen-b-suv-ev-von-alfa-romeo-ein\/"]}]},{"@type":"BreadcrumbList","@id":"https:\/\/all-car-news.com\/de\/vielleicht-faellt-ihnen-der-name-des-neuen-b-suv-ev-von-alfa-romeo-ein\/#breadcrumb","itemListElement":[{"@type":"ListItem","position":1,"name":"Home","item":"https:\/\/all-car-news.com\/de\/"},{"@type":"ListItem","position":2,"name":"Vielleicht f\u00e4llt Ihnen der Name des neuen B-SUV EV von Alfa Romeo ein"}]},{"@type":"WebSite","@id":"https:\/\/all-car-news.com\/de\/#website","url":"https:\/\/all-car-news.com\/de\/","name":"All cars news","description":"","publisher":{"@id":"https:\/\/all-car-news.com\/de\/#organization"},"potentialAction":[{"@type":"SearchAction","target":{"@type":"EntryPoint","urlTemplate":"https:\/\/all-car-news.com\/de\/?s={search_term_string}"},"query-input":"required name=search_term_string"}],"inLanguage":"de"},{"@type":"Organization","@id":"https:\/\/all-car-news.com\/de\/#organization","name":"All cars news","url":"https:\/\/all-car-news.com\/de\/","logo":{"@type":"ImageObject","inLanguage":"de","@id":"https:\/\/all-car-news.com\/de\/#\/schema\/logo\/image\/","url":"https:\/\/all-car-news.com\/wp-content\/uploads\/2022\/02\/CMYK-AllCarNews_LANDSCAPE_300px-1.png","contentUrl":"https:\/\/all-car-news.com\/wp-content\/uploads\/2022\/02\/CMYK-AllCarNews_LANDSCAPE_300px-1.png","width":300,"height":100,"caption":"All cars news"},"image":{"@id":"https:\/\/all-car-news.com\/de\/#\/schema\/logo\/image\/"}}]}},"_links":{"self":[{"href":"https:\/\/all-car-news.com\/de\/wp-json\/wp\/v2\/posts\/136378","targetHints":{"allow":["GET"]}}],"collection":[{"href":"https:\/\/all-car-news.com\/de\/wp-json\/wp\/v2\/posts"}],"about":[{"href":"https:\/\/all-car-news.com\/de\/wp-json\/wp\/v2\/types\/post"}],"replies":[{"embeddable":true,"href":"https:\/\/all-car-news.com\/de\/wp-json\/wp\/v2\/comments?post=136378"}],"version-history":[{"count":0,"href":"https:\/\/all-car-news.com\/de\/wp-json\/wp\/v2\/posts\/136378\/revisions"}],"wp:featuredmedia":[{"embeddable":true,"href":"https:\/\/all-car-news.com\/de\/wp-json\/wp\/v2\/media\/136373"}],"wp:attachment":[{"href":"https:\/\/all-car-news.com\/de\/wp-json\/wp\/v2\/media?parent=136378"}],"wp:term":[{"taxonomy":"category","embeddable":true,"href":"https:\/\/all-car-news.com\/de\/wp-json\/wp\/v2\/categories?post=136378"},{"taxonomy":"post_tag","embeddable":true,"href":"https:\/\/all-car-news.com\/de\/wp-json\/wp\/v2\/tags?post=136378"}],"curies":[{"name":"wp","href":"https:\/\/api.w.org\/{rel}","templated":true}]}}