{"id":135892,"date":"2023-05-24T14:01:00","date_gmt":"2023-05-24T14:01:00","guid":{"rendered":"https:\/\/all-car-news.com\/test-der-neue-bmw-i5-und-der-bmw-5er-beeindruckend\/"},"modified":"2023-05-24T14:01:00","modified_gmt":"2023-05-24T14:01:00","slug":"test-der-neue-bmw-i5-und-der-bmw-5er-beeindruckend","status":"publish","type":"post","link":"https:\/\/all-car-news.com\/de\/test-der-neue-bmw-i5-und-der-bmw-5er-beeindruckend\/","title":{"rendered":"Test &#8211; der neue BMW i5 und der BMW 5er &#8211; Beeindruckend!"},"content":{"rendered":"<h2>BMW 5er Reihe<\/h2>\n<p>Mit der letzten Modellgeneration des BMW 5er (G30) entschied sich BMW f\u00fcr eine Weiterentwicklung des Vorg\u00e4ngermodells. Dieses Mal sind die Ver\u00e4nderungen viel gr\u00f6\u00dfer. Sowohl in Bezug auf das Design als auch auf die Technik. Beginnen wir mit dem Design. Die Linienf\u00fchrung unterscheidet sich deutlich von der des bisherigen BMW 5er, aber das Auto ist immer noch sofort als BMW zu erkennen. Daf\u00fcr sorgt schon der markante Nierengrill. Die Nieren sind auch beim BMW 5er gro\u00df, aber nicht so \u00fcbertrieben wie etwa beim 7er. Das besonders klar gezeichnete Heck hat einen Hauch von 7er.<\/p>\n<h2><strong>Auch als BMW i5<\/strong><\/h2>\n<p>Die gr\u00f6\u00dfte Neuigkeit des BMW 5er finden wir bei den Motoren. Erstmals ist der BMW 5er auch mit reinen Elektromotoren an Bord erh\u00e4ltlich. Dann h\u00f6rt das Auto nat\u00fcrlich auf den Namen BMW i5. Der BMW i5 verf\u00fcgt \u00fcber die BMW eDrive Technologie der f\u00fcnften Generation und deb\u00fctiert in zwei Varianten: dem eDrive40 und dem M60 xDrive. Letzterer ist auch das vorl\u00e4ufige Spitzenmodell der neuen BMW 5er Reihe. \u00c4u\u00dferlich unterscheidet sich der BMW i5 wenig bis gar nicht von den anderen Modellen der BMW 5er Reihe. Ein paar Logos und blaue Akzente, das sind so ziemlich alle Unterschiede.<\/p>\n<h2>Abmessungen des neuen BMW 5er<\/h2>\n<p>Eine klare und reduzierte Designsprache unterstreicht die sportliche Eleganz und das Erscheinungsbild der neuen BMW 5er Limousine. Im Vergleich zum Vorg\u00e4ngermodell ist die neue Generation mit einer Gesamtl\u00e4nge von 5.060 mm um 97 mm l\u00e4nger. Die Breite stieg um 32 mm auf 1.900 mm und die H\u00f6he um 36 mm auf 1.515 mm. Der Radstand ist um 20 mm gewachsen und betr\u00e4gt nun 2.995 mm.<\/p>\n<h2>Der neue BMW 5er G60 &#8211; BMW i5 (2024) im Test &#8211; AutoRAI TV<\/h2>\n<\/p>\n<figure class=\"wp-block-embed is-type-video is-provider-youtube wp-block-embed-youtube wp-embed-aspect-16-9 wp-has-aspect-ratio\">\n<div class=\"wp-block-embed__wrapper\">\n<\/div>\n<\/figure>\n<h2><strong>Bis zu 582 km Reichweite<\/strong><\/h2>\n<p>Der BMW i5 verf\u00fcgt \u00fcber ein Batteriepaket mit 81,2 kWh (nutzbare Kapazit\u00e4t). Damit ergibt sich f\u00fcr den BMW i5 M60 xDrive eine WLTP-Reichweite von 455-516 km und f\u00fcr den BMW i5 eDrive40 eine WLTP-Reichweite von 477-582 km. Der BMW i5 kann mit bis zu 11 kW an der Steckdose geladen werden, optional auch mit 22 kW. Die Batterie kann mit einem Schnellladeger\u00e4t mit bis zu 205 kW wieder aufgeladen werden. Damit kann zum Beispiel die Batterie des BMW i5 in etwa 30 Minuten von 10 auf 80 Prozent aufgeladen werden.<\/p>\n<p>Nat\u00fcrlich mangelt es auch nicht an sportlichen Erfolgen. Der BMW i5 M60 xDrive hat eine Systemleistung von nicht weniger als 442 kW (601 PS). Zwei integrierte Antriebseinheiten an der Vorder- und Hinterachse sorgen f\u00fcr einen vollelektrischen Allradantrieb. Das Systemdrehmoment betr\u00e4gt bis zu 820 Nm bei aktivierter M Sport Boost- oder M Launch Control-Funktion. Dies erm\u00f6glicht dem BMW i5 M60 eine Beschleunigung von 0 auf 100 km\/h in 3,8 Sekunden. Die H\u00f6chstgeschwindigkeit wird elektronisch auf 230 km\/h begrenzt.<\/p>\n<p>Der BMW i5 eDrive40 hat eine Leistung von 250 kW (340 PS) und ein maximales Drehmoment von 430 Nm mit Sport Boost oder Launch Control Funktion. Der BMW i5 eDrive40 beschleunigt in 6,0 Sekunden von 0 auf 100 km\/h und erreicht eine H\u00f6chstgeschwindigkeit von 193 km\/h.<\/p>\n<figure class=\"wp-block-image size-content\"><img decoding=\"async\" loading=\"lazy\" width=\"1140\" height=\"713\" src=\"https:\/\/autorai.nl\/wp-content\/uploads\/2023\/05\/bmw-i5-2023-autorai-foto7-1140x713.jpg\" alt=\"\" class=\"wp-image-159244\"><\/figure>\n<h2><strong>Motoren BMW 5er Serie<\/strong><\/h2>\n<p>Nat\u00fcrlich sind auch wieder Benzin- und Dieselmotoren im Programm. Dazu geh\u00f6ren neu entwickelte Motoren, die alle mit 48-Volt-Mildhybridtechnologie ausgestattet sind und serienm\u00e4\u00dfig mit einem neuen Achtgang-Steptronic Sport-Getriebe gekoppelt sind.<\/p>\n<p>Das europ\u00e4ische Angebot besteht aus den Vierzylinder-Modellen BMW 520i Limousine mit 158 kW (208 PS) und BMW 520d Limousine (optional mit xDrive) mit 145 kW (197 PS). Im Fr\u00fchjahr 2024 wird das Angebot um zwei Plug-in-Hybridmodelle der neuesten Generation erweitert. Ein neuer Reihensechszylinder-Dieselmotor wird ebenfalls 2024 verf\u00fcgbar sein, ebenso wie eine dritte Variante des vollelektrischen BMW i5 mit elektrischem Allradantrieb.<\/p>\n<h2><strong>Verbesserte Handhabung<\/strong><\/h2>\n<p>Nat\u00fcrlich werden auch die Fahreigenschaften des neuen BMW i5 und 5er nicht vergessen. Auch dank einer nahezu perfekten Gewichtsverteilung von 50\/50 zwischen Vorder- und Hinterachse konnten diese weiter verbessert werden. Auch die spezifische Abstimmung des Fahrwerks ist auf die verschiedenen Motorvarianten abgestimmt. Zur Serienausstattung geh\u00f6ren eine direkt gesteuerte Traktionskontrolle, ein integriertes Bremssystem und eine variable Sportlenkung. Selbstverst\u00e4ndlich sind das M Sportfahrwerk und das Adaptive M Fahrwerk Professional optional erh\u00e4ltlich.<\/p>\n<figure class=\"wp-block-image size-content\"><img decoding=\"async\" loading=\"lazy\" width=\"1140\" height=\"713\" src=\"https:\/\/autorai.nl\/wp-content\/uploads\/2023\/05\/bmw-i5-2023-autorai-foto3-1140x713.jpg\" alt=\"\" class=\"wp-image-159240\"><\/figure>\n<h2><strong>Innenraum BMW i5 und 5er<\/strong><\/h2>\n<p>Innen sehen der neue BMW i5 und die 5er Reihe dem BMW i7 und der 7er Reihe sehr \u00e4hnlich. Wir sehen das BMW Curved Display und ansonsten ein sauberes, aufger\u00e4umtes Design. Das BMW Curved Display besteht aus einem 12,3 Zoll gro\u00dfen Informationsdisplay und einem 14,9 Zoll gro\u00dfen Control Display. Mehrere Bedienelemente am Lenkrad und an der Mittelkonsole sind keine echten Tasten, sondern geben bei Ber\u00fchrung ein haptisches Feedback. Bemerkenswert ist die (optionale) BMW Interaction Bar. Diese erstreckt sich \u00fcber das gesamte Armaturenbrett bis in die T\u00fcren und verf\u00fcgt \u00fcber ber\u00fchrungsempfindliche Bedienfelder. Das macht ihn zu einer Art superbreiten Touchscreen f\u00fcr den Beifahrer.<\/p>\n<p>Das BMW iDrive System l\u00e4uft mit dem neuen BMW Operating System 8.5 und verf\u00fcgt \u00fcber die neue QuickSelect Funktion. So k\u00f6nnen Sie Funktionen schnell steuern, ohne in ein Untermen\u00fc wechseln zu m\u00fcssen. Auch abgesehen davon hat das aktualisierte iDrive-System eine verbesserte Men\u00fcstruktur, die der von Smartphones und Tablets sehr \u00e4hnlich ist. Neben dem markanten BMW iDrive Controller in der Mittelkonsole k\u00f6nnen Sie das System auch per Sprachbefehl oder einfach durch Ber\u00fchrung des Bildschirms steuern.<\/p>\n<figure class=\"wp-block-image size-content\"><img decoding=\"async\" loading=\"lazy\" width=\"1140\" height=\"713\" src=\"https:\/\/autorai.nl\/wp-content\/uploads\/2023\/05\/bmw-i5-2023-autorai-foto4-1140x713.jpg\" alt=\"BMW i5 - Innenraum\" class=\"wp-image-159241\"><\/figure>\n<h2><strong>Spielen und Filme schauen im BMW<\/strong><\/h2>\n<p>Sie m\u00fcssen eine Weile warten, bis der BMW i5 aufgeladen ist? Dann ist es sogar erlaubt, Spiele im Auto zu spielen, \u00fcber das Control Display. Dies ist auch im BMW 5er m\u00f6glich, solange das Fahrzeug steht. Im neuen BMW 5er k\u00f6nnen diese Spiele erstmals \u00fcber die AirConsole-Plattform genutzt werden. Lieber einen Film ansehen? Video-Streaming ist auch \u00fcber das Control Display m\u00f6glich. Mit zwei 5G-Antennen als Standard (optional vier) ist eine optimale Konnektivit\u00e4t und Telefonverbindung gew\u00e4hrleistet.<\/p>\n<h2><strong>Vollst\u00e4ndig vegane Innenausstattung<\/strong><\/h2>\n<p>Die neue BMW 5er Limousine ist das erste Modell der Marke, das serienm\u00e4\u00dfig \u00fcber einen komplett veganen Innenraum verf\u00fcgt. Nicht nur die Sitze, das Armaturenbrett und die T\u00fcrverkleidungen sind mit strapazierf\u00e4higem Material bezogen, sondern zum ersten Mal auch das Lenkrad. Die Veganza-Polsterung hat leder\u00e4hnliche Eigenschaften. Sie bevorzugen echtes Leder? Mit dem optionalen BMW Individual Leder Merino in mehreren Bicolor-Varianten k\u00f6nnen Sie auch das noch tun. Serienm\u00e4\u00dfig sitzen Sie auf neu gestalteten Sportsitzen. Die optionalen Komfortsitze bieten eine gro\u00dfe Auswahl an elektrisch verstellbaren Einstellungen.<\/p>\n<figure class=\"wp-block-image size-content\"><img decoding=\"async\" loading=\"lazy\" width=\"1140\" height=\"713\" src=\"https:\/\/autorai.nl\/wp-content\/uploads\/2023\/05\/bmw-i5-2023-autorai-foto1-1140x713.jpg\" alt=\"\" class=\"wp-image-159245\"><\/figure>\n<h2><strong>Spezielle Fahrhilfen und automatisierte Fahrfunktionen<\/strong><\/h2>\n<p>Die Zahl der serienm\u00e4\u00dfig oder optional erh\u00e4ltlichen Systeme f\u00fcr das automatisierte Fahren und Parken wurde f\u00fcr die neue BMW 5er Limousine deutlich erweitert. Au\u00dferdem gibt es unter ihnen einige besondere Dinge. Eine Weltneuheit ist auch der Aktive Spurwechselassistent mit Augensteuerung&#8220;. Der BMW schl\u00e4gt einen Spurwechsel vor, und zum ersten Mal gen\u00fcgt ein Blick in den Au\u00dfenspiegel, um das Man\u00f6ver auszul\u00f6sen. Der Aktive Spurwechselassistent \u00fcbernimmt automatisch die Lenkung, sofern es die Verkehrssituation zul\u00e4sst, versteht sich.<\/p>\n<p>Apropos automatisches Fahren: Der neue BMW i5 und der 5er bieten auch in diesem Bereich etwas Besonderes, den Highway Assistant. Noch ist es nur in Deutschland erh\u00e4ltlich, aber wir wollen es trotzdem erw\u00e4hnen. Bis zu einer Geschwindigkeit von 130 km\/h kann der Highway Assistant die Lenkung komplett \u00fcbernehmen. Sie k\u00f6nnen das Rad vollst\u00e4ndig und f\u00fcr l\u00e4ngere Zeit loslassen. Dennoch m\u00fcssen Sie die Stra\u00dfe im Auge behalten, um bei Bedarf einzugreifen. Au\u00dferdem funktioniert das System nur auf Autobahnen mit klar getrennten Fahrspuren und eindeutigen Stra\u00dfenmarkierungen.<\/p>\n<h2><strong>Exklusive Einf\u00fchrung f\u00fcr AutoRAI.co.uk<\/strong><\/h2>\n<p>AutoRAI.nl konnte wenige Tage vor der Enth\u00fcllung in einem geheimen Raum einen exklusiven Blick auf den neuen BMW i5 und 5er werfen. Sind Sie neugierig, wie der neue BMW in Wirklichkeit aussieht? Dann schauen Sie sich schnell das folgende Video an.<\/p>\n<\/p>\n<figure class=\"wp-block-embed is-type-video is-provider-youtube wp-block-embed-youtube wp-embed-aspect-16-9 wp-has-aspect-ratio\">\n<div class=\"wp-block-embed__wrapper\">\n<\/div>\n<\/figure>\n<h2><strong>Einf\u00fchrung und Preise BMW i5 und 5er<\/strong><\/h2>\n<p>Die Markteinf\u00fchrung der neuen BMW 5er Limousine in den Niederlanden ist im Oktober 2023. Die neue BMW 5er Limousine wird ab einer unverbindlichen Preisempfehlung von 65.379 Euro als BMW 520i Limousine erh\u00e4ltlich sein. Die unverbindliche Preisempfehlung f\u00fcr den rein elektrisch angetriebenen BMW i5 beginnt bei 77.572 Euro in der Variante BMW i5 eDrive40. Die vollelektrische M Performance Variante BMW i5 M60 xDrive wird zu einer unverbindlichen Preisempfehlung ab 108.427 Euro erh\u00e4ltlich sein.<\/p>\n<p>Neben dem vollelektrischen BMW i5 und den Plug-in-Hybrid-Modellen werden auch Benzin- und Dieselmotoren erh\u00e4ltlich sein. Sie alle verf\u00fcgen \u00fcber die 48-Volt-Mild-Hybrid-Technologie und sind serienm\u00e4\u00dfig mit einem neuen 8-Gang Steptronic Sport-Getriebe gekoppelt. Das niederl\u00e4ndische Angebot besteht aus der Vierzylinder BMW 520i Limousine mit 158 kW (208 PS), der BMW 520d Limousine und der BMW 520d xDrive Limousine mit jeweils 145 kW (197 PS). Ende dieses Jahres wird das Angebot um zwei Plug-in-Hybrid-Modelle der neuesten Generation erweitert. Auch ein neuer Reihensechszylinder-Dieselmotor wird 2024 verf\u00fcgbar sein, ebenso wie eine dritte Variante des vollelektrischen BMW i5 mit Allradantrieb.<\/p>\n<p><strong>BMW i5 eDrive40<\/strong><br \/>Stromverbrauch kombiniert im WLTP-Zyklus: 19,5 &#8211; 15,9 kWh\/100 km<br \/>Elektrische Reichweite im WLTP-Zyklus: 477 &#8211; 582 km<\/p>\n<p><strong>BMW i5 M60 xDrive<\/strong><br \/>Stromverbrauch kombiniert im WLTP-Zyklus: 20,6 &#8211; 18,2 kWh\/100 km<br \/>Elektrische Reichweite im WLTP-Zyklus: 455 &#8211; 516 km<\/p>\n<p><strong><br \/>BMW 530e (ab Fr\u00fchjahr 2024)<\/strong>Kraftstoffverbrauch in l\/100km kombiniert im WLTP-Zyklus: 0,8 &#8211; 0,6<strong><\/strong><br \/>Stromverbrauch in kWh\/100 km kombiniert im WLTP-Zyklus: 21,4 &#8211; 18,9<br \/>CO2-Emissionen in g\/km kombiniert im WLTP-Zyklus: 19 &#8211; 14<\/p>\n<p><strong><br \/>BMW 550e xDrive (ab Fr\u00fchjahr 2024)<\/strong>Kraftstoffverbrauch in l\/100km kombiniert im WLTP-Zyklus: 1,1 &#8211; 0,8 <strong><\/strong> <br \/>Stromverbrauch in kWh\/100 km kombiniert im WLTP-Zyklus: 22,5 &#8211; 20,1<br \/>CO2-Emissionen in g\/km kombiniert im WLTP-Zyklus: 24 &#8211; 19<\/p>\n<p><strong><br \/>BMW 520i<\/strong>Kraftstoffverbrauch in l\/100km kombiniert im WLTP-Zyklus: 6,4 &#8211; 5,7<strong><\/strong><br \/>CO2-Emissionen in g\/km kombiniert im WLTP-Zyklus: 144 &#8211; 130<\/p>\n<p><strong><br \/>BMW 520d<\/strong>Kraftstoffverbrauch in l\/100km kombiniert im WLTP-Zyklus: 5,6 &#8211; 5,1<strong><\/strong><br \/>CO2-Emissionen in g\/km kombiniert im WLTP-Zyklus: 147 &#8211; 133<\/p>\n<p><strong><br \/>BMW 520d xDrive<\/strong>Kraftstoffverbrauch in l\/100km kombiniert im WLTP-Zyklus: 6,0 &#8211; 5,5<strong><\/strong><br \/>CO2-Emissionen in g\/km kombiniert im WLTP-Zyklus: 157 &#8211; 143<\/p>\n<figure class=\"wp-block-image size-content\"><img decoding=\"async\" loading=\"lazy\" width=\"1140\" height=\"713\" src=\"https:\/\/autorai.nl\/wp-content\/uploads\/2023\/05\/bmw-i5-2023-autorai-foto5-1140x713.jpg\" alt=\"\" class=\"wp-image-159242\"><\/figure>\n<div class=\"galery galery-0\">\n<figure>\n\t\t\t\t\t<span style=\"cursor: pointer\" data-src=\"https:\/\/autorai.nl\/wp-content\/uploads\/2023\/05\/P90506458_highRes_the-new-bmw-i5-m60-x-1600x1067.jpg\" data-fancybox=\"galery-0\" title=\"\"><br \/>\n\t\t\t\t\t\t\t<img decoding=\"async\" width=\"360\" height=\"270\" src=\"https:\/\/autorai.nl\/wp-content\/uploads\/2023\/05\/P90506458_highRes_the-new-bmw-i5-m60-x-360x270.jpg\" class=\"attachment-small size-small\" alt=\"\" loading=\"lazy\"><i class=\"fa fa-search-plus\" aria-hidden=\"true\"><\/i><br \/>\n\t\t\t\t\t\t<\/span><br \/>\n\t\t\t\t\t<\/figure>\n<figure>\n\t\t\t\t\t<span style=\"cursor: pointer\" data-src=\"https:\/\/autorai.nl\/wp-content\/uploads\/2023\/05\/P90506456_highRes_the-new-bmw-i5-m60-x-1600x1067.jpg\" data-fancybox=\"galery-0\" title=\"\"><br \/>\n\t\t\t\t\t\t\t<img decoding=\"async\" width=\"360\" height=\"270\" src=\"https:\/\/autorai.nl\/wp-content\/uploads\/2023\/05\/P90506456_highRes_the-new-bmw-i5-m60-x-360x270.jpg\" class=\"attachment-small size-small\" alt=\"\" loading=\"lazy\"><i class=\"fa fa-search-plus\" aria-hidden=\"true\"><\/i><br \/>\n\t\t\t\t\t\t<\/span><br \/>\n\t\t\t\t\t<\/figure>\n<figure>\n\t\t\t\t\t<span style=\"cursor: pointer\" data-src=\"https:\/\/autorai.nl\/wp-content\/uploads\/2023\/05\/P90506452_highRes_the-new-bmw-i5-m60-x-1600x1067.jpg\" data-fancybox=\"galery-0\" title=\"\"><br \/>\n\t\t\t\t\t\t\t<img decoding=\"async\" width=\"360\" height=\"270\" src=\"https:\/\/autorai.nl\/wp-content\/uploads\/2023\/05\/P90506452_highRes_the-new-bmw-i5-m60-x-360x270.jpg\" class=\"attachment-small size-small\" alt=\"\" loading=\"lazy\"><i class=\"fa fa-search-plus\" aria-hidden=\"true\"><\/i><br \/>\n\t\t\t\t\t\t<\/span><br \/>\n\t\t\t\t\t<\/figure>\n<figure>\n\t\t\t\t\t<span style=\"cursor: pointer\" data-src=\"https:\/\/autorai.nl\/wp-content\/uploads\/2023\/05\/P90506450_highRes_the-new-bmw-i5-edriv-1600x1067.jpg\" data-fancybox=\"galery-0\" title=\"\"><br \/>\n\t\t\t\t\t\t\t<img decoding=\"async\" width=\"360\" height=\"270\" src=\"https:\/\/autorai.nl\/wp-content\/uploads\/2023\/05\/P90506450_highRes_the-new-bmw-i5-edriv-360x270.jpg\" class=\"attachment-small size-small\" alt=\"\" loading=\"lazy\"><i class=\"fa fa-search-plus\" aria-hidden=\"true\"><\/i><br \/>\n\t\t\t\t\t\t<\/span><br \/>\n\t\t\t\t\t<\/figure>\n<figure>\n\t\t\t\t\t<span style=\"cursor: pointer\" data-src=\"https:\/\/autorai.nl\/wp-content\/uploads\/2023\/05\/P90506448_highRes_the-new-bmw-i5-edriv-1600x1067.jpg\" data-fancybox=\"galery-0\" title=\"\"><br \/>\n\t\t\t\t\t\t\t<img decoding=\"async\" width=\"360\" height=\"270\" src=\"https:\/\/autorai.nl\/wp-content\/uploads\/2023\/05\/P90506448_highRes_the-new-bmw-i5-edriv-360x270.jpg\" class=\"attachment-small size-small\" alt=\"\" loading=\"lazy\"><i class=\"fa fa-search-plus\" aria-hidden=\"true\"><\/i><br \/>\n\t\t\t\t\t\t<\/span><br \/>\n\t\t\t\t\t<\/figure>\n<figure>\n\t\t\t\t\t<span style=\"cursor: pointer\" data-src=\"https:\/\/autorai.nl\/wp-content\/uploads\/2023\/05\/P90506443_highRes_the-new-bmw-i5-edriv-1600x1067.jpg\" data-fancybox=\"galery-0\" title=\"\"><br \/>\n\t\t\t\t\t\t\t<img decoding=\"async\" width=\"360\" height=\"270\" src=\"https:\/\/autorai.nl\/wp-content\/uploads\/2023\/05\/P90506443_highRes_the-new-bmw-i5-edriv-360x270.jpg\" class=\"attachment-small size-small\" alt=\"\" loading=\"lazy\"><i class=\"fa fa-search-plus\" aria-hidden=\"true\"><\/i><br \/>\n\t\t\t\t\t\t<\/span><br \/>\n\t\t\t\t\t<\/figure>\n<figure>\n\t\t\t\t\t<span style=\"cursor: pointer\" data-src=\"https:\/\/autorai.nl\/wp-content\/uploads\/2023\/05\/P90506218_highRes_the-new-bmw-530e-sti-1600x1200.jpg\" data-fancybox=\"galery-0\" title=\"\"><br \/>\n\t\t\t\t\t\t\t<img decoding=\"async\" width=\"360\" height=\"270\" src=\"https:\/\/autorai.nl\/wp-content\/uploads\/2023\/05\/P90506218_highRes_the-new-bmw-530e-sti-360x270.jpg\" class=\"attachment-small size-small\" alt=\"\" loading=\"lazy\"><i class=\"fa fa-search-plus\" aria-hidden=\"true\"><\/i><br \/>\n\t\t\t\t\t\t<\/span><br \/>\n\t\t\t\t\t<\/figure>\n<figure>\n\t\t\t\t\t<span style=\"cursor: pointer\" data-src=\"https:\/\/autorai.nl\/wp-content\/uploads\/2023\/05\/P90506217_highRes_the-new-bmw-530e-sti-1600x1200.jpg\" data-fancybox=\"galery-0\" title=\"\"><br \/>\n\t\t\t\t\t\t\t<img decoding=\"async\" width=\"360\" height=\"270\" src=\"https:\/\/autorai.nl\/wp-content\/uploads\/2023\/05\/P90506217_highRes_the-new-bmw-530e-sti-360x270.jpg\" class=\"attachment-small size-small\" alt=\"\" loading=\"lazy\"><i class=\"fa fa-search-plus\" aria-hidden=\"true\"><\/i><br \/>\n\t\t\t\t\t\t<\/span><br \/>\n\t\t\t\t\t<\/figure>\n<figure>\n\t\t\t\t\t<span style=\"cursor: pointer\" data-src=\"https:\/\/autorai.nl\/wp-content\/uploads\/2023\/05\/P90506216_highRes_the-new-bmw-530e-sti-1600x1200.jpg\" data-fancybox=\"galery-0\" title=\"\"><br \/>\n\t\t\t\t\t\t\t<img decoding=\"async\" width=\"360\" height=\"270\" src=\"https:\/\/autorai.nl\/wp-content\/uploads\/2023\/05\/P90506216_highRes_the-new-bmw-530e-sti-360x270.jpg\" class=\"attachment-small size-small\" alt=\"\" loading=\"lazy\"><i class=\"fa fa-search-plus\" aria-hidden=\"true\"><\/i><br \/>\n\t\t\t\t\t\t<\/span><br \/>\n\t\t\t\t\t<\/figure>\n<figure>\n\t\t\t\t\t<span style=\"cursor: pointer\" data-src=\"https:\/\/autorai.nl\/wp-content\/uploads\/2023\/05\/P90506215_highRes_the-new-bmw-530e-sti-1600x1200.jpg\" data-fancybox=\"galery-0\" title=\"\"><br \/>\n\t\t\t\t\t\t\t<img decoding=\"async\" width=\"360\" height=\"270\" src=\"https:\/\/autorai.nl\/wp-content\/uploads\/2023\/05\/P90506215_highRes_the-new-bmw-530e-sti-360x270.jpg\" class=\"attachment-small size-small\" alt=\"\" loading=\"lazy\"><i class=\"fa fa-search-plus\" aria-hidden=\"true\"><\/i><br \/>\n\t\t\t\t\t\t<\/span><br \/>\n\t\t\t\t\t<\/figure>\n<figure>\n\t\t\t\t\t<span style=\"cursor: pointer\" data-src=\"https:\/\/autorai.nl\/wp-content\/uploads\/2023\/05\/P90506214_highRes_the-new-bmw-530e-sti-1600x1200.jpg\" data-fancybox=\"galery-0\" title=\"\"><br \/>\n\t\t\t\t\t\t\t<img decoding=\"async\" width=\"360\" height=\"270\" src=\"https:\/\/autorai.nl\/wp-content\/uploads\/2023\/05\/P90506214_highRes_the-new-bmw-530e-sti-360x270.jpg\" class=\"attachment-small size-small\" alt=\"\" loading=\"lazy\"><i class=\"fa fa-search-plus\" aria-hidden=\"true\"><\/i><br \/>\n\t\t\t\t\t\t<\/span><br \/>\n\t\t\t\t\t<\/figure>\n<figure>\n\t\t\t\t\t<span style=\"cursor: pointer\" data-src=\"https:\/\/autorai.nl\/wp-content\/uploads\/2023\/05\/P90506213_highRes_the-new-bmw-530e-sti-1600x1200.jpg\" data-fancybox=\"galery-0\" title=\"\"><br \/>\n\t\t\t\t\t\t\t<img decoding=\"async\" width=\"360\" height=\"270\" src=\"https:\/\/autorai.nl\/wp-content\/uploads\/2023\/05\/P90506213_highRes_the-new-bmw-530e-sti-360x270.jpg\" class=\"attachment-small size-small\" alt=\"\" loading=\"lazy\"><i class=\"fa fa-search-plus\" aria-hidden=\"true\"><\/i><br \/>\n\t\t\t\t\t\t<\/span><br \/>\n\t\t\t\t\t<\/figure>\n<figure>\n\t\t\t\t\t<span style=\"cursor: pointer\" data-src=\"https:\/\/autorai.nl\/wp-content\/uploads\/2023\/05\/P90505522_highRes_the-new-bmw-i5-m60-x-1600x1067.jpg\" data-fancybox=\"galery-0\" title=\"\"><br \/>\n\t\t\t\t\t\t\t<img decoding=\"async\" width=\"360\" height=\"270\" src=\"https:\/\/autorai.nl\/wp-content\/uploads\/2023\/05\/P90505522_highRes_the-new-bmw-i5-m60-x-360x270.jpg\" class=\"attachment-small size-small\" alt=\"\" loading=\"lazy\"><i class=\"fa fa-search-plus\" aria-hidden=\"true\"><\/i><br \/>\n\t\t\t\t\t\t<\/span><br \/>\n\t\t\t\t\t<\/figure>\n<figure>\n\t\t\t\t\t<span style=\"cursor: pointer\" data-src=\"https:\/\/autorai.nl\/wp-content\/uploads\/2023\/05\/P90505514_highRes_the-new-bmw-i5-m60-x-1600x1067.jpg\" data-fancybox=\"galery-0\" title=\"\"><br \/>\n\t\t\t\t\t\t\t<img decoding=\"async\" width=\"360\" height=\"270\" src=\"https:\/\/autorai.nl\/wp-content\/uploads\/2023\/05\/P90505514_highRes_the-new-bmw-i5-m60-x-360x270.jpg\" class=\"attachment-small size-small\" alt=\"\" loading=\"lazy\"><i class=\"fa fa-search-plus\" aria-hidden=\"true\"><\/i><br \/>\n\t\t\t\t\t\t<\/span><br \/>\n\t\t\t\t\t<\/figure>\n<figure>\n\t\t\t\t\t<span style=\"cursor: pointer\" data-src=\"https:\/\/autorai.nl\/wp-content\/uploads\/2023\/05\/P90505494_highRes_the-new-bmw-i5-m60-x-1600x1200.jpg\" data-fancybox=\"galery-0\" title=\"\"><br \/>\n\t\t\t\t\t\t\t<img decoding=\"async\" width=\"360\" height=\"270\" src=\"https:\/\/autorai.nl\/wp-content\/uploads\/2023\/05\/P90505494_highRes_the-new-bmw-i5-m60-x-360x270.jpg\" class=\"attachment-small size-small\" alt=\"\" loading=\"lazy\"><i class=\"fa fa-search-plus\" aria-hidden=\"true\"><\/i><br \/>\n\t\t\t\t\t\t<\/span><br \/>\n\t\t\t\t\t<\/figure>\n<figure>\n\t\t\t\t\t<span style=\"cursor: pointer\" data-src=\"https:\/\/autorai.nl\/wp-content\/uploads\/2023\/05\/P90505493_highRes_the-new-bmw-i5-m60-x-1600x1200.jpg\" data-fancybox=\"galery-0\" title=\"\"><br \/>\n\t\t\t\t\t\t\t<img decoding=\"async\" width=\"360\" height=\"270\" src=\"https:\/\/autorai.nl\/wp-content\/uploads\/2023\/05\/P90505493_highRes_the-new-bmw-i5-m60-x-360x270.jpg\" class=\"attachment-small size-small\" alt=\"\" loading=\"lazy\"><i class=\"fa fa-search-plus\" aria-hidden=\"true\"><\/i><br \/>\n\t\t\t\t\t\t<\/span><br \/>\n\t\t\t\t\t<\/figure>\n<figure>\n\t\t\t\t\t<span style=\"cursor: pointer\" data-src=\"https:\/\/autorai.nl\/wp-content\/uploads\/2023\/05\/P90505490_highRes_the-new-bmw-i5-m60-x-1600x1067.jpg\" data-fancybox=\"galery-0\" title=\"\"><br \/>\n\t\t\t\t\t\t\t<img decoding=\"async\" width=\"360\" height=\"270\" src=\"https:\/\/autorai.nl\/wp-content\/uploads\/2023\/05\/P90505490_highRes_the-new-bmw-i5-m60-x-360x270.jpg\" class=\"attachment-small size-small\" alt=\"\" loading=\"lazy\"><i class=\"fa fa-search-plus\" aria-hidden=\"true\"><\/i><br \/>\n\t\t\t\t\t\t<\/span><br \/>\n\t\t\t\t\t<\/figure>\n<figure>\n\t\t\t\t\t<span style=\"cursor: pointer\" data-src=\"https:\/\/autorai.nl\/wp-content\/uploads\/2023\/05\/P90505489_highRes_the-new-bmw-i5-m60-x-1600x1200.jpg\" data-fancybox=\"galery-0\" title=\"\"><br \/>\n\t\t\t\t\t\t\t<img decoding=\"async\" width=\"360\" height=\"270\" src=\"https:\/\/autorai.nl\/wp-content\/uploads\/2023\/05\/P90505489_highRes_the-new-bmw-i5-m60-x-360x270.jpg\" class=\"attachment-small size-small\" alt=\"\" loading=\"lazy\"><i class=\"fa fa-search-plus\" aria-hidden=\"true\"><\/i><br \/>\n\t\t\t\t\t\t<\/span><br \/>\n\t\t\t\t\t<\/figure>\n<figure>\n\t\t\t\t\t<span style=\"cursor: pointer\" data-src=\"https:\/\/autorai.nl\/wp-content\/uploads\/2023\/05\/P90505481_highRes_the-new-bmw-i5-m60-x-1600x1200.jpg\" data-fancybox=\"galery-0\" title=\"\"><br \/>\n\t\t\t\t\t\t\t<img decoding=\"async\" width=\"360\" height=\"270\" src=\"https:\/\/autorai.nl\/wp-content\/uploads\/2023\/05\/P90505481_highRes_the-new-bmw-i5-m60-x-360x270.jpg\" class=\"attachment-small size-small\" alt=\"\" loading=\"lazy\"><i class=\"fa fa-search-plus\" aria-hidden=\"true\"><\/i><br \/>\n\t\t\t\t\t\t<\/span><br \/>\n\t\t\t\t\t<\/figure>\n<figure>\n\t\t\t\t\t<span style=\"cursor: pointer\" data-src=\"https:\/\/autorai.nl\/wp-content\/uploads\/2023\/05\/P90505141_highRes_the-new-bmw-5-series-1600x1067.jpg\" data-fancybox=\"galery-0\" title=\"\"><br \/>\n\t\t\t\t\t\t\t<img decoding=\"async\" width=\"360\" height=\"270\" src=\"https:\/\/autorai.nl\/wp-content\/uploads\/2023\/05\/P90505141_highRes_the-new-bmw-5-series-360x270.jpg\" class=\"attachment-small size-small\" alt=\"\" loading=\"lazy\"><i class=\"fa fa-search-plus\" aria-hidden=\"true\"><\/i><br \/>\n\t\t\t\t\t\t<\/span><br \/>\n\t\t\t\t\t<\/figure>\n<figure>\n\t\t\t\t\t<span style=\"cursor: pointer\" data-src=\"https:\/\/autorai.nl\/wp-content\/uploads\/2023\/05\/P90505140_highRes_the-new-bmw-5-series-1600x1067.jpg\" data-fancybox=\"galery-0\" title=\"\"><br \/>\n\t\t\t\t\t\t\t<img decoding=\"async\" width=\"360\" height=\"270\" src=\"https:\/\/autorai.nl\/wp-content\/uploads\/2023\/05\/P90505140_highRes_the-new-bmw-5-series-360x270.jpg\" class=\"attachment-small size-small\" alt=\"\" loading=\"lazy\"><i class=\"fa fa-search-plus\" aria-hidden=\"true\"><\/i><br \/>\n\t\t\t\t\t\t<\/span><br \/>\n\t\t\t\t\t<\/figure>\n<figure>\n\t\t\t\t\t<span style=\"cursor: pointer\" data-src=\"https:\/\/autorai.nl\/wp-content\/uploads\/2023\/05\/P90505138_highRes_the-new-bmw-i5-edriv-1600x1067.jpg\" data-fancybox=\"galery-0\" title=\"\"><br \/>\n\t\t\t\t\t\t\t<img decoding=\"async\" width=\"360\" height=\"270\" src=\"https:\/\/autorai.nl\/wp-content\/uploads\/2023\/05\/P90505138_highRes_the-new-bmw-i5-edriv-360x270.jpg\" class=\"attachment-small size-small\" alt=\"\" loading=\"lazy\"><i class=\"fa fa-search-plus\" aria-hidden=\"true\"><\/i><br \/>\n\t\t\t\t\t\t<\/span><br \/>\n\t\t\t\t\t<\/figure>\n<figure>\n\t\t\t\t\t<span style=\"cursor: pointer\" data-src=\"https:\/\/autorai.nl\/wp-content\/uploads\/2023\/05\/P90505137_highRes_the-new-bmw-i5-edriv-1600x1067.jpg\" data-fancybox=\"galery-0\" title=\"\"><br \/>\n\t\t\t\t\t\t\t<img decoding=\"async\" width=\"360\" height=\"270\" src=\"https:\/\/autorai.nl\/wp-content\/uploads\/2023\/05\/P90505137_highRes_the-new-bmw-i5-edriv-360x270.jpg\" class=\"attachment-small size-small\" alt=\"\" loading=\"lazy\"><i class=\"fa fa-search-plus\" aria-hidden=\"true\"><\/i><br \/>\n\t\t\t\t\t\t<\/span><br \/>\n\t\t\t\t\t<\/figure>\n<figure>\n\t\t\t\t\t<span style=\"cursor: pointer\" data-src=\"https:\/\/autorai.nl\/wp-content\/uploads\/2023\/05\/P90505135_highRes_the-new-bmw-i5-edriv-1600x1067.jpg\" data-fancybox=\"galery-0\" title=\"\"><br \/>\n\t\t\t\t\t\t\t<img decoding=\"async\" width=\"360\" height=\"270\" src=\"https:\/\/autorai.nl\/wp-content\/uploads\/2023\/05\/P90505135_highRes_the-new-bmw-i5-edriv-360x270.jpg\" class=\"attachment-small size-small\" alt=\"\" loading=\"lazy\"><i class=\"fa fa-search-plus\" aria-hidden=\"true\"><\/i><br \/>\n\t\t\t\t\t\t<\/span><br \/>\n\t\t\t\t\t<\/figure>\n<figure>\n\t\t\t\t\t<span style=\"cursor: pointer\" data-src=\"https:\/\/autorai.nl\/wp-content\/uploads\/2023\/05\/P90505134_highRes_the-new-bmw-i5-edriv-1600x1067.jpg\" data-fancybox=\"galery-0\" title=\"\"><br \/>\n\t\t\t\t\t\t\t<img decoding=\"async\" width=\"360\" height=\"270\" src=\"https:\/\/autorai.nl\/wp-content\/uploads\/2023\/05\/P90505134_highRes_the-new-bmw-i5-edriv-360x270.jpg\" class=\"attachment-small size-small\" alt=\"\" loading=\"lazy\"><i class=\"fa fa-search-plus\" aria-hidden=\"true\"><\/i><br \/>\n\t\t\t\t\t\t<\/span><br \/>\n\t\t\t\t\t<\/figure>\n<figure>\n\t\t\t\t\t<span style=\"cursor: pointer\" data-src=\"https:\/\/autorai.nl\/wp-content\/uploads\/2023\/05\/P90505133_highRes_the-new-bmw-i5-edriv-1600x1067.jpg\" data-fancybox=\"galery-0\" title=\"\"><br \/>\n\t\t\t\t\t\t\t<img decoding=\"async\" width=\"360\" height=\"270\" src=\"https:\/\/autorai.nl\/wp-content\/uploads\/2023\/05\/P90505133_highRes_the-new-bmw-i5-edriv-360x270.jpg\" class=\"attachment-small size-small\" alt=\"\" loading=\"lazy\"><i class=\"fa fa-search-plus\" aria-hidden=\"true\"><\/i><br \/>\n\t\t\t\t\t\t<\/span><br \/>\n\t\t\t\t\t<\/figure>\n<figure>\n\t\t\t\t\t<span style=\"cursor: pointer\" data-src=\"https:\/\/autorai.nl\/wp-content\/uploads\/2023\/05\/P90505133_highRes_the-new-bmw-i5-edriv-1-1600x1067.jpg\" data-fancybox=\"galery-0\" title=\"\"><br \/>\n\t\t\t\t\t\t\t<img decoding=\"async\" width=\"360\" height=\"270\" src=\"https:\/\/autorai.nl\/wp-content\/uploads\/2023\/05\/P90505133_highRes_the-new-bmw-i5-edriv-1-360x270.jpg\" class=\"attachment-small size-small\" alt=\"\" loading=\"lazy\"><i class=\"fa fa-search-plus\" aria-hidden=\"true\"><\/i><br \/>\n\t\t\t\t\t\t<\/span><br \/>\n\t\t\t\t\t<\/figure>\n<figure>\n\t\t\t\t\t<span style=\"cursor: pointer\" data-src=\"https:\/\/autorai.nl\/wp-content\/uploads\/2023\/05\/P90505132_highRes_the-new-bmw-i5-edriv-1600x1067.jpg\" data-fancybox=\"galery-0\" title=\"\"><br \/>\n\t\t\t\t\t\t\t<img decoding=\"async\" width=\"360\" height=\"270\" src=\"https:\/\/autorai.nl\/wp-content\/uploads\/2023\/05\/P90505132_highRes_the-new-bmw-i5-edriv-360x270.jpg\" class=\"attachment-small size-small\" alt=\"\" loading=\"lazy\"><i class=\"fa fa-search-plus\" aria-hidden=\"true\"><\/i><br \/>\n\t\t\t\t\t\t<\/span><br \/>\n\t\t\t\t\t<\/figure>\n<figure>\n\t\t\t\t\t<span style=\"cursor: pointer\" data-src=\"https:\/\/autorai.nl\/wp-content\/uploads\/2023\/05\/P90505131_highRes_the-new-bmw-i5-edriv-1600x1067.jpg\" data-fancybox=\"galery-0\" title=\"\"><br \/>\n\t\t\t\t\t\t\t<img decoding=\"async\" width=\"360\" height=\"270\" src=\"https:\/\/autorai.nl\/wp-content\/uploads\/2023\/05\/P90505131_highRes_the-new-bmw-i5-edriv-360x270.jpg\" class=\"attachment-small size-small\" alt=\"\" loading=\"lazy\"><i class=\"fa fa-search-plus\" aria-hidden=\"true\"><\/i><br \/>\n\t\t\t\t\t\t<\/span><br \/>\n\t\t\t\t\t<\/figure>\n<figure>\n\t\t\t\t\t<span style=\"cursor: pointer\" data-src=\"https:\/\/autorai.nl\/wp-content\/uploads\/2023\/05\/P90505130_highRes_the-new-bmw-i5-edriv-1600x1067.jpg\" data-fancybox=\"galery-0\" title=\"\"><br \/>\n\t\t\t\t\t\t\t<img decoding=\"async\" width=\"360\" height=\"270\" src=\"https:\/\/autorai.nl\/wp-content\/uploads\/2023\/05\/P90505130_highRes_the-new-bmw-i5-edriv-360x270.jpg\" class=\"attachment-small size-small\" alt=\"\" loading=\"lazy\"><i class=\"fa fa-search-plus\" aria-hidden=\"true\"><\/i><br \/>\n\t\t\t\t\t\t<\/span><br \/>\n\t\t\t\t\t<\/figure>\n<figure>\n\t\t\t\t\t<span style=\"cursor: pointer\" data-src=\"https:\/\/autorai.nl\/wp-content\/uploads\/2023\/05\/P90505127_highRes_the-new-bmw-i5-edriv-1600x1067.jpg\" data-fancybox=\"galery-0\" title=\"\"><br \/>\n\t\t\t\t\t\t\t<img decoding=\"async\" width=\"360\" height=\"270\" src=\"https:\/\/autorai.nl\/wp-content\/uploads\/2023\/05\/P90505127_highRes_the-new-bmw-i5-edriv-360x270.jpg\" class=\"attachment-small size-small\" alt=\"\" loading=\"lazy\"><i class=\"fa fa-search-plus\" aria-hidden=\"true\"><\/i><br \/>\n\t\t\t\t\t\t<\/span><br \/>\n\t\t\t\t\t<\/figure>\n<figure>\n\t\t\t\t\t<span style=\"cursor: pointer\" data-src=\"https:\/\/autorai.nl\/wp-content\/uploads\/2023\/05\/P90505120_highRes_the-new-bmw-i5-edriv-1600x1067.jpg\" data-fancybox=\"galery-0\" title=\"\"><br \/>\n\t\t\t\t\t\t\t<img decoding=\"async\" width=\"360\" height=\"270\" src=\"https:\/\/autorai.nl\/wp-content\/uploads\/2023\/05\/P90505120_highRes_the-new-bmw-i5-edriv-360x270.jpg\" class=\"attachment-small size-small\" alt=\"\" loading=\"lazy\"><i class=\"fa fa-search-plus\" aria-hidden=\"true\"><\/i><br \/>\n\t\t\t\t\t\t<\/span><br \/>\n\t\t\t\t\t<\/figure>\n<figure>\n\t\t\t\t\t<span style=\"cursor: pointer\" data-src=\"https:\/\/autorai.nl\/wp-content\/uploads\/2023\/05\/P90505110_highRes_the-new-bmw-i5-edriv-1600x1067.jpg\" data-fancybox=\"galery-0\" title=\"\"><br \/>\n\t\t\t\t\t\t\t<img decoding=\"async\" width=\"360\" height=\"270\" src=\"https:\/\/autorai.nl\/wp-content\/uploads\/2023\/05\/P90505110_highRes_the-new-bmw-i5-edriv-360x270.jpg\" class=\"attachment-small size-small\" alt=\"\" loading=\"lazy\"><i class=\"fa fa-search-plus\" aria-hidden=\"true\"><\/i><br \/>\n\t\t\t\t\t\t<\/span><br \/>\n\t\t\t\t\t<\/figure>\n<figure>\n\t\t\t\t\t<span style=\"cursor: pointer\" data-src=\"https:\/\/autorai.nl\/wp-content\/uploads\/2023\/05\/P90505099_highRes_the-new-bmw-i5-edriv-1600x1067.jpg\" data-fancybox=\"galery-0\" title=\"\"><br \/>\n\t\t\t\t\t\t\t<img decoding=\"async\" width=\"360\" height=\"270\" src=\"https:\/\/autorai.nl\/wp-content\/uploads\/2023\/05\/P90505099_highRes_the-new-bmw-i5-edriv-360x270.jpg\" class=\"attachment-small size-small\" alt=\"\" loading=\"lazy\"><i class=\"fa fa-search-plus\" aria-hidden=\"true\"><\/i><br \/>\n\t\t\t\t\t\t<\/span><br \/>\n\t\t\t\t\t<\/figure>\n<figure>\n\t\t\t\t\t<span style=\"cursor: pointer\" data-src=\"https:\/\/autorai.nl\/wp-content\/uploads\/2023\/05\/P90505097_highRes_the-new-bmw-i5-edriv-1600x1067.jpg\" data-fancybox=\"galery-0\" title=\"\"><br \/>\n\t\t\t\t\t\t\t<img decoding=\"async\" width=\"360\" height=\"270\" src=\"https:\/\/autorai.nl\/wp-content\/uploads\/2023\/05\/P90505097_highRes_the-new-bmw-i5-edriv-360x270.jpg\" class=\"attachment-small size-small\" alt=\"\" loading=\"lazy\"><i class=\"fa fa-search-plus\" aria-hidden=\"true\"><\/i><br \/>\n\t\t\t\t\t\t<\/span><br \/>\n\t\t\t\t\t<\/figure>\n<figure>\n\t\t\t\t\t<span style=\"cursor: pointer\" data-src=\"https:\/\/autorai.nl\/wp-content\/uploads\/2023\/05\/P90505094_highRes_the-new-bmw-i5-edriv-1600x1067.jpg\" data-fancybox=\"galery-0\" title=\"\"><br \/>\n\t\t\t\t\t\t\t<img decoding=\"async\" width=\"360\" height=\"270\" src=\"https:\/\/autorai.nl\/wp-content\/uploads\/2023\/05\/P90505094_highRes_the-new-bmw-i5-edriv-360x270.jpg\" class=\"attachment-small size-small\" alt=\"\" loading=\"lazy\"><i class=\"fa fa-search-plus\" aria-hidden=\"true\"><\/i><br \/>\n\t\t\t\t\t\t<\/span><br \/>\n\t\t\t\t\t<\/figure>\n<figure>\n\t\t\t\t\t<span style=\"cursor: pointer\" data-src=\"https:\/\/autorai.nl\/wp-content\/uploads\/2023\/05\/P90505088_highRes_the-new-bmw-i5-edriv-1600x1067.jpg\" data-fancybox=\"galery-0\" title=\"\"><br \/>\n\t\t\t\t\t\t\t<img decoding=\"async\" width=\"360\" height=\"270\" src=\"https:\/\/autorai.nl\/wp-content\/uploads\/2023\/05\/P90505088_highRes_the-new-bmw-i5-edriv-360x270.jpg\" class=\"attachment-small size-small\" alt=\"\" loading=\"lazy\"><i class=\"fa fa-search-plus\" aria-hidden=\"true\"><\/i><br \/>\n\t\t\t\t\t\t<\/span><br \/>\n\t\t\t\t\t<\/figure>\n<figure>\n\t\t\t\t\t<span style=\"cursor: pointer\" data-src=\"https:\/\/autorai.nl\/wp-content\/uploads\/2023\/05\/P90505074_highRes_the-new-bmw-i5-m60-x-1600x1067.jpg\" data-fancybox=\"galery-0\" title=\"\"><br \/>\n\t\t\t\t\t\t\t<img decoding=\"async\" width=\"360\" height=\"270\" src=\"https:\/\/autorai.nl\/wp-content\/uploads\/2023\/05\/P90505074_highRes_the-new-bmw-i5-m60-x-360x270.jpg\" class=\"attachment-small size-small\" alt=\"\" loading=\"lazy\"><i class=\"fa fa-search-plus\" aria-hidden=\"true\"><\/i><br \/>\n\t\t\t\t\t\t<\/span><br \/>\n\t\t\t\t\t<\/figure>\n<figure>\n\t\t\t\t\t<span style=\"cursor: pointer\" data-src=\"https:\/\/autorai.nl\/wp-content\/uploads\/2023\/05\/P90505060_highRes_the-new-bmw-i5-m60-x-1600x1067.jpg\" data-fancybox=\"galery-0\" title=\"\"><br \/>\n\t\t\t\t\t\t\t<img decoding=\"async\" width=\"360\" height=\"270\" src=\"https:\/\/autorai.nl\/wp-content\/uploads\/2023\/05\/P90505060_highRes_the-new-bmw-i5-m60-x-360x270.jpg\" class=\"attachment-small size-small\" alt=\"\" loading=\"lazy\"><i class=\"fa fa-search-plus\" aria-hidden=\"true\"><\/i><br \/>\n\t\t\t\t\t\t<\/span><br \/>\n\t\t\t\t\t<\/figure>\n<figure>\n\t\t\t\t\t<span style=\"cursor: pointer\" data-src=\"https:\/\/autorai.nl\/wp-content\/uploads\/2023\/05\/P90505029_highRes_the-new-bmw-i5-edriv-1600x1067.jpg\" data-fancybox=\"galery-0\" title=\"\"><br \/>\n\t\t\t\t\t\t\t<img decoding=\"async\" width=\"360\" height=\"270\" src=\"https:\/\/autorai.nl\/wp-content\/uploads\/2023\/05\/P90505029_highRes_the-new-bmw-i5-edriv-360x270.jpg\" class=\"attachment-small size-small\" alt=\"\" loading=\"lazy\"><i class=\"fa fa-search-plus\" aria-hidden=\"true\"><\/i><br \/>\n\t\t\t\t\t\t<\/span><br \/>\n\t\t\t\t\t<\/figure>\n<figure>\n\t\t\t\t\t<span style=\"cursor: pointer\" data-src=\"https:\/\/autorai.nl\/wp-content\/uploads\/2023\/05\/P90505025_highRes_the-new-bmw-i5-edriv-1600x1067.jpg\" data-fancybox=\"galery-0\" title=\"\"><br \/>\n\t\t\t\t\t\t\t<img decoding=\"async\" width=\"360\" height=\"270\" src=\"https:\/\/autorai.nl\/wp-content\/uploads\/2023\/05\/P90505025_highRes_the-new-bmw-i5-edriv-360x270.jpg\" class=\"attachment-small size-small\" alt=\"\" loading=\"lazy\"><i class=\"fa fa-search-plus\" aria-hidden=\"true\"><\/i><br \/>\n\t\t\t\t\t\t<\/span><br \/>\n\t\t\t\t\t<\/figure>\n<figure>\n\t\t\t\t\t<span style=\"cursor: pointer\" data-src=\"https:\/\/autorai.nl\/wp-content\/uploads\/2023\/05\/P90505020_highRes_the-new-bmw-i5-edriv-1600x1067.jpg\" data-fancybox=\"galery-0\" title=\"\"><br \/>\n\t\t\t\t\t\t\t<img decoding=\"async\" width=\"360\" height=\"270\" src=\"https:\/\/autorai.nl\/wp-content\/uploads\/2023\/05\/P90505020_highRes_the-new-bmw-i5-edriv-360x270.jpg\" class=\"attachment-small size-small\" alt=\"\" loading=\"lazy\"><i class=\"fa fa-search-plus\" aria-hidden=\"true\"><\/i><br \/>\n\t\t\t\t\t\t<\/span><br \/>\n\t\t\t\t\t<\/figure>\n<figure>\n\t\t\t\t\t<span style=\"cursor: pointer\" data-src=\"https:\/\/autorai.nl\/wp-content\/uploads\/2023\/05\/P90505000_highRes_the-new-bmw-i5-edriv-1600x1067.jpg\" data-fancybox=\"galery-0\" title=\"\"><br \/>\n\t\t\t\t\t\t\t<img decoding=\"async\" width=\"360\" height=\"270\" src=\"https:\/\/autorai.nl\/wp-content\/uploads\/2023\/05\/P90505000_highRes_the-new-bmw-i5-edriv-360x270.jpg\" class=\"attachment-small size-small\" alt=\"\" loading=\"lazy\"><i class=\"fa fa-search-plus\" aria-hidden=\"true\"><\/i><br \/>\n\t\t\t\t\t\t<\/span><br \/>\n\t\t\t\t\t<\/figure>\n<figure>\n\t\t\t\t\t<span style=\"cursor: pointer\" data-src=\"https:\/\/autorai.nl\/wp-content\/uploads\/2023\/05\/P90504993_highRes_the-new-bmw-i5-edriv-1600x1067.jpg\" data-fancybox=\"galery-0\" title=\"\"><br \/>\n\t\t\t\t\t\t\t<img decoding=\"async\" width=\"360\" height=\"270\" src=\"https:\/\/autorai.nl\/wp-content\/uploads\/2023\/05\/P90504993_highRes_the-new-bmw-i5-edriv-360x270.jpg\" class=\"attachment-small size-small\" alt=\"\" loading=\"lazy\"><i class=\"fa fa-search-plus\" aria-hidden=\"true\"><\/i><br \/>\n\t\t\t\t\t\t<\/span><br \/>\n\t\t\t\t\t<\/figure>\n<figure>\n\t\t\t\t\t<span style=\"cursor: pointer\" data-src=\"https:\/\/autorai.nl\/wp-content\/uploads\/2023\/05\/P90504829_highRes_bundesliga-in-car-ap-1600x1067.jpg\" data-fancybox=\"galery-0\" title=\"\"><br \/>\n\t\t\t\t\t\t\t<img decoding=\"async\" width=\"360\" height=\"270\" src=\"https:\/\/autorai.nl\/wp-content\/uploads\/2023\/05\/P90504829_highRes_bundesliga-in-car-ap-360x270.jpg\" class=\"attachment-small size-small\" alt=\"\" loading=\"lazy\"><i class=\"fa fa-search-plus\" aria-hidden=\"true\"><\/i><br \/>\n\t\t\t\t\t\t<\/span><br \/>\n\t\t\t\t\t<\/figure>\n<figure>\n\t\t\t\t\t<span style=\"cursor: pointer\" data-src=\"https:\/\/autorai.nl\/wp-content\/uploads\/2023\/05\/P90504811_highRes_apple-carplay-in-the-1600x1067.jpg\" data-fancybox=\"galery-0\" title=\"\"><br \/>\n\t\t\t\t\t\t\t<img decoding=\"async\" width=\"360\" height=\"270\" src=\"https:\/\/autorai.nl\/wp-content\/uploads\/2023\/05\/P90504811_highRes_apple-carplay-in-the-360x270.jpg\" class=\"attachment-small size-small\" alt=\"\" loading=\"lazy\"><i class=\"fa fa-search-plus\" aria-hidden=\"true\"><\/i><br \/>\n\t\t\t\t\t\t<\/span><br \/>\n\t\t\t\t\t<\/figure>\n<figure>\n\t\t\t\t\t<span style=\"cursor: pointer\" data-src=\"https:\/\/autorai.nl\/wp-content\/uploads\/2023\/05\/P90504804_highRes_in-car-gaming-with-t-1600x1067.jpg\" data-fancybox=\"galery-0\" title=\"\"><br \/>\n\t\t\t\t\t\t\t<img decoding=\"async\" width=\"360\" height=\"270\" src=\"https:\/\/autorai.nl\/wp-content\/uploads\/2023\/05\/P90504804_highRes_in-car-gaming-with-t-360x270.jpg\" class=\"attachment-small size-small\" alt=\"\" loading=\"lazy\"><i class=\"fa fa-search-plus\" aria-hidden=\"true\"><\/i><br \/>\n\t\t\t\t\t\t<\/span><br \/>\n\t\t\t\t\t<\/figure>\n<figure>\n\t\t\t\t\t<span style=\"cursor: pointer\" data-src=\"https:\/\/autorai.nl\/wp-content\/uploads\/2023\/05\/P90504803_highRes_in-car-gaming-with-t-1600x1067.jpg\" data-fancybox=\"galery-0\" title=\"\"><br \/>\n\t\t\t\t\t\t\t<img decoding=\"async\" width=\"360\" height=\"270\" src=\"https:\/\/autorai.nl\/wp-content\/uploads\/2023\/05\/P90504803_highRes_in-car-gaming-with-t-360x270.jpg\" class=\"attachment-small size-small\" alt=\"\" loading=\"lazy\"><i class=\"fa fa-search-plus\" aria-hidden=\"true\"><\/i><br \/>\n\t\t\t\t\t\t<\/span><br \/>\n\t\t\t\t\t<\/figure>\n<figure>\n\t\t\t\t\t<span style=\"cursor: pointer\" data-src=\"https:\/\/autorai.nl\/wp-content\/uploads\/2023\/05\/P90504802_highRes_in-car-gaming-with-t-1600x1067.jpg\" data-fancybox=\"galery-0\" title=\"\"><br \/>\n\t\t\t\t\t\t\t<img decoding=\"async\" width=\"360\" height=\"270\" src=\"https:\/\/autorai.nl\/wp-content\/uploads\/2023\/05\/P90504802_highRes_in-car-gaming-with-t-360x270.jpg\" class=\"attachment-small size-small\" alt=\"\" loading=\"lazy\"><i class=\"fa fa-search-plus\" aria-hidden=\"true\"><\/i><br \/>\n\t\t\t\t\t\t<\/span><br \/>\n\t\t\t\t\t<\/figure>\n<figure>\n\t\t\t\t\t<span style=\"cursor: pointer\" data-src=\"https:\/\/autorai.nl\/wp-content\/uploads\/2023\/05\/P90504801_highRes_in-car-gaming-with-t-1600x1067.jpg\" data-fancybox=\"galery-0\" title=\"\"><br \/>\n\t\t\t\t\t\t\t<img decoding=\"async\" width=\"360\" height=\"270\" src=\"https:\/\/autorai.nl\/wp-content\/uploads\/2023\/05\/P90504801_highRes_in-car-gaming-with-t-360x270.jpg\" class=\"attachment-small size-small\" alt=\"\" loading=\"lazy\"><i class=\"fa fa-search-plus\" aria-hidden=\"true\"><\/i><br \/>\n\t\t\t\t\t\t<\/span><br \/>\n\t\t\t\t\t<\/figure>\n<figure>\n\t\t\t\t\t<span style=\"cursor: pointer\" data-src=\"https:\/\/autorai.nl\/wp-content\/uploads\/2023\/05\/P90504800_highRes_in-car-gaming-with-t-1600x1067.jpg\" data-fancybox=\"galery-0\" title=\"\"><br \/>\n\t\t\t\t\t\t\t<img decoding=\"async\" width=\"360\" height=\"270\" src=\"https:\/\/autorai.nl\/wp-content\/uploads\/2023\/05\/P90504800_highRes_in-car-gaming-with-t-360x270.jpg\" class=\"attachment-small size-small\" alt=\"\" loading=\"lazy\"><i class=\"fa fa-search-plus\" aria-hidden=\"true\"><\/i><br \/>\n\t\t\t\t\t\t<\/span><br \/>\n\t\t\t\t\t<\/figure>\n<figure>\n\t\t\t\t\t<span style=\"cursor: pointer\" data-src=\"https:\/\/autorai.nl\/wp-content\/uploads\/2023\/05\/P90506462_highRes_the-new-bmw-i5-edriv-1600x1067.jpg\" data-fancybox=\"galery-0\" title=\"\"><br \/>\n\t\t\t\t\t\t\t<img decoding=\"async\" width=\"360\" height=\"270\" src=\"https:\/\/autorai.nl\/wp-content\/uploads\/2023\/05\/P90506462_highRes_the-new-bmw-i5-edriv-360x270.jpg\" class=\"attachment-small size-small\" alt=\"\" loading=\"lazy\"><i class=\"fa fa-search-plus\" aria-hidden=\"true\"><\/i><br \/>\n\t\t\t\t\t\t<\/span><br \/>\n\t\t\t\t\t<\/figure>\n<div class=\"clear\"><\/div>\n<\/div>\n","protected":false},"excerpt":{"rendered":"BMW 5er Mit der letzten Modellgeneration des BMW 5er (G30) entschied sich BMW f\u00fcr eine Weiterentwicklung des Vorg\u00e4ngermodells. Dieses Mal&hellip;","protected":false},"author":0,"featured_media":135909,"comment_status":"","ping_status":"open","sticky":false,"template":"","format":"standard","meta":{"footnotes":""},"categories":[125,128],"tags":[],"class_list":["post-135892","post","type-post","status-publish","format-standard","has-post-thumbnail","hentry","category-auto-nachrichten","category-hintergrund"],"acf":[],"yoast_head":"<!-- This site is optimized with the Yoast SEO plugin v21.2 - https:\/\/yoast.com\/wordpress\/plugins\/seo\/ -->\n<title>Test - der neue BMW i5 und der BMW 5er - Beeindruckend! - All cars news<\/title>\n<meta name=\"robots\" content=\"index, follow, max-snippet:-1, max-image-preview:large, max-video-preview:-1\" \/>\n<link rel=\"canonical\" href=\"https:\/\/all-car-news.com\/de\/test-der-neue-bmw-i5-und-der-bmw-5er-beeindruckend\/\" \/>\n<meta property=\"og:locale\" content=\"de_DE\" \/>\n<meta property=\"og:type\" content=\"article\" \/>\n<meta property=\"og:title\" content=\"Test - der neue BMW i5 und der BMW 5er - Beeindruckend! - All cars news\" \/>\n<meta property=\"og:description\" content=\"BMW 5er Mit der letzten Modellgeneration des BMW 5er (G30) entschied sich BMW f\u00fcr eine Weiterentwicklung des Vorg\u00e4ngermodells. Dieses Mal sind die Ver\u00e4nderungen viel gr\u00f6\u00dfer. Sowohl in Bezug auf das Design als auch auf die Technik. Beginnen wir mit dem Design. Die Linienf\u00fchrung unterscheidet sich deutlich vom bisherigen BMW 5er, aber [...]\" \/>\n<meta property=\"og:url\" content=\"https:\/\/all-car-news.com\/de\/test-der-neue-bmw-i5-und-der-bmw-5er-beeindruckend\/\" \/>\n<meta property=\"og:site_name\" content=\"All cars news\" \/>\n<meta property=\"article:published_time\" content=\"2023-05-24T14:01:00+00:00\" \/>\n<meta property=\"og:image\" content=\"https:\/\/autorai.nl\/wp-content\/uploads\/2023\/05\/bmw-i5-2023-autorai-foto7-1140x713.jpg\" \/>\n<meta name=\"twitter:card\" content=\"summary_large_image\" \/>\n<meta name=\"twitter:label1\" content=\"Gesch\u00e4tzte Lesezeit\" \/>\n\t<meta name=\"twitter:data1\" content=\"8\u00a0Minuten\" \/>\n<script type=\"application\/ld+json\" class=\"yoast-schema-graph\">{\"@context\":\"https:\/\/schema.org\",\"@graph\":[{\"@type\":\"Article\",\"@id\":\"https:\/\/all-car-news.com\/de\/test-der-neue-bmw-i5-und-der-bmw-5er-beeindruckend\/#article\",\"isPartOf\":{\"@id\":\"https:\/\/all-car-news.com\/de\/test-der-neue-bmw-i5-und-der-bmw-5er-beeindruckend\/\"},\"author\":{\"name\":\"\",\"@id\":\"\"},\"headline\":\"Test &#8211; der neue BMW i5 und der BMW 5er &#8211; Beeindruckend!\",\"datePublished\":\"2023-05-24T14:01:00+00:00\",\"dateModified\":\"2023-05-24T14:01:00+00:00\",\"mainEntityOfPage\":{\"@id\":\"https:\/\/all-car-news.com\/de\/test-der-neue-bmw-i5-und-der-bmw-5er-beeindruckend\/\"},\"wordCount\":1613,\"publisher\":{\"@id\":\"https:\/\/all-car-news.com\/de\/#organization\"},\"articleSection\":[\"Auto Nachrichten\",\"Hintergrund\"],\"inLanguage\":\"de\"},{\"@type\":\"WebPage\",\"@id\":\"https:\/\/all-car-news.com\/de\/test-der-neue-bmw-i5-und-der-bmw-5er-beeindruckend\/\",\"url\":\"https:\/\/all-car-news.com\/de\/test-der-neue-bmw-i5-und-der-bmw-5er-beeindruckend\/\",\"name\":\"Test - der neue BMW i5 und der BMW 5er - Beeindruckend! - All cars news\",\"isPartOf\":{\"@id\":\"https:\/\/all-car-news.com\/de\/#website\"},\"datePublished\":\"2023-05-24T14:01:00+00:00\",\"dateModified\":\"2023-05-24T14:01:00+00:00\",\"breadcrumb\":{\"@id\":\"https:\/\/all-car-news.com\/de\/test-der-neue-bmw-i5-und-der-bmw-5er-beeindruckend\/#breadcrumb\"},\"inLanguage\":\"de\",\"potentialAction\":[{\"@type\":\"ReadAction\",\"target\":[\"https:\/\/all-car-news.com\/de\/test-der-neue-bmw-i5-und-der-bmw-5er-beeindruckend\/\"]}]},{\"@type\":\"BreadcrumbList\",\"@id\":\"https:\/\/all-car-news.com\/de\/test-der-neue-bmw-i5-und-der-bmw-5er-beeindruckend\/#breadcrumb\",\"itemListElement\":[{\"@type\":\"ListItem\",\"position\":1,\"name\":\"Home\",\"item\":\"https:\/\/all-car-news.com\/de\/\"},{\"@type\":\"ListItem\",\"position\":2,\"name\":\"Test &#8211; der neue BMW i5 und der BMW 5er &#8211; Beeindruckend!\"}]},{\"@type\":\"WebSite\",\"@id\":\"https:\/\/all-car-news.com\/de\/#website\",\"url\":\"https:\/\/all-car-news.com\/de\/\",\"name\":\"All cars news\",\"description\":\"\",\"publisher\":{\"@id\":\"https:\/\/all-car-news.com\/de\/#organization\"},\"potentialAction\":[{\"@type\":\"SearchAction\",\"target\":{\"@type\":\"EntryPoint\",\"urlTemplate\":\"https:\/\/all-car-news.com\/de\/?s={search_term_string}\"},\"query-input\":\"required name=search_term_string\"}],\"inLanguage\":\"de\"},{\"@type\":\"Organization\",\"@id\":\"https:\/\/all-car-news.com\/de\/#organization\",\"name\":\"All cars news\",\"url\":\"https:\/\/all-car-news.com\/de\/\",\"logo\":{\"@type\":\"ImageObject\",\"inLanguage\":\"de\",\"@id\":\"https:\/\/all-car-news.com\/de\/#\/schema\/logo\/image\/\",\"url\":\"https:\/\/all-car-news.com\/wp-content\/uploads\/2022\/02\/CMYK-AllCarNews_LANDSCAPE_300px-1.png\",\"contentUrl\":\"https:\/\/all-car-news.com\/wp-content\/uploads\/2022\/02\/CMYK-AllCarNews_LANDSCAPE_300px-1.png\",\"width\":300,\"height\":100,\"caption\":\"All cars news\"},\"image\":{\"@id\":\"https:\/\/all-car-news.com\/de\/#\/schema\/logo\/image\/\"}}]}<\/script>\n<!-- \/ Yoast SEO plugin. -->","yoast_head_json":{"title":"Test - der neue BMW i5 und der BMW 5er - Beeindruckend! - All cars news","robots":{"index":"index","follow":"follow","max-snippet":"max-snippet:-1","max-image-preview":"max-image-preview:large","max-video-preview":"max-video-preview:-1"},"canonical":"https:\/\/all-car-news.com\/de\/test-der-neue-bmw-i5-und-der-bmw-5er-beeindruckend\/","og_locale":"de_DE","og_type":"article","og_title":"Test - der neue BMW i5 und der BMW 5er - Beeindruckend! - All cars news","og_description":"BMW 5er Mit der letzten Modellgeneration des BMW 5er (G30) entschied sich BMW f\u00fcr eine Weiterentwicklung des Vorg\u00e4ngermodells. Dieses Mal sind die Ver\u00e4nderungen viel gr\u00f6\u00dfer. Sowohl in Bezug auf das Design als auch auf die Technik. Beginnen wir mit dem Design. Die Linienf\u00fchrung unterscheidet sich deutlich vom bisherigen BMW 5er, aber [...]","og_url":"https:\/\/all-car-news.com\/de\/test-der-neue-bmw-i5-und-der-bmw-5er-beeindruckend\/","og_site_name":"All cars news","article_published_time":"2023-05-24T14:01:00+00:00","og_image":[{"url":"https:\/\/autorai.nl\/wp-content\/uploads\/2023\/05\/bmw-i5-2023-autorai-foto7-1140x713.jpg"}],"twitter_card":"summary_large_image","twitter_misc":{"Gesch\u00e4tzte Lesezeit":"8\u00a0Minuten"},"schema":{"@context":"https:\/\/schema.org","@graph":[{"@type":"Article","@id":"https:\/\/all-car-news.com\/de\/test-der-neue-bmw-i5-und-der-bmw-5er-beeindruckend\/#article","isPartOf":{"@id":"https:\/\/all-car-news.com\/de\/test-der-neue-bmw-i5-und-der-bmw-5er-beeindruckend\/"},"author":{"name":"","@id":""},"headline":"Test &#8211; der neue BMW i5 und der BMW 5er &#8211; Beeindruckend!","datePublished":"2023-05-24T14:01:00+00:00","dateModified":"2023-05-24T14:01:00+00:00","mainEntityOfPage":{"@id":"https:\/\/all-car-news.com\/de\/test-der-neue-bmw-i5-und-der-bmw-5er-beeindruckend\/"},"wordCount":1613,"publisher":{"@id":"https:\/\/all-car-news.com\/de\/#organization"},"articleSection":["Auto Nachrichten","Hintergrund"],"inLanguage":"de"},{"@type":"WebPage","@id":"https:\/\/all-car-news.com\/de\/test-der-neue-bmw-i5-und-der-bmw-5er-beeindruckend\/","url":"https:\/\/all-car-news.com\/de\/test-der-neue-bmw-i5-und-der-bmw-5er-beeindruckend\/","name":"Test - der neue BMW i5 und der BMW 5er - Beeindruckend! - All cars news","isPartOf":{"@id":"https:\/\/all-car-news.com\/de\/#website"},"datePublished":"2023-05-24T14:01:00+00:00","dateModified":"2023-05-24T14:01:00+00:00","breadcrumb":{"@id":"https:\/\/all-car-news.com\/de\/test-der-neue-bmw-i5-und-der-bmw-5er-beeindruckend\/#breadcrumb"},"inLanguage":"de","potentialAction":[{"@type":"ReadAction","target":["https:\/\/all-car-news.com\/de\/test-der-neue-bmw-i5-und-der-bmw-5er-beeindruckend\/"]}]},{"@type":"BreadcrumbList","@id":"https:\/\/all-car-news.com\/de\/test-der-neue-bmw-i5-und-der-bmw-5er-beeindruckend\/#breadcrumb","itemListElement":[{"@type":"ListItem","position":1,"name":"Home","item":"https:\/\/all-car-news.com\/de\/"},{"@type":"ListItem","position":2,"name":"Test &#8211; der neue BMW i5 und der BMW 5er &#8211; Beeindruckend!"}]},{"@type":"WebSite","@id":"https:\/\/all-car-news.com\/de\/#website","url":"https:\/\/all-car-news.com\/de\/","name":"All cars news","description":"","publisher":{"@id":"https:\/\/all-car-news.com\/de\/#organization"},"potentialAction":[{"@type":"SearchAction","target":{"@type":"EntryPoint","urlTemplate":"https:\/\/all-car-news.com\/de\/?s={search_term_string}"},"query-input":"required name=search_term_string"}],"inLanguage":"de"},{"@type":"Organization","@id":"https:\/\/all-car-news.com\/de\/#organization","name":"All cars news","url":"https:\/\/all-car-news.com\/de\/","logo":{"@type":"ImageObject","inLanguage":"de","@id":"https:\/\/all-car-news.com\/de\/#\/schema\/logo\/image\/","url":"https:\/\/all-car-news.com\/wp-content\/uploads\/2022\/02\/CMYK-AllCarNews_LANDSCAPE_300px-1.png","contentUrl":"https:\/\/all-car-news.com\/wp-content\/uploads\/2022\/02\/CMYK-AllCarNews_LANDSCAPE_300px-1.png","width":300,"height":100,"caption":"All cars news"},"image":{"@id":"https:\/\/all-car-news.com\/de\/#\/schema\/logo\/image\/"}}]}},"_links":{"self":[{"href":"https:\/\/all-car-news.com\/de\/wp-json\/wp\/v2\/posts\/135892","targetHints":{"allow":["GET"]}}],"collection":[{"href":"https:\/\/all-car-news.com\/de\/wp-json\/wp\/v2\/posts"}],"about":[{"href":"https:\/\/all-car-news.com\/de\/wp-json\/wp\/v2\/types\/post"}],"replies":[{"embeddable":true,"href":"https:\/\/all-car-news.com\/de\/wp-json\/wp\/v2\/comments?post=135892"}],"version-history":[{"count":0,"href":"https:\/\/all-car-news.com\/de\/wp-json\/wp\/v2\/posts\/135892\/revisions"}],"wp:featuredmedia":[{"embeddable":true,"href":"https:\/\/all-car-news.com\/de\/wp-json\/wp\/v2\/media\/135909"}],"wp:attachment":[{"href":"https:\/\/all-car-news.com\/de\/wp-json\/wp\/v2\/media?parent=135892"}],"wp:term":[{"taxonomy":"category","embeddable":true,"href":"https:\/\/all-car-news.com\/de\/wp-json\/wp\/v2\/categories?post=135892"},{"taxonomy":"post_tag","embeddable":true,"href":"https:\/\/all-car-news.com\/de\/wp-json\/wp\/v2\/tags?post=135892"}],"curies":[{"name":"wp","href":"https:\/\/api.w.org\/{rel}","templated":true}]}}