{"id":135876,"date":"2023-05-24T13:08:12","date_gmt":"2023-05-24T13:08:12","guid":{"rendered":"https:\/\/all-car-news.com\/volkswagen-touareg-zurueck-auf-der-landkarte-in-den-niederlanden\/"},"modified":"2023-05-24T13:08:12","modified_gmt":"2023-05-24T13:08:12","slug":"volkswagen-touareg-zurueck-auf-der-landkarte-in-den-niederlanden","status":"publish","type":"post","link":"https:\/\/all-car-news.com\/de\/volkswagen-touareg-zurueck-auf-der-landkarte-in-den-niederlanden\/","title":{"rendered":"Volkswagen Touareg zur\u00fcck auf der Landkarte in den Niederlanden!"},"content":{"rendered":"<h2>19.216 Mikro-LEDs<\/h2>\n<p>Das gesch\u00e4rfte Design des Volkswagen Touareg sticht sofort ins Auge. Hier spielen die neuen Matrix HD-Scheinwerfer und das durchgehende LED-Lichtband im K\u00fchlergrill die Hauptrolle. Jede Leuchteinheit verwendet 19.216 Mikro-LEDs. Dank der vielen LEDs stehen zahlreiche neue Funktionen zur Verf\u00fcgung. So kann ein Lichtteppich auf die Fahrbahn projiziert werden, der das Fahren im Dunkeln komfortabler und sicherer macht. Durch das gezielte Abschalten bestimmter LEDs wird der Gegenverkehr beim Fernlicht nicht geblendet. Das Hightech-System verf\u00fcgt zudem \u00fcber spezielle Funktionen wie dynamisches Kurvenlicht und die kurzzeitige Hervorhebung von Personen und Tieren (in Kombination mit Night Vision).  <\/p>\n<h2>Durchgehender LED-Streifen<\/h2>\n<p>Zusammen mit den neuen Heckleuchteneinheiten mit durchgehendem LED-Band inklusive beleuchtetem Volkswagen Logo lassen sich besondere Coming Home- und Leaving Home-Effekte erzielen. Je nach gew\u00e4hlter Version verf\u00fcgt der neue Touareg \u00fcber 19 oder 20 Zoll gro\u00dfe Leichtmetallr\u00e4der. Optional sind auch 21- oder sogar 22-Zoll-Ger\u00e4te erh\u00e4ltlich.<\/p>\n<figure class=\"wp-block-image size-content\"><img decoding=\"async\" loading=\"lazy\" width=\"1140\" height=\"760\" src=\"https:\/\/autorai.nl\/wp-content\/uploads\/2023\/05\/volkswagen-touareg-2023-foto11-1140x760.jpg\" alt=\"Volkswagen Touareg\" class=\"wp-image-159216\"><\/figure>\n<h2>Die neuesten Fahrassistenzsysteme<\/h2>\n<p>Als Topmodell der Volkswagen Baureihe verf\u00fcgt der Touareg nat\u00fcrlich \u00fcber die neuesten und fortschrittlichsten Assistenzsysteme. &nbsp;Ein Beispiel ist der Dachlastsensor. &nbsp;Er liefert Informationen an Fahrassistenzsysteme wie das ESC: Erkennt der Sensor zum Beispiel, dass eine Dachbox montiert ist, kann das ESC schneller eingreifen, um die Stabilit\u00e4t des Fahrzeugs zu gew\u00e4hrleisten. Wenn keine Dachbox montiert ist, greift das ESC erst sp\u00e4ter ein.<\/p>\n<p>Travel Assist erm\u00f6glicht teilautomatisiertes Fahren (bis zur H\u00f6chstgeschwindigkeit). Mit dem Park Assist Plus kann der Touareg \u00fcber eine App ferngesteuert ein- oder ausgeparkt werden. Trailer Assist erleichtert das Man\u00f6vrieren mit einem Anh\u00e4nger. Night Vision verbessert das Sicherheitsniveau durch den Einsatz einer W\u00e4rmebildkamera zur fr\u00fchzeitigen Erkennung von Menschen und Tieren in Stra\u00dfenn\u00e4he.<\/p>\n<figure class=\"wp-block-image size-content\"><img decoding=\"async\" loading=\"lazy\" width=\"1140\" height=\"760\" src=\"https:\/\/autorai.nl\/wp-content\/uploads\/2023\/05\/volkswagen-touareg-2023-foto13-1140x760.jpg\" alt=\"\" class=\"wp-image-159218\"><\/figure>\n<h2>Innovision Cockpit<\/h2>\n<p>Das Innovision Cockpit ist der absolute Blickfang im Innenraum des Touareg. Das Digital Cockpit (30,5 cm) und das Infotainmentsystem Discover Pro Max mit 38,1 cm gro\u00dfem Touchscreen sind nahtlos miteinander verbunden. So entsteht eine &#8222;digitale Landschaft&#8220; mit nur einem Bildschirm. Die Navigationsfunktion bietet jetzt Informationen auf Fahrspurebene und verwendet HD-Daten f\u00fcr die Anzeige. Die Sprachsteuerungsfunktion ist von der neuesten Generation, und Smartphones (Android und Apple) k\u00f6nnen \u00fcber App Connect drahtlos gekoppelt werden. Die USB-C-Anschl\u00fcsse haben eine Ladeleistung von 45 W (vorher 15 W), wodurch Smartphones und andere Ger\u00e4te noch schneller geladen werden k\u00f6nnen. &nbsp;&nbsp;&nbsp;Interessante Optionen sind das Head-up-Display und das High-End-Soundsystem von Dynaudio.<\/p>\n<h2>3.500 kg Anh\u00e4ngelast<\/h2>\n<p>Jeder Touareg ist serienm\u00e4\u00dfig mit dem Allradantrieb 4MOTION ausgestattet. Das 4MOTION-System, das sowohl auf der Stra\u00dfe als auch im Gel\u00e4nde eingesetzt werden kann, bietet unter allen Bedingungen und auf jedem Untergrund optimalen Grip und Stabilit\u00e4t. Auch deshalb &#8211; und wegen seines hohen Anh\u00e4ngelgewichts von 3.500 kg &#8211; eignet sich der Touareg sehr gut zum Ziehen von schweren Anh\u00e4ngern, darunter gro\u00dfe Wohnwagen, Pferde-, Auto- und Bootsanh\u00e4nger. Auf Wunsch ist der neue Touareg mit der adaptiven Luftfederung erh\u00e4ltlich; in Sachen Handling und Komfort kann es dieser Volkswagen mit den Top-SUVs der Oberklasse aufnehmen.<\/p>\n<figure class=\"wp-block-image size-content\"><img decoding=\"async\" loading=\"lazy\" width=\"1140\" height=\"760\" src=\"https:\/\/autorai.nl\/wp-content\/uploads\/2023\/05\/volkswagen-touareg-2023-foto9-1140x760.jpg\" alt=\"\" class=\"wp-image-159214\"><\/figure>\n<h2>Serienm\u00e4\u00dfige Plug-in-Hybridtechnik<\/h2>\n<p>In den Niederlanden wird der neue Touareg in zwei Ausstattungsvarianten erh\u00e4ltlich sein: als Elegance und als sportlicher R. Beide verf\u00fcgen \u00fcber einen Plug-in-Hybridantrieb und ein Achtgang-Automatikgetriebe. Im Touareg eHybrid Elegance f\u00fchrt das Zusammenspiel von V6-Benzinmotor und Elektromotor zu einer Systemleistung von 280 kW\/381 PS.  <\/p>\n<h2>Version Eleganz<\/h2>\n<p>Zur Serienausstattung der Elegance-Version geh\u00f6ren die Klimaanlage Air Care Climatronic, das Digital Innovision Cockpit mit dem Navigationssystem Discover Premium, ein Panorama-Schiebedach, elektrisch verstellbare Sitze und eine Lederausstattung. Der Touareg eHybrid Elegance unterstreicht seine f\u00fchrende Rolle bei der Beleuchtung mit Matrix HD-Scheinwerfern und LED-R\u00fcckleuchten mit dynamischer Brems- und Richtungsfunktion. N\u00fctzlich sind auch die elektrisch \u00f6ffnende Heckklappe und das Keyless Go-Startsystem. F\u00fcr Komfort und Sicherheit auf h\u00f6chstem Niveau sind Adaptive Cruise Control, Park Assist, Lane Assist, Front Assist und eine R\u00fcckfahrkamera immer mit dabei.<\/p>\n<h2>Touareg R eHybrid<\/h2>\n<p>Der von Volkswagen R entwickelte Touareg R eHybrid verf\u00fcgt ebenfalls \u00fcber einen Plug-in-Hybrid-Antriebsstrang, allerdings mit einer Systemleistung von immerhin 340 kW\/462 PS und einem maximalen Drehmoment von 700 Nm. Er bietet den gesamten Luxus des Elegance und f\u00fcgt zahlreiche sportliche Details hinzu, wie 20-Zoll-Leichtmetallfelgen &#8222;Braga&#8220;, blaue Bremss\u00e4ttel mit silberfarbenem R-Logo, beleuchtete R-Einstiegsleisten, Startbildschirm mit R-Logo f\u00fcr das Navigationssystem und Lederpolsterung &#8222;Vienna&#8220; mit blauen N\u00e4hten. Klimaanlage mit vier Klimazonen, Innenbeleuchtung in 30 einstellbaren Farben und Luftfederung geh\u00f6ren ebenfalls zur Serienausstattung des Touareg R, der auch in der einzigartigen Mattlackierung Silicon Grey&#8220; erh\u00e4ltlich ist.<\/p>\n<figure class=\"wp-block-image size-content\"><img decoding=\"async\" loading=\"lazy\" width=\"1140\" height=\"760\" src=\"https:\/\/autorai.nl\/wp-content\/uploads\/2023\/05\/volkswagen-touareg-2023-foto7-1140x760.jpg\" alt=\"\" class=\"wp-image-159212\"><\/figure>\n<h2>Dezember 2023<\/h2>\n<p>&nbsp;Der neue Touareg wird Mitte Dezember in den Niederlanden erwartet. Weitere Informationen zu den technischen Daten und Preisen werden vor der Markteinf\u00fchrung folgen.<\/p>\n<h2>21 Jahre Volkswagen Touareg<\/h2>\n<p>Der Volkswagen Touareg wird seit 2002 in Europa gebaut. Das Werk in Bratislava besch\u00e4ftigt \u00fcber 12.000 Menschen und ist damit einer der gr\u00f6\u00dften Arbeitgeber der Slowakei. Der erste Gel\u00e4ndewagen von Volkswagen bot den Komfort einer Luxuslimousine, kombiniert mit ernsthaften Offroad- und Schleppqualit\u00e4ten. Die Motorenpalette war sehr breit. Der Schwerpunkt lag dabei auf 5-, 6- und 8-Zylinder-Motoren. Im Jahr 2006 erschien der m\u00e4chtige Touareg V10 TDI und es gab sogar eine limitierte Auflage mit W12-Benzinmotor. In der zweiten Generation (ab 2010) kam der Touareg Hybrid auf den Markt, gefolgt von der dritten Generation (ab 2018), in der die Plug-in-Hybridtechnologie deb\u00fctierte. In den Niederlanden wurden \u00fcber 4.000 Touareg verkauft.<\/p>\n<div class=\"galery galery-0\">\n<figure>\n\t\t\t\t\t<span style=\"cursor: pointer\" data-src=\"https:\/\/autorai.nl\/wp-content\/uploads\/2023\/05\/volkswagen-touareg-2023-foto16-1600x900.jpg\" data-fancybox=\"galery-0\" title=\"\"><br \/>\n\t\t\t\t\t\t\t<img decoding=\"async\" width=\"360\" height=\"270\" src=\"https:\/\/autorai.nl\/wp-content\/uploads\/2023\/05\/volkswagen-touareg-2023-foto16-360x270.jpg\" class=\"attachment-small size-small\" alt=\"\" loading=\"lazy\"><i class=\"fa fa-search-plus\" aria-hidden=\"true\"><\/i><br \/>\n\t\t\t\t\t\t<\/span><br \/>\n\t\t\t\t\t<\/figure>\n<figure>\n\t\t\t\t\t<span style=\"cursor: pointer\" data-src=\"https:\/\/autorai.nl\/wp-content\/uploads\/2023\/05\/volkswagen-touareg-2023-foto15-1600x1067.jpg\" data-fancybox=\"galery-0\" title=\"\"><br \/>\n\t\t\t\t\t\t\t<img decoding=\"async\" width=\"360\" height=\"270\" src=\"https:\/\/autorai.nl\/wp-content\/uploads\/2023\/05\/volkswagen-touareg-2023-foto15-360x270.jpg\" class=\"attachment-small size-small\" alt=\"\" loading=\"lazy\"><i class=\"fa fa-search-plus\" aria-hidden=\"true\"><\/i><br \/>\n\t\t\t\t\t\t<\/span><br \/>\n\t\t\t\t\t<\/figure>\n<figure>\n\t\t\t\t\t<span style=\"cursor: pointer\" data-src=\"https:\/\/autorai.nl\/wp-content\/uploads\/2023\/05\/volkswagen-touareg-2023-foto14-1600x1067.jpg\" data-fancybox=\"galery-0\" title=\"\"><br \/>\n\t\t\t\t\t\t\t<img decoding=\"async\" width=\"360\" height=\"270\" src=\"https:\/\/autorai.nl\/wp-content\/uploads\/2023\/05\/volkswagen-touareg-2023-foto14-360x270.jpg\" class=\"attachment-small size-small\" alt=\"\" loading=\"lazy\"><i class=\"fa fa-search-plus\" aria-hidden=\"true\"><\/i><br \/>\n\t\t\t\t\t\t<\/span><br \/>\n\t\t\t\t\t<\/figure>\n<figure>\n\t\t\t\t\t<span style=\"cursor: pointer\" data-src=\"https:\/\/autorai.nl\/wp-content\/uploads\/2023\/05\/volkswagen-touareg-2023-foto13-1600x1067.jpg\" data-fancybox=\"galery-0\" title=\"\"><br \/>\n\t\t\t\t\t\t\t<img decoding=\"async\" width=\"360\" height=\"270\" src=\"https:\/\/autorai.nl\/wp-content\/uploads\/2023\/05\/volkswagen-touareg-2023-foto13-360x270.jpg\" class=\"attachment-small size-small\" alt=\"\" loading=\"lazy\"><i class=\"fa fa-search-plus\" aria-hidden=\"true\"><\/i><br \/>\n\t\t\t\t\t\t<\/span><br \/>\n\t\t\t\t\t<\/figure>\n<figure>\n\t\t\t\t\t<span style=\"cursor: pointer\" data-src=\"https:\/\/autorai.nl\/wp-content\/uploads\/2023\/05\/volkswagen-touareg-2023-foto12-1600x1067.jpg\" data-fancybox=\"galery-0\" title=\"\"><br \/>\n\t\t\t\t\t\t\t<img decoding=\"async\" width=\"360\" height=\"270\" src=\"https:\/\/autorai.nl\/wp-content\/uploads\/2023\/05\/volkswagen-touareg-2023-foto12-360x270.jpg\" class=\"attachment-small size-small\" alt=\"\" loading=\"lazy\"><i class=\"fa fa-search-plus\" aria-hidden=\"true\"><\/i><br \/>\n\t\t\t\t\t\t<\/span><br \/>\n\t\t\t\t\t<\/figure>\n<figure>\n\t\t\t\t\t<span style=\"cursor: pointer\" data-src=\"https:\/\/autorai.nl\/wp-content\/uploads\/2023\/05\/volkswagen-touareg-2023-foto11-1600x1067.jpg\" data-fancybox=\"galery-0\" title=\"\"><br \/>\n\t\t\t\t\t\t\t<img decoding=\"async\" width=\"360\" height=\"270\" src=\"https:\/\/autorai.nl\/wp-content\/uploads\/2023\/05\/volkswagen-touareg-2023-foto11-360x270.jpg\" class=\"attachment-small size-small\" alt=\"Volkswagen Touareg\" loading=\"lazy\"><i class=\"fa fa-search-plus\" aria-hidden=\"true\"><\/i><br \/>\n\t\t\t\t\t\t<\/span><br \/>\n\t\t\t\t\t<\/figure>\n<figure>\n\t\t\t\t\t<span style=\"cursor: pointer\" data-src=\"https:\/\/autorai.nl\/wp-content\/uploads\/2023\/05\/volkswagen-touareg-2023-foto10-1600x1067.jpg\" data-fancybox=\"galery-0\" title=\"\"><br \/>\n\t\t\t\t\t\t\t<img decoding=\"async\" width=\"360\" height=\"270\" src=\"https:\/\/autorai.nl\/wp-content\/uploads\/2023\/05\/volkswagen-touareg-2023-foto10-360x270.jpg\" class=\"attachment-small size-small\" alt=\"Volkswagen Touareg\" loading=\"lazy\"><i class=\"fa fa-search-plus\" aria-hidden=\"true\"><\/i><br \/>\n\t\t\t\t\t\t<\/span><br \/>\n\t\t\t\t\t<\/figure>\n<figure>\n\t\t\t\t\t<span style=\"cursor: pointer\" data-src=\"https:\/\/autorai.nl\/wp-content\/uploads\/2023\/05\/volkswagen-touareg-2023-foto9-1600x1067.jpg\" data-fancybox=\"galery-0\" title=\"\"><br \/>\n\t\t\t\t\t\t\t<img decoding=\"async\" width=\"360\" height=\"270\" src=\"https:\/\/autorai.nl\/wp-content\/uploads\/2023\/05\/volkswagen-touareg-2023-foto9-360x270.jpg\" class=\"attachment-small size-small\" alt=\"\" loading=\"lazy\"><i class=\"fa fa-search-plus\" aria-hidden=\"true\"><\/i><br \/>\n\t\t\t\t\t\t<\/span><br \/>\n\t\t\t\t\t<\/figure>\n<figure>\n\t\t\t\t\t<span style=\"cursor: pointer\" data-src=\"https:\/\/autorai.nl\/wp-content\/uploads\/2023\/05\/volkswagen-touareg-2023-foto8-1600x1067.jpg\" data-fancybox=\"galery-0\" title=\"\"><br \/>\n\t\t\t\t\t\t\t<img decoding=\"async\" width=\"360\" height=\"270\" src=\"https:\/\/autorai.nl\/wp-content\/uploads\/2023\/05\/volkswagen-touareg-2023-foto8-360x270.jpg\" class=\"attachment-small size-small\" alt=\"\" loading=\"lazy\"><i class=\"fa fa-search-plus\" aria-hidden=\"true\"><\/i><br \/>\n\t\t\t\t\t\t<\/span><br \/>\n\t\t\t\t\t<\/figure>\n<figure>\n\t\t\t\t\t<span style=\"cursor: pointer\" data-src=\"https:\/\/autorai.nl\/wp-content\/uploads\/2023\/05\/volkswagen-touareg-2023-foto7-1600x1067.jpg\" data-fancybox=\"galery-0\" title=\"\"><br \/>\n\t\t\t\t\t\t\t<img decoding=\"async\" width=\"360\" height=\"270\" src=\"https:\/\/autorai.nl\/wp-content\/uploads\/2023\/05\/volkswagen-touareg-2023-foto7-360x270.jpg\" class=\"attachment-small size-small\" alt=\"\" loading=\"lazy\"><i class=\"fa fa-search-plus\" aria-hidden=\"true\"><\/i><br \/>\n\t\t\t\t\t\t<\/span><br \/>\n\t\t\t\t\t<\/figure>\n<figure>\n\t\t\t\t\t<span style=\"cursor: pointer\" data-src=\"https:\/\/autorai.nl\/wp-content\/uploads\/2023\/05\/volkswagen-touareg-2023-foto6-1067x1600.jpg\" data-fancybox=\"galery-0\" title=\"\"><br \/>\n\t\t\t\t\t\t\t<img decoding=\"async\" width=\"360\" height=\"270\" src=\"https:\/\/autorai.nl\/wp-content\/uploads\/2023\/05\/volkswagen-touareg-2023-foto6-360x270.jpg\" class=\"attachment-small size-small\" alt=\"\" loading=\"lazy\"><i class=\"fa fa-search-plus\" aria-hidden=\"true\"><\/i><br \/>\n\t\t\t\t\t\t<\/span><br \/>\n\t\t\t\t\t<\/figure>\n<figure>\n\t\t\t\t\t<span style=\"cursor: pointer\" data-src=\"https:\/\/autorai.nl\/wp-content\/uploads\/2023\/05\/volkswagen-touareg-2023-foto5-1600x1067.jpg\" data-fancybox=\"galery-0\" title=\"\"><br \/>\n\t\t\t\t\t\t\t<img decoding=\"async\" width=\"360\" height=\"270\" src=\"https:\/\/autorai.nl\/wp-content\/uploads\/2023\/05\/volkswagen-touareg-2023-foto5-360x270.jpg\" class=\"attachment-small size-small\" alt=\"\" loading=\"lazy\"><i class=\"fa fa-search-plus\" aria-hidden=\"true\"><\/i><br \/>\n\t\t\t\t\t\t<\/span><br \/>\n\t\t\t\t\t<\/figure>\n<figure>\n\t\t\t\t\t<span style=\"cursor: pointer\" data-src=\"https:\/\/autorai.nl\/wp-content\/uploads\/2023\/05\/volkswagen-touareg-2023-foto4-1600x1067.jpg\" data-fancybox=\"galery-0\" title=\"\"><br \/>\n\t\t\t\t\t\t\t<img decoding=\"async\" width=\"360\" height=\"270\" src=\"https:\/\/autorai.nl\/wp-content\/uploads\/2023\/05\/volkswagen-touareg-2023-foto4-360x270.jpg\" class=\"attachment-small size-small\" alt=\"\" loading=\"lazy\"><i class=\"fa fa-search-plus\" aria-hidden=\"true\"><\/i><br \/>\n\t\t\t\t\t\t<\/span><br \/>\n\t\t\t\t\t<\/figure>\n<figure>\n\t\t\t\t\t<span style=\"cursor: pointer\" data-src=\"https:\/\/autorai.nl\/wp-content\/uploads\/2023\/05\/volkswagen-touareg-2023-foto3-1600x1068.jpg\" data-fancybox=\"galery-0\" title=\"\"><br \/>\n\t\t\t\t\t\t\t<img decoding=\"async\" width=\"360\" height=\"270\" src=\"https:\/\/autorai.nl\/wp-content\/uploads\/2023\/05\/volkswagen-touareg-2023-foto3-360x270.jpg\" class=\"attachment-small size-small\" alt=\"\" loading=\"lazy\"><i class=\"fa fa-search-plus\" aria-hidden=\"true\"><\/i><br \/>\n\t\t\t\t\t\t<\/span><br \/>\n\t\t\t\t\t<\/figure>\n<figure>\n\t\t\t\t\t<span style=\"cursor: pointer\" data-src=\"https:\/\/autorai.nl\/wp-content\/uploads\/2023\/05\/volkswagen-touareg-2023-foto2-1600x1067.jpg\" data-fancybox=\"galery-0\" title=\"\"><br \/>\n\t\t\t\t\t\t\t<img decoding=\"async\" width=\"360\" height=\"270\" src=\"https:\/\/autorai.nl\/wp-content\/uploads\/2023\/05\/volkswagen-touareg-2023-foto2-360x270.jpg\" class=\"attachment-small size-small\" alt=\"\" loading=\"lazy\"><i class=\"fa fa-search-plus\" aria-hidden=\"true\"><\/i><br \/>\n\t\t\t\t\t\t<\/span><br \/>\n\t\t\t\t\t<\/figure>\n<figure>\n\t\t\t\t\t<span style=\"cursor: pointer\" data-src=\"https:\/\/autorai.nl\/wp-content\/uploads\/2023\/05\/volkswagen-touareg-2023-foto1-1600x1067.jpg\" data-fancybox=\"galery-0\" title=\"\"><br \/>\n\t\t\t\t\t\t\t<img decoding=\"async\" width=\"360\" height=\"270\" src=\"https:\/\/autorai.nl\/wp-content\/uploads\/2023\/05\/volkswagen-touareg-2023-foto1-360x270.jpg\" class=\"attachment-small size-small\" alt=\"\" loading=\"lazy\"><i class=\"fa fa-search-plus\" aria-hidden=\"true\"><\/i><br \/>\n\t\t\t\t\t\t<\/span><br \/>\n\t\t\t\t\t<\/figure>\n<div class=\"clear\"><\/div>\n<\/div>\n","protected":false},"excerpt":{"rendered":"19.216 Mikro-LEDs Das gesch\u00e4rfte Design des Volkswagen Touareg sticht sofort ins Auge. Hier spielen die neuen Matrix HD-Scheinwerfer und das&hellip;","protected":false},"author":0,"featured_media":135850,"comment_status":"","ping_status":"open","sticky":false,"template":"","format":"standard","meta":{"footnotes":""},"categories":[125,128],"tags":[],"class_list":["post-135876","post","type-post","status-publish","format-standard","has-post-thumbnail","hentry","category-auto-nachrichten","category-hintergrund"],"acf":[],"yoast_head":"<!-- This site is optimized with the Yoast SEO plugin v21.2 - https:\/\/yoast.com\/wordpress\/plugins\/seo\/ -->\n<title>Volkswagen Touareg zur\u00fcck auf der Landkarte in den Niederlanden! - All cars news<\/title>\n<meta name=\"robots\" content=\"index, follow, max-snippet:-1, max-image-preview:large, max-video-preview:-1\" \/>\n<link rel=\"canonical\" href=\"https:\/\/all-car-news.com\/de\/volkswagen-touareg-zurueck-auf-der-landkarte-in-den-niederlanden\/\" \/>\n<meta property=\"og:locale\" content=\"de_DE\" \/>\n<meta property=\"og:type\" content=\"article\" \/>\n<meta property=\"og:title\" content=\"Volkswagen Touareg zur\u00fcck auf der Landkarte in den Niederlanden! - All cars news\" \/>\n<meta property=\"og:description\" content=\"19.216 Mikro-LEDs Das gesch\u00e4rfte Design des Volkswagen Touareg sticht sofort ins Auge. Hier spielen die neuen Matrix HD-Scheinwerfer und das durchgehende LED-Lichtband im K\u00fchlergrill die Hauptrolle. Jede Leuchteinheit verwendet 19.216 Mikro-LEDs. Dank der vielen LEDs stehen zahlreiche neue Funktionen zur Verf\u00fcgung. So kann ein Lichtteppich auf die Fahrbahn von [...] projiziert werden.\" \/>\n<meta property=\"og:url\" content=\"https:\/\/all-car-news.com\/de\/volkswagen-touareg-zurueck-auf-der-landkarte-in-den-niederlanden\/\" \/>\n<meta property=\"og:site_name\" content=\"All cars news\" \/>\n<meta property=\"article:published_time\" content=\"2023-05-24T13:08:12+00:00\" \/>\n<meta property=\"og:image\" content=\"https:\/\/autorai.nl\/wp-content\/uploads\/2023\/05\/volkswagen-touareg-2023-foto11-1140x760.jpg\" \/>\n<meta name=\"twitter:card\" content=\"summary_large_image\" \/>\n<meta name=\"twitter:label1\" content=\"Gesch\u00e4tzte Lesezeit\" \/>\n\t<meta name=\"twitter:data1\" content=\"4\u00a0Minuten\" \/>\n<script type=\"application\/ld+json\" class=\"yoast-schema-graph\">{\"@context\":\"https:\/\/schema.org\",\"@graph\":[{\"@type\":\"Article\",\"@id\":\"https:\/\/all-car-news.com\/de\/volkswagen-touareg-zurueck-auf-der-landkarte-in-den-niederlanden\/#article\",\"isPartOf\":{\"@id\":\"https:\/\/all-car-news.com\/de\/volkswagen-touareg-zurueck-auf-der-landkarte-in-den-niederlanden\/\"},\"author\":{\"name\":\"\",\"@id\":\"\"},\"headline\":\"Volkswagen Touareg zur\u00fcck auf der Landkarte in den Niederlanden!\",\"datePublished\":\"2023-05-24T13:08:12+00:00\",\"dateModified\":\"2023-05-24T13:08:12+00:00\",\"mainEntityOfPage\":{\"@id\":\"https:\/\/all-car-news.com\/de\/volkswagen-touareg-zurueck-auf-der-landkarte-in-den-niederlanden\/\"},\"wordCount\":876,\"publisher\":{\"@id\":\"https:\/\/all-car-news.com\/de\/#organization\"},\"articleSection\":[\"Auto Nachrichten\",\"Hintergrund\"],\"inLanguage\":\"de\"},{\"@type\":\"WebPage\",\"@id\":\"https:\/\/all-car-news.com\/de\/volkswagen-touareg-zurueck-auf-der-landkarte-in-den-niederlanden\/\",\"url\":\"https:\/\/all-car-news.com\/de\/volkswagen-touareg-zurueck-auf-der-landkarte-in-den-niederlanden\/\",\"name\":\"Volkswagen Touareg zur\u00fcck auf der Landkarte in den Niederlanden! - All cars news\",\"isPartOf\":{\"@id\":\"https:\/\/all-car-news.com\/de\/#website\"},\"datePublished\":\"2023-05-24T13:08:12+00:00\",\"dateModified\":\"2023-05-24T13:08:12+00:00\",\"breadcrumb\":{\"@id\":\"https:\/\/all-car-news.com\/de\/volkswagen-touareg-zurueck-auf-der-landkarte-in-den-niederlanden\/#breadcrumb\"},\"inLanguage\":\"de\",\"potentialAction\":[{\"@type\":\"ReadAction\",\"target\":[\"https:\/\/all-car-news.com\/de\/volkswagen-touareg-zurueck-auf-der-landkarte-in-den-niederlanden\/\"]}]},{\"@type\":\"BreadcrumbList\",\"@id\":\"https:\/\/all-car-news.com\/de\/volkswagen-touareg-zurueck-auf-der-landkarte-in-den-niederlanden\/#breadcrumb\",\"itemListElement\":[{\"@type\":\"ListItem\",\"position\":1,\"name\":\"Home\",\"item\":\"https:\/\/all-car-news.com\/de\/\"},{\"@type\":\"ListItem\",\"position\":2,\"name\":\"Volkswagen Touareg zur\u00fcck auf der Landkarte in den Niederlanden!\"}]},{\"@type\":\"WebSite\",\"@id\":\"https:\/\/all-car-news.com\/de\/#website\",\"url\":\"https:\/\/all-car-news.com\/de\/\",\"name\":\"All cars news\",\"description\":\"\",\"publisher\":{\"@id\":\"https:\/\/all-car-news.com\/de\/#organization\"},\"potentialAction\":[{\"@type\":\"SearchAction\",\"target\":{\"@type\":\"EntryPoint\",\"urlTemplate\":\"https:\/\/all-car-news.com\/de\/?s={search_term_string}\"},\"query-input\":\"required name=search_term_string\"}],\"inLanguage\":\"de\"},{\"@type\":\"Organization\",\"@id\":\"https:\/\/all-car-news.com\/de\/#organization\",\"name\":\"All cars news\",\"url\":\"https:\/\/all-car-news.com\/de\/\",\"logo\":{\"@type\":\"ImageObject\",\"inLanguage\":\"de\",\"@id\":\"https:\/\/all-car-news.com\/de\/#\/schema\/logo\/image\/\",\"url\":\"https:\/\/all-car-news.com\/wp-content\/uploads\/2022\/02\/CMYK-AllCarNews_LANDSCAPE_300px-1.png\",\"contentUrl\":\"https:\/\/all-car-news.com\/wp-content\/uploads\/2022\/02\/CMYK-AllCarNews_LANDSCAPE_300px-1.png\",\"width\":300,\"height\":100,\"caption\":\"All cars news\"},\"image\":{\"@id\":\"https:\/\/all-car-news.com\/de\/#\/schema\/logo\/image\/\"}}]}<\/script>\n<!-- \/ Yoast SEO plugin. -->","yoast_head_json":{"title":"Volkswagen Touareg zur\u00fcck auf der Landkarte in den Niederlanden! - All cars news","robots":{"index":"index","follow":"follow","max-snippet":"max-snippet:-1","max-image-preview":"max-image-preview:large","max-video-preview":"max-video-preview:-1"},"canonical":"https:\/\/all-car-news.com\/de\/volkswagen-touareg-zurueck-auf-der-landkarte-in-den-niederlanden\/","og_locale":"de_DE","og_type":"article","og_title":"Volkswagen Touareg zur\u00fcck auf der Landkarte in den Niederlanden! - All cars news","og_description":"19.216 Mikro-LEDs Das gesch\u00e4rfte Design des Volkswagen Touareg sticht sofort ins Auge. Hier spielen die neuen Matrix HD-Scheinwerfer und das durchgehende LED-Lichtband im K\u00fchlergrill die Hauptrolle. Jede Leuchteinheit verwendet 19.216 Mikro-LEDs. Dank der vielen LEDs stehen zahlreiche neue Funktionen zur Verf\u00fcgung. So kann ein Lichtteppich auf die Fahrbahn von [...] projiziert werden.","og_url":"https:\/\/all-car-news.com\/de\/volkswagen-touareg-zurueck-auf-der-landkarte-in-den-niederlanden\/","og_site_name":"All cars news","article_published_time":"2023-05-24T13:08:12+00:00","og_image":[{"url":"https:\/\/autorai.nl\/wp-content\/uploads\/2023\/05\/volkswagen-touareg-2023-foto11-1140x760.jpg"}],"twitter_card":"summary_large_image","twitter_misc":{"Gesch\u00e4tzte Lesezeit":"4\u00a0Minuten"},"schema":{"@context":"https:\/\/schema.org","@graph":[{"@type":"Article","@id":"https:\/\/all-car-news.com\/de\/volkswagen-touareg-zurueck-auf-der-landkarte-in-den-niederlanden\/#article","isPartOf":{"@id":"https:\/\/all-car-news.com\/de\/volkswagen-touareg-zurueck-auf-der-landkarte-in-den-niederlanden\/"},"author":{"name":"","@id":""},"headline":"Volkswagen Touareg zur\u00fcck auf der Landkarte in den Niederlanden!","datePublished":"2023-05-24T13:08:12+00:00","dateModified":"2023-05-24T13:08:12+00:00","mainEntityOfPage":{"@id":"https:\/\/all-car-news.com\/de\/volkswagen-touareg-zurueck-auf-der-landkarte-in-den-niederlanden\/"},"wordCount":876,"publisher":{"@id":"https:\/\/all-car-news.com\/de\/#organization"},"articleSection":["Auto Nachrichten","Hintergrund"],"inLanguage":"de"},{"@type":"WebPage","@id":"https:\/\/all-car-news.com\/de\/volkswagen-touareg-zurueck-auf-der-landkarte-in-den-niederlanden\/","url":"https:\/\/all-car-news.com\/de\/volkswagen-touareg-zurueck-auf-der-landkarte-in-den-niederlanden\/","name":"Volkswagen Touareg zur\u00fcck auf der Landkarte in den Niederlanden! - All cars news","isPartOf":{"@id":"https:\/\/all-car-news.com\/de\/#website"},"datePublished":"2023-05-24T13:08:12+00:00","dateModified":"2023-05-24T13:08:12+00:00","breadcrumb":{"@id":"https:\/\/all-car-news.com\/de\/volkswagen-touareg-zurueck-auf-der-landkarte-in-den-niederlanden\/#breadcrumb"},"inLanguage":"de","potentialAction":[{"@type":"ReadAction","target":["https:\/\/all-car-news.com\/de\/volkswagen-touareg-zurueck-auf-der-landkarte-in-den-niederlanden\/"]}]},{"@type":"BreadcrumbList","@id":"https:\/\/all-car-news.com\/de\/volkswagen-touareg-zurueck-auf-der-landkarte-in-den-niederlanden\/#breadcrumb","itemListElement":[{"@type":"ListItem","position":1,"name":"Home","item":"https:\/\/all-car-news.com\/de\/"},{"@type":"ListItem","position":2,"name":"Volkswagen Touareg zur\u00fcck auf der Landkarte in den Niederlanden!"}]},{"@type":"WebSite","@id":"https:\/\/all-car-news.com\/de\/#website","url":"https:\/\/all-car-news.com\/de\/","name":"All cars news","description":"","publisher":{"@id":"https:\/\/all-car-news.com\/de\/#organization"},"potentialAction":[{"@type":"SearchAction","target":{"@type":"EntryPoint","urlTemplate":"https:\/\/all-car-news.com\/de\/?s={search_term_string}"},"query-input":"required name=search_term_string"}],"inLanguage":"de"},{"@type":"Organization","@id":"https:\/\/all-car-news.com\/de\/#organization","name":"All cars news","url":"https:\/\/all-car-news.com\/de\/","logo":{"@type":"ImageObject","inLanguage":"de","@id":"https:\/\/all-car-news.com\/de\/#\/schema\/logo\/image\/","url":"https:\/\/all-car-news.com\/wp-content\/uploads\/2022\/02\/CMYK-AllCarNews_LANDSCAPE_300px-1.png","contentUrl":"https:\/\/all-car-news.com\/wp-content\/uploads\/2022\/02\/CMYK-AllCarNews_LANDSCAPE_300px-1.png","width":300,"height":100,"caption":"All cars news"},"image":{"@id":"https:\/\/all-car-news.com\/de\/#\/schema\/logo\/image\/"}}]}},"_links":{"self":[{"href":"https:\/\/all-car-news.com\/de\/wp-json\/wp\/v2\/posts\/135876","targetHints":{"allow":["GET"]}}],"collection":[{"href":"https:\/\/all-car-news.com\/de\/wp-json\/wp\/v2\/posts"}],"about":[{"href":"https:\/\/all-car-news.com\/de\/wp-json\/wp\/v2\/types\/post"}],"replies":[{"embeddable":true,"href":"https:\/\/all-car-news.com\/de\/wp-json\/wp\/v2\/comments?post=135876"}],"version-history":[{"count":0,"href":"https:\/\/all-car-news.com\/de\/wp-json\/wp\/v2\/posts\/135876\/revisions"}],"wp:featuredmedia":[{"embeddable":true,"href":"https:\/\/all-car-news.com\/de\/wp-json\/wp\/v2\/media\/135850"}],"wp:attachment":[{"href":"https:\/\/all-car-news.com\/de\/wp-json\/wp\/v2\/media?parent=135876"}],"wp:term":[{"taxonomy":"category","embeddable":true,"href":"https:\/\/all-car-news.com\/de\/wp-json\/wp\/v2\/categories?post=135876"},{"taxonomy":"post_tag","embeddable":true,"href":"https:\/\/all-car-news.com\/de\/wp-json\/wp\/v2\/tags?post=135876"}],"curies":[{"name":"wp","href":"https:\/\/api.w.org\/{rel}","templated":true}]}}