{"id":135736,"date":"2023-05-17T11:31:43","date_gmt":"2023-05-17T11:31:43","guid":{"rendered":"https:\/\/all-car-news.com\/belgier-will-tournee-weltrekord-brechen-15-laender-an-einem-tag-besuchen\/"},"modified":"2023-05-17T11:31:43","modified_gmt":"2023-05-17T11:31:43","slug":"belgier-will-tournee-weltrekord-brechen-15-laender-an-einem-tag-besuchen","status":"publish","type":"post","link":"https:\/\/all-car-news.com\/de\/belgier-will-tournee-weltrekord-brechen-15-laender-an-einem-tag-besuchen\/","title":{"rendered":"Belgier will Tournee-Weltrekord brechen: 15 L\u00e4nder an einem Tag besuchen"},"content":{"rendered":"<h2>Aktueller Weltrekord<\/h2>\n<p>Der Weltrekord f\u00fcr die meisten L\u00e4nder an einem Tag wurde bis letztes Jahr vom Italiener Valerio Boni gehalten. Diese besuchte 11 L\u00e4nder in weniger als 24 Stunden. Letztes Jahr brach Thierry Sarasyn diesen Rekord, indem er 13 L\u00e4nder an einem Tag besuchte. &#8222;Es h\u00e4tten auch 14 sein k\u00f6nnen&#8220;, erinnert sich Sarasyn.<\/p>\n<p>&#8222;Unterwegs hat man etwas Zeit zum Nachdenken. Das Ziel waren zwar 14 L\u00e4nder, aber als ich nach weniger als 20 Stunden in Belgien einfuhr, wurde mir klar, dass auch 15 L\u00e4nder m\u00f6glich sein m\u00fcssten. Das letzte St\u00fcck bis zu den Niederlanden habe ich ausgelassen, weil ich wusste, dass ich den Rekord schon in der Tasche hatte und dass es wenig Sinn macht, 14 L\u00e4nder zu fahren, wenn man noch eins machen kann. Mehr ist meiner Meinung nach nicht m\u00f6glich. Es sei denn, sie erkennen Disneyland offiziell an.&#8220;<\/p>\n<p><img decoding=\"async\" loading=\"lazy\" width=\"1140\" height=\"760\" class=\"alignnone size-medium wp-image-27182\" src=\"https:\/\/motorrai.nl\/wp-content\/uploads\/2023\/05\/thierry-sarasyn-kawasaki-foto5-1140x760.jpg\" alt=\"\"><\/p>\n<h2>Sag niemals nie<\/h2>\n<p>Doch lange Zeit sah es nicht danach aus, dass Thierry Sarasyn versuchen w\u00fcrde, seinen eigenen Rekord zu brechen. &#8222;Nach diesem Versuch hatte ich die Nase voll. Um den Rekord offiziell zu machen, muss das Fahrrad mit einem Tracking-System ausgestattet sein. Das zeichnet alles auf, was du machst, auch deine Geschwindigkeit. Ich will und soll daraus kein modernes Cannonball-Rennen machen. Alles unterliegt den Verkehrsregeln. Also keine \u00fcberh\u00f6hte Geschwindigkeit. Letztes Jahr hatte ich eine Durchschnittsgeschwindigkeit von knapp \u00fcber 90 Stundenkilometern. Aber ich war am Boden zerst\u00f6rt. Geistig und k\u00f6rperlich. Und man muss auf Nummer sicher gehen. Ich war also im Ziel in Arlon noch nicht einmal vom Rad gestiegen, als ich verk\u00fcndete, dass ich das nie wieder machen w\u00fcrde.&#8220;<\/p>\n<h2>Kawasaki Versys 1000<\/h2>\n<p>Aber sag niemals nie. &#8222;Mit der Kawasaki Versys 1000 habe ich ein viel komfortableres Motorrad als letztes Jahr. Ich kenne die Strecken, ich wei\u00df, wo die T\u00fccken liegen, und ich bin so gut wie m\u00f6glich vorbereitet. Die Stellen, an denen ich im letzten Jahr (zu) viel Zeit verloren habe, habe ich auf der von mir festgelegten Route vermieden. Aber auch dann sind dichter Verkehr, Umleitungen, Navigationsfehler, schlechtes Wetter und viele andere Dinge m\u00f6glich. Selbst wenn alles glatt l\u00e4uft, wird es schnell ungem\u00fctlich. Am Samstagabend gegen 22.30 Uhr &#8211; besser noch etwas fr\u00fcher &#8211; werden wir wissen, ob alles geklappt hat.&#8220; Das Empfangskomitee wartet gespannt auf Thierry an der Ziellinie in Eijsden, S\u00fcdlimburg.<\/p>\n<h2>Die Route<\/h2>\n<p>Polen, Tschechische Republik, Slowakei, Ungarn, Kroatien, Slowenien, Italien, \u00d6sterreich, Deutschland, Liechtenstein, Schweiz, Frankreich, Luxemburg, Belgien, Niederlande.<\/p>\n<ul>\n<li><strong>Gesamtl\u00e4nge: <\/strong>2.300 km<\/li>\n<li><strong>Abreise: <\/strong>Freitagabend, 19. April, 22.30 Uhr<\/li>\n<li><strong>Ankunft: <\/strong>?<\/li>\n<\/ul>\n<div class=\"galery shuffle galery-27174\">\n<figure>\n\t\t\t<a href=\"https:\/\/motorrai.nl\/wp-content\/uploads\/2023\/05\/thierry-sarasyn-kawasaki-foto22-1600x1067.jpg\" data-fancybox=\"galery-27174\" title=\"\"><br \/>\n\t\t\t\t<img decoding=\"async\" src=\"https:\/\/motorrai.nl\/wp-content\/uploads\/2023\/05\/thierry-sarasyn-kawasaki-foto22-640x480.jpg\" alt=\"\"><i class=\"fa fa-search-plus\" aria-hidden=\"true\"><\/i><br \/>\n\t\t\t<\/a><br \/>\n\t\t<\/figure>\n<figure>\n\t\t\t<a href=\"https:\/\/motorrai.nl\/wp-content\/uploads\/2023\/05\/thierry-sarasyn-kawasaki-foto21-1600x1067.jpg\" data-fancybox=\"galery-27174\" title=\"\"><br \/>\n\t\t\t\t<img decoding=\"async\" src=\"https:\/\/motorrai.nl\/wp-content\/uploads\/2023\/05\/thierry-sarasyn-kawasaki-foto21-360x270.jpg\" alt=\"\"><i class=\"fa fa-search-plus\" aria-hidden=\"true\"><\/i><br \/>\n\t\t\t<\/a><br \/>\n\t\t<\/figure>\n<figure>\n\t\t\t<a href=\"https:\/\/motorrai.nl\/wp-content\/uploads\/2023\/05\/thierry-sarasyn-kawasaki-foto20-1600x1157.jpg\" data-fancybox=\"galery-27174\" title=\"\"><br \/>\n\t\t\t\t<img decoding=\"async\" src=\"https:\/\/motorrai.nl\/wp-content\/uploads\/2023\/05\/thierry-sarasyn-kawasaki-foto20-360x270.jpg\" alt=\"\"><i class=\"fa fa-search-plus\" aria-hidden=\"true\"><\/i><br \/>\n\t\t\t<\/a><br \/>\n\t\t<\/figure>\n<figure>\n\t\t\t<a href=\"https:\/\/motorrai.nl\/wp-content\/uploads\/2023\/05\/thierry-sarasyn-kawasaki-foto19-1600x1067.jpg\" data-fancybox=\"galery-27174\" title=\"\"><br \/>\n\t\t\t\t<img decoding=\"async\" src=\"https:\/\/motorrai.nl\/wp-content\/uploads\/2023\/05\/thierry-sarasyn-kawasaki-foto19-640x480.jpg\" alt=\"\"><i class=\"fa fa-search-plus\" aria-hidden=\"true\"><\/i><br \/>\n\t\t\t<\/a><br \/>\n\t\t<\/figure>\n<figure>\n\t\t\t<a href=\"https:\/\/motorrai.nl\/wp-content\/uploads\/2023\/05\/thierry-sarasyn-kawasaki-foto17-1600x1067.jpg\" data-fancybox=\"galery-27174\" title=\"\"><br \/>\n\t\t\t\t<img decoding=\"async\" src=\"https:\/\/motorrai.nl\/wp-content\/uploads\/2023\/05\/thierry-sarasyn-kawasaki-foto17-360x270.jpg\" alt=\"\"><i class=\"fa fa-search-plus\" aria-hidden=\"true\"><\/i><br \/>\n\t\t\t<\/a><br \/>\n\t\t<\/figure>\n<figure>\n\t\t\t<a href=\"https:\/\/motorrai.nl\/wp-content\/uploads\/2023\/05\/thierry-sarasyn-kawasaki-foto16-1600x1067.jpg\" data-fancybox=\"galery-27174\" title=\"\"><br \/>\n\t\t\t\t<img decoding=\"async\" src=\"https:\/\/motorrai.nl\/wp-content\/uploads\/2023\/05\/thierry-sarasyn-kawasaki-foto16-360x270.jpg\" alt=\"\"><i class=\"fa fa-search-plus\" aria-hidden=\"true\"><\/i><br \/>\n\t\t\t<\/a><br \/>\n\t\t<\/figure>\n<figure>\n\t\t\t<a href=\"https:\/\/motorrai.nl\/wp-content\/uploads\/2023\/05\/thierry-sarasyn-kawasaki-foto15-1600x1067.jpg\" data-fancybox=\"galery-27174\" title=\"\"><br \/>\n\t\t\t\t<img decoding=\"async\" src=\"https:\/\/motorrai.nl\/wp-content\/uploads\/2023\/05\/thierry-sarasyn-kawasaki-foto15-640x480.jpg\" alt=\"\"><i class=\"fa fa-search-plus\" aria-hidden=\"true\"><\/i><br \/>\n\t\t\t<\/a><br \/>\n\t\t<\/figure>\n<figure>\n\t\t\t<a href=\"https:\/\/motorrai.nl\/wp-content\/uploads\/2023\/05\/thierry-sarasyn-kawasaki-foto14-1600x1067.jpg\" data-fancybox=\"galery-27174\" title=\"\"><br \/>\n\t\t\t\t<img decoding=\"async\" src=\"https:\/\/motorrai.nl\/wp-content\/uploads\/2023\/05\/thierry-sarasyn-kawasaki-foto14-360x270.jpg\" alt=\"\"><i class=\"fa fa-search-plus\" aria-hidden=\"true\"><\/i><br \/>\n\t\t\t<\/a><br \/>\n\t\t<\/figure>\n<figure>\n\t\t\t<a href=\"https:\/\/motorrai.nl\/wp-content\/uploads\/2023\/05\/thierry-sarasyn-kawasaki-foto13-1600x1067.jpg\" data-fancybox=\"galery-27174\" title=\"\"><br \/>\n\t\t\t\t<img decoding=\"async\" src=\"https:\/\/motorrai.nl\/wp-content\/uploads\/2023\/05\/thierry-sarasyn-kawasaki-foto13-360x270.jpg\" alt=\"\"><i class=\"fa fa-search-plus\" aria-hidden=\"true\"><\/i><br \/>\n\t\t\t<\/a><br \/>\n\t\t<\/figure>\n<figure>\n\t\t\t<a href=\"https:\/\/motorrai.nl\/wp-content\/uploads\/2023\/05\/thierry-sarasyn-kawasaki-foto12-1600x1067.jpg\" data-fancybox=\"galery-27174\" title=\"\"><br \/>\n\t\t\t\t<img decoding=\"async\" src=\"https:\/\/motorrai.nl\/wp-content\/uploads\/2023\/05\/thierry-sarasyn-kawasaki-foto12-640x480.jpg\" alt=\"\"><i class=\"fa fa-search-plus\" aria-hidden=\"true\"><\/i><br \/>\n\t\t\t<\/a><br \/>\n\t\t<\/figure>\n<figure>\n\t\t\t<a href=\"https:\/\/motorrai.nl\/wp-content\/uploads\/2023\/05\/thierry-sarasyn-kawasaki-foto11-1600x1067.jpg\" data-fancybox=\"galery-27174\" title=\"\"><br \/>\n\t\t\t\t<img decoding=\"async\" src=\"https:\/\/motorrai.nl\/wp-content\/uploads\/2023\/05\/thierry-sarasyn-kawasaki-foto11-360x270.jpg\" alt=\"\"><i class=\"fa fa-search-plus\" aria-hidden=\"true\"><\/i><br \/>\n\t\t\t<\/a><br \/>\n\t\t<\/figure>\n<figure>\n\t\t\t<a href=\"https:\/\/motorrai.nl\/wp-content\/uploads\/2023\/05\/thierry-sarasyn-kawasaki-foto10-1600x1067.jpg\" data-fancybox=\"galery-27174\" title=\"\"><br \/>\n\t\t\t\t<img decoding=\"async\" src=\"https:\/\/motorrai.nl\/wp-content\/uploads\/2023\/05\/thierry-sarasyn-kawasaki-foto10-360x270.jpg\" alt=\"\"><i class=\"fa fa-search-plus\" aria-hidden=\"true\"><\/i><br \/>\n\t\t\t<\/a><br \/>\n\t\t<\/figure>\n<figure>\n\t\t\t<a href=\"https:\/\/motorrai.nl\/wp-content\/uploads\/2023\/05\/thierry-sarasyn-kawasaki-foto9-1600x1067.jpg\" data-fancybox=\"galery-27174\" title=\"\"><br \/>\n\t\t\t\t<img decoding=\"async\" src=\"https:\/\/motorrai.nl\/wp-content\/uploads\/2023\/05\/thierry-sarasyn-kawasaki-foto9-640x480.jpg\" alt=\"\"><i class=\"fa fa-search-plus\" aria-hidden=\"true\"><\/i><br \/>\n\t\t\t<\/a><br \/>\n\t\t<\/figure>\n<figure>\n\t\t\t<a href=\"https:\/\/motorrai.nl\/wp-content\/uploads\/2023\/05\/thierry-sarasyn-kawasaki-foto8-1600x1067.jpg\" data-fancybox=\"galery-27174\" title=\"\"><br \/>\n\t\t\t\t<img decoding=\"async\" src=\"https:\/\/motorrai.nl\/wp-content\/uploads\/2023\/05\/thierry-sarasyn-kawasaki-foto8-360x270.jpg\" alt=\"\"><i class=\"fa fa-search-plus\" aria-hidden=\"true\"><\/i><br \/>\n\t\t\t<\/a><br \/>\n\t\t<\/figure>\n<figure>\n\t\t\t<a href=\"https:\/\/motorrai.nl\/wp-content\/uploads\/2023\/05\/thierry-sarasyn-kawasaki-foto7-1600x1067.jpg\" data-fancybox=\"galery-27174\" title=\"\"><br \/>\n\t\t\t\t<img decoding=\"async\" src=\"https:\/\/motorrai.nl\/wp-content\/uploads\/2023\/05\/thierry-sarasyn-kawasaki-foto7-360x270.jpg\" alt=\"\"><i class=\"fa fa-search-plus\" aria-hidden=\"true\"><\/i><br \/>\n\t\t\t<\/a><br \/>\n\t\t<\/figure>\n<figure>\n\t\t\t<a href=\"https:\/\/motorrai.nl\/wp-content\/uploads\/2023\/05\/thierry-sarasyn-kawasaki-foto6-1600x1067.jpg\" data-fancybox=\"galery-27174\" title=\"\"><br \/>\n\t\t\t\t<img decoding=\"async\" src=\"https:\/\/motorrai.nl\/wp-content\/uploads\/2023\/05\/thierry-sarasyn-kawasaki-foto6-640x480.jpg\" alt=\"\"><i class=\"fa fa-search-plus\" aria-hidden=\"true\"><\/i><br \/>\n\t\t\t<\/a><br \/>\n\t\t<\/figure>\n<figure>\n\t\t\t<a href=\"https:\/\/motorrai.nl\/wp-content\/uploads\/2023\/05\/thierry-sarasyn-kawasaki-foto5-1600x1067.jpg\" data-fancybox=\"galery-27174\" title=\"\"><br \/>\n\t\t\t\t<img decoding=\"async\" src=\"https:\/\/motorrai.nl\/wp-content\/uploads\/2023\/05\/thierry-sarasyn-kawasaki-foto5-360x270.jpg\" alt=\"\"><i class=\"fa fa-search-plus\" aria-hidden=\"true\"><\/i><br \/>\n\t\t\t<\/a><br \/>\n\t\t<\/figure>\n<figure>\n\t\t\t<a href=\"https:\/\/motorrai.nl\/wp-content\/uploads\/2023\/05\/thierry-sarasyn-kawasaki-foto4-1600x1067.jpg\" data-fancybox=\"galery-27174\" title=\"\"><br \/>\n\t\t\t\t<img decoding=\"async\" src=\"https:\/\/motorrai.nl\/wp-content\/uploads\/2023\/05\/thierry-sarasyn-kawasaki-foto4-360x270.jpg\" alt=\"\"><i class=\"fa fa-search-plus\" aria-hidden=\"true\"><\/i><br \/>\n\t\t\t<\/a><br \/>\n\t\t<\/figure>\n<figure>\n\t\t\t<a href=\"https:\/\/motorrai.nl\/wp-content\/uploads\/2023\/05\/thierry-sarasyn-kawasaki-foto3-1600x1067.jpg\" data-fancybox=\"galery-27174\" title=\"\"><br \/>\n\t\t\t\t<img decoding=\"async\" src=\"https:\/\/motorrai.nl\/wp-content\/uploads\/2023\/05\/thierry-sarasyn-kawasaki-foto3-640x480.jpg\" alt=\"\"><i class=\"fa fa-search-plus\" aria-hidden=\"true\"><\/i><br \/>\n\t\t\t<\/a><br \/>\n\t\t<\/figure>\n<figure>\n\t\t\t<a href=\"https:\/\/motorrai.nl\/wp-content\/uploads\/2023\/05\/thierry-sarasyn-kawasaki-foto2-1600x1067.jpg\" data-fancybox=\"galery-27174\" title=\"\"><br \/>\n\t\t\t\t<img decoding=\"async\" src=\"https:\/\/motorrai.nl\/wp-content\/uploads\/2023\/05\/thierry-sarasyn-kawasaki-foto2-360x270.jpg\" alt=\"\"><i class=\"fa fa-search-plus\" aria-hidden=\"true\"><\/i><br \/>\n\t\t\t<\/a><br \/>\n\t\t<\/figure>\n<figure>\n\t\t\t<a href=\"https:\/\/motorrai.nl\/wp-content\/uploads\/2023\/05\/thierry-sarasyn-kawasaki-foto1-1600x1224.jpg\" data-fancybox=\"galery-27174\" title=\"\"><br \/>\n\t\t\t\t<img decoding=\"async\" src=\"https:\/\/motorrai.nl\/wp-content\/uploads\/2023\/05\/thierry-sarasyn-kawasaki-foto1-360x270.jpg\" alt=\"\"><i class=\"fa fa-search-plus\" aria-hidden=\"true\"><\/i><br \/>\n\t\t\t<\/a><br \/>\n\t\t<\/figure>\n<div class=\"clear\"><\/div>\n<\/div>\n","protected":false},"excerpt":{"rendered":"Aktueller Weltrekord Der Weltrekord f\u00fcr die meisten L\u00e4nder an einem Tag wurde bis letztes Jahr vom Italiener Valerio Boni gehalten.&hellip;","protected":false},"author":0,"featured_media":135726,"comment_status":"","ping_status":"open","sticky":false,"template":"","format":"standard","meta":{"footnotes":""},"categories":[125],"tags":[],"class_list":["post-135736","post","type-post","status-publish","format-standard","has-post-thumbnail","hentry","category-auto-nachrichten"],"acf":[],"yoast_head":"<!-- This site is optimized with the Yoast SEO plugin v21.2 - https:\/\/yoast.com\/wordpress\/plugins\/seo\/ -->\n<title>Belgier will Tournee-Weltrekord brechen: 15 L\u00e4nder an einem Tag besuchen - All cars news<\/title>\n<meta name=\"robots\" content=\"index, follow, max-snippet:-1, max-image-preview:large, max-video-preview:-1\" \/>\n<link rel=\"canonical\" href=\"https:\/\/all-car-news.com\/de\/belgier-will-tournee-weltrekord-brechen-15-laender-an-einem-tag-besuchen\/\" \/>\n<meta property=\"og:locale\" content=\"de_DE\" \/>\n<meta property=\"og:type\" content=\"article\" \/>\n<meta property=\"og:title\" content=\"Belgier will Tournee-Weltrekord brechen: 15 L\u00e4nder an einem Tag besuchen - All cars news\" \/>\n<meta property=\"og:description\" content=\"Aktueller Weltrekord Der Weltrekord f\u00fcr die meisten L\u00e4nder an einem Tag wurde bis letztes Jahr vom Italiener Valerio Boni gehalten. Diese besuchte 11 L\u00e4nder in weniger als 24 Stunden. Letztes Jahr brach Thierry Sarasyn diesen Rekord, indem er 13 L\u00e4nder an einem Tag besuchte. &quot;Es h\u00e4tten auch 14 sein k\u00f6nnen&quot;, erinnert sich [...]\" \/>\n<meta property=\"og:url\" content=\"https:\/\/all-car-news.com\/de\/belgier-will-tournee-weltrekord-brechen-15-laender-an-einem-tag-besuchen\/\" \/>\n<meta property=\"og:site_name\" content=\"All cars news\" \/>\n<meta property=\"article:published_time\" content=\"2023-05-17T11:31:43+00:00\" \/>\n<meta property=\"og:image\" content=\"https:\/\/motorrai.nl\/wp-content\/uploads\/2023\/05\/thierry-sarasyn-kawasaki-foto5-1140x760.jpg\" \/>\n<meta name=\"twitter:card\" content=\"summary_large_image\" \/>\n<meta name=\"twitter:label1\" content=\"Gesch\u00e4tzte Lesezeit\" \/>\n\t<meta name=\"twitter:data1\" content=\"2\u00a0Minuten\" \/>\n<script type=\"application\/ld+json\" class=\"yoast-schema-graph\">{\"@context\":\"https:\/\/schema.org\",\"@graph\":[{\"@type\":\"Article\",\"@id\":\"https:\/\/all-car-news.com\/de\/belgier-will-tournee-weltrekord-brechen-15-laender-an-einem-tag-besuchen\/#article\",\"isPartOf\":{\"@id\":\"https:\/\/all-car-news.com\/de\/belgier-will-tournee-weltrekord-brechen-15-laender-an-einem-tag-besuchen\/\"},\"author\":{\"name\":\"\",\"@id\":\"\"},\"headline\":\"Belgier will Tournee-Weltrekord brechen: 15 L\u00e4nder an einem Tag besuchen\",\"datePublished\":\"2023-05-17T11:31:43+00:00\",\"dateModified\":\"2023-05-17T11:31:43+00:00\",\"mainEntityOfPage\":{\"@id\":\"https:\/\/all-car-news.com\/de\/belgier-will-tournee-weltrekord-brechen-15-laender-an-einem-tag-besuchen\/\"},\"wordCount\":425,\"publisher\":{\"@id\":\"https:\/\/all-car-news.com\/de\/#organization\"},\"articleSection\":[\"Auto Nachrichten\"],\"inLanguage\":\"de\"},{\"@type\":\"WebPage\",\"@id\":\"https:\/\/all-car-news.com\/de\/belgier-will-tournee-weltrekord-brechen-15-laender-an-einem-tag-besuchen\/\",\"url\":\"https:\/\/all-car-news.com\/de\/belgier-will-tournee-weltrekord-brechen-15-laender-an-einem-tag-besuchen\/\",\"name\":\"Belgier will Tournee-Weltrekord brechen: 15 L\u00e4nder an einem Tag besuchen - All cars news\",\"isPartOf\":{\"@id\":\"https:\/\/all-car-news.com\/de\/#website\"},\"datePublished\":\"2023-05-17T11:31:43+00:00\",\"dateModified\":\"2023-05-17T11:31:43+00:00\",\"breadcrumb\":{\"@id\":\"https:\/\/all-car-news.com\/de\/belgier-will-tournee-weltrekord-brechen-15-laender-an-einem-tag-besuchen\/#breadcrumb\"},\"inLanguage\":\"de\",\"potentialAction\":[{\"@type\":\"ReadAction\",\"target\":[\"https:\/\/all-car-news.com\/de\/belgier-will-tournee-weltrekord-brechen-15-laender-an-einem-tag-besuchen\/\"]}]},{\"@type\":\"BreadcrumbList\",\"@id\":\"https:\/\/all-car-news.com\/de\/belgier-will-tournee-weltrekord-brechen-15-laender-an-einem-tag-besuchen\/#breadcrumb\",\"itemListElement\":[{\"@type\":\"ListItem\",\"position\":1,\"name\":\"Home\",\"item\":\"https:\/\/all-car-news.com\/de\/\"},{\"@type\":\"ListItem\",\"position\":2,\"name\":\"Belgier will Tournee-Weltrekord brechen: 15 L\u00e4nder an einem Tag besuchen\"}]},{\"@type\":\"WebSite\",\"@id\":\"https:\/\/all-car-news.com\/de\/#website\",\"url\":\"https:\/\/all-car-news.com\/de\/\",\"name\":\"All cars news\",\"description\":\"\",\"publisher\":{\"@id\":\"https:\/\/all-car-news.com\/de\/#organization\"},\"potentialAction\":[{\"@type\":\"SearchAction\",\"target\":{\"@type\":\"EntryPoint\",\"urlTemplate\":\"https:\/\/all-car-news.com\/de\/?s={search_term_string}\"},\"query-input\":\"required name=search_term_string\"}],\"inLanguage\":\"de\"},{\"@type\":\"Organization\",\"@id\":\"https:\/\/all-car-news.com\/de\/#organization\",\"name\":\"All cars news\",\"url\":\"https:\/\/all-car-news.com\/de\/\",\"logo\":{\"@type\":\"ImageObject\",\"inLanguage\":\"de\",\"@id\":\"https:\/\/all-car-news.com\/de\/#\/schema\/logo\/image\/\",\"url\":\"https:\/\/all-car-news.com\/wp-content\/uploads\/2022\/02\/CMYK-AllCarNews_LANDSCAPE_300px-1.png\",\"contentUrl\":\"https:\/\/all-car-news.com\/wp-content\/uploads\/2022\/02\/CMYK-AllCarNews_LANDSCAPE_300px-1.png\",\"width\":300,\"height\":100,\"caption\":\"All cars news\"},\"image\":{\"@id\":\"https:\/\/all-car-news.com\/de\/#\/schema\/logo\/image\/\"}}]}<\/script>\n<!-- \/ Yoast SEO plugin. -->","yoast_head_json":{"title":"Belgier will Tournee-Weltrekord brechen: 15 L\u00e4nder an einem Tag besuchen - All cars news","robots":{"index":"index","follow":"follow","max-snippet":"max-snippet:-1","max-image-preview":"max-image-preview:large","max-video-preview":"max-video-preview:-1"},"canonical":"https:\/\/all-car-news.com\/de\/belgier-will-tournee-weltrekord-brechen-15-laender-an-einem-tag-besuchen\/","og_locale":"de_DE","og_type":"article","og_title":"Belgier will Tournee-Weltrekord brechen: 15 L\u00e4nder an einem Tag besuchen - All cars news","og_description":"Aktueller Weltrekord Der Weltrekord f\u00fcr die meisten L\u00e4nder an einem Tag wurde bis letztes Jahr vom Italiener Valerio Boni gehalten. Diese besuchte 11 L\u00e4nder in weniger als 24 Stunden. Letztes Jahr brach Thierry Sarasyn diesen Rekord, indem er 13 L\u00e4nder an einem Tag besuchte. \"Es h\u00e4tten auch 14 sein k\u00f6nnen\", erinnert sich [...]","og_url":"https:\/\/all-car-news.com\/de\/belgier-will-tournee-weltrekord-brechen-15-laender-an-einem-tag-besuchen\/","og_site_name":"All cars news","article_published_time":"2023-05-17T11:31:43+00:00","og_image":[{"url":"https:\/\/motorrai.nl\/wp-content\/uploads\/2023\/05\/thierry-sarasyn-kawasaki-foto5-1140x760.jpg"}],"twitter_card":"summary_large_image","twitter_misc":{"Gesch\u00e4tzte Lesezeit":"2\u00a0Minuten"},"schema":{"@context":"https:\/\/schema.org","@graph":[{"@type":"Article","@id":"https:\/\/all-car-news.com\/de\/belgier-will-tournee-weltrekord-brechen-15-laender-an-einem-tag-besuchen\/#article","isPartOf":{"@id":"https:\/\/all-car-news.com\/de\/belgier-will-tournee-weltrekord-brechen-15-laender-an-einem-tag-besuchen\/"},"author":{"name":"","@id":""},"headline":"Belgier will Tournee-Weltrekord brechen: 15 L\u00e4nder an einem Tag besuchen","datePublished":"2023-05-17T11:31:43+00:00","dateModified":"2023-05-17T11:31:43+00:00","mainEntityOfPage":{"@id":"https:\/\/all-car-news.com\/de\/belgier-will-tournee-weltrekord-brechen-15-laender-an-einem-tag-besuchen\/"},"wordCount":425,"publisher":{"@id":"https:\/\/all-car-news.com\/de\/#organization"},"articleSection":["Auto Nachrichten"],"inLanguage":"de"},{"@type":"WebPage","@id":"https:\/\/all-car-news.com\/de\/belgier-will-tournee-weltrekord-brechen-15-laender-an-einem-tag-besuchen\/","url":"https:\/\/all-car-news.com\/de\/belgier-will-tournee-weltrekord-brechen-15-laender-an-einem-tag-besuchen\/","name":"Belgier will Tournee-Weltrekord brechen: 15 L\u00e4nder an einem Tag besuchen - All cars news","isPartOf":{"@id":"https:\/\/all-car-news.com\/de\/#website"},"datePublished":"2023-05-17T11:31:43+00:00","dateModified":"2023-05-17T11:31:43+00:00","breadcrumb":{"@id":"https:\/\/all-car-news.com\/de\/belgier-will-tournee-weltrekord-brechen-15-laender-an-einem-tag-besuchen\/#breadcrumb"},"inLanguage":"de","potentialAction":[{"@type":"ReadAction","target":["https:\/\/all-car-news.com\/de\/belgier-will-tournee-weltrekord-brechen-15-laender-an-einem-tag-besuchen\/"]}]},{"@type":"BreadcrumbList","@id":"https:\/\/all-car-news.com\/de\/belgier-will-tournee-weltrekord-brechen-15-laender-an-einem-tag-besuchen\/#breadcrumb","itemListElement":[{"@type":"ListItem","position":1,"name":"Home","item":"https:\/\/all-car-news.com\/de\/"},{"@type":"ListItem","position":2,"name":"Belgier will Tournee-Weltrekord brechen: 15 L\u00e4nder an einem Tag besuchen"}]},{"@type":"WebSite","@id":"https:\/\/all-car-news.com\/de\/#website","url":"https:\/\/all-car-news.com\/de\/","name":"All cars news","description":"","publisher":{"@id":"https:\/\/all-car-news.com\/de\/#organization"},"potentialAction":[{"@type":"SearchAction","target":{"@type":"EntryPoint","urlTemplate":"https:\/\/all-car-news.com\/de\/?s={search_term_string}"},"query-input":"required name=search_term_string"}],"inLanguage":"de"},{"@type":"Organization","@id":"https:\/\/all-car-news.com\/de\/#organization","name":"All cars news","url":"https:\/\/all-car-news.com\/de\/","logo":{"@type":"ImageObject","inLanguage":"de","@id":"https:\/\/all-car-news.com\/de\/#\/schema\/logo\/image\/","url":"https:\/\/all-car-news.com\/wp-content\/uploads\/2022\/02\/CMYK-AllCarNews_LANDSCAPE_300px-1.png","contentUrl":"https:\/\/all-car-news.com\/wp-content\/uploads\/2022\/02\/CMYK-AllCarNews_LANDSCAPE_300px-1.png","width":300,"height":100,"caption":"All cars news"},"image":{"@id":"https:\/\/all-car-news.com\/de\/#\/schema\/logo\/image\/"}}]}},"_links":{"self":[{"href":"https:\/\/all-car-news.com\/de\/wp-json\/wp\/v2\/posts\/135736","targetHints":{"allow":["GET"]}}],"collection":[{"href":"https:\/\/all-car-news.com\/de\/wp-json\/wp\/v2\/posts"}],"about":[{"href":"https:\/\/all-car-news.com\/de\/wp-json\/wp\/v2\/types\/post"}],"replies":[{"embeddable":true,"href":"https:\/\/all-car-news.com\/de\/wp-json\/wp\/v2\/comments?post=135736"}],"version-history":[{"count":0,"href":"https:\/\/all-car-news.com\/de\/wp-json\/wp\/v2\/posts\/135736\/revisions"}],"wp:featuredmedia":[{"embeddable":true,"href":"https:\/\/all-car-news.com\/de\/wp-json\/wp\/v2\/media\/135726"}],"wp:attachment":[{"href":"https:\/\/all-car-news.com\/de\/wp-json\/wp\/v2\/media?parent=135736"}],"wp:term":[{"taxonomy":"category","embeddable":true,"href":"https:\/\/all-car-news.com\/de\/wp-json\/wp\/v2\/categories?post=135736"},{"taxonomy":"post_tag","embeddable":true,"href":"https:\/\/all-car-news.com\/de\/wp-json\/wp\/v2\/tags?post=135736"}],"curies":[{"name":"wp","href":"https:\/\/api.w.org\/{rel}","templated":true}]}}