{"id":135684,"date":"2023-05-16T10:40:42","date_gmt":"2023-05-16T10:40:42","guid":{"rendered":"https:\/\/all-car-news.com\/bleibt-geld-uebrig-das-ist-die-teuerste-designer-ladestation-der-welt\/"},"modified":"2023-05-16T10:40:42","modified_gmt":"2023-05-16T10:40:42","slug":"bleibt-geld-uebrig-das-ist-die-teuerste-designer-ladestation-der-welt","status":"publish","type":"post","link":"https:\/\/all-car-news.com\/de\/bleibt-geld-uebrig-das-ist-die-teuerste-designer-ladestation-der-welt\/","title":{"rendered":"Bleibt Geld \u00fcbrig? Das ist die teuerste Designer-Ladestation der Welt"},"content":{"rendered":"<h2>Kunstwerk<\/h2>\n<p>Die Ladestationen sind als Kunstwerke entwickelt worden. Nat\u00fcrlich ist es m\u00f6glich, das Elektroauto mit einer solchen Ladestation aufzuladen, aber die Ladestation hat auch einen \u00e4sthetischen Wert als Erg\u00e4nzung f\u00fcr Ihr Haus oder Ihr Gesch\u00e4ft. Der Startpreis von 68.500 Euro entspricht fast dem Preis eines sehr fetten Kia EV6 GT. F\u00fcr 105.000 Euro gibt es auch einen Porsche Taycan Sport Turismo.<\/p>\n<h2>Naturstein<\/h2>\n<p>&#8222;Wir entwerfen und verkaufen die luxuri\u00f6seste Ladestation der Welt&#8220;, sagt Joey Oraile, der Inhaber des Start-ups Jilain. Die Preise f\u00fcr die einzigartigen und handgefertigten Ladestationen liegen zwischen 68.500 und 105.000 Euro. Sie werden aus hochwertigen Materialien wie Edelstahl 316L und Naturstein hergestellt und sind in verschiedenen Farben erh\u00e4ltlich. Der Kunde kann zwischen einer geb\u00fcrsteten, mattierten oder polierten Oberfl\u00e4che w\u00e4hlen.<\/p>\n<figure class=\"wp-block-image size-content\"><img decoding=\"async\" loading=\"lazy\" width=\"1140\" height=\"760\" src=\"https:\/\/autorai.nl\/wp-content\/uploads\/2023\/05\/Joey_jilain-1140x760.jpg\" alt=\"\" class=\"wp-image-158735\"><\/figure>\n<h2>Wenn es dir nicht gef\u00e4llt, \u00e4ndere es&#8220;.<\/h2>\n<p>Ab 2016 hat Joey Oraile einen Wechsel von&nbsp;konventionellen Verbrennungsmotoren zu emissionsfreien Fahrzeugen vollzogen. Er stellte fest, dass Ladestationen in dieser Entwicklung ein&nbsp;unterbewertetes Kind sind und beschloss, daraus Kapital zu schlagen. Unter dem Motto&nbsp;&#8222;Wenn es dir nicht gef\u00e4llt, \u00e4ndere es&#8220; gr\u00fcndete die ehemalige&nbsp;Studentin der Technischen Betriebswirtschaftslehre 2018 Jilain.&nbsp;<\/p>\n<h2>Jilian<\/h2>\n<p>Der Name Jilain leitet sich von Jalan Lain ab, was auf Niederl\u00e4ndisch &#8222;eine&nbsp;andere Stra\u00dfe&#8220; bedeutet. Joeys Gro\u00dfvater erz\u00e4hlte ihm oft, dass die Stra\u00dfe Jalan Lain auf der Insel Pulau Babar (&nbsp;) (Molukken) zu der einzigen Stelle&nbsp;f\u00fchrt, an der S\u00fc\u00dfwasser aufsteigt.<\/p>\n<p>&#8222;Wenn die Menschen dort die Erde verschmutzen w\u00fcrden, h\u00e4tten sie kein sauberes Trinkwasser mehr. Das verdeutlicht die Notwendigkeit, mit der Erde sparsam umzugehen, und dazu tr\u00e4gt auch die Elektrifizierung bei. Mit unseren Design-Ladestationen gehen wir auch einen anderen Weg als andere Anbieter.&#8220;<\/p>\n<div class=\"galery galery-0\">\n<figure>\n\t\t\t\t\t<span style=\"cursor: pointer\" data-src=\"https:\/\/autorai.nl\/wp-content\/uploads\/2023\/05\/jilain-laadpaal-foto1-1600x1600.jpg\" data-fancybox=\"galery-0\" title=\"\"><br \/>\n\t\t\t\t\t\t\t<img decoding=\"async\" width=\"360\" height=\"270\" src=\"https:\/\/autorai.nl\/wp-content\/uploads\/2023\/05\/jilain-laadpaal-foto1-360x270.jpg\" class=\"attachment-small size-small\" alt=\"\" loading=\"lazy\"><i class=\"fa fa-search-plus\" aria-hidden=\"true\"><\/i><br \/>\n\t\t\t\t\t\t<\/span><br \/>\n\t\t\t\t\t<\/figure>\n<figure>\n\t\t\t\t\t<span style=\"cursor: pointer\" data-src=\"https:\/\/autorai.nl\/wp-content\/uploads\/2023\/05\/jilain-laadpaal-foto5-1600x1600.jpg\" data-fancybox=\"galery-0\" title=\"\"><br \/>\n\t\t\t\t\t\t\t<img decoding=\"async\" width=\"360\" height=\"270\" src=\"https:\/\/autorai.nl\/wp-content\/uploads\/2023\/05\/jilain-laadpaal-foto5-360x270.jpg\" class=\"attachment-small size-small\" alt=\"\" loading=\"lazy\"><i class=\"fa fa-search-plus\" aria-hidden=\"true\"><\/i><br \/>\n\t\t\t\t\t\t<\/span><br \/>\n\t\t\t\t\t<\/figure>\n<figure>\n\t\t\t\t\t<span style=\"cursor: pointer\" data-src=\"https:\/\/autorai.nl\/wp-content\/uploads\/2023\/05\/jilain-laadpaal-foto4-1600x1600.jpg\" data-fancybox=\"galery-0\" title=\"\"><br \/>\n\t\t\t\t\t\t\t<img decoding=\"async\" width=\"360\" height=\"270\" src=\"https:\/\/autorai.nl\/wp-content\/uploads\/2023\/05\/jilain-laadpaal-foto4-360x270.jpg\" class=\"attachment-small size-small\" alt=\"\" loading=\"lazy\"><i class=\"fa fa-search-plus\" aria-hidden=\"true\"><\/i><br \/>\n\t\t\t\t\t\t<\/span><br \/>\n\t\t\t\t\t<\/figure>\n<figure>\n\t\t\t\t\t<span style=\"cursor: pointer\" data-src=\"https:\/\/autorai.nl\/wp-content\/uploads\/2023\/05\/jilain-laadpaal-foto3-1600x1600.jpg\" data-fancybox=\"galery-0\" title=\"\"><br \/>\n\t\t\t\t\t\t\t<img decoding=\"async\" width=\"360\" height=\"270\" src=\"https:\/\/autorai.nl\/wp-content\/uploads\/2023\/05\/jilain-laadpaal-foto3-360x270.jpg\" class=\"attachment-small size-small\" alt=\"\" loading=\"lazy\"><i class=\"fa fa-search-plus\" aria-hidden=\"true\"><\/i><br \/>\n\t\t\t\t\t\t<\/span><br \/>\n\t\t\t\t\t<\/figure>\n<figure>\n\t\t\t\t\t<span style=\"cursor: pointer\" data-src=\"https:\/\/autorai.nl\/wp-content\/uploads\/2023\/05\/jilain-laadpaal-foto2-1600x1600.jpg\" data-fancybox=\"galery-0\" title=\"\"><br \/>\n\t\t\t\t\t\t\t<img decoding=\"async\" width=\"360\" height=\"270\" src=\"https:\/\/autorai.nl\/wp-content\/uploads\/2023\/05\/jilain-laadpaal-foto2-360x270.jpg\" class=\"attachment-small size-small\" alt=\"\" loading=\"lazy\"><i class=\"fa fa-search-plus\" aria-hidden=\"true\"><\/i><br \/>\n\t\t\t\t\t\t<\/span><br \/>\n\t\t\t\t\t<\/figure>\n<div class=\"clear\"><\/div>\n<\/div>\n<h2>Technische Daten Jilain Ladestation<\/h2>\n<p>Bei einem Preis von bis zu 105.000 Euro k\u00f6nnen Sie auch die High-End-Ladespezifikationen erwarten. &#8222;Die Ladestation kann zwei Mal 22 kW liefern. Eine Besonderheit ist das Einhand-Verschlusssystem. Wir verwenden einen Mennekes-Stecker vom Typ 2, aber in diesem Fall kann man ihn mit einer Hand bedienen. Man steckt ihn n\u00e4mlich schr\u00e4g ein. Der Rahmen besteht aus dickem rostfreiem Stahl. Wir verwenden daf\u00fcr 316L-Edelstahl. Dieses Material wird auch f\u00fcr Rolex- und Breitling-Uhren sowie f\u00fcr Luxusjachten verwendet. Da ich nachhaltig wirtschaften m\u00f6chte, produzieren wir diese Ladestationen vollst\u00e4ndig in den Niederlanden. Nat\u00fcrlich kommen einige Materialien aus anderen L\u00e4ndern, wie zum Beispiel Naturstein, denn der kommt hier nicht vor&#8220;, so Joey Oraile gegen\u00fcber AutoRAI.nl.<\/p>\n<figure class=\"wp-block-table\">\n<table>\n<tbody>\n<tr>\n<td>\n  <strong>Marke<\/strong>\n<\/td>\n<td>\n  <strong>Jilain<\/strong>\n<\/td>\n<\/tr>\n<tr>\n<td><\/td>\n<td><\/td>\n<\/tr>\n<tr>\n<td>\n  <strong>Modell<\/strong>\n<\/td>\n<td>Eva<\/td>\n<\/tr>\n<tr>\n<td>\n  <strong>Steckdose<\/strong>\n<\/td>\n<td>Einhand-Verschluss, Mennekes Typ 2<\/td>\n<\/tr>\n<tr>\n<td>\n  <strong>Ladestecker<\/strong>\n<\/td>\n<td>3 Meter langes Ladekabel, Mennekes Typ 2<\/td>\n<\/tr>\n<tr>\n<td>\n  <strong>Maximale Ausgangsleistung<\/strong>\n<\/td>\n<td>32A 3 Phasen&nbsp;<\/td>\n<\/tr>\n<tr>\n<td>\n  <strong>Einstellbare Leistung<\/strong>\n<\/td>\n<td>2\u00d711 bis 2x22kW<\/td>\n<\/tr>\n<tr>\n<td>\n  <strong>Eingangsspannung<\/strong>\n<\/td>\n<td>400V 50Hz (1 oder 2 &nbsp;Anschl\u00fcsse)<\/td>\n<\/tr>\n<tr>\n<td>\n  <strong>Eingangsleistung<\/strong>\n<\/td>\n<td>16 \/ 32 \/ 64 Ampere<\/td>\n<\/tr>\n<tr>\n<td>\n  <strong>Fehlerstrom-Schutzschalter<\/strong>\n<\/td>\n<td>2 St\u00fcck Doepke HD Fehlerstrom-Schutzschalter 32A<\/td>\n<\/tr>\n<tr>\n<td>\n  <strong>DC-Fehlererkennung<\/strong>\n<\/td>\n<td>Ausgestattet mit RCM-Modulen<\/td>\n<\/tr>\n<tr>\n<td>\n  <strong>Status-LED<\/strong>\n<\/td>\n<td>3 Farben,&nbsp; dimmbar<\/td>\n<\/tr>\n<tr>\n<td>\n  <strong>Schutzart<\/strong>\n<\/td>\n<td>IP54<\/td>\n<\/tr>\n<tr>\n<td>\n  <strong>Temperaturbereich<\/strong>\n<\/td>\n<td>-25 \/ +40<\/td>\n<\/tr>\n<tr>\n<td>\n  <strong>H\u00f6he der Lades\u00e4ule<\/strong>\n<\/td>\n<td>1800 mm<\/td>\n<\/tr>\n<tr>\n<td>\n  <strong>Breite der Lades\u00e4ule<\/strong>\n<\/td>\n<td>350 mm<\/td>\n<\/tr>\n<tr>\n<td>\n  <strong>L\u00e4nge der Lades\u00e4ule<\/strong>\n<\/td>\n<td>954 mm<\/td>\n<\/tr>\n<tr>\n<td>\n  <strong>Material des Rahmens<\/strong>\n<\/td>\n<td>rostfreier Stahl 316 L<\/td>\n<\/tr>\n<tr>\n<td><strong>Material K\u00f6rper 1.<\/strong><\/td>\n<td>Edelstahl 316L<\/td>\n<\/tr>\n<tr>\n<td><strong>Material K\u00f6rper 2.<\/strong><\/td>\n<td>Naturstein<\/td>\n<\/tr>\n<tr>\n<td>\n  <strong>Lastausgleich<\/strong>\n<\/td>\n<td>Ja<\/td>\n<\/tr>\n<\/tbody>\n<\/table>\n<\/figure>\n<figure class=\"wp-block-image size-content\"><img decoding=\"async\" loading=\"lazy\" width=\"1140\" height=\"713\" src=\"https:\/\/autorai.nl\/wp-content\/uploads\/2023\/05\/jilain-laadpalen-overzicht-1140x713.jpg\" alt=\"Jilain\" class=\"wp-image-158739\"><\/figure>\n<h2>18 Karat Gold<\/h2>\n<p>Neben den Jilian Eve Ladestationen bietet das Start-up auch spezielles&nbsp;Zubeh\u00f6r f\u00fcr (Elektro-)Fahrzeuge an. Wie w\u00e4re es mit dem&nbsp;Jilain Visionaire, einem Fensterabzieher aus 18-kar\u00e4tigem Gold? Dieses Produkt&nbsp;ist nicht nur ein praktisches Werkzeug, sondern zieht auch als&nbsp;Kunstwerk die Aufmerksamkeit auf sich.<\/p>\n<p>Die hohle Variante ist ab \u00fcber 230.000 Euro (!!) und die&nbsp;massive Variante ab \u00fcber 673.000 Euro (!!) zu haben. Die Kunden haben unter&nbsp;die M\u00f6glichkeit, ihren Visionaire mit einem Text zu personalisieren.&nbsp;Die Luxusartikel von Jilain sind vorerst nur in den Niederlanden&nbsp;erh\u00e4ltlich und k\u00f6nnen ab Mittwoch, den 17. Mai &#8217;23 unter <a href=\"https:\/\/jilain.com\/\" target=\"_blank\" rel=\"noreferrer noopener\">jilain.com<\/a> bestellt werden. Die Lieferzeit f\u00fcr eine Ladestation&nbsp;Jilain Eve betr\u00e4gt etwa sechs Monate und f\u00fcr den Fensterabzieher Jilain&nbsp;vier Monate.<\/p>\n<figure class=\"wp-block-image size-full\"><img decoding=\"async\" loading=\"lazy\" width=\"1024\" height=\"1024\" src=\"https:\/\/autorai.nl\/wp-content\/uploads\/2023\/05\/jilain-visionaire.jpg\" alt=\"Jilain Vision\u00e4r\" class=\"wp-image-158736\"><\/figure>\n","protected":false},"excerpt":{"rendered":"Kunstwerk Die Ladestationen sind als Kunstwerk entwickelt worden. Nat\u00fcrlich ist es m\u00f6glich, das Elektroauto mit einer solchen Ladestation aufzuladen, aber&hellip;","protected":false},"author":0,"featured_media":135652,"comment_status":"","ping_status":"open","sticky":false,"template":"","format":"standard","meta":{"footnotes":""},"categories":[125,203,128],"tags":[],"class_list":["post-135684","post","type-post","status-publish","format-standard","has-post-thumbnail","hentry","category-auto-nachrichten","category-gadgets-de","category-hintergrund"],"acf":[],"yoast_head":"<!-- This site is optimized with the Yoast SEO plugin v21.2 - https:\/\/yoast.com\/wordpress\/plugins\/seo\/ -->\n<title>Bleibt Geld \u00fcbrig? Das ist die teuerste Designer-Ladestation der Welt - All cars news<\/title>\n<meta name=\"robots\" content=\"index, follow, max-snippet:-1, max-image-preview:large, max-video-preview:-1\" \/>\n<link rel=\"canonical\" href=\"https:\/\/all-car-news.com\/de\/bleibt-geld-uebrig-das-ist-die-teuerste-designer-ladestation-der-welt\/\" \/>\n<meta property=\"og:locale\" content=\"de_DE\" \/>\n<meta property=\"og:type\" content=\"article\" \/>\n<meta property=\"og:title\" content=\"Bleibt Geld \u00fcbrig? Das ist die teuerste Designer-Ladestation der Welt - All cars news\" \/>\n<meta property=\"og:description\" content=\"Kunstwerk Die Ladestationen sind als Kunstwerk entwickelt worden. Nat\u00fcrlich ist es m\u00f6glich, das Elektroauto mit einer solchen Ladestation aufzuladen, aber die Ladestation hat auch einen \u00e4sthetischen Wert als Erg\u00e4nzung f\u00fcr Ihr Haus oder Ihr Gesch\u00e4ft. Der Startpreis von 68.500 Euro entspricht fast dem Preis eines sehr fetten Kia EV6 GT. F\u00fcr [...]\" \/>\n<meta property=\"og:url\" content=\"https:\/\/all-car-news.com\/de\/bleibt-geld-uebrig-das-ist-die-teuerste-designer-ladestation-der-welt\/\" \/>\n<meta property=\"og:site_name\" content=\"All cars news\" \/>\n<meta property=\"article:published_time\" content=\"2023-05-16T10:40:42+00:00\" \/>\n<meta property=\"og:image\" content=\"https:\/\/autorai.nl\/wp-content\/uploads\/2023\/05\/Joey_jilain-1140x760.jpg\" \/>\n<meta name=\"twitter:card\" content=\"summary_large_image\" \/>\n<meta name=\"twitter:label1\" content=\"Gesch\u00e4tzte Lesezeit\" \/>\n\t<meta name=\"twitter:data1\" content=\"3\u00a0Minuten\" \/>\n<script type=\"application\/ld+json\" class=\"yoast-schema-graph\">{\"@context\":\"https:\/\/schema.org\",\"@graph\":[{\"@type\":\"Article\",\"@id\":\"https:\/\/all-car-news.com\/de\/bleibt-geld-uebrig-das-ist-die-teuerste-designer-ladestation-der-welt\/#article\",\"isPartOf\":{\"@id\":\"https:\/\/all-car-news.com\/de\/bleibt-geld-uebrig-das-ist-die-teuerste-designer-ladestation-der-welt\/\"},\"author\":{\"name\":\"\",\"@id\":\"\"},\"headline\":\"Bleibt Geld \u00fcbrig? Das ist die teuerste Designer-Ladestation der Welt\",\"datePublished\":\"2023-05-16T10:40:42+00:00\",\"dateModified\":\"2023-05-16T10:40:42+00:00\",\"mainEntityOfPage\":{\"@id\":\"https:\/\/all-car-news.com\/de\/bleibt-geld-uebrig-das-ist-die-teuerste-designer-ladestation-der-welt\/\"},\"wordCount\":644,\"publisher\":{\"@id\":\"https:\/\/all-car-news.com\/de\/#organization\"},\"articleSection\":[\"Auto Nachrichten\",\"Gadgets\",\"Hintergrund\"],\"inLanguage\":\"de\"},{\"@type\":\"WebPage\",\"@id\":\"https:\/\/all-car-news.com\/de\/bleibt-geld-uebrig-das-ist-die-teuerste-designer-ladestation-der-welt\/\",\"url\":\"https:\/\/all-car-news.com\/de\/bleibt-geld-uebrig-das-ist-die-teuerste-designer-ladestation-der-welt\/\",\"name\":\"Bleibt Geld \u00fcbrig? Das ist die teuerste Designer-Ladestation der Welt - All cars news\",\"isPartOf\":{\"@id\":\"https:\/\/all-car-news.com\/de\/#website\"},\"datePublished\":\"2023-05-16T10:40:42+00:00\",\"dateModified\":\"2023-05-16T10:40:42+00:00\",\"breadcrumb\":{\"@id\":\"https:\/\/all-car-news.com\/de\/bleibt-geld-uebrig-das-ist-die-teuerste-designer-ladestation-der-welt\/#breadcrumb\"},\"inLanguage\":\"de\",\"potentialAction\":[{\"@type\":\"ReadAction\",\"target\":[\"https:\/\/all-car-news.com\/de\/bleibt-geld-uebrig-das-ist-die-teuerste-designer-ladestation-der-welt\/\"]}]},{\"@type\":\"BreadcrumbList\",\"@id\":\"https:\/\/all-car-news.com\/de\/bleibt-geld-uebrig-das-ist-die-teuerste-designer-ladestation-der-welt\/#breadcrumb\",\"itemListElement\":[{\"@type\":\"ListItem\",\"position\":1,\"name\":\"Home\",\"item\":\"https:\/\/all-car-news.com\/de\/\"},{\"@type\":\"ListItem\",\"position\":2,\"name\":\"Bleibt Geld \u00fcbrig? Das ist die teuerste Designer-Ladestation der Welt\"}]},{\"@type\":\"WebSite\",\"@id\":\"https:\/\/all-car-news.com\/de\/#website\",\"url\":\"https:\/\/all-car-news.com\/de\/\",\"name\":\"All cars news\",\"description\":\"\",\"publisher\":{\"@id\":\"https:\/\/all-car-news.com\/de\/#organization\"},\"potentialAction\":[{\"@type\":\"SearchAction\",\"target\":{\"@type\":\"EntryPoint\",\"urlTemplate\":\"https:\/\/all-car-news.com\/de\/?s={search_term_string}\"},\"query-input\":\"required name=search_term_string\"}],\"inLanguage\":\"de\"},{\"@type\":\"Organization\",\"@id\":\"https:\/\/all-car-news.com\/de\/#organization\",\"name\":\"All cars news\",\"url\":\"https:\/\/all-car-news.com\/de\/\",\"logo\":{\"@type\":\"ImageObject\",\"inLanguage\":\"de\",\"@id\":\"https:\/\/all-car-news.com\/de\/#\/schema\/logo\/image\/\",\"url\":\"https:\/\/all-car-news.com\/wp-content\/uploads\/2022\/02\/CMYK-AllCarNews_LANDSCAPE_300px-1.png\",\"contentUrl\":\"https:\/\/all-car-news.com\/wp-content\/uploads\/2022\/02\/CMYK-AllCarNews_LANDSCAPE_300px-1.png\",\"width\":300,\"height\":100,\"caption\":\"All cars news\"},\"image\":{\"@id\":\"https:\/\/all-car-news.com\/de\/#\/schema\/logo\/image\/\"}}]}<\/script>\n<!-- \/ Yoast SEO plugin. -->","yoast_head_json":{"title":"Bleibt Geld \u00fcbrig? Das ist die teuerste Designer-Ladestation der Welt - All cars news","robots":{"index":"index","follow":"follow","max-snippet":"max-snippet:-1","max-image-preview":"max-image-preview:large","max-video-preview":"max-video-preview:-1"},"canonical":"https:\/\/all-car-news.com\/de\/bleibt-geld-uebrig-das-ist-die-teuerste-designer-ladestation-der-welt\/","og_locale":"de_DE","og_type":"article","og_title":"Bleibt Geld \u00fcbrig? Das ist die teuerste Designer-Ladestation der Welt - All cars news","og_description":"Kunstwerk Die Ladestationen sind als Kunstwerk entwickelt worden. Nat\u00fcrlich ist es m\u00f6glich, das Elektroauto mit einer solchen Ladestation aufzuladen, aber die Ladestation hat auch einen \u00e4sthetischen Wert als Erg\u00e4nzung f\u00fcr Ihr Haus oder Ihr Gesch\u00e4ft. Der Startpreis von 68.500 Euro entspricht fast dem Preis eines sehr fetten Kia EV6 GT. F\u00fcr [...]","og_url":"https:\/\/all-car-news.com\/de\/bleibt-geld-uebrig-das-ist-die-teuerste-designer-ladestation-der-welt\/","og_site_name":"All cars news","article_published_time":"2023-05-16T10:40:42+00:00","og_image":[{"url":"https:\/\/autorai.nl\/wp-content\/uploads\/2023\/05\/Joey_jilain-1140x760.jpg"}],"twitter_card":"summary_large_image","twitter_misc":{"Gesch\u00e4tzte Lesezeit":"3\u00a0Minuten"},"schema":{"@context":"https:\/\/schema.org","@graph":[{"@type":"Article","@id":"https:\/\/all-car-news.com\/de\/bleibt-geld-uebrig-das-ist-die-teuerste-designer-ladestation-der-welt\/#article","isPartOf":{"@id":"https:\/\/all-car-news.com\/de\/bleibt-geld-uebrig-das-ist-die-teuerste-designer-ladestation-der-welt\/"},"author":{"name":"","@id":""},"headline":"Bleibt Geld \u00fcbrig? Das ist die teuerste Designer-Ladestation der Welt","datePublished":"2023-05-16T10:40:42+00:00","dateModified":"2023-05-16T10:40:42+00:00","mainEntityOfPage":{"@id":"https:\/\/all-car-news.com\/de\/bleibt-geld-uebrig-das-ist-die-teuerste-designer-ladestation-der-welt\/"},"wordCount":644,"publisher":{"@id":"https:\/\/all-car-news.com\/de\/#organization"},"articleSection":["Auto Nachrichten","Gadgets","Hintergrund"],"inLanguage":"de"},{"@type":"WebPage","@id":"https:\/\/all-car-news.com\/de\/bleibt-geld-uebrig-das-ist-die-teuerste-designer-ladestation-der-welt\/","url":"https:\/\/all-car-news.com\/de\/bleibt-geld-uebrig-das-ist-die-teuerste-designer-ladestation-der-welt\/","name":"Bleibt Geld \u00fcbrig? Das ist die teuerste Designer-Ladestation der Welt - All cars news","isPartOf":{"@id":"https:\/\/all-car-news.com\/de\/#website"},"datePublished":"2023-05-16T10:40:42+00:00","dateModified":"2023-05-16T10:40:42+00:00","breadcrumb":{"@id":"https:\/\/all-car-news.com\/de\/bleibt-geld-uebrig-das-ist-die-teuerste-designer-ladestation-der-welt\/#breadcrumb"},"inLanguage":"de","potentialAction":[{"@type":"ReadAction","target":["https:\/\/all-car-news.com\/de\/bleibt-geld-uebrig-das-ist-die-teuerste-designer-ladestation-der-welt\/"]}]},{"@type":"BreadcrumbList","@id":"https:\/\/all-car-news.com\/de\/bleibt-geld-uebrig-das-ist-die-teuerste-designer-ladestation-der-welt\/#breadcrumb","itemListElement":[{"@type":"ListItem","position":1,"name":"Home","item":"https:\/\/all-car-news.com\/de\/"},{"@type":"ListItem","position":2,"name":"Bleibt Geld \u00fcbrig? Das ist die teuerste Designer-Ladestation der Welt"}]},{"@type":"WebSite","@id":"https:\/\/all-car-news.com\/de\/#website","url":"https:\/\/all-car-news.com\/de\/","name":"All cars news","description":"","publisher":{"@id":"https:\/\/all-car-news.com\/de\/#organization"},"potentialAction":[{"@type":"SearchAction","target":{"@type":"EntryPoint","urlTemplate":"https:\/\/all-car-news.com\/de\/?s={search_term_string}"},"query-input":"required name=search_term_string"}],"inLanguage":"de"},{"@type":"Organization","@id":"https:\/\/all-car-news.com\/de\/#organization","name":"All cars news","url":"https:\/\/all-car-news.com\/de\/","logo":{"@type":"ImageObject","inLanguage":"de","@id":"https:\/\/all-car-news.com\/de\/#\/schema\/logo\/image\/","url":"https:\/\/all-car-news.com\/wp-content\/uploads\/2022\/02\/CMYK-AllCarNews_LANDSCAPE_300px-1.png","contentUrl":"https:\/\/all-car-news.com\/wp-content\/uploads\/2022\/02\/CMYK-AllCarNews_LANDSCAPE_300px-1.png","width":300,"height":100,"caption":"All cars news"},"image":{"@id":"https:\/\/all-car-news.com\/de\/#\/schema\/logo\/image\/"}}]}},"_links":{"self":[{"href":"https:\/\/all-car-news.com\/de\/wp-json\/wp\/v2\/posts\/135684","targetHints":{"allow":["GET"]}}],"collection":[{"href":"https:\/\/all-car-news.com\/de\/wp-json\/wp\/v2\/posts"}],"about":[{"href":"https:\/\/all-car-news.com\/de\/wp-json\/wp\/v2\/types\/post"}],"replies":[{"embeddable":true,"href":"https:\/\/all-car-news.com\/de\/wp-json\/wp\/v2\/comments?post=135684"}],"version-history":[{"count":0,"href":"https:\/\/all-car-news.com\/de\/wp-json\/wp\/v2\/posts\/135684\/revisions"}],"wp:featuredmedia":[{"embeddable":true,"href":"https:\/\/all-car-news.com\/de\/wp-json\/wp\/v2\/media\/135652"}],"wp:attachment":[{"href":"https:\/\/all-car-news.com\/de\/wp-json\/wp\/v2\/media?parent=135684"}],"wp:term":[{"taxonomy":"category","embeddable":true,"href":"https:\/\/all-car-news.com\/de\/wp-json\/wp\/v2\/categories?post=135684"},{"taxonomy":"post_tag","embeddable":true,"href":"https:\/\/all-car-news.com\/de\/wp-json\/wp\/v2\/tags?post=135684"}],"curies":[{"name":"wp","href":"https:\/\/api.w.org\/{rel}","templated":true}]}}