{"id":135319,"date":"2023-05-08T08:41:01","date_gmt":"2023-05-08T08:41:01","guid":{"rendered":"https:\/\/all-car-news.com\/ein-fest-track-pack-option-fuer-ford-focus-st\/"},"modified":"2023-05-08T08:41:01","modified_gmt":"2023-05-08T08:41:01","slug":"ein-fest-track-pack-option-fuer-ford-focus-st","status":"publish","type":"post","link":"https:\/\/all-car-news.com\/de\/ein-fest-track-pack-option-fuer-ford-focus-st\/","title":{"rendered":"Ein Fest: Track Pack Option f\u00fcr Ford Focus ST"},"content":{"rendered":"<h2>Ford Focus ST mit ST Track Pack<\/h2>\n<p>Der Ford Focus ST mit ST Track Pack verf\u00fcgt \u00fcber ein Fahrwerk, das in Zusammenarbeit mit KW Automotive entwickelt wurde und vollst\u00e4ndig individualisierbar ist, zum Beispiel f\u00fcr den Einsatz auf der Rennstrecke. Dieses Fahrwerk harmoniert mit den Leichtmetallr\u00e4dern. Dar\u00fcber hinaus sorgt das ST Track Pack dank 363-mm-Bremsscheiben vorne und Brembo-Bremss\u00e4tteln f\u00fcr eine bessere Bremsleistung. F\u00fcr optimalen Grip ist das Track Pack mit Pirelli P-Zero Corsa Reifen ausgestattet.<\/p>\n<h2>KW Automobilindustrie<\/h2>\n<p>Das Fahrwerk mit Gewindefahrwerk wurde in Zusammenarbeit mit den Motorsportspezialisten von KW Automotive entwickelt. Das System ist mit Edelstahlgeh\u00e4usen f\u00fcr die D\u00e4mpfer ausgestattet. Es gibt 12 Einstellungen f\u00fcr die Zugstufe und 16 Einstellungen f\u00fcr den R\u00fccksto\u00df. Diese beiden Faktoren erm\u00f6glichen es den Trackday-Teilnehmern, das Ansprechverhalten ihres Focus ST noch genauer abzustimmen. Die Einstellungen k\u00f6nnen sogar speziell an die Lieblingsstrecken der Fahrer angepasst werden.<\/p>\n<p>Die D\u00e4mpfer arbeiten mit pulverbeschichteten Federn zusammen, die bis zu 50 Prozent steifer sind und eine um 10 mm niedrigere Fahrh\u00f6he im Vergleich zum serienm\u00e4\u00dfigen Focus ST bieten. Dies sorgt f\u00fcr einen niedrigeren Schwerpunkt und weniger Karosseriebewegungen bei schnellerer Kurvenfahrt. Auf Wunsch kann der Fahrer die Fahrzeugh\u00f6he um bis zu 15 mm absenken, sofern dies nach den \u00f6rtlichen Vorschriften zul\u00e4ssig ist.<\/p>\n<figure class=\"wp-block-image size-content\"><img decoding=\"async\" loading=\"lazy\" width=\"1140\" height=\"641\" src=\"https:\/\/autorai.nl\/wp-content\/uploads\/2023\/05\/05_Ford-Focus-ST-krijgt-nog-betere-rijeigenschappen-met-Track-Pack-1140x641.jpg\" alt=\"Ford Focus ST mit ST Track Pack\" class=\"wp-image-157932\"><\/figure>\n<h2>19-Zoll-Leichtmetallr\u00e4der<\/h2>\n<p>Die 19-Zoll-Leichtmetallr\u00e4der werden in einem Dr\u00fcckwalzverfahren hergestellt, bei dem die Aluminiumlegierung verdichtet wird. Dadurch bleibt die Zugfestigkeit erhalten, die Sto\u00dffestigkeit wird verbessert und es wird weniger Material ben\u00f6tigt, was das Gewicht der Felge senkt. Das Ergebnis: R\u00e4der, die zehn Prozent leichter sind als herk\u00f6mmliche R\u00e4der und daher schneller die Richtung in der Vertikalen wechseln k\u00f6nnen. Dies wiederum verbessert den Kontakt der Reifen mit der Fahrbahnoberfl\u00e4che, wodurch die Haftung erh\u00f6ht und das Beschleunigungs-, Brems- und Kurvenverhalten verbessert wird. Die R\u00e4der sind mit Pirelli P Zero Corsa-Reifen mit besonders hohem Grip ausgestattet, bereit f\u00fcr kompromisslose Leistung auf der Rennstrecke und im Trockenen.<\/p>\n<h2>Bessere Bremsen<\/h2>\n<p>Auch die Bremsleistung wurde verbessert. Die vorderen Bremsscheiben haben einen zehn Prozent gr\u00f6\u00dferen Durchmesser als die serienm\u00e4\u00dfigen 330-mm-Scheiben. Sie werden mit Vierkolben-Fests\u00e4tteln von Brembo kombiniert, die einen besseren Grip und eine gr\u00f6\u00dfere Oberfl\u00e4che zur W\u00e4rmeableitung bieten. Dadurch wird das Ausbleichen aufgrund von Hitze bei l\u00e4ngeren Trainingseinheiten reduziert.<\/p>\n<div class=\"galery shuffle galery-0\">\n<figure>\n\t\t\t\t\t<span style=\"cursor: pointer\" data-src=\"https:\/\/autorai.nl\/wp-content\/uploads\/2023\/05\/07_Ford-Focus-ST-krijgt-nog-betere-rijeigenschappen-met-Track-Pack-1600x900.jpg\" data-fancybox=\"galery-0\" title=\"\"><br \/>\n\t\t\t\t\t\t\t<img decoding=\"async\" width=\"640\" height=\"480\" src=\"https:\/\/autorai.nl\/wp-content\/uploads\/2023\/05\/07_Ford-Focus-ST-krijgt-nog-betere-rijeigenschappen-met-Track-Pack-640x480.jpg\" class=\"attachment-medium size-medium\" alt=\"\" loading=\"lazy\"><i class=\"fa fa-search-plus\" aria-hidden=\"true\"><\/i><br \/>\n\t\t\t\t\t\t<\/span><br \/>\n\t\t\t\t\t<\/figure>\n<figure>\n\t\t\t\t\t<span style=\"cursor: pointer\" data-src=\"https:\/\/autorai.nl\/wp-content\/uploads\/2023\/05\/06_Ford-Focus-ST-krijgt-nog-betere-rijeigenschappen-met-Track-Pack-1600x900.jpg\" data-fancybox=\"galery-0\" title=\"\"><br \/>\n\t\t\t\t\t\t\t<img decoding=\"async\" width=\"360\" height=\"270\" src=\"https:\/\/autorai.nl\/wp-content\/uploads\/2023\/05\/06_Ford-Focus-ST-krijgt-nog-betere-rijeigenschappen-met-Track-Pack-360x270.jpg\" class=\"attachment-small size-small\" alt=\"\" loading=\"lazy\"><i class=\"fa fa-search-plus\" aria-hidden=\"true\"><\/i><br \/>\n\t\t\t\t\t\t<\/span><br \/>\n\t\t\t\t\t<\/figure>\n<figure>\n\t\t\t\t\t<span style=\"cursor: pointer\" data-src=\"https:\/\/autorai.nl\/wp-content\/uploads\/2023\/05\/05_Ford-Focus-ST-krijgt-nog-betere-rijeigenschappen-met-Track-Pack-1600x900.jpg\" data-fancybox=\"galery-0\" title=\"\"><br \/>\n\t\t\t\t\t\t\t<img decoding=\"async\" width=\"360\" height=\"270\" src=\"https:\/\/autorai.nl\/wp-content\/uploads\/2023\/05\/05_Ford-Focus-ST-krijgt-nog-betere-rijeigenschappen-met-Track-Pack-360x270.jpg\" class=\"attachment-small size-small\" alt=\"Ford Focus ST mit ST Track Pack\" loading=\"lazy\"><i class=\"fa fa-search-plus\" aria-hidden=\"true\"><\/i><br \/>\n\t\t\t\t\t\t<\/span><br \/>\n\t\t\t\t\t<\/figure>\n<figure>\n\t\t\t\t\t<span style=\"cursor: pointer\" data-src=\"https:\/\/autorai.nl\/wp-content\/uploads\/2023\/05\/04_Ford-Focus-ST-krijgt-nog-betere-rijeigenschappen-met-Track-Pack-1600x900.jpg\" data-fancybox=\"galery-0\" title=\"\"><br \/>\n\t\t\t\t\t\t\t<img decoding=\"async\" width=\"640\" height=\"480\" src=\"https:\/\/autorai.nl\/wp-content\/uploads\/2023\/05\/04_Ford-Focus-ST-krijgt-nog-betere-rijeigenschappen-met-Track-Pack-640x480.jpg\" class=\"attachment-medium size-medium\" alt=\"\" loading=\"lazy\"><i class=\"fa fa-search-plus\" aria-hidden=\"true\"><\/i><br \/>\n\t\t\t\t\t\t<\/span><br \/>\n\t\t\t\t\t<\/figure>\n<figure>\n\t\t\t\t\t<span style=\"cursor: pointer\" data-src=\"https:\/\/autorai.nl\/wp-content\/uploads\/2023\/05\/03_Ford-Focus-ST-krijgt-nog-betere-rijeigenschappen-met-Track-Pack-1600x900.jpg\" data-fancybox=\"galery-0\" title=\"\"><br \/>\n\t\t\t\t\t\t\t<img decoding=\"async\" width=\"360\" height=\"270\" src=\"https:\/\/autorai.nl\/wp-content\/uploads\/2023\/05\/03_Ford-Focus-ST-krijgt-nog-betere-rijeigenschappen-met-Track-Pack-360x270.jpg\" class=\"attachment-small size-small\" alt=\"\" loading=\"lazy\"><i class=\"fa fa-search-plus\" aria-hidden=\"true\"><\/i><br \/>\n\t\t\t\t\t\t<\/span><br \/>\n\t\t\t\t\t<\/figure>\n<figure>\n\t\t\t\t\t<span style=\"cursor: pointer\" data-src=\"https:\/\/autorai.nl\/wp-content\/uploads\/2023\/05\/01_Ford-Focus-ST-krijgt-nog-betere-rijeigenschappen-met-Track-Pack-1600x900.jpg\" data-fancybox=\"galery-0\" title=\"\"><br \/>\n\t\t\t\t\t\t\t<img decoding=\"async\" width=\"360\" height=\"270\" src=\"https:\/\/autorai.nl\/wp-content\/uploads\/2023\/05\/01_Ford-Focus-ST-krijgt-nog-betere-rijeigenschappen-met-Track-Pack-360x270.jpg\" class=\"attachment-small size-small\" alt=\"\" loading=\"lazy\"><i class=\"fa fa-search-plus\" aria-hidden=\"true\"><\/i><br \/>\n\t\t\t\t\t\t<\/span><br \/>\n\t\t\t\t\t<\/figure>\n<div class=\"clear\"><\/div>\n<\/div>\n<h2>Kosmetische Unterschiede<\/h2>\n<p>Ein Ford Focus ST mit Track Pack ist leicht an dem speziellen Heckspoiler, dem Heckdiffusor und den Spoilern an der Frontsto\u00dfstange zu erkennen, die in markantem Hochglanz-Achatschwarz lackiert sind. Alle drei Elemente erzeugen passive aerodynamische Effekte, die den Abtrieb und die Stabilit\u00e4t optimieren. Das Dach, der obere K\u00fchlergrill im vorderen Sto\u00dff\u00e4nger und die Spiegelkappen des Focus ST mit Track Pack sind ebenfalls in Achatschwarz gehalten. Die Leichtmetallr\u00e4der sind ebenfalls in Schwarz hochgl\u00e4nzend lackiert, dahinter befinden sich Bremss\u00e4ttel in kr\u00e4ftigem Rot. Zu den weiteren exklusiven Au\u00dfendetails geh\u00f6rt die dezente schwarze Umrandung der ST-Logos anstelle des \u00fcblichen Chroms.<\/p>\n<h2>Antriebsstrang<\/h2>\n<p>Der 2,3-Liter-EcoBoost-Benzinmotor des Focus ST leistet stets 206 kW (280 PS) bei 5.500 U\/min und 420 Nm Drehmoment zwischen 3.000 und 4.000 U\/min. Erm\u00f6glicht wird dies unter anderem durch einen Twin-Scroll-Turbo mit Anti-Lag-Technologie.<\/p>\n<h2>Sperrdifferenzial (eLSD)<\/h2>\n<p>Die Leistung wird durch Merkmale wie die Flat-Shift-Funktion, die die Drosselklappe beim Hochschalten offen h\u00e4lt, noch weiter gesteigert. Au\u00dferdem gibt es ein innovatives elektronisch gesteuertes Sperrdifferenzial (eLSD), das hydraulisch Kupplungen aktiviert, um bis zu 100 Prozent des verf\u00fcgbaren Drehmoments an das Rad mit der gr\u00f6\u00dften Haftung zu leiten. Auf diese Weise wird dem Durchdrehen des Rades aktiv entgegengewirkt. Das System arbeitet schneller und pr\u00e4ziser als ein mechanisches LSD. Das System passt das Drehmoment auf der Grundlage von Eingaben des Motors und verschiedener Fahrzeugsensoren pr\u00e4ventiv an.<\/p>\n<p>Der Fahrer hat au\u00dferdem die Wahl zwischen verschiedenen Fahrmodi, die sich auf die Einstellungen des eLSD sowie auf die Gasannahme, die elektronische Servolenkung und die elektronische Stabilit\u00e4tskontrolle (ESC) auswirken. Auf diese Weise kann alles an die Gegebenheiten angepasst werden. Der Track-Modus zum Beispiel sorgt f\u00fcr ein sch\u00e4rferes Ansprechverhalten und mehr Freiheiten des ESC-Systems, f\u00fcr maximale R\u00fcckmeldung an den Fahrer und ein optimal abgestimmtes Fahrerlebnis.<\/p>\n<p>Der Focus ST mit ST Track Pack kann ab sofort bestellt werden. Der Mehrpreis f\u00fcr das Track Pack betr\u00e4gt 3.575 Euro. Der Grundpreis f\u00fcr einen Ford Focus ST beginnt in den Niederlanden bei 60.640 Euro.<\/p>\n<h2>ST Track Pack in K\u00fcrze<\/h2>\n<ul>\n<li>Manuell einstellbare Federung<\/li>\n<li>19-Zoll-Leichtmetallfelgen in Schwarz Hochglanz (235\/35er Reifen)<\/li>\n<li>Nabenkappen in schwarz mit ST-Logo<\/li>\n<li>Einzigartige 18-Zoll-Brembo-Bremss\u00e4ttel vorne<\/li>\n<li>Einzigartiges Karosseriefinish mit schwarzen Elementen<\/li>\n<li>Beachten Sie, dass das Hinzuf\u00fcgen dieser Option dem Fahrzeug einen h\u00f6heren<br \/>CO2-Emissionen<\/li>\n<li>Nicht kombinierbar mit Kontinuierlich geregelter D\u00e4mpfung und<br \/>Panoramadach<\/li>\n<\/ul>\n<figure class=\"wp-block-embed is-type-video is-provider-youtube wp-block-embed-youtube wp-embed-aspect-16-9 wp-has-aspect-ratio\">\n<div class=\"wp-block-embed__wrapper\">\n<\/div>\n<\/figure>\n","protected":false},"excerpt":{"rendered":"Ford Focus ST mit ST Track Pack Der Ford Focus ST mit ST Track Pack verf\u00fcgt \u00fcber ein Fahrwerk, das&hellip;","protected":false},"author":0,"featured_media":135305,"comment_status":"","ping_status":"open","sticky":false,"template":"","format":"standard","meta":{"footnotes":""},"categories":[125,128],"tags":[],"class_list":["post-135319","post","type-post","status-publish","format-standard","has-post-thumbnail","hentry","category-auto-nachrichten","category-hintergrund"],"acf":[],"yoast_head":"<!-- This site is optimized with the Yoast SEO plugin v21.2 - https:\/\/yoast.com\/wordpress\/plugins\/seo\/ -->\n<title>Ein Fest: Track Pack Option f\u00fcr Ford Focus ST - All cars news<\/title>\n<meta name=\"robots\" content=\"index, follow, max-snippet:-1, max-image-preview:large, max-video-preview:-1\" \/>\n<link rel=\"canonical\" href=\"https:\/\/all-car-news.com\/de\/ein-fest-track-pack-option-fuer-ford-focus-st\/\" \/>\n<meta property=\"og:locale\" content=\"de_DE\" \/>\n<meta property=\"og:type\" content=\"article\" \/>\n<meta property=\"og:title\" content=\"Ein Fest: Track Pack Option f\u00fcr Ford Focus ST - All cars news\" \/>\n<meta property=\"og:description\" content=\"Ford Focus ST mit ST Track Pack Der Ford Focus ST mit ST Track Pack verf\u00fcgt \u00fcber ein Fahrwerk, das in Zusammenarbeit mit KW Automotive entwickelt wurde und vollst\u00e4ndig anpassbar ist, zum Beispiel f\u00fcr den Einsatz auf der Rennstrecke. Dieses Fahrwerk harmoniert mit den Leichtmetallr\u00e4dern. Au\u00dferdem ist der ST [...]\" \/>\n<meta property=\"og:url\" content=\"https:\/\/all-car-news.com\/de\/ein-fest-track-pack-option-fuer-ford-focus-st\/\" \/>\n<meta property=\"og:site_name\" content=\"All cars news\" \/>\n<meta property=\"article:published_time\" content=\"2023-05-08T08:41:01+00:00\" \/>\n<meta property=\"og:image\" content=\"https:\/\/autorai.nl\/wp-content\/uploads\/2023\/05\/05_Ford-Focus-ST-krijgt-nog-betere-rijeigenschappen-met-Track-Pack-1140x641.jpg\" \/>\n<meta name=\"twitter:card\" content=\"summary_large_image\" \/>\n<meta name=\"twitter:label1\" content=\"Gesch\u00e4tzte Lesezeit\" \/>\n\t<meta name=\"twitter:data1\" content=\"4\u00a0Minuten\" \/>\n<script type=\"application\/ld+json\" class=\"yoast-schema-graph\">{\"@context\":\"https:\/\/schema.org\",\"@graph\":[{\"@type\":\"Article\",\"@id\":\"https:\/\/all-car-news.com\/de\/ein-fest-track-pack-option-fuer-ford-focus-st\/#article\",\"isPartOf\":{\"@id\":\"https:\/\/all-car-news.com\/de\/ein-fest-track-pack-option-fuer-ford-focus-st\/\"},\"author\":{\"name\":\"\",\"@id\":\"\"},\"headline\":\"Ein Fest: Track Pack Option f\u00fcr Ford Focus ST\",\"datePublished\":\"2023-05-08T08:41:01+00:00\",\"dateModified\":\"2023-05-08T08:41:01+00:00\",\"mainEntityOfPage\":{\"@id\":\"https:\/\/all-car-news.com\/de\/ein-fest-track-pack-option-fuer-ford-focus-st\/\"},\"wordCount\":786,\"publisher\":{\"@id\":\"https:\/\/all-car-news.com\/de\/#organization\"},\"articleSection\":[\"Auto Nachrichten\",\"Hintergrund\"],\"inLanguage\":\"de\"},{\"@type\":\"WebPage\",\"@id\":\"https:\/\/all-car-news.com\/de\/ein-fest-track-pack-option-fuer-ford-focus-st\/\",\"url\":\"https:\/\/all-car-news.com\/de\/ein-fest-track-pack-option-fuer-ford-focus-st\/\",\"name\":\"Ein Fest: Track Pack Option f\u00fcr Ford Focus ST - All cars news\",\"isPartOf\":{\"@id\":\"https:\/\/all-car-news.com\/de\/#website\"},\"datePublished\":\"2023-05-08T08:41:01+00:00\",\"dateModified\":\"2023-05-08T08:41:01+00:00\",\"breadcrumb\":{\"@id\":\"https:\/\/all-car-news.com\/de\/ein-fest-track-pack-option-fuer-ford-focus-st\/#breadcrumb\"},\"inLanguage\":\"de\",\"potentialAction\":[{\"@type\":\"ReadAction\",\"target\":[\"https:\/\/all-car-news.com\/de\/ein-fest-track-pack-option-fuer-ford-focus-st\/\"]}]},{\"@type\":\"BreadcrumbList\",\"@id\":\"https:\/\/all-car-news.com\/de\/ein-fest-track-pack-option-fuer-ford-focus-st\/#breadcrumb\",\"itemListElement\":[{\"@type\":\"ListItem\",\"position\":1,\"name\":\"Home\",\"item\":\"https:\/\/all-car-news.com\/de\/\"},{\"@type\":\"ListItem\",\"position\":2,\"name\":\"Ein Fest: Track Pack Option f\u00fcr Ford Focus ST\"}]},{\"@type\":\"WebSite\",\"@id\":\"https:\/\/all-car-news.com\/de\/#website\",\"url\":\"https:\/\/all-car-news.com\/de\/\",\"name\":\"All cars news\",\"description\":\"\",\"publisher\":{\"@id\":\"https:\/\/all-car-news.com\/de\/#organization\"},\"potentialAction\":[{\"@type\":\"SearchAction\",\"target\":{\"@type\":\"EntryPoint\",\"urlTemplate\":\"https:\/\/all-car-news.com\/de\/?s={search_term_string}\"},\"query-input\":\"required name=search_term_string\"}],\"inLanguage\":\"de\"},{\"@type\":\"Organization\",\"@id\":\"https:\/\/all-car-news.com\/de\/#organization\",\"name\":\"All cars news\",\"url\":\"https:\/\/all-car-news.com\/de\/\",\"logo\":{\"@type\":\"ImageObject\",\"inLanguage\":\"de\",\"@id\":\"https:\/\/all-car-news.com\/de\/#\/schema\/logo\/image\/\",\"url\":\"https:\/\/all-car-news.com\/wp-content\/uploads\/2022\/02\/CMYK-AllCarNews_LANDSCAPE_300px-1.png\",\"contentUrl\":\"https:\/\/all-car-news.com\/wp-content\/uploads\/2022\/02\/CMYK-AllCarNews_LANDSCAPE_300px-1.png\",\"width\":300,\"height\":100,\"caption\":\"All cars news\"},\"image\":{\"@id\":\"https:\/\/all-car-news.com\/de\/#\/schema\/logo\/image\/\"}}]}<\/script>\n<!-- \/ Yoast SEO plugin. -->","yoast_head_json":{"title":"Ein Fest: Track Pack Option f\u00fcr Ford Focus ST - All cars news","robots":{"index":"index","follow":"follow","max-snippet":"max-snippet:-1","max-image-preview":"max-image-preview:large","max-video-preview":"max-video-preview:-1"},"canonical":"https:\/\/all-car-news.com\/de\/ein-fest-track-pack-option-fuer-ford-focus-st\/","og_locale":"de_DE","og_type":"article","og_title":"Ein Fest: Track Pack Option f\u00fcr Ford Focus ST - All cars news","og_description":"Ford Focus ST mit ST Track Pack Der Ford Focus ST mit ST Track Pack verf\u00fcgt \u00fcber ein Fahrwerk, das in Zusammenarbeit mit KW Automotive entwickelt wurde und vollst\u00e4ndig anpassbar ist, zum Beispiel f\u00fcr den Einsatz auf der Rennstrecke. Dieses Fahrwerk harmoniert mit den Leichtmetallr\u00e4dern. Au\u00dferdem ist der ST [...]","og_url":"https:\/\/all-car-news.com\/de\/ein-fest-track-pack-option-fuer-ford-focus-st\/","og_site_name":"All cars news","article_published_time":"2023-05-08T08:41:01+00:00","og_image":[{"url":"https:\/\/autorai.nl\/wp-content\/uploads\/2023\/05\/05_Ford-Focus-ST-krijgt-nog-betere-rijeigenschappen-met-Track-Pack-1140x641.jpg"}],"twitter_card":"summary_large_image","twitter_misc":{"Gesch\u00e4tzte Lesezeit":"4\u00a0Minuten"},"schema":{"@context":"https:\/\/schema.org","@graph":[{"@type":"Article","@id":"https:\/\/all-car-news.com\/de\/ein-fest-track-pack-option-fuer-ford-focus-st\/#article","isPartOf":{"@id":"https:\/\/all-car-news.com\/de\/ein-fest-track-pack-option-fuer-ford-focus-st\/"},"author":{"name":"","@id":""},"headline":"Ein Fest: Track Pack Option f\u00fcr Ford Focus ST","datePublished":"2023-05-08T08:41:01+00:00","dateModified":"2023-05-08T08:41:01+00:00","mainEntityOfPage":{"@id":"https:\/\/all-car-news.com\/de\/ein-fest-track-pack-option-fuer-ford-focus-st\/"},"wordCount":786,"publisher":{"@id":"https:\/\/all-car-news.com\/de\/#organization"},"articleSection":["Auto Nachrichten","Hintergrund"],"inLanguage":"de"},{"@type":"WebPage","@id":"https:\/\/all-car-news.com\/de\/ein-fest-track-pack-option-fuer-ford-focus-st\/","url":"https:\/\/all-car-news.com\/de\/ein-fest-track-pack-option-fuer-ford-focus-st\/","name":"Ein Fest: Track Pack Option f\u00fcr Ford Focus ST - All cars news","isPartOf":{"@id":"https:\/\/all-car-news.com\/de\/#website"},"datePublished":"2023-05-08T08:41:01+00:00","dateModified":"2023-05-08T08:41:01+00:00","breadcrumb":{"@id":"https:\/\/all-car-news.com\/de\/ein-fest-track-pack-option-fuer-ford-focus-st\/#breadcrumb"},"inLanguage":"de","potentialAction":[{"@type":"ReadAction","target":["https:\/\/all-car-news.com\/de\/ein-fest-track-pack-option-fuer-ford-focus-st\/"]}]},{"@type":"BreadcrumbList","@id":"https:\/\/all-car-news.com\/de\/ein-fest-track-pack-option-fuer-ford-focus-st\/#breadcrumb","itemListElement":[{"@type":"ListItem","position":1,"name":"Home","item":"https:\/\/all-car-news.com\/de\/"},{"@type":"ListItem","position":2,"name":"Ein Fest: Track Pack Option f\u00fcr Ford Focus ST"}]},{"@type":"WebSite","@id":"https:\/\/all-car-news.com\/de\/#website","url":"https:\/\/all-car-news.com\/de\/","name":"All cars news","description":"","publisher":{"@id":"https:\/\/all-car-news.com\/de\/#organization"},"potentialAction":[{"@type":"SearchAction","target":{"@type":"EntryPoint","urlTemplate":"https:\/\/all-car-news.com\/de\/?s={search_term_string}"},"query-input":"required name=search_term_string"}],"inLanguage":"de"},{"@type":"Organization","@id":"https:\/\/all-car-news.com\/de\/#organization","name":"All cars news","url":"https:\/\/all-car-news.com\/de\/","logo":{"@type":"ImageObject","inLanguage":"de","@id":"https:\/\/all-car-news.com\/de\/#\/schema\/logo\/image\/","url":"https:\/\/all-car-news.com\/wp-content\/uploads\/2022\/02\/CMYK-AllCarNews_LANDSCAPE_300px-1.png","contentUrl":"https:\/\/all-car-news.com\/wp-content\/uploads\/2022\/02\/CMYK-AllCarNews_LANDSCAPE_300px-1.png","width":300,"height":100,"caption":"All cars news"},"image":{"@id":"https:\/\/all-car-news.com\/de\/#\/schema\/logo\/image\/"}}]}},"_links":{"self":[{"href":"https:\/\/all-car-news.com\/de\/wp-json\/wp\/v2\/posts\/135319","targetHints":{"allow":["GET"]}}],"collection":[{"href":"https:\/\/all-car-news.com\/de\/wp-json\/wp\/v2\/posts"}],"about":[{"href":"https:\/\/all-car-news.com\/de\/wp-json\/wp\/v2\/types\/post"}],"replies":[{"embeddable":true,"href":"https:\/\/all-car-news.com\/de\/wp-json\/wp\/v2\/comments?post=135319"}],"version-history":[{"count":0,"href":"https:\/\/all-car-news.com\/de\/wp-json\/wp\/v2\/posts\/135319\/revisions"}],"wp:featuredmedia":[{"embeddable":true,"href":"https:\/\/all-car-news.com\/de\/wp-json\/wp\/v2\/media\/135305"}],"wp:attachment":[{"href":"https:\/\/all-car-news.com\/de\/wp-json\/wp\/v2\/media?parent=135319"}],"wp:term":[{"taxonomy":"category","embeddable":true,"href":"https:\/\/all-car-news.com\/de\/wp-json\/wp\/v2\/categories?post=135319"},{"taxonomy":"post_tag","embeddable":true,"href":"https:\/\/all-car-news.com\/de\/wp-json\/wp\/v2\/tags?post=135319"}],"curies":[{"name":"wp","href":"https:\/\/api.w.org\/{rel}","templated":true}]}}