{"id":135289,"date":"2023-05-07T08:01:00","date_gmt":"2023-05-07T08:01:00","guid":{"rendered":"https:\/\/all-car-news.com\/ein-blick-zurueck-auf-90-jahre-skoda-superb\/"},"modified":"2023-05-07T08:01:00","modified_gmt":"2023-05-07T08:01:00","slug":"ein-blick-zurueck-auf-90-jahre-skoda-superb","status":"publish","type":"post","link":"https:\/\/all-car-news.com\/de\/ein-blick-zurueck-auf-90-jahre-skoda-superb\/","title":{"rendered":"Ein Blick zur\u00fcck auf 90 Jahre Skoda Superb"},"content":{"rendered":"<h2>Erste Skoda Superb Modelle<\/h2>\n<p>Die ersten Skoda Superb-Modelle kamen zwischen 1934 und 1949 auf den Markt. \u00dcber 50 Jahre sp\u00e4ter (2001) brachte Skoda den ersten modernen Superb auf den Markt, der die R\u00fcckkehr der Marke in die gro\u00dfe Mittelklasse markierte. Die n\u00e4chste Generation ab 2008 gab es erstmals auch als Combi. Die aktuelle Generation, die 2015 auf den Markt kam, basiert auf der MQB-Plattform. 2019 erscheint der Superb iV mit leistungsstarker und effizienter Plug-in-Hybridtechnologie. Jetzt l\u00e4uft der Countdown: Der neue Superb wird im kommenden Herbst vorgestellt.<\/p>\n<h2>Bereits recht innovativ<\/h2>\n<p>Schon bevor der Superb 1934 in Produktion ging, hatte Skoda mehrere Premiummodelle hergestellt. Aber der Superb war anders und innovativer. Er verwendete also das damals neue 12-Volt-System. Auch sein Fahrwerk war fortschrittlich. Anstelle eines traditionellen Leiterchassis hatte er ein Backbone-Chassis mit einem Mittelteil, das vorne in zwei separate Tr\u00e4ger \u00fcberging. Dies erm\u00f6glichte die Unterbringung der Antriebswelle im Fahrwerkstunnel sowie die Verwendung einer Einzelradaufh\u00e4ngung, was den Komfort auf ein hohes Niveau hob. Au\u00dferdem war der Superb der erste Skoda mit einem einzigen hydraulischen Bremssystem, das jedes Rad optimal bremst.<\/p>\n<figure class=\"wp-block-image size-content\"><img decoding=\"async\" loading=\"lazy\" width=\"1140\" height=\"639\" src=\"https:\/\/autorai.nl\/wp-content\/uploads\/2023\/05\/skoda-superb-90-jaar-foto1-1140x639.jpg\" alt=\"\" class=\"wp-image-157835\"><\/figure>\n<h2>Hispano Suiza<\/h2>\n<p>Im Gegensatz zu Vorg\u00e4ngermodellen wie dem luxuri\u00f6sen Hispano Suiza wurde der Superb vollst\u00e4ndig von Skoda selbst entwickelt. Die Karosserie bestand aus einer Holzkarosserie mit Stahlblechverkleidung. Auf diese Weise konnte Skoda eine breite Palette von Versionen produzieren. In der Produktionszeit von etwa 13 Jahren entstanden f\u00fcnf Versionen f\u00fcr den Personentransport und drei f\u00fcr die milit\u00e4rische Nutzung.  <\/p>\n<h2>Superb 4000<\/h2>\n<p>Beim Motor hatte man die Wahl zwischen Motoren mit seitlichen Ventilen oder einer obenliegenden Nockenwelle (ab 1938). Die Zylindervolumina reichten von 2.492 bis 3.991 cm3. Mit Ausnahme des leistungsstarken Superb 4000 mit V8 waren die Motoren alle Sechszylinder. Eines der wenigen verbliebenen Superb 4000-Modelle ist im \u0160koda-Museum in Mlad\u00e1 Boleslav zu sehen. Zwischen 1934 und 1949 produzierte Skoda rund 900 Pkw-Versionen und etwa 1.600 Milit\u00e4rversionen.  <\/p>\n<figure class=\"wp-block-image size-content\"><img decoding=\"async\" loading=\"lazy\" width=\"1140\" height=\"634\" src=\"https:\/\/autorai.nl\/wp-content\/uploads\/2023\/05\/skoda-superb-1948-foto-voorkant-1140x634.jpg\" alt=\"\" class=\"wp-image-157846\"><\/figure>\n<h2>R\u00fcckkehr des Spitzenmodells (2001-2008)<\/h2>\n<p>Im Jahr 2001 feierte Skoda sein 10-j\u00e4hriges Bestehen als Teil des Volkswagen-Konzerns. Im selben Jahr deb\u00fctierte der Fabia und Skoda f\u00fchrte das Simply Clever-Konzept mit praktischen Innovationen ein. Der H\u00f6hepunkt war jedoch die R\u00fcckkehr des Superb in die Modellpalette nach 50 Jahren. Das neue Spitzenmodell st\u00e4rkte das Image der Marke weiter. Der erste moderne Superb zeichnete sich durch sein gro\u00dfes Platzangebot und eine Motorenpalette aus, die eine Auswahl an Benzin- und Dieselversionen bot: vom Vierzylinder 1.8 Turbo bis zum 142 kW\/193 PS starken 2.8 V6. Der Superb war der erste Skoda, der mit Bi-Xenon-Scheinwerfern, Tiptronic-Automatikgetriebe, Coming-Home-Licht und Bremsassistent erh\u00e4ltlich war. Neu f\u00fcr Skoda waren auch die Mehrlenker-Vorderachse und die l\u00e4ngs eingebauten Motoren. 2006 erhielt der Superb ein Facelifting. In dieser Zeit wurden auch die charakteristischen C-f\u00f6rmigen R\u00fcckleuchten eingef\u00fchrt.<\/p>\n<h2>Skoda Superb der zweiten Generation<\/h2>\n<p>Die zweite Generation der modernen Superb-Modelle wurde im Jahr 2008 eingef\u00fchrt. Die Limousine hatte eine markante Heckklappe, die auf zwei Arten ge\u00f6ffnet werden konnte &#8211; als Limousine mit nur dem Deckel oder als Flie\u00dfheck mit zus\u00e4tzlichem Heckfenster. Erstmals war der Superb auch als noch ger\u00e4umigerer Combi erh\u00e4ltlich. Das Spitzenmodell verf\u00fcgte \u00fcber einen sehr leistungsstarken 3.6 V6 und Allradantrieb. Im Jahr 2013 stellte Skoda die \u00fcberarbeitete Version dieser Generation vor.<\/p>\n<h2>Dritte Generation auch als Plug-in-Hybrid<\/h2>\n<p>2015 feierte der Superb der dritten Generation seine Weltpremiere in Prag. Der praktische Combi folgte einige Monate sp\u00e4ter. Da das neue Flaggschiff auf der MQB-Plattform basiert, k\u00f6nnen die neuesten Technologien wie das adaptive Fahrwerk DCC, die Dreizonen-Klimaautomatik und Assistenzsysteme wie Stauassistent, Notfallassistent, AAC (Adaptive Cruise Control) und Travel Assist eingesetzt werden. Es gab auch viel Platz f\u00fcr neue Simply Clever Features wie das virtuelle Pedal zum \u00d6ffnen der Heckklappe, eine 230-Volt-Steckdose im Fond und Regenschirme in beiden Vordert\u00fcren. Das Facelift 2019 brachte Neuheiten wie Matrix-LED-Beleuchtung, Predictive Adaptive Cruise Control und KESSY Keyless Access f\u00fcr alle T\u00fcren, aber vor allem die Einf\u00fchrung des Superb iV mit effizienter Plug-in-Hybridtechnologie.&nbsp;<\/p>\n<p>Seit 2011 hat Skoda mehr als 1.550.000 Superb-Modelle produziert, davon mehr als 780.000 der dritten Generation. Und der Z\u00e4hler tickt: Die vierte Generation, die in diesem Herbst als Flie\u00dfheck und Combi deb\u00fctiert, legt die Messlatte in jeder Hinsicht noch h\u00f6her.  <\/p>\n<div class=\"galery shuffle galery-0\">\n<figure>\n\t\t\t\t\t<span style=\"cursor: pointer\" data-src=\"https:\/\/autorai.nl\/wp-content\/uploads\/2023\/05\/skoda-superb-90-jaar-foto1-1600x897.jpg\" data-fancybox=\"galery-0\" title=\"\"><br \/>\n\t\t\t\t\t\t\t<img decoding=\"async\" width=\"640\" height=\"480\" src=\"https:\/\/autorai.nl\/wp-content\/uploads\/2023\/05\/skoda-superb-90-jaar-foto1-640x480.jpg\" class=\"attachment-medium size-medium\" alt=\"\" loading=\"lazy\"><i class=\"fa fa-search-plus\" aria-hidden=\"true\"><\/i><br \/>\n\t\t\t\t\t\t<\/span><br \/>\n\t\t\t\t\t<\/figure>\n<figure>\n\t\t\t\t\t<span style=\"cursor: pointer\" data-src=\"https:\/\/autorai.nl\/wp-content\/uploads\/2023\/05\/skoda-superb-90-jaar-foto3-1600x897.jpg\" data-fancybox=\"galery-0\" title=\"\"><br \/>\n\t\t\t\t\t\t\t<img decoding=\"async\" width=\"360\" height=\"270\" src=\"https:\/\/autorai.nl\/wp-content\/uploads\/2023\/05\/skoda-superb-90-jaar-foto3-360x270.jpg\" class=\"attachment-small size-small\" alt=\"\" loading=\"lazy\"><i class=\"fa fa-search-plus\" aria-hidden=\"true\"><\/i><br \/>\n\t\t\t\t\t\t<\/span><br \/>\n\t\t\t\t\t<\/figure>\n<figure>\n\t\t\t\t\t<span style=\"cursor: pointer\" data-src=\"https:\/\/autorai.nl\/wp-content\/uploads\/2023\/05\/skoda-superb-90-jaar-foto2-1600x897.jpg\" data-fancybox=\"galery-0\" title=\"\"><br \/>\n\t\t\t\t\t\t\t<img decoding=\"async\" width=\"360\" height=\"270\" src=\"https:\/\/autorai.nl\/wp-content\/uploads\/2023\/05\/skoda-superb-90-jaar-foto2-360x270.jpg\" class=\"attachment-small size-small\" alt=\"\" loading=\"lazy\"><i class=\"fa fa-search-plus\" aria-hidden=\"true\"><\/i><br \/>\n\t\t\t\t\t\t<\/span><br \/>\n\t\t\t\t\t<\/figure>\n<figure>\n\t\t\t\t\t<span style=\"cursor: pointer\" data-src=\"https:\/\/autorai.nl\/wp-content\/uploads\/2023\/05\/skoda-superb-1948-foto-voorkant-1600x889.jpg\" data-fancybox=\"galery-0\" title=\"\"><br \/>\n\t\t\t\t\t\t\t<img decoding=\"async\" width=\"640\" height=\"480\" src=\"https:\/\/autorai.nl\/wp-content\/uploads\/2023\/05\/skoda-superb-1948-foto-voorkant-640x480.jpg\" class=\"attachment-medium size-medium\" alt=\"\" loading=\"lazy\"><i class=\"fa fa-search-plus\" aria-hidden=\"true\"><\/i><br \/>\n\t\t\t\t\t\t<\/span><br \/>\n\t\t\t\t\t<\/figure>\n<figure>\n\t\t\t\t\t<span style=\"cursor: pointer\" data-src=\"https:\/\/autorai.nl\/wp-content\/uploads\/2023\/05\/skoda-superb-90-jaar-foto11-1600x897.jpg\" data-fancybox=\"galery-0\" title=\"\"><br \/>\n\t\t\t\t\t\t\t<img decoding=\"async\" width=\"360\" height=\"270\" src=\"https:\/\/autorai.nl\/wp-content\/uploads\/2023\/05\/skoda-superb-90-jaar-foto11-360x270.jpg\" class=\"attachment-small size-small\" alt=\"\" loading=\"lazy\"><i class=\"fa fa-search-plus\" aria-hidden=\"true\"><\/i><br \/>\n\t\t\t\t\t\t<\/span><br \/>\n\t\t\t\t\t<\/figure>\n<figure>\n\t\t\t\t\t<span style=\"cursor: pointer\" data-src=\"https:\/\/autorai.nl\/wp-content\/uploads\/2023\/05\/skoda-superb-90-jaar-foto5-1600x897.jpg\" data-fancybox=\"galery-0\" title=\"\"><br \/>\n\t\t\t\t\t\t\t<img decoding=\"async\" width=\"360\" height=\"270\" src=\"https:\/\/autorai.nl\/wp-content\/uploads\/2023\/05\/skoda-superb-90-jaar-foto5-360x270.jpg\" class=\"attachment-small size-small\" alt=\"\" loading=\"lazy\"><i class=\"fa fa-search-plus\" aria-hidden=\"true\"><\/i><br \/>\n\t\t\t\t\t\t<\/span><br \/>\n\t\t\t\t\t<\/figure>\n<figure>\n\t\t\t\t\t<span style=\"cursor: pointer\" data-src=\"https:\/\/autorai.nl\/wp-content\/uploads\/2023\/05\/skoda-superb-90-jaar-foto7-1600x897.jpg\" data-fancybox=\"galery-0\" title=\"\"><br \/>\n\t\t\t\t\t\t\t<img decoding=\"async\" width=\"640\" height=\"480\" src=\"https:\/\/autorai.nl\/wp-content\/uploads\/2023\/05\/skoda-superb-90-jaar-foto7-640x480.jpg\" class=\"attachment-medium size-medium\" alt=\"\" loading=\"lazy\"><i class=\"fa fa-search-plus\" aria-hidden=\"true\"><\/i><br \/>\n\t\t\t\t\t\t<\/span><br \/>\n\t\t\t\t\t<\/figure>\n<figure>\n\t\t\t\t\t<span style=\"cursor: pointer\" data-src=\"https:\/\/autorai.nl\/wp-content\/uploads\/2023\/05\/skoda-superb-90-jaar-foto8-1600x897.jpg\" data-fancybox=\"galery-0\" title=\"\"><br \/>\n\t\t\t\t\t\t\t<img decoding=\"async\" width=\"360\" height=\"270\" src=\"https:\/\/autorai.nl\/wp-content\/uploads\/2023\/05\/skoda-superb-90-jaar-foto8-360x270.jpg\" class=\"attachment-small size-small\" alt=\"\" loading=\"lazy\"><i class=\"fa fa-search-plus\" aria-hidden=\"true\"><\/i><br \/>\n\t\t\t\t\t\t<\/span><br \/>\n\t\t\t\t\t<\/figure>\n<figure>\n\t\t\t\t\t<span style=\"cursor: pointer\" data-src=\"https:\/\/autorai.nl\/wp-content\/uploads\/2023\/05\/skoda-superb-90-jaar-foto6-1600x897.jpg\" data-fancybox=\"galery-0\" title=\"\"><br \/>\n\t\t\t\t\t\t\t<img decoding=\"async\" width=\"360\" height=\"270\" src=\"https:\/\/autorai.nl\/wp-content\/uploads\/2023\/05\/skoda-superb-90-jaar-foto6-360x270.jpg\" class=\"attachment-small size-small\" alt=\"\" loading=\"lazy\"><i class=\"fa fa-search-plus\" aria-hidden=\"true\"><\/i><br \/>\n\t\t\t\t\t\t<\/span><br \/>\n\t\t\t\t\t<\/figure>\n<figure>\n\t\t\t\t\t<span style=\"cursor: pointer\" data-src=\"https:\/\/autorai.nl\/wp-content\/uploads\/2023\/05\/skoda-superb-90-jaar-foto9-1600x897.jpg\" data-fancybox=\"galery-0\" title=\"\"><br \/>\n\t\t\t\t\t\t\t<img decoding=\"async\" width=\"640\" height=\"480\" src=\"https:\/\/autorai.nl\/wp-content\/uploads\/2023\/05\/skoda-superb-90-jaar-foto9-640x480.jpg\" class=\"attachment-medium size-medium\" alt=\"\" loading=\"lazy\"><i class=\"fa fa-search-plus\" aria-hidden=\"true\"><\/i><br \/>\n\t\t\t\t\t\t<\/span><br \/>\n\t\t\t\t\t<\/figure>\n<figure>\n\t\t\t\t\t<span style=\"cursor: pointer\" data-src=\"https:\/\/autorai.nl\/wp-content\/uploads\/2023\/05\/skoda-superb-90-jaar-foto10-1600x897.jpg\" data-fancybox=\"galery-0\" title=\"\"><br \/>\n\t\t\t\t\t\t\t<img decoding=\"async\" width=\"360\" height=\"270\" src=\"https:\/\/autorai.nl\/wp-content\/uploads\/2023\/05\/skoda-superb-90-jaar-foto10-360x270.jpg\" class=\"attachment-small size-small\" alt=\"\" loading=\"lazy\"><i class=\"fa fa-search-plus\" aria-hidden=\"true\"><\/i><br \/>\n\t\t\t\t\t\t<\/span><br \/>\n\t\t\t\t\t<\/figure>\n<figure>\n\t\t\t\t\t<span style=\"cursor: pointer\" data-src=\"https:\/\/autorai.nl\/wp-content\/uploads\/2023\/05\/skoda-superb-90-jaar-1600x948.jpg\" data-fancybox=\"galery-0\" title=\"\"><br \/>\n\t\t\t\t\t\t\t<img decoding=\"async\" width=\"360\" height=\"270\" src=\"https:\/\/autorai.nl\/wp-content\/uploads\/2023\/05\/skoda-superb-90-jaar-360x270.jpg\" class=\"attachment-small size-small\" alt=\"\" loading=\"lazy\"><i class=\"fa fa-search-plus\" aria-hidden=\"true\"><\/i><br \/>\n\t\t\t\t\t\t<\/span><br \/>\n\t\t\t\t\t<\/figure>\n<div class=\"clear\"><\/div>\n<\/div>\n","protected":false},"excerpt":{"rendered":"Die ersten Skoda Superb-Modelle Die ersten Skoda Superb-Modelle kamen zwischen 1934 und 1949 auf den Markt. \u00dcber 50 Jahre sp\u00e4ter&hellip;","protected":false},"author":0,"featured_media":135279,"comment_status":"","ping_status":"open","sticky":false,"template":"","format":"standard","meta":{"footnotes":""},"categories":[125,128],"tags":[],"class_list":["post-135289","post","type-post","status-publish","format-standard","has-post-thumbnail","hentry","category-auto-nachrichten","category-hintergrund"],"acf":[],"yoast_head":"<!-- This site is optimized with the Yoast SEO plugin v21.2 - https:\/\/yoast.com\/wordpress\/plugins\/seo\/ -->\n<title>Ein Blick zur\u00fcck auf 90 Jahre Skoda Superb - All cars news<\/title>\n<meta name=\"robots\" content=\"index, follow, max-snippet:-1, max-image-preview:large, max-video-preview:-1\" \/>\n<link rel=\"canonical\" href=\"https:\/\/all-car-news.com\/de\/ein-blick-zurueck-auf-90-jahre-skoda-superb\/\" \/>\n<meta property=\"og:locale\" content=\"de_DE\" \/>\n<meta property=\"og:type\" content=\"article\" \/>\n<meta property=\"og:title\" content=\"Ein Blick zur\u00fcck auf 90 Jahre Skoda Superb - All cars news\" \/>\n<meta property=\"og:description\" content=\"Die ersten Skoda Superb-Modelle Die ersten Skoda Superb-Modelle kamen zwischen 1934 und 1949 auf den Markt. \u00dcber 50 Jahre sp\u00e4ter (2001) brachte Skoda den ersten modernen Superb auf den Markt, der die R\u00fcckkehr der Marke in die gro\u00dfe Mittelklasse markierte. Die n\u00e4chste Generation ab 2008 gab es erstmals auch als Combi. Die derzeitige Generation, die sich in [...]\" \/>\n<meta property=\"og:url\" content=\"https:\/\/all-car-news.com\/de\/ein-blick-zurueck-auf-90-jahre-skoda-superb\/\" \/>\n<meta property=\"og:site_name\" content=\"All cars news\" \/>\n<meta property=\"article:published_time\" content=\"2023-05-07T08:01:00+00:00\" \/>\n<meta property=\"og:image\" content=\"https:\/\/autorai.nl\/wp-content\/uploads\/2023\/05\/skoda-superb-90-jaar-foto1-1140x639.jpg\" \/>\n<meta name=\"twitter:card\" content=\"summary_large_image\" \/>\n<meta name=\"twitter:label1\" content=\"Gesch\u00e4tzte Lesezeit\" \/>\n\t<meta name=\"twitter:data1\" content=\"3\u00a0Minuten\" \/>\n<script type=\"application\/ld+json\" class=\"yoast-schema-graph\">{\"@context\":\"https:\/\/schema.org\",\"@graph\":[{\"@type\":\"Article\",\"@id\":\"https:\/\/all-car-news.com\/de\/ein-blick-zurueck-auf-90-jahre-skoda-superb\/#article\",\"isPartOf\":{\"@id\":\"https:\/\/all-car-news.com\/de\/ein-blick-zurueck-auf-90-jahre-skoda-superb\/\"},\"author\":{\"name\":\"\",\"@id\":\"\"},\"headline\":\"Ein Blick zur\u00fcck auf 90 Jahre Skoda Superb\",\"datePublished\":\"2023-05-07T08:01:00+00:00\",\"dateModified\":\"2023-05-07T08:01:00+00:00\",\"mainEntityOfPage\":{\"@id\":\"https:\/\/all-car-news.com\/de\/ein-blick-zurueck-auf-90-jahre-skoda-superb\/\"},\"wordCount\":685,\"publisher\":{\"@id\":\"https:\/\/all-car-news.com\/de\/#organization\"},\"articleSection\":[\"Auto Nachrichten\",\"Hintergrund\"],\"inLanguage\":\"de\"},{\"@type\":\"WebPage\",\"@id\":\"https:\/\/all-car-news.com\/de\/ein-blick-zurueck-auf-90-jahre-skoda-superb\/\",\"url\":\"https:\/\/all-car-news.com\/de\/ein-blick-zurueck-auf-90-jahre-skoda-superb\/\",\"name\":\"Ein Blick zur\u00fcck auf 90 Jahre Skoda Superb - All cars news\",\"isPartOf\":{\"@id\":\"https:\/\/all-car-news.com\/de\/#website\"},\"datePublished\":\"2023-05-07T08:01:00+00:00\",\"dateModified\":\"2023-05-07T08:01:00+00:00\",\"breadcrumb\":{\"@id\":\"https:\/\/all-car-news.com\/de\/ein-blick-zurueck-auf-90-jahre-skoda-superb\/#breadcrumb\"},\"inLanguage\":\"de\",\"potentialAction\":[{\"@type\":\"ReadAction\",\"target\":[\"https:\/\/all-car-news.com\/de\/ein-blick-zurueck-auf-90-jahre-skoda-superb\/\"]}]},{\"@type\":\"BreadcrumbList\",\"@id\":\"https:\/\/all-car-news.com\/de\/ein-blick-zurueck-auf-90-jahre-skoda-superb\/#breadcrumb\",\"itemListElement\":[{\"@type\":\"ListItem\",\"position\":1,\"name\":\"Home\",\"item\":\"https:\/\/all-car-news.com\/de\/\"},{\"@type\":\"ListItem\",\"position\":2,\"name\":\"Ein Blick zur\u00fcck auf 90 Jahre Skoda Superb\"}]},{\"@type\":\"WebSite\",\"@id\":\"https:\/\/all-car-news.com\/de\/#website\",\"url\":\"https:\/\/all-car-news.com\/de\/\",\"name\":\"All cars news\",\"description\":\"\",\"publisher\":{\"@id\":\"https:\/\/all-car-news.com\/de\/#organization\"},\"potentialAction\":[{\"@type\":\"SearchAction\",\"target\":{\"@type\":\"EntryPoint\",\"urlTemplate\":\"https:\/\/all-car-news.com\/de\/?s={search_term_string}\"},\"query-input\":\"required name=search_term_string\"}],\"inLanguage\":\"de\"},{\"@type\":\"Organization\",\"@id\":\"https:\/\/all-car-news.com\/de\/#organization\",\"name\":\"All cars news\",\"url\":\"https:\/\/all-car-news.com\/de\/\",\"logo\":{\"@type\":\"ImageObject\",\"inLanguage\":\"de\",\"@id\":\"https:\/\/all-car-news.com\/de\/#\/schema\/logo\/image\/\",\"url\":\"https:\/\/all-car-news.com\/wp-content\/uploads\/2022\/02\/CMYK-AllCarNews_LANDSCAPE_300px-1.png\",\"contentUrl\":\"https:\/\/all-car-news.com\/wp-content\/uploads\/2022\/02\/CMYK-AllCarNews_LANDSCAPE_300px-1.png\",\"width\":300,\"height\":100,\"caption\":\"All cars news\"},\"image\":{\"@id\":\"https:\/\/all-car-news.com\/de\/#\/schema\/logo\/image\/\"}}]}<\/script>\n<!-- \/ Yoast SEO plugin. -->","yoast_head_json":{"title":"Ein Blick zur\u00fcck auf 90 Jahre Skoda Superb - All cars news","robots":{"index":"index","follow":"follow","max-snippet":"max-snippet:-1","max-image-preview":"max-image-preview:large","max-video-preview":"max-video-preview:-1"},"canonical":"https:\/\/all-car-news.com\/de\/ein-blick-zurueck-auf-90-jahre-skoda-superb\/","og_locale":"de_DE","og_type":"article","og_title":"Ein Blick zur\u00fcck auf 90 Jahre Skoda Superb - All cars news","og_description":"Die ersten Skoda Superb-Modelle Die ersten Skoda Superb-Modelle kamen zwischen 1934 und 1949 auf den Markt. \u00dcber 50 Jahre sp\u00e4ter (2001) brachte Skoda den ersten modernen Superb auf den Markt, der die R\u00fcckkehr der Marke in die gro\u00dfe Mittelklasse markierte. Die n\u00e4chste Generation ab 2008 gab es erstmals auch als Combi. Die derzeitige Generation, die sich in [...]","og_url":"https:\/\/all-car-news.com\/de\/ein-blick-zurueck-auf-90-jahre-skoda-superb\/","og_site_name":"All cars news","article_published_time":"2023-05-07T08:01:00+00:00","og_image":[{"url":"https:\/\/autorai.nl\/wp-content\/uploads\/2023\/05\/skoda-superb-90-jaar-foto1-1140x639.jpg"}],"twitter_card":"summary_large_image","twitter_misc":{"Gesch\u00e4tzte Lesezeit":"3\u00a0Minuten"},"schema":{"@context":"https:\/\/schema.org","@graph":[{"@type":"Article","@id":"https:\/\/all-car-news.com\/de\/ein-blick-zurueck-auf-90-jahre-skoda-superb\/#article","isPartOf":{"@id":"https:\/\/all-car-news.com\/de\/ein-blick-zurueck-auf-90-jahre-skoda-superb\/"},"author":{"name":"","@id":""},"headline":"Ein Blick zur\u00fcck auf 90 Jahre Skoda Superb","datePublished":"2023-05-07T08:01:00+00:00","dateModified":"2023-05-07T08:01:00+00:00","mainEntityOfPage":{"@id":"https:\/\/all-car-news.com\/de\/ein-blick-zurueck-auf-90-jahre-skoda-superb\/"},"wordCount":685,"publisher":{"@id":"https:\/\/all-car-news.com\/de\/#organization"},"articleSection":["Auto Nachrichten","Hintergrund"],"inLanguage":"de"},{"@type":"WebPage","@id":"https:\/\/all-car-news.com\/de\/ein-blick-zurueck-auf-90-jahre-skoda-superb\/","url":"https:\/\/all-car-news.com\/de\/ein-blick-zurueck-auf-90-jahre-skoda-superb\/","name":"Ein Blick zur\u00fcck auf 90 Jahre Skoda Superb - All cars news","isPartOf":{"@id":"https:\/\/all-car-news.com\/de\/#website"},"datePublished":"2023-05-07T08:01:00+00:00","dateModified":"2023-05-07T08:01:00+00:00","breadcrumb":{"@id":"https:\/\/all-car-news.com\/de\/ein-blick-zurueck-auf-90-jahre-skoda-superb\/#breadcrumb"},"inLanguage":"de","potentialAction":[{"@type":"ReadAction","target":["https:\/\/all-car-news.com\/de\/ein-blick-zurueck-auf-90-jahre-skoda-superb\/"]}]},{"@type":"BreadcrumbList","@id":"https:\/\/all-car-news.com\/de\/ein-blick-zurueck-auf-90-jahre-skoda-superb\/#breadcrumb","itemListElement":[{"@type":"ListItem","position":1,"name":"Home","item":"https:\/\/all-car-news.com\/de\/"},{"@type":"ListItem","position":2,"name":"Ein Blick zur\u00fcck auf 90 Jahre Skoda Superb"}]},{"@type":"WebSite","@id":"https:\/\/all-car-news.com\/de\/#website","url":"https:\/\/all-car-news.com\/de\/","name":"All cars news","description":"","publisher":{"@id":"https:\/\/all-car-news.com\/de\/#organization"},"potentialAction":[{"@type":"SearchAction","target":{"@type":"EntryPoint","urlTemplate":"https:\/\/all-car-news.com\/de\/?s={search_term_string}"},"query-input":"required name=search_term_string"}],"inLanguage":"de"},{"@type":"Organization","@id":"https:\/\/all-car-news.com\/de\/#organization","name":"All cars news","url":"https:\/\/all-car-news.com\/de\/","logo":{"@type":"ImageObject","inLanguage":"de","@id":"https:\/\/all-car-news.com\/de\/#\/schema\/logo\/image\/","url":"https:\/\/all-car-news.com\/wp-content\/uploads\/2022\/02\/CMYK-AllCarNews_LANDSCAPE_300px-1.png","contentUrl":"https:\/\/all-car-news.com\/wp-content\/uploads\/2022\/02\/CMYK-AllCarNews_LANDSCAPE_300px-1.png","width":300,"height":100,"caption":"All cars news"},"image":{"@id":"https:\/\/all-car-news.com\/de\/#\/schema\/logo\/image\/"}}]}},"_links":{"self":[{"href":"https:\/\/all-car-news.com\/de\/wp-json\/wp\/v2\/posts\/135289","targetHints":{"allow":["GET"]}}],"collection":[{"href":"https:\/\/all-car-news.com\/de\/wp-json\/wp\/v2\/posts"}],"about":[{"href":"https:\/\/all-car-news.com\/de\/wp-json\/wp\/v2\/types\/post"}],"replies":[{"embeddable":true,"href":"https:\/\/all-car-news.com\/de\/wp-json\/wp\/v2\/comments?post=135289"}],"version-history":[{"count":0,"href":"https:\/\/all-car-news.com\/de\/wp-json\/wp\/v2\/posts\/135289\/revisions"}],"wp:featuredmedia":[{"embeddable":true,"href":"https:\/\/all-car-news.com\/de\/wp-json\/wp\/v2\/media\/135279"}],"wp:attachment":[{"href":"https:\/\/all-car-news.com\/de\/wp-json\/wp\/v2\/media?parent=135289"}],"wp:term":[{"taxonomy":"category","embeddable":true,"href":"https:\/\/all-car-news.com\/de\/wp-json\/wp\/v2\/categories?post=135289"},{"taxonomy":"post_tag","embeddable":true,"href":"https:\/\/all-car-news.com\/de\/wp-json\/wp\/v2\/tags?post=135289"}],"curies":[{"name":"wp","href":"https:\/\/api.w.org\/{rel}","templated":true}]}}