{"id":135234,"date":"2023-05-04T15:25:38","date_gmt":"2023-05-04T15:25:38","guid":{"rendered":"https:\/\/all-car-news.com\/wir-richten-uns-insbesondere-an-gewerbliche-mieter-und-unternehmer-interview-mit-jasper-koek-pr-manager-xpeng\/"},"modified":"2023-05-04T15:25:38","modified_gmt":"2023-05-04T15:25:38","slug":"wir-richten-uns-insbesondere-an-gewerbliche-mieter-und-unternehmer-interview-mit-jasper-koek-pr-manager-xpeng","status":"publish","type":"post","link":"https:\/\/all-car-news.com\/de\/wir-richten-uns-insbesondere-an-gewerbliche-mieter-und-unternehmer-interview-mit-jasper-koek-pr-manager-xpeng\/","title":{"rendered":"&#8222;Wir richten uns insbesondere an gewerbliche Mieter und Unternehmer&#8220; &#8211; Interview mit Jasper Koek, PR-Manager XPENG"},"content":{"rendered":"<h2>XPENG in den Niederlanden<\/h2>\n<p>F\u00fcr die offizielle Einf\u00fchrung von&nbsp;XPENG&nbsp;in den Niederlanden hat die Marke Jasper Koek als PR-Manager ad interim eingestellt. Koek kommt von Pon Luxury &amp; Performance Cars, wo er seit 2017 f\u00fcr die PR von Porsche, Bentley, Lamborghini, Bugatti und Rimac verantwortlich war. Jetzt arbeitet Koek f\u00fcr XPENG.<\/p>\n<h2>XPENG-L\u00e4den<\/h2>\n<p>Der chinesische Automobilhersteller hatte bereits sogenannte XPENG Stores in Leidschendam und Rotterdam er\u00f6ffnet. Aber jetzt ist es an der Zeit, dass die Menschen die Autos der Marke auch tats\u00e4chlich fahren k\u00f6nnen. XPENG geht in den Niederlanden mit zwei Elektromodellen an den Start: dem P7 und dem G9. Der P7 ist eine sportliche Business-Limousine mit einer Reichweite von 576 km (WLTP) und der G9 ist ein kr\u00e4ftiger SUV, der mit bis zu 300 kW schnell geladen werden kann.<\/p>\n<p>Im Mai werden Medien, Flottenmanager und potenzielle Kunden die M\u00f6glichkeit haben, diese Fahrzeuge auf dem niederl\u00e4ndischen Stra\u00dfennetz auf Herz und Nieren zu pr\u00fcfen. Dies geschieht \u00fcber das neue&nbsp;XPENG&nbsp;Service Center in Badhoevedorp.<\/p>\n<figure class=\"wp-block-image size-content\"><img decoding=\"async\" loading=\"lazy\" width=\"1140\" height=\"641\" src=\"https:\/\/autorai.nl\/wp-content\/uploads\/2023\/02\/xpeng-p7-foto23-1140x641.jpeg\" alt=\"XPENG P7\" class=\"wp-image-149372\"><\/figure>\n<h2>Zusammenarbeit<\/h2>\n<p>In Bezug auf Vertrieb, Verkauf und Service ist&nbsp;XPENG&nbsp;zuversichtlich, das Qualit\u00e4tsniveau zu bieten, das die Kunden in diesem Segment erwarten. Zu diesem Zweck hat die Marke ein Agenturmodell mit der niederl\u00e4ndischen H\u00e4ndlerholding Emil Frey Group ins Leben gerufen.&nbsp;XPENG&nbsp;wird noch in diesem Monat das neue&nbsp;XPENG&nbsp;Service Center in Badhoevedorp er\u00f6ffnen, in dem Kunden, Medien und andere Interessenten unter anderem Probefahrten und Servicearbeiten an ihren Fahrzeugen durchf\u00fchren k\u00f6nnen.<\/p>\n<figure class=\"wp-block-image size-content\"><img decoding=\"async\" loading=\"lazy\" width=\"1140\" height=\"594\" src=\"https:\/\/autorai.nl\/wp-content\/uploads\/2023\/02\/xpeng-g9-2023-foto9-1140x594.jpg\" alt=\"\" class=\"wp-image-149330\"><\/figure>\n<h2>XPENG&nbsp;P7 und G9  <\/h2>\n<p>Die&nbsp;XPENG&nbsp;P7 und G9 k\u00f6nnen seit Februar online und in den&nbsp;XPENG&nbsp;Stores bestellt werden. Die Auslieferung des P7 wird voraussichtlich im Juli beginnen, das G9 folgt Ende September. Der Startpreis f\u00fcr das P7 liegt bei 49.990 Euro und das G9 beginnt bei 57.990 Euro. Informationen \u00fcber die Modelle sind auf der <a href=\"https:\/\/www.heyxpeng.com\/nl\">offiziellen Website<\/a> zu finden.<\/p>\n<p>Die Ankunft von XPENG auf dem niederl\u00e4ndischen Markt wirft jedoch auch Fragen auf. Deshalb haben wir dem PR-Manager Jasper Koek f\u00fcnf Fragen gestellt.<\/p>\n<figure class=\"wp-block-image size-content\"><img decoding=\"async\" loading=\"lazy\" width=\"1140\" height=\"713\" src=\"https:\/\/autorai.nl\/wp-content\/uploads\/2023\/05\/Jasper-Koek-1140x713.jpg\" alt=\"Jasper Koek - XPENG\" class=\"wp-image-157751\"><\/figure>\n<h3>Warum sollte man ein XPENG in Betracht ziehen? Auch gute Garantiebedingungen?<\/h3>\n<p>Jasper: &#8222;Dank des Aussehens, der Ausstattung, der (Lade-)Leistung und des attraktiven Preises unserer beiden neuen Elektromodelle, dem XPENG P7 und dem G9, glauben wir, dass wir ein interessantes und wettbewerbsf\u00e4higes Angebot f\u00fcr den Gesch\u00e4ftsmann haben, der \u00fcber ein neues Elektroauto nachdenkt. W\u00e4hrend der P7&nbsp;eine dynamische Limousine mit bis zu 576 km WLTP-Reichweite ist, handelt es sich beim G9 um einen ger\u00e4umigen SUV, der dank seiner 800-Volt-Architektur mit bis zu 300 kW schnell geladen werden kann (oder: von 5 % auf 80 % Batteriekapazit\u00e4t in etwa 20 Minuten).&nbsp;Das P7 ist ab 49.990 \u20ac erh\u00e4ltlich, das G9 ab 57.990 \u20ac (beide Steuerwerte). Die meisten Ausstattungen sind im Preis inbegriffen. Der Kunde hat die Wahl zwischen Heck- oder Allradantrieb, einer Farbe und eventuell einer Lederausstattung in Kombination mit einem Upgrade des Dynaudio-Soundsystems. Die Garantie f\u00fcr beide Modelle betr\u00e4gt standardm\u00e4\u00dfig 5 Jahre oder 120.000 km, wurde aber aufgrund der Markteinf\u00fchrung in den Niederlanden vor\u00fcbergehend auf 7 Jahre oder 160.000 km erh\u00f6ht.&#8220;<\/p>\n<h3>Welche Ambitionen verfolgt XPENG auf dem niederl\u00e4ndischen Markt?<\/h3>\n<p>Jasper: &#8222;Der niederl\u00e4ndische Markt ist in Bezug auf Elektroautos sehr ausgereift, was zum Teil auf die geografischen Gegebenheiten unseres Landes, die Bereitschaft der Niederl\u00e4nder, neue Technologien auszuprobieren, und die hervorragende (Schnell-)Ladeinfrastruktur zur\u00fcckzuf\u00fchren ist. Hinzu kommt die Tatsache, dass immer mehr Unternehmen und Unternehmer auf Elektroautos umsteigen. Wir gehen davon aus, dass wir einen betr\u00e4chtlichen Teil dieses (Gesch\u00e4fts-)Marktes mit einem Angebot bedienen k\u00f6nnen, das in Bezug auf Produktmerkmale, Preis und Service mit anderen Anbietern in diesem Segment konkurrieren kann.&#8220;<\/p>\n<h3>Was k\u00f6nnen wir au\u00dfer dem P7 und dem G9 noch von XPENG erwarten? Wird es auch g\u00fcnstigere Modelle geben?<\/h3>\n<p>Jasper: &#8222;Im Moment konzentrieren wir uns in den Niederlanden auf die Einf\u00fchrung des P7 und des G9. \u00dcber weitere Modelle werden wir berichten, wenn es soweit ist.&#8220;<\/p>\n<h3>Wie positioniert sich XPENG auf dem niederl\u00e4ndischen Markt?<\/h3>\n<p>Jasper: Wir richten uns vor allem an gewerbliche Leasingfahrer und Unternehmer, die ein Elektroauto zu einem attraktiven Preis suchen, ohne Kompromisse bei Ausstattung, (Lade-)Leistung und technologischen Innovationen einzugehen.&#8220;<\/p>\n<h3>Wo kann man einen XPENG Probe fahren? Und wie sehen die Pl\u00e4ne in Bezug auf H\u00e4ndler und Wartungsstandorte aus?<\/h3>\n<p>Jasper: &#8222;Wir haben derzeit zwei Stores, in Leidschendam und in Rotterdam, und ein Service &amp; Delivery Centre in Badhoevedorp. In allen Filialen k\u00f6nnen Interessenten beide Modelle ab Juni Probe fahren. Die Auslieferung des P7 wird im dritten Quartal beginnen, die des G9 im vierten Quartal. F\u00fcr Vertrieb, Verkauf und Service haben wir ein Agenturmodell mit der Emil Frey Gruppe Nederland, einem sehr erfahrenen und renommierten Handelspartner, aufgesetzt. Noch in diesem Jahr werden wir eine vierte Filiale im Raum Utrecht er\u00f6ffnen. Au\u00dferdem arbeiten wir an einem Modell, bei dem Kunden ihren XPENG in ausgew\u00e4hlten Filialen des Emil Frey Netzwerks zur Wartung und Reparatur vorf\u00fchren k\u00f6nnen.&#8220;<\/p>\n","protected":false},"excerpt":{"rendered":"XPENG in den Niederlanden Um die offizielle Einf\u00fchrung von&nbsp;XPENG&nbsp;in den Niederlanden zu managen, hat die Marke Jasper Koek als PR-Manager&hellip;","protected":false},"author":0,"featured_media":135223,"comment_status":"","ping_status":"open","sticky":false,"template":"","format":"standard","meta":{"footnotes":""},"categories":[125,128,217],"tags":[],"class_list":["post-135234","post","type-post","status-publish","format-standard","has-post-thumbnail","hentry","category-auto-nachrichten","category-hintergrund","category-interview-de"],"acf":[],"yoast_head":"<!-- This site is optimized with the Yoast SEO plugin v21.2 - https:\/\/yoast.com\/wordpress\/plugins\/seo\/ -->\n<title>&quot;Wir richten uns insbesondere an gewerbliche Mieter und Unternehmer&quot; - Interview mit Jasper Koek, PR-Manager XPENG - All cars news<\/title>\n<meta name=\"robots\" content=\"index, follow, max-snippet:-1, max-image-preview:large, max-video-preview:-1\" \/>\n<link rel=\"canonical\" href=\"https:\/\/all-car-news.com\/de\/wir-richten-uns-insbesondere-an-gewerbliche-mieter-und-unternehmer-interview-mit-jasper-koek-pr-manager-xpeng\/\" \/>\n<meta property=\"og:locale\" content=\"de_DE\" \/>\n<meta property=\"og:type\" content=\"article\" \/>\n<meta property=\"og:title\" content=\"&quot;Wir richten uns insbesondere an gewerbliche Mieter und Unternehmer&quot; - Interview mit Jasper Koek, PR-Manager XPENG - All cars news\" \/>\n<meta property=\"og:description\" content=\"XPENG in den Niederlanden Um die offizielle Einf\u00fchrung von&nbsp;XPENG&nbsp;in den Niederlanden zu managen, hat die Marke Jasper Koek als PR-Manager ad interim eingestellt. Koek kommt von Pon Luxury &amp; Performance Cars, wo er seit 2017 f\u00fcr die PR von Porsche, Bentley, Lamborghini, Bugatti und Rimac verantwortlich war. Nun hat Koek [...]\" \/>\n<meta property=\"og:url\" content=\"https:\/\/all-car-news.com\/de\/wir-richten-uns-insbesondere-an-gewerbliche-mieter-und-unternehmer-interview-mit-jasper-koek-pr-manager-xpeng\/\" \/>\n<meta property=\"og:site_name\" content=\"All cars news\" \/>\n<meta property=\"article:published_time\" content=\"2023-05-04T15:25:38+00:00\" \/>\n<meta property=\"og:image\" content=\"https:\/\/autorai.nl\/wp-content\/uploads\/2023\/02\/xpeng-p7-foto23-1140x641.jpeg\" \/>\n<meta name=\"twitter:card\" content=\"summary_large_image\" \/>\n<meta name=\"twitter:label1\" content=\"Gesch\u00e4tzte Lesezeit\" \/>\n\t<meta name=\"twitter:data1\" content=\"4\u00a0Minuten\" \/>\n<script type=\"application\/ld+json\" class=\"yoast-schema-graph\">{\"@context\":\"https:\/\/schema.org\",\"@graph\":[{\"@type\":\"Article\",\"@id\":\"https:\/\/all-car-news.com\/de\/wir-richten-uns-insbesondere-an-gewerbliche-mieter-und-unternehmer-interview-mit-jasper-koek-pr-manager-xpeng\/#article\",\"isPartOf\":{\"@id\":\"https:\/\/all-car-news.com\/de\/wir-richten-uns-insbesondere-an-gewerbliche-mieter-und-unternehmer-interview-mit-jasper-koek-pr-manager-xpeng\/\"},\"author\":{\"name\":\"\",\"@id\":\"\"},\"headline\":\"&#8222;Wir richten uns insbesondere an gewerbliche Mieter und Unternehmer&#8220; &#8211; Interview mit Jasper Koek, PR-Manager XPENG\",\"datePublished\":\"2023-05-04T15:25:38+00:00\",\"dateModified\":\"2023-05-04T15:25:38+00:00\",\"mainEntityOfPage\":{\"@id\":\"https:\/\/all-car-news.com\/de\/wir-richten-uns-insbesondere-an-gewerbliche-mieter-und-unternehmer-interview-mit-jasper-koek-pr-manager-xpeng\/\"},\"wordCount\":854,\"publisher\":{\"@id\":\"https:\/\/all-car-news.com\/de\/#organization\"},\"articleSection\":[\"Auto Nachrichten\",\"Hintergrund\",\"Interview\"],\"inLanguage\":\"de\"},{\"@type\":\"WebPage\",\"@id\":\"https:\/\/all-car-news.com\/de\/wir-richten-uns-insbesondere-an-gewerbliche-mieter-und-unternehmer-interview-mit-jasper-koek-pr-manager-xpeng\/\",\"url\":\"https:\/\/all-car-news.com\/de\/wir-richten-uns-insbesondere-an-gewerbliche-mieter-und-unternehmer-interview-mit-jasper-koek-pr-manager-xpeng\/\",\"name\":\"\\\"Wir richten uns insbesondere an gewerbliche Mieter und Unternehmer\\\" - Interview mit Jasper Koek, PR-Manager XPENG - All cars news\",\"isPartOf\":{\"@id\":\"https:\/\/all-car-news.com\/de\/#website\"},\"datePublished\":\"2023-05-04T15:25:38+00:00\",\"dateModified\":\"2023-05-04T15:25:38+00:00\",\"breadcrumb\":{\"@id\":\"https:\/\/all-car-news.com\/de\/wir-richten-uns-insbesondere-an-gewerbliche-mieter-und-unternehmer-interview-mit-jasper-koek-pr-manager-xpeng\/#breadcrumb\"},\"inLanguage\":\"de\",\"potentialAction\":[{\"@type\":\"ReadAction\",\"target\":[\"https:\/\/all-car-news.com\/de\/wir-richten-uns-insbesondere-an-gewerbliche-mieter-und-unternehmer-interview-mit-jasper-koek-pr-manager-xpeng\/\"]}]},{\"@type\":\"BreadcrumbList\",\"@id\":\"https:\/\/all-car-news.com\/de\/wir-richten-uns-insbesondere-an-gewerbliche-mieter-und-unternehmer-interview-mit-jasper-koek-pr-manager-xpeng\/#breadcrumb\",\"itemListElement\":[{\"@type\":\"ListItem\",\"position\":1,\"name\":\"Home\",\"item\":\"https:\/\/all-car-news.com\/de\/\"},{\"@type\":\"ListItem\",\"position\":2,\"name\":\"&#8222;Wir richten uns insbesondere an gewerbliche Mieter und Unternehmer&#8220; &#8211; Interview mit Jasper Koek, PR-Manager XPENG\"}]},{\"@type\":\"WebSite\",\"@id\":\"https:\/\/all-car-news.com\/de\/#website\",\"url\":\"https:\/\/all-car-news.com\/de\/\",\"name\":\"All cars news\",\"description\":\"\",\"publisher\":{\"@id\":\"https:\/\/all-car-news.com\/de\/#organization\"},\"potentialAction\":[{\"@type\":\"SearchAction\",\"target\":{\"@type\":\"EntryPoint\",\"urlTemplate\":\"https:\/\/all-car-news.com\/de\/?s={search_term_string}\"},\"query-input\":\"required name=search_term_string\"}],\"inLanguage\":\"de\"},{\"@type\":\"Organization\",\"@id\":\"https:\/\/all-car-news.com\/de\/#organization\",\"name\":\"All cars news\",\"url\":\"https:\/\/all-car-news.com\/de\/\",\"logo\":{\"@type\":\"ImageObject\",\"inLanguage\":\"de\",\"@id\":\"https:\/\/all-car-news.com\/de\/#\/schema\/logo\/image\/\",\"url\":\"https:\/\/all-car-news.com\/wp-content\/uploads\/2022\/02\/CMYK-AllCarNews_LANDSCAPE_300px-1.png\",\"contentUrl\":\"https:\/\/all-car-news.com\/wp-content\/uploads\/2022\/02\/CMYK-AllCarNews_LANDSCAPE_300px-1.png\",\"width\":300,\"height\":100,\"caption\":\"All cars news\"},\"image\":{\"@id\":\"https:\/\/all-car-news.com\/de\/#\/schema\/logo\/image\/\"}}]}<\/script>\n<!-- \/ Yoast SEO plugin. -->","yoast_head_json":{"title":"\"Wir richten uns insbesondere an gewerbliche Mieter und Unternehmer\" - Interview mit Jasper Koek, PR-Manager XPENG - All cars news","robots":{"index":"index","follow":"follow","max-snippet":"max-snippet:-1","max-image-preview":"max-image-preview:large","max-video-preview":"max-video-preview:-1"},"canonical":"https:\/\/all-car-news.com\/de\/wir-richten-uns-insbesondere-an-gewerbliche-mieter-und-unternehmer-interview-mit-jasper-koek-pr-manager-xpeng\/","og_locale":"de_DE","og_type":"article","og_title":"\"Wir richten uns insbesondere an gewerbliche Mieter und Unternehmer\" - Interview mit Jasper Koek, PR-Manager XPENG - All cars news","og_description":"XPENG in den Niederlanden Um die offizielle Einf\u00fchrung von&nbsp;XPENG&nbsp;in den Niederlanden zu managen, hat die Marke Jasper Koek als PR-Manager ad interim eingestellt. Koek kommt von Pon Luxury &amp; Performance Cars, wo er seit 2017 f\u00fcr die PR von Porsche, Bentley, Lamborghini, Bugatti und Rimac verantwortlich war. Nun hat Koek [...]","og_url":"https:\/\/all-car-news.com\/de\/wir-richten-uns-insbesondere-an-gewerbliche-mieter-und-unternehmer-interview-mit-jasper-koek-pr-manager-xpeng\/","og_site_name":"All cars news","article_published_time":"2023-05-04T15:25:38+00:00","og_image":[{"url":"https:\/\/autorai.nl\/wp-content\/uploads\/2023\/02\/xpeng-p7-foto23-1140x641.jpeg"}],"twitter_card":"summary_large_image","twitter_misc":{"Gesch\u00e4tzte Lesezeit":"4\u00a0Minuten"},"schema":{"@context":"https:\/\/schema.org","@graph":[{"@type":"Article","@id":"https:\/\/all-car-news.com\/de\/wir-richten-uns-insbesondere-an-gewerbliche-mieter-und-unternehmer-interview-mit-jasper-koek-pr-manager-xpeng\/#article","isPartOf":{"@id":"https:\/\/all-car-news.com\/de\/wir-richten-uns-insbesondere-an-gewerbliche-mieter-und-unternehmer-interview-mit-jasper-koek-pr-manager-xpeng\/"},"author":{"name":"","@id":""},"headline":"&#8222;Wir richten uns insbesondere an gewerbliche Mieter und Unternehmer&#8220; &#8211; Interview mit Jasper Koek, PR-Manager XPENG","datePublished":"2023-05-04T15:25:38+00:00","dateModified":"2023-05-04T15:25:38+00:00","mainEntityOfPage":{"@id":"https:\/\/all-car-news.com\/de\/wir-richten-uns-insbesondere-an-gewerbliche-mieter-und-unternehmer-interview-mit-jasper-koek-pr-manager-xpeng\/"},"wordCount":854,"publisher":{"@id":"https:\/\/all-car-news.com\/de\/#organization"},"articleSection":["Auto Nachrichten","Hintergrund","Interview"],"inLanguage":"de"},{"@type":"WebPage","@id":"https:\/\/all-car-news.com\/de\/wir-richten-uns-insbesondere-an-gewerbliche-mieter-und-unternehmer-interview-mit-jasper-koek-pr-manager-xpeng\/","url":"https:\/\/all-car-news.com\/de\/wir-richten-uns-insbesondere-an-gewerbliche-mieter-und-unternehmer-interview-mit-jasper-koek-pr-manager-xpeng\/","name":"\"Wir richten uns insbesondere an gewerbliche Mieter und Unternehmer\" - Interview mit Jasper Koek, PR-Manager XPENG - All cars news","isPartOf":{"@id":"https:\/\/all-car-news.com\/de\/#website"},"datePublished":"2023-05-04T15:25:38+00:00","dateModified":"2023-05-04T15:25:38+00:00","breadcrumb":{"@id":"https:\/\/all-car-news.com\/de\/wir-richten-uns-insbesondere-an-gewerbliche-mieter-und-unternehmer-interview-mit-jasper-koek-pr-manager-xpeng\/#breadcrumb"},"inLanguage":"de","potentialAction":[{"@type":"ReadAction","target":["https:\/\/all-car-news.com\/de\/wir-richten-uns-insbesondere-an-gewerbliche-mieter-und-unternehmer-interview-mit-jasper-koek-pr-manager-xpeng\/"]}]},{"@type":"BreadcrumbList","@id":"https:\/\/all-car-news.com\/de\/wir-richten-uns-insbesondere-an-gewerbliche-mieter-und-unternehmer-interview-mit-jasper-koek-pr-manager-xpeng\/#breadcrumb","itemListElement":[{"@type":"ListItem","position":1,"name":"Home","item":"https:\/\/all-car-news.com\/de\/"},{"@type":"ListItem","position":2,"name":"&#8222;Wir richten uns insbesondere an gewerbliche Mieter und Unternehmer&#8220; &#8211; Interview mit Jasper Koek, PR-Manager XPENG"}]},{"@type":"WebSite","@id":"https:\/\/all-car-news.com\/de\/#website","url":"https:\/\/all-car-news.com\/de\/","name":"All cars news","description":"","publisher":{"@id":"https:\/\/all-car-news.com\/de\/#organization"},"potentialAction":[{"@type":"SearchAction","target":{"@type":"EntryPoint","urlTemplate":"https:\/\/all-car-news.com\/de\/?s={search_term_string}"},"query-input":"required name=search_term_string"}],"inLanguage":"de"},{"@type":"Organization","@id":"https:\/\/all-car-news.com\/de\/#organization","name":"All cars news","url":"https:\/\/all-car-news.com\/de\/","logo":{"@type":"ImageObject","inLanguage":"de","@id":"https:\/\/all-car-news.com\/de\/#\/schema\/logo\/image\/","url":"https:\/\/all-car-news.com\/wp-content\/uploads\/2022\/02\/CMYK-AllCarNews_LANDSCAPE_300px-1.png","contentUrl":"https:\/\/all-car-news.com\/wp-content\/uploads\/2022\/02\/CMYK-AllCarNews_LANDSCAPE_300px-1.png","width":300,"height":100,"caption":"All cars news"},"image":{"@id":"https:\/\/all-car-news.com\/de\/#\/schema\/logo\/image\/"}}]}},"_links":{"self":[{"href":"https:\/\/all-car-news.com\/de\/wp-json\/wp\/v2\/posts\/135234","targetHints":{"allow":["GET"]}}],"collection":[{"href":"https:\/\/all-car-news.com\/de\/wp-json\/wp\/v2\/posts"}],"about":[{"href":"https:\/\/all-car-news.com\/de\/wp-json\/wp\/v2\/types\/post"}],"replies":[{"embeddable":true,"href":"https:\/\/all-car-news.com\/de\/wp-json\/wp\/v2\/comments?post=135234"}],"version-history":[{"count":0,"href":"https:\/\/all-car-news.com\/de\/wp-json\/wp\/v2\/posts\/135234\/revisions"}],"wp:featuredmedia":[{"embeddable":true,"href":"https:\/\/all-car-news.com\/de\/wp-json\/wp\/v2\/media\/135223"}],"wp:attachment":[{"href":"https:\/\/all-car-news.com\/de\/wp-json\/wp\/v2\/media?parent=135234"}],"wp:term":[{"taxonomy":"category","embeddable":true,"href":"https:\/\/all-car-news.com\/de\/wp-json\/wp\/v2\/categories?post=135234"},{"taxonomy":"post_tag","embeddable":true,"href":"https:\/\/all-car-news.com\/de\/wp-json\/wp\/v2\/tags?post=135234"}],"curies":[{"name":"wp","href":"https:\/\/api.w.org\/{rel}","templated":true}]}}