{"id":134978,"date":"2023-04-26T13:27:07","date_gmt":"2023-04-26T13:27:07","guid":{"rendered":"https:\/\/all-car-news.com\/vorschau-auf-den-neuen-skoda-superb-superb-combi-und-kodiaq\/"},"modified":"2023-04-26T13:27:07","modified_gmt":"2023-04-26T13:27:07","slug":"vorschau-auf-den-neuen-skoda-superb-superb-combi-und-kodiaq","status":"publish","type":"post","link":"https:\/\/all-car-news.com\/de\/vorschau-auf-den-neuen-skoda-superb-superb-combi-und-kodiaq\/","title":{"rendered":"Vorschau auf den neuen Skoda Superb, Superb Combi und Kodiaq"},"content":{"rendered":"<h2>Skoda Superb<\/h2>\n<p>Bislang waren der Superb und der Kodiaq f\u00fcr Skoda sehr erfolgreich. Der Name &#8218;Superb&#8216; wurde bereits in den 1930er Jahren f\u00fcr das damalige Spitzenmodell von Skoda verwendet. Die erste Generation des aktuellen Superb von Skoda wurde zwischen 2001 und 2008 fast 137.000 Mal verkauft.<\/p>\n<p>Er war das erste Skoda-Modell mit Hightech-Features wie Bi-Xenon-Scheinwerfern, dem Automatikgetriebe Tiptronic und der Coming-Home-Funktion. Sein Nachfolger erschien 2008 und war der erste, der den Kunden auch die M\u00f6glichkeit eines Allradantriebs bot. Der Superb Combi, der 2009 folgte, steigerte die Nachfrage nach dem Skoda-Flaggschiff weiter. Insgesamt fanden 618.000 Superb der zweiten Generation ihren Weg zu den Kunden.<\/p>\n<h3>Karosserieformen<\/h3>\n<p>Die dritte Generation, die im Februar 2015 deb\u00fctierte, bot in beiden Karosserievarianten noch mehr Platz f\u00fcr Insassen und Gep\u00e4ck. Au\u00dferdem war er sparsamer im Verbrauch, wies niedrigere<sub>CO2-Emissionswerte<\/sub> auf und f\u00fchrte innovative Fahrassistenzsysteme f\u00fcr mehr Sicherheit ein.  <\/p>\n<p>Das Flaggschiff wurde 2019 \u00fcberarbeitet, wobei die Version Superb iV das erste Plug-in-Hybridmodell von \u0160koda ist. Bislang wurden mehr als 777.000 Einheiten dieser dritten Generation des Superb an Kunden ausgeliefert.<\/p>\n<figure class=\"wp-block-image size-content\"><img decoding=\"async\" loading=\"lazy\" width=\"1140\" height=\"805\" src=\"https:\/\/autorai.nl\/wp-content\/uploads\/2023\/04\/superbc-ng-silueta-art-v02mint-retouched-1140x805.jpg\" alt=\"\" class=\"wp-image-157456\"><\/figure>\n<h2>Skoda Kodiaq<\/h2>\n<p>Der Kodiaq, der 2016 den Startschuss f\u00fcr die erfolgreiche SUV-Offensive von Skoda gab, wurde bisher bereits \u00fcber 740.000 Mal ausgeliefert. Das Modell, das auf Wunsch auch mit sieben Sitzen erh\u00e4ltlich ist, f\u00fchrte die f\u00fcr Skoda typische kristalline Designsprache in das SUV-Segment ein. Der sportliche Kodiaq RS folgte 2018, w\u00e4hrend die gesamte Baureihe 2021 eine Modellpflege erhielt.  <\/p>\n<h2>K\u00fcnftiger Skoda Kodiaq und Superb<\/h2>\n<p>&#8222;Der Superb und der Kodiaq sind zwei wichtige S\u00e4ulen der Marke Skoda. Deshalb ist es f\u00fcr uns etwas ganz Besonderes, in diesem Herbst die neuen Generationen der beiden Modelle zu pr\u00e4sentieren&#8220;, erkl\u00e4rt Klaus Zellmer, Vorstandsvorsitzender von \u0160koda Auto. &#8222;Der Superb ist das Spitzenmodell in unserem ICE-Portfolio, und auch die neue, vierte Generation setzt weiterhin Ma\u00dfst\u00e4be in Sachen Komfort und Raumangebot, sowohl in der Schr\u00e4gheck- als auch in der Kombi-Variante. Der Kodiaq der zweiten Generation hebt Sicherheit, Technologie und Vielseitigkeit auf ein noch h\u00f6heres Niveau. Wir bieten weiterhin das Beste aus beiden Welten und liefern unseren Kunden, was sie w\u00fcnschen. Deshalb sind beide Modelle serienm\u00e4\u00dfig mit Mild-Hybrid-Technologie ausgestattet und auch ein Plug-in-Hybrid geh\u00f6rt zu den Antriebsoptionen.&#8220;<\/p>\n<figure class=\"wp-block-image size-content\"><img decoding=\"async\" loading=\"lazy\" width=\"1140\" height=\"805\" src=\"https:\/\/autorai.nl\/wp-content\/uploads\/2023\/04\/superblimo-ng-silueta-art-v02mint-retouched-1140x805.jpg\" alt=\"\" class=\"wp-image-157458\"><\/figure>\n<h2>Erste Skizzen<\/h2>\n<p>Die heute von \u0160koda ver\u00f6ffentlichten Skizzen zeigen die Silhouette der neuen Modelle. Neben einem neuen Au\u00dfendesign erhalten alle Modelle neue Ausstattungsmerkmale, verbesserte Technik und einen komplett neu gestalteten Innenraum. Die vierte Generation des Superb wird wieder als Schr\u00e4gheck und als sehr ger\u00e4umiger Combi erh\u00e4ltlich sein. Die neue Generation des Premiummodells wird im Volkswagen Konzernwerk in Bratislava, Slowakei, produziert. Die Produktion des neuen Kodiaq ist im \u0160koda-Werk in Kvasiny (Tschechische Republik) geplant, wo derzeit auch sein Vorg\u00e4nger vom Band l\u00e4uft.<a href=\"https:\/\/content.presspage.com\/uploads\/1443\/be9fb561-6554-4c26-9fe5-f368836dc659\/800_superbc-ng-silueta-art-v02mint-retouched.jpg?10000\"><\/a><\/p>\n<p>Auch Skoda bringt sechs neue batterieelektrische Fahrzeuge auf den Markt.  <a href=\"https:\/\/autorai.nl\/zes-nieuwe-skoda-bev-modellen-gepland-tot-2026-wij-weten-welke\/\">Wir werden dies in diesem Artikel n\u00e4her untersuchen.<\/a><\/p>\n","protected":false},"excerpt":{"rendered":"Skoda Superb Der Superb und der Kodiaq waren bisher sehr erfolgreich f\u00fcr Skoda. Der Name 'Superb' wurde bereits in den&hellip;","protected":false},"author":0,"featured_media":134924,"comment_status":"","ping_status":"open","sticky":false,"template":"","format":"standard","meta":{"footnotes":""},"categories":[125,128],"tags":[],"class_list":["post-134978","post","type-post","status-publish","format-standard","has-post-thumbnail","hentry","category-auto-nachrichten","category-hintergrund"],"acf":[],"yoast_head":"<!-- This site is optimized with the Yoast SEO plugin v21.2 - https:\/\/yoast.com\/wordpress\/plugins\/seo\/ -->\n<title>Vorschau auf den neuen Skoda Superb, Superb Combi und Kodiaq - All cars news<\/title>\n<meta name=\"robots\" content=\"index, follow, max-snippet:-1, max-image-preview:large, max-video-preview:-1\" \/>\n<link rel=\"canonical\" href=\"https:\/\/all-car-news.com\/de\/vorschau-auf-den-neuen-skoda-superb-superb-combi-und-kodiaq\/\" \/>\n<meta property=\"og:locale\" content=\"de_DE\" \/>\n<meta property=\"og:type\" content=\"article\" \/>\n<meta property=\"og:title\" content=\"Vorschau auf den neuen Skoda Superb, Superb Combi und Kodiaq - All cars news\" \/>\n<meta property=\"og:description\" content=\"Skoda Superb Der Superb und der Kodiaq waren bisher sehr erfolgreich f\u00fcr Skoda. Der Name &#039;Superb&#039; wurde bereits in den 1930er Jahren f\u00fcr das damalige Spitzenmodell von Skoda verwendet. Die erste Generation des aktuellen Superb von Skoda wurde zwischen 2001 und 2008 fast 137.000 Mal verkauft. Es [\u2026]\" \/>\n<meta property=\"og:url\" content=\"https:\/\/all-car-news.com\/de\/vorschau-auf-den-neuen-skoda-superb-superb-combi-und-kodiaq\/\" \/>\n<meta property=\"og:site_name\" content=\"All cars news\" \/>\n<meta property=\"article:published_time\" content=\"2023-04-26T13:27:07+00:00\" \/>\n<meta property=\"og:image\" content=\"https:\/\/autorai.nl\/wp-content\/uploads\/2023\/04\/superbc-ng-silueta-art-v02mint-retouched-1140x805.jpg\" \/>\n<meta name=\"twitter:card\" content=\"summary_large_image\" \/>\n<meta name=\"twitter:label1\" content=\"Gesch\u00e4tzte Lesezeit\" \/>\n\t<meta name=\"twitter:data1\" content=\"2\u00a0Minuten\" \/>\n<script type=\"application\/ld+json\" class=\"yoast-schema-graph\">{\"@context\":\"https:\/\/schema.org\",\"@graph\":[{\"@type\":\"Article\",\"@id\":\"https:\/\/all-car-news.com\/de\/vorschau-auf-den-neuen-skoda-superb-superb-combi-und-kodiaq\/#article\",\"isPartOf\":{\"@id\":\"https:\/\/all-car-news.com\/de\/vorschau-auf-den-neuen-skoda-superb-superb-combi-und-kodiaq\/\"},\"author\":{\"name\":\"\",\"@id\":\"\"},\"headline\":\"Vorschau auf den neuen Skoda Superb, Superb Combi und Kodiaq\",\"datePublished\":\"2023-04-26T13:27:07+00:00\",\"dateModified\":\"2023-04-26T13:27:07+00:00\",\"mainEntityOfPage\":{\"@id\":\"https:\/\/all-car-news.com\/de\/vorschau-auf-den-neuen-skoda-superb-superb-combi-und-kodiaq\/\"},\"wordCount\":479,\"publisher\":{\"@id\":\"https:\/\/all-car-news.com\/de\/#organization\"},\"articleSection\":[\"Auto Nachrichten\",\"Hintergrund\"],\"inLanguage\":\"de\"},{\"@type\":\"WebPage\",\"@id\":\"https:\/\/all-car-news.com\/de\/vorschau-auf-den-neuen-skoda-superb-superb-combi-und-kodiaq\/\",\"url\":\"https:\/\/all-car-news.com\/de\/vorschau-auf-den-neuen-skoda-superb-superb-combi-und-kodiaq\/\",\"name\":\"Vorschau auf den neuen Skoda Superb, Superb Combi und Kodiaq - All cars news\",\"isPartOf\":{\"@id\":\"https:\/\/all-car-news.com\/de\/#website\"},\"datePublished\":\"2023-04-26T13:27:07+00:00\",\"dateModified\":\"2023-04-26T13:27:07+00:00\",\"breadcrumb\":{\"@id\":\"https:\/\/all-car-news.com\/de\/vorschau-auf-den-neuen-skoda-superb-superb-combi-und-kodiaq\/#breadcrumb\"},\"inLanguage\":\"de\",\"potentialAction\":[{\"@type\":\"ReadAction\",\"target\":[\"https:\/\/all-car-news.com\/de\/vorschau-auf-den-neuen-skoda-superb-superb-combi-und-kodiaq\/\"]}]},{\"@type\":\"BreadcrumbList\",\"@id\":\"https:\/\/all-car-news.com\/de\/vorschau-auf-den-neuen-skoda-superb-superb-combi-und-kodiaq\/#breadcrumb\",\"itemListElement\":[{\"@type\":\"ListItem\",\"position\":1,\"name\":\"Home\",\"item\":\"https:\/\/all-car-news.com\/de\/\"},{\"@type\":\"ListItem\",\"position\":2,\"name\":\"Vorschau auf den neuen Skoda Superb, Superb Combi und Kodiaq\"}]},{\"@type\":\"WebSite\",\"@id\":\"https:\/\/all-car-news.com\/de\/#website\",\"url\":\"https:\/\/all-car-news.com\/de\/\",\"name\":\"All cars news\",\"description\":\"\",\"publisher\":{\"@id\":\"https:\/\/all-car-news.com\/de\/#organization\"},\"potentialAction\":[{\"@type\":\"SearchAction\",\"target\":{\"@type\":\"EntryPoint\",\"urlTemplate\":\"https:\/\/all-car-news.com\/de\/?s={search_term_string}\"},\"query-input\":\"required name=search_term_string\"}],\"inLanguage\":\"de\"},{\"@type\":\"Organization\",\"@id\":\"https:\/\/all-car-news.com\/de\/#organization\",\"name\":\"All cars news\",\"url\":\"https:\/\/all-car-news.com\/de\/\",\"logo\":{\"@type\":\"ImageObject\",\"inLanguage\":\"de\",\"@id\":\"https:\/\/all-car-news.com\/de\/#\/schema\/logo\/image\/\",\"url\":\"https:\/\/all-car-news.com\/wp-content\/uploads\/2022\/02\/CMYK-AllCarNews_LANDSCAPE_300px-1.png\",\"contentUrl\":\"https:\/\/all-car-news.com\/wp-content\/uploads\/2022\/02\/CMYK-AllCarNews_LANDSCAPE_300px-1.png\",\"width\":300,\"height\":100,\"caption\":\"All cars news\"},\"image\":{\"@id\":\"https:\/\/all-car-news.com\/de\/#\/schema\/logo\/image\/\"}}]}<\/script>\n<!-- \/ Yoast SEO plugin. -->","yoast_head_json":{"title":"Vorschau auf den neuen Skoda Superb, Superb Combi und Kodiaq - All cars news","robots":{"index":"index","follow":"follow","max-snippet":"max-snippet:-1","max-image-preview":"max-image-preview:large","max-video-preview":"max-video-preview:-1"},"canonical":"https:\/\/all-car-news.com\/de\/vorschau-auf-den-neuen-skoda-superb-superb-combi-und-kodiaq\/","og_locale":"de_DE","og_type":"article","og_title":"Vorschau auf den neuen Skoda Superb, Superb Combi und Kodiaq - All cars news","og_description":"Skoda Superb Der Superb und der Kodiaq waren bisher sehr erfolgreich f\u00fcr Skoda. Der Name 'Superb' wurde bereits in den 1930er Jahren f\u00fcr das damalige Spitzenmodell von Skoda verwendet. Die erste Generation des aktuellen Superb von Skoda wurde zwischen 2001 und 2008 fast 137.000 Mal verkauft. Es [\u2026]","og_url":"https:\/\/all-car-news.com\/de\/vorschau-auf-den-neuen-skoda-superb-superb-combi-und-kodiaq\/","og_site_name":"All cars news","article_published_time":"2023-04-26T13:27:07+00:00","og_image":[{"url":"https:\/\/autorai.nl\/wp-content\/uploads\/2023\/04\/superbc-ng-silueta-art-v02mint-retouched-1140x805.jpg"}],"twitter_card":"summary_large_image","twitter_misc":{"Gesch\u00e4tzte Lesezeit":"2\u00a0Minuten"},"schema":{"@context":"https:\/\/schema.org","@graph":[{"@type":"Article","@id":"https:\/\/all-car-news.com\/de\/vorschau-auf-den-neuen-skoda-superb-superb-combi-und-kodiaq\/#article","isPartOf":{"@id":"https:\/\/all-car-news.com\/de\/vorschau-auf-den-neuen-skoda-superb-superb-combi-und-kodiaq\/"},"author":{"name":"","@id":""},"headline":"Vorschau auf den neuen Skoda Superb, Superb Combi und Kodiaq","datePublished":"2023-04-26T13:27:07+00:00","dateModified":"2023-04-26T13:27:07+00:00","mainEntityOfPage":{"@id":"https:\/\/all-car-news.com\/de\/vorschau-auf-den-neuen-skoda-superb-superb-combi-und-kodiaq\/"},"wordCount":479,"publisher":{"@id":"https:\/\/all-car-news.com\/de\/#organization"},"articleSection":["Auto Nachrichten","Hintergrund"],"inLanguage":"de"},{"@type":"WebPage","@id":"https:\/\/all-car-news.com\/de\/vorschau-auf-den-neuen-skoda-superb-superb-combi-und-kodiaq\/","url":"https:\/\/all-car-news.com\/de\/vorschau-auf-den-neuen-skoda-superb-superb-combi-und-kodiaq\/","name":"Vorschau auf den neuen Skoda Superb, Superb Combi und Kodiaq - All cars news","isPartOf":{"@id":"https:\/\/all-car-news.com\/de\/#website"},"datePublished":"2023-04-26T13:27:07+00:00","dateModified":"2023-04-26T13:27:07+00:00","breadcrumb":{"@id":"https:\/\/all-car-news.com\/de\/vorschau-auf-den-neuen-skoda-superb-superb-combi-und-kodiaq\/#breadcrumb"},"inLanguage":"de","potentialAction":[{"@type":"ReadAction","target":["https:\/\/all-car-news.com\/de\/vorschau-auf-den-neuen-skoda-superb-superb-combi-und-kodiaq\/"]}]},{"@type":"BreadcrumbList","@id":"https:\/\/all-car-news.com\/de\/vorschau-auf-den-neuen-skoda-superb-superb-combi-und-kodiaq\/#breadcrumb","itemListElement":[{"@type":"ListItem","position":1,"name":"Home","item":"https:\/\/all-car-news.com\/de\/"},{"@type":"ListItem","position":2,"name":"Vorschau auf den neuen Skoda Superb, Superb Combi und Kodiaq"}]},{"@type":"WebSite","@id":"https:\/\/all-car-news.com\/de\/#website","url":"https:\/\/all-car-news.com\/de\/","name":"All cars news","description":"","publisher":{"@id":"https:\/\/all-car-news.com\/de\/#organization"},"potentialAction":[{"@type":"SearchAction","target":{"@type":"EntryPoint","urlTemplate":"https:\/\/all-car-news.com\/de\/?s={search_term_string}"},"query-input":"required name=search_term_string"}],"inLanguage":"de"},{"@type":"Organization","@id":"https:\/\/all-car-news.com\/de\/#organization","name":"All cars news","url":"https:\/\/all-car-news.com\/de\/","logo":{"@type":"ImageObject","inLanguage":"de","@id":"https:\/\/all-car-news.com\/de\/#\/schema\/logo\/image\/","url":"https:\/\/all-car-news.com\/wp-content\/uploads\/2022\/02\/CMYK-AllCarNews_LANDSCAPE_300px-1.png","contentUrl":"https:\/\/all-car-news.com\/wp-content\/uploads\/2022\/02\/CMYK-AllCarNews_LANDSCAPE_300px-1.png","width":300,"height":100,"caption":"All cars news"},"image":{"@id":"https:\/\/all-car-news.com\/de\/#\/schema\/logo\/image\/"}}]}},"_links":{"self":[{"href":"https:\/\/all-car-news.com\/de\/wp-json\/wp\/v2\/posts\/134978","targetHints":{"allow":["GET"]}}],"collection":[{"href":"https:\/\/all-car-news.com\/de\/wp-json\/wp\/v2\/posts"}],"about":[{"href":"https:\/\/all-car-news.com\/de\/wp-json\/wp\/v2\/types\/post"}],"replies":[{"embeddable":true,"href":"https:\/\/all-car-news.com\/de\/wp-json\/wp\/v2\/comments?post=134978"}],"version-history":[{"count":0,"href":"https:\/\/all-car-news.com\/de\/wp-json\/wp\/v2\/posts\/134978\/revisions"}],"wp:featuredmedia":[{"embeddable":true,"href":"https:\/\/all-car-news.com\/de\/wp-json\/wp\/v2\/media\/134924"}],"wp:attachment":[{"href":"https:\/\/all-car-news.com\/de\/wp-json\/wp\/v2\/media?parent=134978"}],"wp:term":[{"taxonomy":"category","embeddable":true,"href":"https:\/\/all-car-news.com\/de\/wp-json\/wp\/v2\/categories?post=134978"},{"taxonomy":"post_tag","embeddable":true,"href":"https:\/\/all-car-news.com\/de\/wp-json\/wp\/v2\/tags?post=134978"}],"curies":[{"name":"wp","href":"https:\/\/api.w.org\/{rel}","templated":true}]}}