{"id":134681,"date":"2023-04-19T12:18:47","date_gmt":"2023-04-19T12:18:47","guid":{"rendered":"https:\/\/all-car-news.com\/gruenes-licht-zeekr-kommt-nach-europa-aber-mit-welchen-modellen\/"},"modified":"2023-04-19T12:18:47","modified_gmt":"2023-04-19T12:18:47","slug":"gruenes-licht-zeekr-kommt-nach-europa-aber-mit-welchen-modellen","status":"publish","type":"post","link":"https:\/\/all-car-news.com\/de\/gruenes-licht-zeekr-kommt-nach-europa-aber-mit-welchen-modellen\/","title":{"rendered":"Gr\u00fcnes Licht: ZEEKR kommt nach Europa, aber mit welchen Modellen?"},"content":{"rendered":"<h2>ZEEKR<\/h2>\n<p>Die Geschichte von ZEEKR begann in China. Die Auslieferung des ersten Produkts der Marke, des ZEEKR 001, begann im Oktober 2021, die Auslieferung des ZEEKR 009 MPV im Januar 2023. Bis Ende M\u00e4rz 2023 hat ZEEKR bereits mehr als 93.000 Autos ausgeliefert. Aber welche Modelle werden nach Europa kommen? Auf diese Frage kennen wir die Antwort.  <\/p>\n<h2>ZEEKR 001 und ZEEKR X<\/h2>\n<p>Zu den ersten in Europa erh\u00e4ltlichen Modellen geh\u00f6rt das Flaggschiff der Marke, der ZEEKR 001. Es handelt sich um einen luxuri\u00f6sen Shooting Brake mit einer Reichweite von ca. 600 km (abh\u00e4ngig von der WLTP-Homologation). Der ZEEKR X &#8218;urban SUV&#8216; kommt auch zu uns. Bis Ende 2023 werden sie zun\u00e4chst in Schweden und den Niederlanden erh\u00e4ltlich sein, weitere L\u00e4nder werden bald folgen.<\/p>\n<figure class=\"wp-block-image size-content\"><img decoding=\"async\" loading=\"lazy\" width=\"1140\" height=\"855\" src=\"https:\/\/autorai.nl\/wp-content\/uploads\/2023\/04\/ZEEKR-001-front-3_4-dynamic-1140x855.jpg\" alt=\"ZEEKR 001\" class=\"wp-image-156759\"><\/figure>\n<h2>EV-spezifische SEA-Architektur<\/h2>\n<p>Der ZEEKR 001 und der ZEEKR X sind beide auf der Grundlage der EV-spezifischen SEA-Architektur konzipiert. Dies ist die Abk\u00fcrzung f\u00fcr Sustainable Experience Architecture (SEA). Die Marke nutzt ihre eigene Batterietechnologie, Batteriemanagementsysteme, Elektromotortechnologie und Lieferkette f\u00fcr Elektroautos. Ein Gro\u00dfteil der Technologie stammt von Volvo und Polestar. Es \u00fcberrascht nicht, dass die Marke auch \u00fcber Design- und Forschungs- und Entwicklungszentren in G\u00f6teborg, Schweden, verf\u00fcgt. Das europ\u00e4ische Team der chinesischen Marke, das aus mehr als 1.500 Ingenieuren und Designern besteht, ist bereits einsatzbereit und hat bereits mehrere erfolgreiche Modelle f\u00fcr die Geely-Gruppe produziert.<\/p>\n<h2>Wachstumspotenzial<\/h2>\n<p>Andy AN, CEO von ZEEKR, sagt: &#8222;Vor nur zwei Jahren haben wir unser hochmodernes Elektroauto, den ZEEKR 001, vorgestellt. Mit bereits mehr als 93.000 verkauften Exemplaren war die Resonanz der Kunden auf unsere Marke unglaublich. Seitdem haben wir unsere Produktpalette um den ZEEKR 009 und jetzt den ZEEKR X erweitert, die beide f\u00fcr unser Wachstumspotenzial wichtig sind. Nach der letzten Serie-A-Finanzierung, die 750 Millionen Dollar einbrachte, wurde ZEEKR mit 13 Milliarden Dollar bewertet. Aufbauend auf diesem Erfolg freuen wir uns darauf, unsere Marke in Europa einzuf\u00fchren, was ein wichtiger Schritt in unserer globalen Strategie ist.&#8220;<\/p>\n<figure class=\"wp-block-image size-content\"><img decoding=\"async\" loading=\"lazy\" width=\"1140\" height=\"641\" src=\"https:\/\/autorai.nl\/wp-content\/uploads\/2023\/04\/ZEEKR-X-front-3_4-1140x641.jpg\" alt=\"\" class=\"wp-image-156765\"><\/figure>\n<h2>Hauptgesch\u00e4ftsstelle in Amsterdam<\/h2>\n<p>Der europ\u00e4ische Hauptsitz von ZEEKR wird sich in Amsterdam befinden. Das Managementteam wird aus Fachleuten bestehen, die bereits in leitenden Positionen bei anderen Herstellern von Premium- und Luxusfahrzeugen t\u00e4tig waren.  <\/p>\n<p>Spiros Fotinos, CEO von ZEEKR Europe, sagt: &#8222;Die europ\u00e4ischen Verbraucher sind zunehmend bereit, auf ein Elektrofahrzeug umzusteigen. Sie sind heute offener denn je f\u00fcr neue Technologiemarken, insbesondere f\u00fcr solche, die sich ausschlie\u00dflich auf Elektrofahrzeuge konzentrieren. Mit den Ressourcen, dem Wissen und der Erfahrung, die uns zur Verf\u00fcgung stehen, ist ZEEKR gut aufgestellt, um branchenf\u00fchrende E-Fahrzeuge, innovativen Service und ein hervorragendes Nutzererlebnis anzubieten, die den Umstieg auf elektrisches Fahren einfacher denn je machen und so zu einer nachhaltigeren Zukunft beitragen.&#8220;<\/p>\n<h2>Zhejiang Geely Holding Gruppe<\/h2>\n<p>Die Zhejiang Geely Holding Group (Geely Holding) ist ein globaler Automobilkonzern und Eigent\u00fcmer mehrerer bekannter internationaler Automarken. Die Aktivit\u00e4ten der Gruppe decken die gesamte Wertsch\u00f6pfungskette der Automobilindustrie ab, von Forschung, Entwicklung und Design bis hin zu Produktion, Vertrieb und Service. Die Geely Holding wurde 1986 in der Stadt Taizhou in der chinesischen Provinz Zhejiang von Eric Li, dem Pr\u00e4sidenten des Unternehmens, gegr\u00fcndet.  <\/p>\n<p>Die Geely Holding startete ihr Autogesch\u00e4ft 1997 und hat heute ihren Sitz in Hangzhou, China. Heute geh\u00f6ren zur Geely Holding mehrere Marken, darunter Geely Auto, Lynk &amp; Co, ZEEKR, Geometry, Volvo Cars, Polestar, Lotus, London Electric Vehicle Company, Farizon Auto und Cao Cao Mobility.<\/p>\n<p>Im Jahr 2022 verkaufte die Geely Holding mehr als 2,3 Millionen Autos, wobei der weltweite Absatz von Volvo Cars 615.121 Einheiten erreichte und die b\u00f6rsennotierte Einheit der Geely Auto Group in Hongkong 1.432.988 verkaufte Einheiten meldete. Die Geely Holding besch\u00e4ftigt weltweit mehr als 120.000 Mitarbeiter und ist seit 10 Jahren in den Fortune Global 500 gelistet.<\/p>\n<h2>Zeitleiste ZEEKR<\/h2>\n<ul>\n<li>23-03-2021 ZEEKR Intelligent Technology wird offiziell gegr\u00fcndet.<\/li>\n<li>15-04-2021 Enth\u00fcllung des ersten ZEEKR, des 001 Shooting Brake.<\/li>\n<li>27-08-2021 Unterzeichnung einer strategischen Investitionsvereinbarung mit f\u00fcnf wichtigen Partnern, darunter der Batteriehersteller CATL.<\/li>\n<li>29-08-2021 Start des ZEEKR Power-Ladenetzes in China.<\/li>\n<li>05-09-2021 Das erste ZEEKR-Zentrum wird in Hangzhou, China, er\u00f6ffnet.<\/li>\n<li>19.10.2021 Meilenstein in der Produktion von ZEEKR 001 erreicht: Das erste Kundenfahrzeug l\u00e4uft in der Intelligent Factory in Ningbo vom Band.<\/li>\n<li>30-11-2021 ZEEKR Intelligent Technology gibt eine strategische Partnerschaft mit RoboSense, einem f\u00fchrenden Entwickler von LiDAR-Systemen, bekannt.<\/li>\n<li>29-12-2021 ZEEKR wird exklusiver Fahrzeuglieferant f\u00fcr die selbstfahrende Flotte von Waymo One in den USA.<\/li>\n<li>31-12-2021 Globaler Flagship-Store in Shanghai fertiggestellt.<\/li>\n<li>05-01-2022 Strategische Partnerschaft mit Mobileye ausgeweitet, um gemeinsam bis 2024 die weltweit ersten autonomen Fahrzeuge mit Level-4-Funktionen zu liefern<\/li>\n<li>17-05-2022 Zehntausendstes Heimladeger\u00e4t von ZEEKR installiert.<\/li>\n<li>28-05-2022 Auslieferung von 20.000 Exemplaren des ZEEKR 001.<\/li>\n<li>01-08-2022 \u00dcber 30.000 Exemplare des ZEEKR 001 werden ausgeliefert.<\/li>\n<li>08.02.2022 Das \u00f6ffentliche Ladenetz von ZEEKR in China besteht nun aus 396 Stationen in 64 St\u00e4dten.<\/li>\n<li>30-09-2022 Das zweihundertj\u00e4hrige ZEEKR-Zentrum wird in Xiamen er\u00f6ffnet.<\/li>\n<li>01-11-2022 Offizielle Markteinf\u00fchrung des zweiten Modells von ZEEKR, des 009, eines luxuri\u00f6sen MPV.<\/li>\n<li>19-11-2022 \u00dcber 60.000 Exemplare des ZEEKR 001 werden ausgeliefert.<\/li>\n<li>01-04-2023 \u00dcber 93.000 ZEEKRs wurden seit der Einf\u00fchrung der Marke ausgeliefert.<\/li>\n<li>04.12.2023 Offizielle Markteinf\u00fchrung des ZEEKR X, des dritten Modells.<\/li>\n<li>15-04-2023 ZEEKR feiert sein zweij\u00e4hriges Bestehen.<\/li>\n<li>18-04-2023 ZEEKR best\u00e4tigt die offizielle Ankunft der Marke in Europa bis Ende 2023.  <\/li>\n<\/ul>\n<p>Die Website von ZEEKR betrifft <a href=\"https:\/\/zeekr.eu\/nl-nl\/\" target=\"_blank\" rel=\"noreferrer noopener\"><br \/>\n  <strong>www.zeekr.eu\/nl-nl\/<\/strong><br \/>\n<\/a><\/p>\n<div class=\"galery shuffle galery-0\">\n<figure>\n\t\t\t\t\t<span style=\"cursor: pointer\" data-src=\"https:\/\/autorai.nl\/wp-content\/uploads\/2023\/04\/ZEEKR-X-side-1600x900.jpg\" data-fancybox=\"galery-0\" title=\"\"><br \/>\n\t\t\t\t\t\t\t<img decoding=\"async\" width=\"640\" height=\"480\" src=\"https:\/\/autorai.nl\/wp-content\/uploads\/2023\/04\/ZEEKR-X-side-640x480.jpg\" class=\"attachment-medium size-medium\" alt=\"\" loading=\"lazy\"><i class=\"fa fa-search-plus\" aria-hidden=\"true\"><\/i><br \/>\n\t\t\t\t\t\t<\/span><br \/>\n\t\t\t\t\t<\/figure>\n<figure>\n\t\t\t\t\t<span style=\"cursor: pointer\" data-src=\"https:\/\/autorai.nl\/wp-content\/uploads\/2023\/04\/ZEEKR-X-rear-1178x1600.jpg\" data-fancybox=\"galery-0\" title=\"\"><br \/>\n\t\t\t\t\t\t\t<img decoding=\"async\" width=\"360\" height=\"270\" src=\"https:\/\/autorai.nl\/wp-content\/uploads\/2023\/04\/ZEEKR-X-rear-360x270.jpg\" class=\"attachment-small size-small\" alt=\"\" loading=\"lazy\"><i class=\"fa fa-search-plus\" aria-hidden=\"true\"><\/i><br \/>\n\t\t\t\t\t\t<\/span><br \/>\n\t\t\t\t\t<\/figure>\n<figure>\n\t\t\t\t\t<span style=\"cursor: pointer\" data-src=\"https:\/\/autorai.nl\/wp-content\/uploads\/2023\/04\/ZEEKR-X-rear-3_4-1600x900.png\" data-fancybox=\"galery-0\" title=\"\"><br \/>\n\t\t\t\t\t\t\t<img decoding=\"async\" width=\"360\" height=\"270\" src=\"https:\/\/autorai.nl\/wp-content\/uploads\/2023\/04\/ZEEKR-X-rear-3_4-360x270.png\" class=\"attachment-small size-small\" alt=\"\" loading=\"lazy\"><i class=\"fa fa-search-plus\" aria-hidden=\"true\"><\/i><br \/>\n\t\t\t\t\t\t<\/span><br \/>\n\t\t\t\t\t<\/figure>\n<figure>\n\t\t\t\t\t<span style=\"cursor: pointer\" data-src=\"https:\/\/autorai.nl\/wp-content\/uploads\/2023\/04\/ZEEKR-X-rear-3_4-1600x900.jpg\" data-fancybox=\"galery-0\" title=\"\"><br \/>\n\t\t\t\t\t\t\t<img decoding=\"async\" width=\"640\" height=\"480\" src=\"https:\/\/autorai.nl\/wp-content\/uploads\/2023\/04\/ZEEKR-X-rear-3_4-640x480.jpg\" class=\"attachment-medium size-medium\" alt=\"\" loading=\"lazy\"><i class=\"fa fa-search-plus\" aria-hidden=\"true\"><\/i><br \/>\n\t\t\t\t\t\t<\/span><br \/>\n\t\t\t\t\t<\/figure>\n<figure>\n\t\t\t\t\t<span style=\"cursor: pointer\" data-src=\"https:\/\/autorai.nl\/wp-content\/uploads\/2023\/04\/ZEEKR-X-front.png\" data-fancybox=\"galery-0\" title=\"\"><br \/>\n\t\t\t\t\t\t\t<img decoding=\"async\" width=\"360\" height=\"270\" src=\"https:\/\/autorai.nl\/wp-content\/uploads\/2023\/04\/ZEEKR-X-front-360x270.png\" class=\"attachment-small size-small\" alt=\"\" loading=\"lazy\"><i class=\"fa fa-search-plus\" aria-hidden=\"true\"><\/i><br \/>\n\t\t\t\t\t\t<\/span><br \/>\n\t\t\t\t\t<\/figure>\n<figure>\n\t\t\t\t\t<span style=\"cursor: pointer\" data-src=\"https:\/\/autorai.nl\/wp-content\/uploads\/2023\/04\/ZEEKR-X-front-3_4-1600x900.jpg\" data-fancybox=\"galery-0\" title=\"\"><br \/>\n\t\t\t\t\t\t\t<img decoding=\"async\" width=\"360\" height=\"270\" src=\"https:\/\/autorai.nl\/wp-content\/uploads\/2023\/04\/ZEEKR-X-front-3_4-360x270.jpg\" class=\"attachment-small size-small\" alt=\"\" loading=\"lazy\"><i class=\"fa fa-search-plus\" aria-hidden=\"true\"><\/i><br \/>\n\t\t\t\t\t\t<\/span><br \/>\n\t\t\t\t\t<\/figure>\n<figure>\n\t\t\t\t\t<span style=\"cursor: pointer\" data-src=\"https:\/\/autorai.nl\/wp-content\/uploads\/2023\/04\/ZEEKR-001-rear-3_4-1600x1200.jpg\" data-fancybox=\"galery-0\" title=\"\"><br \/>\n\t\t\t\t\t\t\t<img decoding=\"async\" width=\"640\" height=\"480\" src=\"https:\/\/autorai.nl\/wp-content\/uploads\/2023\/04\/ZEEKR-001-rear-3_4-640x480.jpg\" class=\"attachment-medium size-medium\" alt=\"ZEEKR 001\" loading=\"lazy\"><i class=\"fa fa-search-plus\" aria-hidden=\"true\"><\/i><br \/>\n\t\t\t\t\t\t<\/span><br \/>\n\t\t\t\t\t<\/figure>\n<figure>\n\t\t\t\t\t<span style=\"cursor: pointer\" data-src=\"https:\/\/autorai.nl\/wp-content\/uploads\/2023\/04\/ZEEKR-001-rear-3_4-3-1600x901.jpg\" data-fancybox=\"galery-0\" title=\"\"><br \/>\n\t\t\t\t\t\t\t<img decoding=\"async\" width=\"360\" height=\"270\" src=\"https:\/\/autorai.nl\/wp-content\/uploads\/2023\/04\/ZEEKR-001-rear-3_4-3-360x270.jpg\" class=\"attachment-small size-small\" alt=\"\" loading=\"lazy\"><i class=\"fa fa-search-plus\" aria-hidden=\"true\"><\/i><br \/>\n\t\t\t\t\t\t<\/span><br \/>\n\t\t\t\t\t<\/figure>\n<figure>\n\t\t\t\t\t<span style=\"cursor: pointer\" data-src=\"https:\/\/autorai.nl\/wp-content\/uploads\/2023\/04\/ZEEKR-001-rear-3_4-2-1600x901.jpg\" data-fancybox=\"galery-0\" title=\"\"><br \/>\n\t\t\t\t\t\t\t<img decoding=\"async\" width=\"360\" height=\"270\" src=\"https:\/\/autorai.nl\/wp-content\/uploads\/2023\/04\/ZEEKR-001-rear-3_4-2-360x270.jpg\" class=\"attachment-small size-small\" alt=\"\" loading=\"lazy\"><i class=\"fa fa-search-plus\" aria-hidden=\"true\"><\/i><br \/>\n\t\t\t\t\t\t<\/span><br \/>\n\t\t\t\t\t<\/figure>\n<figure>\n\t\t\t\t\t<span style=\"cursor: pointer\" data-src=\"https:\/\/autorai.nl\/wp-content\/uploads\/2023\/04\/ZEEKR-001-front-3_4-1600x1201.jpg\" data-fancybox=\"galery-0\" title=\"\"><br \/>\n\t\t\t\t\t\t\t<img decoding=\"async\" width=\"640\" height=\"480\" src=\"https:\/\/autorai.nl\/wp-content\/uploads\/2023\/04\/ZEEKR-001-front-3_4-640x480.jpg\" class=\"attachment-medium size-medium\" alt=\"\" loading=\"lazy\"><i class=\"fa fa-search-plus\" aria-hidden=\"true\"><\/i><br \/>\n\t\t\t\t\t\t<\/span><br \/>\n\t\t\t\t\t<\/figure>\n<figure>\n\t\t\t\t\t<span style=\"cursor: pointer\" data-src=\"https:\/\/autorai.nl\/wp-content\/uploads\/2023\/04\/ZEEKR-001-front-3_4-3-1600x901.jpg\" data-fancybox=\"galery-0\" title=\"\"><br \/>\n\t\t\t\t\t\t\t<img decoding=\"async\" width=\"360\" height=\"270\" src=\"https:\/\/autorai.nl\/wp-content\/uploads\/2023\/04\/ZEEKR-001-front-3_4-3-360x270.jpg\" class=\"attachment-small size-small\" alt=\"\" loading=\"lazy\"><i class=\"fa fa-search-plus\" aria-hidden=\"true\"><\/i><br \/>\n\t\t\t\t\t\t<\/span><br \/>\n\t\t\t\t\t<\/figure>\n<figure>\n\t\t\t\t\t<span style=\"cursor: pointer\" data-src=\"https:\/\/autorai.nl\/wp-content\/uploads\/2023\/04\/Zeekr-001-front-3_4-2-1600x901.jpg\" data-fancybox=\"galery-0\" title=\"\"><br \/>\n\t\t\t\t\t\t\t<img decoding=\"async\" width=\"360\" height=\"270\" src=\"https:\/\/autorai.nl\/wp-content\/uploads\/2023\/04\/Zeekr-001-front-3_4-2-360x270.jpg\" class=\"attachment-small size-small\" alt=\"\" loading=\"lazy\"><i class=\"fa fa-search-plus\" aria-hidden=\"true\"><\/i><br \/>\n\t\t\t\t\t\t<\/span><br \/>\n\t\t\t\t\t<\/figure>\n<figure>\n\t\t\t\t\t<span style=\"cursor: pointer\" data-src=\"https:\/\/autorai.nl\/wp-content\/uploads\/2023\/04\/ZEEKR-001-front-3_4-5-1600x1200.jpg\" data-fancybox=\"galery-0\" title=\"\"><br \/>\n\t\t\t\t\t\t\t<img decoding=\"async\" width=\"640\" height=\"480\" src=\"https:\/\/autorai.nl\/wp-content\/uploads\/2023\/04\/ZEEKR-001-front-3_4-5-640x480.jpg\" class=\"attachment-medium size-medium\" alt=\"\" loading=\"lazy\"><i class=\"fa fa-search-plus\" aria-hidden=\"true\"><\/i><br \/>\n\t\t\t\t\t\t<\/span><br \/>\n\t\t\t\t\t<\/figure>\n<figure>\n\t\t\t\t\t<span style=\"cursor: pointer\" data-src=\"https:\/\/autorai.nl\/wp-content\/uploads\/2023\/04\/ZEEKR-001-rear-3_4-dynamic-1600x1200.jpg\" data-fancybox=\"galery-0\" title=\"\"><br \/>\n\t\t\t\t\t\t\t<img decoding=\"async\" width=\"360\" height=\"270\" src=\"https:\/\/autorai.nl\/wp-content\/uploads\/2023\/04\/ZEEKR-001-rear-3_4-dynamic-360x270.jpg\" class=\"attachment-small size-small\" alt=\"\" loading=\"lazy\"><i class=\"fa fa-search-plus\" aria-hidden=\"true\"><\/i><br \/>\n\t\t\t\t\t\t<\/span><br \/>\n\t\t\t\t\t<\/figure>\n<figure>\n\t\t\t\t\t<span style=\"cursor: pointer\" data-src=\"https:\/\/autorai.nl\/wp-content\/uploads\/2023\/04\/ZEEKR-001-front-3_4-4-1600x1200.jpg\" data-fancybox=\"galery-0\" title=\"\"><br \/>\n\t\t\t\t\t\t\t<img decoding=\"async\" width=\"360\" height=\"270\" src=\"https:\/\/autorai.nl\/wp-content\/uploads\/2023\/04\/ZEEKR-001-front-3_4-4-360x270.jpg\" class=\"attachment-small size-small\" alt=\"\" loading=\"lazy\"><i class=\"fa fa-search-plus\" aria-hidden=\"true\"><\/i><br \/>\n\t\t\t\t\t\t<\/span><br \/>\n\t\t\t\t\t<\/figure>\n<div class=\"clear\"><\/div>\n<\/div>\n","protected":false},"excerpt":{"rendered":"ZEEKR Die Geschichte von ZEEKR begann in China. Die Marke begann mit der Auslieferung ihres ersten Produkts, dem ZEEKR 001,&hellip;","protected":false},"author":0,"featured_media":134654,"comment_status":"","ping_status":"open","sticky":false,"template":"","format":"standard","meta":{"footnotes":""},"categories":[125,128],"tags":[],"class_list":["post-134681","post","type-post","status-publish","format-standard","has-post-thumbnail","hentry","category-auto-nachrichten","category-hintergrund"],"acf":[],"yoast_head":"<!-- This site is optimized with the Yoast SEO plugin v21.2 - https:\/\/yoast.com\/wordpress\/plugins\/seo\/ -->\n<title>Gr\u00fcnes Licht: ZEEKR kommt nach Europa, aber mit welchen Modellen? - All cars news<\/title>\n<meta name=\"robots\" content=\"index, follow, max-snippet:-1, max-image-preview:large, max-video-preview:-1\" \/>\n<link rel=\"canonical\" href=\"https:\/\/all-car-news.com\/de\/gruenes-licht-zeekr-kommt-nach-europa-aber-mit-welchen-modellen\/\" \/>\n<meta property=\"og:locale\" content=\"de_DE\" \/>\n<meta property=\"og:type\" content=\"article\" \/>\n<meta property=\"og:title\" content=\"Gr\u00fcnes Licht: ZEEKR kommt nach Europa, aber mit welchen Modellen? - All cars news\" \/>\n<meta property=\"og:description\" content=\"ZEEKR Die Geschichte von ZEEKR begann in China. Die Marke begann mit der Auslieferung ihres ersten Produkts, dem ZEEKR 001, im Oktober 2021 und mit der Auslieferung des ZEEKR 009 MPV im Januar 2023. Bis Ende M\u00e4rz 2023 hat ZEEKR bereits mehr als 93.000 Autos ausgeliefert. Aber welche Modelle werden nach Europa kommen? Am [...]\" \/>\n<meta property=\"og:url\" content=\"https:\/\/all-car-news.com\/de\/gruenes-licht-zeekr-kommt-nach-europa-aber-mit-welchen-modellen\/\" \/>\n<meta property=\"og:site_name\" content=\"All cars news\" \/>\n<meta property=\"article:published_time\" content=\"2023-04-19T12:18:47+00:00\" \/>\n<meta property=\"og:image\" content=\"https:\/\/autorai.nl\/wp-content\/uploads\/2023\/04\/ZEEKR-001-front-3_4-dynamic-1140x855.jpg\" \/>\n<meta name=\"twitter:card\" content=\"summary_large_image\" \/>\n<meta name=\"twitter:label1\" content=\"Gesch\u00e4tzte Lesezeit\" \/>\n\t<meta name=\"twitter:data1\" content=\"4\u00a0Minuten\" \/>\n<script type=\"application\/ld+json\" class=\"yoast-schema-graph\">{\"@context\":\"https:\/\/schema.org\",\"@graph\":[{\"@type\":\"Article\",\"@id\":\"https:\/\/all-car-news.com\/de\/gruenes-licht-zeekr-kommt-nach-europa-aber-mit-welchen-modellen\/#article\",\"isPartOf\":{\"@id\":\"https:\/\/all-car-news.com\/de\/gruenes-licht-zeekr-kommt-nach-europa-aber-mit-welchen-modellen\/\"},\"author\":{\"name\":\"\",\"@id\":\"\"},\"headline\":\"Gr\u00fcnes Licht: ZEEKR kommt nach Europa, aber mit welchen Modellen?\",\"datePublished\":\"2023-04-19T12:18:47+00:00\",\"dateModified\":\"2023-04-19T12:18:47+00:00\",\"mainEntityOfPage\":{\"@id\":\"https:\/\/all-car-news.com\/de\/gruenes-licht-zeekr-kommt-nach-europa-aber-mit-welchen-modellen\/\"},\"wordCount\":871,\"publisher\":{\"@id\":\"https:\/\/all-car-news.com\/de\/#organization\"},\"articleSection\":[\"Auto Nachrichten\",\"Hintergrund\"],\"inLanguage\":\"de\"},{\"@type\":\"WebPage\",\"@id\":\"https:\/\/all-car-news.com\/de\/gruenes-licht-zeekr-kommt-nach-europa-aber-mit-welchen-modellen\/\",\"url\":\"https:\/\/all-car-news.com\/de\/gruenes-licht-zeekr-kommt-nach-europa-aber-mit-welchen-modellen\/\",\"name\":\"Gr\u00fcnes Licht: ZEEKR kommt nach Europa, aber mit welchen Modellen? - All cars news\",\"isPartOf\":{\"@id\":\"https:\/\/all-car-news.com\/de\/#website\"},\"datePublished\":\"2023-04-19T12:18:47+00:00\",\"dateModified\":\"2023-04-19T12:18:47+00:00\",\"breadcrumb\":{\"@id\":\"https:\/\/all-car-news.com\/de\/gruenes-licht-zeekr-kommt-nach-europa-aber-mit-welchen-modellen\/#breadcrumb\"},\"inLanguage\":\"de\",\"potentialAction\":[{\"@type\":\"ReadAction\",\"target\":[\"https:\/\/all-car-news.com\/de\/gruenes-licht-zeekr-kommt-nach-europa-aber-mit-welchen-modellen\/\"]}]},{\"@type\":\"BreadcrumbList\",\"@id\":\"https:\/\/all-car-news.com\/de\/gruenes-licht-zeekr-kommt-nach-europa-aber-mit-welchen-modellen\/#breadcrumb\",\"itemListElement\":[{\"@type\":\"ListItem\",\"position\":1,\"name\":\"Home\",\"item\":\"https:\/\/all-car-news.com\/de\/\"},{\"@type\":\"ListItem\",\"position\":2,\"name\":\"Gr\u00fcnes Licht: ZEEKR kommt nach Europa, aber mit welchen Modellen?\"}]},{\"@type\":\"WebSite\",\"@id\":\"https:\/\/all-car-news.com\/de\/#website\",\"url\":\"https:\/\/all-car-news.com\/de\/\",\"name\":\"All cars news\",\"description\":\"\",\"publisher\":{\"@id\":\"https:\/\/all-car-news.com\/de\/#organization\"},\"potentialAction\":[{\"@type\":\"SearchAction\",\"target\":{\"@type\":\"EntryPoint\",\"urlTemplate\":\"https:\/\/all-car-news.com\/de\/?s={search_term_string}\"},\"query-input\":\"required name=search_term_string\"}],\"inLanguage\":\"de\"},{\"@type\":\"Organization\",\"@id\":\"https:\/\/all-car-news.com\/de\/#organization\",\"name\":\"All cars news\",\"url\":\"https:\/\/all-car-news.com\/de\/\",\"logo\":{\"@type\":\"ImageObject\",\"inLanguage\":\"de\",\"@id\":\"https:\/\/all-car-news.com\/de\/#\/schema\/logo\/image\/\",\"url\":\"https:\/\/all-car-news.com\/wp-content\/uploads\/2022\/02\/CMYK-AllCarNews_LANDSCAPE_300px-1.png\",\"contentUrl\":\"https:\/\/all-car-news.com\/wp-content\/uploads\/2022\/02\/CMYK-AllCarNews_LANDSCAPE_300px-1.png\",\"width\":300,\"height\":100,\"caption\":\"All cars news\"},\"image\":{\"@id\":\"https:\/\/all-car-news.com\/de\/#\/schema\/logo\/image\/\"}}]}<\/script>\n<!-- \/ Yoast SEO plugin. -->","yoast_head_json":{"title":"Gr\u00fcnes Licht: ZEEKR kommt nach Europa, aber mit welchen Modellen? - All cars news","robots":{"index":"index","follow":"follow","max-snippet":"max-snippet:-1","max-image-preview":"max-image-preview:large","max-video-preview":"max-video-preview:-1"},"canonical":"https:\/\/all-car-news.com\/de\/gruenes-licht-zeekr-kommt-nach-europa-aber-mit-welchen-modellen\/","og_locale":"de_DE","og_type":"article","og_title":"Gr\u00fcnes Licht: ZEEKR kommt nach Europa, aber mit welchen Modellen? - All cars news","og_description":"ZEEKR Die Geschichte von ZEEKR begann in China. Die Marke begann mit der Auslieferung ihres ersten Produkts, dem ZEEKR 001, im Oktober 2021 und mit der Auslieferung des ZEEKR 009 MPV im Januar 2023. Bis Ende M\u00e4rz 2023 hat ZEEKR bereits mehr als 93.000 Autos ausgeliefert. Aber welche Modelle werden nach Europa kommen? Am [...]","og_url":"https:\/\/all-car-news.com\/de\/gruenes-licht-zeekr-kommt-nach-europa-aber-mit-welchen-modellen\/","og_site_name":"All cars news","article_published_time":"2023-04-19T12:18:47+00:00","og_image":[{"url":"https:\/\/autorai.nl\/wp-content\/uploads\/2023\/04\/ZEEKR-001-front-3_4-dynamic-1140x855.jpg"}],"twitter_card":"summary_large_image","twitter_misc":{"Gesch\u00e4tzte Lesezeit":"4\u00a0Minuten"},"schema":{"@context":"https:\/\/schema.org","@graph":[{"@type":"Article","@id":"https:\/\/all-car-news.com\/de\/gruenes-licht-zeekr-kommt-nach-europa-aber-mit-welchen-modellen\/#article","isPartOf":{"@id":"https:\/\/all-car-news.com\/de\/gruenes-licht-zeekr-kommt-nach-europa-aber-mit-welchen-modellen\/"},"author":{"name":"","@id":""},"headline":"Gr\u00fcnes Licht: ZEEKR kommt nach Europa, aber mit welchen Modellen?","datePublished":"2023-04-19T12:18:47+00:00","dateModified":"2023-04-19T12:18:47+00:00","mainEntityOfPage":{"@id":"https:\/\/all-car-news.com\/de\/gruenes-licht-zeekr-kommt-nach-europa-aber-mit-welchen-modellen\/"},"wordCount":871,"publisher":{"@id":"https:\/\/all-car-news.com\/de\/#organization"},"articleSection":["Auto Nachrichten","Hintergrund"],"inLanguage":"de"},{"@type":"WebPage","@id":"https:\/\/all-car-news.com\/de\/gruenes-licht-zeekr-kommt-nach-europa-aber-mit-welchen-modellen\/","url":"https:\/\/all-car-news.com\/de\/gruenes-licht-zeekr-kommt-nach-europa-aber-mit-welchen-modellen\/","name":"Gr\u00fcnes Licht: ZEEKR kommt nach Europa, aber mit welchen Modellen? - All cars news","isPartOf":{"@id":"https:\/\/all-car-news.com\/de\/#website"},"datePublished":"2023-04-19T12:18:47+00:00","dateModified":"2023-04-19T12:18:47+00:00","breadcrumb":{"@id":"https:\/\/all-car-news.com\/de\/gruenes-licht-zeekr-kommt-nach-europa-aber-mit-welchen-modellen\/#breadcrumb"},"inLanguage":"de","potentialAction":[{"@type":"ReadAction","target":["https:\/\/all-car-news.com\/de\/gruenes-licht-zeekr-kommt-nach-europa-aber-mit-welchen-modellen\/"]}]},{"@type":"BreadcrumbList","@id":"https:\/\/all-car-news.com\/de\/gruenes-licht-zeekr-kommt-nach-europa-aber-mit-welchen-modellen\/#breadcrumb","itemListElement":[{"@type":"ListItem","position":1,"name":"Home","item":"https:\/\/all-car-news.com\/de\/"},{"@type":"ListItem","position":2,"name":"Gr\u00fcnes Licht: ZEEKR kommt nach Europa, aber mit welchen Modellen?"}]},{"@type":"WebSite","@id":"https:\/\/all-car-news.com\/de\/#website","url":"https:\/\/all-car-news.com\/de\/","name":"All cars news","description":"","publisher":{"@id":"https:\/\/all-car-news.com\/de\/#organization"},"potentialAction":[{"@type":"SearchAction","target":{"@type":"EntryPoint","urlTemplate":"https:\/\/all-car-news.com\/de\/?s={search_term_string}"},"query-input":"required name=search_term_string"}],"inLanguage":"de"},{"@type":"Organization","@id":"https:\/\/all-car-news.com\/de\/#organization","name":"All cars news","url":"https:\/\/all-car-news.com\/de\/","logo":{"@type":"ImageObject","inLanguage":"de","@id":"https:\/\/all-car-news.com\/de\/#\/schema\/logo\/image\/","url":"https:\/\/all-car-news.com\/wp-content\/uploads\/2022\/02\/CMYK-AllCarNews_LANDSCAPE_300px-1.png","contentUrl":"https:\/\/all-car-news.com\/wp-content\/uploads\/2022\/02\/CMYK-AllCarNews_LANDSCAPE_300px-1.png","width":300,"height":100,"caption":"All cars news"},"image":{"@id":"https:\/\/all-car-news.com\/de\/#\/schema\/logo\/image\/"}}]}},"_links":{"self":[{"href":"https:\/\/all-car-news.com\/de\/wp-json\/wp\/v2\/posts\/134681","targetHints":{"allow":["GET"]}}],"collection":[{"href":"https:\/\/all-car-news.com\/de\/wp-json\/wp\/v2\/posts"}],"about":[{"href":"https:\/\/all-car-news.com\/de\/wp-json\/wp\/v2\/types\/post"}],"replies":[{"embeddable":true,"href":"https:\/\/all-car-news.com\/de\/wp-json\/wp\/v2\/comments?post=134681"}],"version-history":[{"count":0,"href":"https:\/\/all-car-news.com\/de\/wp-json\/wp\/v2\/posts\/134681\/revisions"}],"wp:featuredmedia":[{"embeddable":true,"href":"https:\/\/all-car-news.com\/de\/wp-json\/wp\/v2\/media\/134654"}],"wp:attachment":[{"href":"https:\/\/all-car-news.com\/de\/wp-json\/wp\/v2\/media?parent=134681"}],"wp:term":[{"taxonomy":"category","embeddable":true,"href":"https:\/\/all-car-news.com\/de\/wp-json\/wp\/v2\/categories?post=134681"},{"taxonomy":"post_tag","embeddable":true,"href":"https:\/\/all-car-news.com\/de\/wp-json\/wp\/v2\/tags?post=134681"}],"curies":[{"name":"wp","href":"https:\/\/api.w.org\/{rel}","templated":true}]}}