{"id":134632,"date":"2023-04-18T09:40:53","date_gmt":"2023-04-18T09:40:53","guid":{"rendered":"https:\/\/all-car-news.com\/volkswagen-id-7-ist-ein-elektro-passat-mit-700-kilometern-reichweite\/"},"modified":"2023-04-18T09:40:53","modified_gmt":"2023-04-18T09:40:53","slug":"volkswagen-id-7-ist-ein-elektro-passat-mit-700-kilometern-reichweite","status":"publish","type":"post","link":"https:\/\/all-car-news.com\/de\/volkswagen-id-7-ist-ein-elektro-passat-mit-700-kilometern-reichweite\/","title":{"rendered":"Volkswagen ID.7 ist ein Elektro-Passat mit 700 Kilometern Reichweite"},"content":{"rendered":"<h2>Volkswagen ID.7<\/h2>\n<p>Volkswagen hat den Vorhang f\u00fcr sein f\u00fcnftes elektrisches Volkswagen Modell f\u00fcr den europ\u00e4ischen Markt gel\u00fcftet. Nach <a href=\"https:\/\/youtu.be\/A_hOCTs6sCE\">ID.3<\/a>, ID.4, ID.5 und ID.Buzz treffen wir nun auf ID.7. Wie der Rest der ID-Familie basiert auch der ID.7 auf der bekannten MEB-Plattform von Volkswagen. Der Antriebsstrang ist jedoch ein anderer. Er verf\u00fcgt \u00fcber einen v\u00f6llig neuen Elektromotor mit einer Leistung von 210 kW (286 PS) und 550 Nm. Der Motor verf\u00fcgt \u00fcber ein energiesparendes K\u00fchlsystem, das ohne eine elektrisch angetriebene \u00d6lpumpe auskommt. Das System kann sich selbst \u00fcber die Zahnr\u00e4der des Getriebes k\u00fchlen.<\/p>\n<figure class=\"wp-block-image size-content\"><img decoding=\"async\" loading=\"lazy\" width=\"1140\" height=\"836\" src=\"https:\/\/autorai.nl\/wp-content\/uploads\/2023\/04\/db2023au00209-1140x836.jpg\" alt=\"\" class=\"wp-image-156645\"><\/figure>\n<h2>Zwei Varianten<\/h2>\n<p>Das ID.7 gibt es in zwei Varianten: das ID.7 Pro und die ID.7 Pro S. Die ID.7 Pro verf\u00fcgt \u00fcber ein Batteriepaket mit einer Kapazit\u00e4t von 77 kWh, mit dem Sie rund 615 Kilometer weit fahren k\u00f6nnen. Das Akkupaket kann mit einer Leistung von 170 kW aufgeladen werden. Die ID.7 Der Pro S verf\u00fcgt \u00fcber ein gr\u00f6\u00dferes Batteriepaket mit einer Kapazit\u00e4t von 86 kWh und einer Schnellladef\u00e4higkeit von 200 kW, was eine Reichweite von rund 700 Kilometern erm\u00f6glicht.<\/p>\n<figure class=\"wp-block-image size-content\"><img decoding=\"async\" loading=\"lazy\" width=\"1140\" height=\"875\" src=\"https:\/\/autorai.nl\/wp-content\/uploads\/2023\/04\/db2023au00208-1140x875.jpg\" alt=\"\" class=\"wp-image-156646\"><\/figure>\n<h2>Ma\u00dfe<\/h2>\n<p>Der ID.7 ist 4,96 Meter lang, 1,86 Meter breit und 1,54 Meter breit. Mit einem Radstand von fast 3 Metern kann der ID.7 in Sachen Innenraum mit Autos des E-Segments mithalten, so die deutsche Marke. Das stromlinienf\u00f6rmige Design mit einer abfallenden, coup\u00e9haften Dachlinie tr\u00e4gt wesentlich zur Verbesserung der Effizienz bei. Der ID.7 hat einen niedrigen Luftwiderstandsbeiwert von nur 0,23. Die Front des Fahrzeugs ist weitgehend geschlossen und zwischen den Scheinwerfern und R\u00fcckleuchten finden sich LED-Leisten, typische Stilelemente der ID.-Familie.<\/p>\n<figure class=\"wp-block-image size-content\"><img decoding=\"async\" loading=\"lazy\" width=\"1140\" height=\"855\" src=\"https:\/\/autorai.nl\/wp-content\/uploads\/2023\/04\/db2023au00215-1140x855.jpg\" alt=\"\" class=\"wp-image-156647\"><\/figure>\n<h2>Neue Innenausstattung<\/h2>\n<p>Bei der Innenraumgestaltung geht Volkswagen mit dem ID.7 einen anderen Weg. Ein 15-Zoll-Infotainment-Bildschirm ist zentral und freistehend platziert und noch nicht von anderen ID-Modellen bekannt. Die beleuchteten Touch-Slider unterhalb des Bildschirms, mit denen sich die Lautst\u00e4rke und die Innentemperatur einstellen lassen, sind bereits bekannt. Der ID.7 ist der erste Volkswagen, der neben einem kompakten digitalen Kombiinstrument (ID.Display) hinter dem Lenkrad serienm\u00e4\u00dfig \u00fcber ein Augmented Reality Head-up-Display verf\u00fcgt. Als Sonderausstattung ist auch ein hochwertiges Harman Kardon-Audiosystem erh\u00e4ltlich.<\/p>\n<figure class=\"wp-block-image size-content\"><img decoding=\"async\" loading=\"lazy\" width=\"1140\" height=\"641\" src=\"https:\/\/autorai.nl\/wp-content\/uploads\/2023\/04\/db2023au00225-1140x641.jpg\" alt=\"\" class=\"wp-image-156648\"><\/figure>\n<h2>Markteinf\u00fchrung<\/h2>\n<p>Volkswagen wird den ID.7 in Emden, Deutschland, produzieren. Der Start in den Niederlanden ist f\u00fcr den kommenden Herbst geplant. Die Preise und genauen Spezifikationen werden vor der Markteinf\u00fchrung bekannt gegeben.<\/p>\n<p>Lesen Sie auch: <a href=\"https:\/\/autorai.nl\/eindelijk-meer-vermogen-voor-volkswagen-id-modellen\/\">GTI-Fans aufgepasst: Endlich mehr Leistung f\u00fcr Volkswagen ID-Modelle<\/a><\/p>\n<figure class=\"wp-block-embed is-type-wp-embed is-provider-autorai-nl wp-block-embed-autorai-nl\">\n<div class=\"wp-block-embed__wrapper\">\n<blockquote class=\"wp-embedded-content\" data-secret=\"1MeJkXfYoE\"><p><a href=\"https:\/\/autorai.nl\/eindelijk-meer-vermogen-voor-volkswagen-id-modellen\/\">GTI-Fans aufgepasst: Endlich mehr Leistung f\u00fcr Volkswagen ID-Modelle<\/a><\/p><\/blockquote>\n<\/div>\n<\/figure>\n<p> <a href=\"https:\/\/content.presspage.com\/uploads\/1397\/10356af3-69ac-4899-a89e-80027a4f1ffc\/800_db2023au00215.jpg?10000\"><\/a><\/p>\n","protected":false},"excerpt":{"rendered":"Volkswagen ID.7 Volkswagen hat den Vorhang f\u00fcr sein f\u00fcnftes elektrisches Volkswagen Modell f\u00fcr den europ\u00e4ischen Markt gel\u00fcftet. Nach ID.3, ID.4,&hellip;","protected":false},"author":0,"featured_media":134617,"comment_status":"","ping_status":"open","sticky":false,"template":"","format":"standard","meta":{"footnotes":""},"categories":[125],"tags":[],"class_list":["post-134632","post","type-post","status-publish","format-standard","has-post-thumbnail","hentry","category-auto-nachrichten"],"acf":[],"yoast_head":"<!-- This site is optimized with the Yoast SEO plugin v21.2 - https:\/\/yoast.com\/wordpress\/plugins\/seo\/ -->\n<title>Volkswagen ID.7 ist ein Elektro-Passat mit 700 Kilometern Reichweite - All cars news<\/title>\n<meta name=\"robots\" content=\"index, follow, max-snippet:-1, max-image-preview:large, max-video-preview:-1\" \/>\n<link rel=\"canonical\" href=\"https:\/\/all-car-news.com\/de\/volkswagen-id-7-ist-ein-elektro-passat-mit-700-kilometern-reichweite\/\" \/>\n<meta property=\"og:locale\" content=\"de_DE\" \/>\n<meta property=\"og:type\" content=\"article\" \/>\n<meta property=\"og:title\" content=\"Volkswagen ID.7 ist ein Elektro-Passat mit 700 Kilometern Reichweite - All cars news\" \/>\n<meta property=\"og:description\" content=\"Volkswagen ID.7 Volkswagen hat den Vorhang f\u00fcr sein f\u00fcnftes elektrisches Volkswagen Modell f\u00fcr den europ\u00e4ischen Markt gel\u00fcftet. Nach ID.3, ID.4, ID.5 und ID.Buzz treffen wir nun auf ID.7. Wie der Rest der ID-Familie basiert auch der ID.7 auf der bekannten MEB-Plattform von Volkswagen. Der Antriebsstrang ist jedoch ein anderer. Er hat einen [...]\" \/>\n<meta property=\"og:url\" content=\"https:\/\/all-car-news.com\/de\/volkswagen-id-7-ist-ein-elektro-passat-mit-700-kilometern-reichweite\/\" \/>\n<meta property=\"og:site_name\" content=\"All cars news\" \/>\n<meta property=\"article:published_time\" content=\"2023-04-18T09:40:53+00:00\" \/>\n<meta property=\"og:image\" content=\"https:\/\/autorai.nl\/wp-content\/uploads\/2023\/04\/db2023au00209-1140x836.jpg\" \/>\n<meta name=\"twitter:card\" content=\"summary_large_image\" \/>\n<meta name=\"twitter:label1\" content=\"Gesch\u00e4tzte Lesezeit\" \/>\n\t<meta name=\"twitter:data1\" content=\"2\u00a0Minuten\" \/>\n<script type=\"application\/ld+json\" class=\"yoast-schema-graph\">{\"@context\":\"https:\/\/schema.org\",\"@graph\":[{\"@type\":\"Article\",\"@id\":\"https:\/\/all-car-news.com\/de\/volkswagen-id-7-ist-ein-elektro-passat-mit-700-kilometern-reichweite\/#article\",\"isPartOf\":{\"@id\":\"https:\/\/all-car-news.com\/de\/volkswagen-id-7-ist-ein-elektro-passat-mit-700-kilometern-reichweite\/\"},\"author\":{\"name\":\"\",\"@id\":\"\"},\"headline\":\"Volkswagen ID.7 ist ein Elektro-Passat mit 700 Kilometern Reichweite\",\"datePublished\":\"2023-04-18T09:40:53+00:00\",\"dateModified\":\"2023-04-18T09:40:53+00:00\",\"mainEntityOfPage\":{\"@id\":\"https:\/\/all-car-news.com\/de\/volkswagen-id-7-ist-ein-elektro-passat-mit-700-kilometern-reichweite\/\"},\"wordCount\":410,\"publisher\":{\"@id\":\"https:\/\/all-car-news.com\/de\/#organization\"},\"articleSection\":[\"Auto Nachrichten\"],\"inLanguage\":\"de\"},{\"@type\":\"WebPage\",\"@id\":\"https:\/\/all-car-news.com\/de\/volkswagen-id-7-ist-ein-elektro-passat-mit-700-kilometern-reichweite\/\",\"url\":\"https:\/\/all-car-news.com\/de\/volkswagen-id-7-ist-ein-elektro-passat-mit-700-kilometern-reichweite\/\",\"name\":\"Volkswagen ID.7 ist ein Elektro-Passat mit 700 Kilometern Reichweite - All cars news\",\"isPartOf\":{\"@id\":\"https:\/\/all-car-news.com\/de\/#website\"},\"datePublished\":\"2023-04-18T09:40:53+00:00\",\"dateModified\":\"2023-04-18T09:40:53+00:00\",\"breadcrumb\":{\"@id\":\"https:\/\/all-car-news.com\/de\/volkswagen-id-7-ist-ein-elektro-passat-mit-700-kilometern-reichweite\/#breadcrumb\"},\"inLanguage\":\"de\",\"potentialAction\":[{\"@type\":\"ReadAction\",\"target\":[\"https:\/\/all-car-news.com\/de\/volkswagen-id-7-ist-ein-elektro-passat-mit-700-kilometern-reichweite\/\"]}]},{\"@type\":\"BreadcrumbList\",\"@id\":\"https:\/\/all-car-news.com\/de\/volkswagen-id-7-ist-ein-elektro-passat-mit-700-kilometern-reichweite\/#breadcrumb\",\"itemListElement\":[{\"@type\":\"ListItem\",\"position\":1,\"name\":\"Home\",\"item\":\"https:\/\/all-car-news.com\/de\/\"},{\"@type\":\"ListItem\",\"position\":2,\"name\":\"Volkswagen ID.7 ist ein Elektro-Passat mit 700 Kilometern Reichweite\"}]},{\"@type\":\"WebSite\",\"@id\":\"https:\/\/all-car-news.com\/de\/#website\",\"url\":\"https:\/\/all-car-news.com\/de\/\",\"name\":\"All cars news\",\"description\":\"\",\"publisher\":{\"@id\":\"https:\/\/all-car-news.com\/de\/#organization\"},\"potentialAction\":[{\"@type\":\"SearchAction\",\"target\":{\"@type\":\"EntryPoint\",\"urlTemplate\":\"https:\/\/all-car-news.com\/de\/?s={search_term_string}\"},\"query-input\":\"required name=search_term_string\"}],\"inLanguage\":\"de\"},{\"@type\":\"Organization\",\"@id\":\"https:\/\/all-car-news.com\/de\/#organization\",\"name\":\"All cars news\",\"url\":\"https:\/\/all-car-news.com\/de\/\",\"logo\":{\"@type\":\"ImageObject\",\"inLanguage\":\"de\",\"@id\":\"https:\/\/all-car-news.com\/de\/#\/schema\/logo\/image\/\",\"url\":\"https:\/\/all-car-news.com\/wp-content\/uploads\/2022\/02\/CMYK-AllCarNews_LANDSCAPE_300px-1.png\",\"contentUrl\":\"https:\/\/all-car-news.com\/wp-content\/uploads\/2022\/02\/CMYK-AllCarNews_LANDSCAPE_300px-1.png\",\"width\":300,\"height\":100,\"caption\":\"All cars news\"},\"image\":{\"@id\":\"https:\/\/all-car-news.com\/de\/#\/schema\/logo\/image\/\"}}]}<\/script>\n<!-- \/ Yoast SEO plugin. -->","yoast_head_json":{"title":"Volkswagen ID.7 ist ein Elektro-Passat mit 700 Kilometern Reichweite - All cars news","robots":{"index":"index","follow":"follow","max-snippet":"max-snippet:-1","max-image-preview":"max-image-preview:large","max-video-preview":"max-video-preview:-1"},"canonical":"https:\/\/all-car-news.com\/de\/volkswagen-id-7-ist-ein-elektro-passat-mit-700-kilometern-reichweite\/","og_locale":"de_DE","og_type":"article","og_title":"Volkswagen ID.7 ist ein Elektro-Passat mit 700 Kilometern Reichweite - All cars news","og_description":"Volkswagen ID.7 Volkswagen hat den Vorhang f\u00fcr sein f\u00fcnftes elektrisches Volkswagen Modell f\u00fcr den europ\u00e4ischen Markt gel\u00fcftet. Nach ID.3, ID.4, ID.5 und ID.Buzz treffen wir nun auf ID.7. Wie der Rest der ID-Familie basiert auch der ID.7 auf der bekannten MEB-Plattform von Volkswagen. Der Antriebsstrang ist jedoch ein anderer. Er hat einen [...]","og_url":"https:\/\/all-car-news.com\/de\/volkswagen-id-7-ist-ein-elektro-passat-mit-700-kilometern-reichweite\/","og_site_name":"All cars news","article_published_time":"2023-04-18T09:40:53+00:00","og_image":[{"url":"https:\/\/autorai.nl\/wp-content\/uploads\/2023\/04\/db2023au00209-1140x836.jpg"}],"twitter_card":"summary_large_image","twitter_misc":{"Gesch\u00e4tzte Lesezeit":"2\u00a0Minuten"},"schema":{"@context":"https:\/\/schema.org","@graph":[{"@type":"Article","@id":"https:\/\/all-car-news.com\/de\/volkswagen-id-7-ist-ein-elektro-passat-mit-700-kilometern-reichweite\/#article","isPartOf":{"@id":"https:\/\/all-car-news.com\/de\/volkswagen-id-7-ist-ein-elektro-passat-mit-700-kilometern-reichweite\/"},"author":{"name":"","@id":""},"headline":"Volkswagen ID.7 ist ein Elektro-Passat mit 700 Kilometern Reichweite","datePublished":"2023-04-18T09:40:53+00:00","dateModified":"2023-04-18T09:40:53+00:00","mainEntityOfPage":{"@id":"https:\/\/all-car-news.com\/de\/volkswagen-id-7-ist-ein-elektro-passat-mit-700-kilometern-reichweite\/"},"wordCount":410,"publisher":{"@id":"https:\/\/all-car-news.com\/de\/#organization"},"articleSection":["Auto Nachrichten"],"inLanguage":"de"},{"@type":"WebPage","@id":"https:\/\/all-car-news.com\/de\/volkswagen-id-7-ist-ein-elektro-passat-mit-700-kilometern-reichweite\/","url":"https:\/\/all-car-news.com\/de\/volkswagen-id-7-ist-ein-elektro-passat-mit-700-kilometern-reichweite\/","name":"Volkswagen ID.7 ist ein Elektro-Passat mit 700 Kilometern Reichweite - All cars news","isPartOf":{"@id":"https:\/\/all-car-news.com\/de\/#website"},"datePublished":"2023-04-18T09:40:53+00:00","dateModified":"2023-04-18T09:40:53+00:00","breadcrumb":{"@id":"https:\/\/all-car-news.com\/de\/volkswagen-id-7-ist-ein-elektro-passat-mit-700-kilometern-reichweite\/#breadcrumb"},"inLanguage":"de","potentialAction":[{"@type":"ReadAction","target":["https:\/\/all-car-news.com\/de\/volkswagen-id-7-ist-ein-elektro-passat-mit-700-kilometern-reichweite\/"]}]},{"@type":"BreadcrumbList","@id":"https:\/\/all-car-news.com\/de\/volkswagen-id-7-ist-ein-elektro-passat-mit-700-kilometern-reichweite\/#breadcrumb","itemListElement":[{"@type":"ListItem","position":1,"name":"Home","item":"https:\/\/all-car-news.com\/de\/"},{"@type":"ListItem","position":2,"name":"Volkswagen ID.7 ist ein Elektro-Passat mit 700 Kilometern Reichweite"}]},{"@type":"WebSite","@id":"https:\/\/all-car-news.com\/de\/#website","url":"https:\/\/all-car-news.com\/de\/","name":"All cars news","description":"","publisher":{"@id":"https:\/\/all-car-news.com\/de\/#organization"},"potentialAction":[{"@type":"SearchAction","target":{"@type":"EntryPoint","urlTemplate":"https:\/\/all-car-news.com\/de\/?s={search_term_string}"},"query-input":"required name=search_term_string"}],"inLanguage":"de"},{"@type":"Organization","@id":"https:\/\/all-car-news.com\/de\/#organization","name":"All cars news","url":"https:\/\/all-car-news.com\/de\/","logo":{"@type":"ImageObject","inLanguage":"de","@id":"https:\/\/all-car-news.com\/de\/#\/schema\/logo\/image\/","url":"https:\/\/all-car-news.com\/wp-content\/uploads\/2022\/02\/CMYK-AllCarNews_LANDSCAPE_300px-1.png","contentUrl":"https:\/\/all-car-news.com\/wp-content\/uploads\/2022\/02\/CMYK-AllCarNews_LANDSCAPE_300px-1.png","width":300,"height":100,"caption":"All cars news"},"image":{"@id":"https:\/\/all-car-news.com\/de\/#\/schema\/logo\/image\/"}}]}},"_links":{"self":[{"href":"https:\/\/all-car-news.com\/de\/wp-json\/wp\/v2\/posts\/134632","targetHints":{"allow":["GET"]}}],"collection":[{"href":"https:\/\/all-car-news.com\/de\/wp-json\/wp\/v2\/posts"}],"about":[{"href":"https:\/\/all-car-news.com\/de\/wp-json\/wp\/v2\/types\/post"}],"replies":[{"embeddable":true,"href":"https:\/\/all-car-news.com\/de\/wp-json\/wp\/v2\/comments?post=134632"}],"version-history":[{"count":0,"href":"https:\/\/all-car-news.com\/de\/wp-json\/wp\/v2\/posts\/134632\/revisions"}],"wp:featuredmedia":[{"embeddable":true,"href":"https:\/\/all-car-news.com\/de\/wp-json\/wp\/v2\/media\/134617"}],"wp:attachment":[{"href":"https:\/\/all-car-news.com\/de\/wp-json\/wp\/v2\/media?parent=134632"}],"wp:term":[{"taxonomy":"category","embeddable":true,"href":"https:\/\/all-car-news.com\/de\/wp-json\/wp\/v2\/categories?post=134632"},{"taxonomy":"post_tag","embeddable":true,"href":"https:\/\/all-car-news.com\/de\/wp-json\/wp\/v2\/tags?post=134632"}],"curies":[{"name":"wp","href":"https:\/\/api.w.org\/{rel}","templated":true}]}}