{"id":134536,"date":"2023-04-15T15:59:00","date_gmt":"2023-04-15T15:59:00","guid":{"rendered":"https:\/\/all-car-news.com\/volkswagen-passat-blaest-50-kerzen-aus\/"},"modified":"2023-04-15T15:59:00","modified_gmt":"2023-04-15T15:59:00","slug":"volkswagen-passat-blaest-50-kerzen-aus","status":"publish","type":"post","link":"https:\/\/all-car-news.com\/de\/volkswagen-passat-blaest-50-kerzen-aus\/","title":{"rendered":"Volkswagen Passat bl\u00e4st 50 Kerzen aus"},"content":{"rendered":"<h2>Die Erfolgsgeschichte<\/h2>\n<p>Mit mehr als 30 Millionen verkauften Fahrzeugen ist der Passat nach dem Golf und dem K\u00e4fer eines der meistverkauften Autos des VW-Konzerns. In diesem Jahr l\u00fcftet Volkswagen den Vorhang f\u00fcr die brandneue, neunte Generation, doch alles begann vor 50 Jahren mit dem B1.  <\/p>\n<p><strong>Passat B1 (1973-1980)<\/strong><\/p>\n<p>Hatte Volkswagen lange Zeit auf den bew\u00e4hrten, aber veralteten luftgek\u00fchlten Boxermotor im Heck gesetzt, so ging man ab 1973 mit dem Passat mit wassergek\u00fchlter Technik, Frontantrieb und moderner Optik einen v\u00f6llig anderen Weg. Der Passat war als Nachfolger des Volkswagen Typ 3 gedacht und wurde als Familienauto positioniert, das mehr Platz und Luxus bot als die luftgek\u00fchlten Modelle und der sp\u00e4tere Golf.  <\/p>\n<figure class=\"wp-block-image size-content\"><img decoding=\"async\" loading=\"lazy\" width=\"1140\" height=\"760\" src=\"https:\/\/autorai.nl\/wp-content\/uploads\/2023\/04\/passatb16-1140x760.jpg\" alt=\"\" class=\"wp-image-156398\"><\/figure>\n<p>Der kantige Passat markiert in Sachen Design einen markanten Bruch mit seinen luftgek\u00fchlten, runden Vorg\u00e4ngern. Verantwortlich f\u00fcr die neue Formensprache war der italienische Autodesigner Giorgetto Giugiaro. Nachdem sein urspr\u00fcnglicher Entwurf, der EA 272, aus Kostengr\u00fcnden verworfen wurde, entwickelte Giugiaro ein neues Modell auf der Basis des Audi 80 B1. W\u00e4hrend der neue Mittelklassewagen von Volkswagen auf dem Audi basierte, bei dem es sich um eine traditionelle Limousine handelte, erhielt der Passat ein abfallendes Heck. Der Passat war eines der ersten Autos, das im Windkanal entwickelt wurde. Zu Giugiaros Kreationen geh\u00f6ren auch der erste Scirocco und der ikonische Golf I, Modelle, die 1974 von Volkswagen eingef\u00fchrt wurden.  <\/p>\n<figure class=\"wp-block-image size-content\"><img decoding=\"async\" loading=\"lazy\" width=\"1140\" height=\"760\" src=\"https:\/\/autorai.nl\/wp-content\/uploads\/2023\/04\/passatb17-1140x760.jpg\" alt=\"\" class=\"wp-image-156399\"><\/figure>\n<p>Der Volkswagen Passat deb\u00fctierte auf dem Genfer Automobilsalon 1973 als zweit\u00fcrige und viert\u00fcrige Schr\u00e4ghecklimousine. Der Passat Variant folgte im Januar 1974. Als der Passat zum ersten Mal vorgestellt wurde, gab es einige Verwirrung um seinen Namen. In Deutschland war das Auto als Passat bekannt, aber in anderen L\u00e4ndern &#8211; wie den Vereinigten Staaten &#8211; wurde es als Dasher verkauft.<\/p>\n<figure class=\"wp-block-image size-content\"><img decoding=\"async\" loading=\"lazy\" width=\"1140\" height=\"810\" src=\"https:\/\/autorai.nl\/wp-content\/uploads\/2023\/04\/passatb11-1140x810.jpg\" alt=\"\" class=\"wp-image-156400\"><\/figure>\n<p>Drei Benzinmotoren mit bis zu 85 PS sorgten f\u00fcr eine H\u00f6chstgeschwindigkeit von fast 170 Stundenkilometern. Die erste Generation, die Volkswagen bis Oktober 1980 baute, wurde innerhalb der siebenj\u00e4hrigen Bauzeit um f\u00fcnf weitere Motorvarianten erweitert. Der st\u00e4rkste im Bunde war der 1,6-Liter-Benzinmotor aus dem GLI, den er sich mit dem ersten Golf GTI mit 110 PS teilte. Neben Benzinmotoren lieferte Volkswagen im Passat ab 1978 erstmals auch einen Dieselmotor. Der 1,5-Liter-Diesel leistete 50 PS und verbrauchte 7,5 Liter auf 100 Kilometer. Er brauchte satte 21 Sekunden, um 100 km\/h zu erreichen. Dennoch war die Dieselversion bei Vielfahrern \u00e4u\u00dferst beliebt.<\/p>\n<h2><strong>Passat B2 (1980-1988)<\/strong><\/h2>\n<p>Moderne Technologien und mehr Effizienz: Der Passat B2 wurde im Oktober 1980 eingef\u00fchrt. Diese zweite Generation, die unter anderem in Emden und Wolfsburg vom Band lief, war deutlich gr\u00f6\u00dfer als ihr relativ bescheidener Vorg\u00e4nger. Obwohl der Passat B2 einige markante Stilelemente des B1 von Giugiaro beibehielt, erhielt er ein kleines Facelifting, das ihn moderner und raffinierter aussehen lie\u00df. Der Passat B2 wurde als Schr\u00e4gheck-Limousine und als f\u00fcnft\u00fcrige Variante angeboten. Der B2 war eines der ersten Autos, das mit Hilfe der CAD-Technologie (Computer Aided Design) entwickelt wurde. Dadurch konnte Volkswagen die Produktion beschleunigen und die Qualit\u00e4t der Fahrzeuge steigern. Er war auch der erste Volkswagen, der die modulare Plattformarchitektur A2 des Volkswagen-Konzerns nutzte, eine modulare Plattform f\u00fcr frontgetriebene Autos, die sp\u00e4ter auch f\u00fcr andere Volkswagen-Modelle &#8211; wie den Golf, Jetta, Scirocco und Corrado &#8211; und zum Beispiel f\u00fcr den Audi 80 und 90 verwendet wurde.<\/p>\n<figure class=\"wp-block-image size-content\"><img decoding=\"async\" loading=\"lazy\" width=\"1140\" height=\"760\" src=\"https:\/\/autorai.nl\/wp-content\/uploads\/2023\/04\/passatb23-1140x760.jpg\" alt=\"\" class=\"wp-image-156401\"><\/figure>\n<figure class=\"wp-block-gallery has-nested-images columns-default is-cropped\">\n<figure class=\"wp-block-image size-large\"><img decoding=\"async\" loading=\"lazy\" width=\"1140\" height=\"825\" data-id=\"156403\" src=\"https:\/\/autorai.nl\/wp-content\/uploads\/2023\/04\/passatb26-1140x825.jpg\" alt=\"\" class=\"wp-image-156403\"><\/figure>\n<figure class=\"wp-block-image size-large\"><img decoding=\"async\" loading=\"lazy\" width=\"1140\" height=\"829\" data-id=\"156402\" src=\"https:\/\/autorai.nl\/wp-content\/uploads\/2023\/04\/passatb25-1140x829.jpg\" alt=\"\" class=\"wp-image-156402\"><\/figure>\n<\/figure>\n<p>W\u00e4hrend der achtj\u00e4hrigen Produktionsphase standen Benzinmotoren mit einer Leistung von 55 bis 140 PS und Dieselmotoren mit 55 bis 80 PS zur Verf\u00fcgung. In Kombination mit dem 55 kW (75 PS) starken 1,6-Liter-Motor wurde der Passat B2 zun\u00e4chst auch als Formel-E-Version angeboten. Die Formel E von Volkswagen hatte alle m\u00f6glichen Innovationen, die heute ganz normal sind, wie zum Beispiel ein Start-Stopp-System. Ab 1984 f\u00fchrte Volkswagen mit dem Passat Variant GT syncro den Allradantrieb in der Passat-Modellfamilie ein. Es war der erste zaghafte Versuch, einen Kombi-Crossover auf die R\u00e4der zu stellen.<\/p>\n<\/p>\n<h2><strong>Passat B3 (1988-1993)<\/strong><\/h2>\n<p>Mit der dritten Generation des Passat, die Volkswagen 1988 einf\u00fchrte, endete die kantige Formensprache des B1 und B2. Der Designer Herbert Sch\u00e4fer wollte ein Auto, das nicht nur stilvoll und elegant, sondern auch funktionell und praktisch ist. Das Ergebnis war ein Passat mit einem schlanken Design und einem ger\u00e4umigen Innenraum. Die Formen des B3 waren weicher und runder; das Modell hatte keinen sichtbaren K\u00fchlergrill mehr, was ihm den Spitznamen &#8222;Nasenb\u00e4r&#8220; einbrachte. Das Fehlen des K\u00fchlergrills wurde \u00fcbrigens nur von Sch\u00e4fer verstanden, so dass diese Entscheidung in der n\u00e4chsten Generation revidiert wurde.<\/p>\n<figure class=\"wp-block-image size-content\"><img decoding=\"async\" loading=\"lazy\" width=\"1140\" height=\"760\" src=\"https:\/\/autorai.nl\/wp-content\/uploads\/2023\/04\/passatb31-1140x760.jpg\" alt=\"\" class=\"wp-image-156404\"><figcaption> <\/figcaption><\/figure>\n<p>Der Passat B3 war der erste Volkswagen, der serienm\u00e4\u00dfig mit Airbags ausgestattet war, was damals eine bedeutende Sicherheitsinnovation darstellte. Neu war auch die Servolenkung Servotronic&#8220;. Dieses System passt die Servolenkung automatisch an die Fahrgeschwindigkeit an und sorgt so f\u00fcr ein sanftes und reaktionsschnelles Fahrgef\u00fchl.<\/p>\n<figure class=\"wp-block-image size-content\"><img decoding=\"async\" loading=\"lazy\" width=\"1140\" height=\"1094\" src=\"https:\/\/autorai.nl\/wp-content\/uploads\/2023\/04\/passatb35-1140x1094.jpg\" alt=\"\" class=\"wp-image-156405\"><\/figure>\n<p>Die Quermotoren (ab 72 PS) waren leistungsstark. Aber es geht immer noch st\u00e4rker, wie der von Volkswagen im Fr\u00fchjahr 1991 vorgestellte VR6 beweist. Ein 2,8-Liter-Hubraum, sechs Zylinder und 174 PS Leistung sorgten f\u00fcr eine H\u00f6chstgeschwindigkeit von 224 Stundenkilometern. Das Topmodell dieser Generation ist derzeit neben dem Passat G60 mit 160 PS starkem 1,8-Liter-Motor und dem Allradantrieb syncro ein sehr gefragter Youngtimer. Insgesamt wurden bis Oktober 1993 mehr als sechs Millionen Passats verkauft.<\/p>\n<p>Lesen Sie auch:<\/p>\n<figure class=\"wp-block-embed is-type-wp-embed is-provider-autorai-nl wp-block-embed-autorai-nl\">\n<div class=\"wp-block-embed__wrapper\">\n<blockquote class=\"wp-embedded-content\" data-secret=\"349sU8cArw\"><p><a href=\"https:\/\/autorai.nl\/waarom-ook-niet-volkswagen-jetta-met-suicide-doors\/\">Warum nicht auch: Volkswagen Jetta mit &#8222;Selbstmordt\u00fcren<\/a><\/p><\/blockquote>\n<\/div>\n<\/figure>\n","protected":false},"excerpt":{"rendered":"Erfolgsgeschichte Mit mehr als 30 Millionen verkauften Fahrzeugen ist der Passat nach dem Golf und dem K\u00e4fer eines der meistverkauften&hellip;","protected":false},"author":0,"featured_media":134525,"comment_status":"","ping_status":"open","sticky":false,"template":"","format":"standard","meta":{"footnotes":""},"categories":[128],"tags":[],"class_list":["post-134536","post","type-post","status-publish","format-standard","has-post-thumbnail","hentry","category-hintergrund"],"acf":[],"yoast_head":"<!-- This site is optimized with the Yoast SEO plugin v21.2 - https:\/\/yoast.com\/wordpress\/plugins\/seo\/ -->\n<title>Volkswagen Passat bl\u00e4st 50 Kerzen aus - All cars news<\/title>\n<meta name=\"robots\" content=\"index, follow, max-snippet:-1, max-image-preview:large, max-video-preview:-1\" \/>\n<link rel=\"canonical\" href=\"https:\/\/all-car-news.com\/de\/volkswagen-passat-blaest-50-kerzen-aus\/\" \/>\n<meta property=\"og:locale\" content=\"de_DE\" \/>\n<meta property=\"og:type\" content=\"article\" \/>\n<meta property=\"og:title\" content=\"Volkswagen Passat bl\u00e4st 50 Kerzen aus - All cars news\" \/>\n<meta property=\"og:description\" content=\"Erfolgsgeschichte Mit mehr als 30 Millionen verkauften Fahrzeugen ist der Passat nach dem Golf und dem K\u00e4fer eines der meistverkauften Autos des VW-Konzerns. In diesem Jahr l\u00fcftet Volkswagen den Vorhang f\u00fcr die brandneue, neunte Generation, doch alles begann vor 50 Jahren mit dem B1. Passat B1 (1973-1980) Volkswagen hatte sich lange auf [...]\" \/>\n<meta property=\"og:url\" content=\"https:\/\/all-car-news.com\/de\/volkswagen-passat-blaest-50-kerzen-aus\/\" \/>\n<meta property=\"og:site_name\" content=\"All cars news\" \/>\n<meta property=\"article:published_time\" content=\"2023-04-15T15:59:00+00:00\" \/>\n<meta property=\"og:image\" content=\"https:\/\/autorai.nl\/wp-content\/uploads\/2023\/04\/passatb16-1140x760.jpg\" \/>\n<meta name=\"twitter:card\" content=\"summary_large_image\" \/>\n<meta name=\"twitter:label1\" content=\"Gesch\u00e4tzte Lesezeit\" \/>\n\t<meta name=\"twitter:data1\" content=\"4\u00a0Minuten\" \/>\n<script type=\"application\/ld+json\" class=\"yoast-schema-graph\">{\"@context\":\"https:\/\/schema.org\",\"@graph\":[{\"@type\":\"Article\",\"@id\":\"https:\/\/all-car-news.com\/de\/volkswagen-passat-blaest-50-kerzen-aus\/#article\",\"isPartOf\":{\"@id\":\"https:\/\/all-car-news.com\/de\/volkswagen-passat-blaest-50-kerzen-aus\/\"},\"author\":{\"name\":\"\",\"@id\":\"\"},\"headline\":\"Volkswagen Passat bl\u00e4st 50 Kerzen aus\",\"datePublished\":\"2023-04-15T15:59:00+00:00\",\"dateModified\":\"2023-04-15T15:59:00+00:00\",\"mainEntityOfPage\":{\"@id\":\"https:\/\/all-car-news.com\/de\/volkswagen-passat-blaest-50-kerzen-aus\/\"},\"wordCount\":863,\"publisher\":{\"@id\":\"https:\/\/all-car-news.com\/de\/#organization\"},\"articleSection\":[\"Hintergrund\"],\"inLanguage\":\"de\"},{\"@type\":\"WebPage\",\"@id\":\"https:\/\/all-car-news.com\/de\/volkswagen-passat-blaest-50-kerzen-aus\/\",\"url\":\"https:\/\/all-car-news.com\/de\/volkswagen-passat-blaest-50-kerzen-aus\/\",\"name\":\"Volkswagen Passat bl\u00e4st 50 Kerzen aus - All cars news\",\"isPartOf\":{\"@id\":\"https:\/\/all-car-news.com\/de\/#website\"},\"datePublished\":\"2023-04-15T15:59:00+00:00\",\"dateModified\":\"2023-04-15T15:59:00+00:00\",\"breadcrumb\":{\"@id\":\"https:\/\/all-car-news.com\/de\/volkswagen-passat-blaest-50-kerzen-aus\/#breadcrumb\"},\"inLanguage\":\"de\",\"potentialAction\":[{\"@type\":\"ReadAction\",\"target\":[\"https:\/\/all-car-news.com\/de\/volkswagen-passat-blaest-50-kerzen-aus\/\"]}]},{\"@type\":\"BreadcrumbList\",\"@id\":\"https:\/\/all-car-news.com\/de\/volkswagen-passat-blaest-50-kerzen-aus\/#breadcrumb\",\"itemListElement\":[{\"@type\":\"ListItem\",\"position\":1,\"name\":\"Home\",\"item\":\"https:\/\/all-car-news.com\/de\/\"},{\"@type\":\"ListItem\",\"position\":2,\"name\":\"Volkswagen Passat bl\u00e4st 50 Kerzen aus\"}]},{\"@type\":\"WebSite\",\"@id\":\"https:\/\/all-car-news.com\/de\/#website\",\"url\":\"https:\/\/all-car-news.com\/de\/\",\"name\":\"All cars news\",\"description\":\"\",\"publisher\":{\"@id\":\"https:\/\/all-car-news.com\/de\/#organization\"},\"potentialAction\":[{\"@type\":\"SearchAction\",\"target\":{\"@type\":\"EntryPoint\",\"urlTemplate\":\"https:\/\/all-car-news.com\/de\/?s={search_term_string}\"},\"query-input\":\"required name=search_term_string\"}],\"inLanguage\":\"de\"},{\"@type\":\"Organization\",\"@id\":\"https:\/\/all-car-news.com\/de\/#organization\",\"name\":\"All cars news\",\"url\":\"https:\/\/all-car-news.com\/de\/\",\"logo\":{\"@type\":\"ImageObject\",\"inLanguage\":\"de\",\"@id\":\"https:\/\/all-car-news.com\/de\/#\/schema\/logo\/image\/\",\"url\":\"https:\/\/all-car-news.com\/wp-content\/uploads\/2022\/02\/CMYK-AllCarNews_LANDSCAPE_300px-1.png\",\"contentUrl\":\"https:\/\/all-car-news.com\/wp-content\/uploads\/2022\/02\/CMYK-AllCarNews_LANDSCAPE_300px-1.png\",\"width\":300,\"height\":100,\"caption\":\"All cars news\"},\"image\":{\"@id\":\"https:\/\/all-car-news.com\/de\/#\/schema\/logo\/image\/\"}}]}<\/script>\n<!-- \/ Yoast SEO plugin. -->","yoast_head_json":{"title":"Volkswagen Passat bl\u00e4st 50 Kerzen aus - All cars news","robots":{"index":"index","follow":"follow","max-snippet":"max-snippet:-1","max-image-preview":"max-image-preview:large","max-video-preview":"max-video-preview:-1"},"canonical":"https:\/\/all-car-news.com\/de\/volkswagen-passat-blaest-50-kerzen-aus\/","og_locale":"de_DE","og_type":"article","og_title":"Volkswagen Passat bl\u00e4st 50 Kerzen aus - All cars news","og_description":"Erfolgsgeschichte Mit mehr als 30 Millionen verkauften Fahrzeugen ist der Passat nach dem Golf und dem K\u00e4fer eines der meistverkauften Autos des VW-Konzerns. In diesem Jahr l\u00fcftet Volkswagen den Vorhang f\u00fcr die brandneue, neunte Generation, doch alles begann vor 50 Jahren mit dem B1. Passat B1 (1973-1980) Volkswagen hatte sich lange auf [...]","og_url":"https:\/\/all-car-news.com\/de\/volkswagen-passat-blaest-50-kerzen-aus\/","og_site_name":"All cars news","article_published_time":"2023-04-15T15:59:00+00:00","og_image":[{"url":"https:\/\/autorai.nl\/wp-content\/uploads\/2023\/04\/passatb16-1140x760.jpg"}],"twitter_card":"summary_large_image","twitter_misc":{"Gesch\u00e4tzte Lesezeit":"4\u00a0Minuten"},"schema":{"@context":"https:\/\/schema.org","@graph":[{"@type":"Article","@id":"https:\/\/all-car-news.com\/de\/volkswagen-passat-blaest-50-kerzen-aus\/#article","isPartOf":{"@id":"https:\/\/all-car-news.com\/de\/volkswagen-passat-blaest-50-kerzen-aus\/"},"author":{"name":"","@id":""},"headline":"Volkswagen Passat bl\u00e4st 50 Kerzen aus","datePublished":"2023-04-15T15:59:00+00:00","dateModified":"2023-04-15T15:59:00+00:00","mainEntityOfPage":{"@id":"https:\/\/all-car-news.com\/de\/volkswagen-passat-blaest-50-kerzen-aus\/"},"wordCount":863,"publisher":{"@id":"https:\/\/all-car-news.com\/de\/#organization"},"articleSection":["Hintergrund"],"inLanguage":"de"},{"@type":"WebPage","@id":"https:\/\/all-car-news.com\/de\/volkswagen-passat-blaest-50-kerzen-aus\/","url":"https:\/\/all-car-news.com\/de\/volkswagen-passat-blaest-50-kerzen-aus\/","name":"Volkswagen Passat bl\u00e4st 50 Kerzen aus - All cars news","isPartOf":{"@id":"https:\/\/all-car-news.com\/de\/#website"},"datePublished":"2023-04-15T15:59:00+00:00","dateModified":"2023-04-15T15:59:00+00:00","breadcrumb":{"@id":"https:\/\/all-car-news.com\/de\/volkswagen-passat-blaest-50-kerzen-aus\/#breadcrumb"},"inLanguage":"de","potentialAction":[{"@type":"ReadAction","target":["https:\/\/all-car-news.com\/de\/volkswagen-passat-blaest-50-kerzen-aus\/"]}]},{"@type":"BreadcrumbList","@id":"https:\/\/all-car-news.com\/de\/volkswagen-passat-blaest-50-kerzen-aus\/#breadcrumb","itemListElement":[{"@type":"ListItem","position":1,"name":"Home","item":"https:\/\/all-car-news.com\/de\/"},{"@type":"ListItem","position":2,"name":"Volkswagen Passat bl\u00e4st 50 Kerzen aus"}]},{"@type":"WebSite","@id":"https:\/\/all-car-news.com\/de\/#website","url":"https:\/\/all-car-news.com\/de\/","name":"All cars news","description":"","publisher":{"@id":"https:\/\/all-car-news.com\/de\/#organization"},"potentialAction":[{"@type":"SearchAction","target":{"@type":"EntryPoint","urlTemplate":"https:\/\/all-car-news.com\/de\/?s={search_term_string}"},"query-input":"required name=search_term_string"}],"inLanguage":"de"},{"@type":"Organization","@id":"https:\/\/all-car-news.com\/de\/#organization","name":"All cars news","url":"https:\/\/all-car-news.com\/de\/","logo":{"@type":"ImageObject","inLanguage":"de","@id":"https:\/\/all-car-news.com\/de\/#\/schema\/logo\/image\/","url":"https:\/\/all-car-news.com\/wp-content\/uploads\/2022\/02\/CMYK-AllCarNews_LANDSCAPE_300px-1.png","contentUrl":"https:\/\/all-car-news.com\/wp-content\/uploads\/2022\/02\/CMYK-AllCarNews_LANDSCAPE_300px-1.png","width":300,"height":100,"caption":"All cars news"},"image":{"@id":"https:\/\/all-car-news.com\/de\/#\/schema\/logo\/image\/"}}]}},"_links":{"self":[{"href":"https:\/\/all-car-news.com\/de\/wp-json\/wp\/v2\/posts\/134536","targetHints":{"allow":["GET"]}}],"collection":[{"href":"https:\/\/all-car-news.com\/de\/wp-json\/wp\/v2\/posts"}],"about":[{"href":"https:\/\/all-car-news.com\/de\/wp-json\/wp\/v2\/types\/post"}],"replies":[{"embeddable":true,"href":"https:\/\/all-car-news.com\/de\/wp-json\/wp\/v2\/comments?post=134536"}],"version-history":[{"count":0,"href":"https:\/\/all-car-news.com\/de\/wp-json\/wp\/v2\/posts\/134536\/revisions"}],"wp:featuredmedia":[{"embeddable":true,"href":"https:\/\/all-car-news.com\/de\/wp-json\/wp\/v2\/media\/134525"}],"wp:attachment":[{"href":"https:\/\/all-car-news.com\/de\/wp-json\/wp\/v2\/media?parent=134536"}],"wp:term":[{"taxonomy":"category","embeddable":true,"href":"https:\/\/all-car-news.com\/de\/wp-json\/wp\/v2\/categories?post=134536"},{"taxonomy":"post_tag","embeddable":true,"href":"https:\/\/all-car-news.com\/de\/wp-json\/wp\/v2\/tags?post=134536"}],"curies":[{"name":"wp","href":"https:\/\/api.w.org\/{rel}","templated":true}]}}