{"id":134168,"date":"2023-04-05T15:21:15","date_gmt":"2023-04-05T15:21:15","guid":{"rendered":"https:\/\/all-car-news.com\/der-porsche-930-turbo-ikone-der-70er-und-80er-jahre\/"},"modified":"2023-04-05T15:21:15","modified_gmt":"2023-04-05T15:21:15","slug":"der-porsche-930-turbo-ikone-der-70er-und-80er-jahre","status":"publish","type":"post","link":"https:\/\/all-car-news.com\/de\/der-porsche-930-turbo-ikone-der-70er-und-80er-jahre\/","title":{"rendered":"Der Porsche 930 Turbo: Ikone der 70er und 80er Jahre"},"content":{"rendered":"<h2>Wie war noch einmal der Name?<\/h2>\n<p>Der Porsche 930 ist ein legend\u00e4rer Sportwagen. Obwohl der 930 einen eigenen Namen und eine eigene Modellnummer hat, handelt es sich eigentlich um eine Variante des Modells 911 G. Dies kann zu Verwechslungen f\u00fchren, da der Begriff 911 Turbo&#8220; zu diesem Zeitpunkt noch nicht verwendet wurde. Der Porsche 930 wird oft als Turbo bezeichnet, obwohl das Auto in Wirklichkeit gar nicht so hei\u00dft. Ab dem Porsche 964 wurde die Turbo-Variante tats\u00e4chlich als Turbo bezeichnet. Der von 1975 bis 1989 produzierte Porsche 930 war der erste Porsche mit Turbolader, der f\u00fcr die breite \u00d6ffentlichkeit erh\u00e4ltlich war. Das Modell wurde ber\u00fchmt f\u00fcr seine brachiale Kraft, sein unverwechselbares Aussehen und seine (f\u00fcr die damalige Zeit) hohe Leistung. Er ist nach wie vor ein Favorit unter Autoliebhabern in aller Welt.<\/p>\n<figure class=\"wp-block-image size-content\"><img decoding=\"async\" loading=\"lazy\" width=\"1140\" height=\"760\" src=\"https:\/\/autorai.nl\/wp-content\/uploads\/2023\/04\/porsche-930-yn-automotive-foto15-1140x760.jpg\" alt=\"\" class=\"wp-image-155714\"><\/figure>\n<h2>Die Witwenmacherin<\/h2>\n<p>Der Porsche 930 ist zwar f\u00fcr seine beeindruckende Leistung ber\u00fchmt, aber auch als anspruchsvolles und potenziell gef\u00e4hrliches Fahrzeug bekannt. Das Modell wurde zu einer Zeit produziert, als es noch keine Fahrhilfen wie Traktionskontrolle und elektronische Stabilit\u00e4tskontrolle gab. Kurz gesagt: Man musste wissen, was man tat. Die gesamte Leistung ging ohne &#8222;Filter&#8220; auf die Hinterr\u00e4der. Das hohe Drehmoment des Turbomotors machte das Auto auch anf\u00e4llig f\u00fcr \u00dcbersteuern, besonders wenn der Turbo seinen Druck aufgebaut hatte. In der Tat gab es ein Turboloch: die Zeit, die der Turbo braucht, um voll auf Touren zu kommen. Sobald sich der Druck aufgebaut hatte, wurde der Strom &#8222;auf einmal&#8220; freigegeben.<\/p>\n<p>Mit anderen Worten: Der Porsche 930 Turbo braucht einen Fahrer, der sein Handwerk versteht. Das war nat\u00fcrlich nicht immer der Fall. Aus diesem Grund sind einige bereits abgeschrieben worden. Mit dem Porsche 930 haben sich mehrere einzelne schwere Unf\u00e4lle ereignet. Das Ergebnis all dieser Unf\u00e4lle? Der Wagen erhielt den passenden Spitznamen &#8222;The Widowmaker&#8220;.<\/p>\n<figure class=\"wp-block-image size-content\"><img decoding=\"async\" loading=\"lazy\" width=\"760\" height=\"1140\" src=\"https:\/\/autorai.nl\/wp-content\/uploads\/2023\/04\/porsche-930-yn-automotive-foto18-760x1140.jpg\" alt=\"Porsche 930 Turbo\" class=\"wp-image-155719\"><\/figure>\n<h2>Spezifikationen<\/h2>\n<p>Der Porsche 930 wurde mit zwei Motorentypen ausgestattet. Von 1975 bis 1977 gab es den 3,0-Liter-Motor und sp\u00e4ter den 3,3-Liter-Sechszylinder-Boxermotor mit Turbolader, der in den sp\u00e4teren Produktionsjahren 300 PS leistete. Genug Leistung f\u00fcr eine beeindruckende 0-100-Zeit von rund 5 Sekunden und eine H\u00f6chstgeschwindigkeit von 260 km\/h. Neben der Coup\u00e9-Version war der Porsche 930 auch als Targa mit abnehmbarem Dach erh\u00e4ltlich. Obwohl das Auto potenziell gef\u00e4hrlich sein konnte, war es mit dem richtigen Fahrer auch eine hervorragende Fahrmaschine mit fast brillantem Handling und pr\u00e4ziser Lenkung. Aus diesem Grund ist der Porsche 930 immer noch ein Favorit unter Autoliebhabern und Fahrern in aller Welt.<\/p>\n<p><strong>Fotografie: <a href=\"https:\/\/www.instagram.com\/yn.automotive\/\" target=\"_blank\" rel=\"noreferrer noopener\">YN Automotive<\/a><\/strong><\/p>\n<div class=\"galery shuffle galery-0\">\n<figure>\n\t\t\t\t\t<span style=\"cursor: pointer\" data-src=\"https:\/\/autorai.nl\/wp-content\/uploads\/2023\/04\/porsche-930-yn-automotive-foto15-1600x1067.jpg\" data-fancybox=\"galery-0\" title=\"\"><br \/>\n\t\t\t\t\t\t\t<img decoding=\"async\" width=\"640\" height=\"480\" src=\"https:\/\/autorai.nl\/wp-content\/uploads\/2023\/04\/porsche-930-yn-automotive-foto15-640x480.jpg\" class=\"attachment-medium size-medium\" alt=\"\" loading=\"lazy\"><i class=\"fa fa-search-plus\" aria-hidden=\"true\"><\/i><br \/>\n\t\t\t\t\t\t<\/span><br \/>\n\t\t\t\t\t<\/figure>\n<figure>\n\t\t\t\t\t<span style=\"cursor: pointer\" data-src=\"https:\/\/autorai.nl\/wp-content\/uploads\/2023\/04\/porsche-930-yn-automotive-foto17-1600x1067.jpg\" data-fancybox=\"galery-0\" title=\"\"><br \/>\n\t\t\t\t\t\t\t<img decoding=\"async\" width=\"360\" height=\"270\" src=\"https:\/\/autorai.nl\/wp-content\/uploads\/2023\/04\/porsche-930-yn-automotive-foto17-360x270.jpg\" class=\"attachment-small size-small\" alt=\"\" loading=\"lazy\"><i class=\"fa fa-search-plus\" aria-hidden=\"true\"><\/i><br \/>\n\t\t\t\t\t\t<\/span><br \/>\n\t\t\t\t\t<\/figure>\n<figure>\n\t\t\t\t\t<span style=\"cursor: pointer\" data-src=\"https:\/\/autorai.nl\/wp-content\/uploads\/2023\/04\/porsche-930-yn-automotive-foto16-1600x1067.jpg\" data-fancybox=\"galery-0\" title=\"\"><br \/>\n\t\t\t\t\t\t\t<img decoding=\"async\" width=\"360\" height=\"270\" src=\"https:\/\/autorai.nl\/wp-content\/uploads\/2023\/04\/porsche-930-yn-automotive-foto16-360x270.jpg\" class=\"attachment-small size-small\" alt=\"\" loading=\"lazy\"><i class=\"fa fa-search-plus\" aria-hidden=\"true\"><\/i><br \/>\n\t\t\t\t\t\t<\/span><br \/>\n\t\t\t\t\t<\/figure>\n<figure>\n\t\t\t\t\t<span style=\"cursor: pointer\" data-src=\"https:\/\/autorai.nl\/wp-content\/uploads\/2023\/04\/porsche-930-yn-automotive-foto14-1067x1600.jpg\" data-fancybox=\"galery-0\" title=\"\"><br \/>\n\t\t\t\t\t\t\t<img decoding=\"async\" width=\"640\" height=\"480\" src=\"https:\/\/autorai.nl\/wp-content\/uploads\/2023\/04\/porsche-930-yn-automotive-foto14-640x480.jpg\" class=\"attachment-medium size-medium\" alt=\"\" loading=\"lazy\"><i class=\"fa fa-search-plus\" aria-hidden=\"true\"><\/i><br \/>\n\t\t\t\t\t\t<\/span><br \/>\n\t\t\t\t\t<\/figure>\n<figure>\n\t\t\t\t\t<span style=\"cursor: pointer\" data-src=\"https:\/\/autorai.nl\/wp-content\/uploads\/2023\/04\/porsche-930-yn-automotive-foto12-1067x1600.jpg\" data-fancybox=\"galery-0\" title=\"\"><br \/>\n\t\t\t\t\t\t\t<img decoding=\"async\" width=\"360\" height=\"270\" src=\"https:\/\/autorai.nl\/wp-content\/uploads\/2023\/04\/porsche-930-yn-automotive-foto12-360x270.jpg\" class=\"attachment-small size-small\" alt=\"\" loading=\"lazy\"><i class=\"fa fa-search-plus\" aria-hidden=\"true\"><\/i><br \/>\n\t\t\t\t\t\t<\/span><br \/>\n\t\t\t\t\t<\/figure>\n<figure>\n\t\t\t\t\t<span style=\"cursor: pointer\" data-src=\"https:\/\/autorai.nl\/wp-content\/uploads\/2023\/04\/porsche-930-yn-automotive-foto9-1067x1600.jpg\" data-fancybox=\"galery-0\" title=\"\"><br \/>\n\t\t\t\t\t\t\t<img decoding=\"async\" width=\"360\" height=\"270\" src=\"https:\/\/autorai.nl\/wp-content\/uploads\/2023\/04\/porsche-930-yn-automotive-foto9-360x270.jpg\" class=\"attachment-small size-small\" alt=\"\" loading=\"lazy\"><i class=\"fa fa-search-plus\" aria-hidden=\"true\"><\/i><br \/>\n\t\t\t\t\t\t<\/span><br \/>\n\t\t\t\t\t<\/figure>\n<figure>\n\t\t\t\t\t<span style=\"cursor: pointer\" data-src=\"https:\/\/autorai.nl\/wp-content\/uploads\/2023\/04\/porsche-930-yn-automotive-foto11-1600x1067.jpg\" data-fancybox=\"galery-0\" title=\"\"><br \/>\n\t\t\t\t\t\t\t<img decoding=\"async\" width=\"640\" height=\"480\" src=\"https:\/\/autorai.nl\/wp-content\/uploads\/2023\/04\/porsche-930-yn-automotive-foto11-640x480.jpg\" class=\"attachment-medium size-medium\" alt=\"\" loading=\"lazy\"><i class=\"fa fa-search-plus\" aria-hidden=\"true\"><\/i><br \/>\n\t\t\t\t\t\t<\/span><br \/>\n\t\t\t\t\t<\/figure>\n<figure>\n\t\t\t\t\t<span style=\"cursor: pointer\" data-src=\"https:\/\/autorai.nl\/wp-content\/uploads\/2023\/04\/porsche-930-yn-automotive-foto7-1067x1600.jpg\" data-fancybox=\"galery-0\" title=\"\"><br \/>\n\t\t\t\t\t\t\t<img decoding=\"async\" width=\"360\" height=\"270\" src=\"https:\/\/autorai.nl\/wp-content\/uploads\/2023\/04\/porsche-930-yn-automotive-foto7-360x270.jpg\" class=\"attachment-small size-small\" alt=\"\" loading=\"lazy\"><i class=\"fa fa-search-plus\" aria-hidden=\"true\"><\/i><br \/>\n\t\t\t\t\t\t<\/span><br \/>\n\t\t\t\t\t<\/figure>\n<figure>\n\t\t\t\t\t<span style=\"cursor: pointer\" data-src=\"https:\/\/autorai.nl\/wp-content\/uploads\/2023\/04\/porsche-930-yn-automotive-foto6-1600x1067.jpg\" data-fancybox=\"galery-0\" title=\"\"><br \/>\n\t\t\t\t\t\t\t<img decoding=\"async\" width=\"360\" height=\"270\" src=\"https:\/\/autorai.nl\/wp-content\/uploads\/2023\/04\/porsche-930-yn-automotive-foto6-360x270.jpg\" class=\"attachment-small size-small\" alt=\"\" loading=\"lazy\"><i class=\"fa fa-search-plus\" aria-hidden=\"true\"><\/i><br \/>\n\t\t\t\t\t\t<\/span><br \/>\n\t\t\t\t\t<\/figure>\n<figure>\n\t\t\t\t\t<span style=\"cursor: pointer\" data-src=\"https:\/\/autorai.nl\/wp-content\/uploads\/2023\/04\/porsche-930-yn-automotive-foto3-1600x1067.jpg\" data-fancybox=\"galery-0\" title=\"\"><br \/>\n\t\t\t\t\t\t\t<img decoding=\"async\" width=\"640\" height=\"480\" src=\"https:\/\/autorai.nl\/wp-content\/uploads\/2023\/04\/porsche-930-yn-automotive-foto3-640x480.jpg\" class=\"attachment-medium size-medium\" alt=\"\" loading=\"lazy\"><i class=\"fa fa-search-plus\" aria-hidden=\"true\"><\/i><br \/>\n\t\t\t\t\t\t<\/span><br \/>\n\t\t\t\t\t<\/figure>\n<figure>\n\t\t\t\t\t<span style=\"cursor: pointer\" data-src=\"https:\/\/autorai.nl\/wp-content\/uploads\/2023\/04\/porsche-930-yn-automotive-foto5-1600x1067.jpg\" data-fancybox=\"galery-0\" title=\"\"><br \/>\n\t\t\t\t\t\t\t<img decoding=\"async\" width=\"360\" height=\"270\" src=\"https:\/\/autorai.nl\/wp-content\/uploads\/2023\/04\/porsche-930-yn-automotive-foto5-360x270.jpg\" class=\"attachment-small size-small\" alt=\"\" loading=\"lazy\"><i class=\"fa fa-search-plus\" aria-hidden=\"true\"><\/i><br \/>\n\t\t\t\t\t\t<\/span><br \/>\n\t\t\t\t\t<\/figure>\n<figure>\n\t\t\t\t\t<span style=\"cursor: pointer\" data-src=\"https:\/\/autorai.nl\/wp-content\/uploads\/2023\/04\/porsche-930-yn-automotive-foto2-1600x1067.jpg\" data-fancybox=\"galery-0\" title=\"\"><br \/>\n\t\t\t\t\t\t\t<img decoding=\"async\" width=\"360\" height=\"270\" src=\"https:\/\/autorai.nl\/wp-content\/uploads\/2023\/04\/porsche-930-yn-automotive-foto2-360x270.jpg\" class=\"attachment-small size-small\" alt=\"\" loading=\"lazy\"><i class=\"fa fa-search-plus\" aria-hidden=\"true\"><\/i><br \/>\n\t\t\t\t\t\t<\/span><br \/>\n\t\t\t\t\t<\/figure>\n<div class=\"clear\"><\/div>\n<\/div>\n","protected":false},"excerpt":{"rendered":"Wie war noch einmal der Name? Der Porsche 930 ist ein legend\u00e4rer Sportwagen. Obwohl der 930 einen eigenen Namen und&hellip;","protected":false},"author":0,"featured_media":134140,"comment_status":"","ping_status":"open","sticky":false,"template":"","format":"standard","meta":{"footnotes":""},"categories":[125,128],"tags":[],"class_list":["post-134168","post","type-post","status-publish","format-standard","has-post-thumbnail","hentry","category-auto-nachrichten","category-hintergrund"],"acf":[],"yoast_head":"<!-- This site is optimized with the Yoast SEO plugin v21.2 - https:\/\/yoast.com\/wordpress\/plugins\/seo\/ -->\n<title>Der Porsche 930 Turbo: Ikone der 70er und 80er Jahre - All cars news<\/title>\n<meta name=\"robots\" content=\"index, follow, max-snippet:-1, max-image-preview:large, max-video-preview:-1\" \/>\n<link rel=\"canonical\" href=\"https:\/\/all-car-news.com\/de\/der-porsche-930-turbo-ikone-der-70er-und-80er-jahre\/\" \/>\n<meta property=\"og:locale\" content=\"de_DE\" \/>\n<meta property=\"og:type\" content=\"article\" \/>\n<meta property=\"og:title\" content=\"Der Porsche 930 Turbo: Ikone der 70er und 80er Jahre - All cars news\" \/>\n<meta property=\"og:description\" content=\"Wie war noch einmal der Name? Der Porsche 930 ist ein legend\u00e4rer Sportwagen. Obwohl der 930 einen eigenen Namen und eine eigene Modellnummer hat, handelt es sich eigentlich um eine Variante des Modells 911 G. Dies kann zu Verwechslungen f\u00fchren, da der Begriff 911 Turbo&quot; zu dieser Zeit noch nicht verwendet wurde. Der Porsche 930 wird oft [...]\" \/>\n<meta property=\"og:url\" content=\"https:\/\/all-car-news.com\/de\/der-porsche-930-turbo-ikone-der-70er-und-80er-jahre\/\" \/>\n<meta property=\"og:site_name\" content=\"All cars news\" \/>\n<meta property=\"article:published_time\" content=\"2023-04-05T15:21:15+00:00\" \/>\n<meta property=\"og:image\" content=\"https:\/\/autorai.nl\/wp-content\/uploads\/2023\/04\/porsche-930-yn-automotive-foto15-1140x760.jpg\" \/>\n<meta name=\"twitter:card\" content=\"summary_large_image\" \/>\n<meta name=\"twitter:label1\" content=\"Gesch\u00e4tzte Lesezeit\" \/>\n\t<meta name=\"twitter:data1\" content=\"2\u00a0Minuten\" \/>\n<script type=\"application\/ld+json\" class=\"yoast-schema-graph\">{\"@context\":\"https:\/\/schema.org\",\"@graph\":[{\"@type\":\"Article\",\"@id\":\"https:\/\/all-car-news.com\/de\/der-porsche-930-turbo-ikone-der-70er-und-80er-jahre\/#article\",\"isPartOf\":{\"@id\":\"https:\/\/all-car-news.com\/de\/der-porsche-930-turbo-ikone-der-70er-und-80er-jahre\/\"},\"author\":{\"name\":\"\",\"@id\":\"\"},\"headline\":\"Der Porsche 930 Turbo: Ikone der 70er und 80er Jahre\",\"datePublished\":\"2023-04-05T15:21:15+00:00\",\"dateModified\":\"2023-04-05T15:21:15+00:00\",\"mainEntityOfPage\":{\"@id\":\"https:\/\/all-car-news.com\/de\/der-porsche-930-turbo-ikone-der-70er-und-80er-jahre\/\"},\"wordCount\":416,\"publisher\":{\"@id\":\"https:\/\/all-car-news.com\/de\/#organization\"},\"articleSection\":[\"Auto Nachrichten\",\"Hintergrund\"],\"inLanguage\":\"de\"},{\"@type\":\"WebPage\",\"@id\":\"https:\/\/all-car-news.com\/de\/der-porsche-930-turbo-ikone-der-70er-und-80er-jahre\/\",\"url\":\"https:\/\/all-car-news.com\/de\/der-porsche-930-turbo-ikone-der-70er-und-80er-jahre\/\",\"name\":\"Der Porsche 930 Turbo: Ikone der 70er und 80er Jahre - All cars news\",\"isPartOf\":{\"@id\":\"https:\/\/all-car-news.com\/de\/#website\"},\"datePublished\":\"2023-04-05T15:21:15+00:00\",\"dateModified\":\"2023-04-05T15:21:15+00:00\",\"breadcrumb\":{\"@id\":\"https:\/\/all-car-news.com\/de\/der-porsche-930-turbo-ikone-der-70er-und-80er-jahre\/#breadcrumb\"},\"inLanguage\":\"de\",\"potentialAction\":[{\"@type\":\"ReadAction\",\"target\":[\"https:\/\/all-car-news.com\/de\/der-porsche-930-turbo-ikone-der-70er-und-80er-jahre\/\"]}]},{\"@type\":\"BreadcrumbList\",\"@id\":\"https:\/\/all-car-news.com\/de\/der-porsche-930-turbo-ikone-der-70er-und-80er-jahre\/#breadcrumb\",\"itemListElement\":[{\"@type\":\"ListItem\",\"position\":1,\"name\":\"Home\",\"item\":\"https:\/\/all-car-news.com\/de\/\"},{\"@type\":\"ListItem\",\"position\":2,\"name\":\"Der Porsche 930 Turbo: Ikone der 70er und 80er Jahre\"}]},{\"@type\":\"WebSite\",\"@id\":\"https:\/\/all-car-news.com\/de\/#website\",\"url\":\"https:\/\/all-car-news.com\/de\/\",\"name\":\"All cars news\",\"description\":\"\",\"publisher\":{\"@id\":\"https:\/\/all-car-news.com\/de\/#organization\"},\"potentialAction\":[{\"@type\":\"SearchAction\",\"target\":{\"@type\":\"EntryPoint\",\"urlTemplate\":\"https:\/\/all-car-news.com\/de\/?s={search_term_string}\"},\"query-input\":\"required name=search_term_string\"}],\"inLanguage\":\"de\"},{\"@type\":\"Organization\",\"@id\":\"https:\/\/all-car-news.com\/de\/#organization\",\"name\":\"All cars news\",\"url\":\"https:\/\/all-car-news.com\/de\/\",\"logo\":{\"@type\":\"ImageObject\",\"inLanguage\":\"de\",\"@id\":\"https:\/\/all-car-news.com\/de\/#\/schema\/logo\/image\/\",\"url\":\"https:\/\/all-car-news.com\/wp-content\/uploads\/2022\/02\/CMYK-AllCarNews_LANDSCAPE_300px-1.png\",\"contentUrl\":\"https:\/\/all-car-news.com\/wp-content\/uploads\/2022\/02\/CMYK-AllCarNews_LANDSCAPE_300px-1.png\",\"width\":300,\"height\":100,\"caption\":\"All cars news\"},\"image\":{\"@id\":\"https:\/\/all-car-news.com\/de\/#\/schema\/logo\/image\/\"}}]}<\/script>\n<!-- \/ Yoast SEO plugin. -->","yoast_head_json":{"title":"Der Porsche 930 Turbo: Ikone der 70er und 80er Jahre - All cars news","robots":{"index":"index","follow":"follow","max-snippet":"max-snippet:-1","max-image-preview":"max-image-preview:large","max-video-preview":"max-video-preview:-1"},"canonical":"https:\/\/all-car-news.com\/de\/der-porsche-930-turbo-ikone-der-70er-und-80er-jahre\/","og_locale":"de_DE","og_type":"article","og_title":"Der Porsche 930 Turbo: Ikone der 70er und 80er Jahre - All cars news","og_description":"Wie war noch einmal der Name? Der Porsche 930 ist ein legend\u00e4rer Sportwagen. Obwohl der 930 einen eigenen Namen und eine eigene Modellnummer hat, handelt es sich eigentlich um eine Variante des Modells 911 G. Dies kann zu Verwechslungen f\u00fchren, da der Begriff 911 Turbo\" zu dieser Zeit noch nicht verwendet wurde. Der Porsche 930 wird oft [...]","og_url":"https:\/\/all-car-news.com\/de\/der-porsche-930-turbo-ikone-der-70er-und-80er-jahre\/","og_site_name":"All cars news","article_published_time":"2023-04-05T15:21:15+00:00","og_image":[{"url":"https:\/\/autorai.nl\/wp-content\/uploads\/2023\/04\/porsche-930-yn-automotive-foto15-1140x760.jpg"}],"twitter_card":"summary_large_image","twitter_misc":{"Gesch\u00e4tzte Lesezeit":"2\u00a0Minuten"},"schema":{"@context":"https:\/\/schema.org","@graph":[{"@type":"Article","@id":"https:\/\/all-car-news.com\/de\/der-porsche-930-turbo-ikone-der-70er-und-80er-jahre\/#article","isPartOf":{"@id":"https:\/\/all-car-news.com\/de\/der-porsche-930-turbo-ikone-der-70er-und-80er-jahre\/"},"author":{"name":"","@id":""},"headline":"Der Porsche 930 Turbo: Ikone der 70er und 80er Jahre","datePublished":"2023-04-05T15:21:15+00:00","dateModified":"2023-04-05T15:21:15+00:00","mainEntityOfPage":{"@id":"https:\/\/all-car-news.com\/de\/der-porsche-930-turbo-ikone-der-70er-und-80er-jahre\/"},"wordCount":416,"publisher":{"@id":"https:\/\/all-car-news.com\/de\/#organization"},"articleSection":["Auto Nachrichten","Hintergrund"],"inLanguage":"de"},{"@type":"WebPage","@id":"https:\/\/all-car-news.com\/de\/der-porsche-930-turbo-ikone-der-70er-und-80er-jahre\/","url":"https:\/\/all-car-news.com\/de\/der-porsche-930-turbo-ikone-der-70er-und-80er-jahre\/","name":"Der Porsche 930 Turbo: Ikone der 70er und 80er Jahre - All cars news","isPartOf":{"@id":"https:\/\/all-car-news.com\/de\/#website"},"datePublished":"2023-04-05T15:21:15+00:00","dateModified":"2023-04-05T15:21:15+00:00","breadcrumb":{"@id":"https:\/\/all-car-news.com\/de\/der-porsche-930-turbo-ikone-der-70er-und-80er-jahre\/#breadcrumb"},"inLanguage":"de","potentialAction":[{"@type":"ReadAction","target":["https:\/\/all-car-news.com\/de\/der-porsche-930-turbo-ikone-der-70er-und-80er-jahre\/"]}]},{"@type":"BreadcrumbList","@id":"https:\/\/all-car-news.com\/de\/der-porsche-930-turbo-ikone-der-70er-und-80er-jahre\/#breadcrumb","itemListElement":[{"@type":"ListItem","position":1,"name":"Home","item":"https:\/\/all-car-news.com\/de\/"},{"@type":"ListItem","position":2,"name":"Der Porsche 930 Turbo: Ikone der 70er und 80er Jahre"}]},{"@type":"WebSite","@id":"https:\/\/all-car-news.com\/de\/#website","url":"https:\/\/all-car-news.com\/de\/","name":"All cars news","description":"","publisher":{"@id":"https:\/\/all-car-news.com\/de\/#organization"},"potentialAction":[{"@type":"SearchAction","target":{"@type":"EntryPoint","urlTemplate":"https:\/\/all-car-news.com\/de\/?s={search_term_string}"},"query-input":"required name=search_term_string"}],"inLanguage":"de"},{"@type":"Organization","@id":"https:\/\/all-car-news.com\/de\/#organization","name":"All cars news","url":"https:\/\/all-car-news.com\/de\/","logo":{"@type":"ImageObject","inLanguage":"de","@id":"https:\/\/all-car-news.com\/de\/#\/schema\/logo\/image\/","url":"https:\/\/all-car-news.com\/wp-content\/uploads\/2022\/02\/CMYK-AllCarNews_LANDSCAPE_300px-1.png","contentUrl":"https:\/\/all-car-news.com\/wp-content\/uploads\/2022\/02\/CMYK-AllCarNews_LANDSCAPE_300px-1.png","width":300,"height":100,"caption":"All cars news"},"image":{"@id":"https:\/\/all-car-news.com\/de\/#\/schema\/logo\/image\/"}}]}},"_links":{"self":[{"href":"https:\/\/all-car-news.com\/de\/wp-json\/wp\/v2\/posts\/134168","targetHints":{"allow":["GET"]}}],"collection":[{"href":"https:\/\/all-car-news.com\/de\/wp-json\/wp\/v2\/posts"}],"about":[{"href":"https:\/\/all-car-news.com\/de\/wp-json\/wp\/v2\/types\/post"}],"replies":[{"embeddable":true,"href":"https:\/\/all-car-news.com\/de\/wp-json\/wp\/v2\/comments?post=134168"}],"version-history":[{"count":0,"href":"https:\/\/all-car-news.com\/de\/wp-json\/wp\/v2\/posts\/134168\/revisions"}],"wp:featuredmedia":[{"embeddable":true,"href":"https:\/\/all-car-news.com\/de\/wp-json\/wp\/v2\/media\/134140"}],"wp:attachment":[{"href":"https:\/\/all-car-news.com\/de\/wp-json\/wp\/v2\/media?parent=134168"}],"wp:term":[{"taxonomy":"category","embeddable":true,"href":"https:\/\/all-car-news.com\/de\/wp-json\/wp\/v2\/categories?post=134168"},{"taxonomy":"post_tag","embeddable":true,"href":"https:\/\/all-car-news.com\/de\/wp-json\/wp\/v2\/tags?post=134168"}],"curies":[{"name":"wp","href":"https:\/\/api.w.org\/{rel}","templated":true}]}}