{"id":134147,"date":"2023-04-06T10:05:23","date_gmt":"2023-04-06T10:05:23","guid":{"rendered":"https:\/\/all-car-news.com\/psst-diese-antriebe-bekommt-der-elektrische-mini-countryman\/"},"modified":"2023-04-06T10:05:23","modified_gmt":"2023-04-06T10:05:23","slug":"psst-diese-antriebe-bekommt-der-elektrische-mini-countryman","status":"publish","type":"post","link":"https:\/\/all-car-news.com\/de\/psst-diese-antriebe-bekommt-der-elektrische-mini-countryman\/","title":{"rendered":"Psst, diese Antriebe bekommt der elektrische MINI Countryman"},"content":{"rendered":"<h2>Zwei Versionen des elektrischen MINI Countryman<\/h2>\n<p>Die neue Generation des MINI Countryman wird vollelektrisch sein. Das wird Sie nicht \u00fcberraschen. Aber dass der MINI mit zwei Antriebsstr\u00e4ngen kommt, ist eine neue Information. Die Basisversion &#8211; getauft auf den Namen MINI Countryman E &#8211; verf\u00fcgt \u00fcber einen Antriebsstrang mit einer Systemleistung von 191 PS (140 kW). Es wird auch eine allradgetriebene Variante geben: den MINI Countryman SE ALL4. Dies ist das erste vollelektrische Auto mit Allradantrieb der Marke.<\/p>\n<h2>Antriebsstrang MINI Countryman SE ALL4 2023<\/h2>\n<p>Der Countryman SE ALL4 verf\u00fcgt \u00fcber zwei Elektromotoren, einen an der Vorderachse und einen an der Hinterachse. Zusammen sind sie f\u00fcr 230 kW\/313 PS gut, einschlie\u00dflich einer vor\u00fcbergehenden Leistungssteigerung. Beide Modellvarianten erhalten eine Batterie mit einer Kapazit\u00e4t von 64,7 kWh. Die gesch\u00e4tzte Reichweite liegt bei rund 450 Kilometern. Das Auto teilt seine technische Basis mit dem <a href=\"https:\/\/autorai.nl\/review-bmw-x1-ix1-2022-rijden-op-een-gletsjer\/\">elektrischen BMW iX1<\/a>.<\/p>\n<h2>MINI Countryman Abmessungen<\/h2>\n<p>Die L\u00e4nge des neuen MINI Countryman betr\u00e4gt 4.429 mm, das sind 13 Zentimeter mehr als bei der aktuellen Generation. Die H\u00f6he wuchs um fast sechs Zentimeter auf 1.613 mm, was zu einer noch gr\u00f6\u00dferen Kopffreiheit f\u00fchrt. Ein echter &#8218;Mini&#8216; ist der neue Countryman also nicht. Es ist der gr\u00f6\u00dfte MINI aller Zeiten.<\/p>\n<figure class=\"wp-block-image size-content\"><img decoding=\"async\" loading=\"lazy\" width=\"1140\" height=\"760\" src=\"https:\/\/autorai.nl\/wp-content\/uploads\/2023\/04\/mini-countryman-elektrisch-prototype-2023-foto34-1140x760.jpg\" alt=\"MINI Countryman\" class=\"wp-image-155804\"><\/figure>\n<h2>Sch\u00f6n \u00f6ko&#8220;!<\/h2>\n<p>Der Countryman ist jedoch umweltfreundlicher als je zuvor. Die Leichtmetallgussr\u00e4der bestehen zu 70 Prozent aus recyceltem Aluminium. Die Oberfl\u00e4chen des Armaturenbretts, des Lenkrads, des Dachhimmels und des Fahrzeugbodens sowie die Fu\u00dfmatten werden aus recyceltem Polyester hergestellt, das aus PET-Flaschen und Teppichresten gewonnen wird.<\/p>\n<h2>MINI Countryman Geschichte<\/h2>\n<p>Mit dem Produktionsstart im November 2023 im BMW Group Werk Leipzig wird zum ersten Mal ein MINI in Deutschland produziert werden. Die Marke erwartet, dass das Modell an den Erfolg fr\u00fcherer Generationen ankn\u00fcpfen wird. Die erste Generation des MINI Countryman war f\u00fcr MINI auf Anhieb ein Erfolg und erweiterte die Modellfamilie ab 2010 um ein kompaktes SUV mit Allradantrieb, f\u00fcnf T\u00fcren und &#8211; erstmals f\u00fcr ein MINI Modell &#8211; einer L\u00e4nge von mehr als vier Metern. Der MINI Countryman der zweiten Generation war ab 2017 auch als MINI Cooper SE Countryman ALL4 erh\u00e4ltlich, dem ersten Plug-in-Hybrid-Modell von MINI mit einem zus\u00e4tzlichen 65 kW\/88 PS starken Elektromotor an der Hinterachse. Jetzt stellt die Marke auf einen vollelektrischen Countryman um.<\/p>\n<div class=\"galery shuffle galery-0\">\n<figure>\n\t\t\t\t\t<span style=\"cursor: pointer\" data-src=\"https:\/\/autorai.nl\/wp-content\/uploads\/2023\/04\/mini-countryman-elektrisch-prototype-2023-foto33-1600x1067.jpg\" data-fancybox=\"galery-0\" title=\"\"><br \/>\n\t\t\t\t\t\t\t<img decoding=\"async\" width=\"640\" height=\"480\" src=\"https:\/\/autorai.nl\/wp-content\/uploads\/2023\/04\/mini-countryman-elektrisch-prototype-2023-foto33-640x480.jpg\" class=\"attachment-medium size-medium\" alt=\"\" loading=\"lazy\"><i class=\"fa fa-search-plus\" aria-hidden=\"true\"><\/i><br \/>\n\t\t\t\t\t\t<\/span><br \/>\n\t\t\t\t\t<\/figure>\n<figure>\n\t\t\t\t\t<span style=\"cursor: pointer\" data-src=\"https:\/\/autorai.nl\/wp-content\/uploads\/2023\/04\/mini-countryman-elektrisch-prototype-2023-foto35-1600x1067.jpg\" data-fancybox=\"galery-0\" title=\"\"><br \/>\n\t\t\t\t\t\t\t<img decoding=\"async\" width=\"360\" height=\"270\" src=\"https:\/\/autorai.nl\/wp-content\/uploads\/2023\/04\/mini-countryman-elektrisch-prototype-2023-foto35-360x270.jpg\" class=\"attachment-small size-small\" alt=\"\" loading=\"lazy\"><i class=\"fa fa-search-plus\" aria-hidden=\"true\"><\/i><br \/>\n\t\t\t\t\t\t<\/span><br \/>\n\t\t\t\t\t<\/figure>\n<figure>\n\t\t\t\t\t<span style=\"cursor: pointer\" data-src=\"https:\/\/autorai.nl\/wp-content\/uploads\/2023\/04\/mini-countryman-elektrisch-prototype-2023-foto28-1600x1067.jpg\" data-fancybox=\"galery-0\" title=\"\"><br \/>\n\t\t\t\t\t\t\t<img decoding=\"async\" width=\"360\" height=\"270\" src=\"https:\/\/autorai.nl\/wp-content\/uploads\/2023\/04\/mini-countryman-elektrisch-prototype-2023-foto28-360x270.jpg\" class=\"attachment-small size-small\" alt=\"\" loading=\"lazy\"><i class=\"fa fa-search-plus\" aria-hidden=\"true\"><\/i><br \/>\n\t\t\t\t\t\t<\/span><br \/>\n\t\t\t\t\t<\/figure>\n<figure>\n\t\t\t\t\t<span style=\"cursor: pointer\" data-src=\"https:\/\/autorai.nl\/wp-content\/uploads\/2023\/04\/mini-countryman-elektrisch-prototype-2023-foto23-1600x1067.jpg\" data-fancybox=\"galery-0\" title=\"\"><br \/>\n\t\t\t\t\t\t\t<img decoding=\"async\" width=\"640\" height=\"480\" src=\"https:\/\/autorai.nl\/wp-content\/uploads\/2023\/04\/mini-countryman-elektrisch-prototype-2023-foto23-640x480.jpg\" class=\"attachment-medium size-medium\" alt=\"\" loading=\"lazy\"><i class=\"fa fa-search-plus\" aria-hidden=\"true\"><\/i><br \/>\n\t\t\t\t\t\t<\/span><br \/>\n\t\t\t\t\t<\/figure>\n<figure>\n\t\t\t\t\t<span style=\"cursor: pointer\" data-src=\"https:\/\/autorai.nl\/wp-content\/uploads\/2023\/04\/mini-countryman-elektrisch-prototype-2023-foto22-1600x1067.jpg\" data-fancybox=\"galery-0\" title=\"\"><br \/>\n\t\t\t\t\t\t\t<img decoding=\"async\" width=\"360\" height=\"270\" src=\"https:\/\/autorai.nl\/wp-content\/uploads\/2023\/04\/mini-countryman-elektrisch-prototype-2023-foto22-360x270.jpg\" class=\"attachment-small size-small\" alt=\"\" loading=\"lazy\"><i class=\"fa fa-search-plus\" aria-hidden=\"true\"><\/i><br \/>\n\t\t\t\t\t\t<\/span><br \/>\n\t\t\t\t\t<\/figure>\n<figure>\n\t\t\t\t\t<span style=\"cursor: pointer\" data-src=\"https:\/\/autorai.nl\/wp-content\/uploads\/2023\/04\/mini-countryman-elektrisch-prototype-2023-foto19-1600x1067.jpg\" data-fancybox=\"galery-0\" title=\"\"><br \/>\n\t\t\t\t\t\t\t<img decoding=\"async\" width=\"360\" height=\"270\" src=\"https:\/\/autorai.nl\/wp-content\/uploads\/2023\/04\/mini-countryman-elektrisch-prototype-2023-foto19-360x270.jpg\" class=\"attachment-small size-small\" alt=\"\" loading=\"lazy\"><i class=\"fa fa-search-plus\" aria-hidden=\"true\"><\/i><br \/>\n\t\t\t\t\t\t<\/span><br \/>\n\t\t\t\t\t<\/figure>\n<figure>\n\t\t\t\t\t<span style=\"cursor: pointer\" data-src=\"https:\/\/autorai.nl\/wp-content\/uploads\/2023\/04\/mini-countryman-elektrisch-prototype-2023-foto17-1600x1067.jpg\" data-fancybox=\"galery-0\" title=\"\"><br \/>\n\t\t\t\t\t\t\t<img decoding=\"async\" width=\"640\" height=\"480\" src=\"https:\/\/autorai.nl\/wp-content\/uploads\/2023\/04\/mini-countryman-elektrisch-prototype-2023-foto17-640x480.jpg\" class=\"attachment-medium size-medium\" alt=\"\" loading=\"lazy\"><i class=\"fa fa-search-plus\" aria-hidden=\"true\"><\/i><br \/>\n\t\t\t\t\t\t<\/span><br \/>\n\t\t\t\t\t<\/figure>\n<figure>\n\t\t\t\t\t<span style=\"cursor: pointer\" data-src=\"https:\/\/autorai.nl\/wp-content\/uploads\/2023\/04\/mini-countryman-elektrisch-prototype-2023-foto15-1600x1067.jpg\" data-fancybox=\"galery-0\" title=\"\"><br \/>\n\t\t\t\t\t\t\t<img decoding=\"async\" width=\"360\" height=\"270\" src=\"https:\/\/autorai.nl\/wp-content\/uploads\/2023\/04\/mini-countryman-elektrisch-prototype-2023-foto15-360x270.jpg\" class=\"attachment-small size-small\" alt=\"\" loading=\"lazy\"><i class=\"fa fa-search-plus\" aria-hidden=\"true\"><\/i><br \/>\n\t\t\t\t\t\t<\/span><br \/>\n\t\t\t\t\t<\/figure>\n<figure>\n\t\t\t\t\t<span style=\"cursor: pointer\" data-src=\"https:\/\/autorai.nl\/wp-content\/uploads\/2023\/04\/mini-countryman-elektrisch-prototype-2023-foto11-1600x1067.jpg\" data-fancybox=\"galery-0\" title=\"\"><br \/>\n\t\t\t\t\t\t\t<img decoding=\"async\" width=\"360\" height=\"270\" src=\"https:\/\/autorai.nl\/wp-content\/uploads\/2023\/04\/mini-countryman-elektrisch-prototype-2023-foto11-360x270.jpg\" class=\"attachment-small size-small\" alt=\"\" loading=\"lazy\"><i class=\"fa fa-search-plus\" aria-hidden=\"true\"><\/i><br \/>\n\t\t\t\t\t\t<\/span><br \/>\n\t\t\t\t\t<\/figure>\n<figure>\n\t\t\t\t\t<span style=\"cursor: pointer\" data-src=\"https:\/\/autorai.nl\/wp-content\/uploads\/2023\/04\/mini-countryman-elektrisch-prototype-2023-foto8-1600x1067.jpg\" data-fancybox=\"galery-0\" title=\"\"><br \/>\n\t\t\t\t\t\t\t<img decoding=\"async\" width=\"640\" height=\"480\" src=\"https:\/\/autorai.nl\/wp-content\/uploads\/2023\/04\/mini-countryman-elektrisch-prototype-2023-foto8-640x480.jpg\" class=\"attachment-medium size-medium\" alt=\"\" loading=\"lazy\"><i class=\"fa fa-search-plus\" aria-hidden=\"true\"><\/i><br \/>\n\t\t\t\t\t\t<\/span><br \/>\n\t\t\t\t\t<\/figure>\n<figure>\n\t\t\t\t\t<span style=\"cursor: pointer\" data-src=\"https:\/\/autorai.nl\/wp-content\/uploads\/2023\/04\/mini-countryman-elektrisch-prototype-2023-foto5-1600x1067.jpg\" data-fancybox=\"galery-0\" title=\"\"><br \/>\n\t\t\t\t\t\t\t<img decoding=\"async\" width=\"360\" height=\"270\" src=\"https:\/\/autorai.nl\/wp-content\/uploads\/2023\/04\/mini-countryman-elektrisch-prototype-2023-foto5-360x270.jpg\" class=\"attachment-small size-small\" alt=\"\" loading=\"lazy\"><i class=\"fa fa-search-plus\" aria-hidden=\"true\"><\/i><br \/>\n\t\t\t\t\t\t<\/span><br \/>\n\t\t\t\t\t<\/figure>\n<figure>\n\t\t\t\t\t<span style=\"cursor: pointer\" data-src=\"https:\/\/autorai.nl\/wp-content\/uploads\/2023\/04\/mini-countryman-elektrisch-prototype-2023-foto1-1600x1067.jpg\" data-fancybox=\"galery-0\" title=\"\"><br \/>\n\t\t\t\t\t\t\t<img decoding=\"async\" width=\"360\" height=\"270\" src=\"https:\/\/autorai.nl\/wp-content\/uploads\/2023\/04\/mini-countryman-elektrisch-prototype-2023-foto1-360x270.jpg\" class=\"attachment-small size-small\" alt=\"MINI Countryman 2023\" loading=\"lazy\"><i class=\"fa fa-search-plus\" aria-hidden=\"true\"><\/i><br \/>\n\t\t\t\t\t\t<\/span><br \/>\n\t\t\t\t\t<\/figure>\n<div class=\"clear\"><\/div>\n<\/div>\n","protected":false},"excerpt":{"rendered":"Zwei Versionen elektrischer MINI Countryman Die neue Generation des MINI Countryman wird vollelektrisch sein. Das wird Sie nicht \u00fcberraschen. Aber&hellip;","protected":false},"author":0,"featured_media":134110,"comment_status":"","ping_status":"open","sticky":false,"template":"","format":"standard","meta":{"footnotes":""},"categories":[125],"tags":[],"class_list":["post-134147","post","type-post","status-publish","format-standard","has-post-thumbnail","hentry","category-auto-nachrichten"],"acf":[],"yoast_head":"<!-- This site is optimized with the Yoast SEO plugin v21.2 - https:\/\/yoast.com\/wordpress\/plugins\/seo\/ -->\n<title>Psst, diese Antriebe bekommt der elektrische MINI Countryman - All cars news<\/title>\n<meta name=\"robots\" content=\"index, follow, max-snippet:-1, max-image-preview:large, max-video-preview:-1\" \/>\n<link rel=\"canonical\" href=\"https:\/\/all-car-news.com\/de\/psst-diese-antriebe-bekommt-der-elektrische-mini-countryman\/\" \/>\n<meta property=\"og:locale\" content=\"de_DE\" \/>\n<meta property=\"og:type\" content=\"article\" \/>\n<meta property=\"og:title\" content=\"Psst, diese Antriebe bekommt der elektrische MINI Countryman - All cars news\" \/>\n<meta property=\"og:description\" content=\"Zwei Versionen elektrischer MINI Countryman Die neue Generation des MINI Countryman wird vollelektrisch sein. Das wird Sie nicht \u00fcberraschen. Aber dass der MINI mit zwei Antriebsstr\u00e4ngen kommt, ist eine neue Information. Die Basisversion - getauft auf den Namen MINI Countryman E - verf\u00fcgt \u00fcber einen Antriebsstrang mit einer Systemleistung von 191 PS (140 kW). Es wird auch eine Variante mit [...]\" \/>\n<meta property=\"og:url\" content=\"https:\/\/all-car-news.com\/de\/psst-diese-antriebe-bekommt-der-elektrische-mini-countryman\/\" \/>\n<meta property=\"og:site_name\" content=\"All cars news\" \/>\n<meta property=\"article:published_time\" content=\"2023-04-06T10:05:23+00:00\" \/>\n<meta property=\"og:image\" content=\"https:\/\/autorai.nl\/wp-content\/uploads\/2023\/04\/mini-countryman-elektrisch-prototype-2023-foto34-1140x760.jpg\" \/>\n<meta name=\"twitter:card\" content=\"summary_large_image\" \/>\n<meta name=\"twitter:label1\" content=\"Gesch\u00e4tzte Lesezeit\" \/>\n\t<meta name=\"twitter:data1\" content=\"2\u00a0Minuten\" \/>\n<script type=\"application\/ld+json\" class=\"yoast-schema-graph\">{\"@context\":\"https:\/\/schema.org\",\"@graph\":[{\"@type\":\"Article\",\"@id\":\"https:\/\/all-car-news.com\/de\/psst-diese-antriebe-bekommt-der-elektrische-mini-countryman\/#article\",\"isPartOf\":{\"@id\":\"https:\/\/all-car-news.com\/de\/psst-diese-antriebe-bekommt-der-elektrische-mini-countryman\/\"},\"author\":{\"name\":\"\",\"@id\":\"\"},\"headline\":\"Psst, diese Antriebe bekommt der elektrische MINI Countryman\",\"datePublished\":\"2023-04-06T10:05:23+00:00\",\"dateModified\":\"2023-04-06T10:05:23+00:00\",\"mainEntityOfPage\":{\"@id\":\"https:\/\/all-car-news.com\/de\/psst-diese-antriebe-bekommt-der-elektrische-mini-countryman\/\"},\"wordCount\":384,\"publisher\":{\"@id\":\"https:\/\/all-car-news.com\/de\/#organization\"},\"articleSection\":[\"Auto Nachrichten\"],\"inLanguage\":\"de\"},{\"@type\":\"WebPage\",\"@id\":\"https:\/\/all-car-news.com\/de\/psst-diese-antriebe-bekommt-der-elektrische-mini-countryman\/\",\"url\":\"https:\/\/all-car-news.com\/de\/psst-diese-antriebe-bekommt-der-elektrische-mini-countryman\/\",\"name\":\"Psst, diese Antriebe bekommt der elektrische MINI Countryman - All cars news\",\"isPartOf\":{\"@id\":\"https:\/\/all-car-news.com\/de\/#website\"},\"datePublished\":\"2023-04-06T10:05:23+00:00\",\"dateModified\":\"2023-04-06T10:05:23+00:00\",\"breadcrumb\":{\"@id\":\"https:\/\/all-car-news.com\/de\/psst-diese-antriebe-bekommt-der-elektrische-mini-countryman\/#breadcrumb\"},\"inLanguage\":\"de\",\"potentialAction\":[{\"@type\":\"ReadAction\",\"target\":[\"https:\/\/all-car-news.com\/de\/psst-diese-antriebe-bekommt-der-elektrische-mini-countryman\/\"]}]},{\"@type\":\"BreadcrumbList\",\"@id\":\"https:\/\/all-car-news.com\/de\/psst-diese-antriebe-bekommt-der-elektrische-mini-countryman\/#breadcrumb\",\"itemListElement\":[{\"@type\":\"ListItem\",\"position\":1,\"name\":\"Home\",\"item\":\"https:\/\/all-car-news.com\/de\/\"},{\"@type\":\"ListItem\",\"position\":2,\"name\":\"Psst, diese Antriebe bekommt der elektrische MINI Countryman\"}]},{\"@type\":\"WebSite\",\"@id\":\"https:\/\/all-car-news.com\/de\/#website\",\"url\":\"https:\/\/all-car-news.com\/de\/\",\"name\":\"All cars news\",\"description\":\"\",\"publisher\":{\"@id\":\"https:\/\/all-car-news.com\/de\/#organization\"},\"potentialAction\":[{\"@type\":\"SearchAction\",\"target\":{\"@type\":\"EntryPoint\",\"urlTemplate\":\"https:\/\/all-car-news.com\/de\/?s={search_term_string}\"},\"query-input\":\"required name=search_term_string\"}],\"inLanguage\":\"de\"},{\"@type\":\"Organization\",\"@id\":\"https:\/\/all-car-news.com\/de\/#organization\",\"name\":\"All cars news\",\"url\":\"https:\/\/all-car-news.com\/de\/\",\"logo\":{\"@type\":\"ImageObject\",\"inLanguage\":\"de\",\"@id\":\"https:\/\/all-car-news.com\/de\/#\/schema\/logo\/image\/\",\"url\":\"https:\/\/all-car-news.com\/wp-content\/uploads\/2022\/02\/CMYK-AllCarNews_LANDSCAPE_300px-1.png\",\"contentUrl\":\"https:\/\/all-car-news.com\/wp-content\/uploads\/2022\/02\/CMYK-AllCarNews_LANDSCAPE_300px-1.png\",\"width\":300,\"height\":100,\"caption\":\"All cars news\"},\"image\":{\"@id\":\"https:\/\/all-car-news.com\/de\/#\/schema\/logo\/image\/\"}}]}<\/script>\n<!-- \/ Yoast SEO plugin. -->","yoast_head_json":{"title":"Psst, diese Antriebe bekommt der elektrische MINI Countryman - All cars news","robots":{"index":"index","follow":"follow","max-snippet":"max-snippet:-1","max-image-preview":"max-image-preview:large","max-video-preview":"max-video-preview:-1"},"canonical":"https:\/\/all-car-news.com\/de\/psst-diese-antriebe-bekommt-der-elektrische-mini-countryman\/","og_locale":"de_DE","og_type":"article","og_title":"Psst, diese Antriebe bekommt der elektrische MINI Countryman - All cars news","og_description":"Zwei Versionen elektrischer MINI Countryman Die neue Generation des MINI Countryman wird vollelektrisch sein. Das wird Sie nicht \u00fcberraschen. Aber dass der MINI mit zwei Antriebsstr\u00e4ngen kommt, ist eine neue Information. Die Basisversion - getauft auf den Namen MINI Countryman E - verf\u00fcgt \u00fcber einen Antriebsstrang mit einer Systemleistung von 191 PS (140 kW). Es wird auch eine Variante mit [...]","og_url":"https:\/\/all-car-news.com\/de\/psst-diese-antriebe-bekommt-der-elektrische-mini-countryman\/","og_site_name":"All cars news","article_published_time":"2023-04-06T10:05:23+00:00","og_image":[{"url":"https:\/\/autorai.nl\/wp-content\/uploads\/2023\/04\/mini-countryman-elektrisch-prototype-2023-foto34-1140x760.jpg"}],"twitter_card":"summary_large_image","twitter_misc":{"Gesch\u00e4tzte Lesezeit":"2\u00a0Minuten"},"schema":{"@context":"https:\/\/schema.org","@graph":[{"@type":"Article","@id":"https:\/\/all-car-news.com\/de\/psst-diese-antriebe-bekommt-der-elektrische-mini-countryman\/#article","isPartOf":{"@id":"https:\/\/all-car-news.com\/de\/psst-diese-antriebe-bekommt-der-elektrische-mini-countryman\/"},"author":{"name":"","@id":""},"headline":"Psst, diese Antriebe bekommt der elektrische MINI Countryman","datePublished":"2023-04-06T10:05:23+00:00","dateModified":"2023-04-06T10:05:23+00:00","mainEntityOfPage":{"@id":"https:\/\/all-car-news.com\/de\/psst-diese-antriebe-bekommt-der-elektrische-mini-countryman\/"},"wordCount":384,"publisher":{"@id":"https:\/\/all-car-news.com\/de\/#organization"},"articleSection":["Auto Nachrichten"],"inLanguage":"de"},{"@type":"WebPage","@id":"https:\/\/all-car-news.com\/de\/psst-diese-antriebe-bekommt-der-elektrische-mini-countryman\/","url":"https:\/\/all-car-news.com\/de\/psst-diese-antriebe-bekommt-der-elektrische-mini-countryman\/","name":"Psst, diese Antriebe bekommt der elektrische MINI Countryman - All cars news","isPartOf":{"@id":"https:\/\/all-car-news.com\/de\/#website"},"datePublished":"2023-04-06T10:05:23+00:00","dateModified":"2023-04-06T10:05:23+00:00","breadcrumb":{"@id":"https:\/\/all-car-news.com\/de\/psst-diese-antriebe-bekommt-der-elektrische-mini-countryman\/#breadcrumb"},"inLanguage":"de","potentialAction":[{"@type":"ReadAction","target":["https:\/\/all-car-news.com\/de\/psst-diese-antriebe-bekommt-der-elektrische-mini-countryman\/"]}]},{"@type":"BreadcrumbList","@id":"https:\/\/all-car-news.com\/de\/psst-diese-antriebe-bekommt-der-elektrische-mini-countryman\/#breadcrumb","itemListElement":[{"@type":"ListItem","position":1,"name":"Home","item":"https:\/\/all-car-news.com\/de\/"},{"@type":"ListItem","position":2,"name":"Psst, diese Antriebe bekommt der elektrische MINI Countryman"}]},{"@type":"WebSite","@id":"https:\/\/all-car-news.com\/de\/#website","url":"https:\/\/all-car-news.com\/de\/","name":"All cars news","description":"","publisher":{"@id":"https:\/\/all-car-news.com\/de\/#organization"},"potentialAction":[{"@type":"SearchAction","target":{"@type":"EntryPoint","urlTemplate":"https:\/\/all-car-news.com\/de\/?s={search_term_string}"},"query-input":"required name=search_term_string"}],"inLanguage":"de"},{"@type":"Organization","@id":"https:\/\/all-car-news.com\/de\/#organization","name":"All cars news","url":"https:\/\/all-car-news.com\/de\/","logo":{"@type":"ImageObject","inLanguage":"de","@id":"https:\/\/all-car-news.com\/de\/#\/schema\/logo\/image\/","url":"https:\/\/all-car-news.com\/wp-content\/uploads\/2022\/02\/CMYK-AllCarNews_LANDSCAPE_300px-1.png","contentUrl":"https:\/\/all-car-news.com\/wp-content\/uploads\/2022\/02\/CMYK-AllCarNews_LANDSCAPE_300px-1.png","width":300,"height":100,"caption":"All cars news"},"image":{"@id":"https:\/\/all-car-news.com\/de\/#\/schema\/logo\/image\/"}}]}},"_links":{"self":[{"href":"https:\/\/all-car-news.com\/de\/wp-json\/wp\/v2\/posts\/134147","targetHints":{"allow":["GET"]}}],"collection":[{"href":"https:\/\/all-car-news.com\/de\/wp-json\/wp\/v2\/posts"}],"about":[{"href":"https:\/\/all-car-news.com\/de\/wp-json\/wp\/v2\/types\/post"}],"replies":[{"embeddable":true,"href":"https:\/\/all-car-news.com\/de\/wp-json\/wp\/v2\/comments?post=134147"}],"version-history":[{"count":0,"href":"https:\/\/all-car-news.com\/de\/wp-json\/wp\/v2\/posts\/134147\/revisions"}],"wp:featuredmedia":[{"embeddable":true,"href":"https:\/\/all-car-news.com\/de\/wp-json\/wp\/v2\/media\/134110"}],"wp:attachment":[{"href":"https:\/\/all-car-news.com\/de\/wp-json\/wp\/v2\/media?parent=134147"}],"wp:term":[{"taxonomy":"category","embeddable":true,"href":"https:\/\/all-car-news.com\/de\/wp-json\/wp\/v2\/categories?post=134147"},{"taxonomy":"post_tag","embeddable":true,"href":"https:\/\/all-car-news.com\/de\/wp-json\/wp\/v2\/tags?post=134147"}],"curies":[{"name":"wp","href":"https:\/\/api.w.org\/{rel}","templated":true}]}}