{"id":132743,"date":"2023-03-08T08:46:28","date_gmt":"2023-03-08T08:46:28","guid":{"rendered":"https:\/\/all-car-news.com\/dieser-6-meter-lange-opel-zafira-ist-perfekt-fuer-den-karneval\/"},"modified":"2023-03-08T08:46:28","modified_gmt":"2023-03-08T08:46:28","slug":"dieser-6-meter-lange-opel-zafira-ist-perfekt-fuer-den-karneval","status":"publish","type":"post","link":"https:\/\/all-car-news.com\/de\/dieser-6-meter-lange-opel-zafira-ist-perfekt-fuer-den-karneval\/","title":{"rendered":"Dieser 6 Meter lange Opel Zafira ist perfekt f\u00fcr den Karneval"},"content":{"rendered":"<h2>Opel Zafira mit sechs Metern L\u00e4nge<\/h2>\n<p>Die Suche nach Anl\u00e4ssen f\u00fchrt manchmal zu \u00fcberraschenden Funden. Nehmen Sie diesen Opel Zafira aus dem Jahr 2000, der mit einem 1,6-Liter-Vierzylinder-Benzinmotor mit 101 PS (74 kW) ausgestattet ist, der f\u00fcr eine Zeit von 0-100 in 13,5 Sekunden und eine H\u00f6chstgeschwindigkeit von 176 km\/h gut ist. \u00dcbrigens ist dieser Zafira nicht mehr ganz serienm\u00e4\u00dfig, wie der extrem lange Radstand beweist. Damit misst dieser Familien-Opel nun \u00fcber sechs Meter in der L\u00e4nge.  <\/p>\n<h2>Ideal f\u00fcr Karneval?<\/h2>\n<p>Nach Angaben des jetzigen Eigent\u00fcmers ist das Fahrzeug ideal f\u00fcr Werbeveranstaltungen oder als Foodtruck. Im letzteren Fall muss der Vauxhall noch etwas \u00fcberarbeitet werden. Wir sehen die Zukunft dieses Vauxhall eher als ultimativen Karnevalswagen. <a href=\"https:\/\/www.marktplaats.nl\/v\/auto-s\/opel\/m1945959797-opel-zafira-1-6-16v-comfort\" target=\"_blank\" rel=\"noreferrer noopener\">F\u00fcr 8.750 Euro<\/a> werden Sie der stolze Besitzer dieses Vauxhall Zafira mit Fl\u00fcgeln sein.<\/p>\n<div class=\"galery galery-0\">\n<figure>\n\t\t\t\t\t<span style=\"cursor: pointer\" data-src=\"https:\/\/autorai.nl\/wp-content\/uploads\/2023\/03\/opel-zafira-geel-foto1-1600x1000.jpg\" data-fancybox=\"galery-0\" title=\"\"><br \/>\n\t\t\t\t\t\t\t<img decoding=\"async\" width=\"360\" height=\"270\" src=\"https:\/\/autorai.nl\/wp-content\/uploads\/2023\/03\/opel-zafira-geel-foto1-360x270.jpg\" class=\"attachment-small size-small\" alt=\"\" loading=\"lazy\"><i class=\"fa fa-search-plus\" aria-hidden=\"true\"><\/i><br \/>\n\t\t\t\t\t\t<\/span><br \/>\n\t\t\t\t\t<\/figure>\n<figure>\n\t\t\t\t\t<span style=\"cursor: pointer\" data-src=\"https:\/\/autorai.nl\/wp-content\/uploads\/2023\/03\/opel-zafira-geel-foto8-1600x1000.jpg\" data-fancybox=\"galery-0\" title=\"\"><br \/>\n\t\t\t\t\t\t\t<img decoding=\"async\" width=\"360\" height=\"270\" src=\"https:\/\/autorai.nl\/wp-content\/uploads\/2023\/03\/opel-zafira-geel-foto8-360x270.jpg\" class=\"attachment-small size-small\" alt=\"Opel Zafira\" loading=\"lazy\"><i class=\"fa fa-search-plus\" aria-hidden=\"true\"><\/i><br \/>\n\t\t\t\t\t\t<\/span><br \/>\n\t\t\t\t\t<\/figure>\n<figure>\n\t\t\t\t\t<span style=\"cursor: pointer\" data-src=\"https:\/\/autorai.nl\/wp-content\/uploads\/2023\/03\/opel-zafira-geel-foto7-1600x1000.jpg\" data-fancybox=\"galery-0\" title=\"\"><br \/>\n\t\t\t\t\t\t\t<img decoding=\"async\" width=\"360\" height=\"270\" src=\"https:\/\/autorai.nl\/wp-content\/uploads\/2023\/03\/opel-zafira-geel-foto7-360x270.jpg\" class=\"attachment-small size-small\" alt=\"\" loading=\"lazy\"><i class=\"fa fa-search-plus\" aria-hidden=\"true\"><\/i><br \/>\n\t\t\t\t\t\t<\/span><br \/>\n\t\t\t\t\t<\/figure>\n<figure>\n\t\t\t\t\t<span style=\"cursor: pointer\" data-src=\"https:\/\/autorai.nl\/wp-content\/uploads\/2023\/03\/opel-zafira-geel-foto6-1600x1000.jpg\" data-fancybox=\"galery-0\" title=\"\"><br \/>\n\t\t\t\t\t\t\t<img decoding=\"async\" width=\"360\" height=\"270\" src=\"https:\/\/autorai.nl\/wp-content\/uploads\/2023\/03\/opel-zafira-geel-foto6-360x270.jpg\" class=\"attachment-small size-small\" alt=\"\" loading=\"lazy\"><i class=\"fa fa-search-plus\" aria-hidden=\"true\"><\/i><br \/>\n\t\t\t\t\t\t<\/span><br \/>\n\t\t\t\t\t<\/figure>\n<figure>\n\t\t\t\t\t<span style=\"cursor: pointer\" data-src=\"https:\/\/autorai.nl\/wp-content\/uploads\/2023\/03\/opel-zafira-geel-foto5-1600x1000.jpg\" data-fancybox=\"galery-0\" title=\"\"><br \/>\n\t\t\t\t\t\t\t<img decoding=\"async\" width=\"360\" height=\"270\" src=\"https:\/\/autorai.nl\/wp-content\/uploads\/2023\/03\/opel-zafira-geel-foto5-360x270.jpg\" class=\"attachment-small size-small\" alt=\"\" loading=\"lazy\"><i class=\"fa fa-search-plus\" aria-hidden=\"true\"><\/i><br \/>\n\t\t\t\t\t\t<\/span><br \/>\n\t\t\t\t\t<\/figure>\n<figure>\n\t\t\t\t\t<span style=\"cursor: pointer\" data-src=\"https:\/\/autorai.nl\/wp-content\/uploads\/2023\/03\/opel-zafira-geel-foto4-1600x1000.jpg\" data-fancybox=\"galery-0\" title=\"\"><br \/>\n\t\t\t\t\t\t\t<img decoding=\"async\" width=\"360\" height=\"270\" src=\"https:\/\/autorai.nl\/wp-content\/uploads\/2023\/03\/opel-zafira-geel-foto4-360x270.jpg\" class=\"attachment-small size-small\" alt=\"\" loading=\"lazy\"><i class=\"fa fa-search-plus\" aria-hidden=\"true\"><\/i><br \/>\n\t\t\t\t\t\t<\/span><br \/>\n\t\t\t\t\t<\/figure>\n<figure>\n\t\t\t\t\t<span style=\"cursor: pointer\" data-src=\"https:\/\/autorai.nl\/wp-content\/uploads\/2023\/03\/opel-zafira-geel-foto3-1600x1000.jpg\" data-fancybox=\"galery-0\" title=\"\"><br \/>\n\t\t\t\t\t\t\t<img decoding=\"async\" width=\"360\" height=\"270\" src=\"https:\/\/autorai.nl\/wp-content\/uploads\/2023\/03\/opel-zafira-geel-foto3-360x270.jpg\" class=\"attachment-small size-small\" alt=\"\" loading=\"lazy\"><i class=\"fa fa-search-plus\" aria-hidden=\"true\"><\/i><br \/>\n\t\t\t\t\t\t<\/span><br \/>\n\t\t\t\t\t<\/figure>\n<figure>\n\t\t\t\t\t<span style=\"cursor: pointer\" data-src=\"https:\/\/autorai.nl\/wp-content\/uploads\/2023\/03\/opel-zafira-geel-foto2-1600x1000.jpg\" data-fancybox=\"galery-0\" title=\"\"><br \/>\n\t\t\t\t\t\t\t<img decoding=\"async\" width=\"360\" height=\"270\" src=\"https:\/\/autorai.nl\/wp-content\/uploads\/2023\/03\/opel-zafira-geel-foto2-360x270.jpg\" class=\"attachment-small size-small\" alt=\"\" loading=\"lazy\"><i class=\"fa fa-search-plus\" aria-hidden=\"true\"><\/i><br \/>\n\t\t\t\t\t\t<\/span><br \/>\n\t\t\t\t\t<\/figure>\n<div class=\"clear\"><\/div>\n<\/div>\n","protected":false},"excerpt":{"rendered":"Vauxhall Zafira mit sechs Metern L\u00e4nge Die Suche nach Gebrauchtwagen f\u00fchrt manchmal zu \u00fcberraschenden Funden. Nehmen Sie diesen Opel Zafira&hellip;","protected":false},"author":0,"featured_media":132726,"comment_status":"","ping_status":"open","sticky":false,"template":"","format":"standard","meta":{"footnotes":""},"categories":[125],"tags":[],"class_list":["post-132743","post","type-post","status-publish","format-standard","has-post-thumbnail","hentry","category-auto-nachrichten"],"acf":[],"yoast_head":"<!-- This site is optimized with the Yoast SEO plugin v21.2 - https:\/\/yoast.com\/wordpress\/plugins\/seo\/ -->\n<title>Dieser 6 Meter lange Opel Zafira ist perfekt f\u00fcr den Karneval - All cars news<\/title>\n<meta name=\"robots\" content=\"index, follow, max-snippet:-1, max-image-preview:large, max-video-preview:-1\" \/>\n<link rel=\"canonical\" href=\"https:\/\/all-car-news.com\/de\/dieser-6-meter-lange-opel-zafira-ist-perfekt-fuer-den-karneval\/\" \/>\n<meta property=\"og:locale\" content=\"de_DE\" \/>\n<meta property=\"og:type\" content=\"article\" \/>\n<meta property=\"og:title\" content=\"Dieser 6 Meter lange Opel Zafira ist perfekt f\u00fcr den Karneval - All cars news\" \/>\n<meta property=\"og:description\" content=\"Vauxhall Zafira mit sechs Metern L\u00e4nge Die Suche nach Gebrauchtwagen f\u00fchrt manchmal zu \u00fcberraschenden Funden. Nehmen Sie diesen Opel Zafira aus dem Jahr 2000, der mit einem 1,6-Liter-Vierzylinder-Benzinmotor mit 101 PS (74 kW) ausgestattet ist, der f\u00fcr eine Zeit von 0-100 in 13,5 Sekunden und eine H\u00f6chstgeschwindigkeit von 176 km\/h gut ist. \u00dcbrigens ist dieser Zafira nicht mehr ganz serienm\u00e4\u00dfig, wie die extrem langen [...]\" \/>\n<meta property=\"og:url\" content=\"https:\/\/all-car-news.com\/de\/dieser-6-meter-lange-opel-zafira-ist-perfekt-fuer-den-karneval\/\" \/>\n<meta property=\"og:site_name\" content=\"All cars news\" \/>\n<meta property=\"article:published_time\" content=\"2023-03-08T08:46:28+00:00\" \/>\n<meta property=\"og:image\" content=\"https:\/\/autorai.nl\/wp-content\/uploads\/2023\/03\/opel-zafira-geel-foto1-360x270.jpg\" \/>\n<meta name=\"twitter:card\" content=\"summary_large_image\" \/>\n<meta name=\"twitter:label1\" content=\"Gesch\u00e4tzte Lesezeit\" \/>\n\t<meta name=\"twitter:data1\" content=\"1\u00a0Minute\" \/>\n<script type=\"application\/ld+json\" class=\"yoast-schema-graph\">{\"@context\":\"https:\/\/schema.org\",\"@graph\":[{\"@type\":\"Article\",\"@id\":\"https:\/\/all-car-news.com\/de\/dieser-6-meter-lange-opel-zafira-ist-perfekt-fuer-den-karneval\/#article\",\"isPartOf\":{\"@id\":\"https:\/\/all-car-news.com\/de\/dieser-6-meter-lange-opel-zafira-ist-perfekt-fuer-den-karneval\/\"},\"author\":{\"name\":\"\",\"@id\":\"\"},\"headline\":\"Dieser 6 Meter lange Opel Zafira ist perfekt f\u00fcr den Karneval\",\"datePublished\":\"2023-03-08T08:46:28+00:00\",\"dateModified\":\"2023-03-08T08:46:28+00:00\",\"mainEntityOfPage\":{\"@id\":\"https:\/\/all-car-news.com\/de\/dieser-6-meter-lange-opel-zafira-ist-perfekt-fuer-den-karneval\/\"},\"wordCount\":146,\"publisher\":{\"@id\":\"https:\/\/all-car-news.com\/de\/#organization\"},\"articleSection\":[\"Auto Nachrichten\"],\"inLanguage\":\"de\"},{\"@type\":\"WebPage\",\"@id\":\"https:\/\/all-car-news.com\/de\/dieser-6-meter-lange-opel-zafira-ist-perfekt-fuer-den-karneval\/\",\"url\":\"https:\/\/all-car-news.com\/de\/dieser-6-meter-lange-opel-zafira-ist-perfekt-fuer-den-karneval\/\",\"name\":\"Dieser 6 Meter lange Opel Zafira ist perfekt f\u00fcr den Karneval - All cars news\",\"isPartOf\":{\"@id\":\"https:\/\/all-car-news.com\/de\/#website\"},\"datePublished\":\"2023-03-08T08:46:28+00:00\",\"dateModified\":\"2023-03-08T08:46:28+00:00\",\"breadcrumb\":{\"@id\":\"https:\/\/all-car-news.com\/de\/dieser-6-meter-lange-opel-zafira-ist-perfekt-fuer-den-karneval\/#breadcrumb\"},\"inLanguage\":\"de\",\"potentialAction\":[{\"@type\":\"ReadAction\",\"target\":[\"https:\/\/all-car-news.com\/de\/dieser-6-meter-lange-opel-zafira-ist-perfekt-fuer-den-karneval\/\"]}]},{\"@type\":\"BreadcrumbList\",\"@id\":\"https:\/\/all-car-news.com\/de\/dieser-6-meter-lange-opel-zafira-ist-perfekt-fuer-den-karneval\/#breadcrumb\",\"itemListElement\":[{\"@type\":\"ListItem\",\"position\":1,\"name\":\"Home\",\"item\":\"https:\/\/all-car-news.com\/de\/\"},{\"@type\":\"ListItem\",\"position\":2,\"name\":\"Dieser 6 Meter lange Opel Zafira ist perfekt f\u00fcr den Karneval\"}]},{\"@type\":\"WebSite\",\"@id\":\"https:\/\/all-car-news.com\/de\/#website\",\"url\":\"https:\/\/all-car-news.com\/de\/\",\"name\":\"All cars news\",\"description\":\"\",\"publisher\":{\"@id\":\"https:\/\/all-car-news.com\/de\/#organization\"},\"potentialAction\":[{\"@type\":\"SearchAction\",\"target\":{\"@type\":\"EntryPoint\",\"urlTemplate\":\"https:\/\/all-car-news.com\/de\/?s={search_term_string}\"},\"query-input\":\"required name=search_term_string\"}],\"inLanguage\":\"de\"},{\"@type\":\"Organization\",\"@id\":\"https:\/\/all-car-news.com\/de\/#organization\",\"name\":\"All cars news\",\"url\":\"https:\/\/all-car-news.com\/de\/\",\"logo\":{\"@type\":\"ImageObject\",\"inLanguage\":\"de\",\"@id\":\"https:\/\/all-car-news.com\/de\/#\/schema\/logo\/image\/\",\"url\":\"https:\/\/all-car-news.com\/wp-content\/uploads\/2022\/02\/CMYK-AllCarNews_LANDSCAPE_300px-1.png\",\"contentUrl\":\"https:\/\/all-car-news.com\/wp-content\/uploads\/2022\/02\/CMYK-AllCarNews_LANDSCAPE_300px-1.png\",\"width\":300,\"height\":100,\"caption\":\"All cars news\"},\"image\":{\"@id\":\"https:\/\/all-car-news.com\/de\/#\/schema\/logo\/image\/\"}}]}<\/script>\n<!-- \/ Yoast SEO plugin. -->","yoast_head_json":{"title":"Dieser 6 Meter lange Opel Zafira ist perfekt f\u00fcr den Karneval - All cars news","robots":{"index":"index","follow":"follow","max-snippet":"max-snippet:-1","max-image-preview":"max-image-preview:large","max-video-preview":"max-video-preview:-1"},"canonical":"https:\/\/all-car-news.com\/de\/dieser-6-meter-lange-opel-zafira-ist-perfekt-fuer-den-karneval\/","og_locale":"de_DE","og_type":"article","og_title":"Dieser 6 Meter lange Opel Zafira ist perfekt f\u00fcr den Karneval - All cars news","og_description":"Vauxhall Zafira mit sechs Metern L\u00e4nge Die Suche nach Gebrauchtwagen f\u00fchrt manchmal zu \u00fcberraschenden Funden. Nehmen Sie diesen Opel Zafira aus dem Jahr 2000, der mit einem 1,6-Liter-Vierzylinder-Benzinmotor mit 101 PS (74 kW) ausgestattet ist, der f\u00fcr eine Zeit von 0-100 in 13,5 Sekunden und eine H\u00f6chstgeschwindigkeit von 176 km\/h gut ist. \u00dcbrigens ist dieser Zafira nicht mehr ganz serienm\u00e4\u00dfig, wie die extrem langen [...]","og_url":"https:\/\/all-car-news.com\/de\/dieser-6-meter-lange-opel-zafira-ist-perfekt-fuer-den-karneval\/","og_site_name":"All cars news","article_published_time":"2023-03-08T08:46:28+00:00","og_image":[{"url":"https:\/\/autorai.nl\/wp-content\/uploads\/2023\/03\/opel-zafira-geel-foto1-360x270.jpg"}],"twitter_card":"summary_large_image","twitter_misc":{"Gesch\u00e4tzte Lesezeit":"1\u00a0Minute"},"schema":{"@context":"https:\/\/schema.org","@graph":[{"@type":"Article","@id":"https:\/\/all-car-news.com\/de\/dieser-6-meter-lange-opel-zafira-ist-perfekt-fuer-den-karneval\/#article","isPartOf":{"@id":"https:\/\/all-car-news.com\/de\/dieser-6-meter-lange-opel-zafira-ist-perfekt-fuer-den-karneval\/"},"author":{"name":"","@id":""},"headline":"Dieser 6 Meter lange Opel Zafira ist perfekt f\u00fcr den Karneval","datePublished":"2023-03-08T08:46:28+00:00","dateModified":"2023-03-08T08:46:28+00:00","mainEntityOfPage":{"@id":"https:\/\/all-car-news.com\/de\/dieser-6-meter-lange-opel-zafira-ist-perfekt-fuer-den-karneval\/"},"wordCount":146,"publisher":{"@id":"https:\/\/all-car-news.com\/de\/#organization"},"articleSection":["Auto Nachrichten"],"inLanguage":"de"},{"@type":"WebPage","@id":"https:\/\/all-car-news.com\/de\/dieser-6-meter-lange-opel-zafira-ist-perfekt-fuer-den-karneval\/","url":"https:\/\/all-car-news.com\/de\/dieser-6-meter-lange-opel-zafira-ist-perfekt-fuer-den-karneval\/","name":"Dieser 6 Meter lange Opel Zafira ist perfekt f\u00fcr den Karneval - All cars news","isPartOf":{"@id":"https:\/\/all-car-news.com\/de\/#website"},"datePublished":"2023-03-08T08:46:28+00:00","dateModified":"2023-03-08T08:46:28+00:00","breadcrumb":{"@id":"https:\/\/all-car-news.com\/de\/dieser-6-meter-lange-opel-zafira-ist-perfekt-fuer-den-karneval\/#breadcrumb"},"inLanguage":"de","potentialAction":[{"@type":"ReadAction","target":["https:\/\/all-car-news.com\/de\/dieser-6-meter-lange-opel-zafira-ist-perfekt-fuer-den-karneval\/"]}]},{"@type":"BreadcrumbList","@id":"https:\/\/all-car-news.com\/de\/dieser-6-meter-lange-opel-zafira-ist-perfekt-fuer-den-karneval\/#breadcrumb","itemListElement":[{"@type":"ListItem","position":1,"name":"Home","item":"https:\/\/all-car-news.com\/de\/"},{"@type":"ListItem","position":2,"name":"Dieser 6 Meter lange Opel Zafira ist perfekt f\u00fcr den Karneval"}]},{"@type":"WebSite","@id":"https:\/\/all-car-news.com\/de\/#website","url":"https:\/\/all-car-news.com\/de\/","name":"All cars news","description":"","publisher":{"@id":"https:\/\/all-car-news.com\/de\/#organization"},"potentialAction":[{"@type":"SearchAction","target":{"@type":"EntryPoint","urlTemplate":"https:\/\/all-car-news.com\/de\/?s={search_term_string}"},"query-input":"required name=search_term_string"}],"inLanguage":"de"},{"@type":"Organization","@id":"https:\/\/all-car-news.com\/de\/#organization","name":"All cars news","url":"https:\/\/all-car-news.com\/de\/","logo":{"@type":"ImageObject","inLanguage":"de","@id":"https:\/\/all-car-news.com\/de\/#\/schema\/logo\/image\/","url":"https:\/\/all-car-news.com\/wp-content\/uploads\/2022\/02\/CMYK-AllCarNews_LANDSCAPE_300px-1.png","contentUrl":"https:\/\/all-car-news.com\/wp-content\/uploads\/2022\/02\/CMYK-AllCarNews_LANDSCAPE_300px-1.png","width":300,"height":100,"caption":"All cars news"},"image":{"@id":"https:\/\/all-car-news.com\/de\/#\/schema\/logo\/image\/"}}]}},"_links":{"self":[{"href":"https:\/\/all-car-news.com\/de\/wp-json\/wp\/v2\/posts\/132743","targetHints":{"allow":["GET"]}}],"collection":[{"href":"https:\/\/all-car-news.com\/de\/wp-json\/wp\/v2\/posts"}],"about":[{"href":"https:\/\/all-car-news.com\/de\/wp-json\/wp\/v2\/types\/post"}],"replies":[{"embeddable":true,"href":"https:\/\/all-car-news.com\/de\/wp-json\/wp\/v2\/comments?post=132743"}],"version-history":[{"count":0,"href":"https:\/\/all-car-news.com\/de\/wp-json\/wp\/v2\/posts\/132743\/revisions"}],"wp:featuredmedia":[{"embeddable":true,"href":"https:\/\/all-car-news.com\/de\/wp-json\/wp\/v2\/media\/132726"}],"wp:attachment":[{"href":"https:\/\/all-car-news.com\/de\/wp-json\/wp\/v2\/media?parent=132743"}],"wp:term":[{"taxonomy":"category","embeddable":true,"href":"https:\/\/all-car-news.com\/de\/wp-json\/wp\/v2\/categories?post=132743"},{"taxonomy":"post_tag","embeddable":true,"href":"https:\/\/all-car-news.com\/de\/wp-json\/wp\/v2\/tags?post=132743"}],"curies":[{"name":"wp","href":"https:\/\/api.w.org\/{rel}","templated":true}]}}