{"id":130436,"date":"2023-01-24T09:14:43","date_gmt":"2023-01-24T09:14:43","guid":{"rendered":"https:\/\/all-car-news.com\/evs-machen-tempolimit-auf-deutschen-autobahnen-ueberfluessig\/"},"modified":"2023-01-24T09:14:43","modified_gmt":"2023-01-24T09:14:43","slug":"evs-machen-tempolimit-auf-deutschen-autobahnen-ueberfluessig","status":"publish","type":"post","link":"https:\/\/all-car-news.com\/de\/evs-machen-tempolimit-auf-deutschen-autobahnen-ueberfluessig\/","title":{"rendered":"EVs machen Tempolimit auf deutschen Autobahnen \u00fcberfl\u00fcssig"},"content":{"rendered":"<h2>Diskussion \u00fcber Tempolimit auf Autobahnen<\/h2>\n<p>Seit Jahren wird \u00fcber ein Tempolimit auf deutschen Autobahnen diskutiert, aber wirklich konkrete Pl\u00e4ne zur Einf\u00fchrung eines Tempolimits gab es nie. Die politischen Parteien waren offen f\u00fcr eine Diskussion \u00fcber das Thema, aber ein Knoten wurde nie gekn\u00fcpft.<\/p>\n<h2>Volker Wissing<\/h2>\n<p>Der Verkehrsminister des Landes, Volker Wissing, machte nun markante Aussagen, aus denen hervorgeht, dass ein Gesetzentwurf f\u00fcr ein Tempolimit auf der Autobahn vorerst nicht in Arbeit ist.  &nbsp;<\/p>\n<h2>Wir fahren bereits langsamer<\/h2>\n<p>&#8222;Geschwindigkeits\u00fcbertretungen liegen in der pers\u00f6nlichen Verantwortung der B\u00fcrger, solange andere nicht gef\u00e4hrdet werden. Der Staat muss sich hier zur\u00fcckhalten&#8220;, sagte Wissing gegen\u00fcber <a href=\"https:\/\/www.automobilwoche.de\/agenturmeldungen\/eigenverantwortung-der-burger-wissing-lehnt-tempolimit-erneut-ab\" target=\"_blank\" rel=\"noreferrer noopener\">deutschen Medien<\/a>. &#8222;Die hohen Energiepreise veranlassen schon jetzt viele Menschen dazu, langsamer zu fahren. Und mit Elektroautos werden die Leute nicht so schnell fahren, weil sie ihre Batterien schonen wollen.<\/p>\n<h2>Niedrigere H\u00f6chstgeschwindigkeit f\u00fcr E-Fahrzeuge<\/h2>\n<p>Wissing ist Teil einer Koalitionsregierung, die im Oktober 2021 gew\u00e4hlt wird. Ihm zufolge machen E-Fahrzeuge ein Tempolimit auf Autobahnen \u00fcberfl\u00fcssig, auch weil die H\u00f6chstgeschwindigkeit von E-Fahrzeugen im Vergleich zu Autos mit Verbrennungsmotor bereits deutlich niedriger ist. Nat\u00fcrlich gibt es immer Ausnahmen, aber im Allgemeinen f\u00e4hrt ein Elektrofahrzeug nicht schneller als 180 km\/h. Au\u00dferdem f\u00e4hrt niemand gerne mit einem Elektroauto bei diesen Geschwindigkeiten, weil die Reichweite drastisch sinkt.<\/p>\n<h2>Ausbau und Verbreiterung der Autobahn<\/h2>\n<p>Wissing bef\u00fcrwortet vielmehr den Ausbau und die Erweiterung von Autobahnen. Nicht alle in der Politik sind damit einverstanden, denn der Ausbau des Stra\u00dfennetzes steht im Widerspruch zu den Umweltzielen der anderen Parteien im Land. F\u00fcr Wissing ist aber klar: &#8222;Auch wenn es nicht jedem gef\u00e4llt: Es wird mehr Verkehr auf deutschen Stra\u00dfen geben und damit m\u00fcssen wir uns abfinden. Sonst wird die Wirtschaft bald zum Stillstand kommen und wir werden Arbeitspl\u00e4tze verlieren.<\/p>\n","protected":false},"excerpt":{"rendered":"Diskussion um Tempolimit auf Autobahnen Die H\u00f6chstgeschwindigkeit auf deutschen Autobahnen wird seit Jahren diskutiert, doch wirklich konkrete Pl\u00e4ne zur Einf\u00fchrung&hellip;","protected":false},"author":0,"featured_media":130399,"comment_status":"open","ping_status":"open","sticky":false,"template":"","format":"standard","meta":{"footnotes":""},"categories":[125],"tags":[],"class_list":["post-130436","post","type-post","status-publish","format-standard","has-post-thumbnail","hentry","category-auto-nachrichten"],"acf":[],"yoast_head":"<!-- This site is optimized with the Yoast SEO plugin v21.2 - https:\/\/yoast.com\/wordpress\/plugins\/seo\/ -->\n<title>EVs machen Tempolimit auf deutschen Autobahnen \u00fcberfl\u00fcssig - All cars news<\/title>\n<meta name=\"robots\" content=\"index, follow, max-snippet:-1, max-image-preview:large, max-video-preview:-1\" \/>\n<link rel=\"canonical\" href=\"https:\/\/all-car-news.com\/de\/evs-machen-tempolimit-auf-deutschen-autobahnen-ueberfluessig\/\" \/>\n<meta property=\"og:locale\" content=\"de_DE\" \/>\n<meta property=\"og:type\" content=\"article\" \/>\n<meta property=\"og:title\" content=\"EVs machen Tempolimit auf deutschen Autobahnen \u00fcberfl\u00fcssig - All cars news\" \/>\n<meta property=\"og:description\" content=\"Diskussion um Tempolimit auf Autobahnen Die H\u00f6chstgeschwindigkeit auf deutschen Autobahnen wird seit Jahren diskutiert, doch wirklich konkrete Pl\u00e4ne zur Einf\u00fchrung eines Tempolimits gab es nie. Die politischen Parteien waren offen f\u00fcr eine Diskussion \u00fcber das Thema, aber ein Knoten wurde nie gekn\u00fcpft. Volker Wissing Der Verkehrsminister des Landes, Volker Wissing, [...]\" \/>\n<meta property=\"og:url\" content=\"https:\/\/all-car-news.com\/de\/evs-machen-tempolimit-auf-deutschen-autobahnen-ueberfluessig\/\" \/>\n<meta property=\"og:site_name\" content=\"All cars news\" \/>\n<meta property=\"article:published_time\" content=\"2023-01-24T09:14:43+00:00\" \/>\n<meta name=\"twitter:card\" content=\"summary_large_image\" \/>\n<meta name=\"twitter:label1\" content=\"Gesch\u00e4tzte Lesezeit\" \/>\n\t<meta name=\"twitter:data1\" content=\"2\u00a0Minuten\" \/>\n<script type=\"application\/ld+json\" class=\"yoast-schema-graph\">{\"@context\":\"https:\/\/schema.org\",\"@graph\":[{\"@type\":\"Article\",\"@id\":\"https:\/\/all-car-news.com\/de\/evs-machen-tempolimit-auf-deutschen-autobahnen-ueberfluessig\/#article\",\"isPartOf\":{\"@id\":\"https:\/\/all-car-news.com\/de\/evs-machen-tempolimit-auf-deutschen-autobahnen-ueberfluessig\/\"},\"author\":{\"name\":\"\",\"@id\":\"\"},\"headline\":\"EVs machen Tempolimit auf deutschen Autobahnen \u00fcberfl\u00fcssig\",\"datePublished\":\"2023-01-24T09:14:43+00:00\",\"dateModified\":\"2023-01-24T09:14:43+00:00\",\"mainEntityOfPage\":{\"@id\":\"https:\/\/all-car-news.com\/de\/evs-machen-tempolimit-auf-deutschen-autobahnen-ueberfluessig\/\"},\"wordCount\":311,\"commentCount\":0,\"publisher\":{\"@id\":\"https:\/\/all-car-news.com\/de\/#organization\"},\"articleSection\":[\"Auto Nachrichten\"],\"inLanguage\":\"de\",\"potentialAction\":[{\"@type\":\"CommentAction\",\"name\":\"Comment\",\"target\":[\"https:\/\/all-car-news.com\/de\/evs-machen-tempolimit-auf-deutschen-autobahnen-ueberfluessig\/#respond\"]}]},{\"@type\":\"WebPage\",\"@id\":\"https:\/\/all-car-news.com\/de\/evs-machen-tempolimit-auf-deutschen-autobahnen-ueberfluessig\/\",\"url\":\"https:\/\/all-car-news.com\/de\/evs-machen-tempolimit-auf-deutschen-autobahnen-ueberfluessig\/\",\"name\":\"EVs machen Tempolimit auf deutschen Autobahnen \u00fcberfl\u00fcssig - All cars news\",\"isPartOf\":{\"@id\":\"https:\/\/all-car-news.com\/de\/#website\"},\"datePublished\":\"2023-01-24T09:14:43+00:00\",\"dateModified\":\"2023-01-24T09:14:43+00:00\",\"breadcrumb\":{\"@id\":\"https:\/\/all-car-news.com\/de\/evs-machen-tempolimit-auf-deutschen-autobahnen-ueberfluessig\/#breadcrumb\"},\"inLanguage\":\"de\",\"potentialAction\":[{\"@type\":\"ReadAction\",\"target\":[\"https:\/\/all-car-news.com\/de\/evs-machen-tempolimit-auf-deutschen-autobahnen-ueberfluessig\/\"]}]},{\"@type\":\"BreadcrumbList\",\"@id\":\"https:\/\/all-car-news.com\/de\/evs-machen-tempolimit-auf-deutschen-autobahnen-ueberfluessig\/#breadcrumb\",\"itemListElement\":[{\"@type\":\"ListItem\",\"position\":1,\"name\":\"Home\",\"item\":\"https:\/\/all-car-news.com\/de\/\"},{\"@type\":\"ListItem\",\"position\":2,\"name\":\"EVs machen Tempolimit auf deutschen Autobahnen \u00fcberfl\u00fcssig\"}]},{\"@type\":\"WebSite\",\"@id\":\"https:\/\/all-car-news.com\/de\/#website\",\"url\":\"https:\/\/all-car-news.com\/de\/\",\"name\":\"All cars news\",\"description\":\"\",\"publisher\":{\"@id\":\"https:\/\/all-car-news.com\/de\/#organization\"},\"potentialAction\":[{\"@type\":\"SearchAction\",\"target\":{\"@type\":\"EntryPoint\",\"urlTemplate\":\"https:\/\/all-car-news.com\/de\/?s={search_term_string}\"},\"query-input\":\"required name=search_term_string\"}],\"inLanguage\":\"de\"},{\"@type\":\"Organization\",\"@id\":\"https:\/\/all-car-news.com\/de\/#organization\",\"name\":\"All cars news\",\"url\":\"https:\/\/all-car-news.com\/de\/\",\"logo\":{\"@type\":\"ImageObject\",\"inLanguage\":\"de\",\"@id\":\"https:\/\/all-car-news.com\/de\/#\/schema\/logo\/image\/\",\"url\":\"https:\/\/all-car-news.com\/wp-content\/uploads\/2022\/02\/CMYK-AllCarNews_LANDSCAPE_300px-1.png\",\"contentUrl\":\"https:\/\/all-car-news.com\/wp-content\/uploads\/2022\/02\/CMYK-AllCarNews_LANDSCAPE_300px-1.png\",\"width\":300,\"height\":100,\"caption\":\"All cars news\"},\"image\":{\"@id\":\"https:\/\/all-car-news.com\/de\/#\/schema\/logo\/image\/\"}}]}<\/script>\n<!-- \/ Yoast SEO plugin. -->","yoast_head_json":{"title":"EVs machen Tempolimit auf deutschen Autobahnen \u00fcberfl\u00fcssig - All cars news","robots":{"index":"index","follow":"follow","max-snippet":"max-snippet:-1","max-image-preview":"max-image-preview:large","max-video-preview":"max-video-preview:-1"},"canonical":"https:\/\/all-car-news.com\/de\/evs-machen-tempolimit-auf-deutschen-autobahnen-ueberfluessig\/","og_locale":"de_DE","og_type":"article","og_title":"EVs machen Tempolimit auf deutschen Autobahnen \u00fcberfl\u00fcssig - All cars news","og_description":"Diskussion um Tempolimit auf Autobahnen Die H\u00f6chstgeschwindigkeit auf deutschen Autobahnen wird seit Jahren diskutiert, doch wirklich konkrete Pl\u00e4ne zur Einf\u00fchrung eines Tempolimits gab es nie. Die politischen Parteien waren offen f\u00fcr eine Diskussion \u00fcber das Thema, aber ein Knoten wurde nie gekn\u00fcpft. Volker Wissing Der Verkehrsminister des Landes, Volker Wissing, [...]","og_url":"https:\/\/all-car-news.com\/de\/evs-machen-tempolimit-auf-deutschen-autobahnen-ueberfluessig\/","og_site_name":"All cars news","article_published_time":"2023-01-24T09:14:43+00:00","twitter_card":"summary_large_image","twitter_misc":{"Gesch\u00e4tzte Lesezeit":"2\u00a0Minuten"},"schema":{"@context":"https:\/\/schema.org","@graph":[{"@type":"Article","@id":"https:\/\/all-car-news.com\/de\/evs-machen-tempolimit-auf-deutschen-autobahnen-ueberfluessig\/#article","isPartOf":{"@id":"https:\/\/all-car-news.com\/de\/evs-machen-tempolimit-auf-deutschen-autobahnen-ueberfluessig\/"},"author":{"name":"","@id":""},"headline":"EVs machen Tempolimit auf deutschen Autobahnen \u00fcberfl\u00fcssig","datePublished":"2023-01-24T09:14:43+00:00","dateModified":"2023-01-24T09:14:43+00:00","mainEntityOfPage":{"@id":"https:\/\/all-car-news.com\/de\/evs-machen-tempolimit-auf-deutschen-autobahnen-ueberfluessig\/"},"wordCount":311,"commentCount":0,"publisher":{"@id":"https:\/\/all-car-news.com\/de\/#organization"},"articleSection":["Auto Nachrichten"],"inLanguage":"de","potentialAction":[{"@type":"CommentAction","name":"Comment","target":["https:\/\/all-car-news.com\/de\/evs-machen-tempolimit-auf-deutschen-autobahnen-ueberfluessig\/#respond"]}]},{"@type":"WebPage","@id":"https:\/\/all-car-news.com\/de\/evs-machen-tempolimit-auf-deutschen-autobahnen-ueberfluessig\/","url":"https:\/\/all-car-news.com\/de\/evs-machen-tempolimit-auf-deutschen-autobahnen-ueberfluessig\/","name":"EVs machen Tempolimit auf deutschen Autobahnen \u00fcberfl\u00fcssig - All cars news","isPartOf":{"@id":"https:\/\/all-car-news.com\/de\/#website"},"datePublished":"2023-01-24T09:14:43+00:00","dateModified":"2023-01-24T09:14:43+00:00","breadcrumb":{"@id":"https:\/\/all-car-news.com\/de\/evs-machen-tempolimit-auf-deutschen-autobahnen-ueberfluessig\/#breadcrumb"},"inLanguage":"de","potentialAction":[{"@type":"ReadAction","target":["https:\/\/all-car-news.com\/de\/evs-machen-tempolimit-auf-deutschen-autobahnen-ueberfluessig\/"]}]},{"@type":"BreadcrumbList","@id":"https:\/\/all-car-news.com\/de\/evs-machen-tempolimit-auf-deutschen-autobahnen-ueberfluessig\/#breadcrumb","itemListElement":[{"@type":"ListItem","position":1,"name":"Home","item":"https:\/\/all-car-news.com\/de\/"},{"@type":"ListItem","position":2,"name":"EVs machen Tempolimit auf deutschen Autobahnen \u00fcberfl\u00fcssig"}]},{"@type":"WebSite","@id":"https:\/\/all-car-news.com\/de\/#website","url":"https:\/\/all-car-news.com\/de\/","name":"All cars news","description":"","publisher":{"@id":"https:\/\/all-car-news.com\/de\/#organization"},"potentialAction":[{"@type":"SearchAction","target":{"@type":"EntryPoint","urlTemplate":"https:\/\/all-car-news.com\/de\/?s={search_term_string}"},"query-input":"required name=search_term_string"}],"inLanguage":"de"},{"@type":"Organization","@id":"https:\/\/all-car-news.com\/de\/#organization","name":"All cars news","url":"https:\/\/all-car-news.com\/de\/","logo":{"@type":"ImageObject","inLanguage":"de","@id":"https:\/\/all-car-news.com\/de\/#\/schema\/logo\/image\/","url":"https:\/\/all-car-news.com\/wp-content\/uploads\/2022\/02\/CMYK-AllCarNews_LANDSCAPE_300px-1.png","contentUrl":"https:\/\/all-car-news.com\/wp-content\/uploads\/2022\/02\/CMYK-AllCarNews_LANDSCAPE_300px-1.png","width":300,"height":100,"caption":"All cars news"},"image":{"@id":"https:\/\/all-car-news.com\/de\/#\/schema\/logo\/image\/"}}]}},"_links":{"self":[{"href":"https:\/\/all-car-news.com\/de\/wp-json\/wp\/v2\/posts\/130436","targetHints":{"allow":["GET"]}}],"collection":[{"href":"https:\/\/all-car-news.com\/de\/wp-json\/wp\/v2\/posts"}],"about":[{"href":"https:\/\/all-car-news.com\/de\/wp-json\/wp\/v2\/types\/post"}],"replies":[{"embeddable":true,"href":"https:\/\/all-car-news.com\/de\/wp-json\/wp\/v2\/comments?post=130436"}],"version-history":[{"count":0,"href":"https:\/\/all-car-news.com\/de\/wp-json\/wp\/v2\/posts\/130436\/revisions"}],"wp:featuredmedia":[{"embeddable":true,"href":"https:\/\/all-car-news.com\/de\/wp-json\/wp\/v2\/media\/130399"}],"wp:attachment":[{"href":"https:\/\/all-car-news.com\/de\/wp-json\/wp\/v2\/media?parent=130436"}],"wp:term":[{"taxonomy":"category","embeddable":true,"href":"https:\/\/all-car-news.com\/de\/wp-json\/wp\/v2\/categories?post=130436"},{"taxonomy":"post_tag","embeddable":true,"href":"https:\/\/all-car-news.com\/de\/wp-json\/wp\/v2\/tags?post=130436"}],"curies":[{"name":"wp","href":"https:\/\/api.w.org\/{rel}","templated":true}]}}