{"id":129844,"date":"2023-01-13T16:54:00","date_gmt":"2023-01-13T16:54:00","guid":{"rendered":"https:\/\/all-car-news.com\/tesla-model-3-und-model-y-stark-im-preis-reduziert\/"},"modified":"2023-01-13T16:54:00","modified_gmt":"2023-01-13T16:54:00","slug":"tesla-model-3-und-model-y-stark-im-preis-reduziert","status":"publish","type":"post","link":"https:\/\/all-car-news.com\/de\/tesla-model-3-und-model-y-stark-im-preis-reduziert\/","title":{"rendered":"Tesla Model 3 und Model Y stark im Preis reduziert"},"content":{"rendered":"<p>Unsere treuen Leser erinnern sich vielleicht an die Nachricht, dass Tesla-Kunden in China w\u00fctend den Showroom st\u00fcrmten, weil die Marke <a href=\"https:\/\/autorai.nl\/tesla-eigenaren-woedend-om-hoge-korting-en-bestormen-showroom-video\/\" target=\"_blank\" rel=\"noreferrer noopener\">pl\u00f6tzlich hohe Rabatte auf viele Modelle anbot<\/a>. Dieser Rabatt ist nicht nur auf den chinesischen Markt beschr\u00e4nkt. Auch in den Niederlanden senkt Tesla die Preise. In der Tat sind das Tesla Model 3 und Model Y pl\u00f6tzlich f\u00fcr Tausende weniger zu haben. Das Model 3 ist ab sofort ab 45.993 Euro fahrbereit, das Model Y ab 47.993 Euro.<\/p>\n<h2>Subventionierter Tesla<\/h2>\n<p>Diese neuen Startpreise bedeuten, dass der Einstieg in ein Model 3 um satte 7.000 Euro g\u00fcnstiger geworden ist! Und es gibt noch mehr gute Nachrichten f\u00fcr diejenigen, die ein Auge auf das Model 3 geworfen haben, denn der steuerliche Einstiegspreis liegt mit 44.990 Euro knapp unter der 45.000-Euro-Grenze f\u00fcr die Beantragung der <a href=\"https:\/\/autorai.nl\/deze-3-nieuwe-elektrische-autos-zijn-dankzij-subsidie-koopjes\/\" target=\"_blank\" rel=\"noreferrer noopener\">SEPP-F\u00f6rderung<\/a>. Das bedeutet, dass Sie als Privatperson weitere 2.950 Euro Rabatt auf Ihr neues Tesla Model 3 erhalten k\u00f6nnen. Alles in allem sind Sie also fast 10 Riesen billiger als vorher. Die Einstiegsversion des Tesla Model Y f\u00e4llt noch nicht unter die F\u00f6rderungsgrenze.<\/p>\n<figure class=\"wp-block-image size-content\"><img decoding=\"async\" loading=\"lazy\" width=\"1140\" height=\"641\" src=\"https:\/\/autorai.nl\/wp-content\/uploads\/2021\/11\/Tesla-Model-Y-2021-FOTO-0012-1600x900-1-1140x641.jpg\" alt=\"\" class=\"wp-image-112477\"><figcaption>Die gr\u00f6\u00dfte Preissenkung gibt es f\u00fcr diesen Typ: das Modell Y Long Range.<\/figcaption><\/figure>\n<h2>Auch Rabatte auf teurere Versionen<\/h2>\n<p>Tesla senkt nicht nur die Einstiegsversionen des Model 3 und des Model Y. Auch die teureren Versionen der beiden Fahrzeuge, Long Range und Performance, erhalten einen niedrigeren Einstiegspreis. Der \u00dcbersichtlichkeit halber sind in der nachstehenden Tabelle alle neuen und alten Preise nebeneinander aufgef\u00fchrt. Der gr\u00f6\u00dfte Rabatt gilt f\u00fcr das Modell Y Long Range. Mit dieser Version spart Tesla satte 12.000 Euro gegen\u00fcber dem bisherigen Startpreis!<\/p>\n<figure class=\"wp-block-table\">\n<table>\n<tbody>\n<tr>\n<td>\n  <strong>Modell und Version<\/strong>\n<\/td>\n<td>\n  <strong>Alter Startpreis (steuerlich)<\/strong>\n<\/td>\n<td><strong>Neuer Startpreis<\/strong> <strong>(steuerlich)<\/strong><\/td>\n<\/tr>\n<tr>\n<td>\n  <strong>Tesla Model 3<\/strong>\n<\/td>\n<td>$51,990<\/td>\n<td>$44,990<\/td>\n<\/tr>\n<tr>\n<td>\n  <strong>Tesla Model 3 Gro\u00dfe Reichweite<\/strong>\n<\/td>\n<td>$59,990<\/td>\n<td>$52,990<\/td>\n<\/tr>\n<tr>\n<td>\n  <strong>Tesla Model 3 Leistung<\/strong>\n<\/td>\n<td>$59,990<\/td>\n<td>$65,990<\/td>\n<\/tr>\n<tr>\n<td>\n  <strong>Tesla Model Y<\/strong>\n<\/td>\n<td>$49,990<\/td>\n<td>$46,990<\/td>\n<\/tr>\n<tr>\n<td>\n  <strong>Tesla Model Y Gro\u00dfe Reichweite<\/strong>\n<\/td>\n<td>$65,990<\/td>\n<td>$53,990<\/td>\n<\/tr>\n<tr>\n<td>\n  <strong>Tesla Model Y Leistung<\/strong>\n<\/td>\n<td>$69,990<\/td>\n<td>$63,990<\/td>\n<\/tr>\n<\/tbody>\n<\/table>\n<\/figure>\n<h2>Warum senkt Tesla die Preise f\u00fcr das Model 3 und das Model Y?<\/h2>\n<p>Der Grund, warum Tesla die Einstiegsversion des Model 3 rabattiert, wurde eigentlich schon genannt. Das hat alles mit der SEPP-Subvention zu tun, mit der die Marke zus\u00e4tzliche Kunden locken will. In der Tat sind die Verk\u00e4ufe des Model 3 im vergangenen Jahr erheblich eingebrochen. Dar\u00fcber hinaus erkl\u00e4rte Tesla in einer Erkl\u00e4rung zu den Preissenkungen, dass es das Ziel des Unternehmens sei, &#8222;den \u00dcbergang zu erneuerbaren Energien zu beschleunigen&#8220;. Tesla erkl\u00e4rt auch, dass die Produktion in den Gigafactories derzeit erh\u00f6ht wird, wodurch die Fahrzeuge erschwinglicher werden.<\/p>\n<p>Links oder rechts: Die Preissenkung ist ein sehr attraktives Angebot f\u00fcr Neukunden, aber ziemlich sauer f\u00fcr Leute, die in letzter Zeit einen Tesla zu einem viel h\u00f6heren Preis bestellt haben&#8230;<\/p>\n<figure class=\"wp-block-embed is-type-video is-provider-youtube wp-block-embed-youtube wp-embed-aspect-16-9 wp-has-aspect-ratio\">\n<div class=\"wp-block-embed__wrapper\">\n<\/div>\n<\/figure>\n","protected":false},"excerpt":{"rendered":"Unsere treuen Leser erinnern sich vielleicht an die Nachricht, dass Tesla-Kunden in China w\u00fctend den Showroom st\u00fcrmten, weil die Marke&hellip;","protected":false},"author":0,"featured_media":126213,"comment_status":"open","ping_status":"open","sticky":false,"template":"","format":"standard","meta":{"footnotes":""},"categories":[125],"tags":[],"class_list":["post-129844","post","type-post","status-publish","format-standard","has-post-thumbnail","hentry","category-auto-nachrichten"],"acf":[],"yoast_head":"<!-- This site is optimized with the Yoast SEO plugin v21.2 - https:\/\/yoast.com\/wordpress\/plugins\/seo\/ -->\n<title>Tesla Model 3 und Model Y stark im Preis reduziert - All cars news<\/title>\n<meta name=\"robots\" content=\"index, follow, max-snippet:-1, max-image-preview:large, max-video-preview:-1\" \/>\n<link rel=\"canonical\" href=\"https:\/\/all-car-news.com\/de\/tesla-model-3-und-model-y-stark-im-preis-reduziert\/\" \/>\n<meta property=\"og:locale\" content=\"de_DE\" \/>\n<meta property=\"og:type\" content=\"article\" \/>\n<meta property=\"og:title\" content=\"Tesla Model 3 und Model Y stark im Preis reduziert - All cars news\" \/>\n<meta property=\"og:description\" content=\"Unsere treuen Leser erinnern sich vielleicht an die Nachricht, dass Tesla-Kunden in China w\u00fctend den Showroom st\u00fcrmten, weil die Marke pl\u00f6tzlich hohe Rabatte auf viele Modelle anbot. Dieser Rabatt ist nicht nur auf den chinesischen Markt beschr\u00e4nkt. Auch in den Niederlanden senkt Tesla die Preise. In der Tat sind das Tesla Model 3 und Model Y pl\u00f6tzlich [...]\" \/>\n<meta property=\"og:url\" content=\"https:\/\/all-car-news.com\/de\/tesla-model-3-und-model-y-stark-im-preis-reduziert\/\" \/>\n<meta property=\"og:site_name\" content=\"All cars news\" \/>\n<meta property=\"article:published_time\" content=\"2023-01-13T16:54:00+00:00\" \/>\n<meta property=\"og:image\" content=\"https:\/\/autorai.nl\/wp-content\/uploads\/2021\/11\/Tesla-Model-Y-2021-FOTO-0012-1600x900-1-1140x641.jpg\" \/>\n<meta name=\"twitter:card\" content=\"summary_large_image\" \/>\n<meta name=\"twitter:label1\" content=\"Gesch\u00e4tzte Lesezeit\" \/>\n\t<meta name=\"twitter:data1\" content=\"2\u00a0Minuten\" \/>\n<script type=\"application\/ld+json\" class=\"yoast-schema-graph\">{\"@context\":\"https:\/\/schema.org\",\"@graph\":[{\"@type\":\"Article\",\"@id\":\"https:\/\/all-car-news.com\/de\/tesla-model-3-und-model-y-stark-im-preis-reduziert\/#article\",\"isPartOf\":{\"@id\":\"https:\/\/all-car-news.com\/de\/tesla-model-3-und-model-y-stark-im-preis-reduziert\/\"},\"author\":{\"name\":\"\",\"@id\":\"\"},\"headline\":\"Tesla Model 3 und Model Y stark im Preis reduziert\",\"datePublished\":\"2023-01-13T16:54:00+00:00\",\"dateModified\":\"2023-01-13T16:54:00+00:00\",\"mainEntityOfPage\":{\"@id\":\"https:\/\/all-car-news.com\/de\/tesla-model-3-und-model-y-stark-im-preis-reduziert\/\"},\"wordCount\":441,\"commentCount\":0,\"publisher\":{\"@id\":\"https:\/\/all-car-news.com\/de\/#organization\"},\"articleSection\":[\"Auto Nachrichten\"],\"inLanguage\":\"de\",\"potentialAction\":[{\"@type\":\"CommentAction\",\"name\":\"Comment\",\"target\":[\"https:\/\/all-car-news.com\/de\/tesla-model-3-und-model-y-stark-im-preis-reduziert\/#respond\"]}]},{\"@type\":\"WebPage\",\"@id\":\"https:\/\/all-car-news.com\/de\/tesla-model-3-und-model-y-stark-im-preis-reduziert\/\",\"url\":\"https:\/\/all-car-news.com\/de\/tesla-model-3-und-model-y-stark-im-preis-reduziert\/\",\"name\":\"Tesla Model 3 und Model Y stark im Preis reduziert - All cars news\",\"isPartOf\":{\"@id\":\"https:\/\/all-car-news.com\/de\/#website\"},\"datePublished\":\"2023-01-13T16:54:00+00:00\",\"dateModified\":\"2023-01-13T16:54:00+00:00\",\"breadcrumb\":{\"@id\":\"https:\/\/all-car-news.com\/de\/tesla-model-3-und-model-y-stark-im-preis-reduziert\/#breadcrumb\"},\"inLanguage\":\"de\",\"potentialAction\":[{\"@type\":\"ReadAction\",\"target\":[\"https:\/\/all-car-news.com\/de\/tesla-model-3-und-model-y-stark-im-preis-reduziert\/\"]}]},{\"@type\":\"BreadcrumbList\",\"@id\":\"https:\/\/all-car-news.com\/de\/tesla-model-3-und-model-y-stark-im-preis-reduziert\/#breadcrumb\",\"itemListElement\":[{\"@type\":\"ListItem\",\"position\":1,\"name\":\"Home\",\"item\":\"https:\/\/all-car-news.com\/de\/\"},{\"@type\":\"ListItem\",\"position\":2,\"name\":\"Tesla Model 3 und Model Y stark im Preis reduziert\"}]},{\"@type\":\"WebSite\",\"@id\":\"https:\/\/all-car-news.com\/de\/#website\",\"url\":\"https:\/\/all-car-news.com\/de\/\",\"name\":\"All cars news\",\"description\":\"\",\"publisher\":{\"@id\":\"https:\/\/all-car-news.com\/de\/#organization\"},\"potentialAction\":[{\"@type\":\"SearchAction\",\"target\":{\"@type\":\"EntryPoint\",\"urlTemplate\":\"https:\/\/all-car-news.com\/de\/?s={search_term_string}\"},\"query-input\":\"required name=search_term_string\"}],\"inLanguage\":\"de\"},{\"@type\":\"Organization\",\"@id\":\"https:\/\/all-car-news.com\/de\/#organization\",\"name\":\"All cars news\",\"url\":\"https:\/\/all-car-news.com\/de\/\",\"logo\":{\"@type\":\"ImageObject\",\"inLanguage\":\"de\",\"@id\":\"https:\/\/all-car-news.com\/de\/#\/schema\/logo\/image\/\",\"url\":\"https:\/\/all-car-news.com\/wp-content\/uploads\/2022\/02\/CMYK-AllCarNews_LANDSCAPE_300px-1.png\",\"contentUrl\":\"https:\/\/all-car-news.com\/wp-content\/uploads\/2022\/02\/CMYK-AllCarNews_LANDSCAPE_300px-1.png\",\"width\":300,\"height\":100,\"caption\":\"All cars news\"},\"image\":{\"@id\":\"https:\/\/all-car-news.com\/de\/#\/schema\/logo\/image\/\"}}]}<\/script>\n<!-- \/ Yoast SEO plugin. -->","yoast_head_json":{"title":"Tesla Model 3 und Model Y stark im Preis reduziert - All cars news","robots":{"index":"index","follow":"follow","max-snippet":"max-snippet:-1","max-image-preview":"max-image-preview:large","max-video-preview":"max-video-preview:-1"},"canonical":"https:\/\/all-car-news.com\/de\/tesla-model-3-und-model-y-stark-im-preis-reduziert\/","og_locale":"de_DE","og_type":"article","og_title":"Tesla Model 3 und Model Y stark im Preis reduziert - All cars news","og_description":"Unsere treuen Leser erinnern sich vielleicht an die Nachricht, dass Tesla-Kunden in China w\u00fctend den Showroom st\u00fcrmten, weil die Marke pl\u00f6tzlich hohe Rabatte auf viele Modelle anbot. Dieser Rabatt ist nicht nur auf den chinesischen Markt beschr\u00e4nkt. Auch in den Niederlanden senkt Tesla die Preise. In der Tat sind das Tesla Model 3 und Model Y pl\u00f6tzlich [...]","og_url":"https:\/\/all-car-news.com\/de\/tesla-model-3-und-model-y-stark-im-preis-reduziert\/","og_site_name":"All cars news","article_published_time":"2023-01-13T16:54:00+00:00","og_image":[{"url":"https:\/\/autorai.nl\/wp-content\/uploads\/2021\/11\/Tesla-Model-Y-2021-FOTO-0012-1600x900-1-1140x641.jpg"}],"twitter_card":"summary_large_image","twitter_misc":{"Gesch\u00e4tzte Lesezeit":"2\u00a0Minuten"},"schema":{"@context":"https:\/\/schema.org","@graph":[{"@type":"Article","@id":"https:\/\/all-car-news.com\/de\/tesla-model-3-und-model-y-stark-im-preis-reduziert\/#article","isPartOf":{"@id":"https:\/\/all-car-news.com\/de\/tesla-model-3-und-model-y-stark-im-preis-reduziert\/"},"author":{"name":"","@id":""},"headline":"Tesla Model 3 und Model Y stark im Preis reduziert","datePublished":"2023-01-13T16:54:00+00:00","dateModified":"2023-01-13T16:54:00+00:00","mainEntityOfPage":{"@id":"https:\/\/all-car-news.com\/de\/tesla-model-3-und-model-y-stark-im-preis-reduziert\/"},"wordCount":441,"commentCount":0,"publisher":{"@id":"https:\/\/all-car-news.com\/de\/#organization"},"articleSection":["Auto Nachrichten"],"inLanguage":"de","potentialAction":[{"@type":"CommentAction","name":"Comment","target":["https:\/\/all-car-news.com\/de\/tesla-model-3-und-model-y-stark-im-preis-reduziert\/#respond"]}]},{"@type":"WebPage","@id":"https:\/\/all-car-news.com\/de\/tesla-model-3-und-model-y-stark-im-preis-reduziert\/","url":"https:\/\/all-car-news.com\/de\/tesla-model-3-und-model-y-stark-im-preis-reduziert\/","name":"Tesla Model 3 und Model Y stark im Preis reduziert - All cars news","isPartOf":{"@id":"https:\/\/all-car-news.com\/de\/#website"},"datePublished":"2023-01-13T16:54:00+00:00","dateModified":"2023-01-13T16:54:00+00:00","breadcrumb":{"@id":"https:\/\/all-car-news.com\/de\/tesla-model-3-und-model-y-stark-im-preis-reduziert\/#breadcrumb"},"inLanguage":"de","potentialAction":[{"@type":"ReadAction","target":["https:\/\/all-car-news.com\/de\/tesla-model-3-und-model-y-stark-im-preis-reduziert\/"]}]},{"@type":"BreadcrumbList","@id":"https:\/\/all-car-news.com\/de\/tesla-model-3-und-model-y-stark-im-preis-reduziert\/#breadcrumb","itemListElement":[{"@type":"ListItem","position":1,"name":"Home","item":"https:\/\/all-car-news.com\/de\/"},{"@type":"ListItem","position":2,"name":"Tesla Model 3 und Model Y stark im Preis reduziert"}]},{"@type":"WebSite","@id":"https:\/\/all-car-news.com\/de\/#website","url":"https:\/\/all-car-news.com\/de\/","name":"All cars news","description":"","publisher":{"@id":"https:\/\/all-car-news.com\/de\/#organization"},"potentialAction":[{"@type":"SearchAction","target":{"@type":"EntryPoint","urlTemplate":"https:\/\/all-car-news.com\/de\/?s={search_term_string}"},"query-input":"required name=search_term_string"}],"inLanguage":"de"},{"@type":"Organization","@id":"https:\/\/all-car-news.com\/de\/#organization","name":"All cars news","url":"https:\/\/all-car-news.com\/de\/","logo":{"@type":"ImageObject","inLanguage":"de","@id":"https:\/\/all-car-news.com\/de\/#\/schema\/logo\/image\/","url":"https:\/\/all-car-news.com\/wp-content\/uploads\/2022\/02\/CMYK-AllCarNews_LANDSCAPE_300px-1.png","contentUrl":"https:\/\/all-car-news.com\/wp-content\/uploads\/2022\/02\/CMYK-AllCarNews_LANDSCAPE_300px-1.png","width":300,"height":100,"caption":"All cars news"},"image":{"@id":"https:\/\/all-car-news.com\/de\/#\/schema\/logo\/image\/"}}]}},"_links":{"self":[{"href":"https:\/\/all-car-news.com\/de\/wp-json\/wp\/v2\/posts\/129844","targetHints":{"allow":["GET"]}}],"collection":[{"href":"https:\/\/all-car-news.com\/de\/wp-json\/wp\/v2\/posts"}],"about":[{"href":"https:\/\/all-car-news.com\/de\/wp-json\/wp\/v2\/types\/post"}],"replies":[{"embeddable":true,"href":"https:\/\/all-car-news.com\/de\/wp-json\/wp\/v2\/comments?post=129844"}],"version-history":[{"count":0,"href":"https:\/\/all-car-news.com\/de\/wp-json\/wp\/v2\/posts\/129844\/revisions"}],"wp:featuredmedia":[{"embeddable":true,"href":"https:\/\/all-car-news.com\/de\/wp-json\/wp\/v2\/media\/126213"}],"wp:attachment":[{"href":"https:\/\/all-car-news.com\/de\/wp-json\/wp\/v2\/media?parent=129844"}],"wp:term":[{"taxonomy":"category","embeddable":true,"href":"https:\/\/all-car-news.com\/de\/wp-json\/wp\/v2\/categories?post=129844"},{"taxonomy":"post_tag","embeddable":true,"href":"https:\/\/all-car-news.com\/de\/wp-json\/wp\/v2\/tags?post=129844"}],"curies":[{"name":"wp","href":"https:\/\/api.w.org\/{rel}","templated":true}]}}