{"id":129650,"date":"2023-01-10T13:22:46","date_gmt":"2023-01-10T13:22:46","guid":{"rendered":"https:\/\/all-car-news.com\/wrc-wird-die-startnummer-von-ken-block-43-nicht-mehr-verwenden\/"},"modified":"2023-01-10T13:22:46","modified_gmt":"2023-01-10T13:22:46","slug":"wrc-wird-die-startnummer-von-ken-block-43-nicht-mehr-verwenden","status":"publish","type":"post","link":"https:\/\/all-car-news.com\/de\/wrc-wird-die-startnummer-von-ken-block-43-nicht-mehr-verwenden\/","title":{"rendered":"WRC wird die Startnummer von Ken Block (43) nicht mehr verwenden"},"content":{"rendered":"<h2>Ken Block<\/h2>\n<p>Es wird Ihnen nicht entgangen sein. <a href=\"https:\/\/autorai.nl\/ken-block-55-overleden-na-sneeuwscooterongeval\/?fbclid=IwAR3iuQ7InigXhFBjivAPwfJ4ct_lJDiopvpSl5AYkdCMMp2lzyclQZPVpWE\">Ken Block<\/a>, der vor allem f\u00fcr seine spektakul\u00e4ren <a href=\"https:\/\/youtu.be\/5qanlirrRWs\">Gymkhana-Videos<\/a> auf YouTube bekannt war, starb Anfang des Jahres im Alter von 55 Jahren bei einem Schneemobilunfall. Seine Videos wurden insgesamt mehr als eine Milliarde Mal angesehen.<\/p>\n<\/p>\n<figure class=\"wp-block-image size-content is-resized\"><img decoding=\"async\" loading=\"lazy\" src=\"https:\/\/autorai.nl\/wp-content\/uploads\/2023\/01\/ken-block-red-bull-contentpool-4-1140x760.jpg\" alt=\"\" class=\"wp-image-146257\" width=\"840\" height=\"560\"><figcaption>Fotos: Red Bull Inhaltspool<\/figcaption><\/figure>\n<h2>WRC<\/h2>\n<p>Aber der Amerikaner hatte auch eine professionelle Rallye-Karriere. Block gab sein Deb\u00fct in der FIA-Rallye-Weltmeisterschaft 2007 in Mexiko und hat insgesamt 25 WRC-Rallyes bestritten. #Die Nummer 43 war die Nummer, die er seit Beginn seiner Karriere auf den Autos trug, die er fuhr. Zu seinem Gedenken hat die WRC-Organisation in Zusammenarbeit mit der FIA beschlossen, die Nummer f\u00fcr die Saison 2023 zu streichen.<\/p>\n<p>FIA-Pr\u00e4sident Mohammed Ben Sulayem: &#8222;Angesichts des enormen Beitrags, den unser guter Freund Ken Block f\u00fcr den Motorsport geleistet hat, und der Tatsache, dass er von Menschen auf der ganzen Welt so hoch gesch\u00e4tzt wurde, ist es durchaus angemessen, dass seine Nummer 43 f\u00fcr die Saison 2023 zur\u00fcckgezogen wird.&#8220;<\/p>\n<p>&#8222;Es ist eine kleine Geste, aber wir hoffen, dass sie seiner Familie und seinen Freunden in dieser Zeit eine St\u00fctze sein wird. Ken war eine wahre Legende, und die Erinnerung an diese wahre Legende wird uns immer erhalten bleiben&#8220;.<\/p>\n<p>Sehen Sie auch:<\/p>\n<figure class=\"wp-block-embed is-type-wp-embed is-provider-autorai-nl wp-block-embed-autorai-nl\">\n<div class=\"wp-block-embed__wrapper\">\n<blockquote class=\"wp-embedded-content\" data-secret=\"Z6NEL2VLpK\"><p><a href=\"https:\/\/autorai.nl\/hoelang-kun-je-met-een-elektrische-auto-in-de-file-staan-voordat-de-batterij-leeg-raakt\/\">Wie lange kann man mit einem Elektroauto im Stau fahren, bevor die Batterie leer ist?<\/a><\/p><\/blockquote>\n<\/div>\n<\/figure>\n","protected":false},"excerpt":{"rendered":"Ken Block Es wird Ihnen nicht entgangen sein. Ken Block, der vor allem f\u00fcr seine spektakul\u00e4ren Gymkhana-Videos auf YouTube bekannt&hellip;","protected":false},"author":0,"featured_media":129547,"comment_status":"open","ping_status":"open","sticky":false,"template":"","format":"standard","meta":{"footnotes":""},"categories":[125],"tags":[],"class_list":["post-129650","post","type-post","status-publish","format-standard","has-post-thumbnail","hentry","category-auto-nachrichten"],"acf":[],"yoast_head":"<!-- This site is optimized with the Yoast SEO plugin v21.2 - https:\/\/yoast.com\/wordpress\/plugins\/seo\/ -->\n<title>WRC wird die Startnummer von Ken Block (43) nicht mehr verwenden - All cars news<\/title>\n<meta name=\"robots\" content=\"index, follow, max-snippet:-1, max-image-preview:large, max-video-preview:-1\" \/>\n<link rel=\"canonical\" href=\"https:\/\/all-car-news.com\/de\/wrc-wird-die-startnummer-von-ken-block-43-nicht-mehr-verwenden\/\" \/>\n<meta property=\"og:locale\" content=\"de_DE\" \/>\n<meta property=\"og:type\" content=\"article\" \/>\n<meta property=\"og:title\" content=\"WRC wird die Startnummer von Ken Block (43) nicht mehr verwenden - All cars news\" \/>\n<meta property=\"og:description\" content=\"Ken Block Es wird Ihnen nicht entgangen sein. Ken Block, der vor allem f\u00fcr seine spektakul\u00e4ren Gymkhana-Videos auf YouTube bekannt war, starb Anfang des Jahres im Alter von 55 Jahren bei einem Schneemobilunfall. Seine Videos wurden insgesamt mehr als eine Milliarde Mal angesehen. WRC Aber der Amerikaner hatte auch eine professionelle Rallye-Karriere. Block [...]\" \/>\n<meta property=\"og:url\" content=\"https:\/\/all-car-news.com\/de\/wrc-wird-die-startnummer-von-ken-block-43-nicht-mehr-verwenden\/\" \/>\n<meta property=\"og:site_name\" content=\"All cars news\" \/>\n<meta property=\"article:published_time\" content=\"2023-01-10T13:22:46+00:00\" \/>\n<meta property=\"og:image\" content=\"https:\/\/autorai.nl\/wp-content\/uploads\/2023\/01\/ken-block-red-bull-contentpool-4-1140x760.jpg\" \/>\n<meta name=\"twitter:card\" content=\"summary_large_image\" \/>\n<meta name=\"twitter:label1\" content=\"Gesch\u00e4tzte Lesezeit\" \/>\n\t<meta name=\"twitter:data1\" content=\"1\u00a0Minute\" \/>\n<script type=\"application\/ld+json\" class=\"yoast-schema-graph\">{\"@context\":\"https:\/\/schema.org\",\"@graph\":[{\"@type\":\"Article\",\"@id\":\"https:\/\/all-car-news.com\/de\/wrc-wird-die-startnummer-von-ken-block-43-nicht-mehr-verwenden\/#article\",\"isPartOf\":{\"@id\":\"https:\/\/all-car-news.com\/de\/wrc-wird-die-startnummer-von-ken-block-43-nicht-mehr-verwenden\/\"},\"author\":{\"name\":\"\",\"@id\":\"\"},\"headline\":\"WRC wird die Startnummer von Ken Block (43) nicht mehr verwenden\",\"datePublished\":\"2023-01-10T13:22:46+00:00\",\"dateModified\":\"2023-01-10T13:22:46+00:00\",\"mainEntityOfPage\":{\"@id\":\"https:\/\/all-car-news.com\/de\/wrc-wird-die-startnummer-von-ken-block-43-nicht-mehr-verwenden\/\"},\"wordCount\":229,\"commentCount\":0,\"publisher\":{\"@id\":\"https:\/\/all-car-news.com\/de\/#organization\"},\"articleSection\":[\"Auto Nachrichten\"],\"inLanguage\":\"de\",\"potentialAction\":[{\"@type\":\"CommentAction\",\"name\":\"Comment\",\"target\":[\"https:\/\/all-car-news.com\/de\/wrc-wird-die-startnummer-von-ken-block-43-nicht-mehr-verwenden\/#respond\"]}]},{\"@type\":\"WebPage\",\"@id\":\"https:\/\/all-car-news.com\/de\/wrc-wird-die-startnummer-von-ken-block-43-nicht-mehr-verwenden\/\",\"url\":\"https:\/\/all-car-news.com\/de\/wrc-wird-die-startnummer-von-ken-block-43-nicht-mehr-verwenden\/\",\"name\":\"WRC wird die Startnummer von Ken Block (43) nicht mehr verwenden - All cars news\",\"isPartOf\":{\"@id\":\"https:\/\/all-car-news.com\/de\/#website\"},\"datePublished\":\"2023-01-10T13:22:46+00:00\",\"dateModified\":\"2023-01-10T13:22:46+00:00\",\"breadcrumb\":{\"@id\":\"https:\/\/all-car-news.com\/de\/wrc-wird-die-startnummer-von-ken-block-43-nicht-mehr-verwenden\/#breadcrumb\"},\"inLanguage\":\"de\",\"potentialAction\":[{\"@type\":\"ReadAction\",\"target\":[\"https:\/\/all-car-news.com\/de\/wrc-wird-die-startnummer-von-ken-block-43-nicht-mehr-verwenden\/\"]}]},{\"@type\":\"BreadcrumbList\",\"@id\":\"https:\/\/all-car-news.com\/de\/wrc-wird-die-startnummer-von-ken-block-43-nicht-mehr-verwenden\/#breadcrumb\",\"itemListElement\":[{\"@type\":\"ListItem\",\"position\":1,\"name\":\"Home\",\"item\":\"https:\/\/all-car-news.com\/de\/\"},{\"@type\":\"ListItem\",\"position\":2,\"name\":\"WRC wird die Startnummer von Ken Block (43) nicht mehr verwenden\"}]},{\"@type\":\"WebSite\",\"@id\":\"https:\/\/all-car-news.com\/de\/#website\",\"url\":\"https:\/\/all-car-news.com\/de\/\",\"name\":\"All cars news\",\"description\":\"\",\"publisher\":{\"@id\":\"https:\/\/all-car-news.com\/de\/#organization\"},\"potentialAction\":[{\"@type\":\"SearchAction\",\"target\":{\"@type\":\"EntryPoint\",\"urlTemplate\":\"https:\/\/all-car-news.com\/de\/?s={search_term_string}\"},\"query-input\":\"required name=search_term_string\"}],\"inLanguage\":\"de\"},{\"@type\":\"Organization\",\"@id\":\"https:\/\/all-car-news.com\/de\/#organization\",\"name\":\"All cars news\",\"url\":\"https:\/\/all-car-news.com\/de\/\",\"logo\":{\"@type\":\"ImageObject\",\"inLanguage\":\"de\",\"@id\":\"https:\/\/all-car-news.com\/de\/#\/schema\/logo\/image\/\",\"url\":\"https:\/\/all-car-news.com\/wp-content\/uploads\/2022\/02\/CMYK-AllCarNews_LANDSCAPE_300px-1.png\",\"contentUrl\":\"https:\/\/all-car-news.com\/wp-content\/uploads\/2022\/02\/CMYK-AllCarNews_LANDSCAPE_300px-1.png\",\"width\":300,\"height\":100,\"caption\":\"All cars news\"},\"image\":{\"@id\":\"https:\/\/all-car-news.com\/de\/#\/schema\/logo\/image\/\"}}]}<\/script>\n<!-- \/ Yoast SEO plugin. -->","yoast_head_json":{"title":"WRC wird die Startnummer von Ken Block (43) nicht mehr verwenden - All cars news","robots":{"index":"index","follow":"follow","max-snippet":"max-snippet:-1","max-image-preview":"max-image-preview:large","max-video-preview":"max-video-preview:-1"},"canonical":"https:\/\/all-car-news.com\/de\/wrc-wird-die-startnummer-von-ken-block-43-nicht-mehr-verwenden\/","og_locale":"de_DE","og_type":"article","og_title":"WRC wird die Startnummer von Ken Block (43) nicht mehr verwenden - All cars news","og_description":"Ken Block Es wird Ihnen nicht entgangen sein. Ken Block, der vor allem f\u00fcr seine spektakul\u00e4ren Gymkhana-Videos auf YouTube bekannt war, starb Anfang des Jahres im Alter von 55 Jahren bei einem Schneemobilunfall. Seine Videos wurden insgesamt mehr als eine Milliarde Mal angesehen. WRC Aber der Amerikaner hatte auch eine professionelle Rallye-Karriere. Block [...]","og_url":"https:\/\/all-car-news.com\/de\/wrc-wird-die-startnummer-von-ken-block-43-nicht-mehr-verwenden\/","og_site_name":"All cars news","article_published_time":"2023-01-10T13:22:46+00:00","og_image":[{"url":"https:\/\/autorai.nl\/wp-content\/uploads\/2023\/01\/ken-block-red-bull-contentpool-4-1140x760.jpg"}],"twitter_card":"summary_large_image","twitter_misc":{"Gesch\u00e4tzte Lesezeit":"1\u00a0Minute"},"schema":{"@context":"https:\/\/schema.org","@graph":[{"@type":"Article","@id":"https:\/\/all-car-news.com\/de\/wrc-wird-die-startnummer-von-ken-block-43-nicht-mehr-verwenden\/#article","isPartOf":{"@id":"https:\/\/all-car-news.com\/de\/wrc-wird-die-startnummer-von-ken-block-43-nicht-mehr-verwenden\/"},"author":{"name":"","@id":""},"headline":"WRC wird die Startnummer von Ken Block (43) nicht mehr verwenden","datePublished":"2023-01-10T13:22:46+00:00","dateModified":"2023-01-10T13:22:46+00:00","mainEntityOfPage":{"@id":"https:\/\/all-car-news.com\/de\/wrc-wird-die-startnummer-von-ken-block-43-nicht-mehr-verwenden\/"},"wordCount":229,"commentCount":0,"publisher":{"@id":"https:\/\/all-car-news.com\/de\/#organization"},"articleSection":["Auto Nachrichten"],"inLanguage":"de","potentialAction":[{"@type":"CommentAction","name":"Comment","target":["https:\/\/all-car-news.com\/de\/wrc-wird-die-startnummer-von-ken-block-43-nicht-mehr-verwenden\/#respond"]}]},{"@type":"WebPage","@id":"https:\/\/all-car-news.com\/de\/wrc-wird-die-startnummer-von-ken-block-43-nicht-mehr-verwenden\/","url":"https:\/\/all-car-news.com\/de\/wrc-wird-die-startnummer-von-ken-block-43-nicht-mehr-verwenden\/","name":"WRC wird die Startnummer von Ken Block (43) nicht mehr verwenden - All cars news","isPartOf":{"@id":"https:\/\/all-car-news.com\/de\/#website"},"datePublished":"2023-01-10T13:22:46+00:00","dateModified":"2023-01-10T13:22:46+00:00","breadcrumb":{"@id":"https:\/\/all-car-news.com\/de\/wrc-wird-die-startnummer-von-ken-block-43-nicht-mehr-verwenden\/#breadcrumb"},"inLanguage":"de","potentialAction":[{"@type":"ReadAction","target":["https:\/\/all-car-news.com\/de\/wrc-wird-die-startnummer-von-ken-block-43-nicht-mehr-verwenden\/"]}]},{"@type":"BreadcrumbList","@id":"https:\/\/all-car-news.com\/de\/wrc-wird-die-startnummer-von-ken-block-43-nicht-mehr-verwenden\/#breadcrumb","itemListElement":[{"@type":"ListItem","position":1,"name":"Home","item":"https:\/\/all-car-news.com\/de\/"},{"@type":"ListItem","position":2,"name":"WRC wird die Startnummer von Ken Block (43) nicht mehr verwenden"}]},{"@type":"WebSite","@id":"https:\/\/all-car-news.com\/de\/#website","url":"https:\/\/all-car-news.com\/de\/","name":"All cars news","description":"","publisher":{"@id":"https:\/\/all-car-news.com\/de\/#organization"},"potentialAction":[{"@type":"SearchAction","target":{"@type":"EntryPoint","urlTemplate":"https:\/\/all-car-news.com\/de\/?s={search_term_string}"},"query-input":"required name=search_term_string"}],"inLanguage":"de"},{"@type":"Organization","@id":"https:\/\/all-car-news.com\/de\/#organization","name":"All cars news","url":"https:\/\/all-car-news.com\/de\/","logo":{"@type":"ImageObject","inLanguage":"de","@id":"https:\/\/all-car-news.com\/de\/#\/schema\/logo\/image\/","url":"https:\/\/all-car-news.com\/wp-content\/uploads\/2022\/02\/CMYK-AllCarNews_LANDSCAPE_300px-1.png","contentUrl":"https:\/\/all-car-news.com\/wp-content\/uploads\/2022\/02\/CMYK-AllCarNews_LANDSCAPE_300px-1.png","width":300,"height":100,"caption":"All cars news"},"image":{"@id":"https:\/\/all-car-news.com\/de\/#\/schema\/logo\/image\/"}}]}},"_links":{"self":[{"href":"https:\/\/all-car-news.com\/de\/wp-json\/wp\/v2\/posts\/129650","targetHints":{"allow":["GET"]}}],"collection":[{"href":"https:\/\/all-car-news.com\/de\/wp-json\/wp\/v2\/posts"}],"about":[{"href":"https:\/\/all-car-news.com\/de\/wp-json\/wp\/v2\/types\/post"}],"replies":[{"embeddable":true,"href":"https:\/\/all-car-news.com\/de\/wp-json\/wp\/v2\/comments?post=129650"}],"version-history":[{"count":0,"href":"https:\/\/all-car-news.com\/de\/wp-json\/wp\/v2\/posts\/129650\/revisions"}],"wp:featuredmedia":[{"embeddable":true,"href":"https:\/\/all-car-news.com\/de\/wp-json\/wp\/v2\/media\/129547"}],"wp:attachment":[{"href":"https:\/\/all-car-news.com\/de\/wp-json\/wp\/v2\/media?parent=129650"}],"wp:term":[{"taxonomy":"category","embeddable":true,"href":"https:\/\/all-car-news.com\/de\/wp-json\/wp\/v2\/categories?post=129650"},{"taxonomy":"post_tag","embeddable":true,"href":"https:\/\/all-car-news.com\/de\/wp-json\/wp\/v2\/tags?post=129650"}],"curies":[{"name":"wp","href":"https:\/\/api.w.org\/{rel}","templated":true}]}}