{"id":129258,"date":"2022-12-23T14:47:51","date_gmt":"2022-12-23T14:47:51","guid":{"rendered":"https:\/\/all-car-news.com\/bmw-507-das-auto-das-bmw-fast-in-den-ruin-trieb\/"},"modified":"2022-12-23T14:47:51","modified_gmt":"2022-12-23T14:47:51","slug":"bmw-507-das-auto-das-bmw-fast-in-den-ruin-trieb","status":"publish","type":"post","link":"https:\/\/all-car-news.com\/de\/bmw-507-das-auto-das-bmw-fast-in-den-ruin-trieb\/","title":{"rendered":"BMW 507: das Auto, das BMW fast in den Ruin trieb"},"content":{"rendered":"<h2>BMW 507<\/h2>\n<p>Eine sch\u00f6ne Sache, nicht wahr? Zum Leidwesen von BMW wollte ihn niemand haben. Insgesamt verkaufte BMW nur 254 Exemplare des 507. Erheblich weniger. Dies h\u00e4tte beinahe zum Konkurs von BMW gef\u00fchrt. Der Mann hinter dieser Idee war Max Hoffman. Er war ein US-Autoimporteur. Hoffman war der Meinung, dass der 507 die L\u00fccke zwischen billigen und teuren Sportwagen perfekt schlie\u00dfen w\u00fcrde. Nach 3 Jahren stellte <a href=\"https:\/\/autorai.nl\/zoveel-exemplaren-van-de-bmw-3-0-csl-krijgt-nederland\/\" target=\"_blank\" rel=\"noreferrer noopener\">BMW<\/a> die Produktion des 507 im Jahr 1959 ein.<\/p>\n<figure class=\"wp-block-image size-content\"><img decoding=\"async\" loading=\"lazy\" width=\"1140\" height=\"759\" src=\"https:\/\/autorai.nl\/wp-content\/uploads\/2022\/12\/bmw_507_72-1140x759.jpg\" alt=\"\" class=\"wp-image-143829\"><\/figure>\n<h2>Einzigartig<\/h2>\n<p>Der 507 ist ein einzigartiges Auto, nicht nur wegen der geringen Anzahl der produzierten Exemplare. Es sieht sch\u00f6n aus und hat gute Eigenschaften. Vorne arbeitet ein 3,2-Liter-V8-Motor, der 150 PS leistet und einen sch\u00f6nen Sound hat. Schauen Sie einfach auf YouTube nach. Sp\u00e4tere Modelle haben dank gr\u00f6\u00dferer Ventile eine zus\u00e4tzliche Leistung von 15 PS. Der BMW 507 ist ein Schaltgetriebe mit einer H\u00f6chstgeschwindigkeit von 200 Stundenkilometern und erreicht die 100 Stundenkilometer in genau 10 Sekunden. Auch jetzt ist das kein Grund, sich zu sch\u00e4men.<\/p>\n<figure class=\"wp-block-image size-content\"><img decoding=\"async\" loading=\"lazy\" width=\"1140\" height=\"858\" src=\"https:\/\/autorai.nl\/wp-content\/uploads\/2022\/12\/bmw_507_9886_00d900000eb00b10-1140x858.jpg\" alt=\"\" class=\"wp-image-143830\"><\/figure>\n<h2><strong>Warum war der BMW 507 so entt\u00e4uschend?<\/strong><\/h2>\n<p>Ganz einfach: Es war viel zu teuer. <a href=\"https:\/\/youtu.be\/bQF226BCioE\" target=\"_blank\" rel=\"noreferrer noopener\">BMW<\/a> wollte das Auto f\u00fcr 5.000 Euro verkaufen, aber die Produktionskosten waren viel h\u00f6her als erwartet. Die Marke hat deshalb den Preis auf 9.000 Dollar hochgeschraubt. Selbst f\u00fcr diesen Betrag konnten sie keinen Gewinn erzielen, so dass der Wagen schlie\u00dflich f\u00fcr 10.500 Dollar im Ausstellungsraum stand. Das mag jetzt wenig klingen, aber f\u00fcr dieses Geld h\u00e4tte man damals auch einen Mercedes-Benz 300SL haben k\u00f6nnen.  <\/p>\n<figure class=\"wp-block-image size-content\"><img decoding=\"async\" loading=\"lazy\" width=\"1140\" height=\"759\" src=\"https:\/\/autorai.nl\/wp-content\/uploads\/2022\/12\/bmw_507_6236-1140x759.jpg\" alt=\"\" class=\"wp-image-143831\"><\/figure>\n<h2>Nicht durchf\u00fchrbar<\/h2>\n<p>BMW hatte geplant, rund 2.000 Einheiten in den USA zu verkaufen. Diese Party fand nicht statt. Insgesamt verkaufte die Marke nur 39 Einheiten des BMW 507. Der vielleicht ber\u00fchmteste Amerikaner der damaligen Zeit (und vielleicht immer noch) liebte den deutschen Sportwagen: Elvis Presley. Obwohl er mit dem Schaltgetriebe nicht gut zurechtkam, war er vom Design und der Leistung des 507 begeistert.  <\/p>\n<h2>Deutschland<\/h2>\n<p>\u00dcbrigens hatte er das Auto nicht in Amerika, sondern w\u00e4hrend seines Dienstes in Deutschland im Jahr 1958. Er lie\u00df seinen wei\u00dfen 507 in rot umlackieren, damit die weiblichen Fans sein Auto nicht erkennen konnten. Nach seiner Dienstzeit nahm er ihn mit nach Amerika und tauschte ihn nach einer Weile gegen einen Chevrolet ein. BMW hat das Auto 2016 aufgesp\u00fcrt und aufgearbeitet. Sie k\u00f6nnen das restaurierte Auto auf dem Bild \u00fcber diesem Artikel sehen.  <\/p>\n<figure class=\"wp-block-image size-content\"><img decoding=\"async\" loading=\"lazy\" width=\"1140\" height=\"761\" src=\"https:\/\/autorai.nl\/wp-content\/uploads\/2022\/12\/bmw-507-elvis-17-1140x761.jpg\" alt=\"\" class=\"wp-image-143832\"><\/figure>\n<h2><strong>Teures Auto<\/strong><\/h2>\n<p>Die entt\u00e4uschenden Verkaufszahlen vor Jahrzehnten machen den 507 heute besonders einzigartig. Und deshalb furchtbar teuer. Vor ein paar Jahren wurde ein BMW 507 f\u00fcr 2,4 Millionen Euro versteigert. Dieses Exemplar war einst im Besitz von Shane O&#8217;Neal, dem Enkel des Gr\u00fcnders der RKO-Studios, eines der gr\u00f6\u00dften Filmstudios der goldenen Jahre Hollywoods. Im Jahr 2021 wurde in einer Garage in Philadelphia ein 507 entdeckt, der 43 Jahre lang unangetastet geblieben war. Auch dieser Wagen kam f\u00fcr mehr als 2 Millionen Dollar unter den Hammer.  <\/p>\n<p>Lesen Sie auch:<\/p>\n<figure class=\"wp-block-embed is-type-wp-embed is-provider-autorai-nl wp-block-embed-autorai-nl\">\n<div class=\"wp-block-embed__wrapper\">\n<blockquote class=\"wp-embedded-content\" data-secret=\"oZTZhb8XUp\"><p><a href=\"https:\/\/autorai.nl\/langste-bmw-7-serie-ter-wereld-te-koop-in-nederland\/\">Der l\u00e4ngste BMW 7er der Welt wird in den Niederlanden verkauft<\/a><\/p><\/blockquote>\n<\/div>\n<\/figure>\n","protected":false},"excerpt":{"rendered":"BMW 507 Sch\u00f6nes Ding, was? Zum Leidwesen von BMW wollte ihn niemand haben. Insgesamt verkaufte BMW nur 254 Exemplare des&hellip;","protected":false},"author":0,"featured_media":129230,"comment_status":"open","ping_status":"open","sticky":false,"template":"","format":"standard","meta":{"footnotes":""},"categories":[128],"tags":[],"class_list":["post-129258","post","type-post","status-publish","format-standard","has-post-thumbnail","hentry","category-hintergrund"],"acf":[],"yoast_head":"<!-- This site is optimized with the Yoast SEO plugin v21.2 - https:\/\/yoast.com\/wordpress\/plugins\/seo\/ -->\n<title>BMW 507: das Auto, das BMW fast in den Ruin trieb - All cars news<\/title>\n<meta name=\"robots\" content=\"index, follow, max-snippet:-1, max-image-preview:large, max-video-preview:-1\" \/>\n<link rel=\"canonical\" href=\"https:\/\/all-car-news.com\/de\/bmw-507-das-auto-das-bmw-fast-in-den-ruin-trieb\/\" \/>\n<meta property=\"og:locale\" content=\"de_DE\" \/>\n<meta property=\"og:type\" content=\"article\" \/>\n<meta property=\"og:title\" content=\"BMW 507: das Auto, das BMW fast in den Ruin trieb - All cars news\" \/>\n<meta property=\"og:description\" content=\"BMW 507 Sch\u00f6nes Ding, was? Zum Leidwesen von BMW wollte ihn niemand haben. Insgesamt verkaufte BMW nur 254 Exemplare des 507. Erheblich weniger. Dies h\u00e4tte beinahe zum Konkurs von BMW gef\u00fchrt. Der Mann hinter dieser Idee war Max Hoffman. Er war ein US-Autoimporteur. Hoffman war der Meinung, dass der 507 die L\u00fccke zwischen [...]\" \/>\n<meta property=\"og:url\" content=\"https:\/\/all-car-news.com\/de\/bmw-507-das-auto-das-bmw-fast-in-den-ruin-trieb\/\" \/>\n<meta property=\"og:site_name\" content=\"All cars news\" \/>\n<meta property=\"article:published_time\" content=\"2022-12-23T14:47:51+00:00\" \/>\n<meta property=\"og:image\" content=\"https:\/\/autorai.nl\/wp-content\/uploads\/2022\/12\/bmw_507_72-1140x759.jpg\" \/>\n<meta name=\"twitter:card\" content=\"summary_large_image\" \/>\n<meta name=\"twitter:label1\" content=\"Gesch\u00e4tzte Lesezeit\" \/>\n\t<meta name=\"twitter:data1\" content=\"2\u00a0Minuten\" \/>\n<script type=\"application\/ld+json\" class=\"yoast-schema-graph\">{\"@context\":\"https:\/\/schema.org\",\"@graph\":[{\"@type\":\"Article\",\"@id\":\"https:\/\/all-car-news.com\/de\/bmw-507-das-auto-das-bmw-fast-in-den-ruin-trieb\/#article\",\"isPartOf\":{\"@id\":\"https:\/\/all-car-news.com\/de\/bmw-507-das-auto-das-bmw-fast-in-den-ruin-trieb\/\"},\"author\":{\"name\":\"\",\"@id\":\"\"},\"headline\":\"BMW 507: das Auto, das BMW fast in den Ruin trieb\",\"datePublished\":\"2022-12-23T14:47:51+00:00\",\"dateModified\":\"2022-12-23T14:47:51+00:00\",\"mainEntityOfPage\":{\"@id\":\"https:\/\/all-car-news.com\/de\/bmw-507-das-auto-das-bmw-fast-in-den-ruin-trieb\/\"},\"wordCount\":487,\"commentCount\":0,\"publisher\":{\"@id\":\"https:\/\/all-car-news.com\/de\/#organization\"},\"articleSection\":[\"Hintergrund\"],\"inLanguage\":\"de\",\"potentialAction\":[{\"@type\":\"CommentAction\",\"name\":\"Comment\",\"target\":[\"https:\/\/all-car-news.com\/de\/bmw-507-das-auto-das-bmw-fast-in-den-ruin-trieb\/#respond\"]}]},{\"@type\":\"WebPage\",\"@id\":\"https:\/\/all-car-news.com\/de\/bmw-507-das-auto-das-bmw-fast-in-den-ruin-trieb\/\",\"url\":\"https:\/\/all-car-news.com\/de\/bmw-507-das-auto-das-bmw-fast-in-den-ruin-trieb\/\",\"name\":\"BMW 507: das Auto, das BMW fast in den Ruin trieb - All cars news\",\"isPartOf\":{\"@id\":\"https:\/\/all-car-news.com\/de\/#website\"},\"datePublished\":\"2022-12-23T14:47:51+00:00\",\"dateModified\":\"2022-12-23T14:47:51+00:00\",\"breadcrumb\":{\"@id\":\"https:\/\/all-car-news.com\/de\/bmw-507-das-auto-das-bmw-fast-in-den-ruin-trieb\/#breadcrumb\"},\"inLanguage\":\"de\",\"potentialAction\":[{\"@type\":\"ReadAction\",\"target\":[\"https:\/\/all-car-news.com\/de\/bmw-507-das-auto-das-bmw-fast-in-den-ruin-trieb\/\"]}]},{\"@type\":\"BreadcrumbList\",\"@id\":\"https:\/\/all-car-news.com\/de\/bmw-507-das-auto-das-bmw-fast-in-den-ruin-trieb\/#breadcrumb\",\"itemListElement\":[{\"@type\":\"ListItem\",\"position\":1,\"name\":\"Home\",\"item\":\"https:\/\/all-car-news.com\/de\/\"},{\"@type\":\"ListItem\",\"position\":2,\"name\":\"BMW 507: das Auto, das BMW fast in den Ruin trieb\"}]},{\"@type\":\"WebSite\",\"@id\":\"https:\/\/all-car-news.com\/de\/#website\",\"url\":\"https:\/\/all-car-news.com\/de\/\",\"name\":\"All cars news\",\"description\":\"\",\"publisher\":{\"@id\":\"https:\/\/all-car-news.com\/de\/#organization\"},\"potentialAction\":[{\"@type\":\"SearchAction\",\"target\":{\"@type\":\"EntryPoint\",\"urlTemplate\":\"https:\/\/all-car-news.com\/de\/?s={search_term_string}\"},\"query-input\":\"required name=search_term_string\"}],\"inLanguage\":\"de\"},{\"@type\":\"Organization\",\"@id\":\"https:\/\/all-car-news.com\/de\/#organization\",\"name\":\"All cars news\",\"url\":\"https:\/\/all-car-news.com\/de\/\",\"logo\":{\"@type\":\"ImageObject\",\"inLanguage\":\"de\",\"@id\":\"https:\/\/all-car-news.com\/de\/#\/schema\/logo\/image\/\",\"url\":\"https:\/\/all-car-news.com\/wp-content\/uploads\/2022\/02\/CMYK-AllCarNews_LANDSCAPE_300px-1.png\",\"contentUrl\":\"https:\/\/all-car-news.com\/wp-content\/uploads\/2022\/02\/CMYK-AllCarNews_LANDSCAPE_300px-1.png\",\"width\":300,\"height\":100,\"caption\":\"All cars news\"},\"image\":{\"@id\":\"https:\/\/all-car-news.com\/de\/#\/schema\/logo\/image\/\"}}]}<\/script>\n<!-- \/ Yoast SEO plugin. -->","yoast_head_json":{"title":"BMW 507: das Auto, das BMW fast in den Ruin trieb - All cars news","robots":{"index":"index","follow":"follow","max-snippet":"max-snippet:-1","max-image-preview":"max-image-preview:large","max-video-preview":"max-video-preview:-1"},"canonical":"https:\/\/all-car-news.com\/de\/bmw-507-das-auto-das-bmw-fast-in-den-ruin-trieb\/","og_locale":"de_DE","og_type":"article","og_title":"BMW 507: das Auto, das BMW fast in den Ruin trieb - All cars news","og_description":"BMW 507 Sch\u00f6nes Ding, was? Zum Leidwesen von BMW wollte ihn niemand haben. Insgesamt verkaufte BMW nur 254 Exemplare des 507. Erheblich weniger. Dies h\u00e4tte beinahe zum Konkurs von BMW gef\u00fchrt. Der Mann hinter dieser Idee war Max Hoffman. Er war ein US-Autoimporteur. Hoffman war der Meinung, dass der 507 die L\u00fccke zwischen [...]","og_url":"https:\/\/all-car-news.com\/de\/bmw-507-das-auto-das-bmw-fast-in-den-ruin-trieb\/","og_site_name":"All cars news","article_published_time":"2022-12-23T14:47:51+00:00","og_image":[{"url":"https:\/\/autorai.nl\/wp-content\/uploads\/2022\/12\/bmw_507_72-1140x759.jpg"}],"twitter_card":"summary_large_image","twitter_misc":{"Gesch\u00e4tzte Lesezeit":"2\u00a0Minuten"},"schema":{"@context":"https:\/\/schema.org","@graph":[{"@type":"Article","@id":"https:\/\/all-car-news.com\/de\/bmw-507-das-auto-das-bmw-fast-in-den-ruin-trieb\/#article","isPartOf":{"@id":"https:\/\/all-car-news.com\/de\/bmw-507-das-auto-das-bmw-fast-in-den-ruin-trieb\/"},"author":{"name":"","@id":""},"headline":"BMW 507: das Auto, das BMW fast in den Ruin trieb","datePublished":"2022-12-23T14:47:51+00:00","dateModified":"2022-12-23T14:47:51+00:00","mainEntityOfPage":{"@id":"https:\/\/all-car-news.com\/de\/bmw-507-das-auto-das-bmw-fast-in-den-ruin-trieb\/"},"wordCount":487,"commentCount":0,"publisher":{"@id":"https:\/\/all-car-news.com\/de\/#organization"},"articleSection":["Hintergrund"],"inLanguage":"de","potentialAction":[{"@type":"CommentAction","name":"Comment","target":["https:\/\/all-car-news.com\/de\/bmw-507-das-auto-das-bmw-fast-in-den-ruin-trieb\/#respond"]}]},{"@type":"WebPage","@id":"https:\/\/all-car-news.com\/de\/bmw-507-das-auto-das-bmw-fast-in-den-ruin-trieb\/","url":"https:\/\/all-car-news.com\/de\/bmw-507-das-auto-das-bmw-fast-in-den-ruin-trieb\/","name":"BMW 507: das Auto, das BMW fast in den Ruin trieb - All cars news","isPartOf":{"@id":"https:\/\/all-car-news.com\/de\/#website"},"datePublished":"2022-12-23T14:47:51+00:00","dateModified":"2022-12-23T14:47:51+00:00","breadcrumb":{"@id":"https:\/\/all-car-news.com\/de\/bmw-507-das-auto-das-bmw-fast-in-den-ruin-trieb\/#breadcrumb"},"inLanguage":"de","potentialAction":[{"@type":"ReadAction","target":["https:\/\/all-car-news.com\/de\/bmw-507-das-auto-das-bmw-fast-in-den-ruin-trieb\/"]}]},{"@type":"BreadcrumbList","@id":"https:\/\/all-car-news.com\/de\/bmw-507-das-auto-das-bmw-fast-in-den-ruin-trieb\/#breadcrumb","itemListElement":[{"@type":"ListItem","position":1,"name":"Home","item":"https:\/\/all-car-news.com\/de\/"},{"@type":"ListItem","position":2,"name":"BMW 507: das Auto, das BMW fast in den Ruin trieb"}]},{"@type":"WebSite","@id":"https:\/\/all-car-news.com\/de\/#website","url":"https:\/\/all-car-news.com\/de\/","name":"All cars news","description":"","publisher":{"@id":"https:\/\/all-car-news.com\/de\/#organization"},"potentialAction":[{"@type":"SearchAction","target":{"@type":"EntryPoint","urlTemplate":"https:\/\/all-car-news.com\/de\/?s={search_term_string}"},"query-input":"required name=search_term_string"}],"inLanguage":"de"},{"@type":"Organization","@id":"https:\/\/all-car-news.com\/de\/#organization","name":"All cars news","url":"https:\/\/all-car-news.com\/de\/","logo":{"@type":"ImageObject","inLanguage":"de","@id":"https:\/\/all-car-news.com\/de\/#\/schema\/logo\/image\/","url":"https:\/\/all-car-news.com\/wp-content\/uploads\/2022\/02\/CMYK-AllCarNews_LANDSCAPE_300px-1.png","contentUrl":"https:\/\/all-car-news.com\/wp-content\/uploads\/2022\/02\/CMYK-AllCarNews_LANDSCAPE_300px-1.png","width":300,"height":100,"caption":"All cars news"},"image":{"@id":"https:\/\/all-car-news.com\/de\/#\/schema\/logo\/image\/"}}]}},"_links":{"self":[{"href":"https:\/\/all-car-news.com\/de\/wp-json\/wp\/v2\/posts\/129258","targetHints":{"allow":["GET"]}}],"collection":[{"href":"https:\/\/all-car-news.com\/de\/wp-json\/wp\/v2\/posts"}],"about":[{"href":"https:\/\/all-car-news.com\/de\/wp-json\/wp\/v2\/types\/post"}],"replies":[{"embeddable":true,"href":"https:\/\/all-car-news.com\/de\/wp-json\/wp\/v2\/comments?post=129258"}],"version-history":[{"count":0,"href":"https:\/\/all-car-news.com\/de\/wp-json\/wp\/v2\/posts\/129258\/revisions"}],"wp:featuredmedia":[{"embeddable":true,"href":"https:\/\/all-car-news.com\/de\/wp-json\/wp\/v2\/media\/129230"}],"wp:attachment":[{"href":"https:\/\/all-car-news.com\/de\/wp-json\/wp\/v2\/media?parent=129258"}],"wp:term":[{"taxonomy":"category","embeddable":true,"href":"https:\/\/all-car-news.com\/de\/wp-json\/wp\/v2\/categories?post=129258"},{"taxonomy":"post_tag","embeddable":true,"href":"https:\/\/all-car-news.com\/de\/wp-json\/wp\/v2\/tags?post=129258"}],"curies":[{"name":"wp","href":"https:\/\/api.w.org\/{rel}","templated":true}]}}